{"id":83012,"date":"2026-03-06T10:51:21","date_gmt":"2026-03-06T13:51:21","guid":{"rendered":"https:\/\/noticiasribeiraopreto.com.br\/index.php\/2026\/03\/06\/grupo-de-adolescentes-e-apreendido-por-suspeita-de-serie-de-furtos-em-lojas-de-ribeirao-preto\/"},"modified":"2026-03-06T10:51:21","modified_gmt":"2026-03-06T13:51:21","slug":"grupo-de-adolescentes-e-apreendido-por-suspeita-de-serie-de-furtos-em-lojas-de-ribeirao-preto","status":"publish","type":"post","link":"https:\/\/noticiasribeiraopreto.com.br\/index.php\/2026\/03\/06\/grupo-de-adolescentes-e-apreendido-por-suspeita-de-serie-de-furtos-em-lojas-de-ribeirao-preto\/","title":{"rendered":"Grupo de adolescentes \u00e9 apreendido por suspeita de s\u00e9rie de furtos em lojas de Ribeir\u00e3o Preto"},"content":{"rendered":"<div class='code-block code-block-1' style='margin: 8px 0 8px auto; text-align: right; display: block; clear: both;'>\n<p><a href=\"https:\/\/wa.link\/vpicfd\"><img data-recalc-dims=\"1\" class=\"wp-image-4922\" style=\"aspect-ratio: 2.0253164556962027; width: 561px; height: auto;\" src=\"https:\/\/i0.wp.com\/ismaelcolosi.com.br\/wp-content\/uploads\/2023\/11\/grupo-de-empregos-whatsapp-e-facebook-ismael-colosi-vagas.jpg?ssl=1\" alt=\"\" \/><\/a><\/p>\n<!-- \/wp:image -->\n<\/div>\n<p> <br \/>\n<\/p>\n<div data-td-block-uid=\"tdi_95\">\n<div class=\"tdb-block-inner td-fix-index\">\n<p>A <strong>Guarda Civil Metropolitana (GCM) de Ribeir\u00e3o Preto<\/strong> apreendeu nesta quinta-feira (5), <strong>cinco adolescentes<\/strong>, com idades entre 12 e 15 anos, suspeitos de participar de uma <strong>s\u00e9rie de furtos<\/strong> em lojas do Centro e tamb\u00e9m em um shopping da cidade.<\/p>\n<p>De acordo com a <strong>GCM<\/strong>, uma equipe fazia patrulhamento pela regi\u00e3o central quando foi <strong>acionada por uma vendedora<\/strong> que relatou que v\u00e1rios adolescentes estavam entrando em estabelecimentos e furtando produtos.<\/p>\n<p>Com apoio da <strong>Pol\u00edcia Militar<\/strong>, os agentes realizaram buscas e conseguiram abordar os suspeitos. U<mark style=\"background-color:#fcb900\" class=\"has-inline-color\">m deles foi localizado na Vila Tib\u00e9rio e os outros quatro na Pra\u00e7a das Bandeiras.<\/mark><\/p>\n<p>Ainda de acordo com a GCM, <strong>com o grupo foram localizados diversos itens, como roupas, bon\u00e9s, moletons, brinquedos e outros produtos ainda com etiquetas.<\/strong><\/p>\n<p>Os objetos foram recuperados e levados para a <strong>CPJ<\/strong> (Central de Pol\u00edcia Judici\u00e1ria), onde a ocorr\u00eancia foi apresentada no final da tarde de hoje. Vale mencionar que menores de idade n\u00e3o s\u00e3o responsabilizados pelo crime, mas segundo a lei, por ato infracional. Os pais foram acionados e compareceram \u00e0 delegacia.<\/p>\n<p><em>*Com informa\u00e7\u00f5es da EPTV<\/em><\/p>\n<hr class=\"wp-block-separator has-alpha-channel-opacity\"\/>\n<p>SAIBA MAIS<\/p>\n<p>Entidades de Ribeir\u00e3o se manifestam sobre escala 6\u00d71 em micros e pequenas empresas<\/p>\n<h2 class=\"wp-block-heading\"><strong>FIQUE ON<\/strong><\/h2>\n<p>Fique ligado em tudo que acontece em Ribeir\u00e3o Preto e regi\u00e3o. Siga os perfis do<strong>\u00a0acidade on\u00a0<\/strong>no\u00a0<a href=\"https:\/\/www.instagram.com\/acidadeonribeirao\" target=\"_blank\" rel=\"noreferrer noopener\">Instagram<\/a>\u00a0e no<a href=\"https:\/\/www.facebook.com\/acidadeonribeirao\/\" target=\"_blank\" rel=\"noreferrer noopener\">\u00a0Facebook<\/a>.<\/p>\n<p>Receba not\u00edcias do\u00a0<strong>acidade on<\/strong>\u00a0no WhatsApp. Para entrar no grupo,\u00a0basta\u00a0<a href=\"https:\/\/chat.whatsapp.com\/GFH9HUMUTHNFJdnyEd0xxq\" target=\"_blank\" rel=\"noreferrer noopener\">clicar aqui<\/a>. Ou, acesse o nosso\u00a0Canal\u00a0<a href=\"https:\/\/whatsapp.com\/channel\/0029Vb6IQl1JENyAeS57fk2p\" target=\"_blank\" rel=\"noreferrer noopener\">clicando aqui<\/a>.<\/p>\n<p>Fa\u00e7a uma den\u00fancia ou sugira uma reportagem sobre Ribeir\u00e3o Preto e regi\u00e3o pelo WhatsApp: 16 99117 7802.<\/p>\n<p>VEJA TAMB\u00c9M<br \/>Espaguete \u00e0 carbonara: 3 receitas pr\u00e1ticas para inovar no jantar<\/p>\n<p><!-- AI CONTENT END 1 -->\n<\/div>\n<\/div>\n<p><script async src=\"\/\/www.instagram.com\/embed.js\"><\/script><br \/>\n<br \/><br \/>\n<br \/><a href=\"https:\/\/www.acidadeon.com\/ribeiraopreto\/cotidiano\/grupo-de-adolescentes-e-apreendido-por-suspeita-de-serie-de-furtos-em-lojas-de-ribeirao-preto\/\">Source link <\/a><\/p>\n<!-- CONTENT END 1 -->\n","protected":false},"excerpt":{"rendered":"<p>A Guarda Civil Metropolitana (GCM) de Ribeir\u00e3o Preto apreendeu nesta quinta-feira (5), cinco adolescentes, com idades entre 12 e 15 anos, suspeitos de participar de&#8230;<\/p>\n","protected":false},"author":1,"featured_media":83013,"comment_status":"open","ping_status":"open","sticky":false,"template":"","format":"standard","meta":{"advanced_seo_description":"","jetpack_seo_html_title":"","jetpack_seo_noindex":false,"jetpack_post_was_ever_published":false,"_jetpack_newsletter_access":"","_jetpack_dont_email_post_to_subs":false,"_jetpack_newsletter_tier_id":0,"_jetpack_memberships_contains_paywalled_content":false,"_jetpack_memberships_contains_paid_content":false,"footnotes":"","jetpack_publicize_message":"","jetpack_publicize_feature_enabled":true,"jetpack_social_post_already_shared":true,"jetpack_social_options":{"image_generator_settings":{"template":"highway","default_image_id":0,"font":"","enabled":false},"version":2}},"categories":[11],"tags":[],"class_list":["post-83012","post","type-post","status-publish","format-standard","has-post-thumbnail","hentry","category-noticias-de-ribeirao-preto-sp-e-regiao-ismael-colosi"],"jetpack_publicize_connections":[],"jetpack_featured_media_url":"https:\/\/i0.wp.com\/noticiasribeiraopreto.com.br\/wp-content\/uploads\/2026\/03\/domingo-14_2026-03-05_23-14-11.webp.webp?fit=1200%2C675&ssl=1","jetpack-related-posts":[{"id":84127,"url":"https:\/\/noticiasribeiraopreto.com.br\/index.php\/2026\/04\/02\/trio-e-detido-por-furto-de-agua-em-ribeirao-preto\/","url_meta":{"origin":83012,"position":0},"title":"Trio \u00e9 detido por furto de \u00e1gua em Ribeir\u00e3o Preto","author":"noticiasribeiraopreto.com.br","date":"2 de April de 2026","format":false,"excerpt":"Ler o resumo da not\u00edcia GCM deteve tr\u00eas pessoas suspeitas de furto de \u00e1gua em Ribeir\u00e3o Preto. Os suspeitos foram presos em flagrante durante opera\u00e7\u00e3o da Guarda Civil Municipal. O furto de \u00e1gua \u00e9 crime previsto no C\u00f3digo Penal brasileiro. As investiga\u00e7\u00f5es continuam para identificar outros poss\u00edveis envolvimento no esquema.\u2026","rel":"","context":"In &quot;Not\u00edcias de Ribeir\u00e3o Preto-SP e Regi\u00e3o&quot;","block_context":{"text":"Not\u00edcias de Ribeir\u00e3o Preto-SP e Regi\u00e3o","link":"https:\/\/noticiasribeiraopreto.com.br\/index.php\/category\/noticias-de-ribeirao-preto-sp-e-regiao-ismael-colosi\/"},"img":{"alt_text":"","src":"https:\/\/i0.wp.com\/noticiasribeiraopreto.com.br\/wp-content\/uploads\/2026\/04\/WhatsApp-Image-2026-04-02-at-08.54.20_2026-04-02_13-27-30.webp.webp?fit=1200%2C900&ssl=1&resize=350%2C200","width":350,"height":200,"srcset":"https:\/\/i0.wp.com\/noticiasribeiraopreto.com.br\/wp-content\/uploads\/2026\/04\/WhatsApp-Image-2026-04-02-at-08.54.20_2026-04-02_13-27-30.webp.webp?fit=1200%2C900&ssl=1&resize=350%2C200 1x, https:\/\/i0.wp.com\/noticiasribeiraopreto.com.br\/wp-content\/uploads\/2026\/04\/WhatsApp-Image-2026-04-02-at-08.54.20_2026-04-02_13-27-30.webp.webp?fit=1200%2C900&ssl=1&resize=525%2C300 1.5x, https:\/\/i0.wp.com\/noticiasribeiraopreto.com.br\/wp-content\/uploads\/2026\/04\/WhatsApp-Image-2026-04-02-at-08.54.20_2026-04-02_13-27-30.webp.webp?fit=1200%2C900&ssl=1&resize=700%2C400 2x, https:\/\/i0.wp.com\/noticiasribeiraopreto.com.br\/wp-content\/uploads\/2026\/04\/WhatsApp-Image-2026-04-02-at-08.54.20_2026-04-02_13-27-30.webp.webp?fit=1200%2C900&ssl=1&resize=1050%2C600 3x"},"classes":[]},{"id":84314,"url":"https:\/\/noticiasribeiraopreto.com.br\/index.php\/2026\/04\/07\/policia-investiga-suspeito-de-participacao-em-furto-a-loja-na-zona-sul-de-ribeirao-preto\/","url_meta":{"origin":83012,"position":1},"title":"Pol\u00edcia investiga suspeito de participa\u00e7\u00e3o em furto a loja na zona Sul de Ribeir\u00e3o Preto","author":"noticiasribeiraopreto.com.br","date":"7 de April de 2026","format":false,"excerpt":"Ler o resumo da not\u00edcia Pol\u00edcia investiga suspeito de participa\u00e7\u00e3o em furto a loja na zona Sul de Ribeir\u00e3o Preto A Pol\u00edcia Civil investiga um suspeito de participa\u00e7\u00e3o em um furto a uma loja de artigos esportivos ocorrido na madrugada do \u00faltimo s\u00e1bado (4), na City Ribeir\u00e3o, zona Sul de\u2026","rel":"","context":"In &quot;Not\u00edcias de Ribeir\u00e3o Preto-SP e Regi\u00e3o&quot;","block_context":{"text":"Not\u00edcias de Ribeir\u00e3o Preto-SP e Regi\u00e3o","link":"https:\/\/noticiasribeiraopreto.com.br\/index.php\/category\/noticias-de-ribeirao-preto-sp-e-regiao-ismael-colosi\/"},"img":{"alt_text":"","src":"https:\/\/i0.wp.com\/noticiasribeiraopreto.com.br\/wp-content\/uploads\/2026\/04\/furto-city_2026-04-04_15-00-14.webp.webp?fit=1200%2C631&ssl=1&resize=350%2C200","width":350,"height":200,"srcset":"https:\/\/i0.wp.com\/noticiasribeiraopreto.com.br\/wp-content\/uploads\/2026\/04\/furto-city_2026-04-04_15-00-14.webp.webp?fit=1200%2C631&ssl=1&resize=350%2C200 1x, https:\/\/i0.wp.com\/noticiasribeiraopreto.com.br\/wp-content\/uploads\/2026\/04\/furto-city_2026-04-04_15-00-14.webp.webp?fit=1200%2C631&ssl=1&resize=525%2C300 1.5x, https:\/\/i0.wp.com\/noticiasribeiraopreto.com.br\/wp-content\/uploads\/2026\/04\/furto-city_2026-04-04_15-00-14.webp.webp?fit=1200%2C631&ssl=1&resize=700%2C400 2x, https:\/\/i0.wp.com\/noticiasribeiraopreto.com.br\/wp-content\/uploads\/2026\/04\/furto-city_2026-04-04_15-00-14.webp.webp?fit=1200%2C631&ssl=1&resize=1050%2C600 3x"},"classes":[]},{"id":59971,"url":"https:\/\/noticiasribeiraopreto.com.br\/index.php\/2024\/11\/03\/homem-e-preso-apos-furto-em-unidade-de-saude-de-ribeirao-preto\/","url_meta":{"origin":83012,"position":2},"title":"Homem \u00e9 preso ap\u00f3s furto em unidade de sa\u00fade de Ribeir\u00e3o Preto","author":"noticiasribeiraopreto.com.br","date":"3 de November de 2024","format":false,"excerpt":"Um homem foi preso por agentes da GCM (Guarda Civil Municipal) durante um furto na UBS (Unidade B\u00e1sica de Sa\u00fade) do Jardim Jo\u00e3o Rossi, na zona Sul de Ribeir\u00e3o Preto. O caso aconteceu no \u00faltimo s\u00e1bado (2). De acordo com a GCM, o criminoso havia arrombado uma das portas que\u2026","rel":"","context":"In &quot;Not\u00edcias de Ribeir\u00e3o Preto-SP e Regi\u00e3o&quot;","block_context":{"text":"Not\u00edcias de Ribeir\u00e3o Preto-SP e Regi\u00e3o","link":"https:\/\/noticiasribeiraopreto.com.br\/index.php\/category\/noticias-de-ribeirao-preto-sp-e-regiao-ismael-colosi\/"},"img":{"alt_text":"","src":"https:\/\/i0.wp.com\/noticiasribeiraopreto.com.br\/wp-content\/uploads\/2024\/11\/ubs-joao-rossi_2024-11-03_14-19-40_jpeg_2024-11-03_14-19-42-scaled.webp.webp?fit=1200%2C900&ssl=1&resize=350%2C200","width":350,"height":200,"srcset":"https:\/\/i0.wp.com\/noticiasribeiraopreto.com.br\/wp-content\/uploads\/2024\/11\/ubs-joao-rossi_2024-11-03_14-19-40_jpeg_2024-11-03_14-19-42-scaled.webp.webp?fit=1200%2C900&ssl=1&resize=350%2C200 1x, https:\/\/i0.wp.com\/noticiasribeiraopreto.com.br\/wp-content\/uploads\/2024\/11\/ubs-joao-rossi_2024-11-03_14-19-40_jpeg_2024-11-03_14-19-42-scaled.webp.webp?fit=1200%2C900&ssl=1&resize=525%2C300 1.5x, https:\/\/i0.wp.com\/noticiasribeiraopreto.com.br\/wp-content\/uploads\/2024\/11\/ubs-joao-rossi_2024-11-03_14-19-40_jpeg_2024-11-03_14-19-42-scaled.webp.webp?fit=1200%2C900&ssl=1&resize=700%2C400 2x, https:\/\/i0.wp.com\/noticiasribeiraopreto.com.br\/wp-content\/uploads\/2024\/11\/ubs-joao-rossi_2024-11-03_14-19-40_jpeg_2024-11-03_14-19-42-scaled.webp.webp?fit=1200%2C900&ssl=1&resize=1050%2C600 3x"},"classes":[]},{"id":80540,"url":"https:\/\/noticiasribeiraopreto.com.br\/index.php\/2025\/12\/05\/mulher-e-detida-usando-crianca-e-bebe-em-furto-no-calcadao\/","url_meta":{"origin":83012,"position":3},"title":"Mulher \u00e9 detida usando crian\u00e7a e beb\u00ea em furto no cal\u00e7ad\u00e3o","author":"noticiasribeiraopreto.com.br","date":"5 de December de 2025","format":false,"excerpt":"\r Ela havia furtado dois vestidos, uma bermuda e uma blusa, usando a crian\u00e7a mais velha para esconder as roupas no carrinho do beb\u00ea\r \r 5 de dezembro de 2025 10:07 \r Compartilhar1 Por: Adalberto Luque Uma mulher foi presa, no in\u00edcio da noite desta quinta-feira (4), por furto. Ela\u2026","rel":"","context":"In &quot;Not\u00edcias de Ribeir\u00e3o Preto-SP e Regi\u00e3o&quot;","block_context":{"text":"Not\u00edcias de Ribeir\u00e3o Preto-SP e Regi\u00e3o","link":"https:\/\/noticiasribeiraopreto.com.br\/index.php\/category\/noticias-de-ribeirao-preto-sp-e-regiao-ismael-colosi\/"},"img":{"alt_text":"","src":"https:\/\/i0.wp.com\/noticiasribeiraopreto.com.br\/wp-content\/uploads\/2025\/12\/05-dez-2025-furtocalcadao1-scaled.jpg?fit=1200%2C503&ssl=1&resize=350%2C200","width":350,"height":200,"srcset":"https:\/\/i0.wp.com\/noticiasribeiraopreto.com.br\/wp-content\/uploads\/2025\/12\/05-dez-2025-furtocalcadao1-scaled.jpg?fit=1200%2C503&ssl=1&resize=350%2C200 1x, https:\/\/i0.wp.com\/noticiasribeiraopreto.com.br\/wp-content\/uploads\/2025\/12\/05-dez-2025-furtocalcadao1-scaled.jpg?fit=1200%2C503&ssl=1&resize=525%2C300 1.5x, https:\/\/i0.wp.com\/noticiasribeiraopreto.com.br\/wp-content\/uploads\/2025\/12\/05-dez-2025-furtocalcadao1-scaled.jpg?fit=1200%2C503&ssl=1&resize=700%2C400 2x, https:\/\/i0.wp.com\/noticiasribeiraopreto.com.br\/wp-content\/uploads\/2025\/12\/05-dez-2025-furtocalcadao1-scaled.jpg?fit=1200%2C503&ssl=1&resize=1050%2C600 3x"},"classes":[]},{"id":37339,"url":"https:\/\/noticiasribeiraopreto.com.br\/index.php\/2024\/02\/15\/sem-combustivel-adolescente-e-detido-apos-furto-de-moto-em-ribeirao-preto\/","url_meta":{"origin":83012,"position":4},"title":"Sem combust\u00edvel: Adolescente \u00e9 detido ap\u00f3s furto de moto em Ribeir\u00e3o Preto","author":"noticiasribeiraopreto.com.br","date":"15 de February de 2024","format":false,"excerpt":"Um adolescente de 14 anos foi apreendido pela Pol\u00edcia Militar ap\u00f3s ter sido flagrado empurrando uma moto que ele tinha furtado em Ribeir\u00e3o Preto. O crime aconteceu na noite da \u00faltima quarta-feira (14), por volta das 22h. De acordo com o B.O. (boletim de ocorr\u00eancia), os agentes realizam patrulhamento na\u2026","rel":"","context":"In &quot;Not\u00edcias de Ribeir\u00e3o Preto-SP e Regi\u00e3o&quot;","block_context":{"text":"Not\u00edcias de Ribeir\u00e3o Preto-SP e Regi\u00e3o","link":"https:\/\/noticiasribeiraopreto.com.br\/index.php\/category\/noticias-de-ribeirao-preto-sp-e-regiao-ismael-colosi\/"},"img":{"alt_text":"","src":"https:\/\/i0.wp.com\/noticiasribeiraopreto.com.br\/wp-content\/uploads\/2024\/02\/WhatsApp-Image-2023-12-09-at-13.55.44.jpeg?fit=1024%2C576&ssl=1&resize=350%2C200","width":350,"height":200,"srcset":"https:\/\/i0.wp.com\/noticiasribeiraopreto.com.br\/wp-content\/uploads\/2024\/02\/WhatsApp-Image-2023-12-09-at-13.55.44.jpeg?fit=1024%2C576&ssl=1&resize=350%2C200 1x, https:\/\/i0.wp.com\/noticiasribeiraopreto.com.br\/wp-content\/uploads\/2024\/02\/WhatsApp-Image-2023-12-09-at-13.55.44.jpeg?fit=1024%2C576&ssl=1&resize=525%2C300 1.5x, https:\/\/i0.wp.com\/noticiasribeiraopreto.com.br\/wp-content\/uploads\/2024\/02\/WhatsApp-Image-2023-12-09-at-13.55.44.jpeg?fit=1024%2C576&ssl=1&resize=700%2C400 2x"},"classes":[]},{"id":54234,"url":"https:\/\/noticiasribeiraopreto.com.br\/index.php\/2024\/07\/05\/tres-suspeitos-sao-presos-por-furto-e-receptacao-de-caminhoes-em-ribeirao-preto\/","url_meta":{"origin":83012,"position":5},"title":"Tr\u00eas suspeitos s\u00e3o presos por furto e recepta\u00e7\u00e3o de caminh\u00f5es em Ribeir\u00e3o Preto","author":"noticiasribeiraopreto.com.br","date":"5 de July de 2024","format":false,"excerpt":"Um desmanche de caminh\u00f5es foi descoberto na tarde desta sexta-feira (5), no Parque Industrial, em Ribeir\u00e3o Preto, e tr\u00eas pessoas foram presas por suspeita de associa\u00e7\u00e3o criminosa. Os envolvidos estavam sendo investigados por furto e recepta\u00e7\u00e3o de caminh\u00f5es na regi\u00e3o. De acordo com o delegado Ricardo Turr\u00e1, a investiga\u00e7\u00e3o come\u00e7ou\u2026","rel":"","context":"In &quot;Not\u00edcias de Ribeir\u00e3o Preto-SP e Regi\u00e3o&quot;","block_context":{"text":"Not\u00edcias de Ribeir\u00e3o Preto-SP e Regi\u00e3o","link":"https:\/\/noticiasribeiraopreto.com.br\/index.php\/category\/noticias-de-ribeirao-preto-sp-e-regiao-ismael-colosi\/"},"img":{"alt_text":"","src":"https:\/\/i0.wp.com\/noticiasribeiraopreto.com.br\/wp-content\/uploads\/2024\/07\/Copia-de-Copia-de-TAMANHO-EXATO-PARA-FOTOS-NO-SISTEMA-NOVO-100_2024-07-05_22-36-31_png_2024-07-05_22-36-31.webp.webp?fit=1200%2C675&ssl=1&resize=350%2C200","width":350,"height":200,"srcset":"https:\/\/i0.wp.com\/noticiasribeiraopreto.com.br\/wp-content\/uploads\/2024\/07\/Copia-de-Copia-de-TAMANHO-EXATO-PARA-FOTOS-NO-SISTEMA-NOVO-100_2024-07-05_22-36-31_png_2024-07-05_22-36-31.webp.webp?fit=1200%2C675&ssl=1&resize=350%2C200 1x, https:\/\/i0.wp.com\/noticiasribeiraopreto.com.br\/wp-content\/uploads\/2024\/07\/Copia-de-Copia-de-TAMANHO-EXATO-PARA-FOTOS-NO-SISTEMA-NOVO-100_2024-07-05_22-36-31_png_2024-07-05_22-36-31.webp.webp?fit=1200%2C675&ssl=1&resize=525%2C300 1.5x, https:\/\/i0.wp.com\/noticiasribeiraopreto.com.br\/wp-content\/uploads\/2024\/07\/Copia-de-Copia-de-TAMANHO-EXATO-PARA-FOTOS-NO-SISTEMA-NOVO-100_2024-07-05_22-36-31_png_2024-07-05_22-36-31.webp.webp?fit=1200%2C675&ssl=1&resize=700%2C400 2x, https:\/\/i0.wp.com\/noticiasribeiraopreto.com.br\/wp-content\/uploads\/2024\/07\/Copia-de-Copia-de-TAMANHO-EXATO-PARA-FOTOS-NO-SISTEMA-NOVO-100_2024-07-05_22-36-31_png_2024-07-05_22-36-31.webp.webp?fit=1200%2C675&ssl=1&resize=1050%2C600 3x"},"classes":[]}],"jetpack_sharing_enabled":true,"jetpack_shortlink":"https:\/\/wp.me\/peQAOb-lAU","_links":{"self":[{"href":"https:\/\/noticiasribeiraopreto.com.br\/index.php\/wp-json\/wp\/v2\/posts\/83012","targetHints":{"allow":["GET"]}}],"collection":[{"href":"https:\/\/noticiasribeiraopreto.com.br\/index.php\/wp-json\/wp\/v2\/posts"}],"about":[{"href":"https:\/\/noticiasribeiraopreto.com.br\/index.php\/wp-json\/wp\/v2\/types\/post"}],"author":[{"embeddable":true,"href":"https:\/\/noticiasribeiraopreto.com.br\/index.php\/wp-json\/wp\/v2\/users\/1"}],"replies":[{"embeddable":true,"href":"https:\/\/noticiasribeiraopreto.com.br\/index.php\/wp-json\/wp\/v2\/comments?post=83012"}],"version-history":[{"count":0,"href":"https:\/\/noticiasribeiraopreto.com.br\/index.php\/wp-json\/wp\/v2\/posts\/83012\/revisions"}],"wp:featuredmedia":[{"embeddable":true,"href":"https:\/\/noticiasribeiraopreto.com.br\/index.php\/wp-json\/wp\/v2\/media\/83013"}],"wp:attachment":[{"href":"https:\/\/noticiasribeiraopreto.com.br\/index.php\/wp-json\/wp\/v2\/media?parent=83012"}],"wp:term":[{"taxonomy":"category","embeddable":true,"href":"https:\/\/noticiasribeiraopreto.com.br\/index.php\/wp-json\/wp\/v2\/categories?post=83012"},{"taxonomy":"post_tag","embeddable":true,"href":"https:\/\/noticiasribeiraopreto.com.br\/index.php\/wp-json\/wp\/v2\/tags?post=83012"}],"curies":[{"name":"wp","href":"https:\/\/api.w.org\/{rel}","templated":true}]}}