{"id":83015,"date":"2026-03-06T11:07:02","date_gmt":"2026-03-06T14:07:02","guid":{"rendered":"https:\/\/noticiasribeiraopreto.com.br\/index.php\/2026\/03\/06\/entidades-de-ribeirao-se-manifestam-sobre-escala-6x1-em-micros-e-pequenas-empresas\/"},"modified":"2026-03-06T11:07:02","modified_gmt":"2026-03-06T14:07:02","slug":"entidades-de-ribeirao-se-manifestam-sobre-escala-6x1-em-micros-e-pequenas-empresas","status":"publish","type":"post","link":"https:\/\/noticiasribeiraopreto.com.br\/index.php\/2026\/03\/06\/entidades-de-ribeirao-se-manifestam-sobre-escala-6x1-em-micros-e-pequenas-empresas\/","title":{"rendered":"Entidades de Ribeir\u00e3o se manifestam sobre escala 6&#215;1 em micros e pequenas empresas"},"content":{"rendered":"<div class='code-block code-block-1' style='margin: 8px 0 8px auto; text-align: right; display: block; clear: both;'>\n<p><a href=\"https:\/\/wa.link\/vpicfd\"><img data-recalc-dims=\"1\" class=\"wp-image-4922\" style=\"aspect-ratio: 2.0253164556962027; width: 561px; height: auto;\" src=\"https:\/\/i0.wp.com\/ismaelcolosi.com.br\/wp-content\/uploads\/2023\/11\/grupo-de-empregos-whatsapp-e-facebook-ismael-colosi-vagas.jpg?ssl=1\" alt=\"\" \/><\/a><\/p>\n<!-- \/wp:image -->\n<\/div>\n<p> <br \/>\n<\/p>\n<div>\n<p>A <strong>Associa\u00e7\u00e3o Comercial e Industrial de Ribeir\u00e3o Preto (Acirp)<\/strong> manifestou, nesta quinta-feira (5), preocupa\u00e7\u00e3o com os poss\u00edveis impactos da <strong>redu\u00e7\u00e3o da escala de trabalho 6\u00d71<\/strong> sobre <strong>micro e pequenas empresas<\/strong>.<\/p>\n<p>Segundo a <strong>Confedera\u00e7\u00e3o das Associa\u00e7\u00f5es Comerciais e Empresariais do Brasil (CACB)<\/strong>, a redu\u00e7\u00e3o da jornada de 44 para at\u00e9 36 horas sem corte salarial <strong>pode levar ao fechamento de pequenas empresas<\/strong>, \u201csegmento que representa 80% do empresariado nacional e tamb\u00e9m a maioria dos associados da Acirp\u201d.<\/p>\n<p>Conforme a nota emitida pela associa\u00e7\u00e3o, <mark style=\"background-color:#fcb900\" class=\"has-inline-color\">a mudan\u00e7a pode ainda aumentar as fal\u00eancias, os pre\u00e7os (com repasse direto ao consumidor), o crescimento da informalidade e o risco de demiss\u00f5es<\/mark>.<\/p>\n<figure class=\"wp-block-pullquote\">\n<blockquote>\n<p>A Acirp refor\u00e7a o entendimento de que qualquer altera\u00e7\u00e3o na legisla\u00e7\u00e3o trabalhista deve considerar a viabilidade econ\u00f4mica das empresas e ganhos reais de produtividade, sob risco de comprometer a sustentabilidade dos neg\u00f3cios e o n\u00edvel de emprego<\/p>\n<p><cite>afirma Sandra Brandani, presidente da Associa\u00e7\u00e3o.<\/cite><\/p><\/blockquote>\n<\/figure>\n<p>O posicionamento segue um <strong>manifesto nacional assinado por cerca de 100 entidades empresariais<\/strong> \u2013 <a href=\"https:\/\/www.acirp.com.br\/noticias\/noticia\/acirp-faz-alerta-sobre-impacto-da--6x1-em-micros-e-pequenas-empresas\" target=\"_blank\" data-type=\"link\" data-id=\"https:\/\/www.acirp.com.br\/noticias\/noticia\/acirp-faz-alerta-sobre-impacto-da--6x1-em-micros-e-pequenas-empresas\" rel=\"noreferrer noopener\">clique aqui e veja o manifesto nacional completo na \u00edntegra<\/a>.\u00a0<\/p>\n<p>O documento reconhece que o debate sobre a jornada de trabalho \u00e9 leg\u00edtimo e importante para a qualidade de vida dos trabalhadores. No entanto, as entidades defendem que eventuais mudan\u00e7as sejam feitas de forma gradual, respeitando as diferen\u00e7as entre setores e portes de empresas, al\u00e9m de priorizar negocia\u00e7\u00f5es coletivas.<\/p>\n<div class=\"wp-block-image\">\n<figure class=\"aligncenter size-full is-resized\"><img data-recalc-dims=\"1\" fetchpriority=\"high\" decoding=\"async\" width=\"696\" height=\"409\" src=\"https:\/\/i0.wp.com\/cdn.media-acidadeon.com.br\/ribeiraopreto\/wp-content\/uploads\/sites\/3\/2024\/03\/AnyConv.com__acirp.webp?resize=696%2C409&#038;ssl=1\" alt=\"Pal\u00e1cio da Ind\u00fastria e Com\u00e9rcio, sede da Acirp - Foto: divulga\u00e7\u00e3o\/Facesp.\" class=\"wp-image-72070\" style=\"width:654px\" title=\"Entidades de Ribeir\u00e3o se manifestam sobre escala 6x1 em micros e pequenas empresas 1\" srcset=\"https:\/\/cdn.media-acidadeon.com.br\/ribeiraopreto\/wp-content\/uploads\/sites\/3\/2024\/03\/AnyConv.com__acirp.webp 696w, https:\/\/cdn.media-acidadeon.com.br\/ribeiraopreto\/wp-content\/uploads\/sites\/3\/2024\/03\/AnyConv.com__acirp-300x176.webp 300w\" sizes=\"(max-width: 696px) 100vw, 696px\"\/><figcaption class=\"wp-element-caption\">Pal\u00e1cio da Ind\u00fastria e Com\u00e9rcio, sede da Acirp \u2013 Foto: divulga\u00e7\u00e3o\/Facesp.<\/figcaption><\/figure>\n<\/div>\n<h2 class=\"wp-block-heading\"><strong>Mudan\u00e7a precisa ter cautela, diz entidade<\/strong><\/h2>\n<p>O <strong>Sindicato do Com\u00e9rcio Varejista de Ribeir\u00e3o Preto e Regi\u00e3o (Sincovarp) <\/strong>informou que tem o mesmo posicionamento da <strong>Federa\u00e7\u00e3o do Com\u00e9rcio de Bens, Servi\u00e7os e Turismo do Estado de S\u00e3o Paulo (FecomercioSP)<\/strong> sobre a discuss\u00e3o da escala de trabalho 6\u00d71.<\/p>\n<p>A entidade afirma que o<strong> debate sobre a redu\u00e7\u00e3o da jornada \u00e9 importante para melhorar a qualidade de vida dos trabalhadores<\/strong>, mas defende que <strong>qualquer mudan\u00e7a seja feita com cautela e por meio de negocia\u00e7\u00e3o entre empresas e funcion\u00e1rios<\/strong>.<\/p>\n<figure class=\"wp-block-pullquote\">\n<blockquote>\n<p>Propostas que desconsiderem essas condi\u00e7\u00f5es reais da economia e do setor produtivo, assim como a relev\u00e2ncia das negocia\u00e7\u00f5es, podem gerar efeitos justamente opostos aos pretendidos: menos qualidade de vida aos trabalhadores e, em paralelo, impactos profundos no desempenho do Pa\u00eds<\/p>\n<p><cite>FecomercioSP<\/cite><\/p><\/blockquote>\n<\/figure>\n<h2 class=\"wp-block-heading\"><strong>Escala 6\u00d71<\/strong><\/h2>\n<p>O <strong>Congresso Nacional<\/strong> deve discutir neste ano a proposta que reduz a jornada de trabalho no Brasil. A ideia \u00e9 diminuir o limite semanal de 44 para 36 horas e aumentar o descanso m\u00ednimo de um para dois dias por semana, de prefer\u00eancia aos s\u00e1bados e domingos. <strong><mark style=\"background-color:#fcb900;color:#165d87\" class=\"has-inline-color\">A proposta j\u00e1 est\u00e1 pronta para ser votada no Senado.<\/mark><\/strong><\/p>\n<p>De acordo com a <strong><a href=\"https:\/\/www25.senado.leg.br\/web\/atividade\/materias\/-\/materia\/124067\" data-type=\"link\" data-id=\"https:\/\/www25.senado.leg.br\/web\/atividade\/materias\/-\/materia\/124067\" target=\"_blank\" rel=\"noopener\">PEC\u00a0148\/2015<\/a><\/strong>, o fim da chamada escala 6\u00d71 ocorrer\u00e1 de <strong>forma gradual<\/strong>. No ano de publica\u00e7\u00e3o do texto, as regras atuais se manter\u00e3o. J\u00e1 no ano seguinte, o n\u00famero de descansos semanais passar\u00e1 de um dia, como \u00e9 hoje, para dois dias na semana e a jornada come\u00e7ar\u00e1 a ser reduzida. Apenas seis anos depois os novos direitos estar\u00e3o plenamente institu\u00eddos.<\/p>\n<p>A <a href=\"https:\/\/www12.senado.leg.br\/noticias\/materias\/2025\/12\/10\/reducao-da-jornada-semanal-com-dois-dias-de-descanso-vai-a-plenario\" target=\"_blank\" data-type=\"link\" data-id=\"https:\/\/www12.senado.leg.br\/noticias\/materias\/2025\/12\/10\/reducao-da-jornada-semanal-com-dois-dias-de-descanso-vai-a-plenario\" rel=\"noreferrer noopener\">PEC <strong>foi aprovada em 10 de dezembro <\/strong>na Comiss\u00e3o de Constitui\u00e7\u00e3o e Justi\u00e7a (CCJ)<\/a>, com relat\u00f3rio do senador Rog\u00e9rio Carvalho (PT-SE). Antes de ser promulgado e passar a valer, o texto ainda precisa passar por duas vota\u00e7\u00f5es no Plen\u00e1rio do Senado e mais duas no da C\u00e2mara, com o voto favor\u00e1vel de pelo menos\u00a049 senadores e 308 deputados.<\/p>\n<p>Mas ainda n\u00e3o h\u00e1 defini\u00e7\u00e3o clara sobre a proposta que vai a vota\u00e7\u00e3o. Segundo o pr\u00f3prio relator, que \u00e9 l\u00edder do governo no Senado, o Pal\u00e1cio do Planalto deve enviar um novo projeto de lei em regime de urg\u00eancia constitucional para acelerar a tramita\u00e7\u00e3o \u2013 <a href=\"https:\/\/www12.senado.leg.br\/noticias\/materias\/2026\/02\/03\/fim-da-jornada-6x1-preve-reducao-gradual-do-horario-de-trabalho\" target=\"_blank\" data-type=\"link\" data-id=\"https:\/\/www12.senado.leg.br\/noticias\/materias\/2026\/02\/03\/fim-da-jornada-6x1-preve-reducao-gradual-do-horario-de-trabalho\" rel=\"noreferrer noopener\">clique aqui para saber mais<\/a>.<\/p>\n<p><em>*Com informa\u00e7\u00f5es da Ag\u00eancia Senado<\/em><\/p>\n<hr class=\"wp-block-separator has-alpha-channel-opacity\"\/>\n<p>SAIBA MAIS<\/p>\n<p>Atacante de Ribeir\u00e3o Preto \u00e9 o maior artilheiro sem p\u00eanaltis da Premier League em 2026<\/p>\n<h2 class=\"wp-block-heading\"><strong>FIQUE ON<\/strong><\/h2>\n<p>Fique ligado em tudo que acontece em Ribeir\u00e3o Preto e regi\u00e3o. Siga os perfis do<strong>\u00a0acidade on\u00a0<\/strong>no\u00a0<a href=\"https:\/\/www.instagram.com\/acidadeonribeirao\" target=\"_blank\" rel=\"noreferrer noopener\">Instagram<\/a>\u00a0e no<a href=\"https:\/\/www.facebook.com\/acidadeonribeirao\/\" target=\"_blank\" rel=\"noreferrer noopener\">\u00a0Facebook<\/a>.<\/p>\n<p>Receba not\u00edcias do\u00a0<strong>acidade on<\/strong>\u00a0no WhatsApp. Para entrar no grupo,\u00a0basta\u00a0<a href=\"https:\/\/chat.whatsapp.com\/GFH9HUMUTHNFJdnyEd0xxq\" target=\"_blank\" rel=\"noreferrer noopener\">clicar aqui<\/a>. Ou, acesse o nosso\u00a0Canal\u00a0<a href=\"https:\/\/whatsapp.com\/channel\/0029Vb6IQl1JENyAeS57fk2p\" target=\"_blank\" rel=\"noreferrer noopener\">clicando aqui<\/a>.<\/p>\n<p>Fa\u00e7a uma den\u00fancia ou sugira uma reportagem sobre Ribeir\u00e3o Preto e regi\u00e3o pelo WhatsApp: 16 99117 7802.<\/p>\n<p>VEJA TAMB\u00c9M<br \/>Espaguete \u00e0 carbonara: 3 receitas pr\u00e1ticas para inovar no jantar<\/p>\n<p><!-- AI CONTENT END 1 -->\n<\/div>\n<p><script async src=\"\/\/www.instagram.com\/embed.js\"><\/script><br \/>\n<br \/><br \/>\n<br \/><a href=\"https:\/\/www.acidadeon.com\/ribeiraopreto\/politica\/entidades-de-ribeirao-se-manifestam-sobre-escala-6x1-em-micros-e-pequenas-empresas\/\">Source link <\/a><\/p>\n<!-- CONTENT END 1 -->\n","protected":false},"excerpt":{"rendered":"<p>A Associa\u00e7\u00e3o Comercial e Industrial de Ribeir\u00e3o Preto (Acirp) manifestou, nesta quinta-feira (5), preocupa\u00e7\u00e3o com os poss\u00edveis impactos da redu\u00e7\u00e3o da escala de trabalho 6\u00d71&#8230;<\/p>\n","protected":false},"author":1,"featured_media":83016,"comment_status":"open","ping_status":"open","sticky":false,"template":"","format":"standard","meta":{"advanced_seo_description":"","jetpack_seo_html_title":"","jetpack_seo_noindex":false,"jetpack_post_was_ever_published":false,"_jetpack_newsletter_access":"","_jetpack_dont_email_post_to_subs":false,"_jetpack_newsletter_tier_id":0,"_jetpack_memberships_contains_paywalled_content":false,"_jetpack_memberships_contains_paid_content":false,"footnotes":"","jetpack_publicize_message":"","jetpack_publicize_feature_enabled":true,"jetpack_social_post_already_shared":true,"jetpack_social_options":{"image_generator_settings":{"template":"highway","default_image_id":0,"font":"","enabled":false},"version":2}},"categories":[11],"tags":[],"class_list":["post-83015","post","type-post","status-publish","format-standard","has-post-thumbnail","hentry","category-noticias-de-ribeirao-preto-sp-e-regiao-ismael-colosi"],"jetpack_publicize_connections":[],"jetpack_featured_media_url":"https:\/\/i0.wp.com\/noticiasribeiraopreto.com.br\/wp-content\/uploads\/2026\/03\/carteira_de_1024x576_22082020161918_2026-03-05_21-25-34.webp.webp?fit=1024%2C576&ssl=1","jetpack-related-posts":[{"id":9353,"url":"https:\/\/noticiasribeiraopreto.com.br\/index.php\/2023\/12\/01\/acirp-vai-lancar-polo-charcuteiro\/","url_meta":{"origin":83015,"position":0},"title":"Acirp vai lan\u00e7ar Polo Charcuteiro \u00a0","author":"noticiasribeiraopreto.com.br","date":"1 de December de 2023","format":false,"excerpt":"1 de dezembro de 2023 | 13:001 de dezembro de 2023 | 8:45 0A Associa\u00e7\u00e3o Comercial e Industrial de Ribeir\u00e3o Preto (Acirp) re\u00fane convidados e empres\u00e1rios do setor nesta sexta-feira, 1\u00ba de dezembro, 12) para o lan\u00e7amento oficial do Polo Charcuteiro do Programa Empreender. O evento ser\u00e1 \u00e0s 19 horas\u2026","rel":"","context":"In &quot;Not\u00edcias de Ribeir\u00e3o Preto-SP e Regi\u00e3o&quot;","block_context":{"text":"Not\u00edcias de Ribeir\u00e3o Preto-SP e Regi\u00e3o","link":"https:\/\/noticiasribeiraopreto.com.br\/index.php\/category\/noticias-de-ribeirao-preto-sp-e-regiao-ismael-colosi\/"},"img":{"alt_text":"","src":"https:\/\/i0.wp.com\/noticiasribeiraopreto.com.br\/wp-content\/uploads\/2023\/12\/charque-scaled.jpg?fit=1000%2C563&ssl=1&resize=350%2C200","width":350,"height":200,"srcset":"https:\/\/i0.wp.com\/noticiasribeiraopreto.com.br\/wp-content\/uploads\/2023\/12\/charque-scaled.jpg?fit=1000%2C563&ssl=1&resize=350%2C200 1x, https:\/\/i0.wp.com\/noticiasribeiraopreto.com.br\/wp-content\/uploads\/2023\/12\/charque-scaled.jpg?fit=1000%2C563&ssl=1&resize=525%2C300 1.5x, https:\/\/i0.wp.com\/noticiasribeiraopreto.com.br\/wp-content\/uploads\/2023\/12\/charque-scaled.jpg?fit=1000%2C563&ssl=1&resize=700%2C400 2x"},"classes":[]},{"id":74824,"url":"https:\/\/noticiasribeiraopreto.com.br\/index.php\/2025\/07\/29\/acirp-centraliza-atendimentos-presenciais-no-centro-de-ribeirao-preto\/","url_meta":{"origin":83015,"position":1},"title":"Acirp centraliza atendimentos presenciais no Centro de Ribeir\u00e3o Preto","author":"noticiasribeiraopreto.com.br","date":"29 de July de 2025","format":false,"excerpt":"A Acirp (Associa\u00e7\u00e3o Comercial e Industrial de Ribeir\u00e3o Preto) anunciou que vai centralizar o atendimento presencial das seis distritais na sede da entidade, na sede da associa\u00e7\u00e3o, que fica no Centro de Ribeir\u00e3o Preto. Os canais digitais de cada regional seguem ativos e com atendimento direcionado ao perfil geogr\u00e1fico dos\u2026","rel":"","context":"In &quot;Not\u00edcias de Ribeir\u00e3o Preto-SP e Regi\u00e3o&quot;","block_context":{"text":"Not\u00edcias de Ribeir\u00e3o Preto-SP e Regi\u00e3o","link":"https:\/\/noticiasribeiraopreto.com.br\/index.php\/category\/noticias-de-ribeirao-preto-sp-e-regiao-ismael-colosi\/"},"img":{"alt_text":"","src":"https:\/\/i0.wp.com\/noticiasribeiraopreto.com.br\/wp-content\/uploads\/2025\/07\/AnyConv.com__acirp.webp.webp?fit=696%2C409&ssl=1&resize=350%2C200","width":350,"height":200,"srcset":"https:\/\/i0.wp.com\/noticiasribeiraopreto.com.br\/wp-content\/uploads\/2025\/07\/AnyConv.com__acirp.webp.webp?fit=696%2C409&ssl=1&resize=350%2C200 1x, https:\/\/i0.wp.com\/noticiasribeiraopreto.com.br\/wp-content\/uploads\/2025\/07\/AnyConv.com__acirp.webp.webp?fit=696%2C409&ssl=1&resize=525%2C300 1.5x"},"classes":[]},{"id":77791,"url":"https:\/\/noticiasribeiraopreto.com.br\/index.php\/2025\/09\/25\/acirp-cobra-revisao-de-cobrancas-do-crea-sp-em-ribeirao-preto\/","url_meta":{"origin":83015,"position":2},"title":"Acirp cobra revis\u00e3o de cobran\u00e7as do Crea-SP em Ribeir\u00e3o Preto","author":"noticiasribeiraopreto.com.br","date":"25 de September de 2025","format":false,"excerpt":"A Acirp (Associa\u00e7\u00e3o Comercial e Industrial de Ribeir\u00e3o Preto), que representa empresas da regi\u00e3o, pediu ao Crea-SP (Conselho Regional de Engenharia e Agronomia de S\u00e3o Paulo) a revis\u00e3o imediata dos crit\u00e9rios de cobran\u00e7a aplicados a seus associados. De acordo com a entidade, empres\u00e1rios de Ribeir\u00e3o Preto e da regi\u00e3o est\u00e3o\u2026","rel":"","context":"In &quot;Not\u00edcias de Ribeir\u00e3o Preto-SP e Regi\u00e3o&quot;","block_context":{"text":"Not\u00edcias de Ribeir\u00e3o Preto-SP e Regi\u00e3o","link":"https:\/\/noticiasribeiraopreto.com.br\/index.php\/category\/noticias-de-ribeirao-preto-sp-e-regiao-ismael-colosi\/"},"img":{"alt_text":"","src":"https:\/\/i0.wp.com\/noticiasribeiraopreto.com.br\/wp-content\/uploads\/2025\/09\/1280-x-659-header-Foto-Acirp-1-1_2025-09-25_22-11-25.webp.webp?fit=1200%2C618&ssl=1&resize=350%2C200","width":350,"height":200,"srcset":"https:\/\/i0.wp.com\/noticiasribeiraopreto.com.br\/wp-content\/uploads\/2025\/09\/1280-x-659-header-Foto-Acirp-1-1_2025-09-25_22-11-25.webp.webp?fit=1200%2C618&ssl=1&resize=350%2C200 1x, https:\/\/i0.wp.com\/noticiasribeiraopreto.com.br\/wp-content\/uploads\/2025\/09\/1280-x-659-header-Foto-Acirp-1-1_2025-09-25_22-11-25.webp.webp?fit=1200%2C618&ssl=1&resize=525%2C300 1.5x, https:\/\/i0.wp.com\/noticiasribeiraopreto.com.br\/wp-content\/uploads\/2025\/09\/1280-x-659-header-Foto-Acirp-1-1_2025-09-25_22-11-25.webp.webp?fit=1200%2C618&ssl=1&resize=700%2C400 2x, https:\/\/i0.wp.com\/noticiasribeiraopreto.com.br\/wp-content\/uploads\/2025\/09\/1280-x-659-header-Foto-Acirp-1-1_2025-09-25_22-11-25.webp.webp?fit=1200%2C618&ssl=1&resize=1050%2C600 3x"},"classes":[]},{"id":84649,"url":"https:\/\/noticiasribeiraopreto.com.br\/index.php\/2026\/04\/13\/confessionario-pressao-sobre-a-acirp\/","url_meta":{"origin":83015,"position":3},"title":"Confession\u00e1rio &#8211; Press\u00e3o sobre a ACIRP","author":"noticiasribeiraopreto.com.br","date":"13 de April de 2026","format":false,"excerpt":"\r \r \r \r \r 13 de abril de 2026 18:45 \r Compartilhar0 \r A discuss\u00e3o sobre o poss\u00edvel fim da escala 6\u00d71 j\u00e1 come\u00e7a a movimentar os bastidores empresariais em Ribeir\u00e3o Preto. O ex-presidente da ACIRP, Dorival Balbino, demonstrou preocupa\u00e7\u00e3o com o impacto da medida nos custos do com\u00e9rcio,\u2026","rel":"","context":"In &quot;Not\u00edcias de Ribeir\u00e3o Preto-SP e Regi\u00e3o&quot;","block_context":{"text":"Not\u00edcias de Ribeir\u00e3o Preto-SP e Regi\u00e3o","link":"https:\/\/noticiasribeiraopreto.com.br\/index.php\/category\/noticias-de-ribeirao-preto-sp-e-regiao-ismael-colosi\/"},"img":{"alt_text":"","src":"https:\/\/i0.wp.com\/noticiasribeiraopreto.com.br\/wp-content\/uploads\/2026\/04\/1776117018_confessionario-e1519013844468.jpg?fit=700%2C392&ssl=1&resize=350%2C200","width":350,"height":200,"srcset":"https:\/\/i0.wp.com\/noticiasribeiraopreto.com.br\/wp-content\/uploads\/2026\/04\/1776117018_confessionario-e1519013844468.jpg?fit=700%2C392&ssl=1&resize=350%2C200 1x, https:\/\/i0.wp.com\/noticiasribeiraopreto.com.br\/wp-content\/uploads\/2026\/04\/1776117018_confessionario-e1519013844468.jpg?fit=700%2C392&ssl=1&resize=525%2C300 1.5x, https:\/\/i0.wp.com\/noticiasribeiraopreto.com.br\/wp-content\/uploads\/2026\/04\/1776117018_confessionario-e1519013844468.jpg?fit=700%2C392&ssl=1&resize=700%2C400 2x"},"classes":[]},{"id":55917,"url":"https:\/\/noticiasribeiraopreto.com.br\/index.php\/2024\/08\/07\/acirp-celebra-120-anos-em-ribeirao-preto-conheca-a-historia-da-entidade\/","url_meta":{"origin":83015,"position":4},"title":"Acirp celebra 120 anos em Ribeir\u00e3o Preto; Conhe\u00e7a a hist\u00f3ria da entidade","author":"noticiasribeiraopreto.com.br","date":"7 de August de 2024","format":false,"excerpt":"A Associa\u00e7\u00e3o Comercial e Industrial de Ribeir\u00e3o Preto (Acirp) completa nesta quinta-feira (8), 120 anos desde sua funda\u00e7\u00e3o em 1904. A institui\u00e7\u00e3o foi criada no auge do ciclo do Caf\u00e9 e, ao longo dos anos, atraiu lideran\u00e7as entre empres\u00e1rios que ajudaram no progresso de Ribeir\u00e3o Preto, como destaca a atual\u2026","rel":"","context":"In &quot;Not\u00edcias de Ribeir\u00e3o Preto-SP e Regi\u00e3o&quot;","block_context":{"text":"Not\u00edcias de Ribeir\u00e3o Preto-SP e Regi\u00e3o","link":"https:\/\/noticiasribeiraopreto.com.br\/index.php\/category\/noticias-de-ribeirao-preto-sp-e-regiao-ismael-colosi\/"},"img":{"alt_text":"","src":"https:\/\/i0.wp.com\/noticiasribeiraopreto.com.br\/wp-content\/uploads\/2024\/03\/AnyConv.com__acirp.webp.webp?fit=696%2C409&ssl=1&resize=350%2C200","width":350,"height":200,"srcset":"https:\/\/i0.wp.com\/noticiasribeiraopreto.com.br\/wp-content\/uploads\/2024\/03\/AnyConv.com__acirp.webp.webp?fit=696%2C409&ssl=1&resize=350%2C200 1x, https:\/\/i0.wp.com\/noticiasribeiraopreto.com.br\/wp-content\/uploads\/2024\/03\/AnyConv.com__acirp.webp.webp?fit=696%2C409&ssl=1&resize=525%2C300 1.5x"},"classes":[]},{"id":38751,"url":"https:\/\/noticiasribeiraopreto.com.br\/index.php\/2024\/02\/21\/sebrae-aqui-fecha-2023-com-9-189-atendimentos\/","url_meta":{"origin":83015,"position":5},"title":"Sebrae Aqui fecha 2023 com 9.189 atendimentos","author":"noticiasribeiraopreto.com.br","date":"21 de February de 2024","format":false,"excerpt":"21 de fevereiro de 2024 | 14:0021 de fevereiro de 2024 | 10:05 0Os postos do Sebrae Aqui de Ribeir\u00e3o Preto, instalados em unidades da Associa\u00e7\u00e3o Comercial de Ribeir\u00e3o Preto (Acirp), realizaram mais de nove mil atendimentos durante o ano passado. De janeiro a dezembro, foram registradas 5.633 consultas para\u2026","rel":"","context":"In &quot;Not\u00edcias de Ribeir\u00e3o Preto-SP e Regi\u00e3o&quot;","block_context":{"text":"Not\u00edcias de Ribeir\u00e3o Preto-SP e Regi\u00e3o","link":"https:\/\/noticiasribeiraopreto.com.br\/index.php\/category\/noticias-de-ribeirao-preto-sp-e-regiao-ismael-colosi\/"},"img":{"alt_text":"","src":"https:\/\/i0.wp.com\/noticiasribeiraopreto.com.br\/wp-content\/uploads\/2024\/02\/SebraeRP-Alfredo-Risk-Arquivo-scaled.jpg?fit=967%2C645&ssl=1&resize=350%2C200","width":350,"height":200,"srcset":"https:\/\/i0.wp.com\/noticiasribeiraopreto.com.br\/wp-content\/uploads\/2024\/02\/SebraeRP-Alfredo-Risk-Arquivo-scaled.jpg?fit=967%2C645&ssl=1&resize=350%2C200 1x, https:\/\/i0.wp.com\/noticiasribeiraopreto.com.br\/wp-content\/uploads\/2024\/02\/SebraeRP-Alfredo-Risk-Arquivo-scaled.jpg?fit=967%2C645&ssl=1&resize=525%2C300 1.5x, https:\/\/i0.wp.com\/noticiasribeiraopreto.com.br\/wp-content\/uploads\/2024\/02\/SebraeRP-Alfredo-Risk-Arquivo-scaled.jpg?fit=967%2C645&ssl=1&resize=700%2C400 2x"},"classes":[]}],"jetpack_sharing_enabled":true,"jetpack_shortlink":"https:\/\/wp.me\/peQAOb-lAX","_links":{"self":[{"href":"https:\/\/noticiasribeiraopreto.com.br\/index.php\/wp-json\/wp\/v2\/posts\/83015","targetHints":{"allow":["GET"]}}],"collection":[{"href":"https:\/\/noticiasribeiraopreto.com.br\/index.php\/wp-json\/wp\/v2\/posts"}],"about":[{"href":"https:\/\/noticiasribeiraopreto.com.br\/index.php\/wp-json\/wp\/v2\/types\/post"}],"author":[{"embeddable":true,"href":"https:\/\/noticiasribeiraopreto.com.br\/index.php\/wp-json\/wp\/v2\/users\/1"}],"replies":[{"embeddable":true,"href":"https:\/\/noticiasribeiraopreto.com.br\/index.php\/wp-json\/wp\/v2\/comments?post=83015"}],"version-history":[{"count":0,"href":"https:\/\/noticiasribeiraopreto.com.br\/index.php\/wp-json\/wp\/v2\/posts\/83015\/revisions"}],"wp:featuredmedia":[{"embeddable":true,"href":"https:\/\/noticiasribeiraopreto.com.br\/index.php\/wp-json\/wp\/v2\/media\/83016"}],"wp:attachment":[{"href":"https:\/\/noticiasribeiraopreto.com.br\/index.php\/wp-json\/wp\/v2\/media?parent=83015"}],"wp:term":[{"taxonomy":"category","embeddable":true,"href":"https:\/\/noticiasribeiraopreto.com.br\/index.php\/wp-json\/wp\/v2\/categories?post=83015"},{"taxonomy":"post_tag","embeddable":true,"href":"https:\/\/noticiasribeiraopreto.com.br\/index.php\/wp-json\/wp\/v2\/tags?post=83015"}],"curies":[{"name":"wp","href":"https:\/\/api.w.org\/{rel}","templated":true}]}}