{"id":83019,"date":"2026-03-06T11:22:36","date_gmt":"2026-03-06T14:22:36","guid":{"rendered":"https:\/\/noticiasribeiraopreto.com.br\/index.php\/2026\/03\/06\/feiroes-casa-paulista-oferecem-r-11-milhao-em-subsidios-na-regiao-de-ribeirao-preto\/"},"modified":"2026-03-06T11:22:36","modified_gmt":"2026-03-06T14:22:36","slug":"feiroes-casa-paulista-oferecem-r-11-milhao-em-subsidios-na-regiao-de-ribeirao-preto","status":"publish","type":"post","link":"https:\/\/noticiasribeiraopreto.com.br\/index.php\/2026\/03\/06\/feiroes-casa-paulista-oferecem-r-11-milhao-em-subsidios-na-regiao-de-ribeirao-preto\/","title":{"rendered":"Feir\u00f5es Casa Paulista oferecem R$ 1,1 milh\u00e3o em subs\u00eddios na regi\u00e3o de Ribeir\u00e3o Preto"},"content":{"rendered":"<div class='code-block code-block-1' style='margin: 8px 0 8px auto; text-align: right; display: block; clear: both;'>\n<p><a href=\"https:\/\/wa.link\/vpicfd\"><img data-recalc-dims=\"1\" class=\"wp-image-4922\" style=\"aspect-ratio: 2.0253164556962027; width: 561px; height: auto;\" src=\"https:\/\/i0.wp.com\/ismaelcolosi.com.br\/wp-content\/uploads\/2023\/11\/grupo-de-empregos-whatsapp-e-facebook-ismael-colosi-vagas.jpg?ssl=1\" alt=\"\" \/><\/a><\/p>\n<!-- \/wp:image -->\n<\/div>\n<p> <br \/>\n<\/p>\n<div>\n<p>A <strong>Secretaria de Desenvolvimento Urbano e Habita\u00e7\u00e3o (SDUH)<\/strong> vai disponibilizar <strong>R$ 1,1 milh\u00e3o em subs\u00eddios<\/strong> na <strong>regi\u00e3o de Ribeir\u00e3o Preto<\/strong>. Os <strong>Feir\u00f5es do Casa Paulista <\/strong>acontecem entre esta sexta-feira (06) e domingo (08), em tr\u00eas cidades.<\/p>\n<p>De acordo com o <strong>Governo de S\u00e3o Paulo<\/strong>, ser\u00e3o oferecidas <strong>105 novas Cartas de Cr\u00e9dito Imobili\u00e1rio (CCI)<\/strong>, <mark style=\"background-color:#fcb900\" class=\"has-inline-color\">sendo 16 para im\u00f3veis de <strong>Altin\u00f3polis<\/strong>, 69 de <strong>Brodowski <\/strong>e 20 do munic\u00edpio de <strong>Monte Alto<\/strong>.<\/mark><\/p>\n<p>No caso de <strong>Altin\u00f3polis<\/strong>, o <strong>valor do cheque \u00e9 de R$ 16 mil<\/strong>. J\u00e1 para as unidades de <strong>Brodowski e Altin\u00f3polis<\/strong> \u00e9 <strong>de R$ 10 mil<\/strong>. Vale destacar que os subs\u00eddios s\u00e3o concedidos a fundo perdido para fam\u00edlias que desejam adquirir o primeiro im\u00f3vel.<\/p>\n<div class=\"wp-block-image\">\n<figure class=\"aligncenter size-large is-resized\"><img data-recalc-dims=\"1\" fetchpriority=\"high\" decoding=\"async\" width=\"1024\" height=\"683\" src=\"https:\/\/i0.wp.com\/cdn.media-acidadeon.com.br\/ribeiraopreto\/wp-content\/uploads\/sites\/3\/2026\/03\/55070609814_ff651dcdc5_k.jpg_2026-03-05_20-24-47-1024x683.webp?resize=1024%2C683&#038;ssl=1\" alt=\"Feir\u00f5es Casa Paulista oferecem R$ 1,1 milh\u00e3o em subs\u00eddios na regi\u00e3o de Ribeir\u00e3o Preto - Foto: Divulga\u00e7\u00e3o\/ SDUH\" class=\"wp-image-147853\" style=\"width:654px\" title=\"Feir\u00f5es Casa Paulista oferecem R$ 1,1 milh\u00e3o em subs\u00eddios na regi\u00e3o de Ribeir\u00e3o Preto 1\" srcset=\"https:\/\/cdn.media-acidadeon.com.br\/ribeiraopreto\/wp-content\/uploads\/sites\/3\/2026\/03\/55070609814_ff651dcdc5_k.jpg_2026-03-05_20-24-47-1024x683.webp 1024w, https:\/\/cdn.media-acidadeon.com.br\/ribeiraopreto\/wp-content\/uploads\/sites\/3\/2026\/03\/55070609814_ff651dcdc5_k.jpg_2026-03-05_20-24-47-300x200.webp 300w, https:\/\/cdn.media-acidadeon.com.br\/ribeiraopreto\/wp-content\/uploads\/sites\/3\/2026\/03\/55070609814_ff651dcdc5_k.jpg_2026-03-05_20-24-47-768x512.webp 768w, https:\/\/cdn.media-acidadeon.com.br\/ribeiraopreto\/wp-content\/uploads\/sites\/3\/2026\/03\/55070609814_ff651dcdc5_k.jpg_2026-03-05_20-24-47-696x464.webp 696w, https:\/\/cdn.media-acidadeon.com.br\/ribeiraopreto\/wp-content\/uploads\/sites\/3\/2026\/03\/55070609814_ff651dcdc5_k.jpg_2026-03-05_20-24-47-1068x712.webp 1068w, https:\/\/cdn.media-acidadeon.com.br\/ribeiraopreto\/wp-content\/uploads\/sites\/3\/2026\/03\/55070609814_ff651dcdc5_k.jpg_2026-03-05_20-24-47.webp 1200w\" sizes=\"(max-width: 1024px) 100vw, 1024px\"\/><figcaption class=\"wp-element-caption\">Feir\u00f5es Casa Paulista oferecem R$ 1,1 milh\u00e3o em subs\u00eddios na regi\u00e3o de Ribeir\u00e3o Preto \u2013 Foto: Divulga\u00e7\u00e3o\/ SDUH<\/figcaption><\/figure>\n<\/div>\n<h2 class=\"wp-block-heading\"><strong>Como participar?<\/strong><\/h2>\n<p>Para participar, \u00e9 necess\u00e1rio atender aos <strong>requisitos do programa Casa Paulista \u2013 Carta de Cr\u00e9dito Imobili\u00e1rio<\/strong>: possuir renda familiar de at\u00e9 tr\u00eas sal\u00e1rios m\u00ednimos; n\u00e3o possuir im\u00f3vel no pr\u00f3prio nome; n\u00e3o ter financiamento imobili\u00e1rio ativo; e n\u00e3o ter sido beneficiado por outro programa habitacional.<\/p>\n<p>Os interessados devem comparecer nos endere\u00e7os e hor\u00e1rios abaixo:<\/p>\n<h3 class=\"wp-block-heading\"><strong>Altin\u00f3polis<\/strong><\/h3>\n<ul class=\"wp-block-list\">\n<li>Hor\u00e1rio: 09h \u00e0s 12h e 13h \u00e0s 17h<\/li>\n<li>Local: Rua Major Garcia, 144 \u2013 Pra\u00e7a Matriz de Altin\u00f3polis<\/li>\n<\/ul>\n<h3 class=\"wp-block-heading\"><strong>Brodowski<\/strong><\/h3>\n<ul class=\"wp-block-list\">\n<li>Hor\u00e1rio: 09h \u00e0s 12h e 13h \u00e0s 17h<\/li>\n<li>Local: Rua General Os\u00f3rio \u2013 Pra\u00e7a Matriz de Brodowski<\/li>\n<\/ul>\n<h3 class=\"wp-block-heading\"><strong>Monte Alto<\/strong><\/h3>\n<ul class=\"wp-block-list\">\n<li>Hor\u00e1rio: 9h \u00e0s 17h em 06\/03 e das 9h \u00e0s 14h nos dias 07 e 08\/03<\/li>\n<li>Local: Rua Jeremias de Paula Eduardo, 1676 \u2013 Centro<\/li>\n<\/ul>\n<h2 class=\"wp-block-heading\"><strong>Retomada<\/strong><\/h2>\n<p>Os <strong>Feir\u00f5es Casa Paulista<\/strong> foram retomados no fim de janeiro ap\u00f3s um <strong>per\u00edodo de avalia\u00e7\u00e3o do programa<\/strong>, e entre setembro e dezembro de 2025, a iniciativa j\u00e1 havia emitido 4.507 cartas de cr\u00e9dito, com R$ 32,7 milh\u00f5es em subs\u00eddios, beneficiando empreendimentos em diversas regi\u00f5es do estado.<\/p>\n<p>O programa busca facilitar o acesso \u00e0 casa pr\u00f3pria para fam\u00edlias com renda de at\u00e9 tr\u00eas sal\u00e1rios m\u00ednimos.<\/p>\n<hr class=\"wp-block-separator has-alpha-channel-opacity\"\/>\n<p>SAIBA MAIS<\/p>\n<p>Abrigo de Ribeir\u00e3o Preto \u00e9 interditado e crian\u00e7as e adolescentes precisam ser transferidas<\/p>\n<h3 class=\"wp-block-heading\"><strong>FIQUE ON<\/strong><\/h3>\n<p>Fique ligado em tudo que acontece em Ribeir\u00e3o Preto e regi\u00e3o. Siga os perfis do<strong>\u00a0acidade on\u00a0<\/strong>no\u00a0<a href=\"https:\/\/www.instagram.com\/acidadeonribeirao\" target=\"_blank\" rel=\"noreferrer noopener\">Instagram<\/a>\u00a0e no<a href=\"https:\/\/www.facebook.com\/acidadeonribeirao\/\" target=\"_blank\" rel=\"noreferrer noopener\">\u00a0Facebook<\/a>.<\/p>\n<p>Receba not\u00edcias do\u00a0<strong>acidade on<\/strong>\u00a0no WhatsApp. Para entrar no grupo,\u00a0basta\u00a0<a href=\"https:\/\/chat.whatsapp.com\/GFH9HUMUTHNFJdnyEd0xxq\" target=\"_blank\" rel=\"noreferrer noopener\">clicar aqui<\/a>. Ou, acesse o nosso\u00a0Canal\u00a0<a href=\"https:\/\/whatsapp.com\/channel\/0029Vb6IQl1JENyAeS57fk2p\" target=\"_blank\" rel=\"noreferrer noopener\">clicando aqui<\/a>.<\/p>\n<p>Fa\u00e7a uma den\u00fancia ou sugira uma reportagem sobre Ribeir\u00e3o Preto e regi\u00e3o pelo WhatsApp: 16 99117 7802.<\/p>\n<p>VEJA TAMB\u00c9M<br \/>Espaguete \u00e0 carbonara: 3 receitas pr\u00e1ticas para inovar no jantar<\/p>\n<p><!-- AI CONTENT END 1 -->\n<\/div>\n<p><script async src=\"\/\/www.instagram.com\/embed.js\"><\/script><br \/>\n<br \/><br \/>\n<br \/><a href=\"https:\/\/www.acidadeon.com\/ribeiraopreto\/economia\/feiroes-casa-paulista-oferecem-r-11-milhao-em-subsidios-na-regiao-de-ribeirao-preto\/\">Source link <\/a><\/p>\n<!-- CONTENT END 1 -->\n","protected":false},"excerpt":{"rendered":"<p>A Secretaria de Desenvolvimento Urbano e Habita\u00e7\u00e3o (SDUH) vai disponibilizar R$ 1,1 milh\u00e3o em subs\u00eddios na regi\u00e3o de Ribeir\u00e3o Preto. Os Feir\u00f5es do Casa Paulista&#8230;<\/p>\n","protected":false},"author":1,"featured_media":83020,"comment_status":"open","ping_status":"open","sticky":false,"template":"","format":"standard","meta":{"advanced_seo_description":"","jetpack_seo_html_title":"","jetpack_seo_noindex":false,"jetpack_post_was_ever_published":false,"_jetpack_newsletter_access":"","_jetpack_dont_email_post_to_subs":false,"_jetpack_newsletter_tier_id":0,"_jetpack_memberships_contains_paywalled_content":false,"_jetpack_memberships_contains_paid_content":false,"footnotes":"","jetpack_publicize_message":"","jetpack_publicize_feature_enabled":true,"jetpack_social_post_already_shared":true,"jetpack_social_options":{"image_generator_settings":{"template":"highway","default_image_id":0,"font":"","enabled":false},"version":2}},"categories":[11],"tags":[],"class_list":["post-83019","post","type-post","status-publish","format-standard","has-post-thumbnail","hentry","category-noticias-de-ribeirao-preto-sp-e-regiao-ismael-colosi"],"jetpack_publicize_connections":[],"jetpack_featured_media_url":"https:\/\/i0.wp.com\/noticiasribeiraopreto.com.br\/wp-content\/uploads\/2026\/03\/casas-populares.jpg?fit=754%2C503&ssl=1","jetpack-related-posts":[{"id":83562,"url":"https:\/\/noticiasribeiraopreto.com.br\/index.php\/2026\/03\/20\/feirao-oferece-r-13-milhao-em-subsidios-para-compra-de-casa-propria-em-ribeirao-e-regiao\/","url_meta":{"origin":83019,"position":0},"title":"Feir\u00e3o oferece R$ 1,3 milh\u00e3o em subs\u00eddios para compra de casa pr\u00f3pria em Ribeir\u00e3o e regi\u00e3o","author":"noticiasribeiraopreto.com.br","date":"20 de March de 2026","format":false,"excerpt":"O Governo do estado de S\u00e3o Paulo est\u00e1 disponibilizando mais de R$ 1,3 milh\u00e3o em subs\u00eddios durante a nova edi\u00e7\u00e3o do \u201cFeir\u00e3o Casa Paulista\u201d, que acontece neste final de semana em Ribeir\u00e3o Preto e cidades da regi\u00e3o. De acordo com o Estado, ser\u00e3o oferecidas 119 novas Cartas de Cr\u00e9dito Imobili\u00e1rio\u2026","rel":"","context":"In &quot;Not\u00edcias de Ribeir\u00e3o Preto-SP e Regi\u00e3o&quot;","block_context":{"text":"Not\u00edcias de Ribeir\u00e3o Preto-SP e Regi\u00e3o","link":"https:\/\/noticiasribeiraopreto.com.br\/index.php\/category\/noticias-de-ribeirao-preto-sp-e-regiao-ismael-colosi\/"},"img":{"alt_text":"","src":"https:\/\/i0.wp.com\/noticiasribeiraopreto.com.br\/wp-content\/uploads\/2026\/03\/palace-2_2026-03-20_20-57-45.webp.webp?fit=1200%2C675&ssl=1&resize=350%2C200","width":350,"height":200,"srcset":"https:\/\/i0.wp.com\/noticiasribeiraopreto.com.br\/wp-content\/uploads\/2026\/03\/palace-2_2026-03-20_20-57-45.webp.webp?fit=1200%2C675&ssl=1&resize=350%2C200 1x, https:\/\/i0.wp.com\/noticiasribeiraopreto.com.br\/wp-content\/uploads\/2026\/03\/palace-2_2026-03-20_20-57-45.webp.webp?fit=1200%2C675&ssl=1&resize=525%2C300 1.5x, https:\/\/i0.wp.com\/noticiasribeiraopreto.com.br\/wp-content\/uploads\/2026\/03\/palace-2_2026-03-20_20-57-45.webp.webp?fit=1200%2C675&ssl=1&resize=700%2C400 2x, https:\/\/i0.wp.com\/noticiasribeiraopreto.com.br\/wp-content\/uploads\/2026\/03\/palace-2_2026-03-20_20-57-45.webp.webp?fit=1200%2C675&ssl=1&resize=1050%2C600 3x"},"classes":[]},{"id":78347,"url":"https:\/\/noticiasribeiraopreto.com.br\/index.php\/2025\/10\/09\/feirao-casa-paulista-oferece-novas-cartas-de-credito-imobiliario-na-regiao-de-ribeirao\/","url_meta":{"origin":83019,"position":1},"title":"Feir\u00e3o Casa Paulista oferece novas Cartas de Cr\u00e9dito Imobili\u00e1rio na regi\u00e3o de Ribeir\u00e3o","author":"noticiasribeiraopreto.com.br","date":"9 de October de 2025","format":false,"excerpt":"A SDUH (Secretaria de Desenvolvimento Urbano e Habita\u00e7\u00e3o) liberou R$ 2,1 milh\u00f5es em subs\u00eddios para novas Cartas de Cr\u00e9dito Imobili\u00e1rio (CCI) destinadas \u00e0 regi\u00e3o de Ribeir\u00e3o Preto. Os benef\u00edcios ser\u00e3o oferecidos durante o Novo Feir\u00e3o Casa Paulista, que acontece entre quinta-feira (9) e s\u00e1bado (11), nas cidades de Serrana e\u2026","rel":"","context":"In &quot;Not\u00edcias de Ribeir\u00e3o Preto-SP e Regi\u00e3o&quot;","block_context":{"text":"Not\u00edcias de Ribeir\u00e3o Preto-SP e Regi\u00e3o","link":"https:\/\/noticiasribeiraopreto.com.br\/index.php\/category\/noticias-de-ribeirao-preto-sp-e-regiao-ismael-colosi\/"},"img":{"alt_text":"","src":"https:\/\/i0.wp.com\/noticiasribeiraopreto.com.br\/wp-content\/uploads\/2025\/10\/casas-populares.jpg?fit=754%2C503&ssl=1&resize=350%2C200","width":350,"height":200,"srcset":"https:\/\/i0.wp.com\/noticiasribeiraopreto.com.br\/wp-content\/uploads\/2025\/10\/casas-populares.jpg?fit=754%2C503&ssl=1&resize=350%2C200 1x, https:\/\/i0.wp.com\/noticiasribeiraopreto.com.br\/wp-content\/uploads\/2025\/10\/casas-populares.jpg?fit=754%2C503&ssl=1&resize=525%2C300 1.5x, https:\/\/i0.wp.com\/noticiasribeiraopreto.com.br\/wp-content\/uploads\/2025\/10\/casas-populares.jpg?fit=754%2C503&ssl=1&resize=700%2C400 2x"},"classes":[]},{"id":83488,"url":"https:\/\/noticiasribeiraopreto.com.br\/index.php\/2026\/03\/19\/escolas-de-ribeirao-preto-e-regiao-sao-premiadas-por-avancos-na-alfabetizacao\/","url_meta":{"origin":83019,"position":2},"title":"Escolas de Ribeir\u00e3o Preto e regi\u00e3o s\u00e3o premiadas por avan\u00e7os na alfabetiza\u00e7\u00e3o","author":"noticiasribeiraopreto.com.br","date":"19 de March de 2026","format":false,"excerpt":"A escola municipal Professor Jos\u00e9 Rodini Luiz, de Ribeir\u00e3o Preto, est\u00e1 entre as ganhadoras do Pr\u00eamio Excel\u00eancia Educacional, que faz parte do programa Alfabetiza Juntos SP e reconhece o desempenho das redes municipais no Saresp (Sistema de Avalia\u00e7\u00e3o de Rendimento Escolar do Estado de S\u00e3o Paulo).\u00a0 Ao todo, 42 escolas\u2026","rel":"","context":"In &quot;Not\u00edcias de Ribeir\u00e3o Preto-SP e Regi\u00e3o&quot;","block_context":{"text":"Not\u00edcias de Ribeir\u00e3o Preto-SP e Regi\u00e3o","link":"https:\/\/noticiasribeiraopreto.com.br\/index.php\/category\/noticias-de-ribeirao-preto-sp-e-regiao-ismael-colosi\/"},"img":{"alt_text":"","src":"https:\/\/i0.wp.com\/noticiasribeiraopreto.com.br\/wp-content\/uploads\/2026\/03\/premio-excelencia_2026-03-19_14-27-36.webp.webp?fit=1200%2C800&ssl=1&resize=350%2C200","width":350,"height":200,"srcset":"https:\/\/i0.wp.com\/noticiasribeiraopreto.com.br\/wp-content\/uploads\/2026\/03\/premio-excelencia_2026-03-19_14-27-36.webp.webp?fit=1200%2C800&ssl=1&resize=350%2C200 1x, https:\/\/i0.wp.com\/noticiasribeiraopreto.com.br\/wp-content\/uploads\/2026\/03\/premio-excelencia_2026-03-19_14-27-36.webp.webp?fit=1200%2C800&ssl=1&resize=525%2C300 1.5x, https:\/\/i0.wp.com\/noticiasribeiraopreto.com.br\/wp-content\/uploads\/2026\/03\/premio-excelencia_2026-03-19_14-27-36.webp.webp?fit=1200%2C800&ssl=1&resize=700%2C400 2x, https:\/\/i0.wp.com\/noticiasribeiraopreto.com.br\/wp-content\/uploads\/2026\/03\/premio-excelencia_2026-03-19_14-27-36.webp.webp?fit=1200%2C800&ssl=1&resize=1050%2C600 3x"},"classes":[]},{"id":67003,"url":"https:\/\/noticiasribeiraopreto.com.br\/index.php\/2025\/04\/08\/acordo-preve-investimentos-de-quase-r-1-bilhao-para-construcao-de-30-mil-moradias\/","url_meta":{"origin":83019,"position":3},"title":"Acordo prev\u00ea investimentos de quase R$ 1 bilh\u00e3o para constru\u00e7\u00e3o de 30 mil moradias","author":"noticiasribeiraopreto.com.br","date":"8 de April de 2025","format":false,"excerpt":"A Caixa Econ\u00f4mica Federal e o Governo de S\u00e3o Paulo firmaram uma parceria que prev\u00ea investimentos de quase R$ 1 bilh\u00e3o para constru\u00e7\u00e3o de 30 mil novas moradias do programa habitacional Casa Paulista. A previs\u00e3o \u00e9 de mais de R$ 600 milh\u00f5es para viabilizar empreendimentos do Minha Casa Minha Vida\u2026","rel":"","context":"In &quot;Not\u00edcias de Ribeir\u00e3o Preto-SP e Regi\u00e3o&quot;","block_context":{"text":"Not\u00edcias de Ribeir\u00e3o Preto-SP e Regi\u00e3o","link":"https:\/\/noticiasribeiraopreto.com.br\/index.php\/category\/noticias-de-ribeirao-preto-sp-e-regiao-ismael-colosi\/"},"img":{"alt_text":"","src":"https:\/\/i0.wp.com\/noticiasribeiraopreto.com.br\/wp-content\/uploads\/2024\/11\/casa-popular_2024-11-21_14-33-25_jpg_2024-11-21_14-33-25.webp.webp?fit=743%2C494&ssl=1&resize=350%2C200","width":350,"height":200,"srcset":"https:\/\/i0.wp.com\/noticiasribeiraopreto.com.br\/wp-content\/uploads\/2024\/11\/casa-popular_2024-11-21_14-33-25_jpg_2024-11-21_14-33-25.webp.webp?fit=743%2C494&ssl=1&resize=350%2C200 1x, https:\/\/i0.wp.com\/noticiasribeiraopreto.com.br\/wp-content\/uploads\/2024\/11\/casa-popular_2024-11-21_14-33-25_jpg_2024-11-21_14-33-25.webp.webp?fit=743%2C494&ssl=1&resize=525%2C300 1.5x, https:\/\/i0.wp.com\/noticiasribeiraopreto.com.br\/wp-content\/uploads\/2024\/11\/casa-popular_2024-11-21_14-33-25_jpg_2024-11-21_14-33-25.webp.webp?fit=743%2C494&ssl=1&resize=700%2C400 2x"},"classes":[]},{"id":67486,"url":"https:\/\/noticiasribeiraopreto.com.br\/index.php\/2025\/04\/14\/governo-de-sp-anuncia-835-novas-moradias-populares-em-ribeirao-preto\/","url_meta":{"origin":83019,"position":4},"title":"Governo de SP anuncia 835 novas moradias populares em Ribeir\u00e3o Preto","author":"noticiasribeiraopreto.com.br","date":"14 de April de 2025","format":false,"excerpt":"Ribeir\u00e3o Preto vai receber 835 novas moradias populares por meio do Programa Casa Paulista. O an\u00fancio aconteceu nesta segunda-feira (14), durante cerim\u00f4nia realizada no Pal\u00e1cio dos Bandeirantes, na capital paulista. De acordo com a Prefeitura de Ribeir\u00e3o, nove empreendimentos habitacionais foram aprovados, sendo 200 pela CCA (Carta de Cr\u00e9dito Associativa)\u2026","rel":"","context":"In &quot;Not\u00edcias de Ribeir\u00e3o Preto-SP e Regi\u00e3o&quot;","block_context":{"text":"Not\u00edcias de Ribeir\u00e3o Preto-SP e Regi\u00e3o","link":"https:\/\/noticiasribeiraopreto.com.br\/index.php\/category\/noticias-de-ribeirao-preto-sp-e-regiao-ismael-colosi\/"},"img":{"alt_text":"","src":"https:\/\/i0.wp.com\/noticiasribeiraopreto.com.br\/wp-content\/uploads\/2024\/02\/casa-popular.webp.webp?fit=1170%2C700&ssl=1&resize=350%2C200","width":350,"height":200,"srcset":"https:\/\/i0.wp.com\/noticiasribeiraopreto.com.br\/wp-content\/uploads\/2024\/02\/casa-popular.webp.webp?fit=1170%2C700&ssl=1&resize=350%2C200 1x, https:\/\/i0.wp.com\/noticiasribeiraopreto.com.br\/wp-content\/uploads\/2024\/02\/casa-popular.webp.webp?fit=1170%2C700&ssl=1&resize=525%2C300 1.5x, https:\/\/i0.wp.com\/noticiasribeiraopreto.com.br\/wp-content\/uploads\/2024\/02\/casa-popular.webp.webp?fit=1170%2C700&ssl=1&resize=700%2C400 2x, https:\/\/i0.wp.com\/noticiasribeiraopreto.com.br\/wp-content\/uploads\/2024\/02\/casa-popular.webp.webp?fit=1170%2C700&ssl=1&resize=1050%2C600 3x"},"classes":[]},{"id":5029,"url":"https:\/\/noticiasribeiraopreto.com.br\/index.php\/2023\/11\/22\/saiba-tudo-sobre-o-feirao-da-casa-propria-que-acontece-em-ribeirao-preto\/","url_meta":{"origin":83019,"position":5},"title":"Saiba tudo sobre o Feir\u00e3o da Casa Pr\u00f3pria que acontece em Ribeir\u00e3o Preto","author":"noticiasribeiraopreto.com.br","date":"22 de November de 2023","format":false,"excerpt":"O Feir\u00e3o Casa Paulista acontece a partir desta quinta-feira (23), na Pra\u00e7a Carlos Gomes, no Centro de Ribeir\u00e3o Preto, das 8h \u00e0s 19h. O evento ser\u00e1 realizado at\u00e9 s\u00e1bado (25). O programa disponibilizou benef\u00edcios para at\u00e9 1.686 fam\u00edlias que residem na cidade, com investimento de R$ 21,9 milh\u00f5es. Durante o\u2026","rel":"","context":"In &quot;Not\u00edcias de Ribeir\u00e3o Preto-SP e Regi\u00e3o&quot;","block_context":{"text":"Not\u00edcias de Ribeir\u00e3o Preto-SP e Regi\u00e3o","link":"https:\/\/noticiasribeiraopreto.com.br\/index.php\/category\/noticias-de-ribeirao-preto-sp-e-regiao-ismael-colosi\/"},"img":{"alt_text":"","src":"https:\/\/i0.wp.com\/noticiasribeiraopreto.com.br\/wp-content\/uploads\/2023\/11\/minha-casa-minha-vida.jpeg?fit=768%2C441&ssl=1&resize=350%2C200","width":350,"height":200,"srcset":"https:\/\/i0.wp.com\/noticiasribeiraopreto.com.br\/wp-content\/uploads\/2023\/11\/minha-casa-minha-vida.jpeg?fit=768%2C441&ssl=1&resize=350%2C200 1x, https:\/\/i0.wp.com\/noticiasribeiraopreto.com.br\/wp-content\/uploads\/2023\/11\/minha-casa-minha-vida.jpeg?fit=768%2C441&ssl=1&resize=525%2C300 1.5x, https:\/\/i0.wp.com\/noticiasribeiraopreto.com.br\/wp-content\/uploads\/2023\/11\/minha-casa-minha-vida.jpeg?fit=768%2C441&ssl=1&resize=700%2C400 2x"},"classes":[]}],"jetpack_sharing_enabled":true,"jetpack_shortlink":"https:\/\/wp.me\/peQAOb-lB1","_links":{"self":[{"href":"https:\/\/noticiasribeiraopreto.com.br\/index.php\/wp-json\/wp\/v2\/posts\/83019","targetHints":{"allow":["GET"]}}],"collection":[{"href":"https:\/\/noticiasribeiraopreto.com.br\/index.php\/wp-json\/wp\/v2\/posts"}],"about":[{"href":"https:\/\/noticiasribeiraopreto.com.br\/index.php\/wp-json\/wp\/v2\/types\/post"}],"author":[{"embeddable":true,"href":"https:\/\/noticiasribeiraopreto.com.br\/index.php\/wp-json\/wp\/v2\/users\/1"}],"replies":[{"embeddable":true,"href":"https:\/\/noticiasribeiraopreto.com.br\/index.php\/wp-json\/wp\/v2\/comments?post=83019"}],"version-history":[{"count":0,"href":"https:\/\/noticiasribeiraopreto.com.br\/index.php\/wp-json\/wp\/v2\/posts\/83019\/revisions"}],"wp:featuredmedia":[{"embeddable":true,"href":"https:\/\/noticiasribeiraopreto.com.br\/index.php\/wp-json\/wp\/v2\/media\/83020"}],"wp:attachment":[{"href":"https:\/\/noticiasribeiraopreto.com.br\/index.php\/wp-json\/wp\/v2\/media?parent=83019"}],"wp:term":[{"taxonomy":"category","embeddable":true,"href":"https:\/\/noticiasribeiraopreto.com.br\/index.php\/wp-json\/wp\/v2\/categories?post=83019"},{"taxonomy":"post_tag","embeddable":true,"href":"https:\/\/noticiasribeiraopreto.com.br\/index.php\/wp-json\/wp\/v2\/tags?post=83019"}],"curies":[{"name":"wp","href":"https:\/\/api.w.org\/{rel}","templated":true}]}}