{"id":83023,"date":"2026-03-07T08:36:43","date_gmt":"2026-03-07T11:36:43","guid":{"rendered":"https:\/\/noticiasribeiraopreto.com.br\/index.php\/2026\/03\/07\/resgatado-ultimo-corpo-soterrado-tribuna-ribeirao\/"},"modified":"2026-03-07T08:36:43","modified_gmt":"2026-03-07T11:36:43","slug":"resgatado-ultimo-corpo-soterrado-tribuna-ribeirao","status":"publish","type":"post","link":"https:\/\/noticiasribeiraopreto.com.br\/index.php\/2026\/03\/07\/resgatado-ultimo-corpo-soterrado-tribuna-ribeirao\/","title":{"rendered":"Resgatado \u00faltimo corpo soterrado &#8211; Tribuna Ribeir\u00e3o"},"content":{"rendered":"<div class='code-block code-block-1' style='margin: 8px 0 8px auto; text-align: right; display: block; clear: both;'>\n<p><a href=\"https:\/\/wa.link\/vpicfd\"><img data-recalc-dims=\"1\" class=\"wp-image-4922\" style=\"aspect-ratio: 2.0253164556962027; width: 561px; height: auto;\" src=\"https:\/\/i0.wp.com\/ismaelcolosi.com.br\/wp-content\/uploads\/2023\/11\/grupo-de-empregos-whatsapp-e-facebook-ismael-colosi-vagas.jpg?ssl=1\" alt=\"\" \/><\/a><\/p>\n<!-- \/wp:image -->\n<\/div>\n<p> <br \/>\n<\/p>\n<div id=\"\">&#13;<br \/>\n\t\t\t\t\t\t\t\t&#13;<\/p>\n<p>&#13;<br \/>\n\t\t\t\t\t\t\t\t\t<span class=\"entry-meta-item penci-posted-on\"><i class=\"fa fa-clock-o\"\/><time class=\"entry-date published\" datetime=\"2026-03-07T08:35:56-03:00\">7 de mar\u00e7o de 2026 08:35<\/time><time class=\"updated\" datetime=\"2026-03-07T00:41:11-03:00\">7 de mar\u00e7o de 2026 00:41<\/time><\/span><span class=\"entry-meta-item penci-post-countview\"\/>\t\t\t\t\t\t\t\t<\/p>\n<p><!-- .entry-meta -->&#13;<br \/>\n\t\t\t\t\t\t\t\t<span class=\"penci-social-buttons penci-social-share-footer\"><span class=\"penci-social-share-text\">Compartilhar<\/span><a href=\"#\" class=\"penci-post-like penci_post-meta_item  single-like-button penci-social-item like\" data-post_id=\"456651\" title=\"Like\" data-like=\"Like\" data-unlike=\"Unlike\"><i class=\"fa fa-thumbs-o-up\"\/><span class=\"penci-share-number\">0<\/span><\/a><i class=\"fa fa-facebook\"\/><a class=\"penci-social-item twitter\" target=\"_blank\" rel=\"noopener\" title=\"\" href=\"https:\/\/twitter.com\/intent\/tweet?text=Resgatado%20\u00faltimo%20corpo%20soterrado%20-%20https:\/\/www.tribunaribeirao.com.br\/resgatado-ultimo-corpo-soterrado\/\"><i class=\"fa fa-twitter\"\/><\/a><i class=\"fa fa-linkedin\"\/><i class=\"fa fa-whatsapp\"\/><i class=\"fa fa-telegram\"\/><i class=\"fa fa-envelope\"\/><\/span>\t\t\t\t\t\t\t<\/div>\n<div>\n<p>O \u00faltimo corpo foi localizado e retirado dos escombros na manh\u00e3 desta sexta-feira (6), por volta das seis horas. Em um dos pavimentos do pr\u00e9dio, funcionava um lar para idosos. Conforme o Corpo de Bombeiros, as buscas foram encerradas. Do total de 29 v\u00edtimas no local, nove sa\u00edram por conta pr\u00f3pria, oito foram retiradas com vida e doze morreram.<\/p>\n<p>As v\u00edtimas que conseguiram escapar estavam em uma parte da edifica\u00e7\u00e3o que n\u00e3o desabou completamente, segundo os bombeiros. A maioria foi encaminhada para o Hospital Odilon Behrens. O atendimento para a ocorr\u00eancia no edif\u00edcio, que fica na rua Soldado M\u00e1rio Neto n\u00ba 141, foi aberto por volta da 1h30.<\/p>\n<p>As causas do incidente ainda est\u00e3o sendo apuradas. Conforme os bombeiros, a edifica\u00e7\u00e3o tem o Auto de Vistoria do Corpo de Bombeiros (AVCB), mas est\u00e1 sendo verificado se o mesmo estaria v\u00e1lido em virtude de um inc\u00eandio na garagem do pr\u00e9dio e interdi\u00e7\u00e3o parcial do im\u00f3vel pela Defesa Civil no ano de 2023.<\/p>\n<p>As causas do incidente ainda est\u00e3o sendo apuradas. Conforme os bombeiros, a edifica\u00e7\u00e3o tem o Auto de Vistoria do Corpo de Bombeiros (AVCB), mas est\u00e1 sendo verificado se o mesmo estaria v\u00e1lido em virtude de um inc\u00eandio na garagem do pr\u00e9dio e interdi\u00e7\u00e3o parcial do im\u00f3vel pela Defesa Civil no ano de 2023.<\/p>\n<p>Ao menos 15 viaturas foram mobilizadas para o local, que tamb\u00e9m contou com o apoio da Defesa Civil, Guarda Civil Municipal e do Servi\u00e7o de Atendimento M\u00f3vel de Urg\u00eancia (Samu). \u201cO per\u00edmetro foi isolado para a opera\u00e7\u00e3o de buscas por poss\u00edveis pessoas sob os escombros da edifica\u00e7\u00e3o no local\u201d, disse a corpora\u00e7\u00e3o, na ocasi\u00e3o do resgate.<\/p>\n<p>A edifica\u00e7\u00e3o sediava o lar de idosos no primeiro pavimento, a resid\u00eancia do propriet\u00e1rio do pr\u00e9dio no segundo, uma academia de gin\u00e1stica no terceiro e uma cl\u00ednica de procedimentos de bronzeamento no t\u00e9rreo.<\/p>\n<\/div>\n<p><script async src=\"\/\/platform.twitter.com\/widgets.js\" charset=\"utf-8\"><\/script><br \/>\n<br \/><br \/>\n<br \/><a href=\"https:\/\/www.tribunaribeirao.com.br\/resgatado-ultimo-corpo-soterrado\/\">Source link <\/a><\/p>\n<!-- CONTENT END 1 -->\n","protected":false},"excerpt":{"rendered":"<p>&#13; &#13; &#13; 7 de mar\u00e7o de 2026 08:357 de mar\u00e7o de 2026 00:41 &#13; Compartilhar0 O \u00faltimo corpo foi localizado e retirado dos escombros&#8230;<\/p>\n","protected":false},"author":1,"featured_media":83024,"comment_status":"open","ping_status":"open","sticky":false,"template":"","format":"standard","meta":{"advanced_seo_description":"","jetpack_seo_html_title":"","jetpack_seo_noindex":false,"jetpack_post_was_ever_published":false,"_jetpack_newsletter_access":"","_jetpack_dont_email_post_to_subs":false,"_jetpack_newsletter_tier_id":0,"_jetpack_memberships_contains_paywalled_content":false,"_jetpack_memberships_contains_paid_content":false,"footnotes":"","jetpack_publicize_message":"","jetpack_publicize_feature_enabled":true,"jetpack_social_post_already_shared":true,"jetpack_social_options":{"image_generator_settings":{"template":"highway","default_image_id":0,"font":"","enabled":false},"version":2}},"categories":[11],"tags":[],"class_list":["post-83023","post","type-post","status-publish","format-standard","has-post-thumbnail","hentry","category-noticias-de-ribeirao-preto-sp-e-regiao-ismael-colosi"],"jetpack_publicize_connections":[],"jetpack_featured_media_url":"https:\/\/i0.wp.com\/noticiasribeiraopreto.com.br\/wp-content\/uploads\/2026\/03\/PredioMG-Divulgacao-Bombeiros-de-Minas-Gerais.jpg?fit=1170%2C700&ssl=1","jetpack-related-posts":[{"id":83630,"url":"https:\/\/noticiasribeiraopreto.com.br\/index.php\/2026\/03\/22\/saiba-a-previsao-do-tempo-para-ribeirao-preto-nos-proximos-7-dias\/","url_meta":{"origin":83023,"position":0},"title":"Saiba a previs\u00e3o do tempo para Ribeir\u00e3o Preto nos pr\u00f3ximos 7 dias","author":"noticiasribeiraopreto.com.br","date":"22 de March de 2026","format":false,"excerpt":"A semana deve come\u00e7ar em Ribeir\u00e3o Preto com possibilidade de pancadas de chuva no final da tarde, segundo a Climatempo. Contudo, os meteorologistas apontam que, a partir do final da pr\u00f3xima semana, o tempo deve permanecer firme na cidade. Veja a previs\u00e3o do tempo Segunda-feira, 23 de mar\u00e7o M\u00e1xima: 30\u00b0\u2026","rel":"","context":"In &quot;Not\u00edcias de Ribeir\u00e3o Preto-SP e Regi\u00e3o&quot;","block_context":{"text":"Not\u00edcias de Ribeir\u00e3o Preto-SP e Regi\u00e3o","link":"https:\/\/noticiasribeiraopreto.com.br\/index.php\/category\/noticias-de-ribeirao-preto-sp-e-regiao-ismael-colosi\/"},"img":{"alt_text":"","src":"https:\/\/i0.wp.com\/noticiasribeiraopreto.com.br\/wp-content\/uploads\/2026\/03\/WhatsApp-Image-2026-01-21-at-05.57.30_2026-01-21_09-40-11-e1768988461559.webp.webp?fit=834%2C553&ssl=1&resize=350%2C200","width":350,"height":200,"srcset":"https:\/\/i0.wp.com\/noticiasribeiraopreto.com.br\/wp-content\/uploads\/2026\/03\/WhatsApp-Image-2026-01-21-at-05.57.30_2026-01-21_09-40-11-e1768988461559.webp.webp?fit=834%2C553&ssl=1&resize=350%2C200 1x, https:\/\/i0.wp.com\/noticiasribeiraopreto.com.br\/wp-content\/uploads\/2026\/03\/WhatsApp-Image-2026-01-21-at-05.57.30_2026-01-21_09-40-11-e1768988461559.webp.webp?fit=834%2C553&ssl=1&resize=525%2C300 1.5x, https:\/\/i0.wp.com\/noticiasribeiraopreto.com.br\/wp-content\/uploads\/2026\/03\/WhatsApp-Image-2026-01-21-at-05.57.30_2026-01-21_09-40-11-e1768988461559.webp.webp?fit=834%2C553&ssl=1&resize=700%2C400 2x"},"classes":[]},{"id":80723,"url":"https:\/\/noticiasribeiraopreto.com.br\/index.php\/2025\/12\/12\/comercial-conhece-tabela-da-1a-fase-do-paulistao-a4-2026-confira\/","url_meta":{"origin":83023,"position":1},"title":"Comercial conhece tabela da 1\u00aa fase do Paulist\u00e3o A4 2026; Confira","author":"noticiasribeiraopreto.com.br","date":"12 de December de 2025","format":false,"excerpt":"A tabela b\u00e1sica de jogos do Paulist\u00e3o A4 2026 est\u00e1 definida. O Comercial estreia contra o Ecus, fora de casa \u2013 veja a tabela abaixo. A competi\u00e7\u00e3o tem in\u00edcio no primeiro final de semana de fevereiro e a decis\u00e3o est\u00e1 prevista para o dia 10 de maio. Regulamento Com a\u2026","rel":"","context":"In &quot;Not\u00edcias de Ribeir\u00e3o Preto-SP e Regi\u00e3o&quot;","block_context":{"text":"Not\u00edcias de Ribeir\u00e3o Preto-SP e Regi\u00e3o","link":"https:\/\/noticiasribeiraopreto.com.br\/index.php\/category\/noticias-de-ribeirao-preto-sp-e-regiao-ismael-colosi\/"},"img":{"alt_text":"","src":"https:\/\/i0.wp.com\/noticiasribeiraopreto.com.br\/wp-content\/uploads\/2025\/12\/roberval_2025-12-11_21-03-39.webp.webp?fit=1200%2C903&ssl=1&resize=350%2C200","width":350,"height":200,"srcset":"https:\/\/i0.wp.com\/noticiasribeiraopreto.com.br\/wp-content\/uploads\/2025\/12\/roberval_2025-12-11_21-03-39.webp.webp?fit=1200%2C903&ssl=1&resize=350%2C200 1x, https:\/\/i0.wp.com\/noticiasribeiraopreto.com.br\/wp-content\/uploads\/2025\/12\/roberval_2025-12-11_21-03-39.webp.webp?fit=1200%2C903&ssl=1&resize=525%2C300 1.5x, https:\/\/i0.wp.com\/noticiasribeiraopreto.com.br\/wp-content\/uploads\/2025\/12\/roberval_2025-12-11_21-03-39.webp.webp?fit=1200%2C903&ssl=1&resize=700%2C400 2x, https:\/\/i0.wp.com\/noticiasribeiraopreto.com.br\/wp-content\/uploads\/2025\/12\/roberval_2025-12-11_21-03-39.webp.webp?fit=1200%2C903&ssl=1&resize=1050%2C600 3x"},"classes":[]},{"id":83473,"url":"https:\/\/noticiasribeiraopreto.com.br\/index.php\/2026\/03\/19\/bolsa-familia-atende-19-999-familias-na-cidade\/","url_meta":{"origin":83023,"position":2},"title":"Bolsa Fam\u00edlia atende 19.999\u2028 fam\u00edlias na cidade","author":"noticiasribeiraopreto.com.br","date":"19 de March de 2026","format":false,"excerpt":"\r \r \r 19 de mar\u00e7o de 2026 06:2419 de mar\u00e7o de 2026 06:28 \r Compartilhar0 O pagamento do Bolsa Fam\u00edlia come\u00e7ou nesta quarta-feira, 18 de mar\u00e7o, e segue at\u00e9 o dia 31, conforme o \u00faltimo d\u00edgito do N\u00famero de Identifica\u00e7\u00e3o Social (NIS) de cada benefici\u00e1rio. Neste m\u00eas, o programa\u2026","rel":"","context":"In &quot;Not\u00edcias de Ribeir\u00e3o Preto-SP e Regi\u00e3o&quot;","block_context":{"text":"Not\u00edcias de Ribeir\u00e3o Preto-SP e Regi\u00e3o","link":"https:\/\/noticiasribeiraopreto.com.br\/index.php\/category\/noticias-de-ribeirao-preto-sp-e-regiao-ismael-colosi\/"},"img":{"alt_text":"","src":"https:\/\/i0.wp.com\/noticiasribeiraopreto.com.br\/wp-content\/uploads\/2026\/03\/Bolsa-Lyon-Santos-MDS.jpg?fit=768%2C512&ssl=1&resize=350%2C200","width":350,"height":200,"srcset":"https:\/\/i0.wp.com\/noticiasribeiraopreto.com.br\/wp-content\/uploads\/2026\/03\/Bolsa-Lyon-Santos-MDS.jpg?fit=768%2C512&ssl=1&resize=350%2C200 1x, https:\/\/i0.wp.com\/noticiasribeiraopreto.com.br\/wp-content\/uploads\/2026\/03\/Bolsa-Lyon-Santos-MDS.jpg?fit=768%2C512&ssl=1&resize=525%2C300 1.5x, https:\/\/i0.wp.com\/noticiasribeiraopreto.com.br\/wp-content\/uploads\/2026\/03\/Bolsa-Lyon-Santos-MDS.jpg?fit=768%2C512&ssl=1&resize=700%2C400 2x"},"classes":[]},{"id":83045,"url":"https:\/\/noticiasribeiraopreto.com.br\/index.php\/2026\/03\/07\/festival-dos-saberes-chega-a-ribeirao-preto-com-entrada-gratuita\/","url_meta":{"origin":83023,"position":3},"title":"Festival dos Saberes chega a Ribeir\u00e3o Preto com entrada gratuita","author":"noticiasribeiraopreto.com.br","date":"7 de March de 2026","format":false,"excerpt":"O Festival Encontro dos Saberes chega a Ribeir\u00e3o Preto, dos dias 20 a 22 de mar\u00e7o, no Centro Cultural Sesi; a entrada \u00e9 gratuita e aberta ao p\u00fablico. A a\u00e7\u00e3o tamb\u00e9m conta com uma exposi\u00e7\u00e3o fotogr\u00e1fica, no Centro Cultural Palace, a partir do dia 23 de mar\u00e7o e vai at\u00e9\u2026","rel":"","context":"In &quot;Not\u00edcias de Ribeir\u00e3o Preto-SP e Regi\u00e3o&quot;","block_context":{"text":"Not\u00edcias de Ribeir\u00e3o Preto-SP e Regi\u00e3o","link":"https:\/\/noticiasribeiraopreto.com.br\/index.php\/category\/noticias-de-ribeirao-preto-sp-e-regiao-ismael-colosi\/"},"img":{"alt_text":"","src":"https:\/\/i0.wp.com\/noticiasribeiraopreto.com.br\/wp-content\/uploads\/2026\/03\/luis_2026-03-06_19-23-33-684x1024.webp.webp?fit=684%2C1024&ssl=1&resize=350%2C200","width":350,"height":200,"srcset":"https:\/\/i0.wp.com\/noticiasribeiraopreto.com.br\/wp-content\/uploads\/2026\/03\/luis_2026-03-06_19-23-33-684x1024.webp.webp?fit=684%2C1024&ssl=1&resize=350%2C200 1x, https:\/\/i0.wp.com\/noticiasribeiraopreto.com.br\/wp-content\/uploads\/2026\/03\/luis_2026-03-06_19-23-33-684x1024.webp.webp?fit=684%2C1024&ssl=1&resize=525%2C300 1.5x"},"classes":[]},{"id":85220,"url":"https:\/\/noticiasribeiraopreto.com.br\/index.php\/2026\/04\/25\/inadimplencia-bate-recordes-em-rp\/","url_meta":{"origin":83023,"position":4},"title":"Inadimpl\u00eancia bate recordes em RP","author":"noticiasribeiraopreto.com.br","date":"25 de April de 2026","format":false,"excerpt":"Ribeir\u00e3o Preto fechou o ano passado com 318.910 inadimplentes em dezembro e abriu 2026 com 320.599 em janeiro, mas este n\u00famero saltou a 321.888 em fevereiro e disparou para 326.656 no m\u00eas de mar\u00e7o, 4.768 a mais, crescimento de 1,48% e novo recorde hist\u00f3rico da s\u00e9rie divulgada mensalmente pela Serasa\u2026","rel":"","context":"In &quot;Not\u00edcias de Ribeir\u00e3o Preto-SP e Regi\u00e3o&quot;","block_context":{"text":"Not\u00edcias de Ribeir\u00e3o Preto-SP e Regi\u00e3o","link":"https:\/\/noticiasribeiraopreto.com.br\/index.php\/category\/noticias-de-ribeirao-preto-sp-e-regiao-ismael-colosi\/"},"img":{"alt_text":"","src":"https:\/\/i0.wp.com\/noticiasribeiraopreto.com.br\/wp-content\/uploads\/2026\/04\/Calote-Divulgacao-Receita-Federal.jpg?fit=1170%2C700&ssl=1&resize=350%2C200","width":350,"height":200,"srcset":"https:\/\/i0.wp.com\/noticiasribeiraopreto.com.br\/wp-content\/uploads\/2026\/04\/Calote-Divulgacao-Receita-Federal.jpg?fit=1170%2C700&ssl=1&resize=350%2C200 1x, https:\/\/i0.wp.com\/noticiasribeiraopreto.com.br\/wp-content\/uploads\/2026\/04\/Calote-Divulgacao-Receita-Federal.jpg?fit=1170%2C700&ssl=1&resize=525%2C300 1.5x, https:\/\/i0.wp.com\/noticiasribeiraopreto.com.br\/wp-content\/uploads\/2026\/04\/Calote-Divulgacao-Receita-Federal.jpg?fit=1170%2C700&ssl=1&resize=700%2C400 2x, https:\/\/i0.wp.com\/noticiasribeiraopreto.com.br\/wp-content\/uploads\/2026\/04\/Calote-Divulgacao-Receita-Federal.jpg?fit=1170%2C700&ssl=1&resize=1050%2C600 3x"},"classes":[]},{"id":83207,"url":"https:\/\/noticiasribeiraopreto.com.br\/index.php\/2026\/03\/12\/usp-ribeirao-preto-abre-inscricoes-para-oficinas-culturais-de-fotografia-forro-e-teatro\/","url_meta":{"origin":83023,"position":5},"title":"USP Ribeir\u00e3o Preto abre inscri\u00e7\u00f5es para oficinas culturais de fotografia, forr\u00f3 e teatro","author":"noticiasribeiraopreto.com.br","date":"12 de March de 2026","format":false,"excerpt":"A Universidade de S\u00e3o Paulo (USP) em Ribeir\u00e3o Preto est\u00e1 com inscri\u00e7\u00f5es abertas para as primeiras oficinas culturais de 2026, promovidas pela Se\u00e7\u00e3o de Atividades Culturais da Prefeitura do campus. As vagas s\u00e3o limitadas e, nesta primeira etapa, est\u00e3o dispon\u00edveis cursos de Fotografia B\u00e1sica, Forr\u00f3 Universit\u00e1rio e atividades do N\u00facleo\u2026","rel":"","context":"In &quot;Not\u00edcias de Ribeir\u00e3o Preto-SP e Regi\u00e3o&quot;","block_context":{"text":"Not\u00edcias de Ribeir\u00e3o Preto-SP e Regi\u00e3o","link":"https:\/\/noticiasribeiraopreto.com.br\/index.php\/category\/noticias-de-ribeirao-preto-sp-e-regiao-ismael-colosi\/"},"img":{"alt_text":"","src":"https:\/\/i0.wp.com\/noticiasribeiraopreto.com.br\/wp-content\/uploads\/2026\/03\/palace-65_2026-03-11_21-26-26.webp.webp?fit=1200%2C675&ssl=1&resize=350%2C200","width":350,"height":200,"srcset":"https:\/\/i0.wp.com\/noticiasribeiraopreto.com.br\/wp-content\/uploads\/2026\/03\/palace-65_2026-03-11_21-26-26.webp.webp?fit=1200%2C675&ssl=1&resize=350%2C200 1x, https:\/\/i0.wp.com\/noticiasribeiraopreto.com.br\/wp-content\/uploads\/2026\/03\/palace-65_2026-03-11_21-26-26.webp.webp?fit=1200%2C675&ssl=1&resize=525%2C300 1.5x, https:\/\/i0.wp.com\/noticiasribeiraopreto.com.br\/wp-content\/uploads\/2026\/03\/palace-65_2026-03-11_21-26-26.webp.webp?fit=1200%2C675&ssl=1&resize=700%2C400 2x, https:\/\/i0.wp.com\/noticiasribeiraopreto.com.br\/wp-content\/uploads\/2026\/03\/palace-65_2026-03-11_21-26-26.webp.webp?fit=1200%2C675&ssl=1&resize=1050%2C600 3x"},"classes":[]}],"jetpack_sharing_enabled":true,"jetpack_shortlink":"https:\/\/wp.me\/peQAOb-lB5","_links":{"self":[{"href":"https:\/\/noticiasribeiraopreto.com.br\/index.php\/wp-json\/wp\/v2\/posts\/83023","targetHints":{"allow":["GET"]}}],"collection":[{"href":"https:\/\/noticiasribeiraopreto.com.br\/index.php\/wp-json\/wp\/v2\/posts"}],"about":[{"href":"https:\/\/noticiasribeiraopreto.com.br\/index.php\/wp-json\/wp\/v2\/types\/post"}],"author":[{"embeddable":true,"href":"https:\/\/noticiasribeiraopreto.com.br\/index.php\/wp-json\/wp\/v2\/users\/1"}],"replies":[{"embeddable":true,"href":"https:\/\/noticiasribeiraopreto.com.br\/index.php\/wp-json\/wp\/v2\/comments?post=83023"}],"version-history":[{"count":0,"href":"https:\/\/noticiasribeiraopreto.com.br\/index.php\/wp-json\/wp\/v2\/posts\/83023\/revisions"}],"wp:featuredmedia":[{"embeddable":true,"href":"https:\/\/noticiasribeiraopreto.com.br\/index.php\/wp-json\/wp\/v2\/media\/83024"}],"wp:attachment":[{"href":"https:\/\/noticiasribeiraopreto.com.br\/index.php\/wp-json\/wp\/v2\/media?parent=83023"}],"wp:term":[{"taxonomy":"category","embeddable":true,"href":"https:\/\/noticiasribeiraopreto.com.br\/index.php\/wp-json\/wp\/v2\/categories?post=83023"},{"taxonomy":"post_tag","embeddable":true,"href":"https:\/\/noticiasribeiraopreto.com.br\/index.php\/wp-json\/wp\/v2\/tags?post=83023"}],"curies":[{"name":"wp","href":"https:\/\/api.w.org\/{rel}","templated":true}]}}