{"id":83025,"date":"2026-03-07T09:06:15","date_gmt":"2026-03-07T12:06:15","guid":{"rendered":"https:\/\/noticiasribeiraopreto.com.br\/index.php\/2026\/03\/07\/vacina-butantan-dv-mantem-805-de-eficacia\/"},"modified":"2026-03-07T09:06:15","modified_gmt":"2026-03-07T12:06:15","slug":"vacina-butantan-dv-mantem-805-de-eficacia","status":"publish","type":"post","link":"https:\/\/noticiasribeiraopreto.com.br\/index.php\/2026\/03\/07\/vacina-butantan-dv-mantem-805-de-eficacia\/","title":{"rendered":"Vacina Butantan-DV mant\u00e9m 80,5% de efic\u00e1cia"},"content":{"rendered":"<div class='code-block code-block-1' style='margin: 8px 0 8px auto; text-align: right; display: block; clear: both;'>\n<p><a href=\"https:\/\/wa.link\/vpicfd\"><img data-recalc-dims=\"1\" class=\"wp-image-4922\" style=\"aspect-ratio: 2.0253164556962027; width: 561px; height: auto;\" src=\"https:\/\/i0.wp.com\/ismaelcolosi.com.br\/wp-content\/uploads\/2023\/11\/grupo-de-empregos-whatsapp-e-facebook-ismael-colosi-vagas.jpg?ssl=1\" alt=\"\" \/><\/a><\/p>\n<!-- \/wp:image -->\n<\/div>\n<p> <br \/>\n<\/p>\n<div id=\"\">&#13;<br \/>\n\t\t\t\t\t\t\t\t&#13;<\/p>\n<p>&#13;<br \/>\n\t\t\t\t\t\t\t\t\t<span class=\"entry-meta-item penci-posted-on\"><i class=\"fa fa-clock-o\"\/><time class=\"entry-date published\" datetime=\"2026-03-07T09:05:01-03:00\">7 de mar\u00e7o de 2026 09:05<\/time><time class=\"updated\" datetime=\"2026-03-07T00:45:48-03:00\">7 de mar\u00e7o de 2026 00:45<\/time><\/span><span class=\"entry-meta-item penci-post-countview\"\/>\t\t\t\t\t\t\t\t<\/p>\n<p><!-- .entry-meta -->&#13;<br \/>\n\t\t\t\t\t\t\t\t<span class=\"penci-social-buttons penci-social-share-footer\"><span class=\"penci-social-share-text\">Compartilhar<\/span><a href=\"#\" class=\"penci-post-like penci_post-meta_item  single-like-button penci-social-item like\" data-post_id=\"456654\" title=\"Like\" data-like=\"Like\" data-unlike=\"Unlike\"><i class=\"fa fa-thumbs-o-up\"\/><span class=\"penci-share-number\">0<\/span><\/a><i class=\"fa fa-facebook\"\/><a class=\"penci-social-item twitter\" target=\"_blank\" rel=\"noopener\" title=\"\" href=\"https:\/\/twitter.com\/intent\/tweet?text=Vacina%20Butantan-DV%20mant\u00e9m%2080,5%20de%20efic\u00e1cia%20-%20https:\/\/www.tribunaribeirao.com.br\/vacina-butantan-dv-mantem-805-de-eficacia\/\"><i class=\"fa fa-twitter\"\/><\/a><i class=\"fa fa-linkedin\"\/><i class=\"fa fa-whatsapp\"\/><i class=\"fa fa-telegram\"\/><i class=\"fa fa-envelope\"\/><\/span>\t\t\t\t\t\t\t<\/div>\n<div>\n<p>Um estudo publicado na revista cient\u00edfica Nature Medicine na quarta-feira, 4 de mar\u00e7o, indica que a vacina tetravalente Butantan-DV, desenvolvida pelo Instituto Butantan, manteve efic\u00e1cia de 80,5% contra casos de dengue grave ou dengue com sinais de alarme ao longo de cinco anos de acompanhamento. No per\u00edodo, a efic\u00e1cia geral contra dengue sintom\u00e1tica confirmada foi de cerca de 65%.<\/p>\n<p>A pesquisa acompanhou 16.235 pessoas de 2 a 59 anos. O estudo \u00e9 um ensaio cl\u00ednico de fase 3, randomizado, duplo-cego e controlado por placebo, modelo considerado o padr\u00e3o-ouro para avaliar a efic\u00e1cia de vacinas. Al\u00e9m da alta prote\u00e7\u00e3o contra quadros graves, a an\u00e1lise mostrou que a Butantan-DV protegeu contra hospitaliza\u00e7\u00f5es por dengue, j\u00e1 que n\u00e3o houve nenhum registro de interna\u00e7\u00e3o no grupo vacinado (10.259), contra oito casos no grupo placebo (5.976).<\/p>\n<p>A an\u00e1lise tamb\u00e9m mostra que a prote\u00e7\u00e3o variou conforme o hist\u00f3rico de exposi\u00e7\u00e3o ao v\u00edrus. Entre pessoas que j\u00e1 tinham tido dengue, a efic\u00e1cia foi maior (77,1%), enquanto entre indiv\u00edduos sem infec\u00e7\u00e3o pr\u00e9via foi de 58,9%. Em rela\u00e7\u00e3o aos sorotipos, a vacina teve 73% de efic\u00e1cia contra DENV-1 e 55,7% contra DENV-2. Durante o per\u00edodo de acompanhamento n\u00e3o houve casos de DENV-3 ou DENV-4 entre os participantes, o que impediu avaliar a prote\u00e7\u00e3o contra esses sorotipos.<\/p>\n<p>O estudo foi conduzido em 16 centros de pesquisa distribu\u00eddos pelas cinco regi\u00f5es do Brasil e contou com financiamento do Minist\u00e9rio da Sa\u00fade, do Banco Nacional de Desenvolvimento Econ\u00f4mico e Social (BNDES), da Funda\u00e7\u00e3o de Amparo \u00e0 Pesquisa do Estado de S\u00e3o Paulo (Fapesp) e da Funda\u00e7\u00e3o Butantan.<\/p>\n<p><strong>Prote\u00e7\u00e3o com dose \u00fanica \u2013<\/strong> A vacina \u00e9 composta pelos quatro sorotipos do v\u00edrus da dengue e utiliza a tecnologia de v\u00edrus atenuado, ou seja, v\u00edrus vivos enfraquecidos em laborat\u00f3rio para n\u00e3o causar a doen\u00e7a, mas ainda capazes de estimular o sistema imunol\u00f3gico. As cepas utilizadas s\u00e3o baseadas em uma tecnologia originalmente desenvolvida pelos Institutos Nacionais de Sa\u00fade dos Estados Unidos (NIH).<\/p>\n<p>O grande diferencial da Butantan-DV \u00e9 o seu esquema de dose \u00fanica. A necessidade de apenas uma dose da vacina est\u00e1 ligada \u00e0 alta capacidade de replica\u00e7\u00e3o inicial do v\u00edrus vacinal. Esse processo desencadeia uma resposta imune forte j\u00e1 na primeira aplica\u00e7\u00e3o, suficiente para impedir que doses posteriores consigam se replicar no organismo.<\/p>\n<p>Outros estudos mostraram que uma segunda dose n\u00e3o provoca nova viremia \u2013 ou seja, o v\u00edrus vacinal n\u00e3o volta a circular no sangue \u2013 nem aumenta a produ\u00e7\u00e3o de anticorpos. Isso indica que a primeira aplica\u00e7\u00e3o j\u00e1 alcan\u00e7a o n\u00edvel de prote\u00e7\u00e3o necess\u00e1rio. Esse comportamento tamb\u00e9m \u00e9 observado em outras vacinas bem-sucedidas feitas com v\u00edrus vivos atenuados.<\/p>\n<p>Em outras vacinas que exigem duas doses, cerca de 40% a 43% da popula\u00e7\u00e3o retorna para tomar a segunda. Quem n\u00e3o completa o esquema vacinal tamb\u00e9m n\u00e3o tem a prote\u00e7\u00e3o completa. A vacina foi aprovada pela Ag\u00eancia Nacional de Vigil\u00e2ncia Sanit\u00e1ria (Anvisa) em novembro de 2025.<\/p>\n<p>Desde ent\u00e3o, o Butantan enviou quase 1,3 milh\u00e3o de doses ao Programa Nacional de Imuniza\u00e7\u00f5es (PNI), respons\u00e1vel por distribu\u00ed-las ao Sistema \u00danico de Sa\u00fade (SUS). Estima-se que, no Estado de S\u00e3o Paulo, cerca de 50 mil doses foram aplicadas at\u00e9 o momento.<\/p>\n<\/div>\n<p><script async src=\"\/\/platform.twitter.com\/widgets.js\" charset=\"utf-8\"><\/script><br \/>\n<br \/><br \/>\n<br \/><a href=\"https:\/\/www.tribunaribeirao.com.br\/vacina-butantan-dv-mantem-805-de-eficacia\/\">Source link <\/a><\/p>\n<!-- CONTENT END 1 -->\n","protected":false},"excerpt":{"rendered":"<p>&#13; &#13; &#13; 7 de mar\u00e7o de 2026 09:057 de mar\u00e7o de 2026 00:45 &#13; Compartilhar0 Um estudo publicado na revista cient\u00edfica Nature Medicine na&#8230;<\/p>\n","protected":false},"author":1,"featured_media":83026,"comment_status":"open","ping_status":"open","sticky":false,"template":"","format":"standard","meta":{"advanced_seo_description":"","jetpack_seo_html_title":"","jetpack_seo_noindex":false,"jetpack_post_was_ever_published":false,"_jetpack_newsletter_access":"","_jetpack_dont_email_post_to_subs":false,"_jetpack_newsletter_tier_id":0,"_jetpack_memberships_contains_paywalled_content":false,"_jetpack_memberships_contains_paid_content":false,"footnotes":"","jetpack_publicize_message":"","jetpack_publicize_feature_enabled":true,"jetpack_social_post_already_shared":true,"jetpack_social_options":{"image_generator_settings":{"template":"highway","default_image_id":0,"font":"","enabled":false},"version":2}},"categories":[11],"tags":[],"class_list":["post-83025","post","type-post","status-publish","format-standard","has-post-thumbnail","hentry","category-noticias-de-ribeirao-preto-sp-e-regiao-ismael-colosi"],"jetpack_publicize_connections":[],"jetpack_featured_media_url":"https:\/\/i0.wp.com\/noticiasribeiraopreto.com.br\/wp-content\/uploads\/2026\/03\/Butanvac-Walterson-Rosa-MS.jpg?fit=1170%2C700&ssl=1","jetpack-related-posts":[{"id":83473,"url":"https:\/\/noticiasribeiraopreto.com.br\/index.php\/2026\/03\/19\/bolsa-familia-atende-19-999-familias-na-cidade\/","url_meta":{"origin":83025,"position":0},"title":"Bolsa Fam\u00edlia atende 19.999\u2028 fam\u00edlias na cidade","author":"noticiasribeiraopreto.com.br","date":"19 de March de 2026","format":false,"excerpt":"\r \r \r 19 de mar\u00e7o de 2026 06:2419 de mar\u00e7o de 2026 06:28 \r Compartilhar0 O pagamento do Bolsa Fam\u00edlia come\u00e7ou nesta quarta-feira, 18 de mar\u00e7o, e segue at\u00e9 o dia 31, conforme o \u00faltimo d\u00edgito do N\u00famero de Identifica\u00e7\u00e3o Social (NIS) de cada benefici\u00e1rio. Neste m\u00eas, o programa\u2026","rel":"","context":"In &quot;Not\u00edcias de Ribeir\u00e3o Preto-SP e Regi\u00e3o&quot;","block_context":{"text":"Not\u00edcias de Ribeir\u00e3o Preto-SP e Regi\u00e3o","link":"https:\/\/noticiasribeiraopreto.com.br\/index.php\/category\/noticias-de-ribeirao-preto-sp-e-regiao-ismael-colosi\/"},"img":{"alt_text":"","src":"https:\/\/i0.wp.com\/noticiasribeiraopreto.com.br\/wp-content\/uploads\/2026\/03\/Bolsa-Lyon-Santos-MDS.jpg?fit=768%2C512&ssl=1&resize=350%2C200","width":350,"height":200,"srcset":"https:\/\/i0.wp.com\/noticiasribeiraopreto.com.br\/wp-content\/uploads\/2026\/03\/Bolsa-Lyon-Santos-MDS.jpg?fit=768%2C512&ssl=1&resize=350%2C200 1x, https:\/\/i0.wp.com\/noticiasribeiraopreto.com.br\/wp-content\/uploads\/2026\/03\/Bolsa-Lyon-Santos-MDS.jpg?fit=768%2C512&ssl=1&resize=525%2C300 1.5x, https:\/\/i0.wp.com\/noticiasribeiraopreto.com.br\/wp-content\/uploads\/2026\/03\/Bolsa-Lyon-Santos-MDS.jpg?fit=768%2C512&ssl=1&resize=700%2C400 2x"},"classes":[]},{"id":80723,"url":"https:\/\/noticiasribeiraopreto.com.br\/index.php\/2025\/12\/12\/comercial-conhece-tabela-da-1a-fase-do-paulistao-a4-2026-confira\/","url_meta":{"origin":83025,"position":1},"title":"Comercial conhece tabela da 1\u00aa fase do Paulist\u00e3o A4 2026; Confira","author":"noticiasribeiraopreto.com.br","date":"12 de December de 2025","format":false,"excerpt":"A tabela b\u00e1sica de jogos do Paulist\u00e3o A4 2026 est\u00e1 definida. O Comercial estreia contra o Ecus, fora de casa \u2013 veja a tabela abaixo. A competi\u00e7\u00e3o tem in\u00edcio no primeiro final de semana de fevereiro e a decis\u00e3o est\u00e1 prevista para o dia 10 de maio. Regulamento Com a\u2026","rel":"","context":"In &quot;Not\u00edcias de Ribeir\u00e3o Preto-SP e Regi\u00e3o&quot;","block_context":{"text":"Not\u00edcias de Ribeir\u00e3o Preto-SP e Regi\u00e3o","link":"https:\/\/noticiasribeiraopreto.com.br\/index.php\/category\/noticias-de-ribeirao-preto-sp-e-regiao-ismael-colosi\/"},"img":{"alt_text":"","src":"https:\/\/i0.wp.com\/noticiasribeiraopreto.com.br\/wp-content\/uploads\/2025\/12\/roberval_2025-12-11_21-03-39.webp.webp?fit=1200%2C903&ssl=1&resize=350%2C200","width":350,"height":200,"srcset":"https:\/\/i0.wp.com\/noticiasribeiraopreto.com.br\/wp-content\/uploads\/2025\/12\/roberval_2025-12-11_21-03-39.webp.webp?fit=1200%2C903&ssl=1&resize=350%2C200 1x, https:\/\/i0.wp.com\/noticiasribeiraopreto.com.br\/wp-content\/uploads\/2025\/12\/roberval_2025-12-11_21-03-39.webp.webp?fit=1200%2C903&ssl=1&resize=525%2C300 1.5x, https:\/\/i0.wp.com\/noticiasribeiraopreto.com.br\/wp-content\/uploads\/2025\/12\/roberval_2025-12-11_21-03-39.webp.webp?fit=1200%2C903&ssl=1&resize=700%2C400 2x, https:\/\/i0.wp.com\/noticiasribeiraopreto.com.br\/wp-content\/uploads\/2025\/12\/roberval_2025-12-11_21-03-39.webp.webp?fit=1200%2C903&ssl=1&resize=1050%2C600 3x"},"classes":[]},{"id":85093,"url":"https:\/\/noticiasribeiraopreto.com.br\/index.php\/2026\/04\/21\/preco-medio-do-frete-sobe-336-em-marco\/","url_meta":{"origin":83025,"position":2},"title":"Pre\u00e7o m\u00e9dio do frete \u2028sobe 3,36% em mar\u00e7o","author":"noticiasribeiraopreto.com.br","date":"21 de April de 2026","format":false,"excerpt":"\r \r \r 21 de abril de 2026 14:2321 de abril de 2026 11:25 \r Compartilhar0 O pre\u00e7o m\u00e9dio do frete rodovi\u00e1rio por quil\u00f4metro rodado no Brasil fechou mar\u00e7o em R$ 7,99, alta de 3,36% em rela\u00e7\u00e3o a fevereiro (R$ 7,73), segundo a mais recente an\u00e1lise do \u00cdndice de Frete\u2026","rel":"","context":"In &quot;Not\u00edcias de Ribeir\u00e3o Preto-SP e Regi\u00e3o&quot;","block_context":{"text":"Not\u00edcias de Ribeir\u00e3o Preto-SP e Regi\u00e3o","link":"https:\/\/noticiasribeiraopreto.com.br\/index.php\/category\/noticias-de-ribeirao-preto-sp-e-regiao-ismael-colosi\/"},"img":{"alt_text":"","src":"https:\/\/i0.wp.com\/noticiasribeiraopreto.com.br\/wp-content\/uploads\/2026\/04\/Frete-Paulo-Whitaker-Reuters.jpg?fit=1170%2C700&ssl=1&resize=350%2C200","width":350,"height":200,"srcset":"https:\/\/i0.wp.com\/noticiasribeiraopreto.com.br\/wp-content\/uploads\/2026\/04\/Frete-Paulo-Whitaker-Reuters.jpg?fit=1170%2C700&ssl=1&resize=350%2C200 1x, https:\/\/i0.wp.com\/noticiasribeiraopreto.com.br\/wp-content\/uploads\/2026\/04\/Frete-Paulo-Whitaker-Reuters.jpg?fit=1170%2C700&ssl=1&resize=525%2C300 1.5x, https:\/\/i0.wp.com\/noticiasribeiraopreto.com.br\/wp-content\/uploads\/2026\/04\/Frete-Paulo-Whitaker-Reuters.jpg?fit=1170%2C700&ssl=1&resize=700%2C400 2x, https:\/\/i0.wp.com\/noticiasribeiraopreto.com.br\/wp-content\/uploads\/2026\/04\/Frete-Paulo-Whitaker-Reuters.jpg?fit=1170%2C700&ssl=1&resize=1050%2C600 3x"},"classes":[]},{"id":84600,"url":"https:\/\/noticiasribeiraopreto.com.br\/index.php\/2026\/04\/13\/financiamento-de-veiculos-cresce-128-no-trimestre\/","url_meta":{"origin":83025,"position":3},"title":"Financiamento de ve\u00edculos cresce 12,8% no trimestre","author":"noticiasribeiraopreto.com.br","date":"13 de April de 2026","format":false,"excerpt":"As vendas financiadas de ve\u00edculos cresceram 12,8% no primeiro trimestre de 2026 na compara\u00e7\u00e3o com o mesmo per\u00edodo do ano passado. Ao todo foram concedidos cr\u00e9ditos na compra de 1,89 milh\u00e3o de unidades. A soma inclui autom\u00f3veis leves, motos e ve\u00edculos pesados, considerando novos e usados. Segundo o balan\u00e7o feito\u2026","rel":"","context":"In &quot;Not\u00edcias de Ribeir\u00e3o Preto-SP e Regi\u00e3o&quot;","block_context":{"text":"Not\u00edcias de Ribeir\u00e3o Preto-SP e Regi\u00e3o","link":"https:\/\/noticiasribeiraopreto.com.br\/index.php\/category\/noticias-de-ribeirao-preto-sp-e-regiao-ismael-colosi\/"},"img":{"alt_text":"","src":"https:\/\/i0.wp.com\/noticiasribeiraopreto.com.br\/wp-content\/uploads\/2026\/04\/1500mc_0062.jpg?fit=1170%2C700&ssl=1&resize=350%2C200","width":350,"height":200,"srcset":"https:\/\/i0.wp.com\/noticiasribeiraopreto.com.br\/wp-content\/uploads\/2026\/04\/1500mc_0062.jpg?fit=1170%2C700&ssl=1&resize=350%2C200 1x, https:\/\/i0.wp.com\/noticiasribeiraopreto.com.br\/wp-content\/uploads\/2026\/04\/1500mc_0062.jpg?fit=1170%2C700&ssl=1&resize=525%2C300 1.5x, https:\/\/i0.wp.com\/noticiasribeiraopreto.com.br\/wp-content\/uploads\/2026\/04\/1500mc_0062.jpg?fit=1170%2C700&ssl=1&resize=700%2C400 2x, https:\/\/i0.wp.com\/noticiasribeiraopreto.com.br\/wp-content\/uploads\/2026\/04\/1500mc_0062.jpg?fit=1170%2C700&ssl=1&resize=1050%2C600 3x"},"classes":[]},{"id":83630,"url":"https:\/\/noticiasribeiraopreto.com.br\/index.php\/2026\/03\/22\/saiba-a-previsao-do-tempo-para-ribeirao-preto-nos-proximos-7-dias\/","url_meta":{"origin":83025,"position":4},"title":"Saiba a previs\u00e3o do tempo para Ribeir\u00e3o Preto nos pr\u00f3ximos 7 dias","author":"noticiasribeiraopreto.com.br","date":"22 de March de 2026","format":false,"excerpt":"A semana deve come\u00e7ar em Ribeir\u00e3o Preto com possibilidade de pancadas de chuva no final da tarde, segundo a Climatempo. Contudo, os meteorologistas apontam que, a partir do final da pr\u00f3xima semana, o tempo deve permanecer firme na cidade. Veja a previs\u00e3o do tempo Segunda-feira, 23 de mar\u00e7o M\u00e1xima: 30\u00b0\u2026","rel":"","context":"In &quot;Not\u00edcias de Ribeir\u00e3o Preto-SP e Regi\u00e3o&quot;","block_context":{"text":"Not\u00edcias de Ribeir\u00e3o Preto-SP e Regi\u00e3o","link":"https:\/\/noticiasribeiraopreto.com.br\/index.php\/category\/noticias-de-ribeirao-preto-sp-e-regiao-ismael-colosi\/"},"img":{"alt_text":"","src":"https:\/\/i0.wp.com\/noticiasribeiraopreto.com.br\/wp-content\/uploads\/2026\/03\/WhatsApp-Image-2026-01-21-at-05.57.30_2026-01-21_09-40-11-e1768988461559.webp.webp?fit=834%2C553&ssl=1&resize=350%2C200","width":350,"height":200,"srcset":"https:\/\/i0.wp.com\/noticiasribeiraopreto.com.br\/wp-content\/uploads\/2026\/03\/WhatsApp-Image-2026-01-21-at-05.57.30_2026-01-21_09-40-11-e1768988461559.webp.webp?fit=834%2C553&ssl=1&resize=350%2C200 1x, https:\/\/i0.wp.com\/noticiasribeiraopreto.com.br\/wp-content\/uploads\/2026\/03\/WhatsApp-Image-2026-01-21-at-05.57.30_2026-01-21_09-40-11-e1768988461559.webp.webp?fit=834%2C553&ssl=1&resize=525%2C300 1.5x, https:\/\/i0.wp.com\/noticiasribeiraopreto.com.br\/wp-content\/uploads\/2026\/03\/WhatsApp-Image-2026-01-21-at-05.57.30_2026-01-21_09-40-11-e1768988461559.webp.webp?fit=834%2C553&ssl=1&resize=700%2C400 2x"},"classes":[]},{"id":85220,"url":"https:\/\/noticiasribeiraopreto.com.br\/index.php\/2026\/04\/25\/inadimplencia-bate-recordes-em-rp\/","url_meta":{"origin":83025,"position":5},"title":"Inadimpl\u00eancia bate recordes em RP","author":"noticiasribeiraopreto.com.br","date":"25 de April de 2026","format":false,"excerpt":"Ribeir\u00e3o Preto fechou o ano passado com 318.910 inadimplentes em dezembro e abriu 2026 com 320.599 em janeiro, mas este n\u00famero saltou a 321.888 em fevereiro e disparou para 326.656 no m\u00eas de mar\u00e7o, 4.768 a mais, crescimento de 1,48% e novo recorde hist\u00f3rico da s\u00e9rie divulgada mensalmente pela Serasa\u2026","rel":"","context":"In &quot;Not\u00edcias de Ribeir\u00e3o Preto-SP e Regi\u00e3o&quot;","block_context":{"text":"Not\u00edcias de Ribeir\u00e3o Preto-SP e Regi\u00e3o","link":"https:\/\/noticiasribeiraopreto.com.br\/index.php\/category\/noticias-de-ribeirao-preto-sp-e-regiao-ismael-colosi\/"},"img":{"alt_text":"","src":"https:\/\/i0.wp.com\/noticiasribeiraopreto.com.br\/wp-content\/uploads\/2026\/04\/Calote-Divulgacao-Receita-Federal.jpg?fit=1170%2C700&ssl=1&resize=350%2C200","width":350,"height":200,"srcset":"https:\/\/i0.wp.com\/noticiasribeiraopreto.com.br\/wp-content\/uploads\/2026\/04\/Calote-Divulgacao-Receita-Federal.jpg?fit=1170%2C700&ssl=1&resize=350%2C200 1x, https:\/\/i0.wp.com\/noticiasribeiraopreto.com.br\/wp-content\/uploads\/2026\/04\/Calote-Divulgacao-Receita-Federal.jpg?fit=1170%2C700&ssl=1&resize=525%2C300 1.5x, https:\/\/i0.wp.com\/noticiasribeiraopreto.com.br\/wp-content\/uploads\/2026\/04\/Calote-Divulgacao-Receita-Federal.jpg?fit=1170%2C700&ssl=1&resize=700%2C400 2x, https:\/\/i0.wp.com\/noticiasribeiraopreto.com.br\/wp-content\/uploads\/2026\/04\/Calote-Divulgacao-Receita-Federal.jpg?fit=1170%2C700&ssl=1&resize=1050%2C600 3x"},"classes":[]}],"jetpack_sharing_enabled":true,"jetpack_shortlink":"https:\/\/wp.me\/peQAOb-lB7","_links":{"self":[{"href":"https:\/\/noticiasribeiraopreto.com.br\/index.php\/wp-json\/wp\/v2\/posts\/83025","targetHints":{"allow":["GET"]}}],"collection":[{"href":"https:\/\/noticiasribeiraopreto.com.br\/index.php\/wp-json\/wp\/v2\/posts"}],"about":[{"href":"https:\/\/noticiasribeiraopreto.com.br\/index.php\/wp-json\/wp\/v2\/types\/post"}],"author":[{"embeddable":true,"href":"https:\/\/noticiasribeiraopreto.com.br\/index.php\/wp-json\/wp\/v2\/users\/1"}],"replies":[{"embeddable":true,"href":"https:\/\/noticiasribeiraopreto.com.br\/index.php\/wp-json\/wp\/v2\/comments?post=83025"}],"version-history":[{"count":0,"href":"https:\/\/noticiasribeiraopreto.com.br\/index.php\/wp-json\/wp\/v2\/posts\/83025\/revisions"}],"wp:featuredmedia":[{"embeddable":true,"href":"https:\/\/noticiasribeiraopreto.com.br\/index.php\/wp-json\/wp\/v2\/media\/83026"}],"wp:attachment":[{"href":"https:\/\/noticiasribeiraopreto.com.br\/index.php\/wp-json\/wp\/v2\/media?parent=83025"}],"wp:term":[{"taxonomy":"category","embeddable":true,"href":"https:\/\/noticiasribeiraopreto.com.br\/index.php\/wp-json\/wp\/v2\/categories?post=83025"},{"taxonomy":"post_tag","embeddable":true,"href":"https:\/\/noticiasribeiraopreto.com.br\/index.php\/wp-json\/wp\/v2\/tags?post=83025"}],"curies":[{"name":"wp","href":"https:\/\/api.w.org\/{rel}","templated":true}]}}