{"id":83030,"date":"2026-03-07T10:24:35","date_gmt":"2026-03-07T13:24:35","guid":{"rendered":"https:\/\/noticiasribeiraopreto.com.br\/index.php\/2026\/03\/07\/camera-de-seguranca-flagra-furto-de-moto-na-zona-leste-de-ribeirao-preto\/"},"modified":"2026-03-07T10:24:35","modified_gmt":"2026-03-07T13:24:35","slug":"camera-de-seguranca-flagra-furto-de-moto-na-zona-leste-de-ribeirao-preto","status":"publish","type":"post","link":"https:\/\/noticiasribeiraopreto.com.br\/index.php\/2026\/03\/07\/camera-de-seguranca-flagra-furto-de-moto-na-zona-leste-de-ribeirao-preto\/","title":{"rendered":"C\u00e2mera de seguran\u00e7a flagra furto de moto na zona Leste de Ribeir\u00e3o Preto"},"content":{"rendered":"<div class='code-block code-block-1' style='margin: 8px 0 8px auto; text-align: right; display: block; clear: both;'>\n<p><a href=\"https:\/\/wa.link\/vpicfd\"><img data-recalc-dims=\"1\" class=\"wp-image-4922\" style=\"aspect-ratio: 2.0253164556962027; width: 561px; height: auto;\" src=\"https:\/\/i0.wp.com\/ismaelcolosi.com.br\/wp-content\/uploads\/2023\/11\/grupo-de-empregos-whatsapp-e-facebook-ismael-colosi-vagas.jpg?ssl=1\" alt=\"\" \/><\/a><\/p>\n<!-- \/wp:image -->\n<\/div>\n<p> <br \/>\n<\/p>\n<div data-td-block-uid=\"tdi_95\">\n<div class=\"tdb-block-inner td-fix-index\">\n<p><strong>Uma mulher teve a motocicleta furtada, nesta quinta-feira (5), na zona Leste de Ribeir\u00e3o Preto<\/strong>. O crime aconteceu na rua S\u00edria, no Jardim Macedo, enquanto ela estava trabalhando.<\/p>\n<p>De acordo com a v\u00edtima,<strong> imagens de c\u00e2meras de seguran\u00e7a mostram o momento em que dois homens <\/strong>chegam ao local em uma motocicleta. Um deles desce, <strong>se aproxima do ve\u00edculo e tenta lig\u00e1-lo<\/strong>.<\/p>\n<h3 class=\"wp-block-heading\"><strong>Veja v\u00eddeo:<\/strong><\/h3>\n<blockquote class=\"instagram-media\" data-instgrm-permalink=\"https:\/\/www.instagram.com\/reel\/DVj84yZjtpt\/?utm_source=ig_embed&amp;utm_campaign=loading\" data-instgrm-version=\"14\" style=\" background:#FFF; border:0; border-radius:3px; box-shadow:0 0 1px 0 rgba(0,0,0,0.5),0 1px 10px 0 rgba(0,0,0,0.15); margin: 1px; max-width:540px; min-width:326px; padding:0; width:99.375%; width:-webkit-calc(100% - 2px); width:calc(100% - 2px);\"\/>\n<p>Ap\u00f3s algumas tentativas, o suspeito consegue dar partida na moto e foge do local com o ve\u00edculo. Toda a a\u00e7\u00e3o foi registrada pelas c\u00e2meras de monitoramento.<\/p>\n<p>A v\u00edtima contou ao <strong>acidade on<\/strong> que havia comprado a motocicleta no ano passado. Um boletim de ocorr\u00eancia foi registrado e o caso ser\u00e1 investigado pela Pol\u00edcia Civil.<\/p>\n<hr class=\"wp-block-separator has-alpha-channel-opacity\"\/>\n<p>SAIBA MAIS<br \/>Esquadrilha da Fuma\u00e7a se apresenta neste s\u00e1bado na regi\u00e3o de Ribeir\u00e3o Preto<\/p>\n<h2 class=\"wp-block-heading\"><strong>FIQUE ON<\/strong><\/h2>\n<p>Fique ligado em tudo que acontece em Ribeir\u00e3o Preto e regi\u00e3o. Siga os perfis do\u00a0<strong>acidade on\u00a0<\/strong>no\u00a0<a href=\"https:\/\/www.instagram.com\/acidadeonribeirao\" target=\"_blank\" rel=\"noreferrer noopener\">Instagram<\/a>\u00a0e no\u00a0<a href=\"https:\/\/www.facebook.com\/acidadeonribeirao\/\" target=\"_blank\" rel=\"noreferrer noopener\">Facebook<\/a>.<\/p>\n<p>Receba not\u00edcias do\u00a0<strong>acidade on<\/strong>\u00a0no WhatsApp. Para entrar no grupo,\u00a0basta<a href=\"https:\/\/chat.whatsapp.com\/GFH9HUMUTHNFJdnyEd0xxq\" target=\"_blank\" rel=\"noreferrer noopener\">\u00a0clicar aqui<\/a>. Ou, acesse o nosso\u00a0Canal\u00a0<a href=\"https:\/\/whatsapp.com\/channel\/0029Vb6IQl1JENyAeS57fk2p\" target=\"_blank\" rel=\"noreferrer noopener\">clicando aqui<\/a>.<\/p>\n<p>Fa\u00e7a uma den\u00fancia ou sugira uma reportagem sobre Ribeir\u00e3o Preto e regi\u00e3o pelo WhatsApp: 16 99117 7802.<\/p>\n<p>VEJA TAMB\u00c9M<br \/>Plantas t\u00f3xicas: veja os riscos para c\u00e3es e gatos<\/p>\n<p><!-- AI CONTENT END 1 -->\n<\/div>\n<\/div>\n<p><script async src=\"\/\/www.instagram.com\/embed.js\"><\/script><br \/>\n<br \/><br \/>\n<br \/><a href=\"https:\/\/www.acidadeon.com\/ribeiraopreto\/cotidiano\/camera-de-seguranca-flagra-furto-de-moto-na-zona-leste-de-ribeirao-preto\/\">Source link <\/a><\/p>\n<!-- CONTENT END 1 -->\n","protected":false},"excerpt":{"rendered":"<p>Uma mulher teve a motocicleta furtada, nesta quinta-feira (5), na zona Leste de Ribeir\u00e3o Preto. O crime aconteceu na rua S\u00edria, no Jardim Macedo, enquanto&#8230;<\/p>\n","protected":false},"author":1,"featured_media":83031,"comment_status":"open","ping_status":"open","sticky":false,"template":"","format":"standard","meta":{"advanced_seo_description":"","jetpack_seo_html_title":"","jetpack_seo_noindex":false,"jetpack_post_was_ever_published":false,"_jetpack_newsletter_access":"","_jetpack_dont_email_post_to_subs":false,"_jetpack_newsletter_tier_id":0,"_jetpack_memberships_contains_paywalled_content":false,"_jetpack_memberships_contains_paid_content":false,"footnotes":"","jetpack_publicize_message":"","jetpack_publicize_feature_enabled":true,"jetpack_social_post_already_shared":true,"jetpack_social_options":{"image_generator_settings":{"template":"highway","default_image_id":0,"font":"","enabled":false},"version":2}},"categories":[11],"tags":[],"class_list":["post-83030","post","type-post","status-publish","format-standard","has-post-thumbnail","hentry","category-noticias-de-ribeirao-preto-sp-e-regiao-ismael-colosi"],"jetpack_publicize_connections":[],"jetpack_featured_media_url":"https:\/\/i0.wp.com\/noticiasribeiraopreto.com.br\/wp-content\/uploads\/2026\/03\/palace-50_2026-03-06_23-31-14.webp.webp?fit=1200%2C675&ssl=1","jetpack-related-posts":[{"id":51945,"url":"https:\/\/noticiasribeiraopreto.com.br\/index.php\/2024\/06\/01\/cameras-de-seguranca-flagram-furto-de-motocicleta-na-zona-leste-de-ribeirao-preto\/","url_meta":{"origin":83030,"position":0},"title":"C\u00e2meras de seguran\u00e7a flagram furto de motocicleta na zona Leste de Ribeir\u00e3o Preto","author":"noticiasribeiraopreto.com.br","date":"1 de June de 2024","format":false,"excerpt":"C\u00e2meras de seguran\u00e7a registraram o momento em que um homem furta uma motocicleta no bairro Lagoinha, zona Leste de Ribeir\u00e3o Preto, na noite desta sexta-feira (31) \u2013 veja o v\u00eddeo abaixo. O caso aconteceu por volta das 22h45, na rua Augusto Bortoloti, pr\u00f3ximo a um pr\u00e9dio residencial, enquanto o propriet\u00e1rio\u2026","rel":"","context":"In &quot;Not\u00edcias de Ribeir\u00e3o Preto-SP e Regi\u00e3o&quot;","block_context":{"text":"Not\u00edcias de Ribeir\u00e3o Preto-SP e Regi\u00e3o","link":"https:\/\/noticiasribeiraopreto.com.br\/index.php\/category\/noticias-de-ribeirao-preto-sp-e-regiao-ismael-colosi\/"},"img":{"alt_text":"","src":"https:\/\/i0.wp.com\/noticiasribeiraopreto.com.br\/wp-content\/uploads\/2024\/06\/WhatsApp-Image-2024-06-01-at-16.18.10_2024-06-01_19-18-25_jpeg_2024-06-01_19-18-25.webp.webp?fit=750%2C421&ssl=1&resize=350%2C200","width":350,"height":200,"srcset":"https:\/\/i0.wp.com\/noticiasribeiraopreto.com.br\/wp-content\/uploads\/2024\/06\/WhatsApp-Image-2024-06-01-at-16.18.10_2024-06-01_19-18-25_jpeg_2024-06-01_19-18-25.webp.webp?fit=750%2C421&ssl=1&resize=350%2C200 1x, https:\/\/i0.wp.com\/noticiasribeiraopreto.com.br\/wp-content\/uploads\/2024\/06\/WhatsApp-Image-2024-06-01-at-16.18.10_2024-06-01_19-18-25_jpeg_2024-06-01_19-18-25.webp.webp?fit=750%2C421&ssl=1&resize=525%2C300 1.5x, https:\/\/i0.wp.com\/noticiasribeiraopreto.com.br\/wp-content\/uploads\/2024\/06\/WhatsApp-Image-2024-06-01-at-16.18.10_2024-06-01_19-18-25_jpeg_2024-06-01_19-18-25.webp.webp?fit=750%2C421&ssl=1&resize=700%2C400 2x"},"classes":[]},{"id":83210,"url":"https:\/\/noticiasribeiraopreto.com.br\/index.php\/2026\/03\/12\/video-camera-flagra-furto-de-moto-na-zona-leste\/","url_meta":{"origin":83030,"position":1},"title":"V\u00cdDEO &#8211; C\u00e2mera flagra furto de moto na zona Leste","author":"noticiasribeiraopreto.com.br","date":"12 de March de 2026","format":false,"excerpt":"\r \r \r Tr\u00eas homens com duas bicicletas se aproximaram, quebraram a trava e fugiram levando a motocicleta\r \r 12 de mar\u00e7o de 2026 12:0112 de mar\u00e7o de 2026 12:01 \r Compartilhar2 \r Por: Adalberto Luque Uma motocicleta estacionada na rua foi furtada, nesta quarta-feira (11). O ve\u00edculo estava parado\u2026","rel":"","context":"In &quot;Not\u00edcias de Ribeir\u00e3o Preto-SP e Regi\u00e3o&quot;","block_context":{"text":"Not\u00edcias de Ribeir\u00e3o Preto-SP e Regi\u00e3o","link":"https:\/\/noticiasribeiraopreto.com.br\/index.php\/category\/noticias-de-ribeirao-preto-sp-e-regiao-ismael-colosi\/"},"img":{"alt_text":"","src":"https:\/\/i0.wp.com\/noticiasribeiraopreto.com.br\/wp-content\/uploads\/2026\/03\/12-mar-2026-furtomoto1-scaled.jpg?fit=941%2C780&ssl=1&resize=350%2C200","width":350,"height":200,"srcset":"https:\/\/i0.wp.com\/noticiasribeiraopreto.com.br\/wp-content\/uploads\/2026\/03\/12-mar-2026-furtomoto1-scaled.jpg?fit=941%2C780&ssl=1&resize=350%2C200 1x, https:\/\/i0.wp.com\/noticiasribeiraopreto.com.br\/wp-content\/uploads\/2026\/03\/12-mar-2026-furtomoto1-scaled.jpg?fit=941%2C780&ssl=1&resize=525%2C300 1.5x, https:\/\/i0.wp.com\/noticiasribeiraopreto.com.br\/wp-content\/uploads\/2026\/03\/12-mar-2026-furtomoto1-scaled.jpg?fit=941%2C780&ssl=1&resize=700%2C400 2x"},"classes":[]},{"id":62153,"url":"https:\/\/noticiasribeiraopreto.com.br\/index.php\/2025\/01\/05\/morador-e-rendido-e-roubado-na-porta-de-casa-na-zona-leste-de-ribeirao-veja-video\/","url_meta":{"origin":83030,"position":2},"title":"Morador \u00e9 rendido e roubado na porta de casa na zona Leste de Ribeir\u00e3o; Veja v\u00eddeo","author":"noticiasribeiraopreto.com.br","date":"5 de January de 2025","format":false,"excerpt":"Dois criminosos assaltaram um morador que estava em frente \u00e0 sua resid\u00eancia no jardim S\u00e3o Jos\u00e9, zona Leste de Ribeir\u00e3o Preto, na manh\u00e3 deste domingo (8). O caso foi registrado por c\u00e2meras de seguran\u00e7a \u2013 veja abaixo. Nas imagens \u00e9 poss\u00edvel ver o momento que os dois homens chegam em\u2026","rel":"","context":"In &quot;Not\u00edcias de Ribeir\u00e3o Preto-SP e Regi\u00e3o&quot;","block_context":{"text":"Not\u00edcias de Ribeir\u00e3o Preto-SP e Regi\u00e3o","link":"https:\/\/noticiasribeiraopreto.com.br\/index.php\/category\/noticias-de-ribeirao-preto-sp-e-regiao-ismael-colosi\/"},"img":{"alt_text":"","src":"https:\/\/i0.wp.com\/noticiasribeiraopreto.com.br\/wp-content\/uploads\/2025\/01\/WhatsApp-Image-2025-01-05-at-19.39.33_2025-01-05_22-41-26_jpeg_2025-01-05_22-41-26.webp.webp?fit=750%2C429&ssl=1&resize=350%2C200","width":350,"height":200,"srcset":"https:\/\/i0.wp.com\/noticiasribeiraopreto.com.br\/wp-content\/uploads\/2025\/01\/WhatsApp-Image-2025-01-05-at-19.39.33_2025-01-05_22-41-26_jpeg_2025-01-05_22-41-26.webp.webp?fit=750%2C429&ssl=1&resize=350%2C200 1x, https:\/\/i0.wp.com\/noticiasribeiraopreto.com.br\/wp-content\/uploads\/2025\/01\/WhatsApp-Image-2025-01-05-at-19.39.33_2025-01-05_22-41-26_jpeg_2025-01-05_22-41-26.webp.webp?fit=750%2C429&ssl=1&resize=525%2C300 1.5x, https:\/\/i0.wp.com\/noticiasribeiraopreto.com.br\/wp-content\/uploads\/2025\/01\/WhatsApp-Image-2025-01-05-at-19.39.33_2025-01-05_22-41-26_jpeg_2025-01-05_22-41-26.webp.webp?fit=750%2C429&ssl=1&resize=700%2C400 2x"},"classes":[]},{"id":63076,"url":"https:\/\/noticiasribeiraopreto.com.br\/index.php\/2025\/02\/01\/empresario-morre-apos-acidente-com-motocicleta-na-regiao-de-ribeirao-preto\/","url_meta":{"origin":83030,"position":3},"title":"Empres\u00e1rio morre ap\u00f3s acidente com motocicleta na regi\u00e3o de Ribeir\u00e3o Preto","author":"noticiasribeiraopreto.com.br","date":"1 de February de 2025","format":false,"excerpt":"Um motociclista de 53 anos morreu ap\u00f3s um acidente neste s\u00e1bado (1\u00ba), na avenida H\u00e9rcules Pereira Hortal, em Bebedouro, cidade na regi\u00e3o de Ribeir\u00e3o Preto. De acordo com as informa\u00e7\u00f5es, Paulo S\u00e9rgio Zaparol seguia pela via quando perdeu a dire\u00e7\u00e3o da motocicleta e acabou colidindo com uma lixeira e uma\u2026","rel":"","context":"In &quot;Not\u00edcias de Ribeir\u00e3o Preto-SP e Regi\u00e3o&quot;","block_context":{"text":"Not\u00edcias de Ribeir\u00e3o Preto-SP e Regi\u00e3o","link":"https:\/\/noticiasribeiraopreto.com.br\/index.php\/category\/noticias-de-ribeirao-preto-sp-e-regiao-ismael-colosi\/"},"img":{"alt_text":"","src":"https:\/\/i0.wp.com\/noticiasribeiraopreto.com.br\/wp-content\/uploads\/2025\/02\/Copia-de-Copia-de-Copia-de-TAMANHO-EXATO-PARA-FOTOS-NO-SISTEMA-NOVO-2025-02-01T192539.802_2025-02-01_22-26-00_png_2025-02-01_22-26-00.webp.webp?fit=1200%2C675&ssl=1&resize=350%2C200","width":350,"height":200,"srcset":"https:\/\/i0.wp.com\/noticiasribeiraopreto.com.br\/wp-content\/uploads\/2025\/02\/Copia-de-Copia-de-Copia-de-TAMANHO-EXATO-PARA-FOTOS-NO-SISTEMA-NOVO-2025-02-01T192539.802_2025-02-01_22-26-00_png_2025-02-01_22-26-00.webp.webp?fit=1200%2C675&ssl=1&resize=350%2C200 1x, https:\/\/i0.wp.com\/noticiasribeiraopreto.com.br\/wp-content\/uploads\/2025\/02\/Copia-de-Copia-de-Copia-de-TAMANHO-EXATO-PARA-FOTOS-NO-SISTEMA-NOVO-2025-02-01T192539.802_2025-02-01_22-26-00_png_2025-02-01_22-26-00.webp.webp?fit=1200%2C675&ssl=1&resize=525%2C300 1.5x, https:\/\/i0.wp.com\/noticiasribeiraopreto.com.br\/wp-content\/uploads\/2025\/02\/Copia-de-Copia-de-Copia-de-TAMANHO-EXATO-PARA-FOTOS-NO-SISTEMA-NOVO-2025-02-01T192539.802_2025-02-01_22-26-00_png_2025-02-01_22-26-00.webp.webp?fit=1200%2C675&ssl=1&resize=700%2C400 2x, https:\/\/i0.wp.com\/noticiasribeiraopreto.com.br\/wp-content\/uploads\/2025\/02\/Copia-de-Copia-de-Copia-de-TAMANHO-EXATO-PARA-FOTOS-NO-SISTEMA-NOVO-2025-02-01T192539.802_2025-02-01_22-26-00_png_2025-02-01_22-26-00.webp.webp?fit=1200%2C675&ssl=1&resize=1050%2C600 3x"},"classes":[]},{"id":83918,"url":"https:\/\/noticiasribeiraopreto.com.br\/index.php\/2026\/03\/28\/homem-tem-corrente-e-pulseira-de-ouro-roubadas-em-frente-a-bar-em-ribeirao-preto\/","url_meta":{"origin":83030,"position":4},"title":"Homem tem corrente e pulseira de ouro roubadas em frente a bar em Ribeir\u00e3o Preto","author":"noticiasribeiraopreto.com.br","date":"28 de March de 2026","format":false,"excerpt":"Um homem teve a corrente e a pulseira de ouro roubados enquanto estava sentado em frente a um bar, no bairro Jardim Ant\u00f4nio Palocci, na zona Leste de Ribeir\u00e3o Preto, na tarde desta sexta-feira (27). Toda a a\u00e7\u00e3o foi registrada por c\u00e2meras de seguran\u00e7a do local \u2013 veja abaixo. Nas\u2026","rel":"","context":"In &quot;Not\u00edcias de Ribeir\u00e3o Preto-SP e Regi\u00e3o&quot;","block_context":{"text":"Not\u00edcias de Ribeir\u00e3o Preto-SP e Regi\u00e3o","link":"https:\/\/noticiasribeiraopreto.com.br\/index.php\/category\/noticias-de-ribeirao-preto-sp-e-regiao-ismael-colosi\/"},"img":{"alt_text":"","src":"https:\/\/i0.wp.com\/noticiasribeiraopreto.com.br\/wp-content\/uploads\/2026\/03\/palace-10_2026-03-28_16-40-37.webp.webp?fit=1200%2C675&ssl=1&resize=350%2C200","width":350,"height":200,"srcset":"https:\/\/i0.wp.com\/noticiasribeiraopreto.com.br\/wp-content\/uploads\/2026\/03\/palace-10_2026-03-28_16-40-37.webp.webp?fit=1200%2C675&ssl=1&resize=350%2C200 1x, https:\/\/i0.wp.com\/noticiasribeiraopreto.com.br\/wp-content\/uploads\/2026\/03\/palace-10_2026-03-28_16-40-37.webp.webp?fit=1200%2C675&ssl=1&resize=525%2C300 1.5x, https:\/\/i0.wp.com\/noticiasribeiraopreto.com.br\/wp-content\/uploads\/2026\/03\/palace-10_2026-03-28_16-40-37.webp.webp?fit=1200%2C675&ssl=1&resize=700%2C400 2x, https:\/\/i0.wp.com\/noticiasribeiraopreto.com.br\/wp-content\/uploads\/2026\/03\/palace-10_2026-03-28_16-40-37.webp.webp?fit=1200%2C675&ssl=1&resize=1050%2C600 3x"},"classes":[]},{"id":67584,"url":"https:\/\/noticiasribeiraopreto.com.br\/index.php\/2025\/04\/16\/motociclista-empina-moto-bate-em-carro-estacionado-e-foge-em-ribeirao-video\/","url_meta":{"origin":83030,"position":5},"title":"Motociclista empina moto, bate em carro estacionado e foge em Ribeir\u00e3o; V\u00eddeo","author":"noticiasribeiraopreto.com.br","date":"16 de April de 2025","format":false,"excerpt":"Um motociclista causou um preju\u00edzo de pelo menos R$ 2 mil para o dono de um carro que estava estacionado em uma rua da zona Norte de Ribeir\u00e3o Preto, depois de perder o controle da dire\u00e7\u00e3o enquanto empinava a moto e bater na lateral do ve\u00edculo, na tarde desta ter\u00e7a-feira\u2026","rel":"","context":"In &quot;Not\u00edcias de Ribeir\u00e3o Preto-SP e Regi\u00e3o&quot;","block_context":{"text":"Not\u00edcias de Ribeir\u00e3o Preto-SP e Regi\u00e3o","link":"https:\/\/noticiasribeiraopreto.com.br\/index.php\/category\/noticias-de-ribeirao-preto-sp-e-regiao-ismael-colosi\/"},"img":{"alt_text":"","src":"https:\/\/i0.wp.com\/noticiasribeiraopreto.com.br\/wp-content\/uploads\/2025\/04\/Copia-de-Copia-de-Copia-de-TAMANHO-EXATO-PARA-FOTOS-NO-SISTEMA-NOVO-2025-04-16T082850.473_2025-04-16_11-29-00_png_2025-04-16_11-29-00.webp.webp?fit=1200%2C675&ssl=1&resize=350%2C200","width":350,"height":200,"srcset":"https:\/\/i0.wp.com\/noticiasribeiraopreto.com.br\/wp-content\/uploads\/2025\/04\/Copia-de-Copia-de-Copia-de-TAMANHO-EXATO-PARA-FOTOS-NO-SISTEMA-NOVO-2025-04-16T082850.473_2025-04-16_11-29-00_png_2025-04-16_11-29-00.webp.webp?fit=1200%2C675&ssl=1&resize=350%2C200 1x, https:\/\/i0.wp.com\/noticiasribeiraopreto.com.br\/wp-content\/uploads\/2025\/04\/Copia-de-Copia-de-Copia-de-TAMANHO-EXATO-PARA-FOTOS-NO-SISTEMA-NOVO-2025-04-16T082850.473_2025-04-16_11-29-00_png_2025-04-16_11-29-00.webp.webp?fit=1200%2C675&ssl=1&resize=525%2C300 1.5x, https:\/\/i0.wp.com\/noticiasribeiraopreto.com.br\/wp-content\/uploads\/2025\/04\/Copia-de-Copia-de-Copia-de-TAMANHO-EXATO-PARA-FOTOS-NO-SISTEMA-NOVO-2025-04-16T082850.473_2025-04-16_11-29-00_png_2025-04-16_11-29-00.webp.webp?fit=1200%2C675&ssl=1&resize=700%2C400 2x, https:\/\/i0.wp.com\/noticiasribeiraopreto.com.br\/wp-content\/uploads\/2025\/04\/Copia-de-Copia-de-Copia-de-TAMANHO-EXATO-PARA-FOTOS-NO-SISTEMA-NOVO-2025-04-16T082850.473_2025-04-16_11-29-00_png_2025-04-16_11-29-00.webp.webp?fit=1200%2C675&ssl=1&resize=1050%2C600 3x"},"classes":[]}],"jetpack_sharing_enabled":true,"jetpack_shortlink":"https:\/\/wp.me\/peQAOb-lBc","_links":{"self":[{"href":"https:\/\/noticiasribeiraopreto.com.br\/index.php\/wp-json\/wp\/v2\/posts\/83030","targetHints":{"allow":["GET"]}}],"collection":[{"href":"https:\/\/noticiasribeiraopreto.com.br\/index.php\/wp-json\/wp\/v2\/posts"}],"about":[{"href":"https:\/\/noticiasribeiraopreto.com.br\/index.php\/wp-json\/wp\/v2\/types\/post"}],"author":[{"embeddable":true,"href":"https:\/\/noticiasribeiraopreto.com.br\/index.php\/wp-json\/wp\/v2\/users\/1"}],"replies":[{"embeddable":true,"href":"https:\/\/noticiasribeiraopreto.com.br\/index.php\/wp-json\/wp\/v2\/comments?post=83030"}],"version-history":[{"count":0,"href":"https:\/\/noticiasribeiraopreto.com.br\/index.php\/wp-json\/wp\/v2\/posts\/83030\/revisions"}],"wp:featuredmedia":[{"embeddable":true,"href":"https:\/\/noticiasribeiraopreto.com.br\/index.php\/wp-json\/wp\/v2\/media\/83031"}],"wp:attachment":[{"href":"https:\/\/noticiasribeiraopreto.com.br\/index.php\/wp-json\/wp\/v2\/media?parent=83030"}],"wp:term":[{"taxonomy":"category","embeddable":true,"href":"https:\/\/noticiasribeiraopreto.com.br\/index.php\/wp-json\/wp\/v2\/categories?post=83030"},{"taxonomy":"post_tag","embeddable":true,"href":"https:\/\/noticiasribeiraopreto.com.br\/index.php\/wp-json\/wp\/v2\/tags?post=83030"}],"curies":[{"name":"wp","href":"https:\/\/api.w.org\/{rel}","templated":true}]}}