{"id":83032,"date":"2026-03-07T10:31:27","date_gmt":"2026-03-07T13:31:27","guid":{"rendered":"https:\/\/noticiasribeiraopreto.com.br\/index.php\/2026\/03\/07\/parque-de-exposicoes-de-ribeirao-preto-tera-estudos-para-projeto-de-revitalizacao\/"},"modified":"2026-03-07T10:31:27","modified_gmt":"2026-03-07T13:31:27","slug":"parque-de-exposicoes-de-ribeirao-preto-tera-estudos-para-projeto-de-revitalizacao","status":"publish","type":"post","link":"https:\/\/noticiasribeiraopreto.com.br\/index.php\/2026\/03\/07\/parque-de-exposicoes-de-ribeirao-preto-tera-estudos-para-projeto-de-revitalizacao\/","title":{"rendered":"Parque de Exposi\u00e7\u00f5es de Ribeir\u00e3o Preto ter\u00e1 estudos para projeto de revitaliza\u00e7\u00e3o"},"content":{"rendered":"<div class='code-block code-block-1' style='margin: 8px 0 8px auto; text-align: right; display: block; clear: both;'>\n<p><a href=\"https:\/\/wa.link\/vpicfd\"><img data-recalc-dims=\"1\" class=\"wp-image-4922\" style=\"aspect-ratio: 2.0253164556962027; width: 561px; height: auto;\" src=\"https:\/\/i0.wp.com\/ismaelcolosi.com.br\/wp-content\/uploads\/2023\/11\/grupo-de-empregos-whatsapp-e-facebook-ismael-colosi-vagas.jpg?ssl=1\" alt=\"\" \/><\/a><\/p>\n<!-- \/wp:image -->\n<\/div>\n<p> <br \/>\n<\/p>\n<div>\n<p>O <strong>Parque Permanente de Exposi\u00e7\u00f5es<\/strong>, em Ribeir\u00e3o Preto, pode passar por uma ampla revitaliza\u00e7\u00e3o nos pr\u00f3ximos anos. A proposta em an\u00e1lise prev\u00ea a moderniza\u00e7\u00e3o do espa\u00e7o e a poss\u00edvel implanta\u00e7\u00e3o de uma <strong>Arena Multiuso<\/strong>, com capacidade para receber diferentes tipos de eventos.<\/p>\n<p>A iniciativa est\u00e1 em fase inicial e ser\u00e1 baseada em <strong>estudos t\u00e9cnicos que poder\u00e3o ser apresentados por empresas e institui\u00e7\u00f5es especializadas<\/strong>. O processo foi aberto por meio de um <strong>Procedimento de Manifesta\u00e7\u00e3o de Interesse (PMI)<\/strong>, instrumento que permite reunir propostas e an\u00e1lises do setor privado antes da defini\u00e7\u00e3o de um projeto definitivo.<\/p>\n<p>O edital que estabelece as regras para participa\u00e7\u00e3o foi publicado nesta sexta-feira (6) no Di\u00e1rio Oficial do Munic\u00edpio. A partir da publica\u00e7\u00e3o, os interessados ter\u00e3o <strong>prazo de 90 dias para elaborar e entregar os estudos t\u00e9cnicos, econ\u00f4micos e jur\u00eddicos<\/strong> relacionados ao projeto.<\/p>\n<div class=\"wp-block-image\">\n<figure class=\"aligncenter size-full\"><img data-recalc-dims=\"1\" decoding=\"async\" src=\"https:\/\/i0.wp.com\/cdn.media-acidadeon.com.br\/wp-content\/uploads\/sites\/2\/2026\/03\/image_2026-03-06_21-26-04.webp?ssl=1\" alt=\"parque\" class=\"wp-image-201116\" title=\"Parque de Exposi\u00e7\u00f5es de Ribeir\u00e3o Preto ter\u00e1 estudos para projeto de revitaliza\u00e7\u00e3o 1\"\/><figcaption class=\"wp-element-caption\">Divulga\u00e7\u00e3o<\/figcaption><\/figure>\n<\/div>\n<h3 class=\"wp-block-heading\"><strong>Revitaliza\u00e7\u00e3o de espa\u00e7o estrat\u00e9gico<\/strong><\/h3>\n<p><strong>Localizado em uma \u00e1rea considerada estrat\u00e9gica de Ribeir\u00e3o Preto<\/strong>, o Parque de Exposi\u00e7\u00f5es possui acesso facilitado e liga\u00e7\u00e3o com importantes vias urbanas e log\u00edsticas da cidade. Apesar desse potencial, o espa\u00e7o vem enfrentando <strong>per\u00edodos de pouca utiliza\u00e7\u00e3o e desgaste em sua estrutura ao longo dos anos<\/strong>.<\/p>\n<p>A proposta em estudo busca transformar o local em um <strong>complexo moderno e vers\u00e1til<\/strong>, preparado para receber feiras agropecu\u00e1rias, shows, eventos culturais, competi\u00e7\u00f5es esportivas, congressos e atividades educacionais.<strong>Estudos avaliam revitaliza\u00e7\u00e3o do Parque de Exposi\u00e7\u00f5es e cria\u00e7\u00e3o de Arena Multiuso<\/strong><\/p>\n<p>Com a poss\u00edvel cria\u00e7\u00e3o de uma Arena Multiuso, a cidade tamb\u00e9m poderia ampliar sua capacidade de sediar <strong>eventos de grande porte, com alcance regional e nacional<\/strong>.<\/p>\n<div class=\"wp-block-image\">\n<figure class=\"aligncenter size-full\"><img data-recalc-dims=\"1\" fetchpriority=\"high\" decoding=\"async\" width=\"613\" height=\"334\" src=\"https:\/\/i0.wp.com\/cdn.media-acidadeon.com.br\/ribeiraopreto\/wp-content\/uploads\/sites\/3\/2024\/02\/IMG_0041.jpeg?resize=613%2C334&#038;ssl=1\" alt=\"parque\" class=\"wp-image-69398\" title=\"Parque de Exposi\u00e7\u00f5es de Ribeir\u00e3o Preto ter\u00e1 estudos para projeto de revitaliza\u00e7\u00e3o 2\" srcset=\"https:\/\/cdn.media-acidadeon.com.br\/ribeiraopreto\/wp-content\/uploads\/sites\/3\/2024\/02\/IMG_0041.jpeg 613w, https:\/\/cdn.media-acidadeon.com.br\/ribeiraopreto\/wp-content\/uploads\/sites\/3\/2024\/02\/IMG_0041-300x163.jpeg 300w\" sizes=\"(max-width: 613px) 100vw, 613px\"\/><figcaption class=\"wp-element-caption\">(Foto: Reprodu\u00e7\u00e3o \/ EPTV)<\/figcaption><\/figure>\n<\/div>\n<h3 class=\"wp-block-heading\"><strong>Modelos de gest\u00e3o em estudo<\/strong><\/h3>\n<p>Os estudos que ser\u00e3o apresentados dever\u00e3o analisar diferentes <strong>formas de viabilizar o projeto<\/strong>. Entre as possibilidades est\u00e3o concess\u00e3o comum, concess\u00e3o de uso do espa\u00e7o p\u00fablico ou uma <strong>Parceria P\u00fablico-Privada (PPP)<\/strong>.<\/p>\n<p>O Procedimento de Manifesta\u00e7\u00e3o de Interesse funciona como uma etapa preliminar de planejamento e <strong>n\u00e3o garante a contrata\u00e7\u00e3o das empresas que apresentarem os estudos<\/strong>. O objetivo \u00e9 reunir informa\u00e7\u00f5es t\u00e9cnicas, econ\u00f4micas e jur\u00eddicas que ajudem a definir o melhor modelo para o futuro do espa\u00e7o.<\/p>\n<hr class=\"wp-block-separator has-alpha-channel-opacity\"\/>\n<p>SAIBA MAIS<br \/>Esquadrilha da Fuma\u00e7a se apresenta neste s\u00e1bado na regi\u00e3o de Ribeir\u00e3o Preto<\/p>\n<h2 class=\"wp-block-heading\"><strong>FIQUE ON<\/strong><\/h2>\n<p>Fique ligado em tudo que acontece em Ribeir\u00e3o Preto e regi\u00e3o. Siga os perfis do\u00a0<strong>acidade on\u00a0<\/strong>no\u00a0<a href=\"https:\/\/www.instagram.com\/acidadeonribeirao\" target=\"_blank\" rel=\"noreferrer noopener\">Instagram<\/a>\u00a0e no\u00a0<a href=\"https:\/\/www.facebook.com\/acidadeonribeirao\/\" target=\"_blank\" rel=\"noreferrer noopener\">Facebook<\/a>.<\/p>\n<p>Receba not\u00edcias do\u00a0<strong>acidade on<\/strong>\u00a0no WhatsApp. Para entrar no grupo,\u00a0basta<a href=\"https:\/\/chat.whatsapp.com\/GFH9HUMUTHNFJdnyEd0xxq\" target=\"_blank\" rel=\"noreferrer noopener\">\u00a0clicar aqui<\/a>. Ou, acesse o nosso\u00a0Canal\u00a0<a href=\"https:\/\/whatsapp.com\/channel\/0029Vb6IQl1JENyAeS57fk2p\" target=\"_blank\" rel=\"noreferrer noopener\">clicando aqui<\/a>.<\/p>\n<p>Fa\u00e7a uma den\u00fancia ou sugira uma reportagem sobre Ribeir\u00e3o Preto e regi\u00e3o pelo WhatsApp: 16 99117 7802.<\/p>\n<p>VEJA TAMB\u00c9M<br \/>Plantas t\u00f3xicas: veja os riscos para c\u00e3es e gatos<\/p>\n<p><!-- AI CONTENT END 1 -->\n<\/div>\n<p><script async src=\"\/\/www.instagram.com\/embed.js\"><\/script><br \/>\n<br \/><br \/>\n<br \/><a href=\"https:\/\/www.acidadeon.com\/ribeiraopreto\/politica\/parque-de-exposicoes-de-ribeirao-preto-tera-estudos-para-projeto-de-revitalizacao\/\">Source link <\/a><\/p>\n<!-- CONTENT END 1 -->\n","protected":false},"excerpt":{"rendered":"<p>O Parque Permanente de Exposi\u00e7\u00f5es, em Ribeir\u00e3o Preto, pode passar por uma ampla revitaliza\u00e7\u00e3o nos pr\u00f3ximos anos. A proposta em an\u00e1lise prev\u00ea a moderniza\u00e7\u00e3o do&#8230;<\/p>\n","protected":false},"author":1,"featured_media":83033,"comment_status":"open","ping_status":"open","sticky":false,"template":"","format":"standard","meta":{"advanced_seo_description":"","jetpack_seo_html_title":"","jetpack_seo_noindex":false,"jetpack_post_was_ever_published":false,"_jetpack_newsletter_access":"","_jetpack_dont_email_post_to_subs":false,"_jetpack_newsletter_tier_id":0,"_jetpack_memberships_contains_paywalled_content":false,"_jetpack_memberships_contains_paid_content":false,"footnotes":"","jetpack_publicize_message":"","jetpack_publicize_feature_enabled":true,"jetpack_social_post_already_shared":true,"jetpack_social_options":{"image_generator_settings":{"template":"highway","default_image_id":0,"font":"","enabled":false},"version":2}},"categories":[11],"tags":[],"class_list":["post-83032","post","type-post","status-publish","format-standard","has-post-thumbnail","hentry","category-noticias-de-ribeirao-preto-sp-e-regiao-ismael-colosi"],"jetpack_publicize_connections":[],"jetpack_featured_media_url":"https:\/\/i0.wp.com\/noticiasribeiraopreto.com.br\/wp-content\/uploads\/2026\/03\/parque-permanente-de-exposicoes-1-1024x560-1_2026-03-06_21-49-09.webp.webp?fit=1024%2C560&ssl=1","jetpack-related-posts":[{"id":60323,"url":"https:\/\/noticiasribeiraopreto.com.br\/index.php\/2024\/11\/11\/rua-no-centro-de-ribeirao-preto-ganha-proposta-de-revitalizacao-veja-video\/","url_meta":{"origin":83032,"position":0},"title":"Rua no Centro de Ribeir\u00e3o Preto ganha proposta de revitaliza\u00e7\u00e3o; Veja v\u00eddeo","author":"noticiasribeiraopreto.com.br","date":"11 de November de 2024","format":false,"excerpt":"A Acirp (Associa\u00e7\u00e3o Comercial e Industrial de Ribeir\u00e3o Preto) e o IPCIC (Instituto Paulista de Cidades e Identidades Culturais) apresentaram nesta segunda-feira (11), os resultados da segunda fase do projeto Requalifica Ribeir\u00e3o, ap\u00f3s oito meses de trabalho. O estudo \u00e9 voltado ao mapeamento de dados econ\u00f4micos, urban\u00edsticos e sociais da\u2026","rel":"","context":"In &quot;Not\u00edcias de Ribeir\u00e3o Preto-SP e Regi\u00e3o&quot;","block_context":{"text":"Not\u00edcias de Ribeir\u00e3o Preto-SP e Regi\u00e3o","link":"https:\/\/noticiasribeiraopreto.com.br\/index.php\/category\/noticias-de-ribeirao-preto-sp-e-regiao-ismael-colosi\/"},"img":{"alt_text":"","src":"https:\/\/i0.wp.com\/noticiasribeiraopreto.com.br\/wp-content\/uploads\/2024\/11\/Copia-de-Copia-de-Copia-de-TAMANHO-EXATO-PARA-FOTOS-NO-SISTEMA-NOVO-2024-11-11T143706.409_2024-11-11_17-37-21_png_2024-11-11_17-37-21.webp.webp?fit=1200%2C675&ssl=1&resize=350%2C200","width":350,"height":200,"srcset":"https:\/\/i0.wp.com\/noticiasribeiraopreto.com.br\/wp-content\/uploads\/2024\/11\/Copia-de-Copia-de-Copia-de-TAMANHO-EXATO-PARA-FOTOS-NO-SISTEMA-NOVO-2024-11-11T143706.409_2024-11-11_17-37-21_png_2024-11-11_17-37-21.webp.webp?fit=1200%2C675&ssl=1&resize=350%2C200 1x, https:\/\/i0.wp.com\/noticiasribeiraopreto.com.br\/wp-content\/uploads\/2024\/11\/Copia-de-Copia-de-Copia-de-TAMANHO-EXATO-PARA-FOTOS-NO-SISTEMA-NOVO-2024-11-11T143706.409_2024-11-11_17-37-21_png_2024-11-11_17-37-21.webp.webp?fit=1200%2C675&ssl=1&resize=525%2C300 1.5x, https:\/\/i0.wp.com\/noticiasribeiraopreto.com.br\/wp-content\/uploads\/2024\/11\/Copia-de-Copia-de-Copia-de-TAMANHO-EXATO-PARA-FOTOS-NO-SISTEMA-NOVO-2024-11-11T143706.409_2024-11-11_17-37-21_png_2024-11-11_17-37-21.webp.webp?fit=1200%2C675&ssl=1&resize=700%2C400 2x, https:\/\/i0.wp.com\/noticiasribeiraopreto.com.br\/wp-content\/uploads\/2024\/11\/Copia-de-Copia-de-Copia-de-TAMANHO-EXATO-PARA-FOTOS-NO-SISTEMA-NOVO-2024-11-11T143706.409_2024-11-11_17-37-21_png_2024-11-11_17-37-21.webp.webp?fit=1200%2C675&ssl=1&resize=1050%2C600 3x"},"classes":[]},{"id":60344,"url":"https:\/\/noticiasribeiraopreto.com.br\/index.php\/2024\/11\/11\/estudo-em-ribeirao-preto-quer-saber-a-idade-da-agua-do-aquifero-guarani\/","url_meta":{"origin":83032,"position":1},"title":"Estudo em Ribeir\u00e3o Preto quer saber a idade da \u00e1gua do Aqu\u00edfero Guarani","author":"noticiasribeiraopreto.com.br","date":"11 de November de 2024","format":false,"excerpt":"A Secretaria de \u00c1gua e Esgoto de Ribeir\u00e3o Preto (Saerp) avan\u00e7ou com o projeto in\u00e9dito para assegurar a preserva\u00e7\u00e3o e o uso sustent\u00e1vel do Aqu\u00edfero Guarani. As an\u00e1lises com foco em compostos-chave como estr\u00f4ncio, carbono 14 e is\u00f3topo de oxig\u00eanio deut\u00e9rio, s\u00e3o cruciais para determinar a idade da \u00e1gua, sua\u2026","rel":"","context":"In &quot;Not\u00edcias de Ribeir\u00e3o Preto-SP e Regi\u00e3o&quot;","block_context":{"text":"Not\u00edcias de Ribeir\u00e3o Preto-SP e Regi\u00e3o","link":"https:\/\/noticiasribeiraopreto.com.br\/index.php\/category\/noticias-de-ribeirao-preto-sp-e-regiao-ismael-colosi\/"},"img":{"alt_text":"","src":"https:\/\/i0.wp.com\/noticiasribeiraopreto.com.br\/wp-content\/uploads\/2024\/11\/a-lagoa-tranquila-do-por-do-sol-reflete-a-arvore-amarela-do-outono-gerada-pela-ia-1068x610-1_2024-11-11_22-05-08_jpg_2024-11-11_22-05-09.webp.webp?fit=1068%2C610&ssl=1&resize=350%2C200","width":350,"height":200,"srcset":"https:\/\/i0.wp.com\/noticiasribeiraopreto.com.br\/wp-content\/uploads\/2024\/11\/a-lagoa-tranquila-do-por-do-sol-reflete-a-arvore-amarela-do-outono-gerada-pela-ia-1068x610-1_2024-11-11_22-05-08_jpg_2024-11-11_22-05-09.webp.webp?fit=1068%2C610&ssl=1&resize=350%2C200 1x, https:\/\/i0.wp.com\/noticiasribeiraopreto.com.br\/wp-content\/uploads\/2024\/11\/a-lagoa-tranquila-do-por-do-sol-reflete-a-arvore-amarela-do-outono-gerada-pela-ia-1068x610-1_2024-11-11_22-05-08_jpg_2024-11-11_22-05-09.webp.webp?fit=1068%2C610&ssl=1&resize=525%2C300 1.5x, https:\/\/i0.wp.com\/noticiasribeiraopreto.com.br\/wp-content\/uploads\/2024\/11\/a-lagoa-tranquila-do-por-do-sol-reflete-a-arvore-amarela-do-outono-gerada-pela-ia-1068x610-1_2024-11-11_22-05-08_jpg_2024-11-11_22-05-09.webp.webp?fit=1068%2C610&ssl=1&resize=700%2C400 2x, https:\/\/i0.wp.com\/noticiasribeiraopreto.com.br\/wp-content\/uploads\/2024\/11\/a-lagoa-tranquila-do-por-do-sol-reflete-a-arvore-amarela-do-outono-gerada-pela-ia-1068x610-1_2024-11-11_22-05-08_jpg_2024-11-11_22-05-09.webp.webp?fit=1068%2C610&ssl=1&resize=1050%2C600 3x"},"classes":[]},{"id":76954,"url":"https:\/\/noticiasribeiraopreto.com.br\/index.php\/2025\/09\/09\/revitalizacao-do-parque-rubem-cione-avanca-com-concretagem-de-ciclovias-apos-16-anos-fechado\/","url_meta":{"origin":83032,"position":2},"title":"Revitaliza\u00e7\u00e3o do Parque Rubem Cione avan\u00e7a com concretagem de ciclovias ap\u00f3s 16 anos fechado","author":"noticiasribeiraopreto.com.br","date":"9 de September de 2025","format":false,"excerpt":"A Prefeitura de Ribeir\u00e3o Preto informou que, na \u00faltima semana, teve in\u00edcio a concretagem das ciclovias do Parque Rubem Cione, um espa\u00e7o de 256 mil metros quadrados na zona Oeste da cidade, fechado h\u00e1 16 anos \u2013 veja as fotos abaixo. Segundo a Administra\u00e7\u00e3o, as obras seguem dentro do cronograma\u2026","rel":"","context":"In &quot;Not\u00edcias de Ribeir\u00e3o Preto-SP e Regi\u00e3o&quot;","block_context":{"text":"Not\u00edcias de Ribeir\u00e3o Preto-SP e Regi\u00e3o","link":"https:\/\/noticiasribeiraopreto.com.br\/index.php\/category\/noticias-de-ribeirao-preto-sp-e-regiao-ismael-colosi\/"},"img":{"alt_text":"","src":"https:\/\/i0.wp.com\/noticiasribeiraopreto.com.br\/wp-content\/uploads\/2025\/09\/a.ok_.rubemciones_1_2025-09-09_13-27-29.webp.webp?fit=1200%2C799&ssl=1&resize=350%2C200","width":350,"height":200,"srcset":"https:\/\/i0.wp.com\/noticiasribeiraopreto.com.br\/wp-content\/uploads\/2025\/09\/a.ok_.rubemciones_1_2025-09-09_13-27-29.webp.webp?fit=1200%2C799&ssl=1&resize=350%2C200 1x, https:\/\/i0.wp.com\/noticiasribeiraopreto.com.br\/wp-content\/uploads\/2025\/09\/a.ok_.rubemciones_1_2025-09-09_13-27-29.webp.webp?fit=1200%2C799&ssl=1&resize=525%2C300 1.5x, https:\/\/i0.wp.com\/noticiasribeiraopreto.com.br\/wp-content\/uploads\/2025\/09\/a.ok_.rubemciones_1_2025-09-09_13-27-29.webp.webp?fit=1200%2C799&ssl=1&resize=700%2C400 2x, https:\/\/i0.wp.com\/noticiasribeiraopreto.com.br\/wp-content\/uploads\/2025\/09\/a.ok_.rubemciones_1_2025-09-09_13-27-29.webp.webp?fit=1200%2C799&ssl=1&resize=1050%2C600 3x"},"classes":[]},{"id":66172,"url":"https:\/\/noticiasribeiraopreto.com.br\/index.php\/2025\/03\/28\/ministerio-estuda-proposta-para-revitalizacao-de-estacao-historica-de-ribeirao-preto\/","url_meta":{"origin":83032,"position":3},"title":"Minist\u00e9rio estuda proposta para revitaliza\u00e7\u00e3o de esta\u00e7\u00e3o hist\u00f3rica de Ribeir\u00e3o Preto","author":"noticiasribeiraopreto.com.br","date":"28 de March de 2025","format":false,"excerpt":"Representantes do Minist\u00e9rio dos Transportes e da Secretaria do Patrim\u00f4nio da Uni\u00e3o fizeram uma vistoria na hist\u00f3rica esta\u00e7\u00e3o Barrac\u00e3o, no bairro Ipiranga, zona Norte de Ribeir\u00e3o Preto. O objetivo \u00e9 revitalizar o espa\u00e7o, que est\u00e1 desativado oficialmente desde 2011. A esta\u00e7\u00e3o foi constru\u00edda em 1900 para receber os imigrantes que\u2026","rel":"","context":"In &quot;Not\u00edcias de Ribeir\u00e3o Preto-SP e Regi\u00e3o&quot;","block_context":{"text":"Not\u00edcias de Ribeir\u00e3o Preto-SP e Regi\u00e3o","link":"https:\/\/noticiasribeiraopreto.com.br\/index.php\/category\/noticias-de-ribeirao-preto-sp-e-regiao-ismael-colosi\/"},"img":{"alt_text":"","src":"https:\/\/i0.wp.com\/noticiasribeiraopreto.com.br\/wp-content\/uploads\/2025\/03\/estacao-barracao_2025-03-28_17-41-44_jpeg_2025-03-28_17-41-44.webp.webp?fit=1200%2C799&ssl=1&resize=350%2C200","width":350,"height":200,"srcset":"https:\/\/i0.wp.com\/noticiasribeiraopreto.com.br\/wp-content\/uploads\/2025\/03\/estacao-barracao_2025-03-28_17-41-44_jpeg_2025-03-28_17-41-44.webp.webp?fit=1200%2C799&ssl=1&resize=350%2C200 1x, https:\/\/i0.wp.com\/noticiasribeiraopreto.com.br\/wp-content\/uploads\/2025\/03\/estacao-barracao_2025-03-28_17-41-44_jpeg_2025-03-28_17-41-44.webp.webp?fit=1200%2C799&ssl=1&resize=525%2C300 1.5x, https:\/\/i0.wp.com\/noticiasribeiraopreto.com.br\/wp-content\/uploads\/2025\/03\/estacao-barracao_2025-03-28_17-41-44_jpeg_2025-03-28_17-41-44.webp.webp?fit=1200%2C799&ssl=1&resize=700%2C400 2x, https:\/\/i0.wp.com\/noticiasribeiraopreto.com.br\/wp-content\/uploads\/2025\/03\/estacao-barracao_2025-03-28_17-41-44_jpeg_2025-03-28_17-41-44.webp.webp?fit=1200%2C799&ssl=1&resize=1050%2C600 3x"},"classes":[]},{"id":56320,"url":"https:\/\/noticiasribeiraopreto.com.br\/index.php\/2024\/08\/12\/centro-de-ribeirao-preto-vai-ser-revitalizado-entenda-a-proposta\/","url_meta":{"origin":83032,"position":4},"title":"Centro de Ribeir\u00e3o Preto vai ser revitalizado? Entenda a proposta","author":"noticiasribeiraopreto.com.br","date":"12 de August de 2024","format":false,"excerpt":"A Associa\u00e7\u00e3o Comercial e Industrial de Ribeir\u00e3o Preto (Acirp) lan\u00e7ou um estudo em parceria com Instituto Paulista de Cidades Criativas e Identidades Culturais (IPCCIC) para requalificar o Centro de Ribeir\u00e3o Preto. O projeto ganhou o nome de \u201cRequalifica Ribeir\u00e3o\u201d e faz um amplo estudo sobre o Quadril\u00e1tero Central do mun\u00edcipio,\u2026","rel":"","context":"In &quot;Not\u00edcias de Ribeir\u00e3o Preto-SP e Regi\u00e3o&quot;","block_context":{"text":"Not\u00edcias de Ribeir\u00e3o Preto-SP e Regi\u00e3o","link":"https:\/\/noticiasribeiraopreto.com.br\/index.php\/category\/noticias-de-ribeirao-preto-sp-e-regiao-ismael-colosi\/"},"img":{"alt_text":"","src":"https:\/\/i0.wp.com\/noticiasribeiraopreto.com.br\/wp-content\/uploads\/2024\/07\/CENTRO-RIBEIRAO-PRETO-DRONE-Foto-Guilherme-Sircili-3_2024-07-08_18-03-23_jpg_2024-07-08_18-03-25-scaled.webp.webp?fit=1200%2C900&ssl=1&resize=350%2C200","width":350,"height":200,"srcset":"https:\/\/i0.wp.com\/noticiasribeiraopreto.com.br\/wp-content\/uploads\/2024\/07\/CENTRO-RIBEIRAO-PRETO-DRONE-Foto-Guilherme-Sircili-3_2024-07-08_18-03-23_jpg_2024-07-08_18-03-25-scaled.webp.webp?fit=1200%2C900&ssl=1&resize=350%2C200 1x, https:\/\/i0.wp.com\/noticiasribeiraopreto.com.br\/wp-content\/uploads\/2024\/07\/CENTRO-RIBEIRAO-PRETO-DRONE-Foto-Guilherme-Sircili-3_2024-07-08_18-03-23_jpg_2024-07-08_18-03-25-scaled.webp.webp?fit=1200%2C900&ssl=1&resize=525%2C300 1.5x, https:\/\/i0.wp.com\/noticiasribeiraopreto.com.br\/wp-content\/uploads\/2024\/07\/CENTRO-RIBEIRAO-PRETO-DRONE-Foto-Guilherme-Sircili-3_2024-07-08_18-03-23_jpg_2024-07-08_18-03-25-scaled.webp.webp?fit=1200%2C900&ssl=1&resize=700%2C400 2x, https:\/\/i0.wp.com\/noticiasribeiraopreto.com.br\/wp-content\/uploads\/2024\/07\/CENTRO-RIBEIRAO-PRETO-DRONE-Foto-Guilherme-Sircili-3_2024-07-08_18-03-23_jpg_2024-07-08_18-03-25-scaled.webp.webp?fit=1200%2C900&ssl=1&resize=1050%2C600 3x"},"classes":[]},{"id":57991,"url":"https:\/\/noticiasribeiraopreto.com.br\/index.php\/2024\/09\/16\/entenda-como-a-alemanha-pode-ajudar-na-revitalizacao-de-patrimonio-de-ribeirao-preto\/","url_meta":{"origin":83032,"position":5},"title":"Entenda como a Alemanha pode ajudar na revitaliza\u00e7\u00e3o de patrim\u00f4nio de Ribeir\u00e3o Preto","author":"noticiasribeiraopreto.com.br","date":"16 de September de 2024","format":false,"excerpt":"A Santa Casa de Ribeir\u00e3o Preto, dona do Edif\u00edcio Diederichsen, no Centro, encaminhou para o governo da Alemanha um projeto para revitaliza\u00e7\u00e3o do pr\u00e9dio, um dos patrim\u00f4nios hist\u00f3ricos da cidade. Segundo a entidade, essa \u00e9 uma das possibilidades analisadas pela Santa Casa para reforma do edif\u00edcio, considerado o mais antigo\u2026","rel":"","context":"In &quot;Not\u00edcias de Ribeir\u00e3o Preto-SP e Regi\u00e3o&quot;","block_context":{"text":"Not\u00edcias de Ribeir\u00e3o Preto-SP e Regi\u00e3o","link":"https:\/\/noticiasribeiraopreto.com.br\/index.php\/category\/noticias-de-ribeirao-preto-sp-e-regiao-ismael-colosi\/"},"img":{"alt_text":"","src":"https:\/\/i0.wp.com\/noticiasribeiraopreto.com.br\/wp-content\/uploads\/2024\/09\/edificio-diederichsen_2024-09-16_15-52-40_jpg_2024-09-16_15-52-40.webp.webp?fit=1175%2C769&ssl=1&resize=350%2C200","width":350,"height":200,"srcset":"https:\/\/i0.wp.com\/noticiasribeiraopreto.com.br\/wp-content\/uploads\/2024\/09\/edificio-diederichsen_2024-09-16_15-52-40_jpg_2024-09-16_15-52-40.webp.webp?fit=1175%2C769&ssl=1&resize=350%2C200 1x, https:\/\/i0.wp.com\/noticiasribeiraopreto.com.br\/wp-content\/uploads\/2024\/09\/edificio-diederichsen_2024-09-16_15-52-40_jpg_2024-09-16_15-52-40.webp.webp?fit=1175%2C769&ssl=1&resize=525%2C300 1.5x, https:\/\/i0.wp.com\/noticiasribeiraopreto.com.br\/wp-content\/uploads\/2024\/09\/edificio-diederichsen_2024-09-16_15-52-40_jpg_2024-09-16_15-52-40.webp.webp?fit=1175%2C769&ssl=1&resize=700%2C400 2x, https:\/\/i0.wp.com\/noticiasribeiraopreto.com.br\/wp-content\/uploads\/2024\/09\/edificio-diederichsen_2024-09-16_15-52-40_jpg_2024-09-16_15-52-40.webp.webp?fit=1175%2C769&ssl=1&resize=1050%2C600 3x"},"classes":[]}],"jetpack_sharing_enabled":true,"jetpack_shortlink":"https:\/\/wp.me\/peQAOb-lBe","_links":{"self":[{"href":"https:\/\/noticiasribeiraopreto.com.br\/index.php\/wp-json\/wp\/v2\/posts\/83032","targetHints":{"allow":["GET"]}}],"collection":[{"href":"https:\/\/noticiasribeiraopreto.com.br\/index.php\/wp-json\/wp\/v2\/posts"}],"about":[{"href":"https:\/\/noticiasribeiraopreto.com.br\/index.php\/wp-json\/wp\/v2\/types\/post"}],"author":[{"embeddable":true,"href":"https:\/\/noticiasribeiraopreto.com.br\/index.php\/wp-json\/wp\/v2\/users\/1"}],"replies":[{"embeddable":true,"href":"https:\/\/noticiasribeiraopreto.com.br\/index.php\/wp-json\/wp\/v2\/comments?post=83032"}],"version-history":[{"count":0,"href":"https:\/\/noticiasribeiraopreto.com.br\/index.php\/wp-json\/wp\/v2\/posts\/83032\/revisions"}],"wp:featuredmedia":[{"embeddable":true,"href":"https:\/\/noticiasribeiraopreto.com.br\/index.php\/wp-json\/wp\/v2\/media\/83033"}],"wp:attachment":[{"href":"https:\/\/noticiasribeiraopreto.com.br\/index.php\/wp-json\/wp\/v2\/media?parent=83032"}],"wp:term":[{"taxonomy":"category","embeddable":true,"href":"https:\/\/noticiasribeiraopreto.com.br\/index.php\/wp-json\/wp\/v2\/categories?post=83032"},{"taxonomy":"post_tag","embeddable":true,"href":"https:\/\/noticiasribeiraopreto.com.br\/index.php\/wp-json\/wp\/v2\/tags?post=83032"}],"curies":[{"name":"wp","href":"https:\/\/api.w.org\/{rel}","templated":true}]}}