{"id":83038,"date":"2026-03-07T10:49:17","date_gmt":"2026-03-07T13:49:17","guid":{"rendered":"https:\/\/noticiasribeiraopreto.com.br\/index.php\/2026\/03\/07\/de-volta-as-piscinas-nicholas-santos-retoma-carreira-com-foco-nos-jogos-de-2028\/"},"modified":"2026-03-07T10:49:17","modified_gmt":"2026-03-07T13:49:17","slug":"de-volta-as-piscinas-nicholas-santos-retoma-carreira-com-foco-nos-jogos-de-2028","status":"publish","type":"post","link":"https:\/\/noticiasribeiraopreto.com.br\/index.php\/2026\/03\/07\/de-volta-as-piscinas-nicholas-santos-retoma-carreira-com-foco-nos-jogos-de-2028\/","title":{"rendered":"De volta \u00e0s piscinas: Nicholas Santos retoma carreira com foco nos Jogos de 2028"},"content":{"rendered":"<div class='code-block code-block-1' style='margin: 8px 0 8px auto; text-align: right; display: block; clear: both;'>\n<p><a href=\"https:\/\/wa.link\/vpicfd\"><img data-recalc-dims=\"1\" class=\"wp-image-4922\" style=\"aspect-ratio: 2.0253164556962027; width: 561px; height: auto;\" src=\"https:\/\/i0.wp.com\/ismaelcolosi.com.br\/wp-content\/uploads\/2023\/11\/grupo-de-empregos-whatsapp-e-facebook-ismael-colosi-vagas.jpg?ssl=1\" alt=\"\" \/><\/a><\/p>\n<!-- \/wp:image -->\n<\/div>\n<p> <br \/>\n<\/p>\n<div>\n<p>Depois de anunciar a aposentadoria em 2022, o nadador <strong>Nicholas Santos<\/strong> decidiu voltar \u00e0s piscinas em 2026. Natural de <strong>Ribeir\u00e3o Preto<\/strong>, ele \u00e9 <strong>especialista nos 50 metros borboleta<\/strong>, prova que passou a fazer parte do programa ol\u00edmpico dos <strong>Jogos de Los Angeles 2028<\/strong>.<\/p>\n<p>Nas redes sociais, o retorno do atleta foi comemorado por diversos esportistas e personalidades. <mark style=\"background-color:#fcb900\" class=\"has-inline-color\"><strong>Nicholas <\/strong>\u00e9 tetracampe\u00e3o mundial nos 50 metros borboleta e j\u00e1 subiu ao p\u00f3dio diversas vezes em campeonatos mundiais na prova.<\/mark><\/p>\n<figure class=\"wp-block-pullquote\">\n<blockquote>\n<p>Agora \u00e9 oficial, eu t\u00f4 voltando para as piscinas como atleta profissional e aproveito para agradecer meu patrocinador que vai me apoiar nessa jornada at\u00e9 2028 [\u2026 ] \u00c9 isso, agora oficial e conto com a for\u00e7a e a torcida de voc\u00eas, um abra\u00e7o<\/p>\n<p><cite>disse o atleta em um v\u00eddeo publicado em suas redes sociais<\/cite><\/p><\/blockquote>\n<\/figure>\n<blockquote class=\"instagram-media\" data-instgrm-permalink=\"https:\/\/www.instagram.com\/reel\/DUoeXG0EV9N\/?utm_source=ig_embed&amp;utm_campaign=loading\" data-instgrm-version=\"14\" style=\" background:#FFF; border:0; border-radius:3px; box-shadow:0 0 1px 0 rgba(0,0,0,0.5),0 1px 10px 0 rgba(0,0,0,0.15); margin: 1px; max-width:540px; min-width:326px; padding:0; width:99.375%; width:-webkit-calc(100% - 2px); width:calc(100% - 2px);\"\/>\n<h2 class=\"wp-block-heading\"><strong>Prova ol\u00edmpica e patrocinador motivaram retorno<\/strong><\/h2>\n<p>Em entrevista ao <strong>acidade on<\/strong>, <strong>Nicholas Santos<\/strong> contou que a inclus\u00e3o da modalidade no programa ol\u00edmpico foi um dos fatores que motivaram seu retorno \u00e0s piscinas, al\u00e9m do apoio do patrocinador master.<\/p>\n<p>Apesar de ter disputado diversas competi\u00e7\u00f5es ao longo da carreira, <strong>o atleta nunca teve a oportunidade de nadar essa prova em uma edi\u00e7\u00e3o dos Jogos Ol\u00edmpicos<\/strong>.<\/p>\n<p>\u201cEra uma prova que n\u00e3o era ol\u00edmpica, assim como a prova de 50 peito e 50 costas. Eu nunca tive a oportunidade de competir uma prova como essa na Olimp\u00edada. Depois que eu aposentei, eu falei: \u2018poxa, essa prova agora virou uma prova ol\u00edmpica\u2019\u201d, explicou o atleta.<\/p>\n<p>Ap\u00f3s a aposentadoria, o atleta havia direcionado sua vida para novos projetos fora da piscina, atuando como empres\u00e1rio e investindo em diferentes neg\u00f3cios. <strong>A decis\u00e3o de voltar, no entanto, surgiu ap\u00f3s uma conversa com um patrocinador<\/strong>.<\/p>\n<figure class=\"wp-block-pullquote\">\n<blockquote>\n<p>Ele falou: \u2018se voc\u00ea decidir voltar, eu tenho interesse em te patrocinar nessa jornada ol\u00edmpica, nessa tentativa de chegar at\u00e9 os Jogos Ol\u00edmpicos para nadar essa prova\u2019. E a\u00ed a gente foi conversando, coisa de seis meses assim. Um belo dia ele falou: \u2018vamos colocar esse projeto de p\u00e9\u2019<\/p>\n<p><cite>Nicholas Santos, em entrevista ao acidade on<\/cite><\/p><\/blockquote>\n<\/figure>\n<p>A proposta acabou se transformando em um projeto esportivo e fez <strong>Nicholas <\/strong>aceitar o desafio de <strong>competir novamente em alto n\u00edvel<\/strong>. \u201cRefleti bastante e aceitei esse desafio. Acho que se n\u00e3o fosse tamb\u00e9m por esse patrocinador, eu n\u00e3o voltaria \u00e0s piscinas.\u201d<\/p>\n<figure class=\"wp-block-gallery has-nested-images columns-default is-cropped wp-block-gallery-1 is-layout-flex wp-block-gallery-is-layout-flex\">\n<figure class=\"wp-block-image size-large\"><img data-recalc-dims=\"1\" decoding=\"async\" data-id=\"43906\" src=\"https:\/\/i0.wp.com\/cdn.media-acidadeon.com.br\/ribeiraopreto\/wp-content\/uploads\/sites\/3\/2023\/09\/nicholas_santos_1024x576_19082021134933.jpg?ssl=1\" alt=\"O nadador ribeir\u00e3o-pretano Nicholas Santos - Foto: Divulga\u00e7\u00e3o.\" class=\"wp-image-43906\" title=\"De volta \u00e0s piscinas: Nicholas Santos retoma carreira com foco nos Jogos de 2028 1\"\/><figcaption class=\"wp-element-caption\">O nadador ribeir\u00e3o-pretano Nicholas Santos \u2013 Foto: Divulga\u00e7\u00e3o.<\/figcaption><\/figure>\n<figure class=\"wp-block-image size-large\"><img data-recalc-dims=\"1\" decoding=\"async\" data-id=\"36659\" src=\"https:\/\/i0.wp.com\/cdn.media-acidadeon.com.br\/ribeiraopreto\/wp-content\/uploads\/sites\/3\/2023\/08\/nicholas_santos_1024x576_22092020130832.jpg?ssl=1\" alt=\"O nadador ribeir\u00e3o-pretano Nicholas Santos - Foto: Satiro Sodr\u00e9\/ SSPress.\" class=\"wp-image-36659\" title=\"De volta \u00e0s piscinas: Nicholas Santos retoma carreira com foco nos Jogos de 2028 2\"\/><figcaption class=\"wp-element-caption\">O nadador ribeir\u00e3o-pretano Nicholas Santos \u2013 Foto: Satiro Sodr\u00e9\/ SSPress.<\/figcaption><\/figure>\n<figure class=\"wp-block-image size-large\"><img data-recalc-dims=\"1\" decoding=\"async\" data-id=\"17452\" src=\"https:\/\/i0.wp.com\/cdn.media-acidadeon.com.br\/ribeiraopreto\/wp-content\/uploads\/sites\/3\/2023\/08\/nicholas_santos_1200x675_26052022190823.jpg?ssl=1\" alt=\"O nadador ribeir\u00e3o-pretano Nicholas Santos - Foto: Divulga\u00e7\u00e3o\/ Time Brasil.\" class=\"wp-image-17452\" title=\"De volta \u00e0s piscinas: Nicholas Santos retoma carreira com foco nos Jogos de 2028 3\"\/><figcaption class=\"wp-element-caption\">O nadador ribeir\u00e3o-pretano Nicholas Santos \u2013 Foto: Divulga\u00e7\u00e3o\/ Time Brasil.<\/figcaption><\/figure>\n<\/figure>\n<h3 class=\"wp-block-heading\"><strong>Objetivo \u00e9 retomar o ritmo<\/strong><\/h3>\n<p>Hoje, aos 46 anos, o atleta diz que o primeiro objetivo \u00e9 <strong>retomar o ritmo competitivo<\/strong> ap\u00f3s ter ficado esses tr\u00eas anos afastado. Ele tamb\u00e9m acredita que pode alcan\u00e7ar (ou ultrapassar) suas melhores marcas na carreira.<\/p>\n<p>Para isso, o atleta conta que montou uma equipe multidisciplinar com <strong>treinador<\/strong>, <strong>assistente t\u00e9cnico<\/strong> e <strong>especialistas em an\u00e1lise de dados e ci\u00eancia do esporte<\/strong>. \u201c\u00c9 uma rotina bem desgastante e na idade que eu estou, acho que a maior dificuldade \u00e9 a recupera\u00e7\u00e3o. Ent\u00e3o, hoje eu estou com um time muito bem estruturado\u201d.<\/p>\n<p>Entre os integrantes da equipe, o nadador destaca a participa\u00e7\u00e3o <strong>professor doutor Diego Salgueiro<\/strong>, tamb\u00e9m de <strong>Ribeir\u00e3o Preto<\/strong>, que \u00e9 <strong>PhD em Metabol\u00f4mica<\/strong>.<\/p>\n<p>\ud83d\udd0e <em>Metabol\u00f4mica \u00e9 uma \u00e1rea da ci\u00eancia que estuda os metab\u00f3litos, que s\u00e3o pequenas mol\u00e9culas produzidas pelo metabolismo do corpo. A an\u00e1lise desses compostos ajuda a entender como o organismo funciona em diferentes situa\u00e7\u00f5es, como durante exerc\u00edcios, doen\u00e7as ou mudan\u00e7as na alimenta\u00e7\u00e3o.<\/em><\/p>\n<figure class=\"wp-block-pullquote\">\n<blockquote>\n<p>Ele nadou comigo na inf\u00e2ncia, quando eu ainda morava em Ribeir\u00e3o Preto e hoje ele vai participar na parte de an\u00e1lise de dados, ci\u00eancia, para justamente tentar entregar meu potencial m\u00e1ximo, mesmo com a idade mais avan\u00e7ada que eu estou<\/p>\n<p><cite>Nicholas Santos, em entrevista ao acidade on<\/cite><\/p><\/blockquote>\n<\/figure>\n<h2 class=\"wp-block-heading\"><strong>Ribeir\u00e3o \u00e9 \u201cceleiro de atletas\u201d, mas enfrenta falta de estrutura<\/strong><\/h2>\n<p>Questionado sobre <strong>Ribeir\u00e3o Preto<\/strong>, <strong>Nicholas <\/strong>diz acreditar que a cidade \u00e9 um <strong>\u201cceleiro de atletas\u201d<\/strong>, mas que a cidade ainda n\u00e3o possui uma infraestrutura adequada para <strong>manter essas pessoas na cidade<\/strong>.<\/p>\n<figure class=\"wp-block-pullquote\">\n<blockquote>\n<p>Acredito que Ribeir\u00e3o Preto \u00e9 um baita de um celeiro de atletas, mas infelizmente n\u00e3o tem estrutura para manter esses atletas na cidade. [\u2026] Quando [eles] come\u00e7am a dar bons resultados, acabam indo para os grandes clubes seja em S\u00e3o Paulo, Minas Gerais, Rio de Janeiro<\/p>\n<p><cite>Nicholas Santos, em entrevista ao acidade on<\/cite><\/p><\/blockquote>\n<\/figure>\n<p>Apesar de ter seguido carreira fora da cidade, <strong>Nicholas Santos<\/strong> afirma que mant\u00e9m uma grande gratid\u00e3o por <strong>Ribeir\u00e3o Preto<\/strong>, onde come\u00e7ou no esporte e construiu amizades que permanecem at\u00e9 hoje.<\/p>\n<p>Al\u00e9m disso, ao falar na <strong>nova gera\u00e7\u00e3o de atletas que est\u00e1 nascendo na cidade<\/strong>, ele destaca a import\u00e2ncia de sonhar, mas tamb\u00e9m de buscar caminhos e alternativas para construir a pr\u00f3pria trajet\u00f3ria no esporte.<\/p>\n<figure class=\"wp-block-pullquote\">\n<blockquote>\n<p>Por mim, eu teria ficado a\u00ed at\u00e9 hoje, mas infelizmente a gente n\u00e3o consegue. Acho que para a nova gera\u00e7\u00e3o, a dica que eu daria \u00e9 dar tempo ao tempo, n\u00e3o pensar tamb\u00e9m s\u00f3 na disciplina. A disciplina \u00e9 importante, tem que colocar 100% ali no seu dia a dia, mas coloca um pouco mais de obsess\u00e3o para conseguir os resultados dentro da carreira<\/p>\n<p><cite>Nicholas Santos, em entrevista ao acidade on<\/cite><\/p><\/blockquote>\n<\/figure>\n<p>\u201cAo longo da minha carreira, a obsess\u00e3o que eu tinha por resultado, em conseguir buscar alternativas para contornar qualquer obst\u00e1culo e de fato realizar tudo aquilo que eu estava almejando dentro de uma temporada, era a cereja do bolo. E, \u00e0 medida que voc\u00ea vai conseguindo bons resultados, voc\u00ea come\u00e7a a receber propostas\u201d, finaliza o atleta.<\/p>\n<h2 class=\"wp-block-heading\"><strong>Assista \u00e0 entrevista completa<\/strong><\/h2>\n<p><iframe loading=\"lazy\" title=\"De volta \u00e0s piscinas: Nicholas Santos retoma carreira com foco nos Jogos de 2028*\" width=\"500\" height=\"281\" src=\"https:\/\/www.youtube.com\/embed\/7CT5WE3ZofI?feature=oembed\" frameborder=\"0\" allow=\"accelerometer; autoplay; clipboard-write; encrypted-media; gyroscope; picture-in-picture; web-share\" referrerpolicy=\"strict-origin-when-cross-origin\" allowfullscreen><\/iframe><\/p>\n<hr class=\"wp-block-separator has-alpha-channel-opacity\"\/>\n<p>SAIBA MAIS<\/p>\n<p>Saiba como assistir e confira os hor\u00e1rios da abertura da temporada 2026 da F\u00f3rmula 1<\/p>\n<h2 class=\"wp-block-heading\"><strong>FIQUE ON<\/strong><\/h2>\n<p>Fique ligado em tudo que acontece em Ribeir\u00e3o Preto e regi\u00e3o. Siga os perfis do\u00a0<strong>acidade on\u00a0<\/strong>no\u00a0<a href=\"https:\/\/www.instagram.com\/acidadeonribeirao\" target=\"_blank\" rel=\"noreferrer noopener\">Instagram<\/a>\u00a0e no\u00a0<a href=\"https:\/\/www.facebook.com\/acidadeonribeirao\/\" target=\"_blank\" rel=\"noreferrer noopener\">Facebook<\/a>.<\/p>\n<p>Receba not\u00edcias do\u00a0<strong>acidade on<\/strong>\u00a0no WhatsApp. Para entrar no grupo,\u00a0basta<a href=\"https:\/\/chat.whatsapp.com\/GFH9HUMUTHNFJdnyEd0xxq\" target=\"_blank\" rel=\"noreferrer noopener\">\u00a0clicar aqui<\/a>. Ou, acesse o nosso\u00a0Canal\u00a0<a href=\"https:\/\/whatsapp.com\/channel\/0029Vb6IQl1JENyAeS57fk2p\" target=\"_blank\" rel=\"noreferrer noopener\">clicando aqui<\/a>.<\/p>\n<p>Fa\u00e7a uma den\u00fancia ou sugira uma reportagem sobre Ribeir\u00e3o Preto e regi\u00e3o pelo WhatsApp: 16 99117 7802.<\/p>\n<p>VEJA TAMB\u00c9M<br \/>Plantas t\u00f3xicas: veja os riscos para c\u00e3es e gatos<\/p>\n<p><!-- AI CONTENT END 1 -->\n<\/div>\n<p><script async src=\"\/\/www.instagram.com\/embed.js\"><\/script><br \/>\n<br \/><br \/>\n<br \/><a href=\"https:\/\/www.acidadeon.com\/ribeiraopreto\/esportes\/de-volta-as-piscinas-nicholas-santos-retoma-carreira-com-foco-nos-jogos-de-2028\/\">Source link <\/a><\/p>\n<!-- CONTENT END 1 -->\n","protected":false},"excerpt":{"rendered":"<p>Depois de anunciar a aposentadoria em 2022, o nadador Nicholas Santos decidiu voltar \u00e0s piscinas em 2026. Natural de Ribeir\u00e3o Preto, ele \u00e9 especialista nos&#8230;<\/p>\n","protected":false},"author":1,"featured_media":83040,"comment_status":"open","ping_status":"open","sticky":false,"template":"","format":"standard","meta":{"advanced_seo_description":"","jetpack_seo_html_title":"","jetpack_seo_noindex":false,"jetpack_post_was_ever_published":false,"_jetpack_newsletter_access":"","_jetpack_dont_email_post_to_subs":false,"_jetpack_newsletter_tier_id":0,"_jetpack_memberships_contains_paywalled_content":false,"_jetpack_memberships_contains_paid_content":false,"footnotes":"","jetpack_publicize_message":"","jetpack_publicize_feature_enabled":true,"jetpack_social_post_already_shared":true,"jetpack_social_options":{"image_generator_settings":{"template":"highway","default_image_id":0,"font":"","enabled":false},"version":2}},"categories":[11],"tags":[],"class_list":["post-83038","post","type-post","status-publish","format-standard","has-post-thumbnail","hentry","category-noticias-de-ribeirao-preto-sp-e-regiao-ismael-colosi"],"jetpack_publicize_connections":[],"jetpack_featured_media_url":"https:\/\/i0.wp.com\/noticiasribeiraopreto.com.br\/wp-content\/uploads\/2026\/03\/5222_9fe667bef6.webp.webp?fit=828%2C552&ssl=1","jetpack-related-posts":[{"id":82719,"url":"https:\/\/noticiasribeiraopreto.com.br\/index.php\/2026\/02\/24\/nicholas-santos-anuncia-retorno-a-natacao-competitiva-com-foco-em-los-angeles-2028\/","url_meta":{"origin":83038,"position":0},"title":"Nicholas Santos anuncia retorno \u00e0 nata\u00e7\u00e3o competitiva com foco em Los Angeles 2028","author":"noticiasribeiraopreto.com.br","date":"24 de February de 2026","format":false,"excerpt":"Aos 46 anos, tetracampe\u00e3o mundial dos 50m borboleta retoma os treinos mirando a estreia ol\u00edmpica de sua principal prova Ap\u00f3s mais de tr\u00eas anos afastado das competi\u00e7\u00f5es profissionais, o nadador brasileiro Nicholas Santos, um dos maiores velocistas da hist\u00f3ria da nata\u00e7\u00e3o mundial, anunciou oficialmente seu retorno \u00e0s piscinas. Aos 46\u2026","rel":"","context":"In &quot;Not\u00edcias de Ribeir\u00e3o Preto-SP e Regi\u00e3o&quot;","block_context":{"text":"Not\u00edcias de Ribeir\u00e3o Preto-SP e Regi\u00e3o","link":"https:\/\/noticiasribeiraopreto.com.br\/index.php\/category\/noticias-de-ribeirao-preto-sp-e-regiao-ismael-colosi\/"},"img":{"alt_text":"","src":"https:\/\/i0.wp.com\/noticiasribeiraopreto.com.br\/wp-content\/uploads\/2026\/02\/nicholas.jpeg?fit=631%2C520&ssl=1&resize=350%2C200","width":350,"height":200,"srcset":"https:\/\/i0.wp.com\/noticiasribeiraopreto.com.br\/wp-content\/uploads\/2026\/02\/nicholas.jpeg?fit=631%2C520&ssl=1&resize=350%2C200 1x, https:\/\/i0.wp.com\/noticiasribeiraopreto.com.br\/wp-content\/uploads\/2026\/02\/nicholas.jpeg?fit=631%2C520&ssl=1&resize=525%2C300 1.5x"},"classes":[]},{"id":45332,"url":"https:\/\/noticiasribeiraopreto.com.br\/index.php\/2024\/04\/03\/atleta-da-regiao-de-ribeirao-preto-sonha-com-a-medalha-de-ouro-nos-jogos-de-paris-2024\/","url_meta":{"origin":83038,"position":1},"title":"Atleta da regi\u00e3o de Ribeir\u00e3o Preto sonha com a medalha de ouro nos Jogos de Paris 2024","author":"noticiasribeiraopreto.com.br","date":"3 de April de 2024","format":false,"excerpt":"O atleta Alisson dos Santos, o Piu, de S\u00e3o Joaquim da Barra, na regi\u00e3o de Ribeir\u00e3o Preto, sonha com a medalha de ouro nos Jogos Ol\u00edmpicos de Paris 2024. Em T\u00f3quio 2020, ele foi bronze na prova dos 400 metros com barreiras. Piu \u00e9 o terceiro melhor atleta do mundo\u2026","rel":"","context":"In &quot;Not\u00edcias de Ribeir\u00e3o Preto-SP e Regi\u00e3o&quot;","block_context":{"text":"Not\u00edcias de Ribeir\u00e3o Preto-SP e Regi\u00e3o","link":"https:\/\/noticiasribeiraopreto.com.br\/index.php\/category\/noticias-de-ribeirao-preto-sp-e-regiao-ismael-colosi\/"},"img":{"alt_text":"","src":"https:\/\/i0.wp.com\/noticiasribeiraopreto.com.br\/wp-content\/uploads\/2024\/04\/5dd3c926-f759-44b3-852f-8bc8a2a45920.jpeg?fit=760%2C507&ssl=1&resize=350%2C200","width":350,"height":200,"srcset":"https:\/\/i0.wp.com\/noticiasribeiraopreto.com.br\/wp-content\/uploads\/2024\/04\/5dd3c926-f759-44b3-852f-8bc8a2a45920.jpeg?fit=760%2C507&ssl=1&resize=350%2C200 1x, https:\/\/i0.wp.com\/noticiasribeiraopreto.com.br\/wp-content\/uploads\/2024\/04\/5dd3c926-f759-44b3-852f-8bc8a2a45920.jpeg?fit=760%2C507&ssl=1&resize=525%2C300 1.5x, https:\/\/i0.wp.com\/noticiasribeiraopreto.com.br\/wp-content\/uploads\/2024\/04\/5dd3c926-f759-44b3-852f-8bc8a2a45920.jpeg?fit=760%2C507&ssl=1&resize=700%2C400 2x"},"classes":[]},{"id":83075,"url":"https:\/\/noticiasribeiraopreto.com.br\/index.php\/2026\/03\/08\/morre-em-ribeirao-preto-o-apresentador-manoel-branco-aos-57-anos\/","url_meta":{"origin":83038,"position":2},"title":"Morre em Ribeir\u00e3o Preto o apresentador Manoel Branco, aos 57 anos","author":"noticiasribeiraopreto.com.br","date":"8 de March de 2026","format":false,"excerpt":"O apresentador Manoel Branco morreu neste s\u00e1bado (7), em Ribeir\u00e3o Preto, aos 57 anos. Ele foi encontrado sem vida na casa em que vivia no bairro Jardim Castelo Branco, na zona Leste. Manoel Branco nasceu em julho de 1968, em S\u00e3o Joaquim da Barra, e, atualmente, apresentava um programa na\u2026","rel":"","context":"In &quot;Not\u00edcias de Ribeir\u00e3o Preto-SP e Regi\u00e3o&quot;","block_context":{"text":"Not\u00edcias de Ribeir\u00e3o Preto-SP e Regi\u00e3o","link":"https:\/\/noticiasribeiraopreto.com.br\/index.php\/category\/noticias-de-ribeirao-preto-sp-e-regiao-ismael-colosi\/"},"img":{"alt_text":"","src":"https:\/\/i0.wp.com\/noticiasribeiraopreto.com.br\/wp-content\/uploads\/2026\/03\/manoel-branco_2026-03-07_15-40-51.webp.webp?fit=1200%2C702&ssl=1&resize=350%2C200","width":350,"height":200,"srcset":"https:\/\/i0.wp.com\/noticiasribeiraopreto.com.br\/wp-content\/uploads\/2026\/03\/manoel-branco_2026-03-07_15-40-51.webp.webp?fit=1200%2C702&ssl=1&resize=350%2C200 1x, https:\/\/i0.wp.com\/noticiasribeiraopreto.com.br\/wp-content\/uploads\/2026\/03\/manoel-branco_2026-03-07_15-40-51.webp.webp?fit=1200%2C702&ssl=1&resize=525%2C300 1.5x, https:\/\/i0.wp.com\/noticiasribeiraopreto.com.br\/wp-content\/uploads\/2026\/03\/manoel-branco_2026-03-07_15-40-51.webp.webp?fit=1200%2C702&ssl=1&resize=700%2C400 2x, https:\/\/i0.wp.com\/noticiasribeiraopreto.com.br\/wp-content\/uploads\/2026\/03\/manoel-branco_2026-03-07_15-40-51.webp.webp?fit=1200%2C702&ssl=1&resize=1050%2C600 3x"},"classes":[]},{"id":56098,"url":"https:\/\/noticiasribeiraopreto.com.br\/index.php\/2024\/08\/09\/alison-dos-santos-e-bronze-nos-400-metros-com-barreiras-nas-olimpiadas-de-paris\/","url_meta":{"origin":83038,"position":3},"title":"Alison dos Santos \u00e9 bronze nos 400 metros com barreiras nas Olimp\u00edadas de Paris","author":"noticiasribeiraopreto.com.br","date":"9 de August de 2024","format":false,"excerpt":"Alison dos Santos, o Piu, ficou em terceiro lugar e garantiu medalha de bronze na final dos 400 metros com barreiras, nos Jogos Ol\u00edmpicos de Paris 2024, nesta sexta-feira (9). O atleta \u00e9 nascido em S\u00e3o Joaquim da Barra, na regi\u00e3o de Ribeir\u00e3o Preto e era um dos favoritos na\u2026","rel":"","context":"In &quot;Not\u00edcias de Ribeir\u00e3o Preto-SP e Regi\u00e3o&quot;","block_context":{"text":"Not\u00edcias de Ribeir\u00e3o Preto-SP e Regi\u00e3o","link":"https:\/\/noticiasribeiraopreto.com.br\/index.php\/category\/noticias-de-ribeirao-preto-sp-e-regiao-ismael-colosi\/"},"img":{"alt_text":"","src":"https:\/\/i0.wp.com\/noticiasribeiraopreto.com.br\/wp-content\/uploads\/2024\/08\/alison-dos-santos-piu_2024-08-08_19-02-19_jpg_2024-08-08_19-02-19.webp.webp?fit=1080%2C717&ssl=1&resize=350%2C200","width":350,"height":200,"srcset":"https:\/\/i0.wp.com\/noticiasribeiraopreto.com.br\/wp-content\/uploads\/2024\/08\/alison-dos-santos-piu_2024-08-08_19-02-19_jpg_2024-08-08_19-02-19.webp.webp?fit=1080%2C717&ssl=1&resize=350%2C200 1x, https:\/\/i0.wp.com\/noticiasribeiraopreto.com.br\/wp-content\/uploads\/2024\/08\/alison-dos-santos-piu_2024-08-08_19-02-19_jpg_2024-08-08_19-02-19.webp.webp?fit=1080%2C717&ssl=1&resize=525%2C300 1.5x, https:\/\/i0.wp.com\/noticiasribeiraopreto.com.br\/wp-content\/uploads\/2024\/08\/alison-dos-santos-piu_2024-08-08_19-02-19_jpg_2024-08-08_19-02-19.webp.webp?fit=1080%2C717&ssl=1&resize=700%2C400 2x, https:\/\/i0.wp.com\/noticiasribeiraopreto.com.br\/wp-content\/uploads\/2024\/08\/alison-dos-santos-piu_2024-08-08_19-02-19_jpg_2024-08-08_19-02-19.webp.webp?fit=1080%2C717&ssl=1&resize=1050%2C600 3x"},"classes":[]},{"id":83073,"url":"https:\/\/noticiasribeiraopreto.com.br\/index.php\/2026\/03\/08\/arvore-cai-e-provoca-bloqueio-de-avenida-em-ribeirao-preto-video\/","url_meta":{"origin":83038,"position":4},"title":"\u00c1rvore cai e provoca bloqueio de avenida em Ribeir\u00e3o Preto; V\u00eddeo","author":"noticiasribeiraopreto.com.br","date":"8 de March de 2026","format":false,"excerpt":"Ver essa foto no Instagram Um post compartilhado por acidade on Ribeir\u00e3o (@acidadeonribeirao) Uma \u00e1rvore de grande porte caiu na avenida Celso Charuri, no Jardim Manoel Penna, em Ribeir\u00e3o Preto, neste s\u00e1bado (7). Por conta da queda da \u00e1rvore, um poste de luz ficou sobre a via e o trecho\u2026","rel":"","context":"In &quot;Not\u00edcias de Ribeir\u00e3o Preto-SP e Regi\u00e3o&quot;","block_context":{"text":"Not\u00edcias de Ribeir\u00e3o Preto-SP e Regi\u00e3o","link":"https:\/\/noticiasribeiraopreto.com.br\/index.php\/category\/noticias-de-ribeirao-preto-sp-e-regiao-ismael-colosi\/"},"img":{"alt_text":"","src":"https:\/\/i0.wp.com\/noticiasribeiraopreto.com.br\/wp-content\/uploads\/2026\/03\/arvore-celso-charuri-1_2026-03-07_16-29-31.webp.webp?fit=1200%2C675&ssl=1&resize=350%2C200","width":350,"height":200,"srcset":"https:\/\/i0.wp.com\/noticiasribeiraopreto.com.br\/wp-content\/uploads\/2026\/03\/arvore-celso-charuri-1_2026-03-07_16-29-31.webp.webp?fit=1200%2C675&ssl=1&resize=350%2C200 1x, https:\/\/i0.wp.com\/noticiasribeiraopreto.com.br\/wp-content\/uploads\/2026\/03\/arvore-celso-charuri-1_2026-03-07_16-29-31.webp.webp?fit=1200%2C675&ssl=1&resize=525%2C300 1.5x, https:\/\/i0.wp.com\/noticiasribeiraopreto.com.br\/wp-content\/uploads\/2026\/03\/arvore-celso-charuri-1_2026-03-07_16-29-31.webp.webp?fit=1200%2C675&ssl=1&resize=700%2C400 2x, https:\/\/i0.wp.com\/noticiasribeiraopreto.com.br\/wp-content\/uploads\/2026\/03\/arvore-celso-charuri-1_2026-03-07_16-29-31.webp.webp?fit=1200%2C675&ssl=1&resize=1050%2C600 3x"},"classes":[]},{"id":51811,"url":"https:\/\/noticiasribeiraopreto.com.br\/index.php\/2024\/05\/30\/atleta-da-regiao-de-ribeirao-preto-faz-melhor-tempo-do-ano-em-prova-de-atletismo\/","url_meta":{"origin":83038,"position":5},"title":"Atleta da regi\u00e3o de Ribeir\u00e3o Preto faz melhor tempo do ano em prova de atletismo","author":"noticiasribeiraopreto.com.br","date":"30 de May de 2024","format":false,"excerpt":"O atleta Alison dos Santos, conhecido como Piu, que \u00e9 de S\u00e3o Joaquim da Barra, na regi\u00e3o de Ribeir\u00e3o Preto, venceu os 400 metros com barreiras da etapa Oslo da Diamond League de atletismo, que aconteceu na Noruega. A disputa contra o noruegu\u00eas Karsten Warholm, que era favorito, aconteceu nesta\u2026","rel":"","context":"In &quot;Not\u00edcias de Ribeir\u00e3o Preto-SP e Regi\u00e3o&quot;","block_context":{"text":"Not\u00edcias de Ribeir\u00e3o Preto-SP e Regi\u00e3o","link":"https:\/\/noticiasribeiraopreto.com.br\/index.php\/category\/noticias-de-ribeirao-preto-sp-e-regiao-ismael-colosi\/"},"img":{"alt_text":"","src":"https:\/\/i0.wp.com\/noticiasribeiraopreto.com.br\/wp-content\/uploads\/2024\/05\/Copia-de-Copia-de-TAMANHO-EXATO-PARA-FOTOS-NO-SISTEMA-NOVO-70_2024-05-30_21-28-54_jpg_2024-05-30_21-28-54.webp.webp?fit=1200%2C675&ssl=1&resize=350%2C200","width":350,"height":200,"srcset":"https:\/\/i0.wp.com\/noticiasribeiraopreto.com.br\/wp-content\/uploads\/2024\/05\/Copia-de-Copia-de-TAMANHO-EXATO-PARA-FOTOS-NO-SISTEMA-NOVO-70_2024-05-30_21-28-54_jpg_2024-05-30_21-28-54.webp.webp?fit=1200%2C675&ssl=1&resize=350%2C200 1x, https:\/\/i0.wp.com\/noticiasribeiraopreto.com.br\/wp-content\/uploads\/2024\/05\/Copia-de-Copia-de-TAMANHO-EXATO-PARA-FOTOS-NO-SISTEMA-NOVO-70_2024-05-30_21-28-54_jpg_2024-05-30_21-28-54.webp.webp?fit=1200%2C675&ssl=1&resize=525%2C300 1.5x, https:\/\/i0.wp.com\/noticiasribeiraopreto.com.br\/wp-content\/uploads\/2024\/05\/Copia-de-Copia-de-TAMANHO-EXATO-PARA-FOTOS-NO-SISTEMA-NOVO-70_2024-05-30_21-28-54_jpg_2024-05-30_21-28-54.webp.webp?fit=1200%2C675&ssl=1&resize=700%2C400 2x, https:\/\/i0.wp.com\/noticiasribeiraopreto.com.br\/wp-content\/uploads\/2024\/05\/Copia-de-Copia-de-TAMANHO-EXATO-PARA-FOTOS-NO-SISTEMA-NOVO-70_2024-05-30_21-28-54_jpg_2024-05-30_21-28-54.webp.webp?fit=1200%2C675&ssl=1&resize=1050%2C600 3x"},"classes":[]}],"jetpack_sharing_enabled":true,"jetpack_shortlink":"https:\/\/wp.me\/peQAOb-lBk","_links":{"self":[{"href":"https:\/\/noticiasribeiraopreto.com.br\/index.php\/wp-json\/wp\/v2\/posts\/83038","targetHints":{"allow":["GET"]}}],"collection":[{"href":"https:\/\/noticiasribeiraopreto.com.br\/index.php\/wp-json\/wp\/v2\/posts"}],"about":[{"href":"https:\/\/noticiasribeiraopreto.com.br\/index.php\/wp-json\/wp\/v2\/types\/post"}],"author":[{"embeddable":true,"href":"https:\/\/noticiasribeiraopreto.com.br\/index.php\/wp-json\/wp\/v2\/users\/1"}],"replies":[{"embeddable":true,"href":"https:\/\/noticiasribeiraopreto.com.br\/index.php\/wp-json\/wp\/v2\/comments?post=83038"}],"version-history":[{"count":0,"href":"https:\/\/noticiasribeiraopreto.com.br\/index.php\/wp-json\/wp\/v2\/posts\/83038\/revisions"}],"wp:featuredmedia":[{"embeddable":true,"href":"https:\/\/noticiasribeiraopreto.com.br\/index.php\/wp-json\/wp\/v2\/media\/83040"}],"wp:attachment":[{"href":"https:\/\/noticiasribeiraopreto.com.br\/index.php\/wp-json\/wp\/v2\/media?parent=83038"}],"wp:term":[{"taxonomy":"category","embeddable":true,"href":"https:\/\/noticiasribeiraopreto.com.br\/index.php\/wp-json\/wp\/v2\/categories?post=83038"},{"taxonomy":"post_tag","embeddable":true,"href":"https:\/\/noticiasribeiraopreto.com.br\/index.php\/wp-json\/wp\/v2\/tags?post=83038"}],"curies":[{"name":"wp","href":"https:\/\/api.w.org\/{rel}","templated":true}]}}