{"id":83043,"date":"2026-03-07T11:05:02","date_gmt":"2026-03-07T14:05:02","guid":{"rendered":"https:\/\/noticiasribeiraopreto.com.br\/index.php\/2026\/03\/07\/torta-salgada-saudavel-lanche-facil-e-saboroso-2\/"},"modified":"2026-03-07T11:05:02","modified_gmt":"2026-03-07T14:05:02","slug":"torta-salgada-saudavel-lanche-facil-e-saboroso-2","status":"publish","type":"post","link":"https:\/\/noticiasribeiraopreto.com.br\/index.php\/2026\/03\/07\/torta-salgada-saudavel-lanche-facil-e-saboroso-2\/","title":{"rendered":"Torta Salgada Saud\u00e1vel: Lanche F\u00e1cil e Saboroso"},"content":{"rendered":"<div class='code-block code-block-1' style='margin: 8px 0 8px auto; text-align: right; display: block; clear: both;'>\n<p><a href=\"https:\/\/wa.link\/vpicfd\"><img data-recalc-dims=\"1\" class=\"wp-image-4922\" style=\"aspect-ratio: 2.0253164556962027; width: 561px; height: auto;\" src=\"https:\/\/i0.wp.com\/ismaelcolosi.com.br\/wp-content\/uploads\/2023\/11\/grupo-de-empregos-whatsapp-e-facebook-ismael-colosi-vagas.jpg?ssl=1\" alt=\"\" \/><\/a><\/p>\n<!-- \/wp:image -->\n<\/div>\n<p> <br \/>\n<\/p>\n<div data-td-block-uid=\"tdi_96\">\n<div class=\"tdb-block-inner td-fix-index\">\n<figure class=\"wp-block-embed is-type-video is-provider-youtube wp-block-embed-youtube wp-embed-aspect-16-9 wp-has-aspect-ratio\">\n<div class=\"wp-block-embed__wrapper\">\n<p><iframe loading=\"lazy\" title=\"Momento da Fam\u00edlia \ud83e\udd67 Torta Salgada Saud\u00e1vel: Lanche Nutritivo de Frigideira! \ud83e\udd6a\u2728\" width=\"500\" height=\"281\" src=\"https:\/\/www.youtube.com\/embed\/NTsKBoPLD8w?feature=oembed\" frameborder=\"0\" allow=\"accelerometer; autoplay; clipboard-write; encrypted-media; gyroscope; picture-in-picture; web-share\" referrerpolicy=\"strict-origin-when-cross-origin\" allowfullscreen><\/iframe><\/p>\n<\/div>\n<\/figure>\n<p>Para aquele lanche r\u00e1pido que agrada todo mundo, o <strong>Momento da Fam\u00edlia<\/strong> traz uma receita especial e super pr\u00e1tica: a deliciosa <strong>Torta Salgada Saud\u00e1vel<\/strong>. Feita com poucos ingredientes e preparada na frigideira, ela \u00e9 ideal para quem busca sabor e leveza no dia a dia.<\/p>\n<p>\ud83d\udcdd <strong>Ingredientes (aproximados):<\/strong><br \/>\ud83e\udd5b 50ml de leite<br \/>\ud83e\udd5e 20g de tapioca<br \/>\ud83e\udd5a 1 ovo<br \/>\ud83c\udf57 Frango desfiado (a gosto)<br \/>\ud83e\uddc0 Queijo (a gosto)<\/p>\n<p>\ud83d\udc69\u200d\ud83c\udf73 <strong>Modo de preparo:<\/strong><br \/>Em um recipiente, bata o ovo e adicione o leite e a tapioca. Misture bem com um garfo ou fouet at\u00e9 formar uma massa l\u00edquida e homog\u00eanea. Se desejar, tempere com uma pitadinha de sal.<\/p>\n<p>Em uma frigideira pequena e untada, em fogo baixo, despeje metade da massa.<\/p>\n<p>Adicione o frango desfiado j\u00e1 temperado e o queijo por cima. Cubra com o restante da massa.<\/p>\n<p>Tampe a frigideira e deixe dourar. Quando estiver firme de um lado, vire com cuidado para dourar do outro e garantir que o queijo derreta bem.<\/p>\n<p>Simples, vers\u00e1til e cheia de sabor, essa torta \u00e9 perfeita para qualquer momento do dia.<\/p>\n<p>Que a sua tarde seja repleta de sabor e boas companhias!<\/p>\n<p><!-- AI CONTENT END 1 -->\n<\/div>\n<\/div>\n<p><br \/>\n<br \/><a href=\"https:\/\/www.acidadeon.com\/ribeiraopreto\/conteudo-patrocinado\/momento-da-familia\/torta-salgada-saudavel-lanche-facil-e-saboroso\/\">Source link <\/a><\/p>\n<!-- CONTENT END 1 -->\n","protected":false},"excerpt":{"rendered":"<p>Para aquele lanche r\u00e1pido que agrada todo mundo, o Momento da Fam\u00edlia traz uma receita especial e super pr\u00e1tica: a deliciosa Torta Salgada Saud\u00e1vel. Feita&#8230;<\/p>\n","protected":false},"author":1,"featured_media":83044,"comment_status":"open","ping_status":"open","sticky":false,"template":"","format":"standard","meta":{"advanced_seo_description":"","jetpack_seo_html_title":"","jetpack_seo_noindex":false,"jetpack_post_was_ever_published":false,"_jetpack_newsletter_access":"","_jetpack_dont_email_post_to_subs":false,"_jetpack_newsletter_tier_id":0,"_jetpack_memberships_contains_paywalled_content":false,"_jetpack_memberships_contains_paid_content":false,"footnotes":"","jetpack_publicize_message":"","jetpack_publicize_feature_enabled":true,"jetpack_social_post_already_shared":true,"jetpack_social_options":{"image_generator_settings":{"template":"highway","default_image_id":0,"font":"","enabled":false},"version":2}},"categories":[11],"tags":[],"class_list":["post-83043","post","type-post","status-publish","format-standard","has-post-thumbnail","hentry","category-noticias-de-ribeirao-preto-sp-e-regiao-ismael-colosi"],"jetpack_publicize_connections":[],"jetpack_featured_media_url":"https:\/\/i0.wp.com\/noticiasribeiraopreto.com.br\/wp-content\/uploads\/2026\/03\/Torta-de-Frango-com-Tapioca_2026-03-06_19-16-36.webp.webp?fit=972%2C548&ssl=1","jetpack-related-posts":[{"id":82956,"url":"https:\/\/noticiasribeiraopreto.com.br\/index.php\/2026\/03\/04\/torta-salgada-saudavel-lanche-facil-e-saboroso\/","url_meta":{"origin":83043,"position":0},"title":"Torta Salgada Saud\u00e1vel: Lanche F\u00e1cil e Saboroso","author":"noticiasribeiraopreto.com.br","date":"4 de March de 2026","format":false,"excerpt":"Para aquele lanche r\u00e1pido que agrada todo mundo, o Momento da Fam\u00edlia traz uma receita especial e super pr\u00e1tica: a deliciosa Torta Salgada Saud\u00e1vel. Feita com poucos ingredientes e preparada na frigideira, ela \u00e9 ideal para quem busca sabor e leveza no dia a dia. \ud83d\udcdd Ingredientes (aproximados):\ud83e\udd5b 50ml de\u2026","rel":"","context":"In &quot;Not\u00edcias de Ribeir\u00e3o Preto-SP e Regi\u00e3o&quot;","block_context":{"text":"Not\u00edcias de Ribeir\u00e3o Preto-SP e Regi\u00e3o","link":"https:\/\/noticiasribeiraopreto.com.br\/index.php\/category\/noticias-de-ribeirao-preto-sp-e-regiao-ismael-colosi\/"},"img":{"alt_text":"","src":"https:\/\/i0.wp.com\/noticiasribeiraopreto.com.br\/wp-content\/uploads\/2026\/03\/informe-g1-17_2026-03-03_20-50-03.webp.webp?fit=1200%2C675&ssl=1&resize=350%2C200","width":350,"height":200,"srcset":"https:\/\/i0.wp.com\/noticiasribeiraopreto.com.br\/wp-content\/uploads\/2026\/03\/informe-g1-17_2026-03-03_20-50-03.webp.webp?fit=1200%2C675&ssl=1&resize=350%2C200 1x, https:\/\/i0.wp.com\/noticiasribeiraopreto.com.br\/wp-content\/uploads\/2026\/03\/informe-g1-17_2026-03-03_20-50-03.webp.webp?fit=1200%2C675&ssl=1&resize=525%2C300 1.5x, https:\/\/i0.wp.com\/noticiasribeiraopreto.com.br\/wp-content\/uploads\/2026\/03\/informe-g1-17_2026-03-03_20-50-03.webp.webp?fit=1200%2C675&ssl=1&resize=700%2C400 2x, https:\/\/i0.wp.com\/noticiasribeiraopreto.com.br\/wp-content\/uploads\/2026\/03\/informe-g1-17_2026-03-03_20-50-03.webp.webp?fit=1200%2C675&ssl=1&resize=1050%2C600 3x"},"classes":[]},{"id":84425,"url":"https:\/\/noticiasribeiraopreto.com.br\/index.php\/2026\/04\/09\/torta-de-tortilha-com-andrea-vitaliano\/","url_meta":{"origin":83043,"position":1},"title":"Torta de Tortilha com Andr\u00e9a Vitaliano","author":"noticiasribeiraopreto.com.br","date":"9 de April de 2026","format":false,"excerpt":"Ler o resumo da not\u00edcia Andr\u00e9a Vitaliano apresenta receita de Torta de Tortilha no quadro Momento da Fam\u00edlia. Prato leva 5 tortilhas, 3 ovos, 100 ml de leite e mu\u00e7arela ralada, al\u00e9m de extrato de tomate e azeite. Preparo consiste em cortar as tortilhas em tiras, cobrir com mistura de\u2026","rel":"","context":"In &quot;Not\u00edcias de Ribeir\u00e3o Preto-SP e Regi\u00e3o&quot;","block_context":{"text":"Not\u00edcias de Ribeir\u00e3o Preto-SP e Regi\u00e3o","link":"https:\/\/noticiasribeiraopreto.com.br\/index.php\/category\/noticias-de-ribeirao-preto-sp-e-regiao-ismael-colosi\/"},"img":{"alt_text":"","src":"https:\/\/i0.wp.com\/noticiasribeiraopreto.com.br\/wp-content\/uploads\/2026\/04\/capa-RECEITA-TORTA-DE-TORTILHAS-ALTA_2026-04-09_13-09-03.webp.webp?fit=1114%2C628&ssl=1&resize=350%2C200","width":350,"height":200,"srcset":"https:\/\/i0.wp.com\/noticiasribeiraopreto.com.br\/wp-content\/uploads\/2026\/04\/capa-RECEITA-TORTA-DE-TORTILHAS-ALTA_2026-04-09_13-09-03.webp.webp?fit=1114%2C628&ssl=1&resize=350%2C200 1x, https:\/\/i0.wp.com\/noticiasribeiraopreto.com.br\/wp-content\/uploads\/2026\/04\/capa-RECEITA-TORTA-DE-TORTILHAS-ALTA_2026-04-09_13-09-03.webp.webp?fit=1114%2C628&ssl=1&resize=525%2C300 1.5x, https:\/\/i0.wp.com\/noticiasribeiraopreto.com.br\/wp-content\/uploads\/2026\/04\/capa-RECEITA-TORTA-DE-TORTILHAS-ALTA_2026-04-09_13-09-03.webp.webp?fit=1114%2C628&ssl=1&resize=700%2C400 2x, https:\/\/i0.wp.com\/noticiasribeiraopreto.com.br\/wp-content\/uploads\/2026\/04\/capa-RECEITA-TORTA-DE-TORTILHAS-ALTA_2026-04-09_13-09-03.webp.webp?fit=1114%2C628&ssl=1&resize=1050%2C600 3x"},"classes":[]},{"id":13080,"url":"https:\/\/noticiasribeiraopreto.com.br\/index.php\/2023\/12\/09\/um-classico-para-o-seu-cafe-da-manha\/","url_meta":{"origin":83043,"position":2},"title":"um cl\u00e1ssico para o seu caf\u00e9 da manh\u00e3","author":"noticiasribeiraopreto.com.br","date":"9 de December de 2023","format":false,"excerpt":"Cr\u00e9ditos: IStockReceita de panquecas americanasSe voc\u00ea est\u00e1 em busca de uma receita para um caf\u00e9 da manh\u00e3 delicioso e reconfortante, as panquecas americanas s\u00e3o a escolha perfeita. Com uma textura fofinha e sabor irresist\u00edvel, essa receita cl\u00e1ssica \u00e9 f\u00e1cil de fazer e vai deixar o seu dia mais especial.Prepara\u00e7\u00e3o dos\u2026","rel":"","context":"In &quot;Variedades&quot;","block_context":{"text":"Variedades","link":"https:\/\/noticiasribeiraopreto.com.br\/index.php\/category\/variedades\/"},"img":{"alt_text":"","src":"https:\/\/i0.wp.com\/noticiasribeiraopreto.com.br\/wp-content\/uploads\/2023\/12\/istock-487521442.jpg?fit=1200%2C638&ssl=1&resize=350%2C200","width":350,"height":200,"srcset":"https:\/\/i0.wp.com\/noticiasribeiraopreto.com.br\/wp-content\/uploads\/2023\/12\/istock-487521442.jpg?fit=1200%2C638&ssl=1&resize=350%2C200 1x, https:\/\/i0.wp.com\/noticiasribeiraopreto.com.br\/wp-content\/uploads\/2023\/12\/istock-487521442.jpg?fit=1200%2C638&ssl=1&resize=525%2C300 1.5x, https:\/\/i0.wp.com\/noticiasribeiraopreto.com.br\/wp-content\/uploads\/2023\/12\/istock-487521442.jpg?fit=1200%2C638&ssl=1&resize=700%2C400 2x, https:\/\/i0.wp.com\/noticiasribeiraopreto.com.br\/wp-content\/uploads\/2023\/12\/istock-487521442.jpg?fit=1200%2C638&ssl=1&resize=1050%2C600 3x"},"classes":[]},{"id":13400,"url":"https:\/\/noticiasribeiraopreto.com.br\/index.php\/2023\/12\/10\/a-receita-perfeita-de-misto-quente-para-o-seu-cafe-da-manha\/","url_meta":{"origin":83043,"position":3},"title":"A receita perfeita de misto quente para o seu caf\u00e9 da manh\u00e3","author":"noticiasribeiraopreto.com.br","date":"10 de December de 2023","format":false,"excerpt":"10 de dezembro de 2023 \u00e0s 05:15 Por: Reda\u00e7\u00e3o Cr\u00e9ditos: IStockReceita de Misto Quente Se existe um cl\u00e1ssico que nunca sai de moda, \u00e9 o bom e velho misto quente. Com sua simplicidade e sabor reconfortante, \u00e9 uma op\u00e7\u00e3o deliciosa para qualquer refei\u00e7\u00e3o. Com ingredientes f\u00e1ceis de encontrar na despensa,\u2026","rel":"","context":"In &quot;Variedades&quot;","block_context":{"text":"Variedades","link":"https:\/\/noticiasribeiraopreto.com.br\/index.php\/category\/variedades\/"},"img":{"alt_text":"","src":"https:\/\/i0.wp.com\/noticiasribeiraopreto.com.br\/wp-content\/uploads\/2023\/12\/istock-155388694.jpg?fit=1200%2C638&ssl=1&resize=350%2C200","width":350,"height":200,"srcset":"https:\/\/i0.wp.com\/noticiasribeiraopreto.com.br\/wp-content\/uploads\/2023\/12\/istock-155388694.jpg?fit=1200%2C638&ssl=1&resize=350%2C200 1x, https:\/\/i0.wp.com\/noticiasribeiraopreto.com.br\/wp-content\/uploads\/2023\/12\/istock-155388694.jpg?fit=1200%2C638&ssl=1&resize=525%2C300 1.5x, https:\/\/i0.wp.com\/noticiasribeiraopreto.com.br\/wp-content\/uploads\/2023\/12\/istock-155388694.jpg?fit=1200%2C638&ssl=1&resize=700%2C400 2x, https:\/\/i0.wp.com\/noticiasribeiraopreto.com.br\/wp-content\/uploads\/2023\/12\/istock-155388694.jpg?fit=1200%2C638&ssl=1&resize=1050%2C600 3x"},"classes":[]},{"id":18768,"url":"https:\/\/noticiasribeiraopreto.com.br\/index.php\/2023\/12\/21\/5-sobremesas-que-nao-podem-faltar-na-ceia-de-natal-meu-valor-digital\/","url_meta":{"origin":83043,"position":4},"title":"5 sobremesas que n\u00e3o podem faltar na ceia de Natal &#8211; Meu Valor Digital","author":"noticiasribeiraopreto.com.br","date":"21 de December de 2023","format":false,"excerpt":"Natal \u00e9 uma \u00e9poca em que todo mundo esquece a dieta e n\u00e3o resiste \u00e0s gostosuras da ceia. S\u00e3o os pratos e as maravilhosas sobremesas que nos deixam com \u00e1gua na boca. Ningu\u00e9m consegue ficar sem comer o pav\u00ea de chocolate, o pudim de leite condensado ou a torta alem\u00e3.\u00a0\u2026","rel":"","context":"In &quot;Vagas de Emprego em Ribeir\u00e3o Preto-SP&quot;","block_context":{"text":"Vagas de Emprego em Ribeir\u00e3o Preto-SP","link":"https:\/\/noticiasribeiraopreto.com.br\/index.php\/category\/empregos-classificados-vagas-trabalho\/vagas-de-empregos-em-ribeirao-preto-regiao-brasil\/"},"img":{"alt_text":"","src":"https:\/\/i0.wp.com\/noticiasribeiraopreto.com.br\/wp-content\/uploads\/2023\/12\/Sobremesas-Natal.jpg?fit=1200%2C773&ssl=1&resize=350%2C200","width":350,"height":200,"srcset":"https:\/\/i0.wp.com\/noticiasribeiraopreto.com.br\/wp-content\/uploads\/2023\/12\/Sobremesas-Natal.jpg?fit=1200%2C773&ssl=1&resize=350%2C200 1x, https:\/\/i0.wp.com\/noticiasribeiraopreto.com.br\/wp-content\/uploads\/2023\/12\/Sobremesas-Natal.jpg?fit=1200%2C773&ssl=1&resize=525%2C300 1.5x, https:\/\/i0.wp.com\/noticiasribeiraopreto.com.br\/wp-content\/uploads\/2023\/12\/Sobremesas-Natal.jpg?fit=1200%2C773&ssl=1&resize=700%2C400 2x, https:\/\/i0.wp.com\/noticiasribeiraopreto.com.br\/wp-content\/uploads\/2023\/12\/Sobremesas-Natal.jpg?fit=1200%2C773&ssl=1&resize=1050%2C600 3x"},"classes":[]},{"id":7770,"url":"https:\/\/noticiasribeiraopreto.com.br\/index.php\/2023\/11\/28\/ovos-grudados-na-panela-este-truque-vai-deixar-os-ovos-com-as-gemas-perfeitas\/","url_meta":{"origin":83043,"position":5},"title":"Ovos grudados na panela? Este truque vai deixar os ovos com as gemas perfeitas","author":"noticiasribeiraopreto.com.br","date":"28 de November de 2023","format":false,"excerpt":"Fritar ovo perfeitamente \u00e9 uma arte acess\u00edvel e deliciosa. Para come\u00e7ar, escolha uma frigideira antiaderente, um aliado essencial neste processo. O calor deve ser m\u00e9dio ou baixo, criando o ambiente ideal para um cozimento uniforme.Inicialmente, aque\u00e7a levemente um toque de \u00f3leo na frigideira. Este passo \u00e9 crucial para garantir que\u2026","rel":"","context":"In &quot;Blog&quot;","block_context":{"text":"Blog","link":"https:\/\/noticiasribeiraopreto.com.br\/index.php\/category\/blog\/"},"img":{"alt_text":"","src":"https:\/\/i0.wp.com\/noticiasribeiraopreto.com.br\/wp-content\/uploads\/2023\/11\/postimg-656662460607e4528.jpg?fit=1200%2C628&ssl=1&resize=350%2C200","width":350,"height":200,"srcset":"https:\/\/i0.wp.com\/noticiasribeiraopreto.com.br\/wp-content\/uploads\/2023\/11\/postimg-656662460607e4528.jpg?fit=1200%2C628&ssl=1&resize=350%2C200 1x, https:\/\/i0.wp.com\/noticiasribeiraopreto.com.br\/wp-content\/uploads\/2023\/11\/postimg-656662460607e4528.jpg?fit=1200%2C628&ssl=1&resize=525%2C300 1.5x, https:\/\/i0.wp.com\/noticiasribeiraopreto.com.br\/wp-content\/uploads\/2023\/11\/postimg-656662460607e4528.jpg?fit=1200%2C628&ssl=1&resize=700%2C400 2x, https:\/\/i0.wp.com\/noticiasribeiraopreto.com.br\/wp-content\/uploads\/2023\/11\/postimg-656662460607e4528.jpg?fit=1200%2C628&ssl=1&resize=1050%2C600 3x"},"classes":[]}],"jetpack_sharing_enabled":true,"jetpack_shortlink":"https:\/\/wp.me\/peQAOb-lBp","_links":{"self":[{"href":"https:\/\/noticiasribeiraopreto.com.br\/index.php\/wp-json\/wp\/v2\/posts\/83043","targetHints":{"allow":["GET"]}}],"collection":[{"href":"https:\/\/noticiasribeiraopreto.com.br\/index.php\/wp-json\/wp\/v2\/posts"}],"about":[{"href":"https:\/\/noticiasribeiraopreto.com.br\/index.php\/wp-json\/wp\/v2\/types\/post"}],"author":[{"embeddable":true,"href":"https:\/\/noticiasribeiraopreto.com.br\/index.php\/wp-json\/wp\/v2\/users\/1"}],"replies":[{"embeddable":true,"href":"https:\/\/noticiasribeiraopreto.com.br\/index.php\/wp-json\/wp\/v2\/comments?post=83043"}],"version-history":[{"count":0,"href":"https:\/\/noticiasribeiraopreto.com.br\/index.php\/wp-json\/wp\/v2\/posts\/83043\/revisions"}],"wp:featuredmedia":[{"embeddable":true,"href":"https:\/\/noticiasribeiraopreto.com.br\/index.php\/wp-json\/wp\/v2\/media\/83044"}],"wp:attachment":[{"href":"https:\/\/noticiasribeiraopreto.com.br\/index.php\/wp-json\/wp\/v2\/media?parent=83043"}],"wp:term":[{"taxonomy":"category","embeddable":true,"href":"https:\/\/noticiasribeiraopreto.com.br\/index.php\/wp-json\/wp\/v2\/categories?post=83043"},{"taxonomy":"post_tag","embeddable":true,"href":"https:\/\/noticiasribeiraopreto.com.br\/index.php\/wp-json\/wp\/v2\/tags?post=83043"}],"curies":[{"name":"wp","href":"https:\/\/api.w.org\/{rel}","templated":true}]}}