{"id":83045,"date":"2026-03-07T11:12:04","date_gmt":"2026-03-07T14:12:04","guid":{"rendered":"https:\/\/noticiasribeiraopreto.com.br\/index.php\/2026\/03\/07\/festival-dos-saberes-chega-a-ribeirao-preto-com-entrada-gratuita\/"},"modified":"2026-03-07T11:12:04","modified_gmt":"2026-03-07T14:12:04","slug":"festival-dos-saberes-chega-a-ribeirao-preto-com-entrada-gratuita","status":"publish","type":"post","link":"https:\/\/noticiasribeiraopreto.com.br\/index.php\/2026\/03\/07\/festival-dos-saberes-chega-a-ribeirao-preto-com-entrada-gratuita\/","title":{"rendered":"Festival dos Saberes chega a Ribeir\u00e3o Preto com entrada gratuita"},"content":{"rendered":"<div class='code-block code-block-1' style='margin: 8px 0 8px auto; text-align: right; display: block; clear: both;'>\n<p><a href=\"https:\/\/wa.link\/vpicfd\"><img data-recalc-dims=\"1\" class=\"wp-image-4922\" style=\"aspect-ratio: 2.0253164556962027; width: 561px; height: auto;\" src=\"https:\/\/i0.wp.com\/ismaelcolosi.com.br\/wp-content\/uploads\/2023\/11\/grupo-de-empregos-whatsapp-e-facebook-ismael-colosi-vagas.jpg?ssl=1\" alt=\"\" \/><\/a><\/p>\n<!-- \/wp:image -->\n<\/div>\n<p> <br \/>\n<\/p>\n<div>\n<p>O<strong> Festival Encontro dos Saberes<\/strong> chega a Ribeir\u00e3o Preto, dos dias <strong>20 a 22 de mar\u00e7o<\/strong>, no Centro Cultural Sesi; <strong>a entrada \u00e9 gratuita e aberta ao p\u00fablico<\/strong>. A a\u00e7\u00e3o tamb\u00e9m conta com uma<strong> exposi\u00e7\u00e3o fotogr\u00e1fica,<\/strong> no Centro Cultural Palace, a partir do dia 23 de mar\u00e7o e vai at\u00e9 1\u00ba de abril.\u00a0<\/p>\n<p>Originado da uni\u00e3o de artistas e professores locais com os integrantes da <strong>Aldeia Marakan\u00e3<\/strong>, do Rio de Janeiro, o evento abre espa\u00e7o para uma<strong> imers\u00e3o art\u00edstica e formativa, <\/strong>homenageando a hist\u00f3ria dos <strong>povos ind\u00edgenas e afro-brasileiros.<\/strong> O ambiente cria momentos de escuta, reflex\u00e3o e troca, estendendo o debate sobre <strong>identidade, territ\u00f3rio e diversidade cultural.<\/strong><\/p>\n<p>As inscri\u00e7\u00f5es para o evento <strong>s\u00e3o gratuitas<\/strong> e devem ser feitas pelo site Sympla (<a href=\"https:\/\/www.sympla.com.br\/evento\/festival-encontro-de-saberes\/3316878\" data-type=\"link\" data-id=\"https:\/\/www.sympla.com.br\/evento\/festival-encontro-de-saberes\/3316878\" target=\"_blank\" rel=\"noopener\">clique aqui<\/a>). <\/p>\n<figure class=\"wp-block-image size-large\"><img data-recalc-dims=\"1\" fetchpriority=\"high\" decoding=\"async\" width=\"684\" height=\"1024\" src=\"https:\/\/i0.wp.com\/cdn.media-acidadeon.com.br\/ribeiraopreto\/wp-content\/uploads\/sites\/3\/2026\/03\/luis_2026-03-06_19-23-33-684x1024.webp?resize=684%2C1024&#038;ssl=1\" alt=\"luis 2026 03 06 19 23 33\" class=\"wp-image-148020\" title=\"Festival dos Saberes chega a Ribeir\u00e3o Preto com entrada gratuita 1\" srcset=\"https:\/\/cdn.media-acidadeon.com.br\/ribeiraopreto\/wp-content\/uploads\/sites\/3\/2026\/03\/luis_2026-03-06_19-23-33-684x1024.webp 684w, https:\/\/cdn.media-acidadeon.com.br\/ribeiraopreto\/wp-content\/uploads\/sites\/3\/2026\/03\/luis_2026-03-06_19-23-33-200x300.webp 200w, https:\/\/cdn.media-acidadeon.com.br\/ribeiraopreto\/wp-content\/uploads\/sites\/3\/2026\/03\/luis_2026-03-06_19-23-33-768x1150.webp 768w, https:\/\/cdn.media-acidadeon.com.br\/ribeiraopreto\/wp-content\/uploads\/sites\/3\/2026\/03\/luis_2026-03-06_19-23-33-696x1043.webp 696w, https:\/\/cdn.media-acidadeon.com.br\/ribeiraopreto\/wp-content\/uploads\/sites\/3\/2026\/03\/luis_2026-03-06_19-23-33.webp 1004w\" sizes=\"(max-width: 684px) 100vw, 684px\"\/><figcaption class=\"wp-element-caption\">Lu\u00eds Silva, idealizador do evento (Foto: divulga\u00e7\u00e3o)<\/figcaption><\/figure>\n<p>O idealizador do evento <strong>Lu\u00eds Silva,<\/strong> que \u00e9<strong> <\/strong>artista, pesquisador e curador,<strong> <\/strong>conta que existe um grande desfoque a respeito dos povos ind\u00edgenas atualmente e que o objetivo do festival \u00e9 mostrar a exist\u00eancia dessas culturas.\u00a0<\/p>\n<p>\u201cQueremos mostrar que s\u00e3o culturas vivas, presentes, que produzem arte, pensamento e conhecimento. Trazer essas vozes para Ribeir\u00e3o Preto \u00e9 criar uma possibilidade real de encontro e transforma\u00e7\u00e3o\u201d, diz ele.<\/p>\n<p><strong>ATIVIDADES DISPON\u00cdVEIS\u00a0<\/strong><\/p>\n<p>A agenda cultural programada para o festival oferece atividades como a <strong>Roda de Cantos Tradicionais Ind\u00edgenas<\/strong>, debates com temas englobando <strong>pr\u00e1ticas pedag\u00f3gicas<\/strong> e oficinas educacionais de <strong>Capoeira, Maculel\u00ea e Grafismo Ind\u00edgena<\/strong>. Al\u00e9m do <strong>Cine Tek\u00f3<\/strong>, que ir\u00e1 apresentar sess\u00f5es de produ\u00e7\u00f5es audiovisuais ind\u00edgenas.<\/p>\n<p>Confira a programa\u00e7\u00e3o:<\/p>\n<p><strong>20 de mar\u00e7o (sexta-feira)<\/strong><strong><br \/><\/strong>19h30 \u2013 Abertura da exposi\u00e7\u00e3o \u201cRa\u00edzes que Movem\u201d<br \/>19h45 \u2013 Apresenta\u00e7\u00f5es art\u00edsticas<\/p>\n<p><strong>21 de mar\u00e7o (s\u00e1bado)<\/strong><strong><br \/><\/strong>15h30 \u00e0s 17h30 \u2013 Oficina de Capoeira e Maculel\u00ea<br \/>16h30 \u2013 Ciclo Sagrado Feminino<br \/>18h \u2013 Cine Tek\u00f3<br \/>19h \u2013 Mesa \u201cCorpo, Mem\u00f3ria e Ancestralidade\u201d<\/p>\n<p><strong>22 de mar\u00e7o (domingo)<\/strong><strong><br \/><\/strong>16h \u00e0s 17h \u2013 Oficina de Grafismo Ind\u00edgena<br \/>17h \u2013 Interven\u00e7\u00e3o art\u00edstica<br \/>17h20 \u2013 Mesa \u201cPr\u00e1ticas Pedag\u00f3gicas e Saberes Origin\u00e1rios\u201d<br \/>18h45\u2013 Roda de Cantos (encerramento)<\/p>\n<p><strong>EXPOSI\u00c7\u00c3O FOTOGR\u00c1FICA\u00a0<\/strong><\/p>\n<p>Al\u00e9m de conectar os saberes e pr\u00e1ticas ind\u00edgenas ao espa\u00e7o urbano, o evento ainda abre espa\u00e7o para uma <strong>exposi\u00e7\u00e3o fotogr\u00e1fica<\/strong> que acontece no <strong>Centro Cultural Palace<\/strong>, do dia 23 de mar\u00e7o a 1\u00ba de abril.\u00a0<\/p>\n<p><strong>SERVI\u00c7O:<\/strong><\/p>\n<p><strong>Festival Encontro dos Saberes<\/strong><\/p>\n<p><strong>Data:<\/strong> 20 a 22 de mar\u00e7o<\/p>\n<p><strong>Local: <\/strong>Centro Cultural Sesi Ribeir\u00e3o Preto (Rua Jo\u00e3o Ignacchitti, 3465, no Jardim Castelo Branco, Ribeir\u00e3o Preto)<\/p>\n<p><strong>Inscri\u00e7\u00f5es:<\/strong> gratuitas, pelo site Sympla\u00a0<\/p>\n<p><strong>Exposi\u00e7\u00e3o Fotogr\u00e1fica<\/strong><\/p>\n<p><strong>Data: <\/strong>23 de mar\u00e7o a 1\u00ba de abril<\/p>\n<p><strong>Local:<\/strong> Centro Cultural Palace (Rua \u00c1lvares Cabral, 322 \u2013 Centro, Ribeir\u00e3o Preto)<\/p>\n<p><strong>Inscri\u00e7\u00e3o: <\/strong>entrada gratuita<\/p>\n<p><strong>SAIBA MAIS<\/strong><\/p>\n<p>Moradores reclamam de atraso na coleta de lixo em Ribeir\u00e3o Preto<\/p>\n<p><strong>FIQUE ON<\/strong><\/p>\n<p>Fique ligado em tudo que acontece em Ribeir\u00e3o Preto e regi\u00e3o. Siga os perfis do<strong> acidade on <\/strong>no <a href=\"https:\/\/www.instagram.com\/acidadeonribeirao\/\" data-type=\"link\" data-id=\"https:\/\/www.instagram.com\/acidadeonribeirao\/\" target=\"_blank\" rel=\"noopener\">Instagram<\/a> e no <a href=\"https:\/\/www.facebook.com\/acidadeonribeirao\/?locale=pt_BR\" data-type=\"link\" data-id=\"https:\/\/www.facebook.com\/acidadeonribeirao\/?locale=pt_BR\" target=\"_blank\" rel=\"noopener\">Facebook<\/a>.<\/p>\n<p>Receba not\u00edcias do <strong>acidade on<\/strong> no WhatsApp. Para entrar no grupo, basta <a href=\"https:\/\/chat.whatsapp.com\/GFH9HUMUTHNFJdnyEd0xxq\" data-type=\"link\" data-id=\"https:\/\/chat.whatsapp.com\/GFH9HUMUTHNFJdnyEd0xxq\" target=\"_blank\" rel=\"noopener\">clicar aqui<\/a>. Ou, acesse o nosso Canal <a href=\"https:\/\/whatsapp.com\/channel\/0029Vb6IQl1JENyAeS57fk2p\" data-type=\"link\" data-id=\"https:\/\/whatsapp.com\/channel\/0029Vb6IQl1JENyAeS57fk2p\" target=\"_blank\" rel=\"noopener\">clicando aqui<\/a>.<\/p>\n<p>Fa\u00e7a uma den\u00fancia ou sugira uma reportagem sobre <strong>Ribeir\u00e3o Preto<\/strong> e regi\u00e3o pelo WhatsApp: 16 99117 7802.<\/p>\n<p><strong>VEJA TAMB\u00c9M<\/strong><\/p>\n<p>Temporais em MG: Juiz de Fora e Ub\u00e1 j\u00e1 registram 36 mortes<\/p>\n<p><!-- AI CONTENT END 1 -->\n<\/div>\n<p><script async src=\"\/\/www.instagram.com\/embed.js\"><\/script><br \/>\n<br \/><br \/>\n<br \/><a href=\"https:\/\/www.acidadeon.com\/ribeiraopreto\/lazer-e-cultura\/festival-dos-saberes-chega-a-ribeirao-preto-com-entrada-gratuita\/\">Source link <\/a><\/p>\n<!-- CONTENT END 1 -->\n","protected":false},"excerpt":{"rendered":"<p>O Festival Encontro dos Saberes chega a Ribeir\u00e3o Preto, dos dias 20 a 22 de mar\u00e7o, no Centro Cultural Sesi; a entrada \u00e9 gratuita e&#8230;<\/p>\n","protected":false},"author":1,"featured_media":83046,"comment_status":"open","ping_status":"open","sticky":false,"template":"","format":"standard","meta":{"advanced_seo_description":"","jetpack_seo_html_title":"","jetpack_seo_noindex":false,"jetpack_post_was_ever_published":false,"_jetpack_newsletter_access":"","_jetpack_dont_email_post_to_subs":false,"_jetpack_newsletter_tier_id":0,"_jetpack_memberships_contains_paywalled_content":false,"_jetpack_memberships_contains_paid_content":false,"footnotes":"","jetpack_publicize_message":"","jetpack_publicize_feature_enabled":true,"jetpack_social_post_already_shared":true,"jetpack_social_options":{"image_generator_settings":{"template":"highway","default_image_id":0,"font":"","enabled":false},"version":2}},"categories":[11],"tags":[],"class_list":["post-83045","post","type-post","status-publish","format-standard","has-post-thumbnail","hentry","category-noticias-de-ribeirao-preto-sp-e-regiao-ismael-colosi"],"jetpack_publicize_connections":[],"jetpack_featured_media_url":"https:\/\/i0.wp.com\/noticiasribeiraopreto.com.br\/wp-content\/uploads\/2026\/03\/luis_2026-03-06_19-23-33-684x1024.webp.webp?fit=684%2C1024&ssl=1","jetpack-related-posts":[{"id":77281,"url":"https:\/\/noticiasribeiraopreto.com.br\/index.php\/2025\/09\/15\/pow-festival-chega-a-terceira-edicao-em-ribeirao-com-entrada-gratuita-veja-quando\/","url_meta":{"origin":83045,"position":0},"title":"&#8216;POW Festival&#8217; chega \u00e0 terceira edi\u00e7\u00e3o em Ribeir\u00e3o com entrada gratuita; Veja quando","author":"noticiasribeiraopreto.com.br","date":"15 de September de 2025","format":false,"excerpt":"A terceira edi\u00e7\u00e3o do POW Festival, evento gratuito de criatividade, arte e tecnologia de Ribeir\u00e3o Preto, acontece nos dias 6 e 7 de dezembro. O evento tem o intuito de refor\u00e7ar o protagonismo da cidade no cen\u00e1rio nacional de inova\u00e7\u00e3o e economia criativa e acontece no espa\u00e7o A F\u00e1brica, no\u2026","rel":"","context":"In &quot;Not\u00edcias de Ribeir\u00e3o Preto-SP e Regi\u00e3o&quot;","block_context":{"text":"Not\u00edcias de Ribeir\u00e3o Preto-SP e Regi\u00e3o","link":"https:\/\/noticiasribeiraopreto.com.br\/index.php\/category\/noticias-de-ribeirao-preto-sp-e-regiao-ismael-colosi\/"},"img":{"alt_text":"","src":"https:\/\/i0.wp.com\/noticiasribeiraopreto.com.br\/wp-content\/uploads\/2025\/09\/0e18c7f38f3d0d0396c11d48f4b5803d_2025-09-15_18-03-24.webp.webp?fit=1200%2C800&ssl=1&resize=350%2C200","width":350,"height":200,"srcset":"https:\/\/i0.wp.com\/noticiasribeiraopreto.com.br\/wp-content\/uploads\/2025\/09\/0e18c7f38f3d0d0396c11d48f4b5803d_2025-09-15_18-03-24.webp.webp?fit=1200%2C800&ssl=1&resize=350%2C200 1x, https:\/\/i0.wp.com\/noticiasribeiraopreto.com.br\/wp-content\/uploads\/2025\/09\/0e18c7f38f3d0d0396c11d48f4b5803d_2025-09-15_18-03-24.webp.webp?fit=1200%2C800&ssl=1&resize=525%2C300 1.5x, https:\/\/i0.wp.com\/noticiasribeiraopreto.com.br\/wp-content\/uploads\/2025\/09\/0e18c7f38f3d0d0396c11d48f4b5803d_2025-09-15_18-03-24.webp.webp?fit=1200%2C800&ssl=1&resize=700%2C400 2x, https:\/\/i0.wp.com\/noticiasribeiraopreto.com.br\/wp-content\/uploads\/2025\/09\/0e18c7f38f3d0d0396c11d48f4b5803d_2025-09-15_18-03-24.webp.webp?fit=1200%2C800&ssl=1&resize=1050%2C600 3x"},"classes":[]},{"id":40615,"url":"https:\/\/noticiasribeiraopreto.com.br\/index.php\/2024\/03\/04\/cidade-na-regiao-de-ribeirao-recebe-festival-de-orquideas-com-entrada-gratuita\/","url_meta":{"origin":83045,"position":1},"title":"Cidade na regi\u00e3o de Ribeir\u00e3o recebe Festival de Orqu\u00eddeas com entrada gratuita","author":"noticiasribeiraopreto.com.br","date":"4 de March de 2024","format":false,"excerpt":"Se voc\u00ea \u00e9 f\u00e3 de flores, anote na sua agenda: entre os dias 8 e 10 de mar\u00e7o, Batatais, cidade na regi\u00e3o de Ribeir\u00e3o Preto, recebe a 45\u00aa edi\u00e7\u00e3o do Festival de Orqu\u00eddeas. O evento acontecer\u00e1 Gin\u00e1sio do Centro Universit\u00e1rio Claretiano e ter\u00e1 entrada gratuita. O evento faz parte do\u2026","rel":"","context":"In &quot;Not\u00edcias de Ribeir\u00e3o Preto-SP e Regi\u00e3o&quot;","block_context":{"text":"Not\u00edcias de Ribeir\u00e3o Preto-SP e Regi\u00e3o","link":"https:\/\/noticiasribeiraopreto.com.br\/index.php\/category\/noticias-de-ribeirao-preto-sp-e-regiao-ismael-colosi\/"},"img":{"alt_text":"","src":"https:\/\/i0.wp.com\/noticiasribeiraopreto.com.br\/wp-content\/uploads\/2024\/03\/RibeiroPretorecebeexposiodeorqudeascomentradagratuita_Tamanho_2_image.jpg?fit=1200%2C900&ssl=1&resize=350%2C200","width":350,"height":200,"srcset":"https:\/\/i0.wp.com\/noticiasribeiraopreto.com.br\/wp-content\/uploads\/2024\/03\/RibeiroPretorecebeexposiodeorqudeascomentradagratuita_Tamanho_2_image.jpg?fit=1200%2C900&ssl=1&resize=350%2C200 1x, https:\/\/i0.wp.com\/noticiasribeiraopreto.com.br\/wp-content\/uploads\/2024\/03\/RibeiroPretorecebeexposiodeorqudeascomentradagratuita_Tamanho_2_image.jpg?fit=1200%2C900&ssl=1&resize=525%2C300 1.5x, https:\/\/i0.wp.com\/noticiasribeiraopreto.com.br\/wp-content\/uploads\/2024\/03\/RibeiroPretorecebeexposiodeorqudeascomentradagratuita_Tamanho_2_image.jpg?fit=1200%2C900&ssl=1&resize=700%2C400 2x, https:\/\/i0.wp.com\/noticiasribeiraopreto.com.br\/wp-content\/uploads\/2024\/03\/RibeiroPretorecebeexposiodeorqudeascomentradagratuita_Tamanho_2_image.jpg?fit=1200%2C900&ssl=1&resize=1050%2C600 3x"},"classes":[]},{"id":66136,"url":"https:\/\/noticiasribeiraopreto.com.br\/index.php\/2025\/03\/28\/festival-com-coxinha-musica-e-stand-up-veja-agenda-cultural-do-fim-de-semana-em-ribeirao-preto\/","url_meta":{"origin":83045,"position":2},"title":"Festival com coxinha, m\u00fasica e stand-up: Veja agenda cultural do fim de semana em Ribeir\u00e3o Preto","author":"noticiasribeiraopreto.com.br","date":"28 de March de 2025","format":false,"excerpt":"A agenda cultural do \u00faltimo fim de semana de mar\u00e7o traz atra\u00e7\u00f5es para todas as idades em Ribeir\u00e3o Preto. Os destaques da programa\u00e7\u00e3o s\u00e3o o show da Faf\u00e1 de Bel\u00e9m, o Festival Vila Dion\u00edsio, que conta com mais de variados sabores de coxinha e o humorista Renato Albani. Confira: Faf\u00e1\u2026","rel":"","context":"In &quot;Not\u00edcias de Ribeir\u00e3o Preto-SP e Regi\u00e3o&quot;","block_context":{"text":"Not\u00edcias de Ribeir\u00e3o Preto-SP e Regi\u00e3o","link":"https:\/\/noticiasribeiraopreto.com.br\/index.php\/category\/noticias-de-ribeirao-preto-sp-e-regiao-ismael-colosi\/"},"img":{"alt_text":"","src":"https:\/\/i0.wp.com\/noticiasribeiraopreto.com.br\/wp-content\/uploads\/2025\/03\/Copia-de-Copia-de-Copia-de-TAMANHO-EXATO-PARA-FOTOS-NO-SISTEMA-NOVO-36_2025-03-28_12-16-27_jpg_2025-03-28_12-16-27.webp.webp?fit=1200%2C675&ssl=1&resize=350%2C200","width":350,"height":200,"srcset":"https:\/\/i0.wp.com\/noticiasribeiraopreto.com.br\/wp-content\/uploads\/2025\/03\/Copia-de-Copia-de-Copia-de-TAMANHO-EXATO-PARA-FOTOS-NO-SISTEMA-NOVO-36_2025-03-28_12-16-27_jpg_2025-03-28_12-16-27.webp.webp?fit=1200%2C675&ssl=1&resize=350%2C200 1x, https:\/\/i0.wp.com\/noticiasribeiraopreto.com.br\/wp-content\/uploads\/2025\/03\/Copia-de-Copia-de-Copia-de-TAMANHO-EXATO-PARA-FOTOS-NO-SISTEMA-NOVO-36_2025-03-28_12-16-27_jpg_2025-03-28_12-16-27.webp.webp?fit=1200%2C675&ssl=1&resize=525%2C300 1.5x, https:\/\/i0.wp.com\/noticiasribeiraopreto.com.br\/wp-content\/uploads\/2025\/03\/Copia-de-Copia-de-Copia-de-TAMANHO-EXATO-PARA-FOTOS-NO-SISTEMA-NOVO-36_2025-03-28_12-16-27_jpg_2025-03-28_12-16-27.webp.webp?fit=1200%2C675&ssl=1&resize=700%2C400 2x, https:\/\/i0.wp.com\/noticiasribeiraopreto.com.br\/wp-content\/uploads\/2025\/03\/Copia-de-Copia-de-Copia-de-TAMANHO-EXATO-PARA-FOTOS-NO-SISTEMA-NOVO-36_2025-03-28_12-16-27_jpg_2025-03-28_12-16-27.webp.webp?fit=1200%2C675&ssl=1&resize=1050%2C600 3x"},"classes":[]},{"id":79330,"url":"https:\/\/noticiasribeiraopreto.com.br\/index.php\/2025\/10\/29\/gosta-de-orquideas-e-suculentas-festival-com-entrada-gratuita-chega-a-ribeirao-preto\/","url_meta":{"origin":83045,"position":3},"title":"Gosta de orqu\u00eddeas e suculentas? Festival com entrada gratuita chega a Ribeir\u00e3o Preto","author":"noticiasribeiraopreto.com.br","date":"29 de October de 2025","format":false,"excerpt":"Ribeir\u00e3o Preto recebe nos dias 8 e 9 de novembro o 6\u00ba Festival de Orqu\u00eddeas e Suculentas, no Hotel Dan Inn, na Vila Tib\u00e9rio. O evento, que tem entrada gratuita, \u00e9 organizado pela Associa\u00e7\u00e3o Orquid\u00f3fila de Ribeir\u00e3o Preto (Assorp) e re\u00fane produtores e expositores da regi\u00e3o. O p\u00fablico encontrar\u00e1 variedade\u2026","rel":"","context":"In &quot;Not\u00edcias de Ribeir\u00e3o Preto-SP e Regi\u00e3o&quot;","block_context":{"text":"Not\u00edcias de Ribeir\u00e3o Preto-SP e Regi\u00e3o","link":"https:\/\/noticiasribeiraopreto.com.br\/index.php\/category\/noticias-de-ribeirao-preto-sp-e-regiao-ismael-colosi\/"},"img":{"alt_text":"","src":"https:\/\/i0.wp.com\/noticiasribeiraopreto.com.br\/wp-content\/uploads\/2025\/10\/voguing-6_2025-10-29_16-53-26.webp.webp?fit=1200%2C675&ssl=1&resize=350%2C200","width":350,"height":200,"srcset":"https:\/\/i0.wp.com\/noticiasribeiraopreto.com.br\/wp-content\/uploads\/2025\/10\/voguing-6_2025-10-29_16-53-26.webp.webp?fit=1200%2C675&ssl=1&resize=350%2C200 1x, https:\/\/i0.wp.com\/noticiasribeiraopreto.com.br\/wp-content\/uploads\/2025\/10\/voguing-6_2025-10-29_16-53-26.webp.webp?fit=1200%2C675&ssl=1&resize=525%2C300 1.5x, https:\/\/i0.wp.com\/noticiasribeiraopreto.com.br\/wp-content\/uploads\/2025\/10\/voguing-6_2025-10-29_16-53-26.webp.webp?fit=1200%2C675&ssl=1&resize=700%2C400 2x, https:\/\/i0.wp.com\/noticiasribeiraopreto.com.br\/wp-content\/uploads\/2025\/10\/voguing-6_2025-10-29_16-53-26.webp.webp?fit=1200%2C675&ssl=1&resize=1050%2C600 3x"},"classes":[]},{"id":80901,"url":"https:\/\/noticiasribeiraopreto.com.br\/index.php\/2025\/12\/18\/feira-de-natal-tem-entrada-gratuita-no-centro-de-ribeirao-preto-veja-data\/","url_meta":{"origin":83045,"position":4},"title":"Feira de Natal tem entrada gratuita no Centro de Ribeir\u00e3o Preto; Veja data","author":"noticiasribeiraopreto.com.br","date":"18 de December de 2025","format":false,"excerpt":"A Pra\u00e7a XV de Novembro, no Centro de Ribeir\u00e3o Preto, recebe neste final de semana, a Feira de Natal, um evento gratuito e aberto ao p\u00fablico. A feira acontece nos dias 19, 20 e 21 de dezembro, das 10h \u00e0s 22h, e re\u00fane artes\u00e3os de diferentes regi\u00f5es da cidade, com\u2026","rel":"","context":"In &quot;Not\u00edcias de Ribeir\u00e3o Preto-SP e Regi\u00e3o&quot;","block_context":{"text":"Not\u00edcias de Ribeir\u00e3o Preto-SP e Regi\u00e3o","link":"https:\/\/noticiasribeiraopreto.com.br\/index.php\/category\/noticias-de-ribeirao-preto-sp-e-regiao-ismael-colosi\/"},"img":{"alt_text":"","src":"https:\/\/i0.wp.com\/noticiasribeiraopreto.com.br\/wp-content\/uploads\/2025\/12\/Copia-de-Copia-de-Copia-de-TAMANHO-EXATO-PARA-FOTOS-NO-SISTEMA-NOVO-2024-12-05T201826.821_2024-12-05_23-18-36_png_2024-12-05_23-18-36.webp.webp?fit=1200%2C675&ssl=1&resize=350%2C200","width":350,"height":200,"srcset":"https:\/\/i0.wp.com\/noticiasribeiraopreto.com.br\/wp-content\/uploads\/2025\/12\/Copia-de-Copia-de-Copia-de-TAMANHO-EXATO-PARA-FOTOS-NO-SISTEMA-NOVO-2024-12-05T201826.821_2024-12-05_23-18-36_png_2024-12-05_23-18-36.webp.webp?fit=1200%2C675&ssl=1&resize=350%2C200 1x, https:\/\/i0.wp.com\/noticiasribeiraopreto.com.br\/wp-content\/uploads\/2025\/12\/Copia-de-Copia-de-Copia-de-TAMANHO-EXATO-PARA-FOTOS-NO-SISTEMA-NOVO-2024-12-05T201826.821_2024-12-05_23-18-36_png_2024-12-05_23-18-36.webp.webp?fit=1200%2C675&ssl=1&resize=525%2C300 1.5x, https:\/\/i0.wp.com\/noticiasribeiraopreto.com.br\/wp-content\/uploads\/2025\/12\/Copia-de-Copia-de-Copia-de-TAMANHO-EXATO-PARA-FOTOS-NO-SISTEMA-NOVO-2024-12-05T201826.821_2024-12-05_23-18-36_png_2024-12-05_23-18-36.webp.webp?fit=1200%2C675&ssl=1&resize=700%2C400 2x, https:\/\/i0.wp.com\/noticiasribeiraopreto.com.br\/wp-content\/uploads\/2025\/12\/Copia-de-Copia-de-Copia-de-TAMANHO-EXATO-PARA-FOTOS-NO-SISTEMA-NOVO-2024-12-05T201826.821_2024-12-05_23-18-36_png_2024-12-05_23-18-36.webp.webp?fit=1200%2C675&ssl=1&resize=1050%2C600 3x"},"classes":[]},{"id":76814,"url":"https:\/\/noticiasribeiraopreto.com.br\/index.php\/2025\/09\/05\/festival-gastronomico-di-san-gennaro-chega-a-regiao-de-ribeirao-preto\/","url_meta":{"origin":83045,"position":5},"title":"Festival Gastron\u00f4mico di San Gennaro chega \u00e0 regi\u00e3o de Ribeir\u00e3o Preto","author":"noticiasribeiraopreto.com.br","date":"5 de September de 2025","format":false,"excerpt":"O Festival Gastron\u00f4mico di San Gennaro come\u00e7a nesta sexta-feira (5) e segue at\u00e9 7 de setembro, retornando de 11 a 14 de setembro, no Centro de Eventos Ant\u00f4nio Carlos Prado Baptista, em Batatais, na regi\u00e3o de Ribeir\u00e3o Preto. O evento tem entrada gratuita e combina gastronomia italiana, cultura e atra\u00e7\u00f5es\u2026","rel":"","context":"In &quot;Not\u00edcias de Ribeir\u00e3o Preto-SP e Regi\u00e3o&quot;","block_context":{"text":"Not\u00edcias de Ribeir\u00e3o Preto-SP e Regi\u00e3o","link":"https:\/\/noticiasribeiraopreto.com.br\/index.php\/category\/noticias-de-ribeirao-preto-sp-e-regiao-ismael-colosi\/"},"img":{"alt_text":"","src":"https:\/\/i0.wp.com\/noticiasribeiraopreto.com.br\/wp-content\/uploads\/2025\/09\/restaurantes_2025-05-07_14-57-27.webp.webp?fit=1117%2C744&ssl=1&resize=350%2C200","width":350,"height":200,"srcset":"https:\/\/i0.wp.com\/noticiasribeiraopreto.com.br\/wp-content\/uploads\/2025\/09\/restaurantes_2025-05-07_14-57-27.webp.webp?fit=1117%2C744&ssl=1&resize=350%2C200 1x, https:\/\/i0.wp.com\/noticiasribeiraopreto.com.br\/wp-content\/uploads\/2025\/09\/restaurantes_2025-05-07_14-57-27.webp.webp?fit=1117%2C744&ssl=1&resize=525%2C300 1.5x, https:\/\/i0.wp.com\/noticiasribeiraopreto.com.br\/wp-content\/uploads\/2025\/09\/restaurantes_2025-05-07_14-57-27.webp.webp?fit=1117%2C744&ssl=1&resize=700%2C400 2x, https:\/\/i0.wp.com\/noticiasribeiraopreto.com.br\/wp-content\/uploads\/2025\/09\/restaurantes_2025-05-07_14-57-27.webp.webp?fit=1117%2C744&ssl=1&resize=1050%2C600 3x"},"classes":[]}],"jetpack_sharing_enabled":true,"jetpack_shortlink":"https:\/\/wp.me\/peQAOb-lBr","_links":{"self":[{"href":"https:\/\/noticiasribeiraopreto.com.br\/index.php\/wp-json\/wp\/v2\/posts\/83045","targetHints":{"allow":["GET"]}}],"collection":[{"href":"https:\/\/noticiasribeiraopreto.com.br\/index.php\/wp-json\/wp\/v2\/posts"}],"about":[{"href":"https:\/\/noticiasribeiraopreto.com.br\/index.php\/wp-json\/wp\/v2\/types\/post"}],"author":[{"embeddable":true,"href":"https:\/\/noticiasribeiraopreto.com.br\/index.php\/wp-json\/wp\/v2\/users\/1"}],"replies":[{"embeddable":true,"href":"https:\/\/noticiasribeiraopreto.com.br\/index.php\/wp-json\/wp\/v2\/comments?post=83045"}],"version-history":[{"count":0,"href":"https:\/\/noticiasribeiraopreto.com.br\/index.php\/wp-json\/wp\/v2\/posts\/83045\/revisions"}],"wp:featuredmedia":[{"embeddable":true,"href":"https:\/\/noticiasribeiraopreto.com.br\/index.php\/wp-json\/wp\/v2\/media\/83046"}],"wp:attachment":[{"href":"https:\/\/noticiasribeiraopreto.com.br\/index.php\/wp-json\/wp\/v2\/media?parent=83045"}],"wp:term":[{"taxonomy":"category","embeddable":true,"href":"https:\/\/noticiasribeiraopreto.com.br\/index.php\/wp-json\/wp\/v2\/categories?post=83045"},{"taxonomy":"post_tag","embeddable":true,"href":"https:\/\/noticiasribeiraopreto.com.br\/index.php\/wp-json\/wp\/v2\/tags?post=83045"}],"curies":[{"name":"wp","href":"https:\/\/api.w.org\/{rel}","templated":true}]}}