{"id":83047,"date":"2026-03-07T11:18:50","date_gmt":"2026-03-07T14:18:50","guid":{"rendered":"https:\/\/noticiasribeiraopreto.com.br\/index.php\/2026\/03\/07\/escritor-best-seller-anuncia-possivel-pre-candidatura-a-presidencia-da-republica\/"},"modified":"2026-03-07T11:18:50","modified_gmt":"2026-03-07T14:18:50","slug":"escritor-best-seller-anuncia-possivel-pre-candidatura-a-presidencia-da-republica","status":"publish","type":"post","link":"https:\/\/noticiasribeiraopreto.com.br\/index.php\/2026\/03\/07\/escritor-best-seller-anuncia-possivel-pre-candidatura-a-presidencia-da-republica\/","title":{"rendered":"Escritor best-seller anuncia \u2018poss\u00edvel\u2019 pr\u00e9-candidatura \u00e0 Presid\u00eancia da Rep\u00fablica"},"content":{"rendered":"<div class='code-block code-block-1' style='margin: 8px 0 8px auto; text-align: right; display: block; clear: both;'>\n<p><a href=\"https:\/\/wa.link\/vpicfd\"><img data-recalc-dims=\"1\" class=\"wp-image-4922\" style=\"aspect-ratio: 2.0253164556962027; width: 561px; height: auto;\" src=\"https:\/\/i0.wp.com\/ismaelcolosi.com.br\/wp-content\/uploads\/2023\/11\/grupo-de-empregos-whatsapp-e-facebook-ismael-colosi-vagas.jpg?ssl=1\" alt=\"\" \/><\/a><\/p>\n<!-- \/wp:image -->\n<\/div>\n<p> <br \/>\n<\/p>\n<div data-td-block-uid=\"tdi_95\">\n<div class=\"tdb-block-inner td-fix-index\">\n<p>O escritor best-seller <strong>Augusto Cury<\/strong>, que \u00e9 da regi\u00e3o de <strong>Ribeir\u00e3o Preto<\/strong>, anunciou na \u00faltima quarta-feira (4) uma \u201cposs\u00edvel\u201d pr\u00e9-candidatura \u00e0 Presid\u00eancia da Rep\u00fablica em 2026. Contudo, o escritor afirma que ainda precisa encontrar um partido para que possa participar da disputa.<\/p>\n<p><mark style=\"background-color:#fcb900\" class=\"has-inline-color has-black-color\">O dia 4 de abril \u00e9 a data final para que todos os futuros candidatos tenham domic\u00edlio eleitoral definido e tenham a filia\u00e7\u00e3o partid\u00e1ria deferida pela legenda pela qual pretendem concorrer.<\/mark><\/p>\n<p>Em publica\u00e7\u00e3o nas redes sociais, Augusto Cury publicou uma carta aberta falando da poss\u00edvel pr\u00e9-candidatura \u00e0 Presid\u00eancia da Rep\u00fablica. \u201c\u00c9 uma doa\u00e7\u00e3o a este pa\u00eds pelo qual sou apaixonado: o Brasil\u201d, escreveu.<\/p>\n<p>O escritor ainda destacou que, caso n\u00e3o haja abertura de di\u00e1logo, a pr\u00e9-candidatura n\u00e3o se viabilizar\u00e1. \u201cMeu objetivo n\u00e3o \u00e9 ser ref\u00e9m de nenhum partido, mas sim ser ref\u00e9m a um projeto para o Brasil dos nossos sonhos at\u00e9 2050\u201d, completou.<\/p>\n<p>SAIBA MAIS<br \/>Esquadrilha da Fuma\u00e7a se apresenta neste s\u00e1bado na regi\u00e3o de Ribeir\u00e3o Preto<\/p>\n<h2 class=\"wp-block-heading\"><strong>FIQUE ON<\/strong><\/h2>\n<p>Fique ligado em tudo que acontece em Ribeir\u00e3o Preto e regi\u00e3o. Siga os perfis do\u00a0<strong>acidade on\u00a0<\/strong>no\u00a0<a href=\"https:\/\/www.instagram.com\/acidadeonribeirao\" target=\"_blank\" rel=\"noreferrer noopener\">Instagram<\/a>\u00a0e no\u00a0<a href=\"https:\/\/www.facebook.com\/acidadeonribeirao\/\" target=\"_blank\" rel=\"noreferrer noopener\">Facebook<\/a>.<\/p>\n<p>Receba not\u00edcias do\u00a0<strong>acidade on<\/strong>\u00a0no WhatsApp. Para entrar no grupo,\u00a0basta<a href=\"https:\/\/chat.whatsapp.com\/GFH9HUMUTHNFJdnyEd0xxq\" target=\"_blank\" rel=\"noreferrer noopener\">\u00a0clicar aqui<\/a>. Ou, acesse o nosso\u00a0Canal\u00a0<a href=\"https:\/\/whatsapp.com\/channel\/0029Vb6IQl1JENyAeS57fk2p\" target=\"_blank\" rel=\"noreferrer noopener\">clicando aqui<\/a>.<\/p>\n<p>Fa\u00e7a uma den\u00fancia ou sugira uma reportagem sobre Ribeir\u00e3o Preto e regi\u00e3o pelo WhatsApp: 16 99117 7802.<\/p>\n<p>VEJA TAMB\u00c9M<br \/>Plantas t\u00f3xicas: veja os riscos para c\u00e3es e gatos<\/p>\n<p><!-- AI CONTENT END 1 -->\n<\/div>\n<\/div>\n<p><script async src=\"\/\/www.instagram.com\/embed.js\"><\/script><br \/>\n<br \/><br \/>\n<br \/><a href=\"https:\/\/www.acidadeon.com\/ribeiraopreto\/politica\/escritor-best-seller-anuncia-possivel-pre-candidatura-a-presidencia-da-republica\/\">Source link <\/a><\/p>\n<!-- CONTENT END 1 -->\n","protected":false},"excerpt":{"rendered":"<p>O escritor best-seller Augusto Cury, que \u00e9 da regi\u00e3o de Ribeir\u00e3o Preto, anunciou na \u00faltima quarta-feira (4) uma \u201cposs\u00edvel\u201d pr\u00e9-candidatura \u00e0 Presid\u00eancia da Rep\u00fablica em&#8230;<\/p>\n","protected":false},"author":1,"featured_media":83048,"comment_status":"open","ping_status":"open","sticky":false,"template":"","format":"standard","meta":{"advanced_seo_description":"","jetpack_seo_html_title":"","jetpack_seo_noindex":false,"jetpack_post_was_ever_published":false,"_jetpack_newsletter_access":"","_jetpack_dont_email_post_to_subs":false,"_jetpack_newsletter_tier_id":0,"_jetpack_memberships_contains_paywalled_content":false,"_jetpack_memberships_contains_paid_content":false,"footnotes":"","jetpack_publicize_message":"","jetpack_publicize_feature_enabled":true,"jetpack_social_post_already_shared":true,"jetpack_social_options":{"image_generator_settings":{"template":"highway","default_image_id":0,"font":"","enabled":false},"version":2}},"categories":[11],"tags":[],"class_list":["post-83047","post","type-post","status-publish","format-standard","has-post-thumbnail","hentry","category-noticias-de-ribeirao-preto-sp-e-regiao-ismael-colosi"],"jetpack_publicize_connections":[],"jetpack_featured_media_url":"https:\/\/i0.wp.com\/noticiasribeiraopreto.com.br\/wp-content\/uploads\/2026\/03\/augusto-cury_2026-03-06_18-49-30.webp.webp?fit=1200%2C910&ssl=1","jetpack-related-posts":[{"id":84256,"url":"https:\/\/noticiasribeiraopreto.com.br\/index.php\/2026\/04\/06\/escritor-best-seller-anuncia-partido-e-confirma-pre-candidatura-a-presidencia\/","url_meta":{"origin":83047,"position":0},"title":"Escritor best-seller anuncia partido e confirma pr\u00e9-candidatura \u00e0 Presid\u00eancia","author":"noticiasribeiraopreto.com.br","date":"6 de April de 2026","format":false,"excerpt":"Ler o resumo da not\u00edcia Escritor best-seller anuncia partido e confirma pr\u00e9-candidatura \u00e0 Presid\u00eancia No v\u00eddeo publicado, o pr\u00e9-candidato destaca n\u00fameros de sua trajet\u00f3ria como autor best-seller. Em seguida, aparece ao lado de Tib\u00e9 abordando temas como seguran\u00e7a alimentar, empreendedorismo, remunera\u00e7\u00e3o de policiais e professoras, al\u00e9m da polariza\u00e7\u00e3o pol\u00edtica. \"Meu\u2026","rel":"","context":"In &quot;Not\u00edcias de Ribeir\u00e3o Preto-SP e Regi\u00e3o&quot;","block_context":{"text":"Not\u00edcias de Ribeir\u00e3o Preto-SP e Regi\u00e3o","link":"https:\/\/noticiasribeiraopreto.com.br\/index.php\/category\/noticias-de-ribeirao-preto-sp-e-regiao-ismael-colosi\/"},"img":{"alt_text":"","src":"https:\/\/i0.wp.com\/noticiasribeiraopreto.com.br\/wp-content\/uploads\/2026\/04\/augusto-cury_2026-03-06_18-49-30.webp.webp?fit=1200%2C910&ssl=1&resize=350%2C200","width":350,"height":200,"srcset":"https:\/\/i0.wp.com\/noticiasribeiraopreto.com.br\/wp-content\/uploads\/2026\/04\/augusto-cury_2026-03-06_18-49-30.webp.webp?fit=1200%2C910&ssl=1&resize=350%2C200 1x, https:\/\/i0.wp.com\/noticiasribeiraopreto.com.br\/wp-content\/uploads\/2026\/04\/augusto-cury_2026-03-06_18-49-30.webp.webp?fit=1200%2C910&ssl=1&resize=525%2C300 1.5x, https:\/\/i0.wp.com\/noticiasribeiraopreto.com.br\/wp-content\/uploads\/2026\/04\/augusto-cury_2026-03-06_18-49-30.webp.webp?fit=1200%2C910&ssl=1&resize=700%2C400 2x, https:\/\/i0.wp.com\/noticiasribeiraopreto.com.br\/wp-content\/uploads\/2026\/04\/augusto-cury_2026-03-06_18-49-30.webp.webp?fit=1200%2C910&ssl=1&resize=1050%2C600 3x"},"classes":[]},{"id":75056,"url":"https:\/\/noticiasribeiraopreto.com.br\/index.php\/2025\/08\/02\/durante-visita-a-ribeirao-preto-romeu-zema-confirma-pre-candidatura-a-presidencia\/","url_meta":{"origin":83047,"position":1},"title":"Durante visita a Ribeir\u00e3o Preto, Romeu Zema confirma pr\u00e9-candidatura \u00e0 Presid\u00eancia","author":"noticiasribeiraopreto.com.br","date":"2 de August de 2025","format":false,"excerpt":"O governador de Minas Gerais, Romeu Zema, confirmou neste s\u00e1bado (2) sua pr\u00e9-candidatura \u00e0 Presid\u00eancia da Rep\u00fablica pelo Partido Novo. A declara\u00e7\u00e3o foi feita durante visita a Ribeir\u00e3o Preto, em entrevista ao portal acidade on. Segundo ele, o an\u00fancio oficial acontecer\u00e1 em 16 de agosto, durante um evento do partido.\u2026","rel":"","context":"In &quot;Not\u00edcias de Ribeir\u00e3o Preto-SP e Regi\u00e3o&quot;","block_context":{"text":"Not\u00edcias de Ribeir\u00e3o Preto-SP e Regi\u00e3o","link":"https:\/\/noticiasribeiraopreto.com.br\/index.php\/category\/noticias-de-ribeirao-preto-sp-e-regiao-ismael-colosi\/"},"img":{"alt_text":"","src":"https:\/\/i0.wp.com\/noticiasribeiraopreto.com.br\/wp-content\/uploads\/2025\/08\/Copia-de-Copia-de-Copia-de-TAMANHO-EXATO-PARA-FOTOS-NO-SISTEMA-NOVO-2025-08-02T111200.266_2025-08-02_14-12-34.webp.webp?fit=1200%2C675&ssl=1&resize=350%2C200","width":350,"height":200,"srcset":"https:\/\/i0.wp.com\/noticiasribeiraopreto.com.br\/wp-content\/uploads\/2025\/08\/Copia-de-Copia-de-Copia-de-TAMANHO-EXATO-PARA-FOTOS-NO-SISTEMA-NOVO-2025-08-02T111200.266_2025-08-02_14-12-34.webp.webp?fit=1200%2C675&ssl=1&resize=350%2C200 1x, https:\/\/i0.wp.com\/noticiasribeiraopreto.com.br\/wp-content\/uploads\/2025\/08\/Copia-de-Copia-de-Copia-de-TAMANHO-EXATO-PARA-FOTOS-NO-SISTEMA-NOVO-2025-08-02T111200.266_2025-08-02_14-12-34.webp.webp?fit=1200%2C675&ssl=1&resize=525%2C300 1.5x, https:\/\/i0.wp.com\/noticiasribeiraopreto.com.br\/wp-content\/uploads\/2025\/08\/Copia-de-Copia-de-Copia-de-TAMANHO-EXATO-PARA-FOTOS-NO-SISTEMA-NOVO-2025-08-02T111200.266_2025-08-02_14-12-34.webp.webp?fit=1200%2C675&ssl=1&resize=700%2C400 2x, https:\/\/i0.wp.com\/noticiasribeiraopreto.com.br\/wp-content\/uploads\/2025\/08\/Copia-de-Copia-de-Copia-de-TAMANHO-EXATO-PARA-FOTOS-NO-SISTEMA-NOVO-2025-08-02T111200.266_2025-08-02_14-12-34.webp.webp?fit=1200%2C675&ssl=1&resize=1050%2C600 3x"},"classes":[]},{"id":83769,"url":"https:\/\/noticiasribeiraopreto.com.br\/index.php\/2026\/03\/25\/em-ribeirao-preto-zema-diz-que-levara-a-pre-candidatura-a-presidencia-ate-o-fim\/","url_meta":{"origin":83047,"position":2},"title":"Em Ribeir\u00e3o Preto, Zema diz que levar\u00e1 a pr\u00e9-candidatura \u00e0 presid\u00eancia at\u00e9 o fim","author":"noticiasribeiraopreto.com.br","date":"25 de March de 2026","format":false,"excerpt":"O ex-governador de Minas Gerais Romeu Zema (Novo) disse nesta quarta-feira (25) que vai levar a pr\u00e9-candidatura \u00e0 Presid\u00eancia da Rep\u00fablica at\u00e9 o final. Zema esteve em Ribeir\u00e3o Preto para participar do lan\u00e7amento das pr\u00e9-candidaturas do partido \u00e0 C\u00e2mara dos Deputados e \u00e0 Alesp (Assembleia Legislativa de S\u00e3o Paulo). \u201cEu\u2026","rel":"","context":"In &quot;Not\u00edcias de Ribeir\u00e3o Preto-SP e Regi\u00e3o&quot;","block_context":{"text":"Not\u00edcias de Ribeir\u00e3o Preto-SP e Regi\u00e3o","link":"https:\/\/noticiasribeiraopreto.com.br\/index.php\/category\/noticias-de-ribeirao-preto-sp-e-regiao-ismael-colosi\/"},"img":{"alt_text":"","src":"https:\/\/i0.wp.com\/noticiasribeiraopreto.com.br\/wp-content\/uploads\/2026\/03\/zema_2026-03-25_20-42-42.webp.webp?fit=1136%2C600&ssl=1&resize=350%2C200","width":350,"height":200,"srcset":"https:\/\/i0.wp.com\/noticiasribeiraopreto.com.br\/wp-content\/uploads\/2026\/03\/zema_2026-03-25_20-42-42.webp.webp?fit=1136%2C600&ssl=1&resize=350%2C200 1x, https:\/\/i0.wp.com\/noticiasribeiraopreto.com.br\/wp-content\/uploads\/2026\/03\/zema_2026-03-25_20-42-42.webp.webp?fit=1136%2C600&ssl=1&resize=525%2C300 1.5x, https:\/\/i0.wp.com\/noticiasribeiraopreto.com.br\/wp-content\/uploads\/2026\/03\/zema_2026-03-25_20-42-42.webp.webp?fit=1136%2C600&ssl=1&resize=700%2C400 2x, https:\/\/i0.wp.com\/noticiasribeiraopreto.com.br\/wp-content\/uploads\/2026\/03\/zema_2026-03-25_20-42-42.webp.webp?fit=1136%2C600&ssl=1&resize=1050%2C600 3x"},"classes":[]},{"id":16505,"url":"https:\/\/noticiasribeiraopreto.com.br\/index.php\/2023\/12\/15\/ex-juiz-sergio-moro-pode-perder-mandato-e-ficar-inelegivel-2\/","url_meta":{"origin":83047,"position":3},"title":"Ex-juiz Sergio Moro pode perder mandato e ficar ineleg\u00edvel","author":"noticiasribeiraopreto.com.br","date":"15 de December de 2023","format":false,"excerpt":"A Procuradoria Regional Eleitoral do Paran\u00e1 (TRE-PR) solicitou a cassa\u00e7\u00e3o do mandato do senador Sergio Moro (Uni\u00e3o-PR), na quinta-feira (14), por suposto abuso de poder econ\u00f4mico durante a pr\u00e9-campanha de 2022. O \u00f3rg\u00e3o tamb\u00e9m pleiteia a declara\u00e7\u00e3o de inelegibilidade do ex-juiz. Moro \u00e9 alvo de duas a\u00e7\u00f5es que est\u00e3o sendo\u2026","rel":"","context":"In &quot;Vagas de Emprego em Ribeir\u00e3o Preto-SP&quot;","block_context":{"text":"Vagas de Emprego em Ribeir\u00e3o Preto-SP","link":"https:\/\/noticiasribeiraopreto.com.br\/index.php\/category\/empregos-classificados-vagas-trabalho\/vagas-de-empregos-em-ribeirao-preto-regiao-brasil\/"},"img":{"alt_text":"","src":"https:\/\/i0.wp.com\/noticiasribeiraopreto.com.br\/wp-content\/uploads\/2023\/12\/sergio_moro_-_agencia_brasil.jpg?fit=1200%2C675&ssl=1&resize=350%2C200","width":350,"height":200,"srcset":"https:\/\/i0.wp.com\/noticiasribeiraopreto.com.br\/wp-content\/uploads\/2023\/12\/sergio_moro_-_agencia_brasil.jpg?fit=1200%2C675&ssl=1&resize=350%2C200 1x, https:\/\/i0.wp.com\/noticiasribeiraopreto.com.br\/wp-content\/uploads\/2023\/12\/sergio_moro_-_agencia_brasil.jpg?fit=1200%2C675&ssl=1&resize=525%2C300 1.5x, https:\/\/i0.wp.com\/noticiasribeiraopreto.com.br\/wp-content\/uploads\/2023\/12\/sergio_moro_-_agencia_brasil.jpg?fit=1200%2C675&ssl=1&resize=700%2C400 2x, https:\/\/i0.wp.com\/noticiasribeiraopreto.com.br\/wp-content\/uploads\/2023\/12\/sergio_moro_-_agencia_brasil.jpg?fit=1200%2C675&ssl=1&resize=1050%2C600 3x"},"classes":[]},{"id":81704,"url":"https:\/\/noticiasribeiraopreto.com.br\/index.php\/2026\/01\/14\/kassab-anuncia-nogueira-para-deputado-federal\/","url_meta":{"origin":83047,"position":4},"title":"Kassab anuncia Nogueira para deputado federal","author":"noticiasribeiraopreto.com.br","date":"14 de January de 2026","format":false,"excerpt":"\r \r \r \r \r 14 de janeiro de 2026 16:2714 de janeiro de 2026 16:29 \r Compartilhar0 \r Durante visita a Ribeir\u00e3o Preto, nesta quarta-feira, 14 de janeiro, Gilberto Kassab, presidente nacional do PSD e secret\u00e1rio estadual de Governo e Rela\u00e7\u00f5es Institucionais do Estado de S\u00e3o Paulo afirmou que\u2026","rel":"","context":"In &quot;Not\u00edcias de Ribeir\u00e3o Preto-SP e Regi\u00e3o&quot;","block_context":{"text":"Not\u00edcias de Ribeir\u00e3o Preto-SP e Regi\u00e3o","link":"https:\/\/noticiasribeiraopreto.com.br\/index.php\/category\/noticias-de-ribeirao-preto-sp-e-regiao-ismael-colosi\/"},"img":{"alt_text":"","src":"https:\/\/i0.wp.com\/noticiasribeiraopreto.com.br\/wp-content\/uploads\/2026\/01\/DuarteTCE-Max-Gallao-Mesquita-scaled.jpg?fit=752%2C500&ssl=1&resize=350%2C200","width":350,"height":200,"srcset":"https:\/\/i0.wp.com\/noticiasribeiraopreto.com.br\/wp-content\/uploads\/2026\/01\/DuarteTCE-Max-Gallao-Mesquita-scaled.jpg?fit=752%2C500&ssl=1&resize=350%2C200 1x, https:\/\/i0.wp.com\/noticiasribeiraopreto.com.br\/wp-content\/uploads\/2026\/01\/DuarteTCE-Max-Gallao-Mesquita-scaled.jpg?fit=752%2C500&ssl=1&resize=525%2C300 1.5x, https:\/\/i0.wp.com\/noticiasribeiraopreto.com.br\/wp-content\/uploads\/2026\/01\/DuarteTCE-Max-Gallao-Mesquita-scaled.jpg?fit=752%2C500&ssl=1&resize=700%2C400 2x"},"classes":[]},{"id":6583,"url":"https:\/\/noticiasribeiraopreto.com.br\/index.php\/2023\/11\/26\/mesa-da-camara-de-ribeirao-tem-eleicao-nesta-semana-veja-como-esta-a-disputa\/","url_meta":{"origin":83047,"position":5},"title":"Mesa da C\u00e2mara de Ribeir\u00e3o tem elei\u00e7\u00e3o nesta semana; Veja como est\u00e1 a disputa","author":"noticiasribeiraopreto.com.br","date":"26 de November de 2023","format":false,"excerpt":"A elei\u00e7\u00e3o para presid\u00eancia da Mesa Diretora da C\u00e2mara de Ribeir\u00e3o Preto para 2024 acontece na pr\u00f3xima quinta-feira (30). E o pleito t\u00edmido caminha para reconduzir ao cargo o atual presidente, Franco Ferro (PRTB). O que \u00e9? O presidente da Mesa Diretora \u00e9 respons\u00e1vel pelos trabalhos administrativos do Legislativo, al\u00e9m\u2026","rel":"","context":"In &quot;Not\u00edcias de Ribeir\u00e3o Preto-SP e Regi\u00e3o&quot;","block_context":{"text":"Not\u00edcias de Ribeir\u00e3o Preto-SP e Regi\u00e3o","link":"https:\/\/noticiasribeiraopreto.com.br\/index.php\/category\/noticias-de-ribeirao-preto-sp-e-regiao-ismael-colosi\/"},"img":{"alt_text":"","src":"https:\/\/i0.wp.com\/noticiasribeiraopreto.com.br\/wp-content\/uploads\/2023\/11\/camara-de-ribeirao-preto.jpg?fit=1200%2C800&ssl=1&resize=350%2C200","width":350,"height":200,"srcset":"https:\/\/i0.wp.com\/noticiasribeiraopreto.com.br\/wp-content\/uploads\/2023\/11\/camara-de-ribeirao-preto.jpg?fit=1200%2C800&ssl=1&resize=350%2C200 1x, https:\/\/i0.wp.com\/noticiasribeiraopreto.com.br\/wp-content\/uploads\/2023\/11\/camara-de-ribeirao-preto.jpg?fit=1200%2C800&ssl=1&resize=525%2C300 1.5x, https:\/\/i0.wp.com\/noticiasribeiraopreto.com.br\/wp-content\/uploads\/2023\/11\/camara-de-ribeirao-preto.jpg?fit=1200%2C800&ssl=1&resize=700%2C400 2x, https:\/\/i0.wp.com\/noticiasribeiraopreto.com.br\/wp-content\/uploads\/2023\/11\/camara-de-ribeirao-preto.jpg?fit=1200%2C800&ssl=1&resize=1050%2C600 3x"},"classes":[]}],"jetpack_sharing_enabled":true,"jetpack_shortlink":"https:\/\/wp.me\/peQAOb-lBt","_links":{"self":[{"href":"https:\/\/noticiasribeiraopreto.com.br\/index.php\/wp-json\/wp\/v2\/posts\/83047","targetHints":{"allow":["GET"]}}],"collection":[{"href":"https:\/\/noticiasribeiraopreto.com.br\/index.php\/wp-json\/wp\/v2\/posts"}],"about":[{"href":"https:\/\/noticiasribeiraopreto.com.br\/index.php\/wp-json\/wp\/v2\/types\/post"}],"author":[{"embeddable":true,"href":"https:\/\/noticiasribeiraopreto.com.br\/index.php\/wp-json\/wp\/v2\/users\/1"}],"replies":[{"embeddable":true,"href":"https:\/\/noticiasribeiraopreto.com.br\/index.php\/wp-json\/wp\/v2\/comments?post=83047"}],"version-history":[{"count":0,"href":"https:\/\/noticiasribeiraopreto.com.br\/index.php\/wp-json\/wp\/v2\/posts\/83047\/revisions"}],"wp:featuredmedia":[{"embeddable":true,"href":"https:\/\/noticiasribeiraopreto.com.br\/index.php\/wp-json\/wp\/v2\/media\/83048"}],"wp:attachment":[{"href":"https:\/\/noticiasribeiraopreto.com.br\/index.php\/wp-json\/wp\/v2\/media?parent=83047"}],"wp:term":[{"taxonomy":"category","embeddable":true,"href":"https:\/\/noticiasribeiraopreto.com.br\/index.php\/wp-json\/wp\/v2\/categories?post=83047"},{"taxonomy":"post_tag","embeddable":true,"href":"https:\/\/noticiasribeiraopreto.com.br\/index.php\/wp-json\/wp\/v2\/tags?post=83047"}],"curies":[{"name":"wp","href":"https:\/\/api.w.org\/{rel}","templated":true}]}}