{"id":83049,"date":"2026-03-07T11:25:15","date_gmt":"2026-03-07T14:25:15","guid":{"rendered":"https:\/\/noticiasribeiraopreto.com.br\/index.php\/2026\/03\/07\/eventos-provocam-bloqueios-no-transito-de-ribeirao-preto-veja-os-locais\/"},"modified":"2026-03-07T11:25:15","modified_gmt":"2026-03-07T14:25:15","slug":"eventos-provocam-bloqueios-no-transito-de-ribeirao-preto-veja-os-locais","status":"publish","type":"post","link":"https:\/\/noticiasribeiraopreto.com.br\/index.php\/2026\/03\/07\/eventos-provocam-bloqueios-no-transito-de-ribeirao-preto-veja-os-locais\/","title":{"rendered":"Eventos provocam bloqueios no tr\u00e2nsito de Ribeir\u00e3o Preto; veja os locais"},"content":{"rendered":"<div class='code-block code-block-1' style='margin: 8px 0 8px auto; text-align: right; display: block; clear: both;'>\n<p><a href=\"https:\/\/wa.link\/vpicfd\"><img data-recalc-dims=\"1\" class=\"wp-image-4922\" style=\"aspect-ratio: 2.0253164556962027; width: 561px; height: auto;\" src=\"https:\/\/i0.wp.com\/ismaelcolosi.com.br\/wp-content\/uploads\/2023\/11\/grupo-de-empregos-whatsapp-e-facebook-ismael-colosi-vagas.jpg?ssl=1\" alt=\"\" \/><\/a><\/p>\n<!-- \/wp:image -->\n<\/div>\n<p> <br \/>\n<\/p>\n<div data-td-block-uid=\"tdi_95\">\n<div class=\"tdb-block-inner td-fix-index\">\n<p>Motoristas de Ribeir\u00e3o Preto devem ficar atentos, pois <strong>o tr\u00e2nsito na cidade ter\u00e1 mudan\u00e7as neste domingo (8)<\/strong> por causa de dois eventos programados: a corrida de rua <strong>Santander Track&amp;Field Run Series<\/strong> e a <strong>Cavalgada 2026<\/strong>. <\/p>\n<p>As atividades v\u00e3o acontecer em diferentes regi\u00f5es e provocar\u00e3o <strong>interdi\u00e7\u00f5es tempor\u00e1rias em avenidas importantes<\/strong>, o que pode impactar a circula\u00e7\u00e3o de ve\u00edculos durante a manh\u00e3.<\/p>\n<h3 class=\"wp-block-heading\"><strong>Corrida de rua <\/strong><\/h3>\n<p>A corrida <strong>Santander Track&amp;Field Run Series<\/strong> vai acontecer entre <strong>5h e 9h<\/strong> e afetar\u00e1 o tr\u00e2nsito em avenidas da <strong>regi\u00e3o Sul de Ribeir\u00e3o Preto<\/strong>, principalmente nas proximidades da avenida Presidente Vargas.<\/p>\n<p>Durante a prova, agentes far\u00e3o bloqueios tempor\u00e1rios em diversos trechos para garantir a seguran\u00e7a dos participantes.<\/p>\n<h3 class=\"wp-block-heading\"><strong>Vias com interdi\u00e7\u00f5es<\/strong><\/h3>\n<ul class=\"wp-block-list\">\n<li>pista <strong>Centro\u2013Bairro da avenida Presidente Vargas<\/strong>, a partir do Ribeir\u00e3o Shopping<\/li>\n<li><strong>rua Joaquim Sim\u00f5es Gomes<\/strong>, ao lado do Parque das Artes<\/li>\n<li><strong>avenida Jos\u00e9 Cez\u00e1rio Monteiro da Silva<\/strong><\/li>\n<li><strong>rotat\u00f3ria da UNIP<\/strong><\/li>\n<li><strong>avenida Carlos Consoni<\/strong><\/li>\n<li>pista <strong>Bairro\u2013Centro da avenida Presidente Vargas<\/strong><\/li>\n<\/ul>\n<p>Al\u00e9m disso, o <strong>t\u00fanel da avenida Presidente Vargas<\/strong> ter\u00e1 bloqueio tempor\u00e1rio durante a realiza\u00e7\u00e3o da corrida.<\/p>\n<div class=\"wp-block-image\">\n<figure class=\"aligncenter size-large is-resized\"><img data-recalc-dims=\"1\" fetchpriority=\"high\" decoding=\"async\" width=\"1024\" height=\"683\" src=\"https:\/\/i0.wp.com\/cdn.media-acidadeon.com.br\/ribeiraopreto\/wp-content\/uploads\/sites\/3\/2026\/03\/image_2026-03-06_18-21-10-1024x683.webp?resize=1024%2C683&#038;ssl=1\" alt=\"evento\" class=\"wp-image-147989\" style=\"width:807px;height:auto\" title=\"Eventos provocam bloqueios no tr\u00e2nsito de Ribeir\u00e3o Preto; veja os locais 1\" srcset=\"https:\/\/cdn.media-acidadeon.com.br\/ribeiraopreto\/wp-content\/uploads\/sites\/3\/2026\/03\/image_2026-03-06_18-21-10-1024x683.webp 1024w, https:\/\/cdn.media-acidadeon.com.br\/ribeiraopreto\/wp-content\/uploads\/sites\/3\/2026\/03\/image_2026-03-06_18-21-10-300x200.webp 300w, https:\/\/cdn.media-acidadeon.com.br\/ribeiraopreto\/wp-content\/uploads\/sites\/3\/2026\/03\/image_2026-03-06_18-21-10-768x512.webp 768w, https:\/\/cdn.media-acidadeon.com.br\/ribeiraopreto\/wp-content\/uploads\/sites\/3\/2026\/03\/image_2026-03-06_18-21-10-696x464.webp 696w, https:\/\/cdn.media-acidadeon.com.br\/ribeiraopreto\/wp-content\/uploads\/sites\/3\/2026\/03\/image_2026-03-06_18-21-10-1068x712.webp 1068w, https:\/\/cdn.media-acidadeon.com.br\/ribeiraopreto\/wp-content\/uploads\/sites\/3\/2026\/03\/image_2026-03-06_18-21-10.webp 1200w\" sizes=\"(max-width: 1024px) 100vw, 1024px\"\/><figcaption class=\"wp-element-caption\">Foto: Reprodu\u00e7\u00e3o\/ RP Mobi<\/figcaption><\/figure>\n<\/div>\n<h3 class=\"wp-block-heading\"><strong>Rota alternativa<\/strong><\/h3>\n<p>Motoristas que precisarem acessar a regi\u00e3o do <strong>Jardim Nova Alian\u00e7a<\/strong> podem utilizar a <strong>avenida Braz Olaia Acosta<\/strong> como rota alternativa.<\/p>\n<h3 class=\"wp-block-heading\"><strong>Cavalgada 2026 <\/strong><\/h3>\n<p>A <strong>Cavalgada 2026<\/strong> tamb\u00e9m provocar\u00e1 altera\u00e7\u00f5es no tr\u00e2nsito em Ribeir\u00e3o Preto. O evento acontecer\u00e1 entre <strong>8h e 12h<\/strong>, com percurso em vias da <strong>regi\u00e3o Oeste<\/strong>, que inclui trechos da Vila Virg\u00ednia e da Vila Tib\u00e9rio.<\/p>\n<h4 class=\"wp-block-heading\"><strong>Vias com interdi\u00e7\u00f5es<\/strong><\/h4>\n<ul class=\"wp-block-list\">\n<li><strong>avenida Elp\u00eddio Gomes<\/strong>, na sa\u00edda do Parque Maur\u00edlio Biagi<\/li>\n<li><strong>avenida do Caf\u00e9<\/strong><\/li>\n<li><strong>rua dos Imigrantes<\/strong><\/li>\n<li><strong>avenida Bandeirantes<\/strong><\/li>\n<li><strong>rua dos Limoeiros<\/strong>, no Jardim Recreio, ponto final do trajeto<\/li>\n<\/ul>\n<div class=\"wp-block-image\">\n<figure class=\"aligncenter size-large is-resized\"><img data-recalc-dims=\"1\" loading=\"lazy\" decoding=\"async\" width=\"1024\" height=\"683\" src=\"https:\/\/i0.wp.com\/cdn.media-acidadeon.com.br\/ribeiraopreto\/wp-content\/uploads\/sites\/3\/2026\/03\/image_2026-03-06_18-22-46-1024x683.webp?resize=1024%2C683&#038;ssl=1\" alt=\"image 2026 03 06 18 22 46\" class=\"wp-image-147992\" style=\"width:909px;height:auto\" title=\"Eventos provocam bloqueios no tr\u00e2nsito de Ribeir\u00e3o Preto; veja os locais 2\" srcset=\"https:\/\/cdn.media-acidadeon.com.br\/ribeiraopreto\/wp-content\/uploads\/sites\/3\/2026\/03\/image_2026-03-06_18-22-46-1024x683.webp 1024w, https:\/\/cdn.media-acidadeon.com.br\/ribeiraopreto\/wp-content\/uploads\/sites\/3\/2026\/03\/image_2026-03-06_18-22-46-300x200.webp 300w, https:\/\/cdn.media-acidadeon.com.br\/ribeiraopreto\/wp-content\/uploads\/sites\/3\/2026\/03\/image_2026-03-06_18-22-46-768x512.webp 768w, https:\/\/cdn.media-acidadeon.com.br\/ribeiraopreto\/wp-content\/uploads\/sites\/3\/2026\/03\/image_2026-03-06_18-22-46-696x464.webp 696w, https:\/\/cdn.media-acidadeon.com.br\/ribeiraopreto\/wp-content\/uploads\/sites\/3\/2026\/03\/image_2026-03-06_18-22-46-1068x712.webp 1068w, https:\/\/cdn.media-acidadeon.com.br\/ribeiraopreto\/wp-content\/uploads\/sites\/3\/2026\/03\/image_2026-03-06_18-22-46.webp 1200w\" sizes=\"auto, (max-width: 1024px) 100vw, 1024px\"\/><figcaption class=\"wp-element-caption\">Foto: Reprodu\u00e7\u00e3o\/ RP Mobi<\/figcaption><\/figure>\n<\/div>\n<hr class=\"wp-block-separator has-alpha-channel-opacity\"\/>\n<p>SAIBA MAIS<br \/>Esquadrilha da Fuma\u00e7a se apresenta neste s\u00e1bado na regi\u00e3o de Ribeir\u00e3o Preto<\/p>\n<h2 class=\"wp-block-heading\"><strong>FIQUE ON<\/strong><\/h2>\n<p>Fique ligado em tudo que acontece em Ribeir\u00e3o Preto e regi\u00e3o. Siga os perfis do\u00a0<strong>acidade on\u00a0<\/strong>no\u00a0<a href=\"https:\/\/www.instagram.com\/acidadeonribeirao\" target=\"_blank\" rel=\"noreferrer noopener\">Instagram<\/a>\u00a0e no\u00a0<a href=\"https:\/\/www.facebook.com\/acidadeonribeirao\/\" target=\"_blank\" rel=\"noreferrer noopener\">Facebook<\/a>.<\/p>\n<p>Receba not\u00edcias do\u00a0<strong>acidade on<\/strong>\u00a0no WhatsApp. Para entrar no grupo,\u00a0basta<a href=\"https:\/\/chat.whatsapp.com\/GFH9HUMUTHNFJdnyEd0xxq\" target=\"_blank\" rel=\"noreferrer noopener\">\u00a0clicar aqui<\/a>. Ou, acesse o nosso\u00a0Canal\u00a0<a href=\"https:\/\/whatsapp.com\/channel\/0029Vb6IQl1JENyAeS57fk2p\" target=\"_blank\" rel=\"noreferrer noopener\">clicando aqui<\/a>.<\/p>\n<p>Fa\u00e7a uma den\u00fancia ou sugira uma reportagem sobre Ribeir\u00e3o Preto e regi\u00e3o pelo WhatsApp: 16 99117 7802.<\/p>\n<p>VEJA TAMB\u00c9M<br \/>Plantas t\u00f3xicas: veja os riscos para c\u00e3es e gatos<\/p>\n<p><!-- AI CONTENT END 1 -->\n<\/div>\n<\/div>\n<p><script async src=\"\/\/www.instagram.com\/embed.js\"><\/script><br \/>\n<br \/><br \/>\n<br \/><a href=\"https:\/\/www.acidadeon.com\/ribeiraopreto\/cotidiano\/eventos-provocam-bloqueios-no-transito-de-ribeirao-preto-veja-os-locais\/\">Source link <\/a><\/p>\n<!-- CONTENT END 1 -->\n","protected":false},"excerpt":{"rendered":"<p>Motoristas de Ribeir\u00e3o Preto devem ficar atentos, pois o tr\u00e2nsito na cidade ter\u00e1 mudan\u00e7as neste domingo (8) por causa de dois eventos programados: a corrida&#8230;<\/p>\n","protected":false},"author":1,"featured_media":80760,"comment_status":"open","ping_status":"open","sticky":false,"template":"","format":"standard","meta":{"advanced_seo_description":"","jetpack_seo_html_title":"","jetpack_seo_noindex":false,"jetpack_post_was_ever_published":false,"_jetpack_newsletter_access":"","_jetpack_dont_email_post_to_subs":false,"_jetpack_newsletter_tier_id":0,"_jetpack_memberships_contains_paywalled_content":false,"_jetpack_memberships_contains_paid_content":false,"footnotes":"","jetpack_publicize_message":"","jetpack_publicize_feature_enabled":true,"jetpack_social_post_already_shared":true,"jetpack_social_options":{"image_generator_settings":{"template":"highway","default_image_id":0,"font":"","enabled":false},"version":2}},"categories":[11],"tags":[],"class_list":["post-83049","post","type-post","status-publish","format-standard","has-post-thumbnail","hentry","category-noticias-de-ribeirao-preto-sp-e-regiao-ismael-colosi"],"jetpack_publicize_connections":[],"jetpack_featured_media_url":"https:\/\/i0.wp.com\/noticiasribeiraopreto.com.br\/wp-content\/uploads\/2025\/12\/interdicoes_004_2025-12-12_21-33-02.webp.webp?fit=1200%2C799&ssl=1","jetpack-related-posts":[{"id":84948,"url":"https:\/\/noticiasribeiraopreto.com.br\/index.php\/2026\/04\/18\/avenida-maurilio-biagi-tera-interdicoes-neste-domingo-veja-os-trechos-afetados\/","url_meta":{"origin":83049,"position":0},"title":"Avenida Maur\u00edlio Biagi ter\u00e1 interdi\u00e7\u00f5es neste domingo; Veja os trechos afetados","author":"noticiasribeiraopreto.com.br","date":"18 de April de 2026","format":false,"excerpt":"Ler o resumo da not\u00edcia RP Mobi interditar\u00e1 dois trechos da Avenida Maur\u00edcio Biagi em Ribeir\u00e3o Preto neste domingo (19) das 5h \u00e0s 8h para a realiza\u00e7\u00e3o de uma corrida de rua. O bloqueio total ser\u00e1 na pista Bairro\/Centro entre a Rua Ov\u00eddeo Jos\u00e9 de Faria e a Avenida Cost\u00e1bile\u2026","rel":"","context":"In &quot;Not\u00edcias de Ribeir\u00e3o Preto-SP e Regi\u00e3o&quot;","block_context":{"text":"Not\u00edcias de Ribeir\u00e3o Preto-SP e Regi\u00e3o","link":"https:\/\/noticiasribeiraopreto.com.br\/index.php\/category\/noticias-de-ribeirao-preto-sp-e-regiao-ismael-colosi\/"},"img":{"alt_text":"","src":"https:\/\/i0.wp.com\/noticiasribeiraopreto.com.br\/wp-content\/uploads\/2026\/04\/avenida-maurilio-biagi-1_2024-06-29_19-39-53_jpg_2024-06-29_19-39-53-768x431-1.webp.webp?fit=768%2C431&ssl=1&resize=350%2C200","width":350,"height":200,"srcset":"https:\/\/i0.wp.com\/noticiasribeiraopreto.com.br\/wp-content\/uploads\/2026\/04\/avenida-maurilio-biagi-1_2024-06-29_19-39-53_jpg_2024-06-29_19-39-53-768x431-1.webp.webp?fit=768%2C431&ssl=1&resize=350%2C200 1x, https:\/\/i0.wp.com\/noticiasribeiraopreto.com.br\/wp-content\/uploads\/2026\/04\/avenida-maurilio-biagi-1_2024-06-29_19-39-53_jpg_2024-06-29_19-39-53-768x431-1.webp.webp?fit=768%2C431&ssl=1&resize=525%2C300 1.5x, https:\/\/i0.wp.com\/noticiasribeiraopreto.com.br\/wp-content\/uploads\/2026\/04\/avenida-maurilio-biagi-1_2024-06-29_19-39-53_jpg_2024-06-29_19-39-53-768x431-1.webp.webp?fit=768%2C431&ssl=1&resize=700%2C400 2x"},"classes":[]},{"id":80759,"url":"https:\/\/noticiasribeiraopreto.com.br\/index.php\/2025\/12\/13\/domingo-de-eventos-muda-transito-em-ribeirao-preto-confira-rotas\/","url_meta":{"origin":83049,"position":1},"title":"Domingo de eventos muda tr\u00e2nsito em Ribeir\u00e3o Preto; confira rotas","author":"noticiasribeiraopreto.com.br","date":"13 de December de 2025","format":false,"excerpt":"A RP Mobi informou que tr\u00eas eventos programados para este domingo (14) v\u00e3o alterar o tr\u00e2nsito em v\u00e1rios pontos de Ribeir\u00e3o Preto. Os bloqueios acontecem em hor\u00e1rios diferentes, e os motoristas podem consultar rotas alternativas para evitar congestionamentos. Confira: Corrida Solid\u00e1ria A Corrida Solid\u00e1ria come\u00e7a \u00e0s 7h e interfere no\u2026","rel":"","context":"In &quot;Not\u00edcias de Ribeir\u00e3o Preto-SP e Regi\u00e3o&quot;","block_context":{"text":"Not\u00edcias de Ribeir\u00e3o Preto-SP e Regi\u00e3o","link":"https:\/\/noticiasribeiraopreto.com.br\/index.php\/category\/noticias-de-ribeirao-preto-sp-e-regiao-ismael-colosi\/"},"img":{"alt_text":"","src":"https:\/\/i0.wp.com\/noticiasribeiraopreto.com.br\/wp-content\/uploads\/2025\/12\/interdicoes_004_2025-12-12_21-33-02.webp.webp?fit=1200%2C799&ssl=1&resize=350%2C200","width":350,"height":200,"srcset":"https:\/\/i0.wp.com\/noticiasribeiraopreto.com.br\/wp-content\/uploads\/2025\/12\/interdicoes_004_2025-12-12_21-33-02.webp.webp?fit=1200%2C799&ssl=1&resize=350%2C200 1x, https:\/\/i0.wp.com\/noticiasribeiraopreto.com.br\/wp-content\/uploads\/2025\/12\/interdicoes_004_2025-12-12_21-33-02.webp.webp?fit=1200%2C799&ssl=1&resize=525%2C300 1.5x, https:\/\/i0.wp.com\/noticiasribeiraopreto.com.br\/wp-content\/uploads\/2025\/12\/interdicoes_004_2025-12-12_21-33-02.webp.webp?fit=1200%2C799&ssl=1&resize=700%2C400 2x, https:\/\/i0.wp.com\/noticiasribeiraopreto.com.br\/wp-content\/uploads\/2025\/12\/interdicoes_004_2025-12-12_21-33-02.webp.webp?fit=1200%2C799&ssl=1&resize=1050%2C600 3x"},"classes":[]},{"id":83893,"url":"https:\/\/noticiasribeiraopreto.com.br\/index.php\/2026\/03\/27\/transito-em-ribeirao-preto-tera-mudancas-neste-fim-de-semana\/","url_meta":{"origin":83049,"position":2},"title":"Tr\u00e2nsito em Ribeir\u00e3o Preto ter\u00e1 mudan\u00e7as neste fim de semana","author":"noticiasribeiraopreto.com.br","date":"27 de March de 2026","format":false,"excerpt":"Ribeir\u00e3o Preto ter\u00e1 mudan\u00e7as no tr\u00e2nsito neste fim de semana, dias 28 e 29 de mar\u00e7o, por causa de servi\u00e7os de infraestrutura, manuten\u00e7\u00e3o e realiza\u00e7\u00e3o de eventos esportivos e religiosos. Equipes da RP Mobi atuar\u00e3o no monitoramento e na orienta\u00e7\u00e3o de motoristas nas regi\u00f5es com bloqueios. Confira as interdi\u00e7\u00f5es S\u00e1bado\u2026","rel":"","context":"In &quot;Not\u00edcias de Ribeir\u00e3o Preto-SP e Regi\u00e3o&quot;","block_context":{"text":"Not\u00edcias de Ribeir\u00e3o Preto-SP e Regi\u00e3o","link":"https:\/\/noticiasribeiraopreto.com.br\/index.php\/category\/noticias-de-ribeirao-preto-sp-e-regiao-ismael-colosi\/"},"img":{"alt_text":"","src":"https:\/\/i0.wp.com\/noticiasribeiraopreto.com.br\/wp-content\/uploads\/2026\/03\/interdicoes_004_2025-12-12_21-33-02.webp.webp?fit=1200%2C799&ssl=1&resize=350%2C200","width":350,"height":200,"srcset":"https:\/\/i0.wp.com\/noticiasribeiraopreto.com.br\/wp-content\/uploads\/2026\/03\/interdicoes_004_2025-12-12_21-33-02.webp.webp?fit=1200%2C799&ssl=1&resize=350%2C200 1x, https:\/\/i0.wp.com\/noticiasribeiraopreto.com.br\/wp-content\/uploads\/2026\/03\/interdicoes_004_2025-12-12_21-33-02.webp.webp?fit=1200%2C799&ssl=1&resize=525%2C300 1.5x, https:\/\/i0.wp.com\/noticiasribeiraopreto.com.br\/wp-content\/uploads\/2026\/03\/interdicoes_004_2025-12-12_21-33-02.webp.webp?fit=1200%2C799&ssl=1&resize=700%2C400 2x, https:\/\/i0.wp.com\/noticiasribeiraopreto.com.br\/wp-content\/uploads\/2026\/03\/interdicoes_004_2025-12-12_21-33-02.webp.webp?fit=1200%2C799&ssl=1&resize=1050%2C600 3x"},"classes":[]},{"id":75815,"url":"https:\/\/noticiasribeiraopreto.com.br\/index.php\/2025\/08\/15\/rp-mobi-alerta-para-bloqueios-e-rotas-alternativas-durante-eventos-em-ribeirao\/","url_meta":{"origin":83049,"position":3},"title":"RP Mobi alerta para bloqueios e rotas alternativas durante eventos em Ribeir\u00e3o","author":"noticiasribeiraopreto.com.br","date":"15 de August de 2025","format":false,"excerpt":"O tr\u00e2nsito de Ribeir\u00e3o Preto sofrer\u00e1 altera\u00e7\u00f5es neste final de semana devido \u00e0 realiza\u00e7\u00e3o de tr\u00eas eventos no munic\u00edpio. Por esse motivo, a RP Mobi, empresa de mobilidade urbana da cidade, alerta os condutores a ficarem atentos aos bloqueios e a utilizarem rotas alternativas para evitar transtornos (veja abaixo). Bloqueios\u2026","rel":"","context":"In &quot;Not\u00edcias de Ribeir\u00e3o Preto-SP e Regi\u00e3o&quot;","block_context":{"text":"Not\u00edcias de Ribeir\u00e3o Preto-SP e Regi\u00e3o","link":"https:\/\/noticiasribeiraopreto.com.br\/index.php\/category\/noticias-de-ribeirao-preto-sp-e-regiao-ismael-colosi\/"},"img":{"alt_text":"","src":"https:\/\/i0.wp.com\/noticiasribeiraopreto.com.br\/wp-content\/uploads\/2025\/08\/a.ok_.interdicoestransito_2025-08-15_19-33-18.webp.webp?fit=1200%2C800&ssl=1&resize=350%2C200","width":350,"height":200,"srcset":"https:\/\/i0.wp.com\/noticiasribeiraopreto.com.br\/wp-content\/uploads\/2025\/08\/a.ok_.interdicoestransito_2025-08-15_19-33-18.webp.webp?fit=1200%2C800&ssl=1&resize=350%2C200 1x, https:\/\/i0.wp.com\/noticiasribeiraopreto.com.br\/wp-content\/uploads\/2025\/08\/a.ok_.interdicoestransito_2025-08-15_19-33-18.webp.webp?fit=1200%2C800&ssl=1&resize=525%2C300 1.5x, https:\/\/i0.wp.com\/noticiasribeiraopreto.com.br\/wp-content\/uploads\/2025\/08\/a.ok_.interdicoestransito_2025-08-15_19-33-18.webp.webp?fit=1200%2C800&ssl=1&resize=700%2C400 2x, https:\/\/i0.wp.com\/noticiasribeiraopreto.com.br\/wp-content\/uploads\/2025\/08\/a.ok_.interdicoestransito_2025-08-15_19-33-18.webp.webp?fit=1200%2C800&ssl=1&resize=1050%2C600 3x"},"classes":[]},{"id":71514,"url":"https:\/\/noticiasribeiraopreto.com.br\/index.php\/2025\/06\/06\/corrida-altera-transito-em-ribeirao-preto-neste-sabado-veja-horarios-e-vias-bloqueadas\/","url_meta":{"origin":83049,"position":4},"title":"Corrida altera tr\u00e2nsito em Ribeir\u00e3o Preto neste s\u00e1bado; veja hor\u00e1rios e vias bloqueadas","author":"noticiasribeiraopreto.com.br","date":"6 de June de 2025","format":false,"excerpt":"Neste s\u00e1bado (7), o tr\u00e2nsito ser\u00e1 interrompido em diferentes pontos de Ribeir\u00e3o Preto entre 17h e 20h devido \u00e0 realiza\u00e7\u00e3o da corrida \u201cBotafogo Night Run\u201d. As interdi\u00e7\u00f5es ocorrer\u00e3o nas proximidades do Est\u00e1dio Santa Cruz e em trechos das avenidas Maur\u00edlio Biagi e Francisco Junqueira. A recomenda\u00e7\u00e3o \u00e9 que motoristas evitem\u2026","rel":"","context":"In &quot;Not\u00edcias de Ribeir\u00e3o Preto-SP e Regi\u00e3o&quot;","block_context":{"text":"Not\u00edcias de Ribeir\u00e3o Preto-SP e Regi\u00e3o","link":"https:\/\/noticiasribeiraopreto.com.br\/index.php\/category\/noticias-de-ribeirao-preto-sp-e-regiao-ismael-colosi\/"},"img":{"alt_text":"","src":"https:\/\/noticiasribeiraopreto.com.br\/wp-content\/uploads\/2024\/11\/transito-sca-1.jpe","width":350,"height":200,"srcset":"https:\/\/noticiasribeiraopreto.com.br\/wp-content\/uploads\/2024\/11\/transito-sca-1.jpe 1x, https:\/\/noticiasribeiraopreto.com.br\/wp-content\/uploads\/2024\/11\/transito-sca-1.jpe 1.5x, https:\/\/noticiasribeiraopreto.com.br\/wp-content\/uploads\/2024\/11\/transito-sca-1.jpe 2x, https:\/\/noticiasribeiraopreto.com.br\/wp-content\/uploads\/2024\/11\/transito-sca-1.jpe 3x"},"classes":[]},{"id":84509,"url":"https:\/\/noticiasribeiraopreto.com.br\/index.php\/2026\/04\/10\/transito-em-ribeirao-preto-tera-interdicoes-neste-fim-de-semana-veja-locais-e-horarios\/","url_meta":{"origin":83049,"position":5},"title":"Tr\u00e2nsito em Ribeir\u00e3o Preto ter\u00e1 interdi\u00e7\u00f5es neste fim de semana; veja locais e hor\u00e1rios","author":"noticiasribeiraopreto.com.br","date":"10 de April de 2026","format":false,"excerpt":"Ler o resumo da not\u00edcia Tr\u00e2nsito em Ribeir\u00e3o Preto ter\u00e1 interdi\u00e7\u00f5es neste fim de semana, entre s\u00e1bado (11) e domingo (12), devido a eventos na cidade. No s\u00e1bado, ocorrer\u00e3o tr\u00eas eventos com bloqueios: Churrasquinho Menos \u00e9 Mais no Est\u00e1dio do Comercial (14h-23h59), Xtreme \u2013 A\u00e7\u00e3o Solid\u00e1ria na Avenida \u00c1urea Machado\u2026","rel":"","context":"In &quot;Not\u00edcias de Ribeir\u00e3o Preto-SP e Regi\u00e3o&quot;","block_context":{"text":"Not\u00edcias de Ribeir\u00e3o Preto-SP e Regi\u00e3o","link":"https:\/\/noticiasribeiraopreto.com.br\/index.php\/category\/noticias-de-ribeirao-preto-sp-e-regiao-ismael-colosi\/"},"img":{"alt_text":"","src":"https:\/\/i0.wp.com\/noticiasribeiraopreto.com.br\/wp-content\/uploads\/2026\/04\/carros_transerp_2__2026-03-02_18-03-41.webp.webp?fit=1200%2C800&ssl=1&resize=350%2C200","width":350,"height":200,"srcset":"https:\/\/i0.wp.com\/noticiasribeiraopreto.com.br\/wp-content\/uploads\/2026\/04\/carros_transerp_2__2026-03-02_18-03-41.webp.webp?fit=1200%2C800&ssl=1&resize=350%2C200 1x, https:\/\/i0.wp.com\/noticiasribeiraopreto.com.br\/wp-content\/uploads\/2026\/04\/carros_transerp_2__2026-03-02_18-03-41.webp.webp?fit=1200%2C800&ssl=1&resize=525%2C300 1.5x, https:\/\/i0.wp.com\/noticiasribeiraopreto.com.br\/wp-content\/uploads\/2026\/04\/carros_transerp_2__2026-03-02_18-03-41.webp.webp?fit=1200%2C800&ssl=1&resize=700%2C400 2x, https:\/\/i0.wp.com\/noticiasribeiraopreto.com.br\/wp-content\/uploads\/2026\/04\/carros_transerp_2__2026-03-02_18-03-41.webp.webp?fit=1200%2C800&ssl=1&resize=1050%2C600 3x"},"classes":[]}],"jetpack_sharing_enabled":true,"jetpack_shortlink":"https:\/\/wp.me\/peQAOb-lBv","_links":{"self":[{"href":"https:\/\/noticiasribeiraopreto.com.br\/index.php\/wp-json\/wp\/v2\/posts\/83049","targetHints":{"allow":["GET"]}}],"collection":[{"href":"https:\/\/noticiasribeiraopreto.com.br\/index.php\/wp-json\/wp\/v2\/posts"}],"about":[{"href":"https:\/\/noticiasribeiraopreto.com.br\/index.php\/wp-json\/wp\/v2\/types\/post"}],"author":[{"embeddable":true,"href":"https:\/\/noticiasribeiraopreto.com.br\/index.php\/wp-json\/wp\/v2\/users\/1"}],"replies":[{"embeddable":true,"href":"https:\/\/noticiasribeiraopreto.com.br\/index.php\/wp-json\/wp\/v2\/comments?post=83049"}],"version-history":[{"count":0,"href":"https:\/\/noticiasribeiraopreto.com.br\/index.php\/wp-json\/wp\/v2\/posts\/83049\/revisions"}],"wp:featuredmedia":[{"embeddable":true,"href":"https:\/\/noticiasribeiraopreto.com.br\/index.php\/wp-json\/wp\/v2\/media\/80760"}],"wp:attachment":[{"href":"https:\/\/noticiasribeiraopreto.com.br\/index.php\/wp-json\/wp\/v2\/media?parent=83049"}],"wp:term":[{"taxonomy":"category","embeddable":true,"href":"https:\/\/noticiasribeiraopreto.com.br\/index.php\/wp-json\/wp\/v2\/categories?post=83049"},{"taxonomy":"post_tag","embeddable":true,"href":"https:\/\/noticiasribeiraopreto.com.br\/index.php\/wp-json\/wp\/v2\/tags?post=83049"}],"curies":[{"name":"wp","href":"https:\/\/api.w.org\/{rel}","templated":true}]}}