{"id":83050,"date":"2026-03-07T17:24:13","date_gmt":"2026-03-07T20:24:13","guid":{"rendered":"https:\/\/noticiasribeiraopreto.com.br\/index.php\/2026\/03\/07\/comercial-vence-a-primeira-em-casa-na-a4\/"},"modified":"2026-03-07T17:24:13","modified_gmt":"2026-03-07T20:24:13","slug":"comercial-vence-a-primeira-em-casa-na-a4","status":"publish","type":"post","link":"https:\/\/noticiasribeiraopreto.com.br\/index.php\/2026\/03\/07\/comercial-vence-a-primeira-em-casa-na-a4\/","title":{"rendered":"Comercial vence a primeira em casa na A4"},"content":{"rendered":"<div class='code-block code-block-1' style='margin: 8px 0 8px auto; text-align: right; display: block; clear: both;'>\n<p><a href=\"https:\/\/wa.link\/vpicfd\"><img data-recalc-dims=\"1\" class=\"wp-image-4922\" style=\"aspect-ratio: 2.0253164556962027; width: 561px; height: auto;\" src=\"https:\/\/i0.wp.com\/ismaelcolosi.com.br\/wp-content\/uploads\/2023\/11\/grupo-de-empregos-whatsapp-e-facebook-ismael-colosi-vagas.jpg?ssl=1\" alt=\"\" \/><\/a><\/p>\n<!-- \/wp:image -->\n<\/div>\n<p> <br \/>\n<\/p>\n<div id=\"post-456725\">&#13;<br \/>\n&#13;<\/p>\n<header class=\"entry-header penci-entry-header penci-title-center\">&#13;<\/p>\n<h2 class=\"penci-post-subtitle\">Na reestreia de Pinho, Bafo supera lanterna Nacional<\/h2>\n<p>&#13;<\/p>\n<p>&#13;<br \/>\n\t\t\t\t\t\t\t\t\t<span class=\"entry-meta-item penci-posted-on\"><i class=\"fa fa-clock-o\"\/><time class=\"entry-date published updated\" datetime=\"2026-03-07T17:21:33-03:00\">7 de mar\u00e7o de 2026 17:21<\/time><\/span><span class=\"entry-meta-item penci-post-countview\"\/>\t\t\t\t\t\t\t\t<\/p>\n<p><!-- .entry-meta -->&#13;<br \/>\n\t\t\t\t\t\t\t\t<span class=\"penci-social-buttons penci-social-share-footer\"><span class=\"penci-social-share-text\">Compartilhar<\/span><a href=\"#\" class=\"penci-post-like penci_post-meta_item  single-like-button penci-social-item like\" data-post_id=\"456725\" title=\"Like\" data-like=\"Like\" data-unlike=\"Unlike\"><i class=\"fa fa-thumbs-o-up\"\/><span class=\"penci-share-number\">1<\/span><\/a><i class=\"fa fa-facebook\"\/><a class=\"penci-social-item twitter\" target=\"_blank\" rel=\"noopener\" title=\"\" href=\"https:\/\/twitter.com\/intent\/tweet?text=Comercial%20vence%20a%20primeira%20em%20casa%20na%20A4%20-%20https:\/\/www.tribunaribeirao.com.br\/comercial-vence-a-primeira-em-casa-na-a4\/\"><i class=\"fa fa-twitter\"\/><\/a><i class=\"fa fa-linkedin\"\/><i class=\"fa fa-whatsapp\"\/><i class=\"fa fa-telegram\"\/><i class=\"fa fa-envelope\"\/><\/span>\t\t\t\t\t\t\t<\/header>\n<p><!-- .entry-header -->&#13;<\/p>\n<div class=\"penci-entry-content entry-content\">\n<p><em><strong>Por Hugo Luque<\/strong><\/em><br \/>O Comercial enfim venceu sua primeira partida em casa nesta temporada. No Palma Travassos, a equipe superou o Nacional por 2 a 0 neste s\u00e1bado (7), pela nona rodada da S\u00e9rie A4 do Campeonato Paulista.<br \/>Nesta vit\u00f3ria mai\u00fascula, os gols foram marcados por defensores no aumentativo. Vyt\u00e3o e Dog\u00e3o anotaram os tentos do Le\u00e3o do Norte no confronto que marcou a reestreia de Pinho no comando t\u00e9cnico alvinegro.<br \/>No duelo direto contra o rebaixamento, o Bafo superou o lanterna e deu um passo importante para evitar o Z-2 e at\u00e9 mesmo sonhar com a classifica\u00e7\u00e3o ao mata-mata.<br \/>A primeira grande chance foi do Nacional. Aos 20, Abreu quase fez ao sair na cara do gol, mas desperdi\u00e7ou. Apesar de movimentada, a primeira etapa foi de poucas chances claras.<br \/>Pouco antes da sa\u00edda para o intervalo, a m\u00e9dica visitante alegou ter sido v\u00edtima de ass\u00e9dio por parte de torcedores do Bafo, o que fez o jogo ser paralisado.<br \/>Se a etapa inicial terminou em confus\u00e3o, a final come\u00e7ou com gol. E que gola\u00e7o. Logo no primeiro minuto, Vyt\u00e3o tentou cruzamento e viu a bola encobrir o goleiro para morrer no fundo da rede.<br \/>O time da capital parou no travess\u00e3o poucos minutos depois e quase empatou. A situa\u00e7\u00e3o do Le\u00e3o ficou tranquila quando Felipe Brayan foi expulso, aos 12. Aos 35, Dog\u00e3o, de cabe\u00e7a, completou o triunfo com o segundo gol da tarde.<br \/>Com sete pontos, o Comercial ocupa a a 11\u00aa posi\u00e7\u00e3o. Na pr\u00f3xima rodada, o desafio \u00e9 contra o Ara\u00e7atuba, fora de casa, no pr\u00f3ximo s\u00e1bado, \u00e0s 15h30.<\/p>\n<\/div>\n<p><!-- .entry-content -->&#13;<br \/>\n&#13;<\/p>\n<footer class=\"penci-entry-footer\">&#13;<br \/>\n\t\t\t\t\t\t\t\t<span class=\"penci-social-buttons penci-social-share-footer\"><span class=\"penci-social-share-text\">Compartilhar<\/span><a href=\"#\" class=\"penci-post-like penci_post-meta_item  single-like-button penci-social-item like\" data-post_id=\"456725\" title=\"Like\" data-like=\"Like\" data-unlike=\"Unlike\"><i class=\"fa fa-thumbs-o-up\"\/><span class=\"penci-share-number\">1<\/span><\/a><i class=\"fa fa-facebook\"\/><a class=\"penci-social-item twitter\" target=\"_blank\" rel=\"noopener\" title=\"\" href=\"https:\/\/twitter.com\/intent\/tweet?text=Comercial%20vence%20a%20primeira%20em%20casa%20na%20A4%20-%20https:\/\/www.tribunaribeirao.com.br\/comercial-vence-a-primeira-em-casa-na-a4\/\"><i class=\"fa fa-twitter\"\/><\/a><i class=\"fa fa-linkedin\"\/><i class=\"fa fa-whatsapp\"\/><i class=\"fa fa-telegram\"\/><i class=\"fa fa-envelope\"\/><\/span>\t\t\t\t\t\t\t<\/footer>\n<p><!-- .entry-footer -->&#13;\n\t\t\t\t\t\t<\/div>\n<p><script async src=\"\/\/platform.twitter.com\/widgets.js\" charset=\"utf-8\"><\/script><br \/>\n<br \/><br \/>\n<br \/><a href=\"https:\/\/www.tribunaribeirao.com.br\/comercial-vence-a-primeira-em-casa-na-a4\/\">Source link <\/a><\/p>\n<!-- CONTENT END 1 -->\n","protected":false},"excerpt":{"rendered":"<p>&#13; &#13; &#13; Na reestreia de Pinho, Bafo supera lanterna Nacional &#13; &#13; 7 de mar\u00e7o de 2026 17:21 &#13; Compartilhar1 &#13; Por Hugo LuqueO&#8230;<\/p>\n","protected":false},"author":1,"featured_media":83051,"comment_status":"open","ping_status":"open","sticky":false,"template":"","format":"standard","meta":{"advanced_seo_description":"","jetpack_seo_html_title":"","jetpack_seo_noindex":false,"jetpack_post_was_ever_published":false,"_jetpack_newsletter_access":"","_jetpack_dont_email_post_to_subs":false,"_jetpack_newsletter_tier_id":0,"_jetpack_memberships_contains_paywalled_content":false,"_jetpack_memberships_contains_paid_content":false,"footnotes":"","jetpack_publicize_message":"","jetpack_publicize_feature_enabled":true,"jetpack_social_post_already_shared":true,"jetpack_social_options":{"image_generator_settings":{"template":"highway","default_image_id":0,"font":"","enabled":false},"version":2}},"categories":[11],"tags":[],"class_list":["post-83050","post","type-post","status-publish","format-standard","has-post-thumbnail","hentry","category-noticias-de-ribeirao-preto-sp-e-regiao-ismael-colosi"],"jetpack_publicize_connections":[],"jetpack_featured_media_url":"https:\/\/i0.wp.com\/noticiasribeiraopreto.com.br\/wp-content\/uploads\/2026\/03\/764ff3d9-b946-4844-add4-c3cd3f5d1535-scaled.jpeg?fit=1169%2C780&ssl=1","jetpack-related-posts":[{"id":54666,"url":"https:\/\/noticiasribeiraopreto.com.br\/index.php\/2024\/07\/17\/50-vagas-de-emprego-em-sao-jose-do-rio-preto-sp-138\/","url_meta":{"origin":83050,"position":0},"title":"50 vagas de emprego em S\u00e3o Jos\u00e9 do Rio Preto-SP","author":"noticiasribeiraopreto.com.br","date":"17 de July de 2024","format":false,"excerpt":"T\u00e9cnico aplicadorRequisitos:Maior de 18 anosCNH A\/B*N\u00e3o precisa de experi\u00eanciaInteressados enviar curr\u00edculo para:contato@exterminepragasrp.com.br Compartilhe: SUPERVISOR DE TELEVENDAS Requisitos:- Morar em Rio Preto;- Experi\u00eancia com vendas; - Experi\u00eancia como supervisor e\/ou como respons\u00e1vel de equipe;- Experi\u00eancia como supervisor de telemarketing ser\u00e1 um diferencial.Interessados enviar curr\u00edculo para:vagas.tele@energysky.com.br Compartilhe: Operadora de caixaRequisitos:Experi\u00eancia na fun\u00e7\u00e3oInteressados\u2026","rel":"","context":"In &quot;Not\u00edcias de Franca-SP&quot;","block_context":{"text":"Not\u00edcias de Franca-SP","link":"https:\/\/noticiasribeiraopreto.com.br\/index.php\/category\/noticias-de-ribeirao-preto-sp-e-regiao-ismael-colosi\/noticias-franca-sp\/"},"img":{"alt_text":"","src":"https:\/\/i0.wp.com\/noticiasribeiraopreto.com.br\/wp-content\/uploads\/2024\/07\/1721224895_677304830594429.jpg?fit=640%2C623&ssl=1&resize=350%2C200","width":350,"height":200,"srcset":"https:\/\/i0.wp.com\/noticiasribeiraopreto.com.br\/wp-content\/uploads\/2024\/07\/1721224895_677304830594429.jpg?fit=640%2C623&ssl=1&resize=350%2C200 1x, https:\/\/i0.wp.com\/noticiasribeiraopreto.com.br\/wp-content\/uploads\/2024\/07\/1721224895_677304830594429.jpg?fit=640%2C623&ssl=1&resize=525%2C300 1.5x"},"classes":[]},{"id":54706,"url":"https:\/\/noticiasribeiraopreto.com.br\/index.php\/2024\/07\/19\/50-vagas-de-emprego-em-sao-jose-do-rio-preto-sp-139\/","url_meta":{"origin":83050,"position":1},"title":"50 vagas de emprego em S\u00e3o Jos\u00e9 do Rio Preto-SP","author":"noticiasribeiraopreto.com.br","date":"19 de July de 2024","format":false,"excerpt":"Auxiliar de produ\u00e7\u00e3oRequisitos:Maior de 18 anosTrabalhar bem em equipeInteressados enviar curr\u00edculo para:rh.vidrosagricolas@outlook.com Compartilhe: A\u00e7ougueiroRequisitos:Experi\u00eancia na fun\u00e7\u00e3oInteressados enviar curr\u00edculo para:estamoscontratandorp@gmail.com Compartilhe: Ajudante geralRequisitos:Sexo masculinoMaior de 18 anosApto para trabalho bra\u00e7alInteressados enviar curr\u00edculo para:platorio@terra.com.br Compartilhe: Torneiro Mec\u00e2nicoRequisitos:Experi\u00eancia na fun\u00e7\u00e3oInteressados enviar curr\u00edculo para:platorio@terra.com.br Compartilhe: Auxiliar AdministrativoRequisitos:Excel intermedi\u00e1rioEnsino m\u00e9dio completoInteressados enviar curr\u00edculo para:WhatsApp (17)\u2026","rel":"","context":"In &quot;Not\u00edcias de Franca-SP&quot;","block_context":{"text":"Not\u00edcias de Franca-SP","link":"https:\/\/noticiasribeiraopreto.com.br\/index.php\/category\/noticias-de-ribeirao-preto-sp-e-regiao-ismael-colosi\/noticias-franca-sp\/"},"img":{"alt_text":"","src":"https:\/\/i0.wp.com\/noticiasribeiraopreto.com.br\/wp-content\/uploads\/2024\/07\/1721419561_vagas2Bemprego2Bismael2Bcolosi2B2020.jpeg?fit=651%2C447&ssl=1&resize=350%2C200","width":350,"height":200,"srcset":"https:\/\/i0.wp.com\/noticiasribeiraopreto.com.br\/wp-content\/uploads\/2024\/07\/1721419561_vagas2Bemprego2Bismael2Bcolosi2B2020.jpeg?fit=651%2C447&ssl=1&resize=350%2C200 1x, https:\/\/i0.wp.com\/noticiasribeiraopreto.com.br\/wp-content\/uploads\/2024\/07\/1721419561_vagas2Bemprego2Bismael2Bcolosi2B2020.jpeg?fit=651%2C447&ssl=1&resize=525%2C300 1.5x"},"classes":[]},{"id":54785,"url":"https:\/\/noticiasribeiraopreto.com.br\/index.php\/2024\/07\/22\/50-vagas-de-emprego-em-sao-jose-do-rio-preto-sp-140\/","url_meta":{"origin":83050,"position":2},"title":"50 vagas de emprego em S\u00e3o Jos\u00e9 do Rio Preto-SP","author":"noticiasribeiraopreto.com.br","date":"22 de July de 2024","format":false,"excerpt":"Vendedor de loja m\u00f3veis\/eletrodomesticosRequisitos:Experi\u00eancia na fun\u00e7\u00e3oInteressados enviar curr\u00edculo para:WhatsApp (17) 99729-0029 Compartilhe: CobradorRequisitos:Experi\u00eancia na fun\u00e7\u00e3o por telefone e presencialCNH A\/BInteressados enviar curr\u00edculo para:WhatsApp (17) 99729-0029 Compartilhe: Montador de m\u00f3veisRequisitos:Experi\u00eancia na fun\u00e7\u00e3oInteressados enviar curr\u00edculo para:WhatsApp (17) 99729-0029 Compartilhe: Atendente (noturno)Requisitos:Disponibilidade de hor\u00e1rioMaior de 18 anosInteressados enviar curr\u00edculo para:WhatsApp (17) 99197-1132 Compartilhe:\u2026","rel":"","context":"In &quot;Not\u00edcias de Franca-SP&quot;","block_context":{"text":"Not\u00edcias de Franca-SP","link":"https:\/\/noticiasribeiraopreto.com.br\/index.php\/category\/noticias-de-ribeirao-preto-sp-e-regiao-ismael-colosi\/noticias-franca-sp\/"},"img":{"alt_text":"","src":"https:\/\/i0.wp.com\/noticiasribeiraopreto.com.br\/wp-content\/uploads\/2024\/07\/1721692441_cropped-vagas-abertas-azul_widelg.jpg?fit=512%2C512&ssl=1&resize=350%2C200","width":350,"height":200},"classes":[]},{"id":54876,"url":"https:\/\/noticiasribeiraopreto.com.br\/index.php\/2024\/07\/25\/50-vagas-de-emprego-em-sao-jose-do-rio-preto-sp-142\/","url_meta":{"origin":83050,"position":3},"title":"50 vagas de emprego em S\u00e3o Jos\u00e9 do Rio Preto-SP","author":"noticiasribeiraopreto.com.br","date":"25 de July de 2024","format":false,"excerpt":"MarceneiroRequisitos:Experi\u00eancia na fun\u00e7\u00e3oInteressados enviar curr\u00edculo para:WhatsApp (17) 99177-1279 Compartilhe: Auxiliar de almoxarifadoRequisitos:Maior de 18 anosConhecimento no pacote OfficeInteressados enviar curr\u00edculo para:WhatsApp (17) 98210-3932 Compartilhe: Montador eletromec\u00e2nicoRequisitos:Qualificado e experi\u00eancia na fun\u00e7\u00e3oInteressados enviar curr\u00edculo para:rh@lutech.com.br Compartilhe: Consultor comercialRequisitos:Experi\u00eancia na \u00e1rea comercialInteressados enviar curr\u00edculo para:supervisao@kingservices.com.br Compartilhe: Auxiliar de enfermagemRequisitos:Experi\u00eancia na fun\u00e7\u00e3oSexo femininoInteressadas entrar\u2026","rel":"","context":"In &quot;Not\u00edcias de Franca-SP&quot;","block_context":{"text":"Not\u00edcias de Franca-SP","link":"https:\/\/noticiasribeiraopreto.com.br\/index.php\/category\/noticias-de-ribeirao-preto-sp-e-regiao-ismael-colosi\/noticias-franca-sp\/"},"img":{"alt_text":"","src":"https:\/\/i0.wp.com\/noticiasribeiraopreto.com.br\/wp-content\/uploads\/2024\/07\/1721929635_vagas2Bemprego2Bismael2Bcolosi2B2020.jpeg?fit=651%2C447&ssl=1&resize=350%2C200","width":350,"height":200,"srcset":"https:\/\/i0.wp.com\/noticiasribeiraopreto.com.br\/wp-content\/uploads\/2024\/07\/1721929635_vagas2Bemprego2Bismael2Bcolosi2B2020.jpeg?fit=651%2C447&ssl=1&resize=350%2C200 1x, https:\/\/i0.wp.com\/noticiasribeiraopreto.com.br\/wp-content\/uploads\/2024\/07\/1721929635_vagas2Bemprego2Bismael2Bcolosi2B2020.jpeg?fit=651%2C447&ssl=1&resize=525%2C300 1.5x"},"classes":[]},{"id":54615,"url":"https:\/\/noticiasribeiraopreto.com.br\/index.php\/2024\/07\/14\/50-vagas-de-emprego-em-sao-jose-do-rio-preto-sp-137\/","url_meta":{"origin":83050,"position":4},"title":"50 vagas de emprego em S\u00e3o Jos\u00e9 do Rio Preto-SP","author":"noticiasribeiraopreto.com.br","date":"14 de July de 2024","format":false,"excerpt":"Ajudante de fundi\u00e7\u00e3o Requisitos:Sexo femininoEnsino m\u00e9dio completoDisponibilidade de hor\u00e1rioInteressadas enviar curr\u00edculo para:rec.selecaofbr@gmail.com Compartilhe: Gar\u00e7omRequisitos:Experi\u00eancia anterior na fun\u00e7\u00e3oInteressados enviar curr\u00edculo para:vagas@earh.com.br Compartilhe: SalgadeiroRequisitos:Experi\u00eancia anterior na fun\u00e7\u00e3oInteressados enviar curr\u00edculo para:vagas@earh.com.br Compartilhe: Atendente de gelateriaRequisitos:Experi\u00eancia no atendimento ao p\u00fablicoInteressados enviar curr\u00edculo para:vagas@earh.com.br Compartilhe: Motorista de caminh\u00e3oRequisitos:Experi\u00eancia anterior na fun\u00e7\u00e3oInteressados enviar curr\u00edculo para:vagas@earh.com.br Compartilhe:\u2026","rel":"","context":"In &quot;Not\u00edcias de Franca-SP&quot;","block_context":{"text":"Not\u00edcias de Franca-SP","link":"https:\/\/noticiasribeiraopreto.com.br\/index.php\/category\/noticias-de-ribeirao-preto-sp-e-regiao-ismael-colosi\/noticias-franca-sp\/"},"img":{"alt_text":"","src":"https:\/\/i0.wp.com\/noticiasribeiraopreto.com.br\/wp-content\/uploads\/2024\/07\/1721012025_677304830594429.jpg?fit=640%2C623&ssl=1&resize=350%2C200","width":350,"height":200,"srcset":"https:\/\/i0.wp.com\/noticiasribeiraopreto.com.br\/wp-content\/uploads\/2024\/07\/1721012025_677304830594429.jpg?fit=640%2C623&ssl=1&resize=350%2C200 1x, https:\/\/i0.wp.com\/noticiasribeiraopreto.com.br\/wp-content\/uploads\/2024\/07\/1721012025_677304830594429.jpg?fit=640%2C623&ssl=1&resize=525%2C300 1.5x"},"classes":[]},{"id":15188,"url":"https:\/\/noticiasribeiraopreto.com.br\/index.php\/2023\/12\/13\/salarios-acima-dos-chf-65-mil\/","url_meta":{"origin":83050,"position":5},"title":"sal\u00e1rios acima dos CHF 6,5 mil","author":"noticiasribeiraopreto.com.br","date":"13 de December de 2023","format":false,"excerpt":"Vagas na Su\u00ed\u00e7a na constru\u00e7\u00e3o civil \u2013 Foto: Canva. Existem vagas na Su\u00ed\u00e7a na constru\u00e7\u00e3o civil para pedreiros, pintores, encanadores, mec\u00e2nicos e mais cargos. Sal\u00e1rios acima dos CHF 6,5 mil francos. Saiba como se candidatar! As vagas na Su\u00ed\u00e7a na constru\u00e7\u00e3o civil costumam pagar bem. Por isso, se voc\u00ea pretende\u2026","rel":"","context":"In &quot;Vagas de Emprego em Ribeir\u00e3o Preto-SP&quot;","block_context":{"text":"Vagas de Emprego em Ribeir\u00e3o Preto-SP","link":"https:\/\/noticiasribeiraopreto.com.br\/index.php\/category\/empregos-classificados-vagas-trabalho\/vagas-de-empregos-em-ribeirao-preto-regiao-brasil\/"},"img":{"alt_text":"","src":"https:\/\/i0.wp.com\/noticiasribeiraopreto.com.br\/wp-content\/uploads\/2023\/12\/vagas-na-suica-na-construcao-civil.jpeg?fit=660%2C360&ssl=1&resize=350%2C200","width":350,"height":200,"srcset":"https:\/\/i0.wp.com\/noticiasribeiraopreto.com.br\/wp-content\/uploads\/2023\/12\/vagas-na-suica-na-construcao-civil.jpeg?fit=660%2C360&ssl=1&resize=350%2C200 1x, https:\/\/i0.wp.com\/noticiasribeiraopreto.com.br\/wp-content\/uploads\/2023\/12\/vagas-na-suica-na-construcao-civil.jpeg?fit=660%2C360&ssl=1&resize=525%2C300 1.5x"},"classes":[]}],"jetpack_sharing_enabled":true,"jetpack_shortlink":"https:\/\/wp.me\/peQAOb-lBw","_links":{"self":[{"href":"https:\/\/noticiasribeiraopreto.com.br\/index.php\/wp-json\/wp\/v2\/posts\/83050","targetHints":{"allow":["GET"]}}],"collection":[{"href":"https:\/\/noticiasribeiraopreto.com.br\/index.php\/wp-json\/wp\/v2\/posts"}],"about":[{"href":"https:\/\/noticiasribeiraopreto.com.br\/index.php\/wp-json\/wp\/v2\/types\/post"}],"author":[{"embeddable":true,"href":"https:\/\/noticiasribeiraopreto.com.br\/index.php\/wp-json\/wp\/v2\/users\/1"}],"replies":[{"embeddable":true,"href":"https:\/\/noticiasribeiraopreto.com.br\/index.php\/wp-json\/wp\/v2\/comments?post=83050"}],"version-history":[{"count":0,"href":"https:\/\/noticiasribeiraopreto.com.br\/index.php\/wp-json\/wp\/v2\/posts\/83050\/revisions"}],"wp:featuredmedia":[{"embeddable":true,"href":"https:\/\/noticiasribeiraopreto.com.br\/index.php\/wp-json\/wp\/v2\/media\/83051"}],"wp:attachment":[{"href":"https:\/\/noticiasribeiraopreto.com.br\/index.php\/wp-json\/wp\/v2\/media?parent=83050"}],"wp:term":[{"taxonomy":"category","embeddable":true,"href":"https:\/\/noticiasribeiraopreto.com.br\/index.php\/wp-json\/wp\/v2\/categories?post=83050"},{"taxonomy":"post_tag","embeddable":true,"href":"https:\/\/noticiasribeiraopreto.com.br\/index.php\/wp-json\/wp\/v2\/tags?post=83050"}],"curies":[{"name":"wp","href":"https:\/\/api.w.org\/{rel}","templated":true}]}}