{"id":83052,"date":"2026-03-08T08:10:49","date_gmt":"2026-03-08T11:10:49","guid":{"rendered":"https:\/\/noticiasribeiraopreto.com.br\/index.php\/2026\/03\/08\/a-historia-e-o-significado-do-dia-internacional-das-mulheres\/"},"modified":"2026-03-08T08:10:49","modified_gmt":"2026-03-08T11:10:49","slug":"a-historia-e-o-significado-do-dia-internacional-das-mulheres","status":"publish","type":"post","link":"https:\/\/noticiasribeiraopreto.com.br\/index.php\/2026\/03\/08\/a-historia-e-o-significado-do-dia-internacional-das-mulheres\/","title":{"rendered":"A hist\u00f3ria e o significado do Dia Internacional das Mulheres"},"content":{"rendered":"<div class='code-block code-block-1' style='margin: 8px 0 8px auto; text-align: right; display: block; clear: both;'>\n<p><a href=\"https:\/\/wa.link\/vpicfd\"><img data-recalc-dims=\"1\" class=\"wp-image-4922\" style=\"aspect-ratio: 2.0253164556962027; width: 561px; height: auto;\" src=\"https:\/\/i0.wp.com\/ismaelcolosi.com.br\/wp-content\/uploads\/2023\/11\/grupo-de-empregos-whatsapp-e-facebook-ismael-colosi-vagas.jpg?ssl=1\" alt=\"\" \/><\/a><\/p>\n<!-- \/wp:image -->\n<\/div>\n<p> <br \/>\n<\/p>\n<div>\n<p>O Dia Internacional das Mulheres, celebrado em 8 de mar\u00e7o, tem origem nas mobiliza\u00e7\u00f5es femininas e oper\u00e1rias que marcaram o final do s\u00e9culo XIX e o in\u00edcio do s\u00e9culo XX. A data tornou-se s\u00edmbolo mundial da luta por direitos, igualdade de oportunidades e reconhecimento do papel das mulheres na sociedade.<\/p>\n<p>Os primeiros movimentos organizados surgiram em meio \u00e0s transforma\u00e7\u00f5es sociais provocadas pela industrializa\u00e7\u00e3o. Em v\u00e1rios pa\u00edses da Europa e nos Estados Unidos, trabalhadoras passaram a reivindicar melhores condi\u00e7\u00f5es de trabalho, redu\u00e7\u00e3o da jornada, direito ao voto e igualdade salarial.<\/p>\n<p>Em 1910, durante a Confer\u00eancia Internacional das Mulheres Socialistas realizada em Copenhague, na Dinamarca, a ativista alem\u00e3 Clara Zetkin prop\u00f4s a cria\u00e7\u00e3o de um dia internacional dedicado \u00e0 mobiliza\u00e7\u00e3o pelos direitos das mulheres. A ideia foi aprovada e, no ano seguinte, em 1911, ocorreram as primeiras manifesta\u00e7\u00f5es organizadas em pa\u00edses como Alemanha, \u00c1ustria, Dinamarca e Su\u00ed\u00e7a.<\/p>\n<p>A consolida\u00e7\u00e3o da data em 8 de mar\u00e7o est\u00e1 relacionada a um epis\u00f3dio hist\u00f3rico ocorrido em 1917, durante a Primeira Guerra Mundial. Na cidade de Petrogrado, atual S\u00e3o Petersburgo, na R\u00fassia, mulheres oper\u00e1rias realizaram uma greve exigindo \u201cp\u00e3o e paz\u201d. A mobiliza\u00e7\u00e3o desencadeou protestos que contribu\u00edram para a Revolu\u00e7\u00e3o Russa daquele ano e acabou marcando simbolicamente o dia.<\/p>\n<p>D\u00e9cadas depois, em 1975, a Organiza\u00e7\u00e3o das Na\u00e7\u00f5es Unidas (ONU) passou a celebrar oficialmente o Dia Internacional das Mulheres, dentro do Ano Internacional da Mulher. Dois anos mais tarde, em 1977, a Assembleia Geral da ONU convidou os pa\u00edses-membros a institu\u00edrem a data como um dia de reflex\u00e3o sobre os direitos das mulheres e a promo\u00e7\u00e3o da igualdade de g\u00eanero.<\/p>\n<p>Hoje, o 8 de mar\u00e7o \u00e9 lembrado em mais de uma centena de pa\u00edses, reunindo iniciativas institucionais, eventos culturais, debates acad\u00eamicos e manifesta\u00e7\u00f5es sociais. A data busca n\u00e3o apenas celebrar conquistas femininas ao longo da hist\u00f3ria, mas tamb\u00e9m chamar aten\u00e7\u00e3o para desafios que ainda persistem, como desigualdade salarial, viol\u00eancia de g\u00eanero e menor participa\u00e7\u00e3o feminina em posi\u00e7\u00f5es de poder.<\/p>\n<h2\/>\n<h2><strong>No Brasil<\/strong><\/h2>\n<p>No Brasil, o Dia Internacional das Mulheres ganhou maior visibilidade a partir da segunda metade do s\u00e9culo XX, acompanhando o movimento internacional de reconhecimento da data.<\/p>\n<p>Ao longo das d\u00e9cadas, a mobiliza\u00e7\u00e3o por direitos femininos contribuiu para avan\u00e7os importantes no pa\u00eds, como a amplia\u00e7\u00e3o da participa\u00e7\u00e3o pol\u00edtica, leis de prote\u00e7\u00e3o contra a viol\u00eancia dom\u00e9stica e pol\u00edticas p\u00fablicas voltadas \u00e0 igualdade de g\u00eanero.<\/p>\n<p>Atualmente, o 8 de mar\u00e7o \u00e9 marcado por debates, campanhas educativas, eventos institucionais e manifesta\u00e7\u00f5es promovidas por organiza\u00e7\u00f5es sociais, universidades e \u00f3rg\u00e3os p\u00fablicos. A data tamb\u00e9m costuma ser utilizada para destacar conquistas femininas em diferentes \u00e1reas da sociedade, da ci\u00eancia e da pol\u00edtica ao esporte e \u00e0 cultura.<\/p>\n<p>\u00a0<\/p>\n<h3><strong>Os mitos sobre o 8 de mar\u00e7o<\/strong><\/h3>\n<p>Algumas interpreta\u00e7\u00f5es populares sobre a origem do Dia Internacional das Mulheres s\u00e3o frequentemente repetidas, mas n\u00e3o correspondem exatamente ao que apontam pesquisas hist\u00f3ricas.<\/p>\n<p>Uma das vers\u00f5es mais conhecidas afirma que a data teria surgido diretamente ap\u00f3s um inc\u00eandio em uma f\u00e1brica t\u00eaxtil de Nova York, no in\u00edcio do s\u00e9culo XX, no qual dezenas de oper\u00e1rias teriam morrido. Embora o inc\u00eandio da f\u00e1brica Triangle Shirtwaist, ocorrido em 1911, tenha sido um marco na luta por direitos trabalhistas, historiadores indicam que ele n\u00e3o foi a origem direta da cria\u00e7\u00e3o do Dia Internacional das Mulheres.<\/p>\n<figure id=\"attachment_456700\" aria-describedby=\"caption-attachment-456700\" style=\"width: 519px\" class=\"wp-caption aligncenter\"><img data-recalc-dims=\"1\" loading=\"lazy\" decoding=\"async\" class=\"wp-image-456700 lazyload\" src=\"https:\/\/i0.wp.com\/www.tribunaribeirao.com.br\/wp-content\/uploads\/2026\/03\/dia-das-mulheres-1-300x188.jpg?resize=519%2C325&#038;ssl=1\" alt=\"\" width=\"519\" height=\"325\" srcset=\"https:\/\/www.tribunaribeirao.com.br\/wp-content\/uploads\/2026\/03\/dia-das-mulheres-1-300x188.jpg 300w, https:\/\/www.tribunaribeirao.com.br\/wp-content\/uploads\/2026\/03\/dia-das-mulheres-1-768x480.jpg 768w, https:\/\/www.tribunaribeirao.com.br\/wp-content\/uploads\/2026\/03\/dia-das-mulheres-1-640x400.jpg 640w, https:\/\/www.tribunaribeirao.com.br\/wp-content\/uploads\/2026\/03\/dia-das-mulheres-1-585x366.jpg 585w, https:\/\/www.tribunaribeirao.com.br\/wp-content\/uploads\/2026\/03\/dia-das-mulheres-1.jpg 800w\" data-sizes=\"(max-width: 519px) 100vw, 519px\" style=\"--smush-placeholder-width: 519px; --smush-placeholder-aspect-ratio: 519\/325;\"\/><figcaption id=\"caption-attachment-456700\" class=\"wp-caption-text\">8 de mar\u00e7o \u00e9 lembrado em mais de uma centena de pa\u00edses, reunindo iniciativas institucionais, eventos culturais, debates acad\u00eamicos e manifesta\u00e7\u00f5es sociais | Reprodu\u00e7\u00e3o<\/figcaption><\/figure>\n<p>Outra interpreta\u00e7\u00e3o equivocada \u00e9 a ideia de que o 8 de mar\u00e7o teria surgido a partir de um \u00fanico protesto ou evento isolado. Na realidade, a data \u00e9 resultado de um processo hist\u00f3rico mais amplo, que envolveu d\u00e9cadas de mobiliza\u00e7\u00e3o de movimentos femininos e oper\u00e1rios em diferentes pa\u00edses.<\/p>\n<p>Pesquisadores e organismos internacionais apontam que o significado do Dia Internacional das Mulheres est\u00e1 ligado a essa trajet\u00f3ria coletiva de reivindica\u00e7\u00e3o por direitos, que continua a evoluir ao longo do tempo.<\/p>\n<p>\u00a0<\/p>\n<h4><strong>Mulheres ampliam presen\u00e7a na m\u00fasica, mas ainda recebem apenas 10% dos direitos autorais<\/strong><\/h4>\n<p>O n\u00famero de mulheres cadastradas na gest\u00e3o coletiva da m\u00fasica no Brasil cresceu quase cinco vezes em um ano, e os rendimentos femininos em direitos autorais de execu\u00e7\u00e3o p\u00fablica aumentaram 33% em 2025 na compara\u00e7\u00e3o com 2024. Apesar do avan\u00e7o, elas representaram apenas cerca de 10% das pessoas f\u00edsicas beneficiadas com a distribui\u00e7\u00e3o desses valores no pa\u00eds.<\/p>\n<p>Os dados fazem parte da sexta edi\u00e7\u00e3o do relat\u00f3rio Mulheres na M\u00fasica, divulgado pelo Ecad (Escrit\u00f3rio Central de Arrecada\u00e7\u00e3o e Distribui\u00e7\u00e3o) em refer\u00eancia ao Dia Internacional da Mulher, celebrado em 8 de mar\u00e7o.<\/p>\n<p>Segundo o levantamento, mais de 54 mil mulheres foram cadastradas no banco de dados da gest\u00e3o coletiva em 2025, n\u00famero que corresponde a aproximadamente 20% dos novos cadastros realizados no per\u00edodo. Em 2024, foram pouco mais de 12 mil registros femininos, indicando crescimento expressivo em apenas um ano.<\/p>\n<p>De acordo com o Ecad, o aumento reflete uma presen\u00e7a maior de mulheres na ind\u00fastria musical, atuando como autoras, int\u00e9rpretes, instrumentistas e produtoras em busca de reconhecimento por suas cria\u00e7\u00f5es e apresenta\u00e7\u00f5es.<\/p>\n<p>\u00a0<\/p>\n<h5><strong>Distribui\u00e7\u00e3o desigual<\/strong><\/h5>\n<p>Mesmo com o aumento de participa\u00e7\u00e3o, os dados mostram que a desigualdade de g\u00eanero ainda \u00e9 significativa no setor. Em 2025, o Ecad distribuiu mais de R$ 1 bilh\u00e3o em direitos autorais a pessoas f\u00edsicas. Desse total, cerca de R$ 100 milh\u00f5es foram destinados \u00e0s mulheres.<\/p>\n<p>O n\u00famero de benefici\u00e1rias tamb\u00e9m cresceu ao longo dos anos. Em 2025, mais de 33 mil mulheres receberam valores de direitos autorais. Em 2020, quando o relat\u00f3rio foi lan\u00e7ado pela primeira vez, esse n\u00famero era de cerca de 22 mil.<\/p>\n<p>\u00a0<\/p>\n<h6><strong>Baixa presen\u00e7a entre autores mais bem pagos<\/strong><\/h6>\n<p>A desigualdade tamb\u00e9m aparece entre os compositores de maior rendimento. Entre os 100 autores que mais receberam direitos autorais em 2025, apenas 2% s\u00e3o mulheres. O \u00edndice representa uma queda em rela\u00e7\u00e3o aos anos anteriores, quando elas correspondiam a 5% em 2024 e 6% em 2023.<\/p>\n<figure id=\"attachment_456701\" aria-describedby=\"caption-attachment-456701\" style=\"width: 519px\" class=\"wp-caption aligncenter\"><img data-recalc-dims=\"1\" loading=\"lazy\" decoding=\"async\" class=\"wp-image-456701 lazyload\" src=\"https:\/\/i0.wp.com\/www.tribunaribeirao.com.br\/wp-content\/uploads\/2026\/03\/dia-das-mulheres-2-300x188.jpg?resize=519%2C325&#038;ssl=1\" alt=\"\" width=\"519\" height=\"325\" srcset=\"https:\/\/www.tribunaribeirao.com.br\/wp-content\/uploads\/2026\/03\/dia-das-mulheres-2-300x188.jpg 300w, https:\/\/www.tribunaribeirao.com.br\/wp-content\/uploads\/2026\/03\/dia-das-mulheres-2-768x480.jpg 768w, https:\/\/www.tribunaribeirao.com.br\/wp-content\/uploads\/2026\/03\/dia-das-mulheres-2-640x400.jpg 640w, https:\/\/www.tribunaribeirao.com.br\/wp-content\/uploads\/2026\/03\/dia-das-mulheres-2-585x366.jpg 585w, https:\/\/www.tribunaribeirao.com.br\/wp-content\/uploads\/2026\/03\/dia-das-mulheres-2.jpg 800w\" data-sizes=\"(max-width: 519px) 100vw, 519px\" style=\"--smush-placeholder-width: 519px; --smush-placeholder-aspect-ratio: 519\/325;\"\/><figcaption id=\"caption-attachment-456701\" class=\"wp-caption-text\">Data busca chamar aten\u00e7\u00e3o para desafios que ainda persistem, como desigualdade salarial, viol\u00eancia de g\u00eanero e menor participa\u00e7\u00e3o feminina em posi\u00e7\u00f5es de poder | Reprodu\u00e7\u00e3o<\/figcaption><\/figure>\n<p>A participa\u00e7\u00e3o feminina tamb\u00e9m \u00e9 reduzida entre as m\u00fasicas mais executadas em shows no pa\u00eds. Entre as 100 can\u00e7\u00f5es mais tocadas em apresenta\u00e7\u00f5es ao vivo em 2025, apenas 11 t\u00eam participa\u00e7\u00e3o feminina na autoria.<\/p>\n<p>Nas primeiras 20 posi\u00e7\u00f5es desse ranking, apenas uma m\u00fasica conta com autoria feminina.<\/p>\n<p>Para o Ecad, os dados indicam que, apesar de avan\u00e7os recentes, a desigualdade de g\u00eanero continua presente na ind\u00fastria musical brasileira.<\/p>\n<p>\u201cOs n\u00fameros mostram que as desigualdades persistem desde os valores distribu\u00eddos em direitos autorais at\u00e9 a aus\u00eancia de mulheres nas composi\u00e7\u00f5es das m\u00fasicas mais tocadas no Brasil\u201d, afirmou a superintendente executiva do Ecad, Isabel Amorim.<\/p>\n<p>Segundo ela, o relat\u00f3rio busca estimular iniciativas que ampliem a participa\u00e7\u00e3o feminina e promovam maior equidade no setor cultural.<\/p>\n<\/div>\n<p><br \/>\n<br \/><a href=\"https:\/\/www.tribunaribeirao.com.br\/a-historia-e-o-significado-do-dia-internacional-das-mulheres\/\">Source link <\/a><\/p>\n<!-- CONTENT END 1 -->\n","protected":false},"excerpt":{"rendered":"<p>O Dia Internacional das Mulheres, celebrado em 8 de mar\u00e7o, tem origem nas mobiliza\u00e7\u00f5es femininas e oper\u00e1rias que marcaram o final do s\u00e9culo XIX e&#8230;<\/p>\n","protected":false},"author":1,"featured_media":83053,"comment_status":"open","ping_status":"open","sticky":false,"template":"","format":"standard","meta":{"advanced_seo_description":"","jetpack_seo_html_title":"","jetpack_seo_noindex":false,"jetpack_post_was_ever_published":false,"_jetpack_newsletter_access":"","_jetpack_dont_email_post_to_subs":false,"_jetpack_newsletter_tier_id":0,"_jetpack_memberships_contains_paywalled_content":false,"_jetpack_memberships_contains_paid_content":false,"footnotes":"","jetpack_publicize_message":"","jetpack_publicize_feature_enabled":true,"jetpack_social_post_already_shared":true,"jetpack_social_options":{"image_generator_settings":{"template":"highway","default_image_id":0,"font":"","enabled":false},"version":2}},"categories":[11],"tags":[],"class_list":["post-83052","post","type-post","status-publish","format-standard","has-post-thumbnail","hentry","category-noticias-de-ribeirao-preto-sp-e-regiao-ismael-colosi"],"jetpack_publicize_connections":[],"jetpack_featured_media_url":"https:\/\/i0.wp.com\/noticiasribeiraopreto.com.br\/wp-content\/uploads\/2026\/03\/pexels-astrid-16107910-scaled.jpg?fit=1170%2C780&ssl=1","jetpack-related-posts":[{"id":41579,"url":"https:\/\/noticiasribeiraopreto.com.br\/index.php\/2024\/03\/09\/viva-as-mulheres-brasileiras-que-nao-fogem-da-luta\/","url_meta":{"origin":83052,"position":0},"title":"Viva as mulheres brasileiras que n\u00e3o fogem da luta!\u00a0","author":"noticiasribeiraopreto.com.br","date":"9 de March de 2024","format":false,"excerpt":"9 de mar\u00e7o de 2024 | 8:208 de mar\u00e7o de 2024 | 19:27 0Jos\u00e9 Eugenio Ka\u00e7a * \u00a0[email\u00a0protected]\u00a0\u00a0O Dia Internacional das Mulheres, n\u00e3o \u00e9 um dia para festas, mas um dia de reflex\u00e3o, criado para homenagear mulheres, que com tenacidade e muita luta abriram os caminhos para que as mulheres\u2026","rel":"","context":"In &quot;Not\u00edcias de Ribeir\u00e3o Preto-SP e Regi\u00e3o&quot;","block_context":{"text":"Not\u00edcias de Ribeir\u00e3o Preto-SP e Regi\u00e3o","link":"https:\/\/noticiasribeiraopreto.com.br\/index.php\/category\/noticias-de-ribeirao-preto-sp-e-regiao-ismael-colosi\/"},"img":{"alt_text":"","src":"https:\/\/i0.wp.com\/noticiasribeiraopreto.com.br\/wp-content\/uploads\/2024\/03\/1709989739_joseeugeniokaca_jose-eugenio-kaca2.jpg?fit=700%2C450&ssl=1&resize=350%2C200","width":350,"height":200,"srcset":"https:\/\/i0.wp.com\/noticiasribeiraopreto.com.br\/wp-content\/uploads\/2024\/03\/1709989739_joseeugeniokaca_jose-eugenio-kaca2.jpg?fit=700%2C450&ssl=1&resize=350%2C200 1x, https:\/\/i0.wp.com\/noticiasribeiraopreto.com.br\/wp-content\/uploads\/2024\/03\/1709989739_joseeugeniokaca_jose-eugenio-kaca2.jpg?fit=700%2C450&ssl=1&resize=525%2C300 1.5x, https:\/\/i0.wp.com\/noticiasribeiraopreto.com.br\/wp-content\/uploads\/2024\/03\/1709989739_joseeugeniokaca_jose-eugenio-kaca2.jpg?fit=700%2C450&ssl=1&resize=700%2C400 2x"},"classes":[]},{"id":40233,"url":"https:\/\/noticiasribeiraopreto.com.br\/index.php\/2024\/03\/01\/375623-2\/","url_meta":{"origin":83052,"position":1},"title":"P\u00e3o e paz no Dia Internacional da Mulher em RP","author":"noticiasribeiraopreto.com.br","date":"1 de March de 2024","format":false,"excerpt":"Na pr\u00f3xima semana, o dia 8 de mar\u00e7o traz a oportunidade de refletir sobre o posicionamento das mulheres na sociedade, suas conquistas e enormes desafios que ainda enfrentam.Aqui em Ribeir\u00e3o ser\u00e1 realizada um releitura do primeiro protesto que ocorreu na R\u00fassia, no dia 8 de mar\u00e7o de 1917, pelas mulheres\u2026","rel":"","context":"In &quot;Not\u00edcias de Ribeir\u00e3o Preto-SP e Regi\u00e3o&quot;","block_context":{"text":"Not\u00edcias de Ribeir\u00e3o Preto-SP e Regi\u00e3o","link":"https:\/\/noticiasribeiraopreto.com.br\/index.php\/category\/noticias-de-ribeirao-preto-sp-e-regiao-ismael-colosi\/"},"img":{"alt_text":"","src":"https:\/\/i0.wp.com\/noticiasribeiraopreto.com.br\/wp-content\/uploads\/2024\/03\/feminismo-scaled-1-scaled.jpg?fit=1000%2C563&ssl=1&resize=350%2C200","width":350,"height":200,"srcset":"https:\/\/i0.wp.com\/noticiasribeiraopreto.com.br\/wp-content\/uploads\/2024\/03\/feminismo-scaled-1-scaled.jpg?fit=1000%2C563&ssl=1&resize=350%2C200 1x, https:\/\/i0.wp.com\/noticiasribeiraopreto.com.br\/wp-content\/uploads\/2024\/03\/feminismo-scaled-1-scaled.jpg?fit=1000%2C563&ssl=1&resize=525%2C300 1.5x, https:\/\/i0.wp.com\/noticiasribeiraopreto.com.br\/wp-content\/uploads\/2024\/03\/feminismo-scaled-1-scaled.jpg?fit=1000%2C563&ssl=1&resize=700%2C400 2x"},"classes":[]},{"id":66100,"url":"https:\/\/noticiasribeiraopreto.com.br\/index.php\/2025\/03\/27\/jornal-da-franca-oab-franca-promove-evento-na-estacao-em-celebracao-ao-mes-da-mulher-neste-sabado-29\/","url_meta":{"origin":83052,"position":2},"title":"Jornal da Franca &#8211; OAB Franca promove evento na Esta\u00e7\u00e3o em celebra\u00e7\u00e3o ao M\u00eas da Mulher neste s\u00e1bado, 29","author":"noticiasribeiraopreto.com.br","date":"27 de March de 2025","format":false,"excerpt":"compartilhar no whatsapp compartilhar no telegram compartilhar no facebook compartilhar no linkedin Evento \u201cMar\u00e7o das Mulheres: OAB vai \u00e0 Pra\u00e7a \u2013 Mulher, Cultura e Direitos\u201d oferecer\u00e1 atividades culturais e orienta\u00e7\u00f5es jur\u00eddicas gratuitas Membros das comiss\u00f5es realizadoras do evento com a presidente da OAB, Luiza Gouv\u00eaa e o vice-presidente, Denilson Carvalho\u2026","rel":"","context":"In &quot;Not\u00edcias de Franca-SP&quot;","block_context":{"text":"Not\u00edcias de Franca-SP","link":"https:\/\/noticiasribeiraopreto.com.br\/index.php\/category\/noticias-de-ribeirao-preto-sp-e-regiao-ismael-colosi\/noticias-franca-sp\/"},"img":{"alt_text":"","src":"https:\/\/i0.wp.com\/noticiasribeiraopreto.com.br\/wp-content\/uploads\/2025\/03\/membros-oab-comissoes-mulheres.jpg?fit=1200%2C900&ssl=1&resize=350%2C200","width":350,"height":200,"srcset":"https:\/\/i0.wp.com\/noticiasribeiraopreto.com.br\/wp-content\/uploads\/2025\/03\/membros-oab-comissoes-mulheres.jpg?fit=1200%2C900&ssl=1&resize=350%2C200 1x, https:\/\/i0.wp.com\/noticiasribeiraopreto.com.br\/wp-content\/uploads\/2025\/03\/membros-oab-comissoes-mulheres.jpg?fit=1200%2C900&ssl=1&resize=525%2C300 1.5x, https:\/\/i0.wp.com\/noticiasribeiraopreto.com.br\/wp-content\/uploads\/2025\/03\/membros-oab-comissoes-mulheres.jpg?fit=1200%2C900&ssl=1&resize=700%2C400 2x, https:\/\/i0.wp.com\/noticiasribeiraopreto.com.br\/wp-content\/uploads\/2025\/03\/membros-oab-comissoes-mulheres.jpg?fit=1200%2C900&ssl=1&resize=1050%2C600 3x"},"classes":[]},{"id":65826,"url":"https:\/\/noticiasribeiraopreto.com.br\/index.php\/2025\/03\/24\/mulheres-de-franca-podem-tirar-duvidas-e-buscar-auxilio-em-evento-na-praca-sabino-loureiro\/","url_meta":{"origin":83052,"position":3},"title":"Mulheres de Franca podem tirar d\u00favidas e buscar aux\u00edlio em evento na Pra\u00e7a Sabino Loureiro","author":"noticiasribeiraopreto.com.br","date":"24 de March de 2025","format":false,"excerpt":"A OAB Franca confirmou que far\u00e1 evento na pra\u00e7a Sabino Loureiro, na esta\u00e7\u00e3o, neste dia 29\/3, entre 9h e 12h, para oferecer apoio a mulheres que eventualmente enfrentem problemas com viol\u00eancia ou tenham d\u00favidas sobre os seus direitos. Al\u00e9m das a\u00e7\u00f5es de orienta\u00e7\u00e3o, est\u00e3o confirmadas apresenta\u00e7\u00f5es culturais e atividades especiais\u2026","rel":"","context":"In &quot;Not\u00edcias de Franca-SP&quot;","block_context":{"text":"Not\u00edcias de Franca-SP","link":"https:\/\/noticiasribeiraopreto.com.br\/index.php\/category\/noticias-de-ribeirao-preto-sp-e-regiao-ismael-colosi\/noticias-franca-sp\/"},"img":{"alt_text":"","src":"https:\/\/i0.wp.com\/noticiasribeiraopreto.com.br\/wp-content\/uploads\/2025\/03\/praca-sabino-loureiro.jpg?fit=1200%2C795&ssl=1&resize=350%2C200","width":350,"height":200,"srcset":"https:\/\/i0.wp.com\/noticiasribeiraopreto.com.br\/wp-content\/uploads\/2025\/03\/praca-sabino-loureiro.jpg?fit=1200%2C795&ssl=1&resize=350%2C200 1x, https:\/\/i0.wp.com\/noticiasribeiraopreto.com.br\/wp-content\/uploads\/2025\/03\/praca-sabino-loureiro.jpg?fit=1200%2C795&ssl=1&resize=525%2C300 1.5x, https:\/\/i0.wp.com\/noticiasribeiraopreto.com.br\/wp-content\/uploads\/2025\/03\/praca-sabino-loureiro.jpg?fit=1200%2C795&ssl=1&resize=700%2C400 2x, https:\/\/i0.wp.com\/noticiasribeiraopreto.com.br\/wp-content\/uploads\/2025\/03\/praca-sabino-loureiro.jpg?fit=1200%2C795&ssl=1&resize=1050%2C600 3x"},"classes":[]},{"id":64926,"url":"https:\/\/noticiasribeiraopreto.com.br\/index.php\/2025\/03\/13\/apae-franca-promove-acoes-para-fortalecer-o-apoio-e-valorizacao-para-mulheres\/","url_meta":{"origin":83052,"position":4},"title":"APAE Franca promove a\u00e7\u00f5es para fortalecer o apoio e valoriza\u00e7\u00e3o para mulheres","author":"noticiasribeiraopreto.com.br","date":"13 de March de 2025","format":false,"excerpt":"A APAE (Associa\u00e7\u00e3o de Pais e Amigos dos Excepcionais) de Franca celebrou o Dia Internacional da Mulher \u2013 8 de mar\u00e7o \u2013 com uma programa\u00e7\u00e3o repleta de homenagens, palestras, m\u00fasica e momentos de valoriza\u00e7\u00e3o para suas colaboradoras e atendidas. No dia 6, a institui\u00e7\u00e3o recebeu a psic\u00f3loga J\u00e9ssica Marchal para\u2026","rel":"","context":"In &quot;Not\u00edcias de Franca-SP&quot;","block_context":{"text":"Not\u00edcias de Franca-SP","link":"https:\/\/noticiasribeiraopreto.com.br\/index.php\/category\/noticias-de-ribeirao-preto-sp-e-regiao-ismael-colosi\/noticias-franca-sp\/"},"img":{"alt_text":"","src":"https:\/\/i0.wp.com\/noticiasribeiraopreto.com.br\/wp-content\/uploads\/2025\/03\/apae-franca-homenagem.jpeg?fit=1200%2C900&ssl=1&resize=350%2C200","width":350,"height":200,"srcset":"https:\/\/i0.wp.com\/noticiasribeiraopreto.com.br\/wp-content\/uploads\/2025\/03\/apae-franca-homenagem.jpeg?fit=1200%2C900&ssl=1&resize=350%2C200 1x, https:\/\/i0.wp.com\/noticiasribeiraopreto.com.br\/wp-content\/uploads\/2025\/03\/apae-franca-homenagem.jpeg?fit=1200%2C900&ssl=1&resize=525%2C300 1.5x, https:\/\/i0.wp.com\/noticiasribeiraopreto.com.br\/wp-content\/uploads\/2025\/03\/apae-franca-homenagem.jpeg?fit=1200%2C900&ssl=1&resize=700%2C400 2x, https:\/\/i0.wp.com\/noticiasribeiraopreto.com.br\/wp-content\/uploads\/2025\/03\/apae-franca-homenagem.jpeg?fit=1200%2C900&ssl=1&resize=1050%2C600 3x"},"classes":[]},{"id":39730,"url":"https:\/\/noticiasribeiraopreto.com.br\/index.php\/2024\/02\/27\/ferreira-gullar-esta-entre-os-homenageados-da-feira-do-livro-de-ribeirao-preto-veja-lista\/","url_meta":{"origin":83052,"position":5},"title":"Ferreira Gullar est\u00e1 entre os homenageados da Feira do Livro de Ribeir\u00e3o Preto; Veja lista","author":"noticiasribeiraopreto.com.br","date":"27 de February de 2024","format":false,"excerpt":"A organiza\u00e7\u00e3o da Feira Internacional do Livro de Ribeir\u00e3o Preto (FIL-RP) anunciou, nesta ter\u00e7a-feira (27), que o escritor e poeta Ferreira Gullar, ser\u00e1 um dos homenageados da 23\u00aa edi\u00e7\u00e3o, que ser\u00e1 realizada entre os dias 1\u00ba e 11 de agosto. Nascido em S\u00e3o Lu\u00eds do Maranh\u00e3o, Jos\u00e9 Ribamar Ferreira (Gullar)\u2026","rel":"","context":"In &quot;Not\u00edcias de Ribeir\u00e3o Preto-SP e Regi\u00e3o&quot;","block_context":{"text":"Not\u00edcias de Ribeir\u00e3o Preto-SP e Regi\u00e3o","link":"https:\/\/noticiasribeiraopreto.com.br\/index.php\/category\/noticias-de-ribeirao-preto-sp-e-regiao-ismael-colosi\/"},"img":{"alt_text":"","src":"https:\/\/i0.wp.com\/noticiasribeiraopreto.com.br\/wp-content\/uploads\/2024\/02\/Copia-de-Copia-de-TAMANHO-EXATO-PARA-FOTOS-NO-SISTEMA-NOVO-50.png?fit=1200%2C675&ssl=1&resize=350%2C200","width":350,"height":200,"srcset":"https:\/\/i0.wp.com\/noticiasribeiraopreto.com.br\/wp-content\/uploads\/2024\/02\/Copia-de-Copia-de-TAMANHO-EXATO-PARA-FOTOS-NO-SISTEMA-NOVO-50.png?fit=1200%2C675&ssl=1&resize=350%2C200 1x, https:\/\/i0.wp.com\/noticiasribeiraopreto.com.br\/wp-content\/uploads\/2024\/02\/Copia-de-Copia-de-TAMANHO-EXATO-PARA-FOTOS-NO-SISTEMA-NOVO-50.png?fit=1200%2C675&ssl=1&resize=525%2C300 1.5x, https:\/\/i0.wp.com\/noticiasribeiraopreto.com.br\/wp-content\/uploads\/2024\/02\/Copia-de-Copia-de-TAMANHO-EXATO-PARA-FOTOS-NO-SISTEMA-NOVO-50.png?fit=1200%2C675&ssl=1&resize=700%2C400 2x, https:\/\/i0.wp.com\/noticiasribeiraopreto.com.br\/wp-content\/uploads\/2024\/02\/Copia-de-Copia-de-TAMANHO-EXATO-PARA-FOTOS-NO-SISTEMA-NOVO-50.png?fit=1200%2C675&ssl=1&resize=1050%2C600 3x"},"classes":[]}],"jetpack_sharing_enabled":true,"jetpack_shortlink":"https:\/\/wp.me\/peQAOb-lBy","_links":{"self":[{"href":"https:\/\/noticiasribeiraopreto.com.br\/index.php\/wp-json\/wp\/v2\/posts\/83052","targetHints":{"allow":["GET"]}}],"collection":[{"href":"https:\/\/noticiasribeiraopreto.com.br\/index.php\/wp-json\/wp\/v2\/posts"}],"about":[{"href":"https:\/\/noticiasribeiraopreto.com.br\/index.php\/wp-json\/wp\/v2\/types\/post"}],"author":[{"embeddable":true,"href":"https:\/\/noticiasribeiraopreto.com.br\/index.php\/wp-json\/wp\/v2\/users\/1"}],"replies":[{"embeddable":true,"href":"https:\/\/noticiasribeiraopreto.com.br\/index.php\/wp-json\/wp\/v2\/comments?post=83052"}],"version-history":[{"count":0,"href":"https:\/\/noticiasribeiraopreto.com.br\/index.php\/wp-json\/wp\/v2\/posts\/83052\/revisions"}],"wp:featuredmedia":[{"embeddable":true,"href":"https:\/\/noticiasribeiraopreto.com.br\/index.php\/wp-json\/wp\/v2\/media\/83053"}],"wp:attachment":[{"href":"https:\/\/noticiasribeiraopreto.com.br\/index.php\/wp-json\/wp\/v2\/media?parent=83052"}],"wp:term":[{"taxonomy":"category","embeddable":true,"href":"https:\/\/noticiasribeiraopreto.com.br\/index.php\/wp-json\/wp\/v2\/categories?post=83052"},{"taxonomy":"post_tag","embeddable":true,"href":"https:\/\/noticiasribeiraopreto.com.br\/index.php\/wp-json\/wp\/v2\/tags?post=83052"}],"curies":[{"name":"wp","href":"https:\/\/api.w.org\/{rel}","templated":true}]}}