{"id":83054,"date":"2026-03-08T09:09:21","date_gmt":"2026-03-08T12:09:21","guid":{"rendered":"https:\/\/noticiasribeiraopreto.com.br\/index.php\/2026\/03\/08\/irma-selma-retorna-ao-municipal-de-rp\/"},"modified":"2026-03-08T09:09:21","modified_gmt":"2026-03-08T12:09:21","slug":"irma-selma-retorna-ao-municipal-de-rp","status":"publish","type":"post","link":"https:\/\/noticiasribeiraopreto.com.br\/index.php\/2026\/03\/08\/irma-selma-retorna-ao-municipal-de-rp\/","title":{"rendered":"Irm\u00e3 Selma retorna ao Municipal de RP"},"content":{"rendered":"<div class='code-block code-block-1' style='margin: 8px 0 8px auto; text-align: right; display: block; clear: both;'>\n<p><a href=\"https:\/\/wa.link\/vpicfd\"><img data-recalc-dims=\"1\" class=\"wp-image-4922\" style=\"aspect-ratio: 2.0253164556962027; width: 561px; height: auto;\" src=\"https:\/\/i0.wp.com\/ismaelcolosi.com.br\/wp-content\/uploads\/2023\/11\/grupo-de-empregos-whatsapp-e-facebook-ismael-colosi-vagas.jpg?ssl=1\" alt=\"\" \/><\/a><\/p>\n<!-- \/wp:image -->\n<\/div>\n<p> <br \/>\n<\/p>\n<div>\n<p>O humorista Oct\u00e1vio Mendes estar\u00e1 no Teatro Municipal de Ribeir\u00e3o Preto, na pr\u00f3xima sexta-feira, 13 de mar\u00e7o, \u00e0s 20h30, com o espet\u00e1culo \u201cIrm\u00e3 Selma\u201d, h\u00e1 20 anos em cartaz. Ele j\u00e1 fez v\u00e1rias apresenta\u00e7\u00f5es na cidade \u2013 sempre com casa lotada \u2013, a \u00faltima em fevereiro de 2024, e volta agora com um show revigorado.<\/p>\n<p>Por\u00e9m, com as personagens que j\u00e1 levaram multid\u00f5es \u00e0s gargalhadas, como o ex-gay, uma apresentadora de TV sensacionalista, uma prostituta que virou cantora, uma cantora baiana e, claro, a freira fumante e comediante Irm\u00e3 Selma. Sucesso em S\u00e3o Paulo (SP), o show ficou dois anos em cartaz no Teatro Gazeta.<\/p>\n<figure id=\"attachment_456705\" aria-describedby=\"caption-attachment-456705\" style=\"width: 300px\" class=\"wp-caption alignleft\"><img data-recalc-dims=\"1\" loading=\"lazy\" decoding=\"async\" class=\"size-medium wp-image-456705 lazyload\" src=\"https:\/\/i0.wp.com\/www.tribunaribeirao.com.br\/wp-content\/uploads\/2026\/03\/Selma-Can-Lise-Livramento-1-300x200.jpg?resize=300%2C200&#038;ssl=1\" alt=\"\" width=\"300\" height=\"200\" srcset=\"https:\/\/www.tribunaribeirao.com.br\/wp-content\/uploads\/2026\/03\/Selma-Can-Lise-Livramento-1-300x200.jpg 300w, https:\/\/www.tribunaribeirao.com.br\/wp-content\/uploads\/2026\/03\/Selma-Can-Lise-Livramento-1-1024x683.jpg 1024w, https:\/\/www.tribunaribeirao.com.br\/wp-content\/uploads\/2026\/03\/Selma-Can-Lise-Livramento-1-768x512.jpg 768w, https:\/\/www.tribunaribeirao.com.br\/wp-content\/uploads\/2026\/03\/Selma-Can-Lise-Livramento-1-1536x1024.jpg 1536w, https:\/\/www.tribunaribeirao.com.br\/wp-content\/uploads\/2026\/03\/Selma-Can-Lise-Livramento-1-2048x1365.jpg 2048w, https:\/\/www.tribunaribeirao.com.br\/wp-content\/uploads\/2026\/03\/Selma-Can-Lise-Livramento-1-480x320.jpg 480w, https:\/\/www.tribunaribeirao.com.br\/wp-content\/uploads\/2026\/03\/Selma-Can-Lise-Livramento-1-280x186.jpg 280w, https:\/\/www.tribunaribeirao.com.br\/wp-content\/uploads\/2026\/03\/Selma-Can-Lise-Livramento-1-1920x1280.jpg 1920w, https:\/\/www.tribunaribeirao.com.br\/wp-content\/uploads\/2026\/03\/Selma-Can-Lise-Livramento-1-960x640.jpg 960w, https:\/\/www.tribunaribeirao.com.br\/wp-content\/uploads\/2026\/03\/Selma-Can-Lise-Livramento-1-600x400.jpg 600w, https:\/\/www.tribunaribeirao.com.br\/wp-content\/uploads\/2026\/03\/Selma-Can-Lise-Livramento-1-585x390.jpg 585w, https:\/\/www.tribunaribeirao.com.br\/wp-content\/uploads\/2026\/03\/Selma-Can-Lise-Livramento-1-scaled.jpg 1170w\" data-sizes=\"(max-width: 300px) 100vw, 300px\" style=\"--smush-placeholder-width: 300px; --smush-placeholder-aspect-ratio: 300\/200;\"\/><figcaption id=\"caption-attachment-456705\" class=\"wp-caption-text\">Oct\u00e1vio Mendes como a cantora baiana \u201cMaria Bot\u00e2nica\u201d | Foto: Lise Livramento<\/figcaption><\/figure>\n<p>Ator, diretor e autor de v\u00e1rios espet\u00e1culos, Oct\u00e1vio Mendes \u00e9 formado na Escola de Arte Dram\u00e1tica da Escola de Comunica\u00e7\u00e3o e Artes da Universidade de S\u00e3o S\u00e3o Paulo (EAD-ECA-USP). Participou da temporada de \u201cA Bela e a Fera\u201d, o musical da Broadway que esteve em cartaz no Teatro Abril, em S\u00e3o Paulo.<\/p>\n<p><strong>Ingressos \u2013 <\/strong>Os ingressos custam R$ 80 (inteira), R$ 60 (antecipado) R$ 40 (meia-entrada) e R$ 60 (compra antecipada). Tem direito a 50% de desconto estudantes e professores de escolas p\u00fablicas e particulares (mediante apresenta\u00e7\u00e3o de documento comprobat\u00f3rio como carteirinha da institui\u00e7\u00e3o, boleto de mensalidade ou holerite), aposentados (com documento espec\u00edfico) e idosos acima de 60 anos (com c\u00e9dula de identidade, o RG).<\/p>\n<p>Est\u00e3o \u00e0 venda nos sites Bilheteria Express (<a href=\"http:\/\/www.bilheteriaexpress.com.br\">www.bilheteriaexpress.com.br<\/a>), Sympla (<a href=\"http:\/\/www.sympla.com.br\">www.sympla.com.br<\/a>) e no guich\u00ea. O Teatro Municipal fica na pra\u00e7a Alto do S\u00e3o Bento s\/n\u00ba, Jardim Mosteiro. Para compra online h\u00e1 taxa de servi\u00e7o. O local tem capacidade para receber 515 pessoas \u2013 o estacionamento tem 40 vagas. Mais informa\u00e7\u00f5es pelo telefone (16) 3625-6841 ou (16) 99784-6631 (Jader Produ\u00e7\u00f5es).\u00a0O espet\u00e1culo n\u00e3o \u00e9 recomendado para menos de 14 anos. O uso de m\u00e1scara \u00e9 opcional.<\/p>\n<p><strong>Teatro ou humor? \u2013 <\/strong>Segundo Oct\u00e1vio Mendes, o Seo Mem\u00ea de \u201cA Pra\u00e7a \u00e9 Nossa\u201d, do SBT, \u201c\u00e9 um espet\u00e1culo de teatro, mas tamb\u00e9m pode ser definido como um show de humor com cinco personagens que foram escritos durante a minha perman\u00eancia no \u2018Ter\u00e7a Insana\u2019, e permaneci por quatro anos\u201d.<\/p>\n<figure id=\"attachment_456706\" aria-describedby=\"caption-attachment-456706\" style=\"width: 300px\" class=\"wp-caption alignleft\"><img data-recalc-dims=\"1\" loading=\"lazy\" decoding=\"async\" class=\"size-medium wp-image-456706 lazyload\" src=\"https:\/\/i0.wp.com\/www.tribunaribeirao.com.br\/wp-content\/uploads\/2026\/03\/Selma-Sel-Lise-Livramento-dpdpdp-300x200.jpg?resize=300%2C200&#038;ssl=1\" alt=\"\" width=\"300\" height=\"200\" srcset=\"https:\/\/www.tribunaribeirao.com.br\/wp-content\/uploads\/2026\/03\/Selma-Sel-Lise-Livramento-dpdpdp-300x200.jpg 300w, https:\/\/www.tribunaribeirao.com.br\/wp-content\/uploads\/2026\/03\/Selma-Sel-Lise-Livramento-dpdpdp-1024x683.jpg 1024w, https:\/\/www.tribunaribeirao.com.br\/wp-content\/uploads\/2026\/03\/Selma-Sel-Lise-Livramento-dpdpdp-768x512.jpg 768w, https:\/\/www.tribunaribeirao.com.br\/wp-content\/uploads\/2026\/03\/Selma-Sel-Lise-Livramento-dpdpdp-1536x1024.jpg 1536w, https:\/\/www.tribunaribeirao.com.br\/wp-content\/uploads\/2026\/03\/Selma-Sel-Lise-Livramento-dpdpdp-2048x1365.jpg 2048w, https:\/\/www.tribunaribeirao.com.br\/wp-content\/uploads\/2026\/03\/Selma-Sel-Lise-Livramento-dpdpdp-480x320.jpg 480w, https:\/\/www.tribunaribeirao.com.br\/wp-content\/uploads\/2026\/03\/Selma-Sel-Lise-Livramento-dpdpdp-280x186.jpg 280w, https:\/\/www.tribunaribeirao.com.br\/wp-content\/uploads\/2026\/03\/Selma-Sel-Lise-Livramento-dpdpdp-1920x1280.jpg 1920w, https:\/\/www.tribunaribeirao.com.br\/wp-content\/uploads\/2026\/03\/Selma-Sel-Lise-Livramento-dpdpdp-960x640.jpg 960w, https:\/\/www.tribunaribeirao.com.br\/wp-content\/uploads\/2026\/03\/Selma-Sel-Lise-Livramento-dpdpdp-600x400.jpg 600w, https:\/\/www.tribunaribeirao.com.br\/wp-content\/uploads\/2026\/03\/Selma-Sel-Lise-Livramento-dpdpdp-585x390.jpg 585w, https:\/\/www.tribunaribeirao.com.br\/wp-content\/uploads\/2026\/03\/Selma-Sel-Lise-Livramento-dpdpdp-scaled.jpg 1170w\" data-sizes=\"(max-width: 300px) 100vw, 300px\" style=\"--smush-placeholder-width: 300px; --smush-placeholder-aspect-ratio: 300\/200;\"\/><figcaption id=\"caption-attachment-456706\" class=\"wp-caption-text\">Algumas cenas do show de Oct\u00e1vio Mendes j\u00e1 fazem parte da antologia do humor, como \u201cIrm\u00e3 Selma\u201d, que tem oito milh\u00f5es de acessos no YouTube | Foto: Lise Livramento<\/figcaption><\/figure>\n<p>Algumas cenas j\u00e1 fazem parte da antologia do humor, como \u201cIrm\u00e3 Selma\u201d, que tem oito milh\u00f5es de acessos no YouTube. Os outros personagens s\u00e3o tamb\u00e9m muito divertidos, e tratam de assuntos bem variados.<\/p>\n<p>\u201cO interessante disso \u00e9 que \u00e9 recebido igual em todos os lugares, inclusive Portugal. O que mostra que n\u00e3o \u00e9 um humor regional\u201d, diz Oct\u00e1vio Mendes. Entre seus personagens est\u00e3o o \u201cEx-Gay\u201d, a apresentadora \u201cM\u00f4nica Goldstein\u201d, a prostituta-cantora \u201cXana\u00edna\u201d, a baiana \u201cMaria Bot\u00e2nica\u201d e, para fechar, a freira \u201cIrm\u00e3 Selma\u201d.<\/p>\n<p>Tem sido considerado pelos cr\u00edticos e p\u00fablico como um espet\u00e1culo inteligente, talvez pelo tipo de humor sem palavr\u00f5es ou qualquer tipo de apela\u00e7\u00e3o. Mas mesmo assim \u00e9 recomendado para maiores de 14 anos, devido ao teor dos assuntos abordados, que n\u00e3o interessam para crian\u00e7a.<\/p>\n<p>\u201cDe Manaus (AM) a Porto Alegre (RS), esse show j\u00e1 foi assistido por milhares de pessoas. Fico feliz de conseguir agradar pessoas de qualquer idade ou lugar. As cenas s\u00e3o apresentadas no original que foram escritas\u201d, explica o humorista.<\/p>\n<p><strong>Oct\u00e1vio Mendes \u2013<\/strong> Largou o \u201cTer\u00e7a Insana\u201d para trabalhar ao lado do comediante S\u00e9rgio Rabello, onde permaneceu por dois anos em cartaz com o espet\u00e1culo \u201cHumor de Quinta\u201d.\u00a0 No teatro, estreou no espet\u00e1culo \u201cCamila Backer, Lives in Concert\u201d, que lhe rendeu v\u00e1rios pr\u00eamios de melhor ator.<\/p>\n<figure id=\"attachment_456707\" aria-describedby=\"caption-attachment-456707\" style=\"width: 300px\" class=\"wp-caption alignleft\"><img data-recalc-dims=\"1\" loading=\"lazy\" decoding=\"async\" class=\"size-medium wp-image-456707 lazyload\" src=\"https:\/\/i0.wp.com\/www.tribunaribeirao.com.br\/wp-content\/uploads\/2026\/03\/Selma-Xan-Divulgacao-1-300x200.jpg?resize=300%2C200&#038;ssl=1\" alt=\"\" width=\"300\" height=\"200\" srcset=\"https:\/\/www.tribunaribeirao.com.br\/wp-content\/uploads\/2026\/03\/Selma-Xan-Divulgacao-1-300x200.jpg 300w, https:\/\/www.tribunaribeirao.com.br\/wp-content\/uploads\/2026\/03\/Selma-Xan-Divulgacao-1-1024x682.jpg 1024w, https:\/\/www.tribunaribeirao.com.br\/wp-content\/uploads\/2026\/03\/Selma-Xan-Divulgacao-1-768x512.jpg 768w, https:\/\/www.tribunaribeirao.com.br\/wp-content\/uploads\/2026\/03\/Selma-Xan-Divulgacao-1-480x320.jpg 480w, https:\/\/www.tribunaribeirao.com.br\/wp-content\/uploads\/2026\/03\/Selma-Xan-Divulgacao-1-280x186.jpg 280w, https:\/\/www.tribunaribeirao.com.br\/wp-content\/uploads\/2026\/03\/Selma-Xan-Divulgacao-1-960x640.jpg 960w, https:\/\/www.tribunaribeirao.com.br\/wp-content\/uploads\/2026\/03\/Selma-Xan-Divulgacao-1-600x400.jpg 600w, https:\/\/www.tribunaribeirao.com.br\/wp-content\/uploads\/2026\/03\/Selma-Xan-Divulgacao-1-585x390.jpg 585w, https:\/\/www.tribunaribeirao.com.br\/wp-content\/uploads\/2026\/03\/Selma-Xan-Divulgacao-1.jpg 1170w\" data-sizes=\"(max-width: 300px) 100vw, 300px\" style=\"--smush-placeholder-width: 300px; --smush-placeholder-aspect-ratio: 300\/200;\"\/><figcaption id=\"caption-attachment-456707\" class=\"wp-caption-text\">P\u00fablico vai gargalhar com as personagens de Oct\u00e1vio Mendes | Divulga\u00e7\u00e3o<\/figcaption><\/figure>\n<p>Protagonizou, ao lado de Ney Latorraca, o espet\u00e1culo \u201cO M\u00e9dico e o Monstro\u201d, com dire\u00e7\u00e3o de Marco Nanini. Esteve ao lado de Paulo Autran em \u201cRei Lear\u201d, com dire\u00e7\u00e3o de Ulysses Cruz. Fez o musical \u201cEla \u00e9 B\u00e1rbara\u201d, ao lado de T\u00f4nia Carreiro e dire\u00e7\u00e3o de Cecil Thir\u00e9.<\/p>\n<p>Voltando para a com\u00e9dia musical, esteve em \u201cSonho de uma noite de ver\u00e3o\u201d, com dire\u00e7\u00e3o de Cac\u00e1 Rosset, no papel de \u201cTisbe\u201d, entre outros. Participou de v\u00e1rias novelas da Rede Globo, entre elas \u201cMulheres Apaixonadas\u201d e \u201cDa C\u00f4r do Pecado\u201d.<\/p>\n<p>No SBT fez a novela \u201cO Direito de Nascer\u201d; com dire\u00e7\u00e3o de Roberto Talma, al\u00e9m da participa\u00e7\u00e3o em v\u00e1rios programas de v\u00e1rias emissoras. Como autor e diretor, entre v\u00e1rias pe\u00e7as, se destacam \u201cAir Fly\u201d e \u201cSacril\u00e9gio\u201d \u2013 com v\u00e1rios pr\u00eamios de melhor texto.<\/p>\n<\/div>\n<p><br \/>\n<br \/><a href=\"https:\/\/www.tribunaribeirao.com.br\/irma-selma-retorna-ao-municipal-de-rp\/\">Source link <\/a><\/p>\n<!-- CONTENT END 1 -->\n","protected":false},"excerpt":{"rendered":"<p>O humorista Oct\u00e1vio Mendes estar\u00e1 no Teatro Municipal de Ribeir\u00e3o Preto, na pr\u00f3xima sexta-feira, 13 de mar\u00e7o, \u00e0s 20h30, com o espet\u00e1culo \u201cIrm\u00e3 Selma\u201d, h\u00e1&#8230;<\/p>\n","protected":false},"author":1,"featured_media":83055,"comment_status":"open","ping_status":"open","sticky":false,"template":"","format":"standard","meta":{"advanced_seo_description":"","jetpack_seo_html_title":"","jetpack_seo_noindex":false,"jetpack_post_was_ever_published":false,"_jetpack_newsletter_access":"","_jetpack_dont_email_post_to_subs":false,"_jetpack_newsletter_tier_id":0,"_jetpack_memberships_contains_paywalled_content":false,"_jetpack_memberships_contains_paid_content":false,"footnotes":"","jetpack_publicize_message":"","jetpack_publicize_feature_enabled":true,"jetpack_social_post_already_shared":true,"jetpack_social_options":{"image_generator_settings":{"template":"highway","default_image_id":0,"font":"","enabled":false},"version":2}},"categories":[11],"tags":[],"class_list":["post-83054","post","type-post","status-publish","format-standard","has-post-thumbnail","hentry","category-noticias-de-ribeirao-preto-sp-e-regiao-ismael-colosi"],"jetpack_publicize_connections":[],"jetpack_featured_media_url":"https:\/\/i0.wp.com\/noticiasribeiraopreto.com.br\/wp-content\/uploads\/2026\/03\/Selma-Pro-Lise-Livramento-scaled.jpg?fit=1170%2C780&ssl=1","jetpack-related-posts":[{"id":39112,"url":"https:\/\/noticiasribeiraopreto.com.br\/index.php\/2024\/02\/23\/confira-as-opcoes-para-aproveitar-o-ultimo-final-de-semana-de-fevereiro-em-ribeirao-preto\/","url_meta":{"origin":83054,"position":0},"title":"Confira as op\u00e7\u00f5es para aproveitar o \u00faltimo final de semana de fevereiro em Ribeir\u00e3o Preto","author":"noticiasribeiraopreto.com.br","date":"23 de February de 2024","format":false,"excerpt":"Para aproveitar o \u00faltimo final de semana de fevereiro, Ribeir\u00e3o Preto oferece uma programa\u00e7\u00e3o diversificada para se divertir com fam\u00edlia e amigos. Entre as op\u00e7\u00f5es tem pe\u00e7as de teatros, shows e mais. Confira: Teatro Minaz Na sexta-feira (23), o Teatro Minaz recebe duas sess\u00f5es do espet\u00e1culo Candlelight: Tributo a Coldplay,\u2026","rel":"","context":"In &quot;Not\u00edcias de Ribeir\u00e3o Preto-SP e Regi\u00e3o&quot;","block_context":{"text":"Not\u00edcias de Ribeir\u00e3o Preto-SP e Regi\u00e3o","link":"https:\/\/noticiasribeiraopreto.com.br\/index.php\/category\/noticias-de-ribeirao-preto-sp-e-regiao-ismael-colosi\/"},"img":{"alt_text":"","src":"https:\/\/i0.wp.com\/noticiasribeiraopreto.com.br\/wp-content\/uploads\/2024\/02\/thumbnail_maria-da-luz_cia-dos-naufragos_credito-Marcel-Vecchia_divulgacao_2-1-1.jpg?fit=1200%2C800&ssl=1&resize=350%2C200","width":350,"height":200,"srcset":"https:\/\/i0.wp.com\/noticiasribeiraopreto.com.br\/wp-content\/uploads\/2024\/02\/thumbnail_maria-da-luz_cia-dos-naufragos_credito-Marcel-Vecchia_divulgacao_2-1-1.jpg?fit=1200%2C800&ssl=1&resize=350%2C200 1x, https:\/\/i0.wp.com\/noticiasribeiraopreto.com.br\/wp-content\/uploads\/2024\/02\/thumbnail_maria-da-luz_cia-dos-naufragos_credito-Marcel-Vecchia_divulgacao_2-1-1.jpg?fit=1200%2C800&ssl=1&resize=525%2C300 1.5x, https:\/\/i0.wp.com\/noticiasribeiraopreto.com.br\/wp-content\/uploads\/2024\/02\/thumbnail_maria-da-luz_cia-dos-naufragos_credito-Marcel-Vecchia_divulgacao_2-1-1.jpg?fit=1200%2C800&ssl=1&resize=700%2C400 2x, https:\/\/i0.wp.com\/noticiasribeiraopreto.com.br\/wp-content\/uploads\/2024\/02\/thumbnail_maria-da-luz_cia-dos-naufragos_credito-Marcel-Vecchia_divulgacao_2-1-1.jpg?fit=1200%2C800&ssl=1&resize=1050%2C600 3x"},"classes":[]},{"id":76901,"url":"https:\/\/noticiasribeiraopreto.com.br\/index.php\/2025\/09\/08\/teatro-municipal-de-ribeirao-preto-recebe-pecas-do-curso-tpc-confira\/","url_meta":{"origin":83054,"position":1},"title":"Teatro Municipal de Ribeir\u00e3o Preto recebe pe\u00e7as do Curso TPC; Confira","author":"noticiasribeiraopreto.com.br","date":"8 de September de 2025","format":false,"excerpt":"O Teatro Municipal de Ribeir\u00e3o Preto recebe, durante os dias 26 a 29 de setembro, sete pe\u00e7as teatrais do Curso de Teatro TPC. A programa\u00e7\u00e3o recebe t\u00edtulos como \u201cSexta-Feira Muito Louca\u201d, \u201cDivertidamente 2\u201d e \u201cFronzen\u201d. Os ingressos para as sess\u00f5es podem ser adquiridos na bilheteria do Teatro Municipal somente no\u2026","rel":"","context":"In &quot;Not\u00edcias de Ribeir\u00e3o Preto-SP e Regi\u00e3o&quot;","block_context":{"text":"Not\u00edcias de Ribeir\u00e3o Preto-SP e Regi\u00e3o","link":"https:\/\/noticiasribeiraopreto.com.br\/index.php\/category\/noticias-de-ribeirao-preto-sp-e-regiao-ismael-colosi\/"},"img":{"alt_text":"","src":"https:\/\/i0.wp.com\/noticiasribeiraopreto.com.br\/wp-content\/uploads\/2025\/09\/WhatsApp-Image-2023-11-15-at-14.16.46.jpeg?fit=1200%2C675&ssl=1&resize=350%2C200","width":350,"height":200,"srcset":"https:\/\/i0.wp.com\/noticiasribeiraopreto.com.br\/wp-content\/uploads\/2025\/09\/WhatsApp-Image-2023-11-15-at-14.16.46.jpeg?fit=1200%2C675&ssl=1&resize=350%2C200 1x, https:\/\/i0.wp.com\/noticiasribeiraopreto.com.br\/wp-content\/uploads\/2025\/09\/WhatsApp-Image-2023-11-15-at-14.16.46.jpeg?fit=1200%2C675&ssl=1&resize=525%2C300 1.5x, https:\/\/i0.wp.com\/noticiasribeiraopreto.com.br\/wp-content\/uploads\/2025\/09\/WhatsApp-Image-2023-11-15-at-14.16.46.jpeg?fit=1200%2C675&ssl=1&resize=700%2C400 2x, https:\/\/i0.wp.com\/noticiasribeiraopreto.com.br\/wp-content\/uploads\/2025\/09\/WhatsApp-Image-2023-11-15-at-14.16.46.jpeg?fit=1200%2C675&ssl=1&resize=1050%2C600 3x"},"classes":[]},{"id":51570,"url":"https:\/\/noticiasribeiraopreto.com.br\/index.php\/2024\/05\/28\/musical-infantil-chega-ao-teatro-municipal-de-ribeirao-preto-veja-como-comprar-ingressos\/","url_meta":{"origin":83054,"position":2},"title":"Musical infantil chega ao Teatro Municipal de Ribeir\u00e3o Preto; Veja como comprar ingressos","author":"noticiasribeiraopreto.com.br","date":"28 de May de 2024","format":false,"excerpt":"Produzido pela cantora l\u00edrica e atriz Julianne Daud e o maestro Fabio G. Oliveira, o musical infantil \u201cPetshop, o Music\u00e3o\u201d chega ao palco do Teatro Municipal de Ribeir\u00e3o Preto para tr\u00eas apresenta\u00e7\u00f5es, nesta quarta-feira (29) e na quinta-feira (30). O espet\u00e1culo \u00e9 inspirado nas apresenta\u00e7\u00f5es da Broadway. O tema do\u2026","rel":"","context":"In &quot;Not\u00edcias de Ribeir\u00e3o Preto-SP e Regi\u00e3o&quot;","block_context":{"text":"Not\u00edcias de Ribeir\u00e3o Preto-SP e Regi\u00e3o","link":"https:\/\/noticiasribeiraopreto.com.br\/index.php\/category\/noticias-de-ribeirao-preto-sp-e-regiao-ismael-colosi\/"},"img":{"alt_text":"","src":"https:\/\/i0.wp.com\/noticiasribeiraopreto.com.br\/wp-content\/uploads\/2024\/05\/15_2024-05-28_11-33-11_jpg_2024-05-28_11-33-13-scaled.webp.webp?fit=1200%2C800&ssl=1&resize=350%2C200","width":350,"height":200,"srcset":"https:\/\/i0.wp.com\/noticiasribeiraopreto.com.br\/wp-content\/uploads\/2024\/05\/15_2024-05-28_11-33-11_jpg_2024-05-28_11-33-13-scaled.webp.webp?fit=1200%2C800&ssl=1&resize=350%2C200 1x, https:\/\/i0.wp.com\/noticiasribeiraopreto.com.br\/wp-content\/uploads\/2024\/05\/15_2024-05-28_11-33-11_jpg_2024-05-28_11-33-13-scaled.webp.webp?fit=1200%2C800&ssl=1&resize=525%2C300 1.5x, https:\/\/i0.wp.com\/noticiasribeiraopreto.com.br\/wp-content\/uploads\/2024\/05\/15_2024-05-28_11-33-11_jpg_2024-05-28_11-33-13-scaled.webp.webp?fit=1200%2C800&ssl=1&resize=700%2C400 2x, https:\/\/i0.wp.com\/noticiasribeiraopreto.com.br\/wp-content\/uploads\/2024\/05\/15_2024-05-28_11-33-11_jpg_2024-05-28_11-33-13-scaled.webp.webp?fit=1200%2C800&ssl=1&resize=1050%2C600 3x"},"classes":[]},{"id":69099,"url":"https:\/\/noticiasribeiraopreto.com.br\/index.php\/2025\/05\/02\/despedida-de-nanna-caymmi-acontece-nesta-sexta-cantora-morreu-aos-84-anos\/","url_meta":{"origin":83054,"position":3},"title":"Despedida de Nanna Caymmi acontece\u00a0nesta sexta; Cantora morreu aos 84 anos","author":"noticiasribeiraopreto.com.br","date":"2 de May de 2025","format":false,"excerpt":"A despedida da cantora Nana Caymmi, que morreu aos 84 anos, nesta quinta-feira (1), ser\u00e1 nesta sexta-feira (2), no Theatro Municipal do Rio de Janeiro. O vel\u00f3rio acontecer\u00e1 das 8h30 \u00e0s 12h. O enterro est\u00e1 marcado \u00e0s 14h, no Cemit\u00e9rio S\u00e3o Jo\u00e3o Batista, no Rio. Nana estava internada na cl\u00ednica\u2026","rel":"","context":"In &quot;Not\u00edcias de Ribeir\u00e3o Preto-SP e Regi\u00e3o&quot;","block_context":{"text":"Not\u00edcias de Ribeir\u00e3o Preto-SP e Regi\u00e3o","link":"https:\/\/noticiasribeiraopreto.com.br\/index.php\/category\/noticias-de-ribeirao-preto-sp-e-regiao-ismael-colosi\/"},"img":{"alt_text":"","src":"https:\/\/i0.wp.com\/noticiasribeiraopreto.com.br\/wp-content\/uploads\/2025\/05\/NANA-CAYMMI_2025-05-02_11-56-52.webp.webp?fit=1200%2C662&ssl=1&resize=350%2C200","width":350,"height":200,"srcset":"https:\/\/i0.wp.com\/noticiasribeiraopreto.com.br\/wp-content\/uploads\/2025\/05\/NANA-CAYMMI_2025-05-02_11-56-52.webp.webp?fit=1200%2C662&ssl=1&resize=350%2C200 1x, https:\/\/i0.wp.com\/noticiasribeiraopreto.com.br\/wp-content\/uploads\/2025\/05\/NANA-CAYMMI_2025-05-02_11-56-52.webp.webp?fit=1200%2C662&ssl=1&resize=525%2C300 1.5x, https:\/\/i0.wp.com\/noticiasribeiraopreto.com.br\/wp-content\/uploads\/2025\/05\/NANA-CAYMMI_2025-05-02_11-56-52.webp.webp?fit=1200%2C662&ssl=1&resize=700%2C400 2x, https:\/\/i0.wp.com\/noticiasribeiraopreto.com.br\/wp-content\/uploads\/2025\/05\/NANA-CAYMMI_2025-05-02_11-56-52.webp.webp?fit=1200%2C662&ssl=1&resize=1050%2C600 3x"},"classes":[]},{"id":53187,"url":"https:\/\/noticiasribeiraopreto.com.br\/index.php\/2024\/06\/17\/carmen-miranda-e-homenageada-em-musical-gratuito-no-teatro-municipal-de-ribeirao-preto\/","url_meta":{"origin":83054,"position":4},"title":"Carmen Miranda \u00e9 homenageada em musical gratuito no Teatro Municipal de Ribeir\u00e3o Preto","author":"noticiasribeiraopreto.com.br","date":"17 de June de 2024","format":false,"excerpt":"O musical \u201cCarmen Miranda \u2013 Pra Voc\u00ea Gostar de Mim\u201d ser\u00e1 apresentado em Ribeir\u00e3o Preto, no Teatro Municipal, nesta quarta-feira (19). O espet\u00e1culo, com entrada gratuita, faz parte da programa\u00e7\u00e3o de anivers\u00e1rio dos 168 anos da cidade. Os interessados devem retirar os ingressos na bilheteria do teatro uma hora antes\u2026","rel":"","context":"In &quot;Not\u00edcias de Ribeir\u00e3o Preto-SP e Regi\u00e3o&quot;","block_context":{"text":"Not\u00edcias de Ribeir\u00e3o Preto-SP e Regi\u00e3o","link":"https:\/\/noticiasribeiraopreto.com.br\/index.php\/category\/noticias-de-ribeirao-preto-sp-e-regiao-ismael-colosi\/"},"img":{"alt_text":"","src":"https:\/\/i0.wp.com\/noticiasribeiraopreto.com.br\/wp-content\/uploads\/2024\/06\/Copia-de-Copia-de-TAMANHO-EXATO-PARA-FOTOS-NO-SISTEMA-NOVO-9_2024-06-17_16-40-10_jpg_2024-06-17_16-40-10.webp.webp?fit=1200%2C675&ssl=1&resize=350%2C200","width":350,"height":200,"srcset":"https:\/\/i0.wp.com\/noticiasribeiraopreto.com.br\/wp-content\/uploads\/2024\/06\/Copia-de-Copia-de-TAMANHO-EXATO-PARA-FOTOS-NO-SISTEMA-NOVO-9_2024-06-17_16-40-10_jpg_2024-06-17_16-40-10.webp.webp?fit=1200%2C675&ssl=1&resize=350%2C200 1x, https:\/\/i0.wp.com\/noticiasribeiraopreto.com.br\/wp-content\/uploads\/2024\/06\/Copia-de-Copia-de-TAMANHO-EXATO-PARA-FOTOS-NO-SISTEMA-NOVO-9_2024-06-17_16-40-10_jpg_2024-06-17_16-40-10.webp.webp?fit=1200%2C675&ssl=1&resize=525%2C300 1.5x, https:\/\/i0.wp.com\/noticiasribeiraopreto.com.br\/wp-content\/uploads\/2024\/06\/Copia-de-Copia-de-TAMANHO-EXATO-PARA-FOTOS-NO-SISTEMA-NOVO-9_2024-06-17_16-40-10_jpg_2024-06-17_16-40-10.webp.webp?fit=1200%2C675&ssl=1&resize=700%2C400 2x, https:\/\/i0.wp.com\/noticiasribeiraopreto.com.br\/wp-content\/uploads\/2024\/06\/Copia-de-Copia-de-TAMANHO-EXATO-PARA-FOTOS-NO-SISTEMA-NOVO-9_2024-06-17_16-40-10_jpg_2024-06-17_16-40-10.webp.webp?fit=1200%2C675&ssl=1&resize=1050%2C600 3x"},"classes":[]},{"id":68125,"url":"https:\/\/noticiasribeiraopreto.com.br\/index.php\/2025\/04\/22\/teatro-municipal-de-ribeirao-preto-recebe-classicos-infantis-no-fim-de-semana\/","url_meta":{"origin":83054,"position":5},"title":"Teatro Municipal de Ribeir\u00e3o Preto recebe cl\u00e1ssicos infantis no fim de semana","author":"noticiasribeiraopreto.com.br","date":"22 de April de 2025","format":false,"excerpt":"O Teatro Municipal de Ribeir\u00e3o Preto recebe dois espet\u00e1culos infantis no pr\u00f3ximo domingo (27). Entram em cartaz os cl\u00e1ssicos \u201cJo\u00e3o e Maria\u201d e \u201cA Turma do S\u00edtio do Picapau\u201d, com sess\u00f5es \u00e0s 15h e \u00e0s 18h, respectivamente. Os ingressos podem ser adquiridos on-line \u2013 veja como abaixo. Em \u201cJo\u00e3o e\u2026","rel":"","context":"In &quot;Not\u00edcias de Ribeir\u00e3o Preto-SP e Regi\u00e3o&quot;","block_context":{"text":"Not\u00edcias de Ribeir\u00e3o Preto-SP e Regi\u00e3o","link":"https:\/\/noticiasribeiraopreto.com.br\/index.php\/category\/noticias-de-ribeirao-preto-sp-e-regiao-ismael-colosi\/"},"img":{"alt_text":"","src":"https:\/\/i0.wp.com\/noticiasribeiraopreto.com.br\/wp-content\/uploads\/2025\/04\/20241126110347_2025-04-22_15-19-10.webp.webp?fit=1200%2C900&ssl=1&resize=350%2C200","width":350,"height":200,"srcset":"https:\/\/i0.wp.com\/noticiasribeiraopreto.com.br\/wp-content\/uploads\/2025\/04\/20241126110347_2025-04-22_15-19-10.webp.webp?fit=1200%2C900&ssl=1&resize=350%2C200 1x, https:\/\/i0.wp.com\/noticiasribeiraopreto.com.br\/wp-content\/uploads\/2025\/04\/20241126110347_2025-04-22_15-19-10.webp.webp?fit=1200%2C900&ssl=1&resize=525%2C300 1.5x, https:\/\/i0.wp.com\/noticiasribeiraopreto.com.br\/wp-content\/uploads\/2025\/04\/20241126110347_2025-04-22_15-19-10.webp.webp?fit=1200%2C900&ssl=1&resize=700%2C400 2x, https:\/\/i0.wp.com\/noticiasribeiraopreto.com.br\/wp-content\/uploads\/2025\/04\/20241126110347_2025-04-22_15-19-10.webp.webp?fit=1200%2C900&ssl=1&resize=1050%2C600 3x"},"classes":[]}],"jetpack_sharing_enabled":true,"jetpack_shortlink":"https:\/\/wp.me\/peQAOb-lBA","_links":{"self":[{"href":"https:\/\/noticiasribeiraopreto.com.br\/index.php\/wp-json\/wp\/v2\/posts\/83054","targetHints":{"allow":["GET"]}}],"collection":[{"href":"https:\/\/noticiasribeiraopreto.com.br\/index.php\/wp-json\/wp\/v2\/posts"}],"about":[{"href":"https:\/\/noticiasribeiraopreto.com.br\/index.php\/wp-json\/wp\/v2\/types\/post"}],"author":[{"embeddable":true,"href":"https:\/\/noticiasribeiraopreto.com.br\/index.php\/wp-json\/wp\/v2\/users\/1"}],"replies":[{"embeddable":true,"href":"https:\/\/noticiasribeiraopreto.com.br\/index.php\/wp-json\/wp\/v2\/comments?post=83054"}],"version-history":[{"count":0,"href":"https:\/\/noticiasribeiraopreto.com.br\/index.php\/wp-json\/wp\/v2\/posts\/83054\/revisions"}],"wp:featuredmedia":[{"embeddable":true,"href":"https:\/\/noticiasribeiraopreto.com.br\/index.php\/wp-json\/wp\/v2\/media\/83055"}],"wp:attachment":[{"href":"https:\/\/noticiasribeiraopreto.com.br\/index.php\/wp-json\/wp\/v2\/media?parent=83054"}],"wp:term":[{"taxonomy":"category","embeddable":true,"href":"https:\/\/noticiasribeiraopreto.com.br\/index.php\/wp-json\/wp\/v2\/categories?post=83054"},{"taxonomy":"post_tag","embeddable":true,"href":"https:\/\/noticiasribeiraopreto.com.br\/index.php\/wp-json\/wp\/v2\/tags?post=83054"}],"curies":[{"name":"wp","href":"https:\/\/api.w.org\/{rel}","templated":true}]}}