{"id":83056,"date":"2026-03-08T10:05:10","date_gmt":"2026-03-08T13:05:10","guid":{"rendered":"https:\/\/noticiasribeiraopreto.com.br\/index.php\/2026\/03\/08\/sol-ou-chuva-no-dia-internacional-da-mulher-confira-a-previsao-em-ribeirao-preto\/"},"modified":"2026-03-08T10:05:10","modified_gmt":"2026-03-08T13:05:10","slug":"sol-ou-chuva-no-dia-internacional-da-mulher-confira-a-previsao-em-ribeirao-preto","status":"publish","type":"post","link":"https:\/\/noticiasribeiraopreto.com.br\/index.php\/2026\/03\/08\/sol-ou-chuva-no-dia-internacional-da-mulher-confira-a-previsao-em-ribeirao-preto\/","title":{"rendered":"Sol ou chuva no Dia Internacional da Mulher? Confira a previs\u00e3o em Ribeir\u00e3o Preto"},"content":{"rendered":"<div class='code-block code-block-1' style='margin: 8px 0 8px auto; text-align: right; display: block; clear: both;'>\n<p><a href=\"https:\/\/wa.link\/vpicfd\"><img data-recalc-dims=\"1\" class=\"wp-image-4922\" style=\"aspect-ratio: 2.0253164556962027; width: 561px; height: auto;\" src=\"https:\/\/i0.wp.com\/ismaelcolosi.com.br\/wp-content\/uploads\/2023\/11\/grupo-de-empregos-whatsapp-e-facebook-ismael-colosi-vagas.jpg?ssl=1\" alt=\"\" \/><\/a><\/p>\n<!-- \/wp:image -->\n<\/div>\n<p> <br \/>\n<\/p>\n<div data-td-block-uid=\"tdi_95\">\n<div class=\"tdb-block-inner td-fix-index\">\n<blockquote class=\"instagram-media\" data-instgrm-permalink=\"https:\/\/www.instagram.com\/reel\/DVn6oNZjgQa\/?utm_source=ig_embed&amp;utm_campaign=loading\" data-instgrm-version=\"14\" style=\" background:#FFF; border:0; border-radius:3px; box-shadow:0 0 1px 0 rgba(0,0,0,0.5),0 1px 10px 0 rgba(0,0,0,0.15); margin: 1px; max-width:540px; min-width:326px; padding:0; width:99.375%; width:-webkit-calc(100% - 2px); width:calc(100% - 2px);\"\/>\n<p>Neste domingo (8), <strong>Dia Internacional da Mulher<\/strong>, o tempo em Ribeir\u00e3o Preto deve ficar <strong>mais quente do que no s\u00e1bado (7)<\/strong>. A previs\u00e3o indica <strong>m\u00ednima de 19\u00b0C e m\u00e1xima de 30\u00b0C<\/strong>, com <strong>sol entre algumas nuvens e possibilidade de chuva r\u00e1pida ao longo do dia e tamb\u00e9m durante a noite<\/strong>.<\/p>\n<p>O calor combinado com a umidade favorece a forma\u00e7\u00e3o de <strong>pancadas isoladas<\/strong>, principalmente entre a tarde e a noite. Mesmo com per\u00edodos de sol, o tempo pode mudar rapidamente em diferentes \u00e1reas da cidade.<\/p>\n<div class=\"wp-block-image\">\n<figure class=\"aligncenter size-large\"><img data-recalc-dims=\"1\" fetchpriority=\"high\" decoding=\"async\" width=\"1024\" height=\"576\" src=\"https:\/\/i0.wp.com\/cdn.media-acidadeon.com.br\/ribeiraopreto\/wp-content\/uploads\/sites\/3\/2026\/02\/WhatsApp-Image-2026-02-01-at-09.13.38_2026-02-01_12-28-08-1024x576.webp?resize=1024%2C576&#038;ssl=1\" alt=\"Sol \" class=\"wp-image-144163\" title=\"Sol ou chuva no Dia Internacional da Mulher? Confira a previs\u00e3o em Ribeir\u00e3o Preto 1\" srcset=\"https:\/\/cdn.media-acidadeon.com.br\/ribeiraopreto\/wp-content\/uploads\/sites\/3\/2026\/02\/WhatsApp-Image-2026-02-01-at-09.13.38_2026-02-01_12-28-08-1024x576.webp 1024w, https:\/\/cdn.media-acidadeon.com.br\/ribeiraopreto\/wp-content\/uploads\/sites\/3\/2026\/02\/WhatsApp-Image-2026-02-01-at-09.13.38_2026-02-01_12-28-08-300x169.webp 300w, https:\/\/cdn.media-acidadeon.com.br\/ribeiraopreto\/wp-content\/uploads\/sites\/3\/2026\/02\/WhatsApp-Image-2026-02-01-at-09.13.38_2026-02-01_12-28-08-768x432.webp 768w, https:\/\/cdn.media-acidadeon.com.br\/ribeiraopreto\/wp-content\/uploads\/sites\/3\/2026\/02\/WhatsApp-Image-2026-02-01-at-09.13.38_2026-02-01_12-28-08-696x392.webp 696w, https:\/\/cdn.media-acidadeon.com.br\/ribeiraopreto\/wp-content\/uploads\/sites\/3\/2026\/02\/WhatsApp-Image-2026-02-01-at-09.13.38_2026-02-01_12-28-08-1068x601.webp 1068w, https:\/\/cdn.media-acidadeon.com.br\/ribeiraopreto\/wp-content\/uploads\/sites\/3\/2026\/02\/WhatsApp-Image-2026-02-01-at-09.13.38_2026-02-01_12-28-08.webp 1200w\" sizes=\"(max-width: 1024px) 100vw, 1024px\"\/><figcaption class=\"wp-element-caption\">Sol entre nuvens em Ribeir\u00e3o Preto \u2013 Foto: Mariana Queiroz<\/figcaption><\/figure>\n<\/div>\n<h3 class=\"wp-block-heading\"><strong>Inmet emite alerta de chuvas intensas<\/strong><\/h3>\n<p>O <strong>Instituto Nacional de Meteorologia (INMET)<\/strong> publicou um <strong>aviso de chuvas intensas com grau de severidade classificado como \u201cPerigo Potencial\u201d<\/strong> para Ribeir\u00e3o Preto e regi\u00e3o.<\/p>\n<p>O alerta <strong>come\u00e7a \u00e0s 10h deste domingo (8)<\/strong> e segue <strong>at\u00e9 \u00e0s 10h de segunda-feira (9)<\/strong>.<\/p>\n<p>De acordo com o instituto, a previs\u00e3o aponta para:<\/p>\n<ul class=\"wp-block-list\">\n<li><strong>chuvas entre 20 e 30 mil\u00edmetros por hora<\/strong>, podendo chegar a <strong>at\u00e9 50 mil\u00edmetros ao longo do dia<\/strong><\/li>\n<li><strong>ventos intensos entre 40 km\/h e 60 km\/h<\/strong><\/li>\n<\/ul>\n<div class=\"wp-block-image\">\n<figure class=\"aligncenter size-full\"><img data-recalc-dims=\"1\" loading=\"lazy\" decoding=\"async\" width=\"750\" height=\"707\" src=\"https:\/\/i0.wp.com\/cdn.media-acidadeon.com.br\/ribeiraopreto\/wp-content\/uploads\/sites\/3\/2026\/03\/rjhpweo_2026-03-08_12-41-18.webp?resize=750%2C707&#038;ssl=1\" alt=\"rjhpweo 2026 03 08 12 41 18\" class=\"wp-image-148120\" title=\"Sol ou chuva no Dia Internacional da Mulher? Confira a previs\u00e3o em Ribeir\u00e3o Preto 2\" srcset=\"https:\/\/cdn.media-acidadeon.com.br\/ribeiraopreto\/wp-content\/uploads\/sites\/3\/2026\/03\/rjhpweo_2026-03-08_12-41-18.webp 750w, https:\/\/cdn.media-acidadeon.com.br\/ribeiraopreto\/wp-content\/uploads\/sites\/3\/2026\/03\/rjhpweo_2026-03-08_12-41-18-300x283.webp 300w, https:\/\/cdn.media-acidadeon.com.br\/ribeiraopreto\/wp-content\/uploads\/sites\/3\/2026\/03\/rjhpweo_2026-03-08_12-41-18-696x656.webp 696w\" sizes=\"auto, (max-width: 750px) 100vw, 750px\"\/><figcaption class=\"wp-element-caption\">Reprodu\u00e7\u00e3o\/Inmet<\/figcaption><\/figure>\n<\/div>\n<h3 class=\"wp-block-heading\"><strong>Poss\u00edveis impactos<\/strong><\/h3>\n<p>Segundo o INMET, h\u00e1 <strong>baixo risco<\/strong> para ocorr\u00eancias como:<\/p>\n<ul class=\"wp-block-list\">\n<li>corte de energia el\u00e9trica<\/li>\n<li>queda de galhos de \u00e1rvores<\/li>\n<li>alagamentos pontuais<\/li>\n<li>descargas el\u00e9tricas<\/li>\n<\/ul>\n<p>Mesmo com o risco considerado baixo, o instituto recomenda <strong>aten\u00e7\u00e3o durante pancadas de chuva e rajadas de vento<\/strong>, principalmente em \u00e1reas abertas e pr\u00f3ximas a \u00e1rvores.<\/p>\n<hr class=\"wp-block-separator has-alpha-channel-opacity\"\/>\n<p>SAIBA MAIS<\/p>\n<p>Engenheiro aponta a\u00e7\u00f5es para melhorar tr\u00e2nsito no acesso \u00e0 Vargas pela rodovia de Bonfim Paulista<\/p>\n<p><strong>FIQUE ON<\/strong><\/p>\n<p>Fique ligado em tudo que acontece em Ribeir\u00e3o Preto e regi\u00e3o. Siga os perfis do<strong>\u00a0acidade on<\/strong>\u00a0no\u00a0<a href=\"https:\/\/www.instagram.com\/acidadeonribeirao\" target=\"_blank\" rel=\"noreferrer noopener\">Instagram<\/a>\u00a0e no\u00a0<a href=\"https:\/\/www.facebook.com\/acidadeonribeirao\/\" target=\"_blank\" rel=\"noreferrer noopener\">Facebook<\/a>.<\/p>\n<p>Receba not\u00edcias do<strong>\u00a0acidade on<\/strong>\u00a0no WhatsApp. Para entrar no grupo,\u00a0basta\u00a0<a href=\"https:\/\/chat.whatsapp.com\/GFH9HUMUTHNFJdnyEd0xxq\" target=\"_blank\" rel=\"noreferrer noopener\">clicar aqui<\/a>. Ou, acesse o nosso\u00a0Canal\u00a0<a href=\"https:\/\/whatsapp.com\/channel\/0029Vb6IQl1JENyAeS57fk2p\" target=\"_blank\" rel=\"noreferrer noopener\">clicando aqui<\/a>.<\/p>\n<p>Fa\u00e7a uma den\u00fancia ou sugira uma reportagem sobre Ribeir\u00e3o Preto e regi\u00e3o pelo WhatsApp: 16 99117 7802.<\/p>\n<p>VEJA TAMB\u00c9M<\/p>\n<p>Decora\u00e7\u00e3o pet friendly: 5 cuidados para garantir a seguran\u00e7a do seu animal<\/p>\n<p><!-- AI CONTENT END 1 -->\n<\/div>\n<\/div>\n<p><script async src=\"\/\/www.instagram.com\/embed.js\"><\/script><br \/>\n<br \/><br \/>\n<br \/><a href=\"https:\/\/www.acidadeon.com\/ribeiraopreto\/cotidiano\/sol-ou-chuva-no-dia-internacional-da-mulher-confira-a-previsao-em-ribeirao-preto\/\">Source link <\/a><\/p>\n<!-- CONTENT END 1 -->\n","protected":false},"excerpt":{"rendered":"<p>Neste domingo (8), Dia Internacional da Mulher, o tempo em Ribeir\u00e3o Preto deve ficar mais quente do que no s\u00e1bado (7). A previs\u00e3o indica m\u00ednima&#8230;<\/p>\n","protected":false},"author":1,"featured_media":83057,"comment_status":"open","ping_status":"open","sticky":false,"template":"","format":"standard","meta":{"advanced_seo_description":"","jetpack_seo_html_title":"","jetpack_seo_noindex":false,"jetpack_post_was_ever_published":false,"_jetpack_newsletter_access":"","_jetpack_dont_email_post_to_subs":false,"_jetpack_newsletter_tier_id":0,"_jetpack_memberships_contains_paywalled_content":false,"_jetpack_memberships_contains_paid_content":false,"footnotes":"","jetpack_publicize_message":"","jetpack_publicize_feature_enabled":true,"jetpack_social_post_already_shared":true,"jetpack_social_options":{"image_generator_settings":{"template":"highway","default_image_id":0,"font":"","enabled":false},"version":2}},"categories":[11],"tags":[],"class_list":["post-83056","post","type-post","status-publish","format-standard","has-post-thumbnail","hentry","category-noticias-de-ribeirao-preto-sp-e-regiao-ismael-colosi"],"jetpack_publicize_connections":[],"jetpack_featured_media_url":"https:\/\/i0.wp.com\/noticiasribeiraopreto.com.br\/wp-content\/uploads\/2026\/03\/tempo-ribeirao-preto-7_2026-01-25_12-45-08.webp.webp?fit=1200%2C900&ssl=1","jetpack-related-posts":[{"id":69197,"url":"https:\/\/noticiasribeiraopreto.com.br\/index.php\/2025\/05\/03\/sol-com-aumento-de-nuvens-veja-previsao-do-tempo-para-o-final-de-semana-em-ribeirao\/","url_meta":{"origin":83056,"position":0},"title":"Sol com aumento de nuvens: Veja previs\u00e3o do tempo para o final de semana em Ribeir\u00e3o","author":"noticiasribeiraopreto.com.br","date":"3 de May de 2025","format":false,"excerpt":"Ribeir\u00e3o Preto ter\u00e1 um s\u00e1bado (3) de tempo est\u00e1vel, ou seja, dia de sol com aumento de nuvens durante \u00e0 tarde e \u00e0 noite. De acordo com a Climatempo, as manh\u00e3s e noites seguem frias, enquanto as tardes s\u00e3o mais quentes. Portanto, as temperaturas devem variar entre 17\u00baC e 27\u00baC.\u2026","rel":"","context":"In &quot;Not\u00edcias de Ribeir\u00e3o Preto-SP e Regi\u00e3o&quot;","block_context":{"text":"Not\u00edcias de Ribeir\u00e3o Preto-SP e Regi\u00e3o","link":"https:\/\/noticiasribeiraopreto.com.br\/index.php\/category\/noticias-de-ribeirao-preto-sp-e-regiao-ismael-colosi\/"},"img":{"alt_text":"","src":"https:\/\/i0.wp.com\/noticiasribeiraopreto.com.br\/wp-content\/uploads\/2025\/05\/WhatsApp-Image-2025-05-03-at-09.42.39_2025-05-03_12-42-48.webp.webp?fit=1200%2C900&ssl=1&resize=350%2C200","width":350,"height":200,"srcset":"https:\/\/i0.wp.com\/noticiasribeiraopreto.com.br\/wp-content\/uploads\/2025\/05\/WhatsApp-Image-2025-05-03-at-09.42.39_2025-05-03_12-42-48.webp.webp?fit=1200%2C900&ssl=1&resize=350%2C200 1x, https:\/\/i0.wp.com\/noticiasribeiraopreto.com.br\/wp-content\/uploads\/2025\/05\/WhatsApp-Image-2025-05-03-at-09.42.39_2025-05-03_12-42-48.webp.webp?fit=1200%2C900&ssl=1&resize=525%2C300 1.5x, https:\/\/i0.wp.com\/noticiasribeiraopreto.com.br\/wp-content\/uploads\/2025\/05\/WhatsApp-Image-2025-05-03-at-09.42.39_2025-05-03_12-42-48.webp.webp?fit=1200%2C900&ssl=1&resize=700%2C400 2x, https:\/\/i0.wp.com\/noticiasribeiraopreto.com.br\/wp-content\/uploads\/2025\/05\/WhatsApp-Image-2025-05-03-at-09.42.39_2025-05-03_12-42-48.webp.webp?fit=1200%2C900&ssl=1&resize=1050%2C600 3x"},"classes":[]},{"id":9278,"url":"https:\/\/noticiasribeiraopreto.com.br\/index.php\/2023\/12\/01\/como-fica-o-tempo-em-dezembro-veja-a-previsao-para-o-interior-de-sp\/","url_meta":{"origin":83056,"position":1},"title":"Como fica o tempo em dezembro? Veja a previs\u00e3o para o interior de SP","author":"noticiasribeiraopreto.com.br","date":"1 de December de 2023","format":false,"excerpt":"O m\u00eas de dezembro dever\u00e1 ser de chuva com temperaturas acima da m\u00e9dia em todo o estado de S\u00e3o Paulo, de acordo com o Inmet (Instituto Nacional de Meteorologia). Os dias devem ser de sol com aumento de nuvens e pancadas de chuva \u00e0 tarde e \u00e0 noite. Essas instabilidades\u2026","rel":"","context":"In &quot;Not\u00edcias de Ribeir\u00e3o Preto-SP e Regi\u00e3o&quot;","block_context":{"text":"Not\u00edcias de Ribeir\u00e3o Preto-SP e Regi\u00e3o","link":"https:\/\/noticiasribeiraopreto.com.br\/index.php\/category\/noticias-de-ribeirao-preto-sp-e-regiao-ismael-colosi\/"},"img":{"alt_text":"","src":"https:\/\/i0.wp.com\/noticiasribeiraopreto.com.br\/wp-content\/uploads\/2023\/12\/WhatsApp-Image-2023-11-24-at-11.08.54.jpeg?fit=1200%2C523&ssl=1&resize=350%2C200","width":350,"height":200,"srcset":"https:\/\/i0.wp.com\/noticiasribeiraopreto.com.br\/wp-content\/uploads\/2023\/12\/WhatsApp-Image-2023-11-24-at-11.08.54.jpeg?fit=1200%2C523&ssl=1&resize=350%2C200 1x, https:\/\/i0.wp.com\/noticiasribeiraopreto.com.br\/wp-content\/uploads\/2023\/12\/WhatsApp-Image-2023-11-24-at-11.08.54.jpeg?fit=1200%2C523&ssl=1&resize=525%2C300 1.5x, https:\/\/i0.wp.com\/noticiasribeiraopreto.com.br\/wp-content\/uploads\/2023\/12\/WhatsApp-Image-2023-11-24-at-11.08.54.jpeg?fit=1200%2C523&ssl=1&resize=700%2C400 2x, https:\/\/i0.wp.com\/noticiasribeiraopreto.com.br\/wp-content\/uploads\/2023\/12\/WhatsApp-Image-2023-11-24-at-11.08.54.jpeg?fit=1200%2C523&ssl=1&resize=1050%2C600 3x"},"classes":[]},{"id":79491,"url":"https:\/\/noticiasribeiraopreto.com.br\/index.php\/2025\/11\/02\/a-chuva-continua-veja-a-previsao-do-tempo-para-ribeirao-preto-nos-proximos-dias\/","url_meta":{"origin":83056,"position":2},"title":"A chuva continua? Veja a previs\u00e3o do tempo para Ribeir\u00e3o Preto nos pr\u00f3ximos dias","author":"noticiasribeiraopreto.com.br","date":"2 de November de 2025","format":false,"excerpt":"A chuva deve continuar em Ribeir\u00e3o Preto ao longo da pr\u00f3xima semana, segundo a previs\u00e3o do tempo. A Climatempo aponta para possibilidade de pancadas de chuva entre segunda-feira (3) e s\u00e1bado (8). Confira: Previs\u00e3o do tempo para Ribeir\u00e3o Preto: Segunda-feira, 3 de novembroM\u00e1xima: 26\u00b0CM\u00ednima: 21\u00b0CChuvoso de manh\u00e3 e \u00e0 noite.\u2026","rel":"","context":"In &quot;Not\u00edcias de Ribeir\u00e3o Preto-SP e Regi\u00e3o&quot;","block_context":{"text":"Not\u00edcias de Ribeir\u00e3o Preto-SP e Regi\u00e3o","link":"https:\/\/noticiasribeiraopreto.com.br\/index.php\/category\/noticias-de-ribeirao-preto-sp-e-regiao-ismael-colosi\/"},"img":{"alt_text":"","src":"https:\/\/i0.wp.com\/noticiasribeiraopreto.com.br\/wp-content\/uploads\/2025\/11\/palace-3_2025-10-31_19-55-22.webp.webp?fit=1200%2C675&ssl=1&resize=350%2C200","width":350,"height":200,"srcset":"https:\/\/i0.wp.com\/noticiasribeiraopreto.com.br\/wp-content\/uploads\/2025\/11\/palace-3_2025-10-31_19-55-22.webp.webp?fit=1200%2C675&ssl=1&resize=350%2C200 1x, https:\/\/i0.wp.com\/noticiasribeiraopreto.com.br\/wp-content\/uploads\/2025\/11\/palace-3_2025-10-31_19-55-22.webp.webp?fit=1200%2C675&ssl=1&resize=525%2C300 1.5x, https:\/\/i0.wp.com\/noticiasribeiraopreto.com.br\/wp-content\/uploads\/2025\/11\/palace-3_2025-10-31_19-55-22.webp.webp?fit=1200%2C675&ssl=1&resize=700%2C400 2x, https:\/\/i0.wp.com\/noticiasribeiraopreto.com.br\/wp-content\/uploads\/2025\/11\/palace-3_2025-10-31_19-55-22.webp.webp?fit=1200%2C675&ssl=1&resize=1050%2C600 3x"},"classes":[]},{"id":65722,"url":"https:\/\/noticiasribeiraopreto.com.br\/index.php\/2025\/03\/23\/semana-comeca-com-chuva-em-ribeirao-preto-confira-a-previsao-do-tempo\/","url_meta":{"origin":83056,"position":3},"title":"Semana come\u00e7a com chuva em Ribeir\u00e3o Preto; Confira a previs\u00e3o do tempo","author":"noticiasribeiraopreto.com.br","date":"23 de March de 2025","format":false,"excerpt":"Chove em alguns bairros de Ribeir\u00e3o Preto no final da tarde deste domingo (23). De acordo com a Climatempo, a previs\u00e3o \u00e9 que a chuva continue na pr\u00f3xima segunda-feira (24), o que pode deixar as temperaturas mais amenas. Os meteorologistas apontam que a semana come\u00e7a chuvosa, com aberturas de Sol\u2026","rel":"","context":"In &quot;Not\u00edcias de Ribeir\u00e3o Preto-SP e Regi\u00e3o&quot;","block_context":{"text":"Not\u00edcias de Ribeir\u00e3o Preto-SP e Regi\u00e3o","link":"https:\/\/noticiasribeiraopreto.com.br\/index.php\/category\/noticias-de-ribeirao-preto-sp-e-regiao-ismael-colosi\/"},"img":{"alt_text":"","src":"https:\/\/i0.wp.com\/noticiasribeiraopreto.com.br\/wp-content\/uploads\/2025\/03\/CHUVA-RIBEIRAO-PRETO_2025-03-23_20-40-26_jpg_2025-03-23_20-40-26.webp.webp?fit=1030%2C644&ssl=1&resize=350%2C200","width":350,"height":200,"srcset":"https:\/\/i0.wp.com\/noticiasribeiraopreto.com.br\/wp-content\/uploads\/2025\/03\/CHUVA-RIBEIRAO-PRETO_2025-03-23_20-40-26_jpg_2025-03-23_20-40-26.webp.webp?fit=1030%2C644&ssl=1&resize=350%2C200 1x, https:\/\/i0.wp.com\/noticiasribeiraopreto.com.br\/wp-content\/uploads\/2025\/03\/CHUVA-RIBEIRAO-PRETO_2025-03-23_20-40-26_jpg_2025-03-23_20-40-26.webp.webp?fit=1030%2C644&ssl=1&resize=525%2C300 1.5x, https:\/\/i0.wp.com\/noticiasribeiraopreto.com.br\/wp-content\/uploads\/2025\/03\/CHUVA-RIBEIRAO-PRETO_2025-03-23_20-40-26_jpg_2025-03-23_20-40-26.webp.webp?fit=1030%2C644&ssl=1&resize=700%2C400 2x"},"classes":[]},{"id":81917,"url":"https:\/\/noticiasribeiraopreto.com.br\/index.php\/2026\/01\/30\/chuva-marca-a-madrugada-em-ribeirao-e-tempo-segue-instavel-ao-longo-do-dia-veja-previsao\/","url_meta":{"origin":83056,"position":4},"title":"Chuva marca a madrugada em Ribeir\u00e3o e tempo segue inst\u00e1vel ao longo do dia; Veja previs\u00e3o","author":"noticiasribeiraopreto.com.br","date":"30 de January de 2026","format":false,"excerpt":"A sexta-feira (30) come\u00e7ou com chuva em Ribeir\u00e3o Preto. Segundo dados do Cemaden (Centro Nacional de Monitoramento e Alertas de Desastres Naturais), o acumulado durante a madrugada chegou a 26,2 mil\u00edmetros. Apesar do cen\u00e1rio logo nas primeiras horas do dia, o sol deve aparecer entre nuvens ao longo da manh\u00e3.\u2026","rel":"","context":"In &quot;Not\u00edcias de Ribeir\u00e3o Preto-SP e Regi\u00e3o&quot;","block_context":{"text":"Not\u00edcias de Ribeir\u00e3o Preto-SP e Regi\u00e3o","link":"https:\/\/noticiasribeiraopreto.com.br\/index.php\/category\/noticias-de-ribeirao-preto-sp-e-regiao-ismael-colosi\/"},"img":{"alt_text":"","src":"https:\/\/i0.wp.com\/noticiasribeiraopreto.com.br\/wp-content\/uploads\/2026\/01\/WhatsApp-Image-2024-11-01-at-14.50.17_2024-11-01_18-07-06_jpeg_2024-11-01_18-07-06.webp.webp?fit=1200%2C900&ssl=1&resize=350%2C200","width":350,"height":200,"srcset":"https:\/\/i0.wp.com\/noticiasribeiraopreto.com.br\/wp-content\/uploads\/2026\/01\/WhatsApp-Image-2024-11-01-at-14.50.17_2024-11-01_18-07-06_jpeg_2024-11-01_18-07-06.webp.webp?fit=1200%2C900&ssl=1&resize=350%2C200 1x, https:\/\/i0.wp.com\/noticiasribeiraopreto.com.br\/wp-content\/uploads\/2026\/01\/WhatsApp-Image-2024-11-01-at-14.50.17_2024-11-01_18-07-06_jpeg_2024-11-01_18-07-06.webp.webp?fit=1200%2C900&ssl=1&resize=525%2C300 1.5x, https:\/\/i0.wp.com\/noticiasribeiraopreto.com.br\/wp-content\/uploads\/2026\/01\/WhatsApp-Image-2024-11-01-at-14.50.17_2024-11-01_18-07-06_jpeg_2024-11-01_18-07-06.webp.webp?fit=1200%2C900&ssl=1&resize=700%2C400 2x, https:\/\/i0.wp.com\/noticiasribeiraopreto.com.br\/wp-content\/uploads\/2026\/01\/WhatsApp-Image-2024-11-01-at-14.50.17_2024-11-01_18-07-06_jpeg_2024-11-01_18-07-06.webp.webp?fit=1200%2C900&ssl=1&resize=1050%2C600 3x"},"classes":[]},{"id":69101,"url":"https:\/\/noticiasribeiraopreto.com.br\/index.php\/2025\/05\/02\/confira-como-fica-o-tempo-no-primeiro-fim-de-semana-de-maio-em-ribeirao-preto\/","url_meta":{"origin":83056,"position":5},"title":"Confira como fica o tempo no primeiro fim de semana de maio em Ribeir\u00e3o Preto","author":"noticiasribeiraopreto.com.br","date":"2 de May de 2025","format":false,"excerpt":"O primeiro fim de semana do m\u00eas de maio tem previs\u00e3o de tempo est\u00e1vel na regi\u00e3o de Ribeir\u00e3o Preto. Segundo a Climatempo, as manh\u00e3s e noites seguem frias, enquanto as tardes s\u00e3o mais quentes. O sol predomina e n\u00e3o h\u00e1 previs\u00e3o de chuva pelo mensos at\u00e9 o in\u00edcio da pr\u00f3xima\u2026","rel":"","context":"In &quot;Not\u00edcias de Ribeir\u00e3o Preto-SP e Regi\u00e3o&quot;","block_context":{"text":"Not\u00edcias de Ribeir\u00e3o Preto-SP e Regi\u00e3o","link":"https:\/\/noticiasribeiraopreto.com.br\/index.php\/category\/noticias-de-ribeirao-preto-sp-e-regiao-ismael-colosi\/"},"img":{"alt_text":"","src":"https:\/\/i0.wp.com\/noticiasribeiraopreto.com.br\/wp-content\/uploads\/2025\/03\/ribeirao-preto-aerea_2025-03-21_20-24-22_jpg_2025-03-21_20-24-23.webp.webp?fit=1200%2C800&ssl=1&resize=350%2C200","width":350,"height":200,"srcset":"https:\/\/i0.wp.com\/noticiasribeiraopreto.com.br\/wp-content\/uploads\/2025\/03\/ribeirao-preto-aerea_2025-03-21_20-24-22_jpg_2025-03-21_20-24-23.webp.webp?fit=1200%2C800&ssl=1&resize=350%2C200 1x, https:\/\/i0.wp.com\/noticiasribeiraopreto.com.br\/wp-content\/uploads\/2025\/03\/ribeirao-preto-aerea_2025-03-21_20-24-22_jpg_2025-03-21_20-24-23.webp.webp?fit=1200%2C800&ssl=1&resize=525%2C300 1.5x, https:\/\/i0.wp.com\/noticiasribeiraopreto.com.br\/wp-content\/uploads\/2025\/03\/ribeirao-preto-aerea_2025-03-21_20-24-22_jpg_2025-03-21_20-24-23.webp.webp?fit=1200%2C800&ssl=1&resize=700%2C400 2x, https:\/\/i0.wp.com\/noticiasribeiraopreto.com.br\/wp-content\/uploads\/2025\/03\/ribeirao-preto-aerea_2025-03-21_20-24-22_jpg_2025-03-21_20-24-23.webp.webp?fit=1200%2C800&ssl=1&resize=1050%2C600 3x"},"classes":[]}],"jetpack_sharing_enabled":true,"jetpack_shortlink":"https:\/\/wp.me\/peQAOb-lBC","_links":{"self":[{"href":"https:\/\/noticiasribeiraopreto.com.br\/index.php\/wp-json\/wp\/v2\/posts\/83056","targetHints":{"allow":["GET"]}}],"collection":[{"href":"https:\/\/noticiasribeiraopreto.com.br\/index.php\/wp-json\/wp\/v2\/posts"}],"about":[{"href":"https:\/\/noticiasribeiraopreto.com.br\/index.php\/wp-json\/wp\/v2\/types\/post"}],"author":[{"embeddable":true,"href":"https:\/\/noticiasribeiraopreto.com.br\/index.php\/wp-json\/wp\/v2\/users\/1"}],"replies":[{"embeddable":true,"href":"https:\/\/noticiasribeiraopreto.com.br\/index.php\/wp-json\/wp\/v2\/comments?post=83056"}],"version-history":[{"count":0,"href":"https:\/\/noticiasribeiraopreto.com.br\/index.php\/wp-json\/wp\/v2\/posts\/83056\/revisions"}],"wp:featuredmedia":[{"embeddable":true,"href":"https:\/\/noticiasribeiraopreto.com.br\/index.php\/wp-json\/wp\/v2\/media\/83057"}],"wp:attachment":[{"href":"https:\/\/noticiasribeiraopreto.com.br\/index.php\/wp-json\/wp\/v2\/media?parent=83056"}],"wp:term":[{"taxonomy":"category","embeddable":true,"href":"https:\/\/noticiasribeiraopreto.com.br\/index.php\/wp-json\/wp\/v2\/categories?post=83056"},{"taxonomy":"post_tag","embeddable":true,"href":"https:\/\/noticiasribeiraopreto.com.br\/index.php\/wp-json\/wp\/v2\/tags?post=83056"}],"curies":[{"name":"wp","href":"https:\/\/api.w.org\/{rel}","templated":true}]}}