{"id":83058,"date":"2026-03-08T10:11:48","date_gmt":"2026-03-08T13:11:48","guid":{"rendered":"https:\/\/noticiasribeiraopreto.com.br\/index.php\/2026\/03\/08\/saude-municipal-podera-fazer-perguntas-sobre-sexualidade\/"},"modified":"2026-03-08T10:11:48","modified_gmt":"2026-03-08T13:11:48","slug":"saude-municipal-podera-fazer-perguntas-sobre-sexualidade","status":"publish","type":"post","link":"https:\/\/noticiasribeiraopreto.com.br\/index.php\/2026\/03\/08\/saude-municipal-podera-fazer-perguntas-sobre-sexualidade\/","title":{"rendered":"Sa\u00fade municipal poder\u00e1 fazer perguntas sobre sexualidade"},"content":{"rendered":"<div class='code-block code-block-1' style='margin: 8px 0 8px auto; text-align: right; display: block; clear: both;'>\n<p><a href=\"https:\/\/wa.link\/vpicfd\"><img data-recalc-dims=\"1\" class=\"wp-image-4922\" style=\"aspect-ratio: 2.0253164556962027; width: 561px; height: auto;\" src=\"https:\/\/i0.wp.com\/ismaelcolosi.com.br\/wp-content\/uploads\/2023\/11\/grupo-de-empregos-whatsapp-e-facebook-ismael-colosi-vagas.jpg?ssl=1\" alt=\"\" \/><\/a><\/p>\n<!-- \/wp:image -->\n<\/div>\n<p> <br \/>\n<\/p>\n<div>\n<p>Um projeto de lei em an\u00e1lise na C\u00e2mara de Vereadores de Ribeir\u00e3o Preto pretende incluir perguntas sobre a sexualidade e transgeneridade no atendimento realizado nos servi\u00e7os de sa\u00fade municipais de Ribeir\u00e3o Preto.<\/p>\n<p>Segundo a proposta, as Unidades Municipais de Sa\u00fade (UBS), incluindo os servi\u00e7os da administra\u00e7\u00e3o direta e indireta, devem incluir em seus prontu\u00e1rios e sistemas de cadastramento campos espec\u00edficos para a coleta de informa\u00e7\u00f5es sobre a orienta\u00e7\u00e3o sexual e a identidade de g\u00eanero dos pacientes.<\/p>\n<p>A coleta ser\u00e1 realizada mediante autodeclara\u00e7\u00e3o do paciente ou de seu respons\u00e1vel legal. Tamb\u00e9m ser\u00e1 vedada a negativa de atendimento em caso de recusa de resposta. O profissional de sa\u00fade respons\u00e1vel pelo atendimento dever\u00e1 informar ao paciente a finalidade estat\u00edstica e epidemiol\u00f3gica da coleta.<\/p>\n<p>As informa\u00e7\u00f5es coletadas dever\u00e3o ser utilizadas estritamente para o planejamento de pol\u00edticas p\u00fablicas de sa\u00fade, vigil\u00e2ncia epidemiol\u00f3gica e aprimoramento da assist\u00eancia humanizada.<\/p>\n<p>O projeto estabelece que o Poder P\u00fablico Municipal garantir\u00e1 o sigilo e a prote\u00e7\u00e3o dos dados coletados, sendo vedada a divulga\u00e7\u00e3o de informa\u00e7\u00f5es que possibilitem a identifica\u00e7\u00e3o individual dos pacientes em relat\u00f3rios p\u00fablicos.<\/p>\n<p>Tamb\u00e9m dever\u00e1 promover a capacita\u00e7\u00e3o peri\u00f3dica dos profissionais da rede municipal de sa\u00fade para a abordagem e coleta desses dados, assegurando o respeito \u00e0 dignidade da pessoa humana e a proibi\u00e7\u00e3o de pr\u00e1ticas discriminat\u00f3rias.<\/p>\n<p>Segundo a vereadora Duda Hidalgo (PT), autora do projeto de lei, o objetivo \u00e9 dotar a rede municipal de sa\u00fade de instrumentos t\u00e9cnicos capazes de mapear o perfil epidemiol\u00f3gico e social da popula\u00e7\u00e3o.<\/p>\n<p>\u201cA aus\u00eancia de dados oficiais sobre a orienta\u00e7\u00e3o sexual e a identidade de g\u00eanero nos atendimentos de sa\u00fade torna invis\u00edvel as demandas espec\u00edficas de diversos grupos, dificultando o planejamento de pol\u00edticas p\u00fablicas baseadas em evid\u00eancias cient\u00edficas. Trata-se de um avan\u00e7o na gest\u00e3o p\u00fablica da sa\u00fade em Ribeir\u00e3o Preto, alinhando o munic\u00edpio \u00e0s diretrizes nacionais de promo\u00e7\u00e3o da sa\u00fade integral e ao dever estatal de reduzir as desigualdades no acesso aos servi\u00e7os p\u00fablicos\u201d afirma a parlamentar na justificativa da proposta. O projeto n\u00e3o tem data para ser votado.<\/p>\n<h2\/>\n<h2><strong>Dados inexistentes<\/strong><\/h2>\n<p>N\u00e3o existem dados oficiais do n\u00famero de pessoas trans em Ribeir\u00e3o Preto. Entretanto, \u00e9 poss\u00edvel estimar o tamanho dessa popula\u00e7\u00e3o com base em dados de sa\u00fade, registros civis e proje\u00e7\u00f5es nacionais.<\/p>\n<p>Com base na estimativa da Associa\u00e7\u00e3o Nacional de Travestis e Transexuais (Antra) de que cerca de 2% da popula\u00e7\u00e3o brasileira \u00e9 trans, e considerando que Ribeir\u00e3o Preto possui aproximadamente 730 mil habitantes \u2013 estimativa populacional do Instituto Brasileiro de Geografia e Estat\u00edsticas (IBGE) -, a cidade teria cerca de 14.600 pessoas trans.<\/p>\n<p>\u00a0<\/p>\n<h3><strong>Ribeir\u00e3o tem Assist\u00eancia Especializada<\/strong><\/h3>\n<p>Segundo a Secretaria Municipal de Sa\u00fade, Ribeir\u00e3o Preto tem tr\u00eas centros de refer\u00eancia para o processo de afirma\u00e7\u00e3o de g\u00eanero e sa\u00fade integral. Um deles \u00e9 o Ambulat\u00f3rio de Diversidade Sexual (Unaerp\/Prefeitura), inaugurado em agosto de 2025, oferece cuidado integral com foco em hormoniza\u00e7\u00e3o, sa\u00fade reprodutiva, apoio psicol\u00f3gico e encaminhamentos para cirurgias. Funciona no Hospital Electro Bonini, da Universidade de Ribeir\u00e3o Preto (Unaerp) e recebe pacientes encaminhados pelas Unidades B\u00e1sicas de Sa\u00fade (UBS).<\/p>\n<p>J\u00e1 o Ambulat\u00f3rio de Incongru\u00eancia de G\u00eanero do Hospital das Cl\u00ednicas (HC\/RP) oferece acompanhamento multidisciplinar especializado. A cidade tem ainda, o Ambulat\u00f3rio do Centro de Sa\u00fade Escola (CSE) da Rua Cuiab\u00e1, no bairro Sumarezinho Cuiab\u00e1<\/p>\n<p>Em todos os equipamentos s\u00e3o oferecidos assist\u00eancia integral, tratamento hormonal e medicamentoso, exames gerais, como mamografia, colesterol, entre outros. Existe tamb\u00e9m o acompanhamento por psic\u00f3logo. \u00a0Para o atendimento, o paciente precisa ir at\u00e9 a UBS de seu bairro, onde ser\u00e1 feito o encaminhamento para um dos ambulat\u00f3rios.<\/p>\n<p>\u00a0<\/p>\n<h4><strong>Entidade lan\u00e7a dossi\u00ea sobre assassinatos de transexuais<\/strong><\/h4>\n<p>A Associa\u00e7\u00e3o Nacional de Travestis e Transexuais (Antra) lan\u00e7ou em janeiro deste ano a 9\u00aa edi\u00e7\u00e3o do Dossi\u00ea \u201cAssassinatos e viol\u00eancias contra transexuais e travestis no Brasil em 2025\u201d. Segundo o estudo, o Brasil aparece, pelo 18\u00ba ano consecutivo, como o pa\u00eds que mais mata pessoas trans no mundo, considerando aqueles que contabilizam esses dados.<\/p>\n<p>O relat\u00f3rio aponta que em 2025 foram 80 pessoas trans e travestis assassinadas no Brasil em crimes motivados por transfobia. Apesar do n\u00famero representar uma queda de 34% em rela\u00e7\u00e3o ao ano anterior, a Antra salienta que tal resultado se deve, entre outros fatores, \u00e0 dificuldade crescente de monitoramento e divulga\u00e7\u00e3o dos casos.<\/p>\n<p>Com rela\u00e7\u00e3o ao n\u00famero de assassinatos por estado, e Minas Gerais aparecem no topo do ranking, com oito casos cada. Bahia e Pernambuco empatam com sete registros de assassinatos. A regi\u00e3o Nordeste aparece com a maior concentra\u00e7\u00e3o de assassinatos em 2025, com 38 casos no total.<\/p>\n<p>O dado corrobora com o perfil frequente das v\u00edtimas identificado pela pesquisa: jovens negras e nordestinas. A m\u00e9dia de pessoas trans negras assassinadas foi de 77%, enquanto pessoas trans brancas se mantiveram em 22%. Pessoas ind\u00edgenas representam 1% dos casos. A pesquisa ainda aponta que uma pessoa trans jovem de at\u00e9 29 anos tem, em m\u00e9dia, 28% mais chances de ser assassinada do que uma pessoa trans de qualquer outra faixa et\u00e1ria<\/p>\n<p>Entre as recomenda\u00e7\u00f5es para o combate \u00e0 transfobia e a conscientiza\u00e7\u00e3o da popula\u00e7\u00e3o a respeito do assunto, o estuado defende a implementa\u00e7\u00e3o de cotas trans em universidades, institutos federais e concursos p\u00fablicos, al\u00e9m de salientar que as for\u00e7as de seguran\u00e7a devem combater a impunidade e a subnotifica\u00e7\u00e3o de abuso e viol\u00eancia contra pessoas LGBTQIA+.<\/p>\n<\/div>\n<p><br \/>\n<br \/><a href=\"https:\/\/www.tribunaribeirao.com.br\/saude-municipal-podera-fazer-perguntas-sobre-sexualidade\/\">Source link <\/a><\/p>\n<!-- CONTENT END 1 -->\n","protected":false},"excerpt":{"rendered":"<p>Um projeto de lei em an\u00e1lise na C\u00e2mara de Vereadores de Ribeir\u00e3o Preto pretende incluir perguntas sobre a sexualidade e transgeneridade no atendimento realizado nos&#8230;<\/p>\n","protected":false},"author":1,"featured_media":83059,"comment_status":"open","ping_status":"open","sticky":false,"template":"","format":"standard","meta":{"advanced_seo_description":"","jetpack_seo_html_title":"","jetpack_seo_noindex":false,"jetpack_post_was_ever_published":false,"_jetpack_newsletter_access":"","_jetpack_dont_email_post_to_subs":false,"_jetpack_newsletter_tier_id":0,"_jetpack_memberships_contains_paywalled_content":false,"_jetpack_memberships_contains_paid_content":false,"footnotes":"","jetpack_publicize_message":"","jetpack_publicize_feature_enabled":true,"jetpack_social_post_already_shared":true,"jetpack_social_options":{"image_generator_settings":{"template":"highway","default_image_id":0,"font":"","enabled":false},"version":2}},"categories":[11],"tags":[],"class_list":["post-83058","post","type-post","status-publish","format-standard","has-post-thumbnail","hentry","category-noticias-de-ribeirao-preto-sp-e-regiao-ismael-colosi"],"jetpack_publicize_connections":[],"jetpack_featured_media_url":"https:\/\/i0.wp.com\/noticiasribeiraopreto.com.br\/wp-content\/uploads\/2026\/03\/1_perguntas_UBS_trans_AlfredoRisk-scaled.jpeg?fit=1170%2C780&ssl=1","jetpack-related-posts":[{"id":60572,"url":"https:\/\/noticiasribeiraopreto.com.br\/index.php\/2024\/11\/18\/entenda-como-funciona-o-servico-de-telemedicina-na-rede-publica-de-ribeirao-preto\/","url_meta":{"origin":83058,"position":0},"title":"Entenda como funciona o servi\u00e7o de telemedicina na rede p\u00fablica de Ribeir\u00e3o Preto","author":"noticiasribeiraopreto.com.br","date":"18 de November de 2024","format":false,"excerpt":"O \u201cConecta SUS Ribeir\u00e3o\u201d, servi\u00e7o que oferece telemedicina, telenfermagem e atendimento de psicologia digital gratuitamente para usu\u00e1rios do Sistema \u00danico de Sa\u00fade (SUS), em Ribeir\u00e3o Preto, foi lan\u00e7ado oficialmente na manh\u00e3 desta segunda-feira (18). O Servi\u00e7o de Pronto Atendimento Digital (PAD) est\u00e1 dispon\u00edvel 24 horas, sete dias por semana, incluindo\u2026","rel":"","context":"In &quot;Not\u00edcias de Ribeir\u00e3o Preto-SP e Regi\u00e3o&quot;","block_context":{"text":"Not\u00edcias de Ribeir\u00e3o Preto-SP e Regi\u00e3o","link":"https:\/\/noticiasribeiraopreto.com.br\/index.php\/category\/noticias-de-ribeirao-preto-sp-e-regiao-ismael-colosi\/"},"img":{"alt_text":"","src":"https:\/\/i0.wp.com\/noticiasribeiraopreto.com.br\/wp-content\/uploads\/2024\/08\/hospital_2024-08-20_14-06-39_jpg_2024-08-20_14-06-39.webp.webp?fit=1200%2C800&ssl=1&resize=350%2C200","width":350,"height":200,"srcset":"https:\/\/i0.wp.com\/noticiasribeiraopreto.com.br\/wp-content\/uploads\/2024\/08\/hospital_2024-08-20_14-06-39_jpg_2024-08-20_14-06-39.webp.webp?fit=1200%2C800&ssl=1&resize=350%2C200 1x, https:\/\/i0.wp.com\/noticiasribeiraopreto.com.br\/wp-content\/uploads\/2024\/08\/hospital_2024-08-20_14-06-39_jpg_2024-08-20_14-06-39.webp.webp?fit=1200%2C800&ssl=1&resize=525%2C300 1.5x, https:\/\/i0.wp.com\/noticiasribeiraopreto.com.br\/wp-content\/uploads\/2024\/08\/hospital_2024-08-20_14-06-39_jpg_2024-08-20_14-06-39.webp.webp?fit=1200%2C800&ssl=1&resize=700%2C400 2x, https:\/\/i0.wp.com\/noticiasribeiraopreto.com.br\/wp-content\/uploads\/2024\/08\/hospital_2024-08-20_14-06-39_jpg_2024-08-20_14-06-39.webp.webp?fit=1200%2C800&ssl=1&resize=1050%2C600 3x"},"classes":[]},{"id":83263,"url":"https:\/\/noticiasribeiraopreto.com.br\/index.php\/2026\/03\/14\/paciente-denuncia-exposicao-de-resultado-positivo-para-hiv-em-upa-de-ribeirao-preto\/","url_meta":{"origin":83058,"position":1},"title":"Paciente denuncia exposi\u00e7\u00e3o de resultado positivo para HIV em UPA de Ribeir\u00e3o Preto","author":"noticiasribeiraopreto.com.br","date":"14 de March de 2026","format":false,"excerpt":"Um paciente de 23 anos registrou boletim de ocorr\u00eancia na Pol\u00edcia Civil ap\u00f3s relatar exposi\u00e7\u00e3o e constrangimento durante atendimento na Unidade de Pronto Atendimento (UPA) Oeste, em Ribeir\u00e3o Preto. Segundo o relato, profissionais da unidade confirmaram em voz alta o resultado positivo para HIV, diante de outras pessoas na \u00e1rea\u2026","rel":"","context":"In &quot;Not\u00edcias de Ribeir\u00e3o Preto-SP e Regi\u00e3o&quot;","block_context":{"text":"Not\u00edcias de Ribeir\u00e3o Preto-SP e Regi\u00e3o","link":"https:\/\/noticiasribeiraopreto.com.br\/index.php\/category\/noticias-de-ribeirao-preto-sp-e-regiao-ismael-colosi\/"},"img":{"alt_text":"","src":"https:\/\/i0.wp.com\/noticiasribeiraopreto.com.br\/wp-content\/uploads\/2026\/03\/palace-70_2026-03-13_21-15-40.webp.webp?fit=1200%2C675&ssl=1&resize=350%2C200","width":350,"height":200,"srcset":"https:\/\/i0.wp.com\/noticiasribeiraopreto.com.br\/wp-content\/uploads\/2026\/03\/palace-70_2026-03-13_21-15-40.webp.webp?fit=1200%2C675&ssl=1&resize=350%2C200 1x, https:\/\/i0.wp.com\/noticiasribeiraopreto.com.br\/wp-content\/uploads\/2026\/03\/palace-70_2026-03-13_21-15-40.webp.webp?fit=1200%2C675&ssl=1&resize=525%2C300 1.5x, https:\/\/i0.wp.com\/noticiasribeiraopreto.com.br\/wp-content\/uploads\/2026\/03\/palace-70_2026-03-13_21-15-40.webp.webp?fit=1200%2C675&ssl=1&resize=700%2C400 2x, https:\/\/i0.wp.com\/noticiasribeiraopreto.com.br\/wp-content\/uploads\/2026\/03\/palace-70_2026-03-13_21-15-40.webp.webp?fit=1200%2C675&ssl=1&resize=1050%2C600 3x"},"classes":[]},{"id":68752,"url":"https:\/\/noticiasribeiraopreto.com.br\/index.php\/2025\/04\/28\/atendimento-do-sus-em-sp-pode-ser-avaliado-por-whatsapp-veja-como\/","url_meta":{"origin":83058,"position":2},"title":"Atendimento do SUS em SP pode ser avaliado por WhatsApp; veja como","author":"noticiasribeiraopreto.com.br","date":"28 de April de 2025","format":false,"excerpt":"Pacientes do Sistema \u00danico de Sa\u00fade (SUS) em S\u00e3o Paulo passam a contar com um novo canal digital para avaliar o atendimento recebido nas unidades da rede p\u00fablica estadual. A iniciativa, lan\u00e7ada pela Secretaria de Estado da Sa\u00fade de S\u00e3o Paulo (SES-SP), nesta segunda-feira (28), utiliza o WhatsApp e o\u2026","rel":"","context":"In &quot;Not\u00edcias de Ribeir\u00e3o Preto-SP e Regi\u00e3o&quot;","block_context":{"text":"Not\u00edcias de Ribeir\u00e3o Preto-SP e Regi\u00e3o","link":"https:\/\/noticiasribeiraopreto.com.br\/index.php\/category\/noticias-de-ribeirao-preto-sp-e-regiao-ismael-colosi\/"},"img":{"alt_text":"","src":"https:\/\/i0.wp.com\/noticiasribeiraopreto.com.br\/wp-content\/uploads\/2025\/03\/sus_2025-03-23_15-26-55_jpg_2025-03-23_15-26-55.webp.webp?fit=763%2C457&ssl=1&resize=350%2C200","width":350,"height":200,"srcset":"https:\/\/i0.wp.com\/noticiasribeiraopreto.com.br\/wp-content\/uploads\/2025\/03\/sus_2025-03-23_15-26-55_jpg_2025-03-23_15-26-55.webp.webp?fit=763%2C457&ssl=1&resize=350%2C200 1x, https:\/\/i0.wp.com\/noticiasribeiraopreto.com.br\/wp-content\/uploads\/2025\/03\/sus_2025-03-23_15-26-55_jpg_2025-03-23_15-26-55.webp.webp?fit=763%2C457&ssl=1&resize=525%2C300 1.5x, https:\/\/i0.wp.com\/noticiasribeiraopreto.com.br\/wp-content\/uploads\/2025\/03\/sus_2025-03-23_15-26-55_jpg_2025-03-23_15-26-55.webp.webp?fit=763%2C457&ssl=1&resize=700%2C400 2x"},"classes":[]},{"id":50080,"url":"https:\/\/noticiasribeiraopreto.com.br\/index.php\/2024\/05\/14\/unidade-de-saude-inaugurada-no-centro-de-ribeirao-atende-pacientes-de-antigo-ps-central\/","url_meta":{"origin":83058,"position":3},"title":"Unidade de sa\u00fade inaugurada no Centro de Ribeir\u00e3o atende pacientes de antigo PS Central","author":"noticiasribeiraopreto.com.br","date":"14 de May de 2024","format":false,"excerpt":"A UBS (Unidade B\u00e1sica de Sa\u00fade) Centro \u201cDoutor Ant\u00f4nio Marcos de Barbin\u201d foi inaugurada nesta ter\u00e7a-feira (14). A nova unidade fica na rua S\u00e3o Jos\u00e9, 1.254, ao lado dos Correios, na \u00e1rea Central da cidade. Com a nova UBS em funcionamento, o fluxo de pacientes anteriormente atendidos na UBDS (Unidade\u2026","rel":"","context":"In &quot;Not\u00edcias de Ribeir\u00e3o Preto-SP e Regi\u00e3o&quot;","block_context":{"text":"Not\u00edcias de Ribeir\u00e3o Preto-SP e Regi\u00e3o","link":"https:\/\/noticiasribeiraopreto.com.br\/index.php\/category\/noticias-de-ribeirao-preto-sp-e-regiao-ismael-colosi\/"},"img":{"alt_text":"","src":"https:\/\/i0.wp.com\/noticiasribeiraopreto.com.br\/wp-content\/uploads\/2024\/05\/Copia-de-Copia-de-TAMANHO-EXATO-PARA-FOTOS-NO-SISTEMA-NOVO-1_2024-05-14_19-00-30_jpg_2024-05-14_19-00-30.webp.webp?fit=1200%2C675&ssl=1&resize=350%2C200","width":350,"height":200,"srcset":"https:\/\/i0.wp.com\/noticiasribeiraopreto.com.br\/wp-content\/uploads\/2024\/05\/Copia-de-Copia-de-TAMANHO-EXATO-PARA-FOTOS-NO-SISTEMA-NOVO-1_2024-05-14_19-00-30_jpg_2024-05-14_19-00-30.webp.webp?fit=1200%2C675&ssl=1&resize=350%2C200 1x, https:\/\/i0.wp.com\/noticiasribeiraopreto.com.br\/wp-content\/uploads\/2024\/05\/Copia-de-Copia-de-TAMANHO-EXATO-PARA-FOTOS-NO-SISTEMA-NOVO-1_2024-05-14_19-00-30_jpg_2024-05-14_19-00-30.webp.webp?fit=1200%2C675&ssl=1&resize=525%2C300 1.5x, https:\/\/i0.wp.com\/noticiasribeiraopreto.com.br\/wp-content\/uploads\/2024\/05\/Copia-de-Copia-de-TAMANHO-EXATO-PARA-FOTOS-NO-SISTEMA-NOVO-1_2024-05-14_19-00-30_jpg_2024-05-14_19-00-30.webp.webp?fit=1200%2C675&ssl=1&resize=700%2C400 2x, https:\/\/i0.wp.com\/noticiasribeiraopreto.com.br\/wp-content\/uploads\/2024\/05\/Copia-de-Copia-de-TAMANHO-EXATO-PARA-FOTOS-NO-SISTEMA-NOVO-1_2024-05-14_19-00-30_jpg_2024-05-14_19-00-30.webp.webp?fit=1200%2C675&ssl=1&resize=1050%2C600 3x"},"classes":[]},{"id":43347,"url":"https:\/\/noticiasribeiraopreto.com.br\/index.php\/2024\/03\/20\/veja-por-que-ubs-da-zona-oeste-de-ribeirao-interrompera-atendimentos-nesta-quinta-feira\/","url_meta":{"origin":83058,"position":4},"title":"Veja por que UBS da zona Oeste de Ribeir\u00e3o interromper\u00e1 atendimentos nesta quinta-feira","author":"noticiasribeiraopreto.com.br","date":"20 de March de 2024","format":false,"excerpt":"A Prefeitura de Ribeir\u00e3o Preto informou, nesta quarta-feira (20), que a Unidade B\u00e1sica de Sa\u00fade (UBS) Dr. \u00c1lvaro de Oliveira Paiva, localizada no Jardim Paiva, zona Oeste do munic\u00edpio, interromper\u00e1 os atendimentos nesta quinta-feira (21). De acordo com nota da Secretaria Municipal de Sa\u00fade do munic\u00edpio, o atendimento ser\u00e1 excepcionalmente\u2026","rel":"","context":"In &quot;Not\u00edcias de Ribeir\u00e3o Preto-SP e Regi\u00e3o&quot;","block_context":{"text":"Not\u00edcias de Ribeir\u00e3o Preto-SP e Regi\u00e3o","link":"https:\/\/noticiasribeiraopreto.com.br\/index.php\/category\/noticias-de-ribeirao-preto-sp-e-regiao-ismael-colosi\/"},"img":{"alt_text":"","src":"https:\/\/i0.wp.com\/noticiasribeiraopreto.com.br\/wp-content\/uploads\/2024\/03\/AnyConv.com__reforma_usf_jd_paiva_5.webp.webp?fit=1200%2C799&ssl=1&resize=350%2C200","width":350,"height":200,"srcset":"https:\/\/i0.wp.com\/noticiasribeiraopreto.com.br\/wp-content\/uploads\/2024\/03\/AnyConv.com__reforma_usf_jd_paiva_5.webp.webp?fit=1200%2C799&ssl=1&resize=350%2C200 1x, https:\/\/i0.wp.com\/noticiasribeiraopreto.com.br\/wp-content\/uploads\/2024\/03\/AnyConv.com__reforma_usf_jd_paiva_5.webp.webp?fit=1200%2C799&ssl=1&resize=525%2C300 1.5x, https:\/\/i0.wp.com\/noticiasribeiraopreto.com.br\/wp-content\/uploads\/2024\/03\/AnyConv.com__reforma_usf_jd_paiva_5.webp.webp?fit=1200%2C799&ssl=1&resize=700%2C400 2x, https:\/\/i0.wp.com\/noticiasribeiraopreto.com.br\/wp-content\/uploads\/2024\/03\/AnyConv.com__reforma_usf_jd_paiva_5.webp.webp?fit=1200%2C799&ssl=1&resize=1050%2C600 3x"},"classes":[]},{"id":62914,"url":"https:\/\/noticiasribeiraopreto.com.br\/index.php\/2025\/01\/28\/pacientes-com-sintomas-de-dengue-podem-procurar-qualquer-unidade-de-saude-em-ribeirao\/","url_meta":{"origin":83058,"position":5},"title":"Pacientes com sintomas de dengue podem procurar qualquer unidade de sa\u00fade em Ribeir\u00e3o","author":"noticiasribeiraopreto.com.br","date":"28 de January de 2025","format":false,"excerpt":"A partir desta ter\u00e7a-feira (28), pacientes com sintomas de dengue podem procurar qualquer unidade de sa\u00fade de Ribeir\u00e3o Preto para atendimento. A medida, que j\u00e1 entrou em vigor, foi anunciada pelo prefeito Ricardo Silva (PSD), durante coletiva de imprensa. O objetivo \u00e9 \u201cdesafogar\u201d as UPAs (Unidades de Pronto Atendimento) do\u2026","rel":"","context":"In &quot;Not\u00edcias de Ribeir\u00e3o Preto-SP e Regi\u00e3o&quot;","block_context":{"text":"Not\u00edcias de Ribeir\u00e3o Preto-SP e Regi\u00e3o","link":"https:\/\/noticiasribeiraopreto.com.br\/index.php\/category\/noticias-de-ribeirao-preto-sp-e-regiao-ismael-colosi\/"},"img":{"alt_text":"","src":"https:\/\/i0.wp.com\/noticiasribeiraopreto.com.br\/wp-content\/uploads\/2025\/01\/Copia-de-Copia-de-TAMANHO-EXATO-PARA-FOTOS-NO-SISTEMA-NOVO-13.jpg?fit=1200%2C675&ssl=1&resize=350%2C200","width":350,"height":200,"srcset":"https:\/\/i0.wp.com\/noticiasribeiraopreto.com.br\/wp-content\/uploads\/2025\/01\/Copia-de-Copia-de-TAMANHO-EXATO-PARA-FOTOS-NO-SISTEMA-NOVO-13.jpg?fit=1200%2C675&ssl=1&resize=350%2C200 1x, https:\/\/i0.wp.com\/noticiasribeiraopreto.com.br\/wp-content\/uploads\/2025\/01\/Copia-de-Copia-de-TAMANHO-EXATO-PARA-FOTOS-NO-SISTEMA-NOVO-13.jpg?fit=1200%2C675&ssl=1&resize=525%2C300 1.5x, https:\/\/i0.wp.com\/noticiasribeiraopreto.com.br\/wp-content\/uploads\/2025\/01\/Copia-de-Copia-de-TAMANHO-EXATO-PARA-FOTOS-NO-SISTEMA-NOVO-13.jpg?fit=1200%2C675&ssl=1&resize=700%2C400 2x, https:\/\/i0.wp.com\/noticiasribeiraopreto.com.br\/wp-content\/uploads\/2025\/01\/Copia-de-Copia-de-TAMANHO-EXATO-PARA-FOTOS-NO-SISTEMA-NOVO-13.jpg?fit=1200%2C675&ssl=1&resize=1050%2C600 3x"},"classes":[]}],"jetpack_sharing_enabled":true,"jetpack_shortlink":"https:\/\/wp.me\/peQAOb-lBE","_links":{"self":[{"href":"https:\/\/noticiasribeiraopreto.com.br\/index.php\/wp-json\/wp\/v2\/posts\/83058","targetHints":{"allow":["GET"]}}],"collection":[{"href":"https:\/\/noticiasribeiraopreto.com.br\/index.php\/wp-json\/wp\/v2\/posts"}],"about":[{"href":"https:\/\/noticiasribeiraopreto.com.br\/index.php\/wp-json\/wp\/v2\/types\/post"}],"author":[{"embeddable":true,"href":"https:\/\/noticiasribeiraopreto.com.br\/index.php\/wp-json\/wp\/v2\/users\/1"}],"replies":[{"embeddable":true,"href":"https:\/\/noticiasribeiraopreto.com.br\/index.php\/wp-json\/wp\/v2\/comments?post=83058"}],"version-history":[{"count":0,"href":"https:\/\/noticiasribeiraopreto.com.br\/index.php\/wp-json\/wp\/v2\/posts\/83058\/revisions"}],"wp:featuredmedia":[{"embeddable":true,"href":"https:\/\/noticiasribeiraopreto.com.br\/index.php\/wp-json\/wp\/v2\/media\/83059"}],"wp:attachment":[{"href":"https:\/\/noticiasribeiraopreto.com.br\/index.php\/wp-json\/wp\/v2\/media?parent=83058"}],"wp:term":[{"taxonomy":"category","embeddable":true,"href":"https:\/\/noticiasribeiraopreto.com.br\/index.php\/wp-json\/wp\/v2\/categories?post=83058"},{"taxonomy":"post_tag","embeddable":true,"href":"https:\/\/noticiasribeiraopreto.com.br\/index.php\/wp-json\/wp\/v2\/tags?post=83058"}],"curies":[{"name":"wp","href":"https:\/\/api.w.org\/{rel}","templated":true}]}}