{"id":8306,"date":"2023-11-29T21:41:56","date_gmt":"2023-11-30T00:41:56","guid":{"rendered":"https:\/\/noticiasribeiraopreto.com.br\/index.php\/2023\/11\/29\/incrivel-decisao-da-receita-pode-te-trazer-dinheiro-extra-ainda-este-mes\/"},"modified":"2023-11-29T21:41:56","modified_gmt":"2023-11-30T00:41:56","slug":"incrivel-decisao-da-receita-pode-te-trazer-dinheiro-extra-ainda-este-mes","status":"publish","type":"post","link":"https:\/\/noticiasribeiraopreto.com.br\/index.php\/2023\/11\/29\/incrivel-decisao-da-receita-pode-te-trazer-dinheiro-extra-ainda-este-mes\/","title":{"rendered":"INCR\u00cdVEL decis\u00e3o da Receita pode te trazer dinheiro EXTRA ainda este m\u00eas"},"content":{"rendered":"<div class='code-block code-block-1' style='margin: 8px 0 8px auto; text-align: right; display: block; clear: both;'>\n<p><a href=\"https:\/\/wa.link\/vpicfd\"><img data-recalc-dims=\"1\" class=\"wp-image-4922\" style=\"aspect-ratio: 2.0253164556962027; width: 561px; height: auto;\" src=\"https:\/\/i0.wp.com\/ismaelcolosi.com.br\/wp-content\/uploads\/2023\/11\/grupo-de-empregos-whatsapp-e-facebook-ismael-colosi-vagas.jpg?ssl=1\" alt=\"\" \/><\/a><\/p>\n<!-- \/wp:image -->\n<\/div>\n<p> <br \/>\n<\/p>\n<div>\n<p>De acordo com a Receita Federal, a consulta ao lote residual de restitui\u00e7\u00e3o do<a href=\"https:\/\/catracalivre.com.br\/cidadania\/atencao-mudanca-na-receita-atinge-todos-que-declaram-imposto-de-renda\/\"> Imposto de Renda<\/a> da Pessoa F\u00edsica (IRPF) do m\u00eas de novembro de 2023 pode ser feita desde quinta-feira, 23. Aqui voc\u00ea vai descobrir quando o lote extra ser\u00e1 pago.<\/p>\n<div id=\"attachment_2274830\" class=\"wp-caption aligncenter\">\n<div class=\"d-flex justify-content-center\" data-attachment-id=\"2274830\">\n<div class=\"position-relative d-inline-block\"><img data-recalc-dims=\"1\" data-portal-copyright=\"Istock\/Vergani_Fotografia\" decoding=\"async\" fetchpriority=\"high\" class=\"size-large wp-image-2274830\" src=\"https:\/\/i0.wp.com\/catracalivre.com.br\/wp-content\/uploads\/2023\/05\/istock-899392968-910x607.jpg?resize=910%2C607&#038;ssl=1\" alt=\"INCRIVEL decis\u00e3o da Receita pode te trazer dinheiro EXTRA ainda este m\u00eas\" width=\"910\" height=\"607\" srcset=\"https:\/\/catracalivre.com.br\/wp-content\/uploads\/2023\/05\/istock-899392968-910x607.jpg 910w, https:\/\/catracalivre.com.br\/wp-content\/uploads\/2023\/05\/istock-899392968-450x300.jpg 450w, https:\/\/catracalivre.com.br\/wp-content\/uploads\/2023\/05\/istock-899392968-768x512.jpg 768w\" sizes=\"(max-width: 910px) 100vw, 910px\"\/><\/p>\n<p>Cr\u00e9ditos: Istock\/Vergani_Fotografia<\/p>\n<\/div>\n<\/div>\n<p><span class=\"post-imagem__legenda\">INCRIVEL decis\u00e3o da Receita pode te trazer dinheiro EXTRA ainda este m\u00eas<\/span><\/p>\n<\/div>\n<p>Segundo a <a href=\"https:\/\/catracalivre.com.br\/cidadania\/receita-federal-tributarias\/\">Receita Federal<\/a>, o cr\u00e9dito banc\u00e1rio para 358.737 contribuintes ser\u00e1 realizado no dia 30 de novembro, no valor total de R$ 762.906.928,68. Desse total, R$ 524.811.239,34 referem-se aos que t\u00eam prioridade, sendo 5.774 idosos acima de 80 anos, 58.060 entre 60 e 79 anos, e 6.654 contribuintes com alguma defici\u00eancia f\u00edsica ou mental ou mol\u00e9stia grave.<\/p>\n<p>Tamb\u00e9m est\u00e3o na lista de prioridades da Receita Federal: 14.863 contribuintes cuja maior fonte de renda seja o <a href=\"https:\/\/catracalivre.com.br\/cidadania\/ministerio-da-educacao-eleva-o-piso-nacional-dos-professores\/\">magist\u00e9rio<\/a> e, por fim, 129.019 que n\u00e3o possuem prioridade legal, mas por terem utilizado a <a href=\"https:\/\/catracalivre.com.br\/cidadania\/imposto-de-renda-saiba-como-fazer-a-declaracao-pre-preenchida-usando-o-gov-br\/\">Declara\u00e7\u00e3o Pr\u00e9-preenchida<\/a> ou optado por receber a restitui\u00e7\u00e3o via <a href=\"https:\/\/catracalivre.com.br\/cidadania\/veja-o-que-muda-no-pix-com-as-novas-regras-anunciadas-pelo-bc\/\">PIX<\/a>. Foram contemplados ainda 144.367 contribuintes n\u00e3o priorit\u00e1rios.<\/p>\n<h2>Como consultar lote extra de restitui\u00e7\u00e3o<\/h2>\n<p>Para saber se a restitui\u00e7\u00e3o est\u00e1 dispon\u00edvel, a pessoa deve acessar a p\u00e1gina da Receita na\u00a0internet,\u00a0clicar em \u201c<a href=\"https:\/\/www.gov.br\/receitafederal\/pt-br\/assuntos\/meu-imposto-de-renda\" target=\"_blank\" rel=\"noopener\">Meu Imposto de Renda<\/a>\u201d e, em seguida, em \u201cConsultar a Restitui\u00e7\u00e3o\u201d.<\/p>\n<p>A p\u00e1gina da Receita apresenta orienta\u00e7\u00f5es e os canais de presta\u00e7\u00e3o do servi\u00e7o, permitindo consulta simplificada ou consulta completa da situa\u00e7\u00e3o da declara\u00e7\u00e3o, por meio do extrato de processamento, acessado no e-CAC.<\/p>\n<p>Se identificar alguma pend\u00eancia na declara\u00e7\u00e3o, o contribuinte pode retificar a declara\u00e7\u00e3o, corrigindo as informa\u00e7\u00f5es que porventura estejam equivocadas.<\/p>\n<p>O \u00f3rg\u00e3o disponibiliza, ainda, aplicativo para\u00a0tablets\u00a0e\u00a0smartphones\u00a0que possibilita consultar diretamente nas bases da Receita Federal informa\u00e7\u00f5es sobre libera\u00e7\u00e3o das restitui\u00e7\u00f5es do IRPF e a situa\u00e7\u00e3o cadastral de uma inscri\u00e7\u00e3o no CPF.<\/p>\n<h2>Pagamento da restitui\u00e7\u00e3o<\/h2>\n<p>O pagamento da restitui\u00e7\u00e3o \u00e9 realizado pela Receita Federal na conta banc\u00e1ria informada na Declara\u00e7\u00e3o de Imposto de Renda, de forma direta ou por indica\u00e7\u00e3o de chave PIX. Se, por algum motivo, o cr\u00e9dito n\u00e3o for realizado (por exemplo, a conta informada foi desativada), os valores ficar\u00e3o dispon\u00edveis para resgate por at\u00e9 1 (um) ano no Banco do Brasil.<\/p>\n<p>Neste caso, o cidad\u00e3o poder\u00e1 reagendar o cr\u00e9dito dos valores de forma simples e r\u00e1pida pelo Portal BB, acessando o\u00a0endere\u00e7o\u00a0ou ligando para a Central de Relacionamento BB por meio dos telefones 4004-0001 (capitais), 0800-729-0001 (demais localidades) e 0800-729-0088 (telefone especial exclusivo para deficientes auditivos).<\/p>\n<p>Caso o contribuinte n\u00e3o resgate o valor de sua restitui\u00e7\u00e3o no prazo de 1 (um) ano, dever\u00e1 requer\u00ea-lo pelo Portal e-CAC, dispon\u00edvel no\u00a0site\u00a0da Receita Federal, acessando o menu Declara\u00e7\u00f5es e Demonstrativos &gt; Meu Imposto de Renda e clicando em \u201cSolicitar restitui\u00e7\u00e3o n\u00e3o resgatada na rede banc\u00e1ria\u201d.<\/p>\n<p><em>Com informa\u00e7\u00f5es da Ag\u00eancia Brasil.<\/em><\/p>\n<\/div>\n<p><script>\n\t\t! function(f, b, e, v, n, t, s) {\n\t\t\tif (f.fbq) return;\n\t\t\tn = f.fbq = function() {\n\t\t\t\tn.callMethod ?\n\t\t\t\t\tn.callMethod.apply(n, arguments) : n.queue.push(arguments)\n\t\t\t};\n\t\t\tif (!f._fbq) f._fbq = n;\n\t\t\tn.push = n;\n\t\t\tn.loaded = !0;\n\t\t\tn.version = '2.0';\n\t\t\tn.queue = [];\n\t\t\tt = b.createElement(e);\n\t\t\tt.async = !0;\n\t\t\tt.src = v;\n\t\t\ts = b.getElementsByTagName(e)[0];\n\t\t\ts.parentNode.insertBefore(t, s)\n\t\t}(window, document, 'script',\n\t\t\t'https:\/\/connect.facebook.net\/en_US\/fbevents.js');\n\t\tfbq('init', '338315473262380');\n\t\tfbq('track', 'PageView');\n\t<\/script><br \/>\n<br \/><br \/>\n<br \/><a href=\"https:\/\/catracalivre.com.br\/cidadania\/incrivel-decisao-da-receita-pode-te-trazer-dinheiro-extra-ainda-este-mes\/\">Source link <\/a><\/p>\n<!-- CONTENT END 1 -->\n","protected":false},"excerpt":{"rendered":"<p>De acordo com a Receita Federal, a consulta ao lote residual de restitui\u00e7\u00e3o do Imposto de Renda da Pessoa F\u00edsica (IRPF) do m\u00eas de novembro&#8230;<\/p>\n","protected":false},"author":1,"featured_media":8307,"comment_status":"open","ping_status":"open","sticky":false,"template":"","format":"standard","meta":{"advanced_seo_description":"","jetpack_seo_html_title":"","jetpack_seo_noindex":false,"jetpack_post_was_ever_published":false,"_jetpack_newsletter_access":"","_jetpack_dont_email_post_to_subs":false,"_jetpack_newsletter_tier_id":0,"_jetpack_memberships_contains_paywalled_content":false,"_jetpack_memberships_contains_paid_content":false,"footnotes":"","jetpack_publicize_message":"","jetpack_publicize_feature_enabled":true,"jetpack_social_post_already_shared":true,"jetpack_social_options":{"image_generator_settings":{"template":"highway","default_image_id":0,"font":"","enabled":false},"version":2}},"categories":[19],"tags":[],"class_list":["post-8306","post","type-post","status-publish","format-standard","has-post-thumbnail","hentry","category-variedades"],"jetpack_publicize_connections":[],"jetpack_featured_media_url":"https:\/\/i0.wp.com\/noticiasribeiraopreto.com.br\/wp-content\/uploads\/2023\/11\/istock-899392968.jpg?fit=1200%2C638&ssl=1","jetpack-related-posts":[{"id":5274,"url":"https:\/\/noticiasribeiraopreto.com.br\/index.php\/2023\/11\/23\/receita-libera-hoje-consulta-a-lote-extra-de-restituicao\/","url_meta":{"origin":8306,"position":0},"title":"Receita libera HOJE consulta a lote EXTRA de restitui\u00e7\u00e3o","author":"noticiasribeiraopreto.com.br","date":"23 de November de 2023","format":false,"excerpt":"A consulta ao lote residual de restitui\u00e7\u00e3o do Imposto de Renda da Pessoa F\u00edsica (IRPF) do m\u00eas de novembro de 2023 poder\u00e1 ser feita, a partir das 10h desta quinta-feira, 23. Cr\u00e9ditos: Istock\/Sidney de AlmeidaIR 2023: Receita libera HOJE consulta a lote EXTRA de restitui\u00e7\u00e3o De acordo com a Receita\u2026","rel":"","context":"In &quot;Variedades&quot;","block_context":{"text":"Variedades","link":"https:\/\/noticiasribeiraopreto.com.br\/index.php\/category\/variedades\/"},"img":{"alt_text":"","src":"https:\/\/i0.wp.com\/noticiasribeiraopreto.com.br\/wp-content\/uploads\/2023\/11\/istock-1191983314.jpg?fit=1200%2C638&ssl=1&resize=350%2C200","width":350,"height":200,"srcset":"https:\/\/i0.wp.com\/noticiasribeiraopreto.com.br\/wp-content\/uploads\/2023\/11\/istock-1191983314.jpg?fit=1200%2C638&ssl=1&resize=350%2C200 1x, https:\/\/i0.wp.com\/noticiasribeiraopreto.com.br\/wp-content\/uploads\/2023\/11\/istock-1191983314.jpg?fit=1200%2C638&ssl=1&resize=525%2C300 1.5x, https:\/\/i0.wp.com\/noticiasribeiraopreto.com.br\/wp-content\/uploads\/2023\/11\/istock-1191983314.jpg?fit=1200%2C638&ssl=1&resize=700%2C400 2x, https:\/\/i0.wp.com\/noticiasribeiraopreto.com.br\/wp-content\/uploads\/2023\/11\/istock-1191983314.jpg?fit=1200%2C638&ssl=1&resize=1050%2C600 3x"},"classes":[]},{"id":61973,"url":"https:\/\/noticiasribeiraopreto.com.br\/index.php\/2024\/12\/30\/receita-federal-libera-pagamento-de-lote-da-malha-fina-do-imposto-de-renda\/","url_meta":{"origin":8306,"position":1},"title":"Receita Federal Libera Pagamento de Lote da Malha Fina do Imposto de Renda","author":"noticiasribeiraopreto.com.br","date":"30 de December de 2024","format":false,"excerpt":"Nesta ter\u00e7a-feira (21), a Receita Federal iniciou o pagamento de um novo lote de restitui\u00e7\u00f5es para contribuintes que ca\u00edram na malha fina do Imposto de Renda e regularizaram suas pend\u00eancias. O montante liberado faz parte de um processo cont\u00ednuo de an\u00e1lise e corre\u00e7\u00e3o das declara\u00e7\u00f5es retidas por inconsist\u00eancias, como omiss\u00f5es\u2026","rel":"","context":"In &quot;Not\u00edcias de Ribeir\u00e3o Preto-SP e Regi\u00e3o&quot;","block_context":{"text":"Not\u00edcias de Ribeir\u00e3o Preto-SP e Regi\u00e3o","link":"https:\/\/noticiasribeiraopreto.com.br\/index.php\/category\/noticias-de-ribeirao-preto-sp-e-regiao-ismael-colosi\/"},"img":{"alt_text":"","src":"https:\/\/i0.wp.com\/noticiasribeiraopreto.com.br\/wp-content\/uploads\/2024\/12\/irpf_2024_-_5_0.webp.webp?fit=1170%2C700&ssl=1&resize=350%2C200","width":350,"height":200,"srcset":"https:\/\/i0.wp.com\/noticiasribeiraopreto.com.br\/wp-content\/uploads\/2024\/12\/irpf_2024_-_5_0.webp.webp?fit=1170%2C700&ssl=1&resize=350%2C200 1x, https:\/\/i0.wp.com\/noticiasribeiraopreto.com.br\/wp-content\/uploads\/2024\/12\/irpf_2024_-_5_0.webp.webp?fit=1170%2C700&ssl=1&resize=525%2C300 1.5x, https:\/\/i0.wp.com\/noticiasribeiraopreto.com.br\/wp-content\/uploads\/2024\/12\/irpf_2024_-_5_0.webp.webp?fit=1170%2C700&ssl=1&resize=700%2C400 2x, https:\/\/i0.wp.com\/noticiasribeiraopreto.com.br\/wp-content\/uploads\/2024\/12\/irpf_2024_-_5_0.webp.webp?fit=1170%2C700&ssl=1&resize=1050%2C600 3x"},"classes":[]},{"id":7952,"url":"https:\/\/noticiasribeiraopreto.com.br\/index.php\/2023\/11\/29\/receita-abre-consulta-e-divulga-data-de-pagamento-do-lote-extra-de-restituicao\/","url_meta":{"origin":8306,"position":2},"title":"Receita abre consulta e divulga data de pagamento do lote extra de restitui\u00e7\u00e3o","author":"noticiasribeiraopreto.com.br","date":"29 de November de 2023","format":false,"excerpt":"A consulta ao lote residual de restitui\u00e7\u00e3o do Imposto de Renda da Pessoa F\u00edsica (IRPF) do m\u00eas de novembro de 2023 poder\u00e1 ser feita, a partir das 10h desta quinta-feira, 23. Cr\u00e9ditos: Ag\u00eancia Brasil\/Marcello Casal JrReceita abre consulta e divulga data de pagamento do lote extra de restitui\u00e7\u00e3o De acordo\u2026","rel":"","context":"In &quot;Variedades&quot;","block_context":{"text":"Variedades","link":"https:\/\/noticiasribeiraopreto.com.br\/index.php\/category\/variedades\/"},"img":{"alt_text":"","src":"https:\/\/i0.wp.com\/noticiasribeiraopreto.com.br\/wp-content\/uploads\/2023\/11\/1701252602_como-saber-se-vou-receber-a-restituicao-do-ir-2023-no-3o-lote-veja-aqui.jpg?fit=1200%2C638&ssl=1&resize=350%2C200","width":350,"height":200,"srcset":"https:\/\/i0.wp.com\/noticiasribeiraopreto.com.br\/wp-content\/uploads\/2023\/11\/1701252602_como-saber-se-vou-receber-a-restituicao-do-ir-2023-no-3o-lote-veja-aqui.jpg?fit=1200%2C638&ssl=1&resize=350%2C200 1x, https:\/\/i0.wp.com\/noticiasribeiraopreto.com.br\/wp-content\/uploads\/2023\/11\/1701252602_como-saber-se-vou-receber-a-restituicao-do-ir-2023-no-3o-lote-veja-aqui.jpg?fit=1200%2C638&ssl=1&resize=525%2C300 1.5x, https:\/\/i0.wp.com\/noticiasribeiraopreto.com.br\/wp-content\/uploads\/2023\/11\/1701252602_como-saber-se-vou-receber-a-restituicao-do-ir-2023-no-3o-lote-veja-aqui.jpg?fit=1200%2C638&ssl=1&resize=700%2C400 2x, https:\/\/i0.wp.com\/noticiasribeiraopreto.com.br\/wp-content\/uploads\/2023\/11\/1701252602_como-saber-se-vou-receber-a-restituicao-do-ir-2023-no-3o-lote-veja-aqui.jpg?fit=1200%2C638&ssl=1&resize=1050%2C600 3x"},"classes":[]},{"id":7735,"url":"https:\/\/noticiasribeiraopreto.com.br\/index.php\/2023\/11\/28\/receita-divulga-quando-sera-pago-lote-extra-de-restituicao-do-ir-2023\/","url_meta":{"origin":8306,"position":3},"title":"Receita divulga quando ser\u00e1 pago lote EXTRA de restitui\u00e7\u00e3o do IR 2023","author":"noticiasribeiraopreto.com.br","date":"28 de November de 2023","format":false,"excerpt":"A consulta ao lote residual de restitui\u00e7\u00e3o do Imposto de Renda da Pessoa F\u00edsica (IRPF) do m\u00eas de novembro de 2023 poder\u00e1 ser feita, a partir das 10h desta quinta-feira, 23. Cr\u00e9ditos: Istock\/Andrzej RostekReceita divulga quando ser\u00e1 pago lote EXTRA de restitui\u00e7\u00e3o do IR 2023 De acordo com a Receita\u2026","rel":"","context":"In &quot;Variedades&quot;","block_context":{"text":"Variedades","link":"https:\/\/noticiasribeiraopreto.com.br\/index.php\/category\/variedades\/"},"img":{"alt_text":"","src":"https:\/\/i0.wp.com\/noticiasribeiraopreto.com.br\/wp-content\/uploads\/2023\/11\/istock-1444966513.jpg?fit=1200%2C638&ssl=1&resize=350%2C200","width":350,"height":200,"srcset":"https:\/\/i0.wp.com\/noticiasribeiraopreto.com.br\/wp-content\/uploads\/2023\/11\/istock-1444966513.jpg?fit=1200%2C638&ssl=1&resize=350%2C200 1x, https:\/\/i0.wp.com\/noticiasribeiraopreto.com.br\/wp-content\/uploads\/2023\/11\/istock-1444966513.jpg?fit=1200%2C638&ssl=1&resize=525%2C300 1.5x, https:\/\/i0.wp.com\/noticiasribeiraopreto.com.br\/wp-content\/uploads\/2023\/11\/istock-1444966513.jpg?fit=1200%2C638&ssl=1&resize=700%2C400 2x, https:\/\/i0.wp.com\/noticiasribeiraopreto.com.br\/wp-content\/uploads\/2023\/11\/istock-1444966513.jpg?fit=1200%2C638&ssl=1&resize=1050%2C600 3x"},"classes":[]},{"id":8617,"url":"https:\/\/noticiasribeiraopreto.com.br\/index.php\/2023\/11\/30\/receita-paga-nesta-quinta-lote-extra-de-restituicao-do-ir-2023\/","url_meta":{"origin":8306,"position":4},"title":"Receita paga nesta quinta lote EXTRA de restitui\u00e7\u00e3o do IR 2023","author":"noticiasribeiraopreto.com.br","date":"30 de November de 2023","format":false,"excerpt":"Cerca de 358 mil contribuintes que haviam ca\u00eddo na malha fina e acertaram as contas com o Fisco receber\u00e3o R$ 762,9 milh\u00f5es. A Receita Federal paga nesta quinta-feira, 30, mais um lote residual do Imposto de Renda Pessoa F\u00edsica. Cr\u00e9ditos: Jo\u00e9dson Alves\/Ag\u00eancia BrasilReceita paga nesta quinta lote EXTRA de restitui\u00e7\u00e3o\u2026","rel":"","context":"In &quot;Variedades&quot;","block_context":{"text":"Variedades","link":"https:\/\/noticiasribeiraopreto.com.br\/index.php\/category\/variedades\/"},"img":{"alt_text":"","src":"https:\/\/i0.wp.com\/noticiasribeiraopreto.com.br\/wp-content\/uploads\/2023\/11\/saiba-quando-sera-liberada-a-consulta-ao-3o-lote-da-restituicao-do-ir-2023.jpg?fit=1200%2C638&ssl=1&resize=350%2C200","width":350,"height":200,"srcset":"https:\/\/i0.wp.com\/noticiasribeiraopreto.com.br\/wp-content\/uploads\/2023\/11\/saiba-quando-sera-liberada-a-consulta-ao-3o-lote-da-restituicao-do-ir-2023.jpg?fit=1200%2C638&ssl=1&resize=350%2C200 1x, https:\/\/i0.wp.com\/noticiasribeiraopreto.com.br\/wp-content\/uploads\/2023\/11\/saiba-quando-sera-liberada-a-consulta-ao-3o-lote-da-restituicao-do-ir-2023.jpg?fit=1200%2C638&ssl=1&resize=525%2C300 1.5x, https:\/\/i0.wp.com\/noticiasribeiraopreto.com.br\/wp-content\/uploads\/2023\/11\/saiba-quando-sera-liberada-a-consulta-ao-3o-lote-da-restituicao-do-ir-2023.jpg?fit=1200%2C638&ssl=1&resize=700%2C400 2x, https:\/\/i0.wp.com\/noticiasribeiraopreto.com.br\/wp-content\/uploads\/2023\/11\/saiba-quando-sera-liberada-a-consulta-ao-3o-lote-da-restituicao-do-ir-2023.jpg?fit=1200%2C638&ssl=1&resize=1050%2C600 3x"},"classes":[]},{"id":5940,"url":"https:\/\/noticiasribeiraopreto.com.br\/index.php\/2023\/11\/24\/descubra-agora-quem-vai-entrar-no-lote-extra-de-restituicao\/","url_meta":{"origin":8306,"position":5},"title":"Descubra AGORA quem vai entrar no lote extra de restitui\u00e7\u00e3o","author":"noticiasribeiraopreto.com.br","date":"24 de November de 2023","format":false,"excerpt":"A consulta ao lote residual de restitui\u00e7\u00e3o do Imposto de Renda da Pessoa F\u00edsica (IRPF) do m\u00eas de novembro de 2023 j\u00e1 pode ser feita desde quinta-feira, 23. Cr\u00e9ditos: Istock\/Gabriel QueirozVeja se voc\u00ea vai receber restitui\u00e7\u00e3o neste lote surpresa disponibilizado pela Receita Federal De acordo com a Receita Federal, o\u2026","rel":"","context":"In &quot;Variedades&quot;","block_context":{"text":"Variedades","link":"https:\/\/noticiasribeiraopreto.com.br\/index.php\/category\/variedades\/"},"img":{"alt_text":"","src":"https:\/\/i0.wp.com\/noticiasribeiraopreto.com.br\/wp-content\/uploads\/2023\/11\/istock-951697704.jpg?fit=1200%2C638&ssl=1&resize=350%2C200","width":350,"height":200,"srcset":"https:\/\/i0.wp.com\/noticiasribeiraopreto.com.br\/wp-content\/uploads\/2023\/11\/istock-951697704.jpg?fit=1200%2C638&ssl=1&resize=350%2C200 1x, https:\/\/i0.wp.com\/noticiasribeiraopreto.com.br\/wp-content\/uploads\/2023\/11\/istock-951697704.jpg?fit=1200%2C638&ssl=1&resize=525%2C300 1.5x, https:\/\/i0.wp.com\/noticiasribeiraopreto.com.br\/wp-content\/uploads\/2023\/11\/istock-951697704.jpg?fit=1200%2C638&ssl=1&resize=700%2C400 2x, https:\/\/i0.wp.com\/noticiasribeiraopreto.com.br\/wp-content\/uploads\/2023\/11\/istock-951697704.jpg?fit=1200%2C638&ssl=1&resize=1050%2C600 3x"},"classes":[]}],"jetpack_sharing_enabled":true,"jetpack_shortlink":"https:\/\/wp.me\/peQAOb-29Y","_links":{"self":[{"href":"https:\/\/noticiasribeiraopreto.com.br\/index.php\/wp-json\/wp\/v2\/posts\/8306","targetHints":{"allow":["GET"]}}],"collection":[{"href":"https:\/\/noticiasribeiraopreto.com.br\/index.php\/wp-json\/wp\/v2\/posts"}],"about":[{"href":"https:\/\/noticiasribeiraopreto.com.br\/index.php\/wp-json\/wp\/v2\/types\/post"}],"author":[{"embeddable":true,"href":"https:\/\/noticiasribeiraopreto.com.br\/index.php\/wp-json\/wp\/v2\/users\/1"}],"replies":[{"embeddable":true,"href":"https:\/\/noticiasribeiraopreto.com.br\/index.php\/wp-json\/wp\/v2\/comments?post=8306"}],"version-history":[{"count":0,"href":"https:\/\/noticiasribeiraopreto.com.br\/index.php\/wp-json\/wp\/v2\/posts\/8306\/revisions"}],"wp:featuredmedia":[{"embeddable":true,"href":"https:\/\/noticiasribeiraopreto.com.br\/index.php\/wp-json\/wp\/v2\/media\/8307"}],"wp:attachment":[{"href":"https:\/\/noticiasribeiraopreto.com.br\/index.php\/wp-json\/wp\/v2\/media?parent=8306"}],"wp:term":[{"taxonomy":"category","embeddable":true,"href":"https:\/\/noticiasribeiraopreto.com.br\/index.php\/wp-json\/wp\/v2\/categories?post=8306"},{"taxonomy":"post_tag","embeddable":true,"href":"https:\/\/noticiasribeiraopreto.com.br\/index.php\/wp-json\/wp\/v2\/tags?post=8306"}],"curies":[{"name":"wp","href":"https:\/\/api.w.org\/{rel}","templated":true}]}}