{"id":83060,"date":"2026-03-08T10:14:55","date_gmt":"2026-03-08T13:14:55","guid":{"rendered":"https:\/\/noticiasribeiraopreto.com.br\/index.php\/2026\/03\/08\/5-dicas-para-o-sindico-na-era-da-inteligencia-artificial\/"},"modified":"2026-03-08T10:14:55","modified_gmt":"2026-03-08T13:14:55","slug":"5-dicas-para-o-sindico-na-era-da-inteligencia-artificial","status":"publish","type":"post","link":"https:\/\/noticiasribeiraopreto.com.br\/index.php\/2026\/03\/08\/5-dicas-para-o-sindico-na-era-da-inteligencia-artificial\/","title":{"rendered":"5 Dicas para o S\u00edndico na Era da Intelig\u00eancia Artificial"},"content":{"rendered":"<div class='code-block code-block-1' style='margin: 8px 0 8px auto; text-align: right; display: block; clear: both;'>\n<p><a href=\"https:\/\/wa.link\/vpicfd\"><img data-recalc-dims=\"1\" class=\"wp-image-4922\" style=\"aspect-ratio: 2.0253164556962027; width: 561px; height: auto;\" src=\"https:\/\/i0.wp.com\/ismaelcolosi.com.br\/wp-content\/uploads\/2023\/11\/grupo-de-empregos-whatsapp-e-facebook-ismael-colosi-vagas.jpg?ssl=1\" alt=\"\" \/><\/a><\/p>\n<!-- \/wp:image -->\n<\/div>\n<p> <br \/>\n<\/p>\n<div data-td-block-uid=\"tdi_95\">\n<div class=\"tdb-block-inner td-fix-index\">\n<p>O cen\u00e1rio atual \u00e9 marcado por tecnologias como reconhecimento facial e softwares que detectam comportamentos at\u00edpicos. Para que essa inova\u00e7\u00e3o seja uma aliada da paz e n\u00e3o um gerador de processos judiciais, siga estas diretrizes:<\/p>\n<h2 class=\"wp-block-heading\"><strong>1. Rigor na Contrata\u00e7\u00e3o (Culpa in Eligendo)<\/strong><\/h2>\n<p>Ao contratar uma empresa de IA, o s\u00edndico assume o dever de escolha.<\/p>\n<ul class=\"wp-block-list\">\n<li><strong>A\u00e7\u00e3o:<\/strong> Certifique-se e guarde provas de que a fornecedora \u00e9 tecnicamente qualificada e possui idoneidade no mercado.<\/li>\n<li><strong>Objetivo:<\/strong> Evitar a responsabilidade por neglig\u00eancia na sele\u00e7\u00e3o da ferramenta.<\/li>\n<\/ul>\n<h2 class=\"wp-block-heading\"><strong>2. Fiscaliza\u00e7\u00e3o Constante (Culpa in Vigilando)<\/strong><\/h2>\n<p>A tecnologia n\u00e3o exime o gestor de suas obriga\u00e7\u00f5es; ela exige uma dilig\u00eancia digital atenta.<\/p>\n<ul class=\"wp-block-list\">\n<li><strong>A\u00e7\u00e3o:<\/strong> Estabele\u00e7a um cronograma de fiscaliza\u00e7\u00e3o peri\u00f3dica sobre o funcionamento e a manuten\u00e7\u00e3o dos algoritmos.<\/li>\n<li><strong>Objetivo:<\/strong> Garantir que o sistema opere conforme o esperado e detectar falhas antes que gerem danos.<\/li>\n<\/ul>\n<h2 class=\"wp-block-heading\"><strong>3. Blindagem de Dados e LGPD<\/strong><\/h2>\n<p>A IA sobrevive de dados sens\u00edveis, como a biometria, o que exige protocolos r\u00edgidos de seguran\u00e7a.<\/p>\n<ul class=\"wp-block-list\">\n<li><strong>A\u00e7\u00e3o:<\/strong> Garanta que o condom\u00ednio figure como controlador desses dados e que o operador contratado cumpra normas t\u00e9cnicas e legais rigorosas.<\/li>\n<li><strong>Objetivo:<\/strong> Prevenir vazamentos, multas e viola\u00e7\u00f5es de direitos fundamentais em nome da modernidade.<\/li>\n<\/ul>\n<h2 class=\"wp-block-heading\"><strong>4. Aplique o \u201cHuman-in-the-loop\u201d<\/strong><\/h2>\n<p>A seguran\u00e7a jur\u00eddica reside em manter o humano no controle das decis\u00f5es finais.<\/p>\n<ul class=\"wp-block-list\">\n<li><strong>A\u00e7\u00e3o:<\/strong> Use a IA para subsidiar a sua tomada de decis\u00e3o, mas nunca para substituir integralmente o seu julgamento em quest\u00f5es subjetivas.<\/li>\n<li><strong>Objetivo:<\/strong> Assegurar que a precis\u00e3o da m\u00e1quina seja filtrada pelo discernimento humano.<\/li>\n<\/ul>\n<h2 class=\"wp-block-heading\"><strong>5. Justi\u00e7a Social nas Penalidades<\/strong><\/h2>\n<p>Softwares podem identificar infra\u00e7\u00f5es ao regimento interno com rapidez, mas carecem de empatia.<\/p>\n<ul class=\"wp-block-list\">\n<li><strong>A\u00e7\u00e3o:<\/strong> Antes de validar uma multa sugerida pelo sistema, avalie poss\u00edveis atenuantes e o contexto social.<\/li>\n<li><strong>Objetivo:<\/strong> Utilizar a t\u00e9cnica para efici\u00eancia, mantendo o equil\u00edbrio e a conviv\u00eancia harmoniosa no condom\u00ednio.<\/li>\n<\/ul>\n<h2 class=\"wp-block-heading\"><strong>O S\u00edndico e a LGPD: A Prote\u00e7\u00e3o de Dados Sens\u00edveis<\/strong><\/h2>\n<p>A Intelig\u00eancia Artificial depende de um fluxo constante de dados, muitas vezes sens\u00edveis, como a biometria facial. Aqui, a Lei Geral de Prote\u00e7\u00e3o de Dados (LGPD) imp\u00f5e obriga\u00e7\u00f5es severas:<\/p>\n<ul class=\"wp-block-list\">\n<li><strong>O Condom\u00ednio como Controlador:<\/strong> O s\u00edndico deve garantir que o condom\u00ednio figure como o \u201ccontrolador\u201d dos dados, detendo o poder de decis\u00e3o sobre o tratamento dessas informa\u00e7\u00f5es.<\/li>\n<li><strong>Gest\u00e3o de Operadores:<\/strong> \u00c9 dever do s\u00edndico assegurar que a empresa de tecnologia (operadora) cumpra protocolos rigorosos de seguran\u00e7a e transpar\u00eancia. Qualquer vazamento ou uso indevido pode resultar em multas pesadas e processos judiciais.<\/li>\n<li><strong>Transpar\u00eancia e Seguran\u00e7a:<\/strong> O tratamento de biometria exige protocolos r\u00edgidos para evitar viola\u00e7\u00f5es de direitos fundamentais. A modernidade nunca deve servir de pretexto para o desrespeito \u00e0 privacidade.<\/li>\n<\/ul>\n<p>A tecnologia deve ser encarada como o bra\u00e7o que executa tarefas complexas, mas o s\u00edndico permanece sendo o c\u00e9rebro e o cora\u00e7\u00e3o da administra\u00e7\u00e3o. O cuidado jur\u00eddico e a sabedoria humana continuam sendo, e sempre ser\u00e3o, as maiores salvaguardas contra as incertezas de qualquer algoritmo.<\/p>\n<p>SAIBA MAIS<br \/>De volta \u00e0s piscinas: Nicholas Santos retoma carreira com foco nos Jogos de 2028<\/p>\n<h2 class=\"wp-block-heading\"><strong>FIQUE ON<\/strong><\/h2>\n<p>Fique ligado em tudo que acontece em Ribeir\u00e3o Preto e regi\u00e3o. Siga os perfis do\u00a0<strong>acidade on<\/strong>\u00a0no<a href=\"https:\/\/www.instagram.com\/acidadeonribeirao\" target=\"_blank\" rel=\"noreferrer noopener\">\u00a0Instagram\u00a0<\/a>e no\u00a0<a href=\"https:\/\/www.facebook.com\/acidadeonribeirao\/\" target=\"_blank\" rel=\"noreferrer noopener\">Facebook<\/a>.<\/p>\n<p>Receba not\u00edcias do\u00a0<strong>acidade on<\/strong>\u00a0no WhatsApp. Para entrar no grupo,\u00a0basta\u00a0<a href=\"https:\/\/chat.whatsapp.com\/GFH9HUMUTHNFJdnyEd0xxq\" target=\"_blank\" rel=\"noreferrer noopener\">clicar aqui<\/a>. Ou, acesse o nosso\u00a0Canal\u00a0<a href=\"https:\/\/whatsapp.com\/channel\/0029Vb6IQl1JENyAeS57fk2p\" target=\"_blank\" rel=\"noreferrer noopener\">clicando aqui<\/a>.<\/p>\n<p>Fa\u00e7a uma den\u00fancia ou sugira uma reportagem sobre Ribeir\u00e3o Preto e regi\u00e3o pelo WhatsApp: 16 99117 7802.<\/p>\n<p>VEJA TAMB\u00c9M<br \/>Quem \u00e9 Maycon Cardozo? Brasileiro faz sua estreia oficial no Bayern de Munique aos 17 anos<\/p>\n<p><!-- AI CONTENT END 1 -->\n<\/div>\n<\/div>\n<p><script async src=\"\/\/www.instagram.com\/embed.js\"><\/script><br \/>\n<br \/><br \/>\n<br \/><a href=\"https:\/\/www.acidadeon.com\/ribeiraopreto\/cotidiano\/colunistas-ribeirao-preto\/5-dicas-para-o-sindico-na-era-da-inteligencia-artificial\/\">Source link <\/a><\/p>\n<!-- CONTENT END 1 -->\n","protected":false},"excerpt":{"rendered":"<p>O cen\u00e1rio atual \u00e9 marcado por tecnologias como reconhecimento facial e softwares que detectam comportamentos at\u00edpicos. Para que essa inova\u00e7\u00e3o seja uma aliada da paz&#8230;<\/p>\n","protected":false},"author":1,"featured_media":73614,"comment_status":"open","ping_status":"open","sticky":false,"template":"","format":"standard","meta":{"advanced_seo_description":"","jetpack_seo_html_title":"","jetpack_seo_noindex":false,"jetpack_post_was_ever_published":false,"_jetpack_newsletter_access":"","_jetpack_dont_email_post_to_subs":false,"_jetpack_newsletter_tier_id":0,"_jetpack_memberships_contains_paywalled_content":false,"_jetpack_memberships_contains_paid_content":false,"footnotes":"","jetpack_publicize_message":"","jetpack_publicize_feature_enabled":true,"jetpack_social_post_already_shared":true,"jetpack_social_options":{"image_generator_settings":{"template":"highway","default_image_id":0,"font":"","enabled":false},"version":2}},"categories":[11],"tags":[],"class_list":["post-83060","post","type-post","status-publish","format-standard","has-post-thumbnail","hentry","category-noticias-de-ribeirao-preto-sp-e-regiao-ismael-colosi"],"jetpack_publicize_connections":[],"jetpack_featured_media_url":"https:\/\/i0.wp.com\/noticiasribeiraopreto.com.br\/wp-content\/uploads\/2025\/07\/DR-MARCIO-SPIMPOLO_2025-05-16_17-40-37.webp.webp?fit=997%2C718&ssl=1","jetpack-related-posts":[{"id":83611,"url":"https:\/\/noticiasribeiraopreto.com.br\/index.php\/2026\/03\/22\/tragedia-em-interlagos-a-responsabilidade-civil-e-criminal-na-gestao-condominial\/","url_meta":{"origin":83060,"position":0},"title":"Trag\u00e9dia em Interlagos: A Responsabilidade Civil e Criminal na Gest\u00e3o Condominial","author":"noticiasribeiraopreto.com.br","date":"22 de March de 2026","format":false,"excerpt":"O recente caso da menina de 11 anos que morreu eletrocutada em um condom\u00ednio em Interlagos, na zona sul de S\u00e3o Paulo, acendeu um alerta cr\u00edtico para gestores em todo o pa\u00eds. A crian\u00e7a foi encontrada em uma casa de m\u00e1quinas, \u00e1rea que deveria estar isolada, ap\u00f3s tocar em fios\u2026","rel":"","context":"In &quot;Not\u00edcias de Ribeir\u00e3o Preto-SP e Regi\u00e3o&quot;","block_context":{"text":"Not\u00edcias de Ribeir\u00e3o Preto-SP e Regi\u00e3o","link":"https:\/\/noticiasribeiraopreto.com.br\/index.php\/category\/noticias-de-ribeirao-preto-sp-e-regiao-ismael-colosi\/"},"img":{"alt_text":"","src":"https:\/\/i0.wp.com\/noticiasribeiraopreto.com.br\/wp-content\/uploads\/2025\/05\/DR-MARCIO-SPIMPOLO_2025-05-16_17-40-37.webp.webp?fit=997%2C718&ssl=1&resize=350%2C200","width":350,"height":200,"srcset":"https:\/\/i0.wp.com\/noticiasribeiraopreto.com.br\/wp-content\/uploads\/2025\/05\/DR-MARCIO-SPIMPOLO_2025-05-16_17-40-37.webp.webp?fit=997%2C718&ssl=1&resize=350%2C200 1x, https:\/\/i0.wp.com\/noticiasribeiraopreto.com.br\/wp-content\/uploads\/2025\/05\/DR-MARCIO-SPIMPOLO_2025-05-16_17-40-37.webp.webp?fit=997%2C718&ssl=1&resize=525%2C300 1.5x, https:\/\/i0.wp.com\/noticiasribeiraopreto.com.br\/wp-content\/uploads\/2025\/05\/DR-MARCIO-SPIMPOLO_2025-05-16_17-40-37.webp.webp?fit=997%2C718&ssl=1&resize=700%2C400 2x"},"classes":[]},{"id":68617,"url":"https:\/\/noticiasribeiraopreto.com.br\/index.php\/2025\/04\/27\/sindicos-na-mira-da-regulamentacao-profissional\/","url_meta":{"origin":83060,"position":1},"title":"S\u00edndicos na mira da regulamenta\u00e7\u00e3o profissional","author":"noticiasribeiraopreto.com.br","date":"27 de April de 2025","format":false,"excerpt":"O plen\u00e1rio do Conselho Federal de Administra\u00e7\u00e3o (CFA) aprovou a Resolu\u00e7\u00e3o Normativa CFA n\u00ba 664, que disp\u00f5e sobre o registro no Conselho Regional de Administra\u00e7\u00e3o (CRA), das pessoas f\u00edsicas e jur\u00eddicas que exer\u00e7am ou explorem a atividade de s\u00edndico profissional e administra\u00e7\u00e3o condominial. O texto da norma foi publicado no\u2026","rel":"","context":"In &quot;Not\u00edcias de Ribeir\u00e3o Preto-SP e Regi\u00e3o&quot;","block_context":{"text":"Not\u00edcias de Ribeir\u00e3o Preto-SP e Regi\u00e3o","link":"https:\/\/noticiasribeiraopreto.com.br\/index.php\/category\/noticias-de-ribeirao-preto-sp-e-regiao-ismael-colosi\/"},"img":{"alt_text":"","src":"https:\/\/i0.wp.com\/noticiasribeiraopreto.com.br\/wp-content\/uploads\/2025\/02\/marcio-spimpolo_2025-02-14_21-18-47_jpeg_2025-02-14_21-18-47.webp.webp?fit=1200%2C675&ssl=1&resize=350%2C200","width":350,"height":200,"srcset":"https:\/\/i0.wp.com\/noticiasribeiraopreto.com.br\/wp-content\/uploads\/2025\/02\/marcio-spimpolo_2025-02-14_21-18-47_jpeg_2025-02-14_21-18-47.webp.webp?fit=1200%2C675&ssl=1&resize=350%2C200 1x, https:\/\/i0.wp.com\/noticiasribeiraopreto.com.br\/wp-content\/uploads\/2025\/02\/marcio-spimpolo_2025-02-14_21-18-47_jpeg_2025-02-14_21-18-47.webp.webp?fit=1200%2C675&ssl=1&resize=525%2C300 1.5x, https:\/\/i0.wp.com\/noticiasribeiraopreto.com.br\/wp-content\/uploads\/2025\/02\/marcio-spimpolo_2025-02-14_21-18-47_jpeg_2025-02-14_21-18-47.webp.webp?fit=1200%2C675&ssl=1&resize=700%2C400 2x, https:\/\/i0.wp.com\/noticiasribeiraopreto.com.br\/wp-content\/uploads\/2025\/02\/marcio-spimpolo_2025-02-14_21-18-47_jpeg_2025-02-14_21-18-47.webp.webp?fit=1200%2C675&ssl=1&resize=1050%2C600 3x"},"classes":[]},{"id":28132,"url":"https:\/\/noticiasribeiraopreto.com.br\/index.php\/2024\/01\/14\/modelo-de-24-anos-e-agredida-por-sindico-do-predio-e-acaba-com-buraco-no-rosto\/","url_meta":{"origin":83060,"position":2},"title":"Modelo de 24 anos \u00e9 agredida por s\u00edndico do pr\u00e9dio e acaba com buraco no rosto","author":"noticiasribeiraopreto.com.br","date":"14 de January de 2024","format":false,"excerpt":"Mariana Lopes de Meneses, uma estudante universit\u00e1ria de 24 anos que tamb\u00e9m trabalha como modelo em Teresina, viveu um epis\u00f3dio traum\u00e1tico e violento. Ela foi agredida no rosto pelo s\u00edndico do pr\u00e9dio onde mora, resultando em uma perfura\u00e7\u00e3o grave no rosto.A jovem, que procurou o s\u00edndico junto com seu companheiro\u2026","rel":"","context":"In &quot;Blog&quot;","block_context":{"text":"Blog","link":"https:\/\/noticiasribeiraopreto.com.br\/index.php\/category\/blog\/"},"img":{"alt_text":"","src":"https:\/\/i0.wp.com\/noticiasribeiraopreto.com.br\/wp-content\/uploads\/2024\/01\/postimg-65a47e73a4d036024.jpg?fit=1200%2C628&ssl=1&resize=350%2C200","width":350,"height":200,"srcset":"https:\/\/i0.wp.com\/noticiasribeiraopreto.com.br\/wp-content\/uploads\/2024\/01\/postimg-65a47e73a4d036024.jpg?fit=1200%2C628&ssl=1&resize=350%2C200 1x, https:\/\/i0.wp.com\/noticiasribeiraopreto.com.br\/wp-content\/uploads\/2024\/01\/postimg-65a47e73a4d036024.jpg?fit=1200%2C628&ssl=1&resize=525%2C300 1.5x, https:\/\/i0.wp.com\/noticiasribeiraopreto.com.br\/wp-content\/uploads\/2024\/01\/postimg-65a47e73a4d036024.jpg?fit=1200%2C628&ssl=1&resize=700%2C400 2x, https:\/\/i0.wp.com\/noticiasribeiraopreto.com.br\/wp-content\/uploads\/2024\/01\/postimg-65a47e73a4d036024.jpg?fit=1200%2C628&ssl=1&resize=1050%2C600 3x"},"classes":[]},{"id":62140,"url":"https:\/\/noticiasribeiraopreto.com.br\/index.php\/2025\/01\/05\/a-prevencao-de-incendios-em-condominios-e-a-responsabilidade-dos-sindicos\/","url_meta":{"origin":83060,"position":3},"title":"A Preven\u00e7\u00e3o de Inc\u00eandios em Condom\u00ednios e a Responsabilidade dos S\u00edndicos","author":"noticiasribeiraopreto.com.br","date":"5 de January de 2025","format":false,"excerpt":"A preven\u00e7\u00e3o de inc\u00eandios em condom\u00ednios \u00e9 um tema de extrema import\u00e2ncia, especialmente considerando a proximidade das unidades habitacionais e o potencial de um inc\u00eandio se espalhar rapidamente. Os s\u00edndicos desempenham um papel crucial na implementa\u00e7\u00e3o de medidas preventivas e na conscientiza\u00e7\u00e3o dos moradores sobre a seguran\u00e7a no ambiente coletivo.\u2026","rel":"","context":"In &quot;Not\u00edcias de Ribeir\u00e3o Preto-SP e Regi\u00e3o&quot;","block_context":{"text":"Not\u00edcias de Ribeir\u00e3o Preto-SP e Regi\u00e3o","link":"https:\/\/noticiasribeiraopreto.com.br\/index.php\/category\/noticias-de-ribeirao-preto-sp-e-regiao-ismael-colosi\/"},"img":{"alt_text":"","src":"https:\/\/i0.wp.com\/noticiasribeiraopreto.com.br\/wp-content\/uploads\/2024\/03\/AnyConv.com__WhatsApp-Image-2024-02-29-at-15.18.26.webp.webp?fit=640%2C405&ssl=1&resize=350%2C200","width":350,"height":200,"srcset":"https:\/\/i0.wp.com\/noticiasribeiraopreto.com.br\/wp-content\/uploads\/2024\/03\/AnyConv.com__WhatsApp-Image-2024-02-29-at-15.18.26.webp.webp?fit=640%2C405&ssl=1&resize=350%2C200 1x, https:\/\/i0.wp.com\/noticiasribeiraopreto.com.br\/wp-content\/uploads\/2024\/03\/AnyConv.com__WhatsApp-Image-2024-02-29-at-15.18.26.webp.webp?fit=640%2C405&ssl=1&resize=525%2C300 1.5x"},"classes":[]},{"id":57439,"url":"https:\/\/noticiasribeiraopreto.com.br\/index.php\/2024\/09\/01\/responsabilidade-do-sindico-com-as-correspondencias-do-condominio\/","url_meta":{"origin":83060,"position":4},"title":"Responsabilidade do s\u00edndico com as correspond\u00eancias do condom\u00ednio","author":"noticiasribeiraopreto.com.br","date":"1 de September de 2024","format":false,"excerpt":"A figura do s\u00edndico em um condom\u00ednio \u00e9 revestida de uma s\u00e9rie de responsabilidades, as quais est\u00e3o intimamente ligadas \u00e0 administra\u00e7\u00e3o e gest\u00e3o dos interesses comuns dos cond\u00f4minos. Dentre essas responsabilidades, destaca-se o tratamento das correspond\u00eancias que chegam ao condom\u00ednio, o que envolve quest\u00f5es de seguran\u00e7a, privacidade e efici\u00eancia na\u2026","rel":"","context":"In &quot;Not\u00edcias de Ribeir\u00e3o Preto-SP e Regi\u00e3o&quot;","block_context":{"text":"Not\u00edcias de Ribeir\u00e3o Preto-SP e Regi\u00e3o","link":"https:\/\/noticiasribeiraopreto.com.br\/index.php\/category\/noticias-de-ribeirao-preto-sp-e-regiao-ismael-colosi\/"},"img":{"alt_text":"","src":"https:\/\/i0.wp.com\/noticiasribeiraopreto.com.br\/wp-content\/uploads\/2024\/03\/AnyConv.com__WhatsApp-Image-2024-02-29-at-15.18.26.webp.webp?fit=640%2C405&ssl=1&resize=350%2C200","width":350,"height":200,"srcset":"https:\/\/i0.wp.com\/noticiasribeiraopreto.com.br\/wp-content\/uploads\/2024\/03\/AnyConv.com__WhatsApp-Image-2024-02-29-at-15.18.26.webp.webp?fit=640%2C405&ssl=1&resize=350%2C200 1x, https:\/\/i0.wp.com\/noticiasribeiraopreto.com.br\/wp-content\/uploads\/2024\/03\/AnyConv.com__WhatsApp-Image-2024-02-29-at-15.18.26.webp.webp?fit=640%2C405&ssl=1&resize=525%2C300 1.5x"},"classes":[]},{"id":81382,"url":"https:\/\/noticiasribeiraopreto.com.br\/index.php\/2026\/01\/04\/como-reduzir-custos-sem-perder-qualidade-nos-condominios\/","url_meta":{"origin":83060,"position":5},"title":"Como reduzir custos sem perder qualidade nos condom\u00ednios?","author":"noticiasribeiraopreto.com.br","date":"4 de January de 2026","format":false,"excerpt":"A chegada de um novo ano \u00e9 sempre acompanhada por reflex\u00f5es sobre finan\u00e7as e planejamento. Nos condom\u00ednios, o desafio \u00e9 ainda maior: manter a qualidade dos servi\u00e7os, preservar o patrim\u00f4nio coletivo e, ao mesmo tempo, evitar aumentos excessivos nas cotas condominiais. Para isso, s\u00edndicos e conselhos t\u00eam buscado estabelecer metas\u2026","rel":"","context":"In &quot;Not\u00edcias de Ribeir\u00e3o Preto-SP e Regi\u00e3o&quot;","block_context":{"text":"Not\u00edcias de Ribeir\u00e3o Preto-SP e Regi\u00e3o","link":"https:\/\/noticiasribeiraopreto.com.br\/index.php\/category\/noticias-de-ribeirao-preto-sp-e-regiao-ismael-colosi\/"},"img":{"alt_text":"","src":"https:\/\/i0.wp.com\/noticiasribeiraopreto.com.br\/wp-content\/uploads\/2025\/07\/DR-MARCIO-SPIMPOLO_2025-05-16_17-40-37.webp.webp?fit=997%2C718&ssl=1&resize=350%2C200","width":350,"height":200,"srcset":"https:\/\/i0.wp.com\/noticiasribeiraopreto.com.br\/wp-content\/uploads\/2025\/07\/DR-MARCIO-SPIMPOLO_2025-05-16_17-40-37.webp.webp?fit=997%2C718&ssl=1&resize=350%2C200 1x, https:\/\/i0.wp.com\/noticiasribeiraopreto.com.br\/wp-content\/uploads\/2025\/07\/DR-MARCIO-SPIMPOLO_2025-05-16_17-40-37.webp.webp?fit=997%2C718&ssl=1&resize=525%2C300 1.5x, https:\/\/i0.wp.com\/noticiasribeiraopreto.com.br\/wp-content\/uploads\/2025\/07\/DR-MARCIO-SPIMPOLO_2025-05-16_17-40-37.webp.webp?fit=997%2C718&ssl=1&resize=700%2C400 2x"},"classes":[]}],"jetpack_sharing_enabled":true,"jetpack_shortlink":"https:\/\/wp.me\/peQAOb-lBG","_links":{"self":[{"href":"https:\/\/noticiasribeiraopreto.com.br\/index.php\/wp-json\/wp\/v2\/posts\/83060","targetHints":{"allow":["GET"]}}],"collection":[{"href":"https:\/\/noticiasribeiraopreto.com.br\/index.php\/wp-json\/wp\/v2\/posts"}],"about":[{"href":"https:\/\/noticiasribeiraopreto.com.br\/index.php\/wp-json\/wp\/v2\/types\/post"}],"author":[{"embeddable":true,"href":"https:\/\/noticiasribeiraopreto.com.br\/index.php\/wp-json\/wp\/v2\/users\/1"}],"replies":[{"embeddable":true,"href":"https:\/\/noticiasribeiraopreto.com.br\/index.php\/wp-json\/wp\/v2\/comments?post=83060"}],"version-history":[{"count":0,"href":"https:\/\/noticiasribeiraopreto.com.br\/index.php\/wp-json\/wp\/v2\/posts\/83060\/revisions"}],"wp:featuredmedia":[{"embeddable":true,"href":"https:\/\/noticiasribeiraopreto.com.br\/index.php\/wp-json\/wp\/v2\/media\/73614"}],"wp:attachment":[{"href":"https:\/\/noticiasribeiraopreto.com.br\/index.php\/wp-json\/wp\/v2\/media?parent=83060"}],"wp:term":[{"taxonomy":"category","embeddable":true,"href":"https:\/\/noticiasribeiraopreto.com.br\/index.php\/wp-json\/wp\/v2\/categories?post=83060"},{"taxonomy":"post_tag","embeddable":true,"href":"https:\/\/noticiasribeiraopreto.com.br\/index.php\/wp-json\/wp\/v2\/tags?post=83060"}],"curies":[{"name":"wp","href":"https:\/\/api.w.org\/{rel}","templated":true}]}}