{"id":83061,"date":"2026-03-08T10:22:09","date_gmt":"2026-03-08T13:22:09","guid":{"rendered":"https:\/\/noticiasribeiraopreto.com.br\/index.php\/2026\/03\/08\/ribeirao-preto-preve-duplicacao-em-trechos-de-avenidas-veja-quais\/"},"modified":"2026-03-08T10:22:09","modified_gmt":"2026-03-08T13:22:09","slug":"ribeirao-preto-preve-duplicacao-em-trechos-de-avenidas-veja-quais","status":"publish","type":"post","link":"https:\/\/noticiasribeiraopreto.com.br\/index.php\/2026\/03\/08\/ribeirao-preto-preve-duplicacao-em-trechos-de-avenidas-veja-quais\/","title":{"rendered":"Ribeir\u00e3o Preto prev\u00ea duplica\u00e7\u00e3o em trechos de avenidas; Veja quais"},"content":{"rendered":"<div class='code-block code-block-1' style='margin: 8px 0 8px auto; text-align: right; display: block; clear: both;'>\n<p><a href=\"https:\/\/wa.link\/vpicfd\"><img data-recalc-dims=\"1\" class=\"wp-image-4922\" style=\"aspect-ratio: 2.0253164556962027; width: 561px; height: auto;\" src=\"https:\/\/i0.wp.com\/ismaelcolosi.com.br\/wp-content\/uploads\/2023\/11\/grupo-de-empregos-whatsapp-e-facebook-ismael-colosi-vagas.jpg?ssl=1\" alt=\"\" \/><\/a><\/p>\n<!-- \/wp:image -->\n<\/div>\n<p> <br \/>\n<\/p>\n<div>\n<p><strong>As avenidas \u00c2ngelo Ant\u00f4nio\u00a0Colafemina, em Bonfim Paulista, distrito na zona Sul de Ribeir\u00e3o Preto, e Dr\u00aa Nadir Aguiar, pr\u00f3ximo ao Supera Parque, na zona Oeste, devem ganhar duplica\u00e7\u00e3o em dois trechos, segundo a <a href=\"https:\/\/www.ribeiraopreto.sp.gov.br\/portal\/obras\/\" data-type=\"link\" data-id=\"https:\/\/www.ribeiraopreto.sp.gov.br\/portal\/obras\/\" target=\"_blank\" rel=\"noopener\">Secretaria Municipal de Obras P\u00fablicas<\/a>.<\/strong><\/p>\n<p><mark style=\"background-color:#fcb900\" class=\"has-inline-color has-black-color\">A \u00c2ngelo Colafemina n\u00e3o tem sua continua\u00e7\u00e3o entre os condom\u00ednios Santa M\u00f4nica II e Villa Floren\u00e7a.<\/mark> Com isso, os <strong>motoristas <\/strong>precisam fazer um <strong>deslocamento <\/strong>maior pelo <strong>distrito <\/strong>at\u00e9 acessar a <strong>continua\u00e7\u00e3o <\/strong>da via do <strong>outro lado<\/strong>. Uma das op\u00e7\u00f5es seria a <strong>via Sebasti\u00e3o Fernandes<\/strong>, mas que tem somente <strong>uma parte asfaltada <\/strong>at\u00e9 a <strong>Estrada da Limeirinha<\/strong>.<\/p>\n<figure class=\"wp-block-image\"><img data-recalc-dims=\"1\" fetchpriority=\"high\" decoding=\"async\" width=\"1200\" height=\"851\" src=\"https:\/\/i0.wp.com\/cdn.media-acidadeon.com.br\/ribeiraopreto\/wp-content\/uploads\/sites\/3\/2026\/03\/avenida_2026-03-06_16-46-00.webp?resize=1200%2C851&#038;ssl=1\" alt=\"Avenida Nadir Aguiar\" class=\"wp-image-147970\" title=\"Ribeir\u00e3o Preto prev\u00ea duplica\u00e7\u00e3o em trechos de avenidas; Veja quais 1\" srcset=\"https:\/\/cdn.media-acidadeon.com.br\/ribeiraopreto\/wp-content\/uploads\/sites\/3\/2026\/03\/avenida_2026-03-06_16-46-00.webp 1200w, https:\/\/cdn.media-acidadeon.com.br\/ribeiraopreto\/wp-content\/uploads\/sites\/3\/2026\/03\/avenida_2026-03-06_16-46-00-300x213.webp 300w, https:\/\/cdn.media-acidadeon.com.br\/ribeiraopreto\/wp-content\/uploads\/sites\/3\/2026\/03\/avenida_2026-03-06_16-46-00-1024x726.webp 1024w, https:\/\/cdn.media-acidadeon.com.br\/ribeiraopreto\/wp-content\/uploads\/sites\/3\/2026\/03\/avenida_2026-03-06_16-46-00-768x545.webp 768w, https:\/\/cdn.media-acidadeon.com.br\/ribeiraopreto\/wp-content\/uploads\/sites\/3\/2026\/03\/avenida_2026-03-06_16-46-00-696x494.webp 696w, https:\/\/cdn.media-acidadeon.com.br\/ribeiraopreto\/wp-content\/uploads\/sites\/3\/2026\/03\/avenida_2026-03-06_16-46-00-1068x757.webp 1068w\" sizes=\"(max-width: 1200px) 100vw, 1200px\"\/><figcaption class=\"wp-element-caption\">Avenida Nadir Aguiar tem um trecho sem duplica\u00e7\u00e3o em frente ao Supera Parque \u2013 Imagem: Reprodu\u00e7\u00e3o \/ Google<\/figcaption><\/figure>\n<h2 class=\"wp-block-heading\"><strong>Acesso ao Supera Parque<\/strong><\/h2>\n<p>Em outro ponto da cidade, a avenida Nadir Aguiar, um dos principais acessos ao Supera Parque, tem um trecho que ainda \u00e9 de pista simples, entre a as avenidas Vigilio Soeira e Ivo Pareschi.<\/p>\n<p>Com a expans\u00e3o do empreendimento na abertura de mais 67 lotes para novas empresas, anunciada em fevereiro deste ano, o tr\u00e2nsito pode crescer naquela regi\u00e3o e causar transtornos com apenas uma pista.<\/p>\n<h3 class=\"wp-block-heading\"><strong>O que a diz a Prefeitura<\/strong><\/h3>\n<p>A <a href=\"https:\/\/www.ribeiraopreto.sp.gov.br\/portal\/\" data-type=\"link\" data-id=\"https:\/\/www.ribeiraopreto.sp.gov.br\/portal\/\" target=\"_blank\" rel=\"noopener\">Prefeitura de Ribeir\u00e3o Preto<\/a> disse, por meio de nota da Secretaria Municipal de Obras P\u00fablicas ao <strong>acidade on<\/strong>, que a duplica\u00e7\u00e3o da avenida \u00c2ngelo Ant\u00f4nio Colafemina est\u00e1 na fase de levantamento topogr\u00e1fico.<\/p>\n<p>\u201cEssa etapa t\u00e9cnica \u00e9 essencial para a elabora\u00e7\u00e3o dos projetos executivos\u201d, destaca.<\/p>\n<p>J\u00e1 a duplica\u00e7\u00e3o da Dr\u00aa Nadir Aguiar est\u00e1 em fase de elabora\u00e7\u00e3o de projeto, conforme a Pasta.<\/p>\n<p>\u201cTrata-se de uma interven\u00e7\u00e3o de maior complexidade, que envolve estudos aprofundados de tr\u00e1fego, an\u00e1lises de infraestrutura, sistemas de drenagem e adequa\u00e7\u00f5es vi\u00e1rias compat\u00edveis com o crescimento da regi\u00e3o e a expans\u00e3o do Supera Parque\u201d, disse.<\/p>\n<p>Em nenhum dos casos, por\u00e9m, a prefeitura informou prazos.<\/p>\n<p>SAIBA MAIS<\/p>\n<p>Engenheiro aponta a\u00e7\u00f5es para melhorar tr\u00e2nsito no acesso \u00e0 Vargas pela rodovia de Bonfim Paulista<\/p>\n<p><strong>FIQUE ON<\/strong><\/p>\n<p>Fique ligado em tudo que acontece em Ribeir\u00e3o Preto e regi\u00e3o. Siga os perfis do<strong>\u00a0acidade on<\/strong>\u00a0no\u00a0<a href=\"https:\/\/www.instagram.com\/acidadeonribeirao\" target=\"_blank\" rel=\"noreferrer noopener\">Instagram<\/a>\u00a0e no\u00a0<a href=\"https:\/\/www.facebook.com\/acidadeonribeirao\/\" target=\"_blank\" rel=\"noreferrer noopener\">Facebook<\/a>.<\/p>\n<p>Receba not\u00edcias do<strong>\u00a0acidade on<\/strong>\u00a0no WhatsApp. Para entrar no grupo,\u00a0basta\u00a0<a href=\"https:\/\/chat.whatsapp.com\/GFH9HUMUTHNFJdnyEd0xxq\" target=\"_blank\" rel=\"noreferrer noopener\">clicar aqui<\/a>. Ou, acesse o nosso\u00a0Canal\u00a0<a href=\"https:\/\/whatsapp.com\/channel\/0029Vb6IQl1JENyAeS57fk2p\" target=\"_blank\" rel=\"noreferrer noopener\">clicando aqui<\/a>.<\/p>\n<p>Fa\u00e7a uma den\u00fancia ou sugira uma reportagem sobre Ribeir\u00e3o Preto e regi\u00e3o pelo WhatsApp: 16 99117 7802.<\/p>\n<p>VEJA TAMB\u00c9M<\/p>\n<p>Decora\u00e7\u00e3o pet friendly: 5 cuidados para garantir a seguran\u00e7a do seu animal<\/p>\n<p><!-- AI CONTENT END 1 -->\n<\/div>\n<p><script async src=\"\/\/www.instagram.com\/embed.js\"><\/script><br \/>\n<br \/><br \/>\n<br \/><a href=\"https:\/\/www.acidadeon.com\/ribeiraopreto\/politica\/nevio-archibald\/ribeirao-preto-preve-duplicacao-em-trechos-de-duas-avenidas-veja-quais\/\">Source link <\/a><\/p>\n<!-- CONTENT END 1 -->\n","protected":false},"excerpt":{"rendered":"<p>As avenidas \u00c2ngelo Ant\u00f4nio\u00a0Colafemina, em Bonfim Paulista, distrito na zona Sul de Ribeir\u00e3o Preto, e Dr\u00aa Nadir Aguiar, pr\u00f3ximo ao Supera Parque, na zona Oeste,&#8230;<\/p>\n","protected":false},"author":1,"featured_media":83062,"comment_status":"open","ping_status":"open","sticky":false,"template":"","format":"standard","meta":{"advanced_seo_description":"","jetpack_seo_html_title":"","jetpack_seo_noindex":false,"jetpack_post_was_ever_published":false,"_jetpack_newsletter_access":"","_jetpack_dont_email_post_to_subs":false,"_jetpack_newsletter_tier_id":0,"_jetpack_memberships_contains_paywalled_content":false,"_jetpack_memberships_contains_paid_content":false,"footnotes":"","jetpack_publicize_message":"","jetpack_publicize_feature_enabled":true,"jetpack_social_post_already_shared":true,"jetpack_social_options":{"image_generator_settings":{"template":"highway","default_image_id":0,"font":"","enabled":false},"version":2}},"categories":[11],"tags":[],"class_list":["post-83061","post","type-post","status-publish","format-standard","has-post-thumbnail","hentry","category-noticias-de-ribeirao-preto-sp-e-regiao-ismael-colosi"],"jetpack_publicize_connections":[],"jetpack_featured_media_url":"https:\/\/i0.wp.com\/noticiasribeiraopreto.com.br\/wp-content\/uploads\/2026\/03\/avenida_2026-03-06_16-41-37.webp.webp?fit=1200%2C781&ssl=1","jetpack-related-posts":[{"id":76486,"url":"https:\/\/noticiasribeiraopreto.com.br\/index.php\/2025\/08\/29\/governo-cede-area-do-dnit-para-duplicacao-de-avenida-em-ribeirao-preto\/","url_meta":{"origin":83061,"position":0},"title":"Governo cede \u00e1rea do DNIT para duplica\u00e7\u00e3o de avenida em Ribeir\u00e3o Preto","author":"noticiasribeiraopreto.com.br","date":"29 de August de 2025","format":false,"excerpt":"O DNIT (Departamento de Infraestrutura de Transportes), do Governo Federal, cedeu por 20 anos as \u00e1reas da linha f\u00e9rrea que margeiam a avenida Rio Pardo \u00e0 Prefeitura de Ribeir\u00e3o Preto. O extrato de cess\u00e3o de uso foi publicado nesta sexta-feira (29) no Di\u00e1rio Oficial da Uni\u00e3o e tem o objetivo\u2026","rel":"","context":"In &quot;Not\u00edcias de Ribeir\u00e3o Preto-SP e Regi\u00e3o&quot;","block_context":{"text":"Not\u00edcias de Ribeir\u00e3o Preto-SP e Regi\u00e3o","link":"https:\/\/noticiasribeiraopreto.com.br\/index.php\/category\/noticias-de-ribeirao-preto-sp-e-regiao-ismael-colosi\/"},"img":{"alt_text":"","src":"https:\/\/i0.wp.com\/noticiasribeiraopreto.com.br\/wp-content\/uploads\/2025\/08\/avenida-rio-pardo_2025-08-29_20-39-44.webp.webp?fit=1015%2C573&ssl=1&resize=350%2C200","width":350,"height":200,"srcset":"https:\/\/i0.wp.com\/noticiasribeiraopreto.com.br\/wp-content\/uploads\/2025\/08\/avenida-rio-pardo_2025-08-29_20-39-44.webp.webp?fit=1015%2C573&ssl=1&resize=350%2C200 1x, https:\/\/i0.wp.com\/noticiasribeiraopreto.com.br\/wp-content\/uploads\/2025\/08\/avenida-rio-pardo_2025-08-29_20-39-44.webp.webp?fit=1015%2C573&ssl=1&resize=525%2C300 1.5x, https:\/\/i0.wp.com\/noticiasribeiraopreto.com.br\/wp-content\/uploads\/2025\/08\/avenida-rio-pardo_2025-08-29_20-39-44.webp.webp?fit=1015%2C573&ssl=1&resize=700%2C400 2x"},"classes":[]},{"id":71482,"url":"https:\/\/noticiasribeiraopreto.com.br\/index.php\/2025\/06\/06\/novo-bairro-e-aprovado-em-ribeirao-preto-projeto-preve-duplicacao-de-avenida\/","url_meta":{"origin":83061,"position":1},"title":"Novo bairro \u00e9 aprovado em Ribeir\u00e3o Preto; projeto prev\u00ea duplica\u00e7\u00e3o de avenida","author":"noticiasribeiraopreto.com.br","date":"6 de June de 2025","format":false,"excerpt":"O prefeito de Ribeir\u00e3o Preto, Ricardo Silva (PSD), aprovou um novo bairro na zona Leste, com estimativa de receber at\u00e9 2.540 moradores. O loteamento Nova It\u00e1lia ficar\u00e1 em frente \u00e0 avenida Alfredo Ravanelli, no subsetor Leste 11. De acordo com o decreto publicado no Di\u00e1rio Oficial do Munic\u00edpio na \u00faltima\u2026","rel":"","context":"In &quot;Not\u00edcias de Ribeir\u00e3o Preto-SP e Regi\u00e3o&quot;","block_context":{"text":"Not\u00edcias de Ribeir\u00e3o Preto-SP e Regi\u00e3o","link":"https:\/\/noticiasribeiraopreto.com.br\/index.php\/category\/noticias-de-ribeirao-preto-sp-e-regiao-ismael-colosi\/"},"img":{"alt_text":"","src":"https:\/\/i0.wp.com\/noticiasribeiraopreto.com.br\/wp-content\/uploads\/2025\/06\/alfredo-ravanelli_2025-06-06_13-31-18.webp.webp?fit=1097%2C605&ssl=1&resize=350%2C200","width":350,"height":200,"srcset":"https:\/\/i0.wp.com\/noticiasribeiraopreto.com.br\/wp-content\/uploads\/2025\/06\/alfredo-ravanelli_2025-06-06_13-31-18.webp.webp?fit=1097%2C605&ssl=1&resize=350%2C200 1x, https:\/\/i0.wp.com\/noticiasribeiraopreto.com.br\/wp-content\/uploads\/2025\/06\/alfredo-ravanelli_2025-06-06_13-31-18.webp.webp?fit=1097%2C605&ssl=1&resize=525%2C300 1.5x, https:\/\/i0.wp.com\/noticiasribeiraopreto.com.br\/wp-content\/uploads\/2025\/06\/alfredo-ravanelli_2025-06-06_13-31-18.webp.webp?fit=1097%2C605&ssl=1&resize=700%2C400 2x, https:\/\/i0.wp.com\/noticiasribeiraopreto.com.br\/wp-content\/uploads\/2025\/06\/alfredo-ravanelli_2025-06-06_13-31-18.webp.webp?fit=1097%2C605&ssl=1&resize=1050%2C600 3x"},"classes":[]},{"id":61095,"url":"https:\/\/noticiasribeiraopreto.com.br\/index.php\/2024\/12\/03\/trecho-da-maurilio-biagi-e-interditado-para-construcao-de-duas-pontes-em-ribeirao-preto\/","url_meta":{"origin":83061,"position":2},"title":"Trecho da Maur\u00edlio Biagi \u00e9 interditado para constru\u00e7\u00e3o de duas pontes em Ribeir\u00e3o Preto","author":"noticiasribeiraopreto.com.br","date":"3 de December de 2024","format":false,"excerpt":"Um trecho da avenida Maur\u00edlio Biagi foi parcialmente interditado, na pista bairro-Centro, para a constru\u00e7\u00e3o de duas pontes sobre o c\u00f3rrego Retiro Saudoso, em Ribeir\u00e3o Preto. Segundo a RP Mobi, o fechamento ocorre na faixa da esquerda da pista bairro-Centro, ao lado do canteiro central, nas proximidades da liga\u00e7\u00e3o com\u2026","rel":"","context":"In &quot;Not\u00edcias de Ribeir\u00e3o Preto-SP e Regi\u00e3o&quot;","block_context":{"text":"Not\u00edcias de Ribeir\u00e3o Preto-SP e Regi\u00e3o","link":"https:\/\/noticiasribeiraopreto.com.br\/index.php\/category\/noticias-de-ribeirao-preto-sp-e-regiao-ismael-colosi\/"},"img":{"alt_text":"","src":"https:\/\/i0.wp.com\/noticiasribeiraopreto.com.br\/wp-content\/uploads\/2024\/12\/OBRAS_2024-12-03_17-36-39_jpg_2024-12-03_17-36-40.webp.webp?fit=1200%2C712&ssl=1&resize=350%2C200","width":350,"height":200,"srcset":"https:\/\/i0.wp.com\/noticiasribeiraopreto.com.br\/wp-content\/uploads\/2024\/12\/OBRAS_2024-12-03_17-36-39_jpg_2024-12-03_17-36-40.webp.webp?fit=1200%2C712&ssl=1&resize=350%2C200 1x, https:\/\/i0.wp.com\/noticiasribeiraopreto.com.br\/wp-content\/uploads\/2024\/12\/OBRAS_2024-12-03_17-36-39_jpg_2024-12-03_17-36-40.webp.webp?fit=1200%2C712&ssl=1&resize=525%2C300 1.5x, https:\/\/i0.wp.com\/noticiasribeiraopreto.com.br\/wp-content\/uploads\/2024\/12\/OBRAS_2024-12-03_17-36-39_jpg_2024-12-03_17-36-40.webp.webp?fit=1200%2C712&ssl=1&resize=700%2C400 2x, https:\/\/i0.wp.com\/noticiasribeiraopreto.com.br\/wp-content\/uploads\/2024\/12\/OBRAS_2024-12-03_17-36-39_jpg_2024-12-03_17-36-40.webp.webp?fit=1200%2C712&ssl=1&resize=1050%2C600 3x"},"classes":[]},{"id":72533,"url":"https:\/\/noticiasribeiraopreto.com.br\/index.php\/2025\/06\/18\/quatro-trechos-serao-fechados-no-entorno-de-obra-na-maurilio-biagi\/","url_meta":{"origin":83061,"position":3},"title":"Quatro trechos ser\u00e3o fechados no entorno de obra na Maur\u00edlio Biagi","author":"noticiasribeiraopreto.com.br","date":"18 de June de 2025","format":false,"excerpt":"18 de junho de 2025 09:552 Compartilhar0 Com o andamento da obras de constru\u00e7\u00e3o de duas pontes sobre o c\u00f3rrego Retiro Saudoso, a RP Mobi \u2013 Empresa de Mobilidade Urbana de Ribeir\u00e3o Preto S.A, a antiga Transerp, respons\u00e1vel pelo tr\u00e2nsito e transporte \u2013 vai interditar temporariamente quatro trechos no entorno\u2026","rel":"","context":"In &quot;Not\u00edcias de Ribeir\u00e3o Preto-SP e Regi\u00e3o&quot;","block_context":{"text":"Not\u00edcias de Ribeir\u00e3o Preto-SP e Regi\u00e3o","link":"https:\/\/noticiasribeiraopreto.com.br\/index.php\/category\/noticias-de-ribeirao-preto-sp-e-regiao-ismael-colosi\/"},"img":{"alt_text":"","src":"","width":0,"height":0},"classes":[]},{"id":73899,"url":"https:\/\/noticiasribeiraopreto.com.br\/index.php\/2025\/07\/11\/trecho-de-avenida-em-ribeirao-preto-pode-mudar-de-nome-entenda\/","url_meta":{"origin":83061,"position":4},"title":"Trecho de avenida em Ribeir\u00e3o Preto pode mudar de nome; Entenda","author":"noticiasribeiraopreto.com.br","date":"11 de July de 2025","format":false,"excerpt":"Deu entrada na C\u00e2mara Municipal de Ribeir\u00e3o Preto que pode mudar o nome de trecho da avenida Presidente Vargas, na zona Sul. A proposta tem o objetivo de homenagear o ex-presidente do Sindicato Rural de Ribeir\u00e3o Preto Fl\u00e1vio Prudente Corr\u00eaa, morto em janeiro deste ano. Segundo o projeto do vereador\u2026","rel":"","context":"In &quot;Not\u00edcias de Ribeir\u00e3o Preto-SP e Regi\u00e3o&quot;","block_context":{"text":"Not\u00edcias de Ribeir\u00e3o Preto-SP e Regi\u00e3o","link":"https:\/\/noticiasribeiraopreto.com.br\/index.php\/category\/noticias-de-ribeirao-preto-sp-e-regiao-ismael-colosi\/"},"img":{"alt_text":"","src":"https:\/\/i0.wp.com\/noticiasribeiraopreto.com.br\/wp-content\/uploads\/2025\/07\/vargas_2025-07-11_17-55-51.webp.webp?fit=986%2C628&ssl=1&resize=350%2C200","width":350,"height":200,"srcset":"https:\/\/i0.wp.com\/noticiasribeiraopreto.com.br\/wp-content\/uploads\/2025\/07\/vargas_2025-07-11_17-55-51.webp.webp?fit=986%2C628&ssl=1&resize=350%2C200 1x, https:\/\/i0.wp.com\/noticiasribeiraopreto.com.br\/wp-content\/uploads\/2025\/07\/vargas_2025-07-11_17-55-51.webp.webp?fit=986%2C628&ssl=1&resize=525%2C300 1.5x, https:\/\/i0.wp.com\/noticiasribeiraopreto.com.br\/wp-content\/uploads\/2025\/07\/vargas_2025-07-11_17-55-51.webp.webp?fit=986%2C628&ssl=1&resize=700%2C400 2x"},"classes":[]},{"id":68527,"url":"https:\/\/noticiasribeiraopreto.com.br\/index.php\/2025\/04\/26\/trecho-maurilio-biagi-sera-interditado-hoje\/","url_meta":{"origin":83061,"position":5},"title":"Trecho Maur\u00edlio Biagi ser\u00e1 interditado hoje\u00a0","author":"noticiasribeiraopreto.com.br","date":"26 de April de 2025","format":false,"excerpt":"26 de abril de 2025 08:3025 de abril de 2025 19:288 Compartilhar0 Com o andamento da obras de constru\u00e7\u00e3o de duas pontes sobre o c\u00f3rrego Retiro Saudoso, neste s\u00e1bado, 26 de abril, um trecho da pista Bairro\/Centro da avenida Maur\u00edlio Biagi ser\u00e1 interditado, em frente ao cruzamento da via com\u2026","rel":"","context":"In &quot;Not\u00edcias de Ribeir\u00e3o Preto-SP e Regi\u00e3o&quot;","block_context":{"text":"Not\u00edcias de Ribeir\u00e3o Preto-SP e Regi\u00e3o","link":"https:\/\/noticiasribeiraopreto.com.br\/index.php\/category\/noticias-de-ribeirao-preto-sp-e-regiao-ismael-colosi\/"},"img":{"alt_text":"","src":"https:\/\/i0.wp.com\/noticiasribeiraopreto.com.br\/wp-content\/uploads\/2025\/04\/PontesMAU-Alfredo-Risk-scaled.jpg?fit=800%2C450&ssl=1&resize=350%2C200","width":350,"height":200,"srcset":"https:\/\/i0.wp.com\/noticiasribeiraopreto.com.br\/wp-content\/uploads\/2025\/04\/PontesMAU-Alfredo-Risk-scaled.jpg?fit=800%2C450&ssl=1&resize=350%2C200 1x, https:\/\/i0.wp.com\/noticiasribeiraopreto.com.br\/wp-content\/uploads\/2025\/04\/PontesMAU-Alfredo-Risk-scaled.jpg?fit=800%2C450&ssl=1&resize=525%2C300 1.5x, https:\/\/i0.wp.com\/noticiasribeiraopreto.com.br\/wp-content\/uploads\/2025\/04\/PontesMAU-Alfredo-Risk-scaled.jpg?fit=800%2C450&ssl=1&resize=700%2C400 2x"},"classes":[]}],"jetpack_sharing_enabled":true,"jetpack_shortlink":"https:\/\/wp.me\/peQAOb-lBH","_links":{"self":[{"href":"https:\/\/noticiasribeiraopreto.com.br\/index.php\/wp-json\/wp\/v2\/posts\/83061","targetHints":{"allow":["GET"]}}],"collection":[{"href":"https:\/\/noticiasribeiraopreto.com.br\/index.php\/wp-json\/wp\/v2\/posts"}],"about":[{"href":"https:\/\/noticiasribeiraopreto.com.br\/index.php\/wp-json\/wp\/v2\/types\/post"}],"author":[{"embeddable":true,"href":"https:\/\/noticiasribeiraopreto.com.br\/index.php\/wp-json\/wp\/v2\/users\/1"}],"replies":[{"embeddable":true,"href":"https:\/\/noticiasribeiraopreto.com.br\/index.php\/wp-json\/wp\/v2\/comments?post=83061"}],"version-history":[{"count":0,"href":"https:\/\/noticiasribeiraopreto.com.br\/index.php\/wp-json\/wp\/v2\/posts\/83061\/revisions"}],"wp:featuredmedia":[{"embeddable":true,"href":"https:\/\/noticiasribeiraopreto.com.br\/index.php\/wp-json\/wp\/v2\/media\/83062"}],"wp:attachment":[{"href":"https:\/\/noticiasribeiraopreto.com.br\/index.php\/wp-json\/wp\/v2\/media?parent=83061"}],"wp:term":[{"taxonomy":"category","embeddable":true,"href":"https:\/\/noticiasribeiraopreto.com.br\/index.php\/wp-json\/wp\/v2\/categories?post=83061"},{"taxonomy":"post_tag","embeddable":true,"href":"https:\/\/noticiasribeiraopreto.com.br\/index.php\/wp-json\/wp\/v2\/tags?post=83061"}],"curies":[{"name":"wp","href":"https:\/\/api.w.org\/{rel}","templated":true}]}}