{"id":83063,"date":"2026-03-08T10:29:23","date_gmt":"2026-03-08T13:29:23","guid":{"rendered":"https:\/\/noticiasribeiraopreto.com.br\/index.php\/2026\/03\/08\/a2-sertaozinho-se-classifica-e-segue-na-disputa-pelo-acesso-ao-paulistao\/"},"modified":"2026-03-08T10:29:23","modified_gmt":"2026-03-08T13:29:23","slug":"a2-sertaozinho-se-classifica-e-segue-na-disputa-pelo-acesso-ao-paulistao","status":"publish","type":"post","link":"https:\/\/noticiasribeiraopreto.com.br\/index.php\/2026\/03\/08\/a2-sertaozinho-se-classifica-e-segue-na-disputa-pelo-acesso-ao-paulistao\/","title":{"rendered":"A2: Sert\u00e3ozinho se classifica e segue na disputa pelo acesso ao Paulist\u00e3o"},"content":{"rendered":"<div class='code-block code-block-1' style='margin: 8px 0 8px auto; text-align: right; display: block; clear: both;'>\n<p><a href=\"https:\/\/wa.link\/vpicfd\"><img data-recalc-dims=\"1\" class=\"wp-image-4922\" style=\"aspect-ratio: 2.0253164556962027; width: 561px; height: auto;\" src=\"https:\/\/i0.wp.com\/ismaelcolosi.com.br\/wp-content\/uploads\/2023\/11\/grupo-de-empregos-whatsapp-e-facebook-ismael-colosi-vagas.jpg?ssl=1\" alt=\"\" \/><\/a><\/p>\n<!-- \/wp:image -->\n<\/div>\n<p> <br \/>\n<\/p>\n<div>\n<p>Os classificados do<strong> Paulist\u00e3o A2 2026 <\/strong>est\u00e3o definidos e o <strong>Sert\u00e3ozinho <\/strong>segue na briga por uma vaga na S\u00e9rie A1 de 2027. O Touro dos Canaviais venceu, neste s\u00e1bado (7), o <strong>S\u00e3o Jos\u00e9<\/strong>, fora de casa por 2 a 1.<\/p>\n<p>Tamb\u00e9m conseguiram vaga na pr\u00f3xima fase <strong>Juventus <\/strong>e <strong>XV de Piracicaba<\/strong>. O trio se juntou \u00e0 <strong>\u00c1gua Santa<\/strong>, <strong>Ferrovi\u00e1ria<\/strong>, <strong>Ituano<\/strong>, <strong>S\u00e3o Jos\u00e9 <\/strong>e<strong> Votuporanguense<\/strong>, que j\u00e1 haviam se classificado de forma antecipada para o quadrangular, enquanto o<strong> Gr\u00eamio Prudente<\/strong> se junta ao <strong>S\u00e3o Bento <\/strong>no Paulist\u00e3o A3 2027.<\/p>\n<h2 class=\"wp-block-heading\"><strong>Sert\u00e3ozinho classificado<\/strong><\/h2>\n<p>Um dos favoritos a garantirem uma vaga na pr\u00f3xima fase, o Sert\u00e3ozinho n\u00e3o deu muitas chances ao azar e superou o S\u00e3o Jos\u00e9 por 2 a 1 no est\u00e1dio Martins Pereira, indo a 25 pontos e se garantindo em quinto lugar, uma posi\u00e7\u00e3o atr\u00e1s do time da casa, com 27.<\/p>\n<blockquote class=\"instagram-media\" data-instgrm-permalink=\"https:\/\/www.instagram.com\/reel\/DVmFm7DCZip\/?utm_source=ig_embed&amp;utm_campaign=loading\" data-instgrm-version=\"14\" style=\" background:#FFF; border:0; border-radius:3px; box-shadow:0 0 1px 0 rgba(0,0,0,0.5),0 1px 10px 0 rgba(0,0,0,0.15); margin: 1px; max-width:540px; min-width:326px; padding:0; width:99.375%; width:-webkit-calc(100% - 2px); width:calc(100% - 2px);\"\/>\n<h2 class=\"wp-block-heading\"><strong>Monte Azul se livra<\/strong><\/h2>\n<p>Quem se livrou do rebaixamento foi o Monte Azul, que buscou o empate por 3 a 3 com o Ituano ap\u00f3s ter desvantagem de 3 gols, e tamb\u00e9m foi a 12 pontos. Com isso, a equipe da regi\u00e3o de Ribeir\u00e3o Preto levou vantagem no n\u00famero de vit\u00f3rias sobre o Gr\u00eamio Prudente (2 a 1), e permanece na divis\u00e3o em 2027.<\/p>\n<h2 class=\"wp-block-heading\"><strong>Segunda fase<\/strong><\/h2>\n<p>Na segunda fase, os oito classificados ser\u00e3o divididos em dois grupos com quatro clubes cada, que se enfrentar\u00e3o em turno e returno. O Grupo 2 reunir\u00e1 o 1\u00ba, 3\u00ba, 6\u00ba e 8\u00ba colocados da fase inicial, enquanto o Grupo 3 ser\u00e1 formado por 2\u00ba, 4\u00ba, 5\u00ba e 7\u00ba colocados.<\/p>\n<p>Os dois melhores de cada grupo avan\u00e7am para a semifinal. Nessa etapa, o l\u00edder do Grupo 2 enfrentar\u00e1 o vice do Grupo 3, enquanto o primeiro do Grupo 3 encara o segundo do Grupo 2. Os vencedores chegam \u00e0 final e garantem o acesso \u00e0 elite do futebol paulista em 2027.<\/p>\n<h2 class=\"wp-block-heading\"><strong>Confira os grupos da 2\u00aa Fase do Paulist\u00e3o A2 2026:<\/strong><\/h2>\n<h3 class=\"wp-block-heading\"><strong>GRUPO 2<\/strong><\/h3>\n<p>1\u00b0 \u2013 \u00c1gua Santa<\/p>\n<p>3\u00b0 \u2013 Ituano<\/p>\n<p>6\u00b0 \u2013 Votuporanguense<\/p>\n<p>8\u00b0 \u2013 XV de Piracicaba<\/p>\n<h3 class=\"wp-block-heading\"><strong>GRUPO 3<\/strong><\/h3>\n<p>2\u00ba \u2013 Ferrovi\u00e1ria<\/p>\n<p>4\u00ba \u2013 S\u00e3o Jos\u00e9<\/p>\n<p>5\u00ba \u2013 Sert\u00e3ozinho<\/p>\n<p>7\u00ba \u2013 Juventus<\/p>\n<p>SAIBA MAIS<br \/>De volta \u00e0s piscinas: Nicholas Santos retoma carreira com foco nos Jogos de 2028<\/p>\n<h2 class=\"wp-block-heading\"><strong>FIQUE ON<\/strong><\/h2>\n<p>Fique ligado em tudo que acontece em Ribeir\u00e3o Preto e regi\u00e3o. Siga os perfis do\u00a0<strong>acidade on<\/strong>\u00a0no<a href=\"https:\/\/www.instagram.com\/acidadeonribeirao\" target=\"_blank\" rel=\"noreferrer noopener\">\u00a0Instagram\u00a0<\/a>e no\u00a0<a href=\"https:\/\/www.facebook.com\/acidadeonribeirao\/\" target=\"_blank\" rel=\"noreferrer noopener\">Facebook<\/a>.<\/p>\n<p>Receba not\u00edcias do\u00a0<strong>acidade on<\/strong>\u00a0no WhatsApp. Para entrar no grupo,\u00a0basta\u00a0<a href=\"https:\/\/chat.whatsapp.com\/GFH9HUMUTHNFJdnyEd0xxq\" target=\"_blank\" rel=\"noreferrer noopener\">clicar aqui<\/a>. Ou, acesse o nosso\u00a0Canal\u00a0<a href=\"https:\/\/whatsapp.com\/channel\/0029Vb6IQl1JENyAeS57fk2p\" target=\"_blank\" rel=\"noreferrer noopener\">clicando aqui<\/a>.<\/p>\n<p>Fa\u00e7a uma den\u00fancia ou sugira uma reportagem sobre Ribeir\u00e3o Preto e regi\u00e3o pelo WhatsApp: 16 99117 7802.<\/p>\n<p>VEJA TAMB\u00c9M<br \/>Quem \u00e9 Maycon Cardozo? Brasileiro faz sua estreia oficial no Bayern de Munique aos 17 anos<\/p>\n<p><!-- AI CONTENT END 1 -->\n<\/div>\n<p><script async src=\"\/\/www.instagram.com\/embed.js\"><\/script><br \/>\n<br \/><br \/>\n<br \/><a href=\"https:\/\/www.acidadeon.com\/ribeiraopreto\/esportes\/a2-sertaozinho-se-classifica-e-segue-na-disputa-pelo-acesso-ao-paulistao\/\">Source link <\/a><\/p>\n<!-- CONTENT END 1 -->\n","protected":false},"excerpt":{"rendered":"<p>Os classificados do Paulist\u00e3o A2 2026 est\u00e3o definidos e o Sert\u00e3ozinho segue na briga por uma vaga na S\u00e9rie A1 de 2027. O Touro dos&#8230;<\/p>\n","protected":false},"author":1,"featured_media":83064,"comment_status":"open","ping_status":"open","sticky":false,"template":"","format":"standard","meta":{"advanced_seo_description":"","jetpack_seo_html_title":"","jetpack_seo_noindex":false,"jetpack_post_was_ever_published":false,"_jetpack_newsletter_access":"","_jetpack_dont_email_post_to_subs":false,"_jetpack_newsletter_tier_id":0,"_jetpack_memberships_contains_paywalled_content":false,"_jetpack_memberships_contains_paid_content":false,"footnotes":"","jetpack_publicize_message":"","jetpack_publicize_feature_enabled":true,"jetpack_social_post_already_shared":true,"jetpack_social_options":{"image_generator_settings":{"template":"highway","default_image_id":0,"font":"","enabled":false},"version":2}},"categories":[11],"tags":[],"class_list":["post-83063","post","type-post","status-publish","format-standard","has-post-thumbnail","hentry","category-noticias-de-ribeirao-preto-sp-e-regiao-ismael-colosi"],"jetpack_publicize_connections":[],"jetpack_featured_media_url":"https:\/\/i0.wp.com\/noticiasribeiraopreto.com.br\/wp-content\/uploads\/2026\/03\/sertaozinho-paulistao_2026-03-07_21-14-43.webp.webp?fit=1200%2C674&ssl=1","jetpack-related-posts":[{"id":82494,"url":"https:\/\/noticiasribeiraopreto.com.br\/index.php\/2026\/02\/16\/paulistao-confira-os-confrontos-das-quartas\/","url_meta":{"origin":83063,"position":0},"title":"Paulist\u00e3o: confira os confrontos das quartas","author":"noticiasribeiraopreto.com.br","date":"16 de February de 2026","format":false,"excerpt":"\r \r \r 16 de fevereiro de 2026 11:3316 de fevereiro de 2026 11:34 \r Compartilhar0 Neste domingo, das 16 equipes da S\u00e9rie A1 do Campeonato Paulista entraram em campo para a defini\u00e7\u00e3o de classificados e rebaixados. Na disputa da oitava e \u00faltima rodada da primeira fase do Estadual, houve\u2026","rel":"","context":"In &quot;Not\u00edcias de Ribeir\u00e3o Preto-SP e Regi\u00e3o&quot;","block_context":{"text":"Not\u00edcias de Ribeir\u00e3o Preto-SP e Regi\u00e3o","link":"https:\/\/noticiasribeiraopreto.com.br\/index.php\/category\/noticias-de-ribeirao-preto-sp-e-regiao-ismael-colosi\/"},"img":{"alt_text":"","src":"https:\/\/i0.wp.com\/noticiasribeiraopreto.com.br\/wp-content\/uploads\/2026\/02\/55098247983_6788b208d7_c.jpg?fit=799%2C533&ssl=1&resize=350%2C200","width":350,"height":200,"srcset":"https:\/\/i0.wp.com\/noticiasribeiraopreto.com.br\/wp-content\/uploads\/2026\/02\/55098247983_6788b208d7_c.jpg?fit=799%2C533&ssl=1&resize=350%2C200 1x, https:\/\/i0.wp.com\/noticiasribeiraopreto.com.br\/wp-content\/uploads\/2026\/02\/55098247983_6788b208d7_c.jpg?fit=799%2C533&ssl=1&resize=525%2C300 1.5x, https:\/\/i0.wp.com\/noticiasribeiraopreto.com.br\/wp-content\/uploads\/2026\/02\/55098247983_6788b208d7_c.jpg?fit=799%2C533&ssl=1&resize=700%2C400 2x"},"classes":[]},{"id":42286,"url":"https:\/\/noticiasribeiraopreto.com.br\/index.php\/2024\/03\/13\/fpf-divulga-horarios-e-locais-dos-confrontos-das-quartas-de-final-do-paulistao\/","url_meta":{"origin":83063,"position":1},"title":"FPF divulga hor\u00e1rios e locais dos confrontos das quartas de final do Paulist\u00e3o\u00a0","author":"noticiasribeiraopreto.com.br","date":"13 de March de 2024","format":false,"excerpt":"13 de mar\u00e7o de 2024 | 17:0013 de mar\u00e7o de 2024 | 10:47 0O fim da primeira fase do Campeonato Paulista encaminhou o torneio para o mata-mata. Na \u00faltima rodada, restavam apenas tr\u00eas vagas, que ficaram com S\u00e3o Paulo, Novorizontino e Ponte Preta. Os \u00faltimos jogos tamb\u00e9m cravaram o rebaixamento\u2026","rel":"","context":"In &quot;Not\u00edcias de Ribeir\u00e3o Preto-SP e Regi\u00e3o&quot;","block_context":{"text":"Not\u00edcias de Ribeir\u00e3o Preto-SP e Regi\u00e3o","link":"https:\/\/noticiasribeiraopreto.com.br\/index.php\/category\/noticias-de-ribeirao-preto-sp-e-regiao-ismael-colosi\/"},"img":{"alt_text":"","src":"https:\/\/i0.wp.com\/noticiasribeiraopreto.com.br\/wp-content\/uploads\/2024\/03\/Paulistao-scaled.jpg?fit=773%2C645&ssl=1&resize=350%2C200","width":350,"height":200,"srcset":"https:\/\/i0.wp.com\/noticiasribeiraopreto.com.br\/wp-content\/uploads\/2024\/03\/Paulistao-scaled.jpg?fit=773%2C645&ssl=1&resize=350%2C200 1x, https:\/\/i0.wp.com\/noticiasribeiraopreto.com.br\/wp-content\/uploads\/2024\/03\/Paulistao-scaled.jpg?fit=773%2C645&ssl=1&resize=525%2C300 1.5x, https:\/\/i0.wp.com\/noticiasribeiraopreto.com.br\/wp-content\/uploads\/2024\/03\/Paulistao-scaled.jpg?fit=773%2C645&ssl=1&resize=700%2C400 2x"},"classes":[]},{"id":72663,"url":"https:\/\/noticiasribeiraopreto.com.br\/index.php\/2025\/06\/19\/atacadista-inaugura-nova-loja-no-interior-de-sp-veja-onde-e-quando\/","url_meta":{"origin":83063,"position":2},"title":"Atacadista inaugura nova loja no interior de SP; Veja onde e quando","author":"noticiasribeiraopreto.com.br","date":"19 de June de 2025","format":false,"excerpt":"O Paulist\u00e3o Atacadista inaugura no dia 24 de junho, sua primeira loja em Sert\u00e3ozinho, cidade a cerca de 20 quil\u00f4metros de dist\u00e2ncia de Ribeir\u00e3o Preto. A abertura para o p\u00fablico acontece \u00e0s 9h. A nova unidade est\u00e1 localizada na estrada Ant\u00f4nio Sarti, em um complexo comercial ao lado da loja\u2026","rel":"","context":"In &quot;Not\u00edcias de Ribeir\u00e3o Preto-SP e Regi\u00e3o&quot;","block_context":{"text":"Not\u00edcias de Ribeir\u00e3o Preto-SP e Regi\u00e3o","link":"https:\/\/noticiasribeiraopreto.com.br\/index.php\/category\/noticias-de-ribeirao-preto-sp-e-regiao-ismael-colosi\/"},"img":{"alt_text":"","src":"https:\/\/i0.wp.com\/noticiasribeiraopreto.com.br\/wp-content\/uploads\/2025\/06\/Copia-de-Copia-de-Copia-de-TAMANHO-EXATO-PARA-FOTOS-NO-SISTEMA-NOVO-2025-06-19T141354.603_2025-06-19_17-14-00.webp.webp?fit=1200%2C675&ssl=1&resize=350%2C200","width":350,"height":200,"srcset":"https:\/\/i0.wp.com\/noticiasribeiraopreto.com.br\/wp-content\/uploads\/2025\/06\/Copia-de-Copia-de-Copia-de-TAMANHO-EXATO-PARA-FOTOS-NO-SISTEMA-NOVO-2025-06-19T141354.603_2025-06-19_17-14-00.webp.webp?fit=1200%2C675&ssl=1&resize=350%2C200 1x, https:\/\/i0.wp.com\/noticiasribeiraopreto.com.br\/wp-content\/uploads\/2025\/06\/Copia-de-Copia-de-Copia-de-TAMANHO-EXATO-PARA-FOTOS-NO-SISTEMA-NOVO-2025-06-19T141354.603_2025-06-19_17-14-00.webp.webp?fit=1200%2C675&ssl=1&resize=525%2C300 1.5x, https:\/\/i0.wp.com\/noticiasribeiraopreto.com.br\/wp-content\/uploads\/2025\/06\/Copia-de-Copia-de-Copia-de-TAMANHO-EXATO-PARA-FOTOS-NO-SISTEMA-NOVO-2025-06-19T141354.603_2025-06-19_17-14-00.webp.webp?fit=1200%2C675&ssl=1&resize=700%2C400 2x, https:\/\/i0.wp.com\/noticiasribeiraopreto.com.br\/wp-content\/uploads\/2025\/06\/Copia-de-Copia-de-Copia-de-TAMANHO-EXATO-PARA-FOTOS-NO-SISTEMA-NOVO-2025-06-19T141354.603_2025-06-19_17-14-00.webp.webp?fit=1200%2C675&ssl=1&resize=1050%2C600 3x"},"classes":[]},{"id":66924,"url":"https:\/\/noticiasribeiraopreto.com.br\/index.php\/2025\/04\/07\/serie-a3-primeiro-jogo-da-final-entre-sertaozinho-e-monte-azul-tem-data-confirmada\/","url_meta":{"origin":83063,"position":3},"title":"S\u00e9rie A3: Primeiro jogo da final entre Sert\u00e3ozinho e Monte Azul tem data confirmada","author":"noticiasribeiraopreto.com.br","date":"7 de April de 2025","format":false,"excerpt":"A Federa\u00e7\u00e3o Paulista de Futebol (FPF) divulgou a data do jogo de ida da final do Campeonato Paulista da S\u00e9rie A3 entre Sert\u00e3ozinho e Monte Azul. A partida est\u00e1 marcada para quarta-feira (9), \u00e0s 19h, em Sert\u00e3ozinho. O jogo da volta ainda n\u00e3o tem data definida, pois o Monte Azul\u2026","rel":"","context":"In &quot;Not\u00edcias de Ribeir\u00e3o Preto-SP e Regi\u00e3o&quot;","block_context":{"text":"Not\u00edcias de Ribeir\u00e3o Preto-SP e Regi\u00e3o","link":"https:\/\/noticiasribeiraopreto.com.br\/index.php\/category\/noticias-de-ribeirao-preto-sp-e-regiao-ismael-colosi\/"},"img":{"alt_text":"","src":"https:\/\/i0.wp.com\/noticiasribeiraopreto.com.br\/wp-content\/uploads\/2025\/04\/Copia-de-Copia-de-Copia-de-TAMANHO-EXATO-PARA-FOTOS-NO-SISTEMA-NOVO-2025-04-07T143648.388_2025-04-07_17-36-53_png_2025-04-07_17-36-53.webp.webp?fit=1200%2C675&ssl=1&resize=350%2C200","width":350,"height":200,"srcset":"https:\/\/i0.wp.com\/noticiasribeiraopreto.com.br\/wp-content\/uploads\/2025\/04\/Copia-de-Copia-de-Copia-de-TAMANHO-EXATO-PARA-FOTOS-NO-SISTEMA-NOVO-2025-04-07T143648.388_2025-04-07_17-36-53_png_2025-04-07_17-36-53.webp.webp?fit=1200%2C675&ssl=1&resize=350%2C200 1x, https:\/\/i0.wp.com\/noticiasribeiraopreto.com.br\/wp-content\/uploads\/2025\/04\/Copia-de-Copia-de-Copia-de-TAMANHO-EXATO-PARA-FOTOS-NO-SISTEMA-NOVO-2025-04-07T143648.388_2025-04-07_17-36-53_png_2025-04-07_17-36-53.webp.webp?fit=1200%2C675&ssl=1&resize=525%2C300 1.5x, https:\/\/i0.wp.com\/noticiasribeiraopreto.com.br\/wp-content\/uploads\/2025\/04\/Copia-de-Copia-de-Copia-de-TAMANHO-EXATO-PARA-FOTOS-NO-SISTEMA-NOVO-2025-04-07T143648.388_2025-04-07_17-36-53_png_2025-04-07_17-36-53.webp.webp?fit=1200%2C675&ssl=1&resize=700%2C400 2x, https:\/\/i0.wp.com\/noticiasribeiraopreto.com.br\/wp-content\/uploads\/2025\/04\/Copia-de-Copia-de-Copia-de-TAMANHO-EXATO-PARA-FOTOS-NO-SISTEMA-NOVO-2025-04-07T143648.388_2025-04-07_17-36-53_png_2025-04-07_17-36-53.webp.webp?fit=1200%2C675&ssl=1&resize=1050%2C600 3x"},"classes":[]},{"id":43432,"url":"https:\/\/noticiasribeiraopreto.com.br\/index.php\/2024\/03\/21\/atacadista-abre-mais-de-100-vagas-em-rp\/","url_meta":{"origin":83063,"position":4},"title":"Atacadista abre mais de 100 vagas em RP\u00a0","author":"noticiasribeiraopreto.com.br","date":"21 de March de 2024","format":false,"excerpt":"21 de mar\u00e7o de 2024 | 11:0020 de mar\u00e7o de 2024 | 23:28 0O Paulist\u00e3o Atacadista, bandeira que faz parte do Grupo Savegnago, est\u00e1 com mais de 100 vagas de emprego abertas para sua nova loja no Parque Industrial Lagoinha, Zona Leste de Ribeir\u00e3o Preto. As oportunidades s\u00e3o para diversos\u2026","rel":"","context":"In &quot;Not\u00edcias de Ribeir\u00e3o Preto-SP e Regi\u00e3o&quot;","block_context":{"text":"Not\u00edcias de Ribeir\u00e3o Preto-SP e Regi\u00e3o","link":"https:\/\/noticiasribeiraopreto.com.br\/index.php\/category\/noticias-de-ribeirao-preto-sp-e-regiao-ismael-colosi\/"},"img":{"alt_text":"","src":"https:\/\/i0.wp.com\/noticiasribeiraopreto.com.br\/wp-content\/uploads\/2024\/03\/siteok-scaled.jpg?fit=980%2C645&ssl=1&resize=350%2C200","width":350,"height":200,"srcset":"https:\/\/i0.wp.com\/noticiasribeiraopreto.com.br\/wp-content\/uploads\/2024\/03\/siteok-scaled.jpg?fit=980%2C645&ssl=1&resize=350%2C200 1x, https:\/\/i0.wp.com\/noticiasribeiraopreto.com.br\/wp-content\/uploads\/2024\/03\/siteok-scaled.jpg?fit=980%2C645&ssl=1&resize=525%2C300 1.5x, https:\/\/i0.wp.com\/noticiasribeiraopreto.com.br\/wp-content\/uploads\/2024\/03\/siteok-scaled.jpg?fit=980%2C645&ssl=1&resize=700%2C400 2x"},"classes":[]},{"id":64779,"url":"https:\/\/noticiasribeiraopreto.com.br\/index.php\/2025\/03\/12\/jornal-da-franca-champions-league-america-sesi-franca-pega-o-quimsa-em-casa-por-vaga-nas-semifinais\/","url_meta":{"origin":83063,"position":5},"title":"Jornal da Franca &#8211; Champions League Am\u00e9rica: Sesi Franca pega o Quimsa em casa por vaga nas semifinais","author":"noticiasribeiraopreto.com.br","date":"12 de March de 2025","format":false,"excerpt":"compartilhar no whatsapp compartilhar no telegram compartilhar no facebook compartilhar no linkedin Equipe do Sesi Franca ganhou primeiro jogo na Argentina e pode despachar argentinos O Sesi Franca Basquete entrar\u00e1 em quadra na noite desta quarta-feira, \u00e0s 20h40, pela segunda partida da s\u00e9rie melhor de tr\u00eas das quartas de finais\u2026","rel":"","context":"In &quot;Not\u00edcias de Franca-SP&quot;","block_context":{"text":"Not\u00edcias de Franca-SP","link":"https:\/\/noticiasribeiraopreto.com.br\/index.php\/category\/noticias-de-ribeirao-preto-sp-e-regiao-ismael-colosi\/noticias-franca-sp\/"},"img":{"alt_text":"","src":"https:\/\/i0.wp.com\/noticiasribeiraopreto.com.br\/wp-content\/uploads\/2025\/03\/pLENARIO-5.jpg?fit=1024%2C683&ssl=1&resize=350%2C200","width":350,"height":200,"srcset":"https:\/\/i0.wp.com\/noticiasribeiraopreto.com.br\/wp-content\/uploads\/2025\/03\/pLENARIO-5.jpg?fit=1024%2C683&ssl=1&resize=350%2C200 1x, https:\/\/i0.wp.com\/noticiasribeiraopreto.com.br\/wp-content\/uploads\/2025\/03\/pLENARIO-5.jpg?fit=1024%2C683&ssl=1&resize=525%2C300 1.5x, https:\/\/i0.wp.com\/noticiasribeiraopreto.com.br\/wp-content\/uploads\/2025\/03\/pLENARIO-5.jpg?fit=1024%2C683&ssl=1&resize=700%2C400 2x"},"classes":[]}],"jetpack_sharing_enabled":true,"jetpack_shortlink":"https:\/\/wp.me\/peQAOb-lBJ","_links":{"self":[{"href":"https:\/\/noticiasribeiraopreto.com.br\/index.php\/wp-json\/wp\/v2\/posts\/83063","targetHints":{"allow":["GET"]}}],"collection":[{"href":"https:\/\/noticiasribeiraopreto.com.br\/index.php\/wp-json\/wp\/v2\/posts"}],"about":[{"href":"https:\/\/noticiasribeiraopreto.com.br\/index.php\/wp-json\/wp\/v2\/types\/post"}],"author":[{"embeddable":true,"href":"https:\/\/noticiasribeiraopreto.com.br\/index.php\/wp-json\/wp\/v2\/users\/1"}],"replies":[{"embeddable":true,"href":"https:\/\/noticiasribeiraopreto.com.br\/index.php\/wp-json\/wp\/v2\/comments?post=83063"}],"version-history":[{"count":0,"href":"https:\/\/noticiasribeiraopreto.com.br\/index.php\/wp-json\/wp\/v2\/posts\/83063\/revisions"}],"wp:featuredmedia":[{"embeddable":true,"href":"https:\/\/noticiasribeiraopreto.com.br\/index.php\/wp-json\/wp\/v2\/media\/83064"}],"wp:attachment":[{"href":"https:\/\/noticiasribeiraopreto.com.br\/index.php\/wp-json\/wp\/v2\/media?parent=83063"}],"wp:term":[{"taxonomy":"category","embeddable":true,"href":"https:\/\/noticiasribeiraopreto.com.br\/index.php\/wp-json\/wp\/v2\/categories?post=83063"},{"taxonomy":"post_tag","embeddable":true,"href":"https:\/\/noticiasribeiraopreto.com.br\/index.php\/wp-json\/wp\/v2\/tags?post=83063"}],"curies":[{"name":"wp","href":"https:\/\/api.w.org\/{rel}","templated":true}]}}