{"id":83067,"date":"2026-03-08T10:44:10","date_gmt":"2026-03-08T13:44:10","guid":{"rendered":"https:\/\/noticiasribeiraopreto.com.br\/index.php\/2026\/03\/08\/turne-as-guardias-do-k-pop-chega-ao-theatro-pedro-ii-veja-como-comprar-ingressos\/"},"modified":"2026-03-08T10:44:10","modified_gmt":"2026-03-08T13:44:10","slug":"turne-as-guardias-do-k-pop-chega-ao-theatro-pedro-ii-veja-como-comprar-ingressos","status":"publish","type":"post","link":"https:\/\/noticiasribeiraopreto.com.br\/index.php\/2026\/03\/08\/turne-as-guardias-do-k-pop-chega-ao-theatro-pedro-ii-veja-como-comprar-ingressos\/","title":{"rendered":"Turn\u00ea &#8216;As Guardi\u00e3s do K-POP&#8217; chega ao Theatro Pedro II; Veja como comprar ingressos"},"content":{"rendered":"<div class='code-block code-block-1' style='margin: 8px 0 8px auto; text-align: right; display: block; clear: both;'>\n<p><a href=\"https:\/\/wa.link\/vpicfd\"><img data-recalc-dims=\"1\" class=\"wp-image-4922\" style=\"aspect-ratio: 2.0253164556962027; width: 561px; height: auto;\" src=\"https:\/\/i0.wp.com\/ismaelcolosi.com.br\/wp-content\/uploads\/2023\/11\/grupo-de-empregos-whatsapp-e-facebook-ismael-colosi-vagas.jpg?ssl=1\" alt=\"\" \/><\/a><\/p>\n<!-- \/wp:image -->\n<\/div>\n<p> <br \/>\n<\/p>\n<div>\n<p>Inspirada na anima\u00e7\u00e3o da Netflix, a turn\u00ea \u201c<strong>As Guardi\u00e3s do K-POP<\/strong>\u201d desembarca no <strong>Theatro Pedro II<\/strong>, em Ribeir\u00e3o Preto,<strong> <\/strong>no dia 20 de abril, \u00e0s 18h. Os ingressos podem ser adquiridos <strong>pela internet<\/strong><a href=\"https:\/\/megabilheteria.com\/evento?id=20260306191455\" data-type=\"link\" data-id=\"https:\/\/megabilheteria.com\/evento?id=20260306191455\" target=\"_blank\" rel=\"noopener\"> (clique aqui)<\/a> ou na bilheteria<strong> <\/strong>do teatro.<\/p>\n<p>Com mais de 100 sess\u00f5es esgotadas, o grupo chega \u00e0<strong> Ribeir\u00e3o Preto<\/strong> para uma noite de espet\u00e1culo. O p\u00fablico vai testemunhar coreografias sincronizadas, <strong>figurinos exclusivos<\/strong> e uma superprodu\u00e7\u00e3o vibrante. O show tamb\u00e9m traz uma mensagem sobre <strong>uni\u00e3o e empoderamento feminino.\u00a0<\/strong><\/p>\n<figure class=\"wp-block-image size-large\"><img data-recalc-dims=\"1\" fetchpriority=\"high\" decoding=\"async\" width=\"683\" height=\"1024\" src=\"https:\/\/i0.wp.com\/cdn.media-acidadeon.com.br\/ribeiraopreto\/wp-content\/uploads\/sites\/3\/2026\/03\/k-pop-pedro-II-editada_2026-03-07_18-50-33-683x1024.webp?resize=683%2C1024&#038;ssl=1\" alt=\"k pop pedro II editada 2026 03 07 18 50 33\" class=\"wp-image-148098\" title=\"Turn\u00ea 'As Guardi\u00e3s do K-POP' chega ao Theatro Pedro II; Veja como comprar ingressos 1\" srcset=\"https:\/\/cdn.media-acidadeon.com.br\/ribeiraopreto\/wp-content\/uploads\/sites\/3\/2026\/03\/k-pop-pedro-II-editada_2026-03-07_18-50-33-683x1024.webp 683w, https:\/\/cdn.media-acidadeon.com.br\/ribeiraopreto\/wp-content\/uploads\/sites\/3\/2026\/03\/k-pop-pedro-II-editada_2026-03-07_18-50-33-200x300.webp 200w, https:\/\/cdn.media-acidadeon.com.br\/ribeiraopreto\/wp-content\/uploads\/sites\/3\/2026\/03\/k-pop-pedro-II-editada_2026-03-07_18-50-33-768x1152.webp 768w, https:\/\/cdn.media-acidadeon.com.br\/ribeiraopreto\/wp-content\/uploads\/sites\/3\/2026\/03\/k-pop-pedro-II-editada_2026-03-07_18-50-33-1024x1536.webp 1024w, https:\/\/cdn.media-acidadeon.com.br\/ribeiraopreto\/wp-content\/uploads\/sites\/3\/2026\/03\/k-pop-pedro-II-editada_2026-03-07_18-50-33-696x1044.webp 696w, https:\/\/cdn.media-acidadeon.com.br\/ribeiraopreto\/wp-content\/uploads\/sites\/3\/2026\/03\/k-pop-pedro-II-editada_2026-03-07_18-50-33-1068x1602.webp 1068w, https:\/\/cdn.media-acidadeon.com.br\/ribeiraopreto\/wp-content\/uploads\/sites\/3\/2026\/03\/k-pop-pedro-II-editada_2026-03-07_18-50-33.webp 1200w\" sizes=\"(max-width: 683px) 100vw, 683px\"\/><figcaption class=\"wp-element-caption\">As Guari\u00e3s do K-POP chegam \u00e0 Ribeir\u00e3o Preto em show no Theatro Pedro II. Foto: Divulga\u00e7\u00e3o<\/figcaption><\/figure>\n<p>O produtor e diretor <strong>Kevin Christopher Rivera<\/strong> conta que o show \u00e9 o programa perfeito para os pais celebrarem com seus filhos uma apresenta\u00e7\u00e3o de muita alegria e ritmo contagiante. O respons\u00e1vel pela passagem desta turn\u00ea no Brasil \u00e9 o grupo<strong> da Escola de Musicais e Arte Black &amp; Red<\/strong>.\u00a0<\/p>\n<h2 class=\"wp-block-heading\"><strong>SERVI\u00c7O<\/strong><\/h2>\n<p><strong>Data:<\/strong> 20 de abril<\/p>\n<p><strong>Hor\u00e1rio: <\/strong>18h\u00a0<\/p>\n<p><strong>Local: <\/strong>Theatro Pedro II<\/p>\n<p><strong>Classifica\u00e7\u00e3o: <\/strong>Livre<\/p>\n<p><strong>Ingressos:<\/strong><\/p>\n<p><strong><em>\u00a0\u00a0\u00a0\u00a0\u00a0\u00a0\u00a0\u00a0\u00a0\u00a0\u00a0\u00a0\u00a0\u00a0\u00a0\u00a0\u00a0\u00a0\u00a0\u00a0\u00a0\u00a0\u00a0\u00a0\u00a0\u00a0\u00a0\u00a0\u00a0\u00a0\u00a0\u00a0\u00a0\u00a0\u00a0\u00a0\u00a0Meia Entrada \u00a0 \u00a0 \u00a0 \u00a0 \u00a0 \u00a0 \u00a0 \u00a0 \u00a0 \u00a0 \u00a0 \u00a0 \u00a0 \u00a0 \u00a0 \u00a0 Inteira<\/em><\/strong><\/p>\n<p><strong>Plateia de A\u00a0 \u00a0 \u00a0 \u00a0 \u00a0 \u00a0 \u00a0 \u00a0 \u00a0 \u00a0 <\/strong>R$ 220,00 \u00a0 \u00a0 \u00a0 \u00a0 \u00a0 \u00a0 \u00a0 \u00a0 \u00a0 \u00a0 \u00a0 \u00a0 \u00a0 \u00a0 \u00a0 R$ 440,00<\/p>\n<p><strong>Plateia de B\u00a0 \u00a0 \u00a0 \u00a0 \u00a0 \u00a0 \u00a0 \u00a0 \u00a0 \u00a0 <\/strong>R$ 200,00 \u00a0 \u00a0 \u00a0 \u00a0 \u00a0 \u00a0 \u00a0 \u00a0 \u00a0 \u00a0 \u00a0 \u00a0 \u00a0 \u00a0 \u00a0 R$ 400,00<\/p>\n<p><strong>FRISA\u00a0 \u00a0 \u00a0 \u00a0 \u00a0 \u00a0 \u00a0 \u00a0 \u00a0 \u00a0 \u00a0 \u00a0 \u00a0 \u00a0 \u00a0 <\/strong>R$ 200,00 \u00a0 \u00a0 \u00a0 \u00a0 \u00a0 \u00a0 \u00a0 \u00a0 \u00a0 \u00a0 \u00a0 \u00a0 \u00a0 \u00a0 \u00a0 R$ 400,00<\/p>\n<p><strong>Balc\u00e3o Nobre\u00a0 \u00a0 \u00a0 \u00a0 \u00a0 \u00a0 \u00a0 \u00a0 \u00a0 <\/strong>R$ 180,00 \u00a0 \u00a0 \u00a0 \u00a0 \u00a0 \u00a0 \u00a0 \u00a0 \u00a0 \u00a0 \u00a0 \u00a0 \u00a0 \u00a0 \u00a0 R$ 360,00<\/p>\n<p><strong>Balc\u00e3o Simples \u00a0 \u00a0 \u00a0 \u00a0 \u00a0 \u00a0 \u00a0 <\/strong>R$ 170,00 \u00a0 \u00a0 \u00a0 \u00a0 \u00a0 \u00a0 \u00a0 \u00a0 \u00a0 \u00a0 \u00a0 \u00a0 \u00a0 \u00a0 \u00a0 R$ 340,00<\/p>\n<p><em>*os valores n\u00e3o incluem a taxa de servi\u00e7o do site.<\/em><\/p>\n<p><strong>VENDA ONLINE (cobrado taxa de servi\u00e7o):<\/strong><\/p>\n<p>As compras online podem ser feitas pelo site (<a href=\"https:\/\/megabilheteria.com\/evento?id=20260306191455\" data-type=\"link\" data-id=\"https:\/\/megabilheteria.com\/evento?id=20260306191455\" target=\"_blank\" rel=\"noopener\">clique aqui<\/a>)<\/p>\n<p><strong>VENDA PRESENCIAL (sem taxa de servi\u00e7o):<\/strong><\/p>\n<p>As vendas presenciais acontecem na<strong> bilheteria do Theatro Pedro II\u00a0<\/strong><\/p>\n<p><em>** Crian\u00e7as at\u00e9 24 meses de idade que ficarem no colo dos pais, n\u00e3o pagam.<\/em><\/p>\n<p><strong>SAIBA MAIS<\/strong><\/p>\n<p>Morre em Ribeir\u00e3o Preto o apresentador Manoel Branco, aos 57 anos<\/p>\n<h2 class=\"wp-block-heading\"><strong>FIQUE ON<\/strong><\/h2>\n<p>Fique ligado em tudo que acontece em <strong>Ribeir\u00e3o Preto<\/strong> e regi\u00e3o. Siga os perfis do<strong> acidade on <\/strong>no <a href=\"https:\/\/www.instagram.com\/acidadeonribeirao\/\" data-type=\"link\" data-id=\"https:\/\/www.instagram.com\/acidadeonribeirao\/\" target=\"_blank\" rel=\"noopener\">Instagram<\/a> e no <a href=\"https:\/\/www.facebook.com\/acidadeonribeirao\/?locale=pt_BR\" data-type=\"link\" data-id=\"https:\/\/www.facebook.com\/acidadeonribeirao\/?locale=pt_BR\" target=\"_blank\" rel=\"noopener\">Facebook<\/a>.<\/p>\n<p>Receba not\u00edcias do<strong> acidade on<\/strong> no WhatsApp. Para entrar no grupo, basta <a href=\"https:\/\/chat.whatsapp.com\/GFH9HUMUTHNFJdnyEd0xxq\" data-type=\"link\" data-id=\"https:\/\/chat.whatsapp.com\/GFH9HUMUTHNFJdnyEd0xxq\" target=\"_blank\" rel=\"noopener\">clicar aqui<\/a>. Ou, acesse o nosso Canal <a href=\"https:\/\/whatsapp.com\/channel\/0029Vb6IQl1JENyAeS57fk2p\" data-type=\"link\" data-id=\"https:\/\/whatsapp.com\/channel\/0029Vb6IQl1JENyAeS57fk2p\" target=\"_blank\" rel=\"noopener\">clicando aqui<\/a>.<\/p>\n<p>Fa\u00e7a uma den\u00fancia ou sugira uma reportagem sobre <strong>Ribeir\u00e3o Preto<\/strong> e regi\u00e3o pelo WhatsApp: 16 99117 7802.<\/p>\n<p><strong>VEJA TAMB\u00c9M<\/strong><\/p>\n<p>UFC 326: Charles do Bronx x Max Holloway; confira onde assistir ao vivo e hor\u00e1rios<\/p>\n<p><!-- AI CONTENT END 1 -->\n<\/div>\n<p><script async src=\"\/\/www.instagram.com\/embed.js\"><\/script><br \/>\n<br \/><br \/>\n<br \/><a href=\"https:\/\/www.acidadeon.com\/ribeiraopreto\/lazer-e-cultura\/turne-as-guardias-do-k-pop-chega-ao-theatro-pedro-ii-veja-como-comprar-ingressos\/\">Source link <\/a><\/p>\n<!-- CONTENT END 1 -->\n","protected":false},"excerpt":{"rendered":"<p>Inspirada na anima\u00e7\u00e3o da Netflix, a turn\u00ea \u201cAs Guardi\u00e3s do K-POP\u201d desembarca no Theatro Pedro II, em Ribeir\u00e3o Preto, no dia 20 de abril, \u00e0s&#8230;<\/p>\n","protected":false},"author":1,"featured_media":83068,"comment_status":"open","ping_status":"open","sticky":false,"template":"","format":"standard","meta":{"advanced_seo_description":"","jetpack_seo_html_title":"","jetpack_seo_noindex":false,"jetpack_post_was_ever_published":false,"_jetpack_newsletter_access":"","_jetpack_dont_email_post_to_subs":false,"_jetpack_newsletter_tier_id":0,"_jetpack_memberships_contains_paywalled_content":false,"_jetpack_memberships_contains_paid_content":false,"footnotes":"","jetpack_publicize_message":"","jetpack_publicize_feature_enabled":true,"jetpack_social_post_already_shared":true,"jetpack_social_options":{"image_generator_settings":{"template":"highway","default_image_id":0,"font":"","enabled":false},"version":2}},"categories":[11],"tags":[],"class_list":["post-83067","post","type-post","status-publish","format-standard","has-post-thumbnail","hentry","category-noticias-de-ribeirao-preto-sp-e-regiao-ismael-colosi"],"jetpack_publicize_connections":[],"jetpack_featured_media_url":"https:\/\/i0.wp.com\/noticiasribeiraopreto.com.br\/wp-content\/uploads\/2026\/03\/foto-editada_2026-03-07_18-49-10.webp.webp?fit=1200%2C675&ssl=1","jetpack-related-posts":[{"id":67313,"url":"https:\/\/noticiasribeiraopreto.com.br\/index.php\/2025\/04\/12\/opera-italiana-chega-ao-theatro-pedro-ii-veja-quando\/","url_meta":{"origin":83067,"position":0},"title":"\u00d3pera italiana chega ao Theatro Pedro II; veja quando","author":"noticiasribeiraopreto.com.br","date":"12 de April de 2025","format":false,"excerpt":"A Orquestra Sinf\u00f4nica de Ribeir\u00e3o Preto apresenta \u201cNessun Dorma \u2013 a magia da \u00f3pera italiana\u201d nos dias 18 e 19 de abril, \u00e0s 19h, no Theatro Pedro II. Os ingressos j\u00e1 podem ser adquiridos. \u2013 veja abaixo. O espet\u00e1culo ser\u00e1 regido pelo maestro titular Reginaldo Nascimento, com dire\u00e7\u00e3o art\u00edstica de\u2026","rel":"","context":"In &quot;Not\u00edcias de Ribeir\u00e3o Preto-SP e Regi\u00e3o&quot;","block_context":{"text":"Not\u00edcias de Ribeir\u00e3o Preto-SP e Regi\u00e3o","link":"https:\/\/noticiasribeiraopreto.com.br\/index.php\/category\/noticias-de-ribeirao-preto-sp-e-regiao-ismael-colosi\/"},"img":{"alt_text":"","src":"https:\/\/i0.wp.com\/noticiasribeiraopreto.com.br\/wp-content\/uploads\/2024\/10\/20240615-2836_2024-10-03_12-13-19_jpg_2024-10-03_12-13-22-scaled.webp.webp?fit=1200%2C800&ssl=1&resize=350%2C200","width":350,"height":200,"srcset":"https:\/\/i0.wp.com\/noticiasribeiraopreto.com.br\/wp-content\/uploads\/2024\/10\/20240615-2836_2024-10-03_12-13-19_jpg_2024-10-03_12-13-22-scaled.webp.webp?fit=1200%2C800&ssl=1&resize=350%2C200 1x, https:\/\/i0.wp.com\/noticiasribeiraopreto.com.br\/wp-content\/uploads\/2024\/10\/20240615-2836_2024-10-03_12-13-19_jpg_2024-10-03_12-13-22-scaled.webp.webp?fit=1200%2C800&ssl=1&resize=525%2C300 1.5x, https:\/\/i0.wp.com\/noticiasribeiraopreto.com.br\/wp-content\/uploads\/2024\/10\/20240615-2836_2024-10-03_12-13-19_jpg_2024-10-03_12-13-22-scaled.webp.webp?fit=1200%2C800&ssl=1&resize=700%2C400 2x, https:\/\/i0.wp.com\/noticiasribeiraopreto.com.br\/wp-content\/uploads\/2024\/10\/20240615-2836_2024-10-03_12-13-19_jpg_2024-10-03_12-13-22-scaled.webp.webp?fit=1200%2C800&ssl=1&resize=1050%2C600 3x"},"classes":[]},{"id":51596,"url":"https:\/\/noticiasribeiraopreto.com.br\/index.php\/2024\/05\/28\/espetaculo-com-classicos-do-tango-argentino-chega-ao-theatro-pedro-ii-em-ribeirao-preto\/","url_meta":{"origin":83067,"position":1},"title":"Espet\u00e1culo com cl\u00e1ssicos do tango argentino chega ao Theatro Pedro II em Ribeir\u00e3o Preto","author":"noticiasribeiraopreto.com.br","date":"28 de May de 2024","format":false,"excerpt":"O espet\u00e1culo \u201cUma Noite de Tango \u2013 O Musical\u201d chega ao Theatro Pedro II, no Centro de Ribeir\u00e3o Preto, neste domingo (2). A apresenta\u00e7\u00e3o, com cl\u00e1ssicos do tango argentino, acontece \u00e0s 18h. \u00a0 O concerto narra hist\u00f3rias de amores, sonhos, prazeres, dores e desencontros. Fazem parte do repert\u00f3rio cl\u00e1ssicos do\u2026","rel":"","context":"In &quot;Not\u00edcias de Ribeir\u00e3o Preto-SP e Regi\u00e3o&quot;","block_context":{"text":"Not\u00edcias de Ribeir\u00e3o Preto-SP e Regi\u00e3o","link":"https:\/\/noticiasribeiraopreto.com.br\/index.php\/category\/noticias-de-ribeirao-preto-sp-e-regiao-ismael-colosi\/"},"img":{"alt_text":"","src":"https:\/\/i0.wp.com\/noticiasribeiraopreto.com.br\/wp-content\/uploads\/2024\/05\/5_2024-05-28_15-37-00_jpeg_2024-05-28_15-37-00.webp.webp?fit=1200%2C675&ssl=1&resize=350%2C200","width":350,"height":200,"srcset":"https:\/\/i0.wp.com\/noticiasribeiraopreto.com.br\/wp-content\/uploads\/2024\/05\/5_2024-05-28_15-37-00_jpeg_2024-05-28_15-37-00.webp.webp?fit=1200%2C675&ssl=1&resize=350%2C200 1x, https:\/\/i0.wp.com\/noticiasribeiraopreto.com.br\/wp-content\/uploads\/2024\/05\/5_2024-05-28_15-37-00_jpeg_2024-05-28_15-37-00.webp.webp?fit=1200%2C675&ssl=1&resize=525%2C300 1.5x, https:\/\/i0.wp.com\/noticiasribeiraopreto.com.br\/wp-content\/uploads\/2024\/05\/5_2024-05-28_15-37-00_jpeg_2024-05-28_15-37-00.webp.webp?fit=1200%2C675&ssl=1&resize=700%2C400 2x, https:\/\/i0.wp.com\/noticiasribeiraopreto.com.br\/wp-content\/uploads\/2024\/05\/5_2024-05-28_15-37-00_jpeg_2024-05-28_15-37-00.webp.webp?fit=1200%2C675&ssl=1&resize=1050%2C600 3x"},"classes":[]},{"id":45819,"url":"https:\/\/noticiasribeiraopreto.com.br\/index.php\/2024\/04\/08\/saiba-tudo-sobre-o-show-da-banda-magic-em-ribeirao-preto\/","url_meta":{"origin":83067,"position":2},"title":"Saiba tudo sobre o show da banda Magic! em Ribeir\u00e3o Preto","author":"noticiasribeiraopreto.com.br","date":"8 de April de 2024","format":false,"excerpt":"A banda canadense de pop reggae Magic! chega a Ribeir\u00e3o Preto nesta quinta-feira (11), \u00e0s 20 horas, no Theatro Pedro II. Em turn\u00ea pelo Brasil, o show no interior de S\u00e3o Paulo abre a temporada de apresenta\u00e7\u00f5es pelo Pa\u00eds. Al\u00e9m de Ribeir\u00e3o Preto, o grupo formado por Nasri Atweh, Mark\u2026","rel":"","context":"In &quot;Not\u00edcias de Ribeir\u00e3o Preto-SP e Regi\u00e3o&quot;","block_context":{"text":"Not\u00edcias de Ribeir\u00e3o Preto-SP e Regi\u00e3o","link":"https:\/\/noticiasribeiraopreto.com.br\/index.php\/category\/noticias-de-ribeirao-preto-sp-e-regiao-ismael-colosi\/"},"img":{"alt_text":"","src":"https:\/\/i0.wp.com\/noticiasribeiraopreto.com.br\/wp-content\/uploads\/2024\/04\/Capturar-2.jpg?fit=591%2C291&ssl=1&resize=350%2C200","width":350,"height":200,"srcset":"https:\/\/i0.wp.com\/noticiasribeiraopreto.com.br\/wp-content\/uploads\/2024\/04\/Capturar-2.jpg?fit=591%2C291&ssl=1&resize=350%2C200 1x, https:\/\/i0.wp.com\/noticiasribeiraopreto.com.br\/wp-content\/uploads\/2024\/04\/Capturar-2.jpg?fit=591%2C291&ssl=1&resize=525%2C300 1.5x"},"classes":[]},{"id":78993,"url":"https:\/\/noticiasribeiraopreto.com.br\/index.php\/2025\/10\/22\/theatro-pedro-ii-recebe-marco-luque-e-maria-clara-e-jp-no-fim-de-semana\/","url_meta":{"origin":83067,"position":3},"title":"Theatro Pedro II recebe Marco Luque e Maria Clara e JP no fim de semana","author":"noticiasribeiraopreto.com.br","date":"22 de October de 2025","format":false,"excerpt":"Neste s\u00e1bado (25), o Theatro Pedro II, em Ribeir\u00e3o Preto, recebe o humorista Marco Luque e os bonecos da dupla que \u00e9 um dos maiores fen\u00f4menos do p\u00fablico infantil: Maria Clara e JP. As sess\u00f5es acontecem a partir das 14h e h\u00e1 ingressos dispon\u00edveis para ambas as apresenta\u00e7\u00f5es. Confira abaixo.\u2026","rel":"","context":"In &quot;Not\u00edcias de Ribeir\u00e3o Preto-SP e Regi\u00e3o&quot;","block_context":{"text":"Not\u00edcias de Ribeir\u00e3o Preto-SP e Regi\u00e3o","link":"https:\/\/noticiasribeiraopreto.com.br\/index.php\/category\/noticias-de-ribeirao-preto-sp-e-regiao-ismael-colosi\/"},"img":{"alt_text":"","src":"https:\/\/i0.wp.com\/noticiasribeiraopreto.com.br\/wp-content\/uploads\/2025\/10\/Vanderci-Pessotti-2_2025-10-22_12-03-34.webp.webp?fit=1200%2C675&ssl=1&resize=350%2C200","width":350,"height":200,"srcset":"https:\/\/i0.wp.com\/noticiasribeiraopreto.com.br\/wp-content\/uploads\/2025\/10\/Vanderci-Pessotti-2_2025-10-22_12-03-34.webp.webp?fit=1200%2C675&ssl=1&resize=350%2C200 1x, https:\/\/i0.wp.com\/noticiasribeiraopreto.com.br\/wp-content\/uploads\/2025\/10\/Vanderci-Pessotti-2_2025-10-22_12-03-34.webp.webp?fit=1200%2C675&ssl=1&resize=525%2C300 1.5x, https:\/\/i0.wp.com\/noticiasribeiraopreto.com.br\/wp-content\/uploads\/2025\/10\/Vanderci-Pessotti-2_2025-10-22_12-03-34.webp.webp?fit=1200%2C675&ssl=1&resize=700%2C400 2x, https:\/\/i0.wp.com\/noticiasribeiraopreto.com.br\/wp-content\/uploads\/2025\/10\/Vanderci-Pessotti-2_2025-10-22_12-03-34.webp.webp?fit=1200%2C675&ssl=1&resize=1050%2C600 3x"},"classes":[]},{"id":55773,"url":"https:\/\/noticiasribeiraopreto.com.br\/index.php\/2024\/08\/06\/show-ira-folk-chega-este-mes-em-ribeirao-preto-ainda-ha-ingressos\/","url_meta":{"origin":83067,"position":4},"title":"Show Ira! Folk chega este m\u00eas em Ribeir\u00e3o Preto; Ainda h\u00e1 ingressos","author":"noticiasribeiraopreto.com.br","date":"6 de August de 2024","format":false,"excerpt":"O Theatro Pedro II, em Ribeir\u00e3o Preto, vai receber Nasi e Edgard Scandurra com o show Ira! Folk, no dia 30 de agosto, \u00e0s 20h. Ingressos ainda est\u00e3o dispon\u00edveis. Veja mais informa\u00e7\u00f5es: Os artistas, ao lado de um viol\u00e3o ir\u00e3o tocar os sucessos da banda, como \u201cFlores em Voc\u00ea\u201d, \u201cDias\u2026","rel":"","context":"In &quot;Not\u00edcias de Ribeir\u00e3o Preto-SP e Regi\u00e3o&quot;","block_context":{"text":"Not\u00edcias de Ribeir\u00e3o Preto-SP e Regi\u00e3o","link":"https:\/\/noticiasribeiraopreto.com.br\/index.php\/category\/noticias-de-ribeirao-preto-sp-e-regiao-ismael-colosi\/"},"img":{"alt_text":"","src":"https:\/\/i0.wp.com\/noticiasribeiraopreto.com.br\/wp-content\/uploads\/2024\/08\/Copia-de-Copia-de-TAMANHO-EXATO-PARA-FOTOS-NO-SISTEMA-NOVO-32_2024-08-06_12-51-27_jpg_2024-08-06_12-51-27.webp.webp?fit=1200%2C675&ssl=1&resize=350%2C200","width":350,"height":200,"srcset":"https:\/\/i0.wp.com\/noticiasribeiraopreto.com.br\/wp-content\/uploads\/2024\/08\/Copia-de-Copia-de-TAMANHO-EXATO-PARA-FOTOS-NO-SISTEMA-NOVO-32_2024-08-06_12-51-27_jpg_2024-08-06_12-51-27.webp.webp?fit=1200%2C675&ssl=1&resize=350%2C200 1x, https:\/\/i0.wp.com\/noticiasribeiraopreto.com.br\/wp-content\/uploads\/2024\/08\/Copia-de-Copia-de-TAMANHO-EXATO-PARA-FOTOS-NO-SISTEMA-NOVO-32_2024-08-06_12-51-27_jpg_2024-08-06_12-51-27.webp.webp?fit=1200%2C675&ssl=1&resize=525%2C300 1.5x, https:\/\/i0.wp.com\/noticiasribeiraopreto.com.br\/wp-content\/uploads\/2024\/08\/Copia-de-Copia-de-TAMANHO-EXATO-PARA-FOTOS-NO-SISTEMA-NOVO-32_2024-08-06_12-51-27_jpg_2024-08-06_12-51-27.webp.webp?fit=1200%2C675&ssl=1&resize=700%2C400 2x, https:\/\/i0.wp.com\/noticiasribeiraopreto.com.br\/wp-content\/uploads\/2024\/08\/Copia-de-Copia-de-TAMANHO-EXATO-PARA-FOTOS-NO-SISTEMA-NOVO-32_2024-08-06_12-51-27_jpg_2024-08-06_12-51-27.webp.webp?fit=1200%2C675&ssl=1&resize=1050%2C600 3x"},"classes":[]},{"id":33755,"url":"https:\/\/noticiasribeiraopreto.com.br\/index.php\/2024\/01\/30\/veja-atracoes-do-theatro-pedro-ii-em-ribeirao-renato-albani-esta-confirmado\/","url_meta":{"origin":83067,"position":5},"title":"Veja atra\u00e7\u00f5es do Theatro Pedro II em Ribeir\u00e3o; Renato Albani est\u00e1 confirmado","author":"noticiasribeiraopreto.com.br","date":"30 de January de 2024","format":false,"excerpt":"O Theatro Pedro II, no Centro de Ribeir\u00e3o Preto, retoma a agenda de eventos a partir de mar\u00e7o, com uma programa\u00e7\u00e3o variada para todas as idades e gostos. A agenda conta com apresenta\u00e7\u00f5es de Renato Albani, Danilo Gentili, Biquini e mais. Confira abaixo a programa\u00e7\u00e3o completa para o m\u00eas de\u2026","rel":"","context":"In &quot;Not\u00edcias de Ribeir\u00e3o Preto-SP e Regi\u00e3o&quot;","block_context":{"text":"Not\u00edcias de Ribeir\u00e3o Preto-SP e Regi\u00e3o","link":"https:\/\/noticiasribeiraopreto.com.br\/index.php\/category\/noticias-de-ribeirao-preto-sp-e-regiao-ismael-colosi\/"},"img":{"alt_text":"","src":"https:\/\/i0.wp.com\/noticiasribeiraopreto.com.br\/wp-content\/uploads\/2024\/01\/Copia-de-Copia-de-TAMANHO-EXATO-PARA-FOTOS-NO-SISTEMA-NOVO-24.png?fit=1200%2C675&ssl=1&resize=350%2C200","width":350,"height":200,"srcset":"https:\/\/i0.wp.com\/noticiasribeiraopreto.com.br\/wp-content\/uploads\/2024\/01\/Copia-de-Copia-de-TAMANHO-EXATO-PARA-FOTOS-NO-SISTEMA-NOVO-24.png?fit=1200%2C675&ssl=1&resize=350%2C200 1x, https:\/\/i0.wp.com\/noticiasribeiraopreto.com.br\/wp-content\/uploads\/2024\/01\/Copia-de-Copia-de-TAMANHO-EXATO-PARA-FOTOS-NO-SISTEMA-NOVO-24.png?fit=1200%2C675&ssl=1&resize=525%2C300 1.5x, https:\/\/i0.wp.com\/noticiasribeiraopreto.com.br\/wp-content\/uploads\/2024\/01\/Copia-de-Copia-de-TAMANHO-EXATO-PARA-FOTOS-NO-SISTEMA-NOVO-24.png?fit=1200%2C675&ssl=1&resize=700%2C400 2x, https:\/\/i0.wp.com\/noticiasribeiraopreto.com.br\/wp-content\/uploads\/2024\/01\/Copia-de-Copia-de-TAMANHO-EXATO-PARA-FOTOS-NO-SISTEMA-NOVO-24.png?fit=1200%2C675&ssl=1&resize=1050%2C600 3x"},"classes":[]}],"jetpack_sharing_enabled":true,"jetpack_shortlink":"https:\/\/wp.me\/peQAOb-lBN","_links":{"self":[{"href":"https:\/\/noticiasribeiraopreto.com.br\/index.php\/wp-json\/wp\/v2\/posts\/83067","targetHints":{"allow":["GET"]}}],"collection":[{"href":"https:\/\/noticiasribeiraopreto.com.br\/index.php\/wp-json\/wp\/v2\/posts"}],"about":[{"href":"https:\/\/noticiasribeiraopreto.com.br\/index.php\/wp-json\/wp\/v2\/types\/post"}],"author":[{"embeddable":true,"href":"https:\/\/noticiasribeiraopreto.com.br\/index.php\/wp-json\/wp\/v2\/users\/1"}],"replies":[{"embeddable":true,"href":"https:\/\/noticiasribeiraopreto.com.br\/index.php\/wp-json\/wp\/v2\/comments?post=83067"}],"version-history":[{"count":0,"href":"https:\/\/noticiasribeiraopreto.com.br\/index.php\/wp-json\/wp\/v2\/posts\/83067\/revisions"}],"wp:featuredmedia":[{"embeddable":true,"href":"https:\/\/noticiasribeiraopreto.com.br\/index.php\/wp-json\/wp\/v2\/media\/83068"}],"wp:attachment":[{"href":"https:\/\/noticiasribeiraopreto.com.br\/index.php\/wp-json\/wp\/v2\/media?parent=83067"}],"wp:term":[{"taxonomy":"category","embeddable":true,"href":"https:\/\/noticiasribeiraopreto.com.br\/index.php\/wp-json\/wp\/v2\/categories?post=83067"},{"taxonomy":"post_tag","embeddable":true,"href":"https:\/\/noticiasribeiraopreto.com.br\/index.php\/wp-json\/wp\/v2\/tags?post=83067"}],"curies":[{"name":"wp","href":"https:\/\/api.w.org\/{rel}","templated":true}]}}