{"id":83069,"date":"2026-03-08T10:51:07","date_gmt":"2026-03-08T13:51:07","guid":{"rendered":"https:\/\/noticiasribeiraopreto.com.br\/index.php\/2026\/03\/08\/gp-da-australia-saiba-como-acompanhar-a-abertura-da-temporada-2026-da-formula-1\/"},"modified":"2026-03-08T10:51:07","modified_gmt":"2026-03-08T13:51:07","slug":"gp-da-australia-saiba-como-acompanhar-a-abertura-da-temporada-2026-da-formula-1","status":"publish","type":"post","link":"https:\/\/noticiasribeiraopreto.com.br\/index.php\/2026\/03\/08\/gp-da-australia-saiba-como-acompanhar-a-abertura-da-temporada-2026-da-formula-1\/","title":{"rendered":"GP da Austr\u00e1lia: saiba como acompanhar a abertura da temporada 2026 da F\u00f3rmula 1"},"content":{"rendered":"<div class='code-block code-block-1' style='margin: 8px 0 8px auto; text-align: right; display: block; clear: both;'>\n<p><a href=\"https:\/\/wa.link\/vpicfd\"><img data-recalc-dims=\"1\" class=\"wp-image-4922\" style=\"aspect-ratio: 2.0253164556962027; width: 561px; height: auto;\" src=\"https:\/\/i0.wp.com\/ismaelcolosi.com.br\/wp-content\/uploads\/2023\/11\/grupo-de-empregos-whatsapp-e-facebook-ismael-colosi-vagas.jpg?ssl=1\" alt=\"\" \/><\/a><\/p>\n<!-- \/wp:image -->\n<\/div>\n<p> <br \/>\n<\/p>\n<div>\n<p>A <strong>primeira corrida de F\u00f3rmula 1<\/strong> <strong>de 2026<\/strong> acontece na madrugada deste domingo (8), ap\u00f3s o programa <em>Altas Horas<\/em>, na tela da <strong>EPTV\/Globo,<\/strong> com o piloto brit\u00e2nico <strong>George Russell, da Mercedes, largando do primeiro lugar do grid<\/strong>. A corrida est\u00e1 marcada para come\u00e7ar \u00e0 <strong>1h<\/strong>. O piloto brasileiro <strong>Gabriel Bortoleto<\/strong>, da Audi, larga do 10\u00ba lugar.\u00a0<\/p>\n<p>A classifica\u00e7\u00e3o foi marcada por bandeiras vermelhas e uma vantagem consider\u00e1vel da escuderia alem\u00e3 <strong>Mercedes<\/strong>, que al\u00e9m de cravar o primeiro lugar, com o piloto <strong>George Russell<\/strong>, fecha a primeira fila com o segundo lugar conquistado pelo italino <strong>Andrea<\/strong> <strong>Kimi Antonelli<\/strong>.\u00a0<\/p>\n<p>Ap\u00f3s uma <strong>batida forte<\/strong> na curva 2 do circuito de rua de Albert Park no <strong>terceiro Treino Livre<\/strong>, os engenheiros de Antonelli tiveram que reconstruir o carro para o Q1, a primeira etapa da classifica\u00e7\u00e3o. O carro foi liberado a tempo e o piloto italiano <strong>cravou o segundo lugar na classifica\u00e7\u00e3o.\u00a0<\/strong><\/p>\n<h2 class=\"wp-block-heading\"><strong>Verstappen na 20\u00aa coloca\u00e7\u00e3o<\/strong><\/h2>\n<p>Outro destaque foi o <strong>tetracampe\u00e3o mundial Max Verstappen,<\/strong> que logo ap\u00f3s a sa\u00edda para marcar o seu primeiro tempo, teve um problema com uma s\u00fabita travada no eixo traseiro, que levou o carro a bater no <em>guard rail<\/em> da curva 1. O holand\u00eas chegou a sentir dor nas m\u00e3os, mas foi liberado pelo Centro M\u00e9dico para a prova de domingo. <strong>O piloto da Red Bull larga do 20\u00ba lugar.<\/strong>\u00a0<\/p>\n<p>O brasileiro <strong>Gabriel Bortoleto<\/strong>,<strong> em estreia com a Audi<\/strong>, fez uma boa classifica\u00e7\u00e3o, conseguindo chegar ao Q3. Mas, durante o retorno para os boxes, Gabriel relatou um <strong>problema para engatar as marchas no carro.\u00a0<\/strong><\/p>\n<p>Em entrevista \u00e0 <strong>TV Globo<\/strong>, ele contou que o carro entrou em um <strong>\u201cfalso neutro\u201d<\/strong>, que causou a segunda bandeira vermelha da sess\u00e3o, impossibilitando-o de finalizar sua participa\u00e7\u00e3o. Ainda assim, o d\u00e9cimo lugar foi comemorado pela equipe. <strong>Seu companheiro de equipe Nico Hulkenberg larga em 11\u00ba lugar.<\/strong>\u00a0<\/p>\n<p><strong>Confira o grid de largada completo para o GP da Austr\u00e1lia:<\/strong><\/p>\n<p>1\u00ba \u2013 George Russell<\/p>\n<p>2\u00ba \u2013 Kimi Antonelli<\/p>\n<p>3\u00ba \u2013 Isack Hadjar<\/p>\n<p>4\u00ba \u2013 Charles Leclerc\u00a0<\/p>\n<p>5\u00ba \u2013 Oscar Piastri\u00a0<\/p>\n<p>6\u00ba \u2013 Lando Norris\u00a0<\/p>\n<p>7\u00ba \u2013 Lewis Hamilton<\/p>\n<p>8\u00ba \u2013 Liam Lawson<\/p>\n<p>9\u00ba \u2013 Arvid Lindblad<\/p>\n<p><strong>10\u00ba \u2013 Gabriel Bortoleto<\/strong><\/p>\n<p>11\u00ba \u2013 Nico Hulkenberg<\/p>\n<p>12\u00ba \u2013 Oliver Bearman<\/p>\n<p>13\u00ba \u2013 Esteban Ocon<\/p>\n<p>14\u00ba \u2013 Pierre Gasly<\/p>\n<p>15\u00ba \u2013 Alex Albon<\/p>\n<p>16\u00ba \u2013 Franco Colapinto<\/p>\n<p>17\u00ba \u2013 Fernando Alonso<\/p>\n<p>18\u00ba \u2013 S\u00e9rgio Perez<\/p>\n<p>19\u00ba \u2013 Valtteri Bottas\u00a0<\/p>\n<p>20\u00ba \u2013 Max Verstappen<\/p>\n<p>21\u00ba \u2013 Carlos Sainz<\/p>\n<p>22\u00ba \u2013 Lance Stroll<\/p>\n<p><strong>SAIBA MAIS<\/strong><\/p>\n<p>Morre em Ribeir\u00e3o Preto o apresentador Manoel Branco, aos 57 anos<\/p>\n<h2 class=\"wp-block-heading\"><strong>FIQUE ON<\/strong><\/h2>\n<p>Fique ligado em tudo que acontece em <strong>Ribeir\u00e3o Preto<\/strong> e regi\u00e3o. Siga os perfis do<strong> acidade on <\/strong>no <a href=\"https:\/\/www.instagram.com\/acidadeonribeirao\/\" data-type=\"link\" data-id=\"https:\/\/www.instagram.com\/acidadeonribeirao\/\" target=\"_blank\" rel=\"noopener\">Instagram <\/a>e no <a href=\"https:\/\/www.facebook.com\/acidadeonribeirao\/?locale=pt_BR\" data-type=\"link\" data-id=\"https:\/\/www.facebook.com\/acidadeonribeirao\/?locale=pt_BR\" target=\"_blank\" rel=\"noopener\">Facebook<\/a>.<\/p>\n<p>Receba not\u00edcias do<strong> acidade on <\/strong>no WhatsApp. Para entrar no grupo, basta <a href=\"https:\/\/chat.whatsapp.com\/GFH9HUMUTHNFJdnyEd0xxq\" data-type=\"link\" data-id=\"https:\/\/chat.whatsapp.com\/GFH9HUMUTHNFJdnyEd0xxq\" target=\"_blank\" rel=\"noopener\">clicar aqui<\/a>. Ou, acesse o nosso Canal <a href=\"https:\/\/whatsapp.com\/channel\/0029Vb6IQl1JENyAeS57fk2p\" data-type=\"link\" data-id=\"https:\/\/whatsapp.com\/channel\/0029Vb6IQl1JENyAeS57fk2p\" target=\"_blank\" rel=\"noopener\">clicando aqui<\/a>.<\/p>\n<p>Fa\u00e7a uma den\u00fancia ou sugira uma reportagem sobre <strong>Ribeir\u00e3o Preto<\/strong> e regi\u00e3o pelo WhatsApp: 16 99117 7802.<\/p>\n<p><strong>VEJA TAMB\u00c9M<\/strong><\/p>\n<p>UFC 326: Charles do Bronx x Max Holloway; confira onde assistir ao vivo e hor\u00e1rios<\/p>\n<p><!-- AI CONTENT END 1 -->\n<\/div>\n<p><script async src=\"\/\/www.instagram.com\/embed.js\"><\/script><br \/>\n<br \/><br \/>\n<br \/><a href=\"https:\/\/www.acidadeon.com\/ribeiraopreto\/esportes\/gp-da-australia-saiba-como-acompanhar-a-abertura-da-temporada-2026-da-formula-1\/\">Source link <\/a><\/p>\n<!-- CONTENT END 1 -->\n","protected":false},"excerpt":{"rendered":"<p>A primeira corrida de F\u00f3rmula 1 de 2026 acontece na madrugada deste domingo (8), ap\u00f3s o programa Altas Horas, na tela da EPTV\/Globo, com o&#8230;<\/p>\n","protected":false},"author":1,"featured_media":83070,"comment_status":"open","ping_status":"open","sticky":false,"template":"","format":"standard","meta":{"advanced_seo_description":"","jetpack_seo_html_title":"","jetpack_seo_noindex":false,"jetpack_post_was_ever_published":false,"_jetpack_newsletter_access":"","_jetpack_dont_email_post_to_subs":false,"_jetpack_newsletter_tier_id":0,"_jetpack_memberships_contains_paywalled_content":false,"_jetpack_memberships_contains_paid_content":false,"footnotes":"","jetpack_publicize_message":"","jetpack_publicize_feature_enabled":true,"jetpack_social_post_already_shared":true,"jetpack_social_options":{"image_generator_settings":{"template":"highway","default_image_id":0,"font":"","enabled":false},"version":2}},"categories":[11],"tags":[],"class_list":["post-83069","post","type-post","status-publish","format-standard","has-post-thumbnail","hentry","category-noticias-de-ribeirao-preto-sp-e-regiao-ismael-colosi"],"jetpack_publicize_connections":[],"jetpack_featured_media_url":"https:\/\/i0.wp.com\/noticiasribeiraopreto.com.br\/wp-content\/uploads\/2026\/03\/WhatsApp-Image-2026-03-07-at-13.43.01_2026-03-07_16-44-05.webp.webp?fit=1200%2C800&ssl=1","jetpack-related-posts":[{"id":65684,"url":"https:\/\/noticiasribeiraopreto.com.br\/index.php\/2025\/03\/23\/oscar-piastri-conquista-pole-position-no-gp-da-china-de-formula-1\/","url_meta":{"origin":83069,"position":0},"title":"Oscar Piastri conquista pole position no GP da China de F\u00f3rmula 1","author":"noticiasribeiraopreto.com.br","date":"23 de March de 2025","format":false,"excerpt":"O australiano Oscar Piastri, da McLaren, obteve sua primeira pole position na F\u00f3rmula 1 ao registrar um tempo de 1min30s641 no treino classificat\u00f3rio do Grande Pr\u00eamio da China, realizado no Circuito Internacional de Xangai. Piastri superou George Russell, da Mercedes, que marcou 1min30s723, garantindo a primeira fila ao lado do\u2026","rel":"","context":"In &quot;Not\u00edcias de Ribeir\u00e3o Preto-SP e Regi\u00e3o&quot;","block_context":{"text":"Not\u00edcias de Ribeir\u00e3o Preto-SP e Regi\u00e3o","link":"https:\/\/noticiasribeiraopreto.com.br\/index.php\/category\/noticias-de-ribeirao-preto-sp-e-regiao-ismael-colosi\/"},"img":{"alt_text":"","src":"https:\/\/i0.wp.com\/noticiasribeiraopreto.com.br\/wp-content\/uploads\/2025\/03\/2025-03-22t084242z_1817144330_up1el3m0o7529_rtrmadp_3_motor-f1-china.webp.webp?fit=1170%2C700&ssl=1&resize=350%2C200","width":350,"height":200,"srcset":"https:\/\/i0.wp.com\/noticiasribeiraopreto.com.br\/wp-content\/uploads\/2025\/03\/2025-03-22t084242z_1817144330_up1el3m0o7529_rtrmadp_3_motor-f1-china.webp.webp?fit=1170%2C700&ssl=1&resize=350%2C200 1x, https:\/\/i0.wp.com\/noticiasribeiraopreto.com.br\/wp-content\/uploads\/2025\/03\/2025-03-22t084242z_1817144330_up1el3m0o7529_rtrmadp_3_motor-f1-china.webp.webp?fit=1170%2C700&ssl=1&resize=525%2C300 1.5x, https:\/\/i0.wp.com\/noticiasribeiraopreto.com.br\/wp-content\/uploads\/2025\/03\/2025-03-22t084242z_1817144330_up1el3m0o7529_rtrmadp_3_motor-f1-china.webp.webp?fit=1170%2C700&ssl=1&resize=700%2C400 2x, https:\/\/i0.wp.com\/noticiasribeiraopreto.com.br\/wp-content\/uploads\/2025\/03\/2025-03-22t084242z_1817144330_up1el3m0o7529_rtrmadp_3_motor-f1-china.webp.webp?fit=1170%2C700&ssl=1&resize=1050%2C600 3x"},"classes":[]},{"id":40561,"url":"https:\/\/noticiasribeiraopreto.com.br\/index.php\/2024\/03\/04\/piloto-de-rp-estreia-no-superbike-brasil-com-vitoria\/","url_meta":{"origin":83069,"position":1},"title":"Piloto de RP estreia com vit\u00f3ria no Superbike Brasil","author":"noticiasribeiraopreto.com.br","date":"4 de March de 2024","format":false,"excerpt":"4 de mar\u00e7o de 2024 | 16:004 de mar\u00e7o de 2024 | 16:21 0O piloto da Secretaria de Esportes de Ribeir\u00e3o Preto, L\u00e9o Marques, come\u00e7ou a temporada 2024 com o p\u00e9 direito. No \u00faltimo domingo, 3, L\u00e9o venceu a primeira prova do campeonato nacional de motovelocidade, realizada no aut\u00f3dromo de\u2026","rel":"","context":"In &quot;Not\u00edcias de Ribeir\u00e3o Preto-SP e Regi\u00e3o&quot;","block_context":{"text":"Not\u00edcias de Ribeir\u00e3o Preto-SP e Regi\u00e3o","link":"https:\/\/noticiasribeiraopreto.com.br\/index.php\/category\/noticias-de-ribeirao-preto-sp-e-regiao-ismael-colosi\/"},"img":{"alt_text":"","src":"https:\/\/i0.wp.com\/noticiasribeiraopreto.com.br\/wp-content\/uploads\/2024\/03\/leomarques2-scaled.jpeg?fit=925%2C645&ssl=1&resize=350%2C200","width":350,"height":200,"srcset":"https:\/\/i0.wp.com\/noticiasribeiraopreto.com.br\/wp-content\/uploads\/2024\/03\/leomarques2-scaled.jpeg?fit=925%2C645&ssl=1&resize=350%2C200 1x, https:\/\/i0.wp.com\/noticiasribeiraopreto.com.br\/wp-content\/uploads\/2024\/03\/leomarques2-scaled.jpeg?fit=925%2C645&ssl=1&resize=525%2C300 1.5x, https:\/\/i0.wp.com\/noticiasribeiraopreto.com.br\/wp-content\/uploads\/2024\/03\/leomarques2-scaled.jpeg?fit=925%2C645&ssl=1&resize=700%2C400 2x"},"classes":[]},{"id":34332,"url":"https:\/\/noticiasribeiraopreto.com.br\/index.php\/2024\/02\/01\/lewis-hamilton-na-ferrari-realiza-o-sonho-de-quase-todo-piloto-de-formula-1-e-ainda-soma-mais-alguns-milhoes-na-conta\/","url_meta":{"origin":83069,"position":2},"title":"Lewis Hamilton na Ferrari realiza o sonho de (quase) todo piloto de F\u00f3rmula 1 &#8211; e ainda soma mais alguns milh\u00f5es na conta","author":"noticiasribeiraopreto.com.br","date":"1 de February de 2024","format":false,"excerpt":"Lewis Hamilton encerrou 2023 como o piloto mais bem pago da F\u00f3rmula 1. E \u00e9 improv\u00e1vel que ele perca essa pole position depois do surpreendente an\u00fancio de que ir\u00e1 trocar a Mercedes pela Ferrari a partir da temporada 2025. De quebra, o piloto ingl\u00eas realizar\u00e1 o que o jornal espanhol\u2026","rel":"","context":"In &quot;Dinheiro e Investimento&quot;","block_context":{"text":"Dinheiro e Investimento","link":"https:\/\/noticiasribeiraopreto.com.br\/index.php\/category\/dinheiro-e-investimento-como-fazer-como-ganhar\/"},"img":{"alt_text":"","src":"https:\/\/i0.wp.com\/noticiasribeiraopreto.com.br\/wp-content\/uploads\/2024\/02\/Carro-de-formula-1-e-Lewis-Hamilton.-Foto_-DALL%C2%B7E-_-Reproducao_Instagram-_-Montagem-Seu-Dinheiro-2-715x402.jpg?fit=715%2C402&ssl=1&resize=350%2C200","width":350,"height":200,"srcset":"https:\/\/i0.wp.com\/noticiasribeiraopreto.com.br\/wp-content\/uploads\/2024\/02\/Carro-de-formula-1-e-Lewis-Hamilton.-Foto_-DALL%C2%B7E-_-Reproducao_Instagram-_-Montagem-Seu-Dinheiro-2-715x402.jpg?fit=715%2C402&ssl=1&resize=350%2C200 1x, https:\/\/i0.wp.com\/noticiasribeiraopreto.com.br\/wp-content\/uploads\/2024\/02\/Carro-de-formula-1-e-Lewis-Hamilton.-Foto_-DALL%C2%B7E-_-Reproducao_Instagram-_-Montagem-Seu-Dinheiro-2-715x402.jpg?fit=715%2C402&ssl=1&resize=525%2C300 1.5x, https:\/\/i0.wp.com\/noticiasribeiraopreto.com.br\/wp-content\/uploads\/2024\/02\/Carro-de-formula-1-e-Lewis-Hamilton.-Foto_-DALL%C2%B7E-_-Reproducao_Instagram-_-Montagem-Seu-Dinheiro-2-715x402.jpg?fit=715%2C402&ssl=1&resize=700%2C400 2x"},"classes":[]},{"id":75095,"url":"https:\/\/noticiasribeiraopreto.com.br\/index.php\/2025\/08\/03\/saiba-quem-e-rafael-camara-piloto-brasileiro-campeao-da-formula-3\/","url_meta":{"origin":83069,"position":3},"title":"Saiba quem \u00e9 Rafael C\u00e2mara, piloto brasileiro campe\u00e3o da F\u00f3rmula 3","author":"noticiasribeiraopreto.com.br","date":"3 de August de 2025","format":false,"excerpt":"O brasileiro Rafael C\u00e2mara \u00e9 o campe\u00e3o da F\u00f3rmula 3 de 2025. O pernambucano de 20 anos conquistou o t\u00edtulo de maneira antecipada, na madrugada deste domingo (3), ao vencer a pen\u00faltima etapa da temporada da competi\u00e7\u00e3o, no circuito de Hungaroring, em Budapeste, na Hungria. A dupla da Campos Racing,\u2026","rel":"","context":"In &quot;Not\u00edcias de Ribeir\u00e3o Preto-SP e Regi\u00e3o&quot;","block_context":{"text":"Not\u00edcias de Ribeir\u00e3o Preto-SP e Regi\u00e3o","link":"https:\/\/noticiasribeiraopreto.com.br\/index.php\/category\/noticias-de-ribeirao-preto-sp-e-regiao-ismael-colosi\/"},"img":{"alt_text":"","src":"https:\/\/i0.wp.com\/noticiasribeiraopreto.com.br\/wp-content\/uploads\/2025\/08\/rafael-camara_2025-08-03_12-57-29.webp.webp?fit=995%2C556&ssl=1&resize=350%2C200","width":350,"height":200,"srcset":"https:\/\/i0.wp.com\/noticiasribeiraopreto.com.br\/wp-content\/uploads\/2025\/08\/rafael-camara_2025-08-03_12-57-29.webp.webp?fit=995%2C556&ssl=1&resize=350%2C200 1x, https:\/\/i0.wp.com\/noticiasribeiraopreto.com.br\/wp-content\/uploads\/2025\/08\/rafael-camara_2025-08-03_12-57-29.webp.webp?fit=995%2C556&ssl=1&resize=525%2C300 1.5x, https:\/\/i0.wp.com\/noticiasribeiraopreto.com.br\/wp-content\/uploads\/2025\/08\/rafael-camara_2025-08-03_12-57-29.webp.webp?fit=995%2C556&ssl=1&resize=700%2C400 2x"},"classes":[]},{"id":41794,"url":"https:\/\/noticiasribeiraopreto.com.br\/index.php\/2024\/03\/11\/piloto-de-ribeirao-leva-bon-jovi-para-andar-de-carro-na-indy-veja-o-video\/","url_meta":{"origin":83069,"position":4},"title":"Piloto de Ribeir\u00e3o leva Bon Jovi para andar de carro na Indy; Veja o v\u00eddeo","author":"noticiasribeiraopreto.com.br","date":"11 de March de 2024","format":false,"excerpt":"O piloto de Ribeir\u00e3o Preto Helio Castroneves, tetracampe\u00e3o das 500 Milhas de Indian\u00e1polis, levou o cantor Jon Bon Jovi para dar uma volta em um carro de F\u00f3rmula Indy no \u00faltimo domingo (10), antes do GP de S\u00e3o Petesburgo, nos Estados Unidos \u2013 veja o v\u00eddeo abaixo. VEJA O V\u00cdDEO\u2026","rel":"","context":"In &quot;Not\u00edcias de Ribeir\u00e3o Preto-SP e Regi\u00e3o&quot;","block_context":{"text":"Not\u00edcias de Ribeir\u00e3o Preto-SP e Regi\u00e3o","link":"https:\/\/noticiasribeiraopreto.com.br\/index.php\/category\/noticias-de-ribeirao-preto-sp-e-regiao-ismael-colosi\/"},"img":{"alt_text":"","src":"https:\/\/i0.wp.com\/noticiasribeiraopreto.com.br\/wp-content\/uploads\/2024\/03\/AnyConv.com__bon-jovi-helio-castroneves.webp.webp?fit=1200%2C1200&ssl=1&resize=350%2C200","width":350,"height":200,"srcset":"https:\/\/i0.wp.com\/noticiasribeiraopreto.com.br\/wp-content\/uploads\/2024\/03\/AnyConv.com__bon-jovi-helio-castroneves.webp.webp?fit=1200%2C1200&ssl=1&resize=350%2C200 1x, https:\/\/i0.wp.com\/noticiasribeiraopreto.com.br\/wp-content\/uploads\/2024\/03\/AnyConv.com__bon-jovi-helio-castroneves.webp.webp?fit=1200%2C1200&ssl=1&resize=525%2C300 1.5x, https:\/\/i0.wp.com\/noticiasribeiraopreto.com.br\/wp-content\/uploads\/2024\/03\/AnyConv.com__bon-jovi-helio-castroneves.webp.webp?fit=1200%2C1200&ssl=1&resize=700%2C400 2x, https:\/\/i0.wp.com\/noticiasribeiraopreto.com.br\/wp-content\/uploads\/2024\/03\/AnyConv.com__bon-jovi-helio-castroneves.webp.webp?fit=1200%2C1200&ssl=1&resize=1050%2C600 3x"},"classes":[]},{"id":41798,"url":"https:\/\/noticiasribeiraopreto.com.br\/index.php\/2024\/03\/11\/piloto-de-ribeirao-leva-bon-jovi-para-andar-de-carro-na-indy-veja-o-video-2\/","url_meta":{"origin":83069,"position":5},"title":"Piloto de Ribeir\u00e3o leva Bon Jovi para andar de carro na Indy; Veja o v\u00eddeo","author":"noticiasribeiraopreto.com.br","date":"11 de March de 2024","format":false,"excerpt":"O piloto de Ribeir\u00e3o Preto Helio Castroneves, tetracampe\u00e3o das 500 Milhas de Indian\u00e1polis, levou o cantor Jon Bon Jovi para dar uma volta em um carro de F\u00f3rmula Indy no \u00faltimo domingo (10), antes do GP de S\u00e3o Petesburgo, nos Estados Unidos \u2013 veja o v\u00eddeo abaixo. VEJA O V\u00cdDEO\u2026","rel":"","context":"In &quot;Not\u00edcias de Ribeir\u00e3o Preto-SP e Regi\u00e3o&quot;","block_context":{"text":"Not\u00edcias de Ribeir\u00e3o Preto-SP e Regi\u00e3o","link":"https:\/\/noticiasribeiraopreto.com.br\/index.php\/category\/noticias-de-ribeirao-preto-sp-e-regiao-ismael-colosi\/"},"img":{"alt_text":"","src":"https:\/\/i0.wp.com\/noticiasribeiraopreto.com.br\/wp-content\/uploads\/2024\/03\/AnyConv.com__bon-jovi-helio-castroneves.webp.webp?fit=1200%2C1200&ssl=1&resize=350%2C200","width":350,"height":200,"srcset":"https:\/\/i0.wp.com\/noticiasribeiraopreto.com.br\/wp-content\/uploads\/2024\/03\/AnyConv.com__bon-jovi-helio-castroneves.webp.webp?fit=1200%2C1200&ssl=1&resize=350%2C200 1x, https:\/\/i0.wp.com\/noticiasribeiraopreto.com.br\/wp-content\/uploads\/2024\/03\/AnyConv.com__bon-jovi-helio-castroneves.webp.webp?fit=1200%2C1200&ssl=1&resize=525%2C300 1.5x, https:\/\/i0.wp.com\/noticiasribeiraopreto.com.br\/wp-content\/uploads\/2024\/03\/AnyConv.com__bon-jovi-helio-castroneves.webp.webp?fit=1200%2C1200&ssl=1&resize=700%2C400 2x, https:\/\/i0.wp.com\/noticiasribeiraopreto.com.br\/wp-content\/uploads\/2024\/03\/AnyConv.com__bon-jovi-helio-castroneves.webp.webp?fit=1200%2C1200&ssl=1&resize=1050%2C600 3x"},"classes":[]}],"jetpack_sharing_enabled":true,"jetpack_shortlink":"https:\/\/wp.me\/peQAOb-lBP","_links":{"self":[{"href":"https:\/\/noticiasribeiraopreto.com.br\/index.php\/wp-json\/wp\/v2\/posts\/83069","targetHints":{"allow":["GET"]}}],"collection":[{"href":"https:\/\/noticiasribeiraopreto.com.br\/index.php\/wp-json\/wp\/v2\/posts"}],"about":[{"href":"https:\/\/noticiasribeiraopreto.com.br\/index.php\/wp-json\/wp\/v2\/types\/post"}],"author":[{"embeddable":true,"href":"https:\/\/noticiasribeiraopreto.com.br\/index.php\/wp-json\/wp\/v2\/users\/1"}],"replies":[{"embeddable":true,"href":"https:\/\/noticiasribeiraopreto.com.br\/index.php\/wp-json\/wp\/v2\/comments?post=83069"}],"version-history":[{"count":0,"href":"https:\/\/noticiasribeiraopreto.com.br\/index.php\/wp-json\/wp\/v2\/posts\/83069\/revisions"}],"wp:featuredmedia":[{"embeddable":true,"href":"https:\/\/noticiasribeiraopreto.com.br\/index.php\/wp-json\/wp\/v2\/media\/83070"}],"wp:attachment":[{"href":"https:\/\/noticiasribeiraopreto.com.br\/index.php\/wp-json\/wp\/v2\/media?parent=83069"}],"wp:term":[{"taxonomy":"category","embeddable":true,"href":"https:\/\/noticiasribeiraopreto.com.br\/index.php\/wp-json\/wp\/v2\/categories?post=83069"},{"taxonomy":"post_tag","embeddable":true,"href":"https:\/\/noticiasribeiraopreto.com.br\/index.php\/wp-json\/wp\/v2\/tags?post=83069"}],"curies":[{"name":"wp","href":"https:\/\/api.w.org\/{rel}","templated":true}]}}