{"id":83071,"date":"2026-03-08T10:58:04","date_gmt":"2026-03-08T13:58:04","guid":{"rendered":"https:\/\/noticiasribeiraopreto.com.br\/index.php\/2026\/03\/08\/incendio-atinge-casa-nos-campos-eliseos-veja-o-video\/"},"modified":"2026-03-08T10:58:04","modified_gmt":"2026-03-08T13:58:04","slug":"incendio-atinge-casa-nos-campos-eliseos-veja-o-video","status":"publish","type":"post","link":"https:\/\/noticiasribeiraopreto.com.br\/index.php\/2026\/03\/08\/incendio-atinge-casa-nos-campos-eliseos-veja-o-video\/","title":{"rendered":"Inc\u00eandio atinge casa nos Campos El\u00edseos; Veja o v\u00eddeo"},"content":{"rendered":"<div class='code-block code-block-1' style='margin: 8px 0 8px auto; text-align: right; display: block; clear: both;'>\n<p><a href=\"https:\/\/wa.link\/vpicfd\"><img data-recalc-dims=\"1\" class=\"wp-image-4922\" style=\"aspect-ratio: 2.0253164556962027; width: 561px; height: auto;\" src=\"https:\/\/i0.wp.com\/ismaelcolosi.com.br\/wp-content\/uploads\/2023\/11\/grupo-de-empregos-whatsapp-e-facebook-ismael-colosi-vagas.jpg?ssl=1\" alt=\"\" \/><\/a><\/p>\n<!-- \/wp:image -->\n<\/div>\n<p> <br \/>\n<\/p>\n<div data-td-block-uid=\"tdi_95\">\n<div class=\"tdb-block-inner td-fix-index\">\n<blockquote class=\"tiktok-embed\" cite=\"https:\/\/www.tiktok.com\/@acidadeonribeiraopreto\/video\/7614558593798622484\" data-video-id=\"7614558593798622484\" style=\"max-width: 605px;min-width: 325px;\">\n<section> <a target=\"_blank\" title=\"@acidadeonribeiraopreto\" href=\"https:\/\/www.tiktok.com\/@acidadeonribeiraopreto?refer=embed\" rel=\"noopener\">@acidadeonribeiraopreto<\/a> \ud83d\udea8 Uma casa pegou fogo na manh\u00e3 deste s\u00e1bado (7) nos Campos El\u00edseos, em Ribeir\u00e3o Preto. A casa fica na rua Sergipe, pr\u00f3ximo do cruzamento com a Capit\u00e3o Salom\u00e3o, e est\u00e1 abandonada. Ningu\u00e9m ficou ferido. \u27a1\ufe0f O fogo destruiu o telhado do im\u00f3vel, mas os Bombeiros contiveram as chamas antes que elas se espalhassem. \ud83e\udd33 Saiba mais em: acidadeon.com\/ribeiraopreto \ud83d\udcfd\ufe0f Reprodu\u00e7\u00e3o\/redes sociais <a title=\"acidadeon\" target=\"_blank\" href=\"https:\/\/www.tiktok.com\/tag\/acidadeon?refer=embed\" rel=\"noopener\">#acidadeon<\/a> <a title=\"fiqueon\" target=\"_blank\" href=\"https:\/\/www.tiktok.com\/tag\/fiqueon?refer=embed\" rel=\"noopener\">#fiqueon<\/a> <a title=\"ribeiraopreto\" target=\"_blank\" href=\"https:\/\/www.tiktok.com\/tag\/ribeiraopreto?refer=embed\" rel=\"noopener\">#ribeiraopreto<\/a> <a target=\"_blank\" title=\"\u266c som original acidade on Ribeir\u00e3o Preto\" href=\"https:\/\/www.tiktok.com\/music\/som-original-acidade-on-Ribeir\u00e3o-Preto-0?refer=embed\" rel=\"noopener\">\u266c som original acidade on Ribeir\u00e3o Preto<\/a> <\/section>\n<\/blockquote>\n<p>Uma casa pegou fogo na manh\u00e3 deste s\u00e1bado (7) nos <strong>Campos El\u00edseos<\/strong>, em <strong>Ribeir\u00e3o Preto<\/strong>. A casa fica na rua Sergipe, pr\u00f3ximo do cruzamento com a Capit\u00e3o Salom\u00e3o, e est\u00e1 abandonada.<mark style=\"background-color:#fcb900\" class=\"has-inline-color has-black-color\"> Ningu\u00e9m ficou ferido.<\/mark><\/p>\n<p>O fogo destruiu o telhado do im\u00f3vel, mas os Bombeiros contiveram as chamas antes que elas se espalhassem.<\/p>\n<p>\u201cAqui \u00e9 um terreno grande, com tr\u00eas im\u00f3veis, um deles s\u00f3 est\u00e1 habitado. Tem muito material recicl\u00e1vel, pl\u00e1stico, alum\u00ednio, inclusive, madeira, ent\u00e3o tem muito material combust\u00edvel, mas felizmente o fogo n\u00e3o chegou a alastrar com esse material\u201d, disse Frederico Munita Felizardo \u2013 tenente do Corpo de Bombeiros.<\/p>\n<p>O tr\u00e2nsito chegou a ser bloqueado pr\u00f3ximo da rua Capit\u00e3o Salom\u00e3o, mas j\u00e1 foi liberado (com informa\u00e7\u00f5es<strong> EPTV<\/strong>).<\/p>\n<p>SAIBA MAIS<br \/>De volta \u00e0s piscinas: Nicholas Santos retoma carreira com foco nos Jogos de 2028<\/p>\n<h2 class=\"wp-block-heading\"><strong>FIQUE ON<\/strong><\/h2>\n<p>Fique ligado em tudo que acontece em Ribeir\u00e3o Preto e regi\u00e3o. Siga os perfis do\u00a0<strong>acidade on<\/strong>\u00a0no<a href=\"https:\/\/www.instagram.com\/acidadeonribeirao\" target=\"_blank\" rel=\"noreferrer noopener\">\u00a0Instagram\u00a0<\/a>e no\u00a0<a href=\"https:\/\/www.facebook.com\/acidadeonribeirao\/\" target=\"_blank\" rel=\"noreferrer noopener\">Facebook<\/a>.<\/p>\n<p>Receba not\u00edcias do\u00a0<strong>acidade on<\/strong>\u00a0no WhatsApp. Para entrar no grupo,\u00a0basta\u00a0<a href=\"https:\/\/chat.whatsapp.com\/GFH9HUMUTHNFJdnyEd0xxq\" target=\"_blank\" rel=\"noreferrer noopener\">clicar aqui<\/a>. Ou, acesse o nosso\u00a0Canal\u00a0<a href=\"https:\/\/whatsapp.com\/channel\/0029Vb6IQl1JENyAeS57fk2p\" target=\"_blank\" rel=\"noreferrer noopener\">clicando aqui<\/a>.<\/p>\n<p>Fa\u00e7a uma den\u00fancia ou sugira uma reportagem sobre Ribeir\u00e3o Preto e regi\u00e3o pelo WhatsApp: 16 99117 7802.<\/p>\n<p>VEJA TAMB\u00c9M<br \/>Quem \u00e9 Maycon Cardozo? Brasileiro faz sua estreia oficial no Bayern de Munique aos 17 anos<\/p>\n<p><!-- AI CONTENT END 1 -->\n<\/div>\n<\/div>\n<p><script async src=\"\/\/www.instagram.com\/embed.js\"><\/script><script async src=\"\/\/www.tiktok.com\/embed.js\"><\/script><br \/>\n<br \/><br \/>\n<br \/><a href=\"https:\/\/www.acidadeon.com\/ribeiraopreto\/cotidiano\/incendio-atinge-casa-nos-campos-eliseos-veja-o-video\/\">Source link <\/a><\/p>\n<!-- CONTENT END 1 -->\n","protected":false},"excerpt":{"rendered":"<p>@acidadeonribeiraopreto \ud83d\udea8 Uma casa pegou fogo na manh\u00e3 deste s\u00e1bado (7) nos Campos El\u00edseos, em Ribeir\u00e3o Preto. A casa fica na rua Sergipe, pr\u00f3ximo do&#8230;<\/p>\n","protected":false},"author":1,"featured_media":83072,"comment_status":"open","ping_status":"open","sticky":false,"template":"","format":"standard","meta":{"advanced_seo_description":"","jetpack_seo_html_title":"","jetpack_seo_noindex":false,"jetpack_post_was_ever_published":false,"_jetpack_newsletter_access":"","_jetpack_dont_email_post_to_subs":false,"_jetpack_newsletter_tier_id":0,"_jetpack_memberships_contains_paywalled_content":false,"_jetpack_memberships_contains_paid_content":false,"footnotes":"","jetpack_publicize_message":"","jetpack_publicize_feature_enabled":true,"jetpack_social_post_already_shared":true,"jetpack_social_options":{"image_generator_settings":{"template":"highway","default_image_id":0,"font":"","enabled":false},"version":2}},"categories":[11],"tags":[],"class_list":["post-83071","post","type-post","status-publish","format-standard","has-post-thumbnail","hentry","category-noticias-de-ribeirao-preto-sp-e-regiao-ismael-colosi"],"jetpack_publicize_connections":[],"jetpack_featured_media_url":"https:\/\/i0.wp.com\/noticiasribeiraopreto.com.br\/wp-content\/uploads\/2026\/03\/incendio-ribeirao-preto_2026-03-07_16-58-25.webp.webp?fit=1200%2C672&ssl=1","jetpack-related-posts":[{"id":62473,"url":"https:\/\/noticiasribeiraopreto.com.br\/index.php\/2025\/01\/15\/incendio-atinge-casa-durante-a-madrugada-no-bairro-campos-eliseos-em-ribeirao-video\/","url_meta":{"origin":83071,"position":0},"title":"Inc\u00eandio atinge casa durante a madrugada no bairro Campos El\u00edseos em Ribeir\u00e3o; V\u00eddeo","author":"noticiasribeiraopreto.com.br","date":"15 de January de 2025","format":false,"excerpt":"Um inc\u00eandio atingiu uma casa na rua Onze de Agosto, na madrugada desta quarta (15), no bairro Campos El\u00edseos, zona Norte de Ribeir\u00e3o Preto. Assista ao v\u00eddeo abaixo. Segundo informa\u00e7\u00f5es da PM (Pol\u00edcia Militar), apesar da intensidade do fogo, n\u00e3o houve registro de v\u00edtimas. O combate \u00e0s chamas foi feito\u2026","rel":"","context":"In &quot;Not\u00edcias de Ribeir\u00e3o Preto-SP e Regi\u00e3o&quot;","block_context":{"text":"Not\u00edcias de Ribeir\u00e3o Preto-SP e Regi\u00e3o","link":"https:\/\/noticiasribeiraopreto.com.br\/index.php\/category\/noticias-de-ribeirao-preto-sp-e-regiao-ismael-colosi\/"},"img":{"alt_text":"","src":"https:\/\/i0.wp.com\/noticiasribeiraopreto.com.br\/wp-content\/uploads\/2025\/01\/INCENDIO_2025-01-15_15-31-22_jpg_2025-01-15_15-31-22.webp.webp?fit=1200%2C1062&ssl=1&resize=350%2C200","width":350,"height":200,"srcset":"https:\/\/i0.wp.com\/noticiasribeiraopreto.com.br\/wp-content\/uploads\/2025\/01\/INCENDIO_2025-01-15_15-31-22_jpg_2025-01-15_15-31-22.webp.webp?fit=1200%2C1062&ssl=1&resize=350%2C200 1x, https:\/\/i0.wp.com\/noticiasribeiraopreto.com.br\/wp-content\/uploads\/2025\/01\/INCENDIO_2025-01-15_15-31-22_jpg_2025-01-15_15-31-22.webp.webp?fit=1200%2C1062&ssl=1&resize=525%2C300 1.5x, https:\/\/i0.wp.com\/noticiasribeiraopreto.com.br\/wp-content\/uploads\/2025\/01\/INCENDIO_2025-01-15_15-31-22_jpg_2025-01-15_15-31-22.webp.webp?fit=1200%2C1062&ssl=1&resize=700%2C400 2x, https:\/\/i0.wp.com\/noticiasribeiraopreto.com.br\/wp-content\/uploads\/2025\/01\/INCENDIO_2025-01-15_15-31-22_jpg_2025-01-15_15-31-22.webp.webp?fit=1200%2C1062&ssl=1&resize=1050%2C600 3x"},"classes":[]},{"id":65469,"url":"https:\/\/noticiasribeiraopreto.com.br\/index.php\/2025\/03\/20\/homem-morre-baleado-apos-invadir-casa-de-pm-em-ribeirao-preto\/","url_meta":{"origin":83071,"position":1},"title":"Homem morre baleado ap\u00f3s invadir casa de PM em Ribeir\u00e3o Preto","author":"noticiasribeiraopreto.com.br","date":"20 de March de 2025","format":false,"excerpt":"Um homem morreu baleado na manh\u00e3 desta quinta-feira (20) ap\u00f3s ter invadido a casa de um policial militar nos Campos El\u00edseos, em Ribeir\u00e3o Preto. O suspeito estaria furtando fios da casa, que fica na rua Luiz Barreto. De acordo com apura\u00e7\u00e3o da EPTV, o homem teria invadido o local de\u2026","rel":"","context":"In &quot;Not\u00edcias de Ribeir\u00e3o Preto-SP e Regi\u00e3o&quot;","block_context":{"text":"Not\u00edcias de Ribeir\u00e3o Preto-SP e Regi\u00e3o","link":"https:\/\/noticiasribeiraopreto.com.br\/index.php\/category\/noticias-de-ribeirao-preto-sp-e-regiao-ismael-colosi\/"},"img":{"alt_text":"","src":"https:\/\/i0.wp.com\/noticiasribeiraopreto.com.br\/wp-content\/uploads\/2025\/03\/pm-campos-eliseos-2_2025-03-20_15-43-15_jpg_2025-03-20_15-43-15.webp.webp?fit=884%2C652&ssl=1&resize=350%2C200","width":350,"height":200,"srcset":"https:\/\/i0.wp.com\/noticiasribeiraopreto.com.br\/wp-content\/uploads\/2025\/03\/pm-campos-eliseos-2_2025-03-20_15-43-15_jpg_2025-03-20_15-43-15.webp.webp?fit=884%2C652&ssl=1&resize=350%2C200 1x, https:\/\/i0.wp.com\/noticiasribeiraopreto.com.br\/wp-content\/uploads\/2025\/03\/pm-campos-eliseos-2_2025-03-20_15-43-15_jpg_2025-03-20_15-43-15.webp.webp?fit=884%2C652&ssl=1&resize=525%2C300 1.5x, https:\/\/i0.wp.com\/noticiasribeiraopreto.com.br\/wp-content\/uploads\/2025\/03\/pm-campos-eliseos-2_2025-03-20_15-43-15_jpg_2025-03-20_15-43-15.webp.webp?fit=884%2C652&ssl=1&resize=700%2C400 2x"},"classes":[]},{"id":51801,"url":"https:\/\/noticiasribeiraopreto.com.br\/index.php\/2024\/05\/30\/empresario-e-preso-apos-denuncia-de-disparo-de-arma-de-fogo-em-ribeirao-preto\/","url_meta":{"origin":83071,"position":2},"title":"Empres\u00e1rio \u00e9 preso ap\u00f3s den\u00fancia de disparo de arma de fogo em Ribeir\u00e3o Preto","author":"noticiasribeiraopreto.com.br","date":"30 de May de 2024","format":false,"excerpt":"A PM (Pol\u00edcia Militar) prendeu um empres\u00e1rio de 43 anos na noite desta quarta-feira (29), depois de receber uma den\u00fancia an\u00f4nima de disparo de arma de fogo nos Campos El\u00edseos, zona Norte de Ribeir\u00e3o Preto. Segundo o boletim de ocorr\u00eancia (BO), ao chegarem ao endere\u00e7o, na rua Frei Santo, os\u2026","rel":"","context":"In &quot;Not\u00edcias de Ribeir\u00e3o Preto-SP e Regi\u00e3o&quot;","block_context":{"text":"Not\u00edcias de Ribeir\u00e3o Preto-SP e Regi\u00e3o","link":"https:\/\/noticiasribeiraopreto.com.br\/index.php\/category\/noticias-de-ribeirao-preto-sp-e-regiao-ismael-colosi\/"},"img":{"alt_text":"","src":"https:\/\/i0.wp.com\/noticiasribeiraopreto.com.br\/wp-content\/uploads\/2024\/05\/1717094356_policia_qru_1024x576_25052021184749.jpg?fit=1024%2C576&ssl=1&resize=350%2C200","width":350,"height":200,"srcset":"https:\/\/i0.wp.com\/noticiasribeiraopreto.com.br\/wp-content\/uploads\/2024\/05\/1717094356_policia_qru_1024x576_25052021184749.jpg?fit=1024%2C576&ssl=1&resize=350%2C200 1x, https:\/\/i0.wp.com\/noticiasribeiraopreto.com.br\/wp-content\/uploads\/2024\/05\/1717094356_policia_qru_1024x576_25052021184749.jpg?fit=1024%2C576&ssl=1&resize=525%2C300 1.5x, https:\/\/i0.wp.com\/noticiasribeiraopreto.com.br\/wp-content\/uploads\/2024\/05\/1717094356_policia_qru_1024x576_25052021184749.jpg?fit=1024%2C576&ssl=1&resize=700%2C400 2x"},"classes":[]},{"id":53173,"url":"https:\/\/noticiasribeiraopreto.com.br\/index.php\/2024\/06\/17\/quatro-bairros-da-zona-norte-de-ribeirao-preto-ficam-sem-agua-veja-quais\/","url_meta":{"origin":83071,"position":3},"title":"Quatro bairros da zona Norte de Ribeir\u00e3o Preto ficam sem \u00e1gua; Veja quais","author":"noticiasribeiraopreto.com.br","date":"17 de June de 2024","format":false,"excerpt":"O rompimento de uma rede nos Campos El\u00edseos, na zona Norte de Ribeir\u00e3o Preto, est\u00e1 ocasionando falta d\u2019\u00e1gua em quatro bairros da cidade e regi\u00f5es pr\u00f3ximas (veja abaixo). Segundo a Saerp (Secretaria de \u00c1gua e Esgoto de Ribeir\u00e3o Preto), o reparo emergencial est\u00e1 sendo realizado e a previs\u00e3o \u00e9 de\u2026","rel":"","context":"In &quot;Not\u00edcias de Ribeir\u00e3o Preto-SP e Regi\u00e3o&quot;","block_context":{"text":"Not\u00edcias de Ribeir\u00e3o Preto-SP e Regi\u00e3o","link":"https:\/\/noticiasribeiraopreto.com.br\/index.php\/category\/noticias-de-ribeirao-preto-sp-e-regiao-ismael-colosi\/"},"img":{"alt_text":"","src":"https:\/\/i0.wp.com\/noticiasribeiraopreto.com.br\/wp-content\/uploads\/2024\/06\/Copia-de-Copia-de-TAMANHO-EXATO-PARA-FOTOS-NO-SISTEMA-NOVO-8_2024-06-17_15-19-48_jpg_2024-06-17_15-19-48.webp.webp?fit=1200%2C675&ssl=1&resize=350%2C200","width":350,"height":200,"srcset":"https:\/\/i0.wp.com\/noticiasribeiraopreto.com.br\/wp-content\/uploads\/2024\/06\/Copia-de-Copia-de-TAMANHO-EXATO-PARA-FOTOS-NO-SISTEMA-NOVO-8_2024-06-17_15-19-48_jpg_2024-06-17_15-19-48.webp.webp?fit=1200%2C675&ssl=1&resize=350%2C200 1x, https:\/\/i0.wp.com\/noticiasribeiraopreto.com.br\/wp-content\/uploads\/2024\/06\/Copia-de-Copia-de-TAMANHO-EXATO-PARA-FOTOS-NO-SISTEMA-NOVO-8_2024-06-17_15-19-48_jpg_2024-06-17_15-19-48.webp.webp?fit=1200%2C675&ssl=1&resize=525%2C300 1.5x, https:\/\/i0.wp.com\/noticiasribeiraopreto.com.br\/wp-content\/uploads\/2024\/06\/Copia-de-Copia-de-TAMANHO-EXATO-PARA-FOTOS-NO-SISTEMA-NOVO-8_2024-06-17_15-19-48_jpg_2024-06-17_15-19-48.webp.webp?fit=1200%2C675&ssl=1&resize=700%2C400 2x, https:\/\/i0.wp.com\/noticiasribeiraopreto.com.br\/wp-content\/uploads\/2024\/06\/Copia-de-Copia-de-TAMANHO-EXATO-PARA-FOTOS-NO-SISTEMA-NOVO-8_2024-06-17_15-19-48_jpg_2024-06-17_15-19-48.webp.webp?fit=1200%2C675&ssl=1&resize=1050%2C600 3x"},"classes":[]},{"id":62955,"url":"https:\/\/noticiasribeiraopreto.com.br\/index.php\/2025\/01\/29\/queda-de-arvore-provoca-bloqueio-nos-campos-eliseos-veja-o-video\/","url_meta":{"origin":83071,"position":4},"title":"Queda de \u00e1rvore provoca bloqueio nos Campos El\u00edseos; Veja o v\u00eddeo","author":"noticiasribeiraopreto.com.br","date":"29 de January de 2025","format":false,"excerpt":"Uma \u00e1rvore caiu no in\u00edcio da tarde desta quarta-feira (29), nos Campos El\u00edseos, zona Norte de Ribeir\u00e3o Preto \u2013 veja o v\u00eddeo. Por conta do incidente, o tr\u00e2nsito de ve\u00edculos foi bloqueado no local. A queda da \u00e1rvore aconteceu na rua Capit\u00e3o Salom\u00e3o, no cruzamento com a rua Marques de\u2026","rel":"","context":"In &quot;Not\u00edcias de Ribeir\u00e3o Preto-SP e Regi\u00e3o&quot;","block_context":{"text":"Not\u00edcias de Ribeir\u00e3o Preto-SP e Regi\u00e3o","link":"https:\/\/noticiasribeiraopreto.com.br\/index.php\/category\/noticias-de-ribeirao-preto-sp-e-regiao-ismael-colosi\/"},"img":{"alt_text":"","src":"https:\/\/i0.wp.com\/noticiasribeiraopreto.com.br\/wp-content\/uploads\/2025\/01\/QUEDA-DE-ARVORE_2025-01-29_16-25-18_jpg_2025-01-29_16-25-18.webp.webp?fit=1200%2C769&ssl=1&resize=350%2C200","width":350,"height":200,"srcset":"https:\/\/i0.wp.com\/noticiasribeiraopreto.com.br\/wp-content\/uploads\/2025\/01\/QUEDA-DE-ARVORE_2025-01-29_16-25-18_jpg_2025-01-29_16-25-18.webp.webp?fit=1200%2C769&ssl=1&resize=350%2C200 1x, https:\/\/i0.wp.com\/noticiasribeiraopreto.com.br\/wp-content\/uploads\/2025\/01\/QUEDA-DE-ARVORE_2025-01-29_16-25-18_jpg_2025-01-29_16-25-18.webp.webp?fit=1200%2C769&ssl=1&resize=525%2C300 1.5x, https:\/\/i0.wp.com\/noticiasribeiraopreto.com.br\/wp-content\/uploads\/2025\/01\/QUEDA-DE-ARVORE_2025-01-29_16-25-18_jpg_2025-01-29_16-25-18.webp.webp?fit=1200%2C769&ssl=1&resize=700%2C400 2x, https:\/\/i0.wp.com\/noticiasribeiraopreto.com.br\/wp-content\/uploads\/2025\/01\/QUEDA-DE-ARVORE_2025-01-29_16-25-18_jpg_2025-01-29_16-25-18.webp.webp?fit=1200%2C769&ssl=1&resize=1050%2C600 3x"},"classes":[]},{"id":64733,"url":"https:\/\/noticiasribeiraopreto.com.br\/index.php\/2025\/03\/11\/violencia-e-furtos-intensificam-inseguranca-nos-bairros-centrais-de-ribeirao-preto\/","url_meta":{"origin":83071,"position":5},"title":"Viol\u00eancia e furtos intensificam inseguran\u00e7a nos bairros centrais de Ribeir\u00e3o Preto","author":"noticiasribeiraopreto.com.br","date":"11 de March de 2025","format":false,"excerpt":"Nos bairros centrais de Ribeir\u00e3o Preto, como Centro, Campos El\u00edseos, Vila Tib\u00e9rio e Ipiranga, o aumento de invas\u00f5es a casas e furtos de fios tem deixado os moradores em alerta. A a\u00e7\u00e3o de pessoas em situa\u00e7\u00e3o de rua em busca de cobre para vender tem gerado in\u00fameros transtornos, especialmente no\u2026","rel":"","context":"In &quot;Not\u00edcias de Ribeir\u00e3o Preto-SP e Regi\u00e3o&quot;","block_context":{"text":"Not\u00edcias de Ribeir\u00e3o Preto-SP e Regi\u00e3o","link":"https:\/\/noticiasribeiraopreto.com.br\/index.php\/category\/noticias-de-ribeirao-preto-sp-e-regiao-ismael-colosi\/"},"img":{"alt_text":"","src":"https:\/\/i0.wp.com\/noticiasribeiraopreto.com.br\/wp-content\/uploads\/2025\/03\/morador_de_rua3101206060.webp.webp?fit=1170%2C700&ssl=1&resize=350%2C200","width":350,"height":200,"srcset":"https:\/\/i0.wp.com\/noticiasribeiraopreto.com.br\/wp-content\/uploads\/2025\/03\/morador_de_rua3101206060.webp.webp?fit=1170%2C700&ssl=1&resize=350%2C200 1x, https:\/\/i0.wp.com\/noticiasribeiraopreto.com.br\/wp-content\/uploads\/2025\/03\/morador_de_rua3101206060.webp.webp?fit=1170%2C700&ssl=1&resize=525%2C300 1.5x, https:\/\/i0.wp.com\/noticiasribeiraopreto.com.br\/wp-content\/uploads\/2025\/03\/morador_de_rua3101206060.webp.webp?fit=1170%2C700&ssl=1&resize=700%2C400 2x, https:\/\/i0.wp.com\/noticiasribeiraopreto.com.br\/wp-content\/uploads\/2025\/03\/morador_de_rua3101206060.webp.webp?fit=1170%2C700&ssl=1&resize=1050%2C600 3x"},"classes":[]}],"jetpack_sharing_enabled":true,"jetpack_shortlink":"https:\/\/wp.me\/peQAOb-lBR","_links":{"self":[{"href":"https:\/\/noticiasribeiraopreto.com.br\/index.php\/wp-json\/wp\/v2\/posts\/83071","targetHints":{"allow":["GET"]}}],"collection":[{"href":"https:\/\/noticiasribeiraopreto.com.br\/index.php\/wp-json\/wp\/v2\/posts"}],"about":[{"href":"https:\/\/noticiasribeiraopreto.com.br\/index.php\/wp-json\/wp\/v2\/types\/post"}],"author":[{"embeddable":true,"href":"https:\/\/noticiasribeiraopreto.com.br\/index.php\/wp-json\/wp\/v2\/users\/1"}],"replies":[{"embeddable":true,"href":"https:\/\/noticiasribeiraopreto.com.br\/index.php\/wp-json\/wp\/v2\/comments?post=83071"}],"version-history":[{"count":0,"href":"https:\/\/noticiasribeiraopreto.com.br\/index.php\/wp-json\/wp\/v2\/posts\/83071\/revisions"}],"wp:featuredmedia":[{"embeddable":true,"href":"https:\/\/noticiasribeiraopreto.com.br\/index.php\/wp-json\/wp\/v2\/media\/83072"}],"wp:attachment":[{"href":"https:\/\/noticiasribeiraopreto.com.br\/index.php\/wp-json\/wp\/v2\/media?parent=83071"}],"wp:term":[{"taxonomy":"category","embeddable":true,"href":"https:\/\/noticiasribeiraopreto.com.br\/index.php\/wp-json\/wp\/v2\/categories?post=83071"},{"taxonomy":"post_tag","embeddable":true,"href":"https:\/\/noticiasribeiraopreto.com.br\/index.php\/wp-json\/wp\/v2\/tags?post=83071"}],"curies":[{"name":"wp","href":"https:\/\/api.w.org\/{rel}","templated":true}]}}