{"id":83075,"date":"2026-03-08T11:11:57","date_gmt":"2026-03-08T14:11:57","guid":{"rendered":"https:\/\/noticiasribeiraopreto.com.br\/index.php\/2026\/03\/08\/morre-em-ribeirao-preto-o-apresentador-manoel-branco-aos-57-anos\/"},"modified":"2026-03-08T11:11:57","modified_gmt":"2026-03-08T14:11:57","slug":"morre-em-ribeirao-preto-o-apresentador-manoel-branco-aos-57-anos","status":"publish","type":"post","link":"https:\/\/noticiasribeiraopreto.com.br\/index.php\/2026\/03\/08\/morre-em-ribeirao-preto-o-apresentador-manoel-branco-aos-57-anos\/","title":{"rendered":"Morre em Ribeir\u00e3o Preto o apresentador Manoel Branco, aos 57 anos"},"content":{"rendered":"<div class='code-block code-block-1' style='margin: 8px 0 8px auto; text-align: right; display: block; clear: both;'>\n<p><a href=\"https:\/\/wa.link\/vpicfd\"><img data-recalc-dims=\"1\" class=\"wp-image-4922\" style=\"aspect-ratio: 2.0253164556962027; width: 561px; height: auto;\" src=\"https:\/\/i0.wp.com\/ismaelcolosi.com.br\/wp-content\/uploads\/2023\/11\/grupo-de-empregos-whatsapp-e-facebook-ismael-colosi-vagas.jpg?ssl=1\" alt=\"\" \/><\/a><\/p>\n<!-- \/wp:image -->\n<\/div>\n<p> <br \/>\n<\/p>\n<div data-td-block-uid=\"tdi_95\">\n<div class=\"tdb-block-inner td-fix-index\">\n<p>O apresentador <strong>Manoel Branco<\/strong> morreu neste s\u00e1bado (7), em Ribeir\u00e3o Preto, aos 57 anos. Ele foi encontrado sem vida na casa em que vivia no bairro Jardim Castelo Branco, na zona Leste.<\/p>\n<p>Manoel Branco nasceu em julho de 1968, em <strong>S\u00e3o Joaquim da Barra<\/strong>, e, atualmente, apresentava um programa na TV Clube\/Band. Ele teve passagens pelo <strong>Grupo EP<\/strong>, incluindo a r\u00e1dio <strong>CBN Ribeir\u00e3o<\/strong>.<\/p>\n<p>A suspeita \u00e9 que Manoel Branco tenha sofrido um infarto, mas as causas ser\u00e3o apuradas. Ainda n\u00e3o h\u00e1 informa\u00e7\u00f5es sobre o vel\u00f3rio e sepultamento.<\/p>\n<p>SAIBA MAIS<br \/>De volta \u00e0s piscinas: Nicholas Santos retoma carreira com foco nos Jogos de 2028<\/p>\n<h2 class=\"wp-block-heading\"><strong>FIQUE ON<\/strong><\/h2>\n<p>Fique ligado em tudo que acontece em Ribeir\u00e3o Preto e regi\u00e3o. Siga os perfis do\u00a0<strong>acidade on<\/strong>\u00a0no<a href=\"https:\/\/www.instagram.com\/acidadeonribeirao\" target=\"_blank\" rel=\"noreferrer noopener\">\u00a0Instagram\u00a0<\/a>e no\u00a0<a href=\"https:\/\/www.facebook.com\/acidadeonribeirao\/\" target=\"_blank\" rel=\"noreferrer noopener\">Facebook<\/a>.<\/p>\n<p>Receba not\u00edcias do\u00a0<strong>acidade on<\/strong>\u00a0no WhatsApp. Para entrar no grupo,\u00a0basta\u00a0<a href=\"https:\/\/chat.whatsapp.com\/GFH9HUMUTHNFJdnyEd0xxq\" target=\"_blank\" rel=\"noreferrer noopener\">clicar aqui<\/a>. Ou, acesse o nosso\u00a0Canal\u00a0<a href=\"https:\/\/whatsapp.com\/channel\/0029Vb6IQl1JENyAeS57fk2p\" target=\"_blank\" rel=\"noreferrer noopener\">clicando aqui<\/a>.<\/p>\n<p>Fa\u00e7a uma den\u00fancia ou sugira uma reportagem sobre Ribeir\u00e3o Preto e regi\u00e3o pelo WhatsApp: 16 99117 7802.<\/p>\n<p>VEJA TAMB\u00c9M<br \/>Quem \u00e9 Maycon Cardozo? Brasileiro faz sua estreia oficial no Bayern de Munique aos 17 anos<\/p>\n<p><!-- AI CONTENT END 1 -->\n<\/div>\n<\/div>\n<p><script async src=\"\/\/www.instagram.com\/embed.js\"><\/script><br \/>\n<br \/><br \/>\n<br \/><a href=\"https:\/\/www.acidadeon.com\/ribeiraopreto\/cotidiano\/morre-em-ribeirao-preto-o-apresentador-manoel-branco-aos-57-anos\/\">Source link <\/a><\/p>\n<!-- CONTENT END 1 -->\n","protected":false},"excerpt":{"rendered":"<p>O apresentador Manoel Branco morreu neste s\u00e1bado (7), em Ribeir\u00e3o Preto, aos 57 anos. Ele foi encontrado sem vida na casa em que vivia no&#8230;<\/p>\n","protected":false},"author":1,"featured_media":83076,"comment_status":"open","ping_status":"open","sticky":false,"template":"","format":"standard","meta":{"advanced_seo_description":"","jetpack_seo_html_title":"","jetpack_seo_noindex":false,"jetpack_post_was_ever_published":false,"_jetpack_newsletter_access":"","_jetpack_dont_email_post_to_subs":false,"_jetpack_newsletter_tier_id":0,"_jetpack_memberships_contains_paywalled_content":false,"_jetpack_memberships_contains_paid_content":false,"footnotes":"","jetpack_publicize_message":"","jetpack_publicize_feature_enabled":true,"jetpack_social_post_already_shared":true,"jetpack_social_options":{"image_generator_settings":{"template":"highway","default_image_id":0,"font":"","enabled":false},"version":2}},"categories":[11],"tags":[],"class_list":["post-83075","post","type-post","status-publish","format-standard","has-post-thumbnail","hentry","category-noticias-de-ribeirao-preto-sp-e-regiao-ismael-colosi"],"jetpack_publicize_connections":[],"jetpack_featured_media_url":"https:\/\/i0.wp.com\/noticiasribeiraopreto.com.br\/wp-content\/uploads\/2026\/03\/manoel-branco_2026-03-07_15-40-51.webp.webp?fit=1200%2C702&ssl=1","jetpack-related-posts":[{"id":61778,"url":"https:\/\/noticiasribeiraopreto.com.br\/index.php\/2024\/12\/21\/morre-o-ex-vereador-de-ribeirao-preto-manoel-negrao-azevedo\/","url_meta":{"origin":83075,"position":0},"title":"Morre o ex-vereador de Ribeir\u00e3o Preto Manoel Negr\u00e3o Azevedo","author":"noticiasribeiraopreto.com.br","date":"21 de December de 2024","format":false,"excerpt":"Morreu nesta sexta-feira (20) o ex-vereador de Ribeir\u00e3o Preto Manoel Negr\u00e3o Azevedo, aos 94 anos. A informa\u00e7\u00e3o foi confirmada pelos familiares do ex-parlamentar. As causas da morte, por\u00e9m, n\u00e3o foram informadas. O mandato de Negr\u00e3o Azevedo aconteceu entre os anos de 1977 e 1983. Ele foi terceiro vereador negro da\u2026","rel":"","context":"In &quot;Not\u00edcias de Ribeir\u00e3o Preto-SP e Regi\u00e3o&quot;","block_context":{"text":"Not\u00edcias de Ribeir\u00e3o Preto-SP e Regi\u00e3o","link":"https:\/\/noticiasribeiraopreto.com.br\/index.php\/category\/noticias-de-ribeirao-preto-sp-e-regiao-ismael-colosi\/"},"img":{"alt_text":"","src":"https:\/\/i0.wp.com\/noticiasribeiraopreto.com.br\/wp-content\/uploads\/2024\/12\/Copia-de-Copia-de-Copia-de-TAMANHO-EXATO-PARA-FOTOS-NO-SISTEMA-NOVO-2024-12-21T171908.588_2024-12-21_20-19-28_png_2024-12-21_20-19-28.webp.webp?fit=1200%2C675&ssl=1&resize=350%2C200","width":350,"height":200,"srcset":"https:\/\/i0.wp.com\/noticiasribeiraopreto.com.br\/wp-content\/uploads\/2024\/12\/Copia-de-Copia-de-Copia-de-TAMANHO-EXATO-PARA-FOTOS-NO-SISTEMA-NOVO-2024-12-21T171908.588_2024-12-21_20-19-28_png_2024-12-21_20-19-28.webp.webp?fit=1200%2C675&ssl=1&resize=350%2C200 1x, https:\/\/i0.wp.com\/noticiasribeiraopreto.com.br\/wp-content\/uploads\/2024\/12\/Copia-de-Copia-de-Copia-de-TAMANHO-EXATO-PARA-FOTOS-NO-SISTEMA-NOVO-2024-12-21T171908.588_2024-12-21_20-19-28_png_2024-12-21_20-19-28.webp.webp?fit=1200%2C675&ssl=1&resize=525%2C300 1.5x, https:\/\/i0.wp.com\/noticiasribeiraopreto.com.br\/wp-content\/uploads\/2024\/12\/Copia-de-Copia-de-Copia-de-TAMANHO-EXATO-PARA-FOTOS-NO-SISTEMA-NOVO-2024-12-21T171908.588_2024-12-21_20-19-28_png_2024-12-21_20-19-28.webp.webp?fit=1200%2C675&ssl=1&resize=700%2C400 2x, https:\/\/i0.wp.com\/noticiasribeiraopreto.com.br\/wp-content\/uploads\/2024\/12\/Copia-de-Copia-de-Copia-de-TAMANHO-EXATO-PARA-FOTOS-NO-SISTEMA-NOVO-2024-12-21T171908.588_2024-12-21_20-19-28_png_2024-12-21_20-19-28.webp.webp?fit=1200%2C675&ssl=1&resize=1050%2C600 3x"},"classes":[]},{"id":50676,"url":"https:\/\/noticiasribeiraopreto.com.br\/index.php\/2024\/05\/17\/centro-de-pesquisa-realiza-acao-sobre-importancia-da-vacina-na-regiao-de-ribeirao\/","url_meta":{"origin":83075,"position":1},"title":"Centro de pesquisa realiza a\u00e7\u00e3o sobre import\u00e2ncia da vacina na regi\u00e3o de Ribeir\u00e3o","author":"noticiasribeiraopreto.com.br","date":"17 de May de 2024","format":false,"excerpt":"O Centro de Pesquisa Cl\u00ednica da Faepa (Funda\u00e7\u00e3o de Apoio ao Ensino, Pesquisa e Assist\u00eancia do HCMRP), parceiro na realiza\u00e7\u00e3o do Projeto S do Instituto Butatan (veja abaixo) e a Prefeitura de Serrana realizar\u00e3o um evento, na segunda-feira (20), para alertar \u00e0 popula\u00e7\u00e3o sobre a import\u00e2ncia da pesquisa cl\u00ednica e\u2026","rel":"","context":"In &quot;Not\u00edcias de Ribeir\u00e3o Preto-SP e Regi\u00e3o&quot;","block_context":{"text":"Not\u00edcias de Ribeir\u00e3o Preto-SP e Regi\u00e3o","link":"https:\/\/noticiasribeiraopreto.com.br\/index.php\/category\/noticias-de-ribeirao-preto-sp-e-regiao-ismael-colosi\/"},"img":{"alt_text":"","src":"https:\/\/i0.wp.com\/noticiasribeiraopreto.com.br\/wp-content\/uploads\/2024\/05\/Copia-de-Copia-de-TAMANHO-EXATO-PARA-FOTOS-NO-SISTEMA-NOVO-16_2024-05-17_20-56-33_jpg_2024-05-17_20-56-33.webp.webp?fit=1200%2C675&ssl=1&resize=350%2C200","width":350,"height":200,"srcset":"https:\/\/i0.wp.com\/noticiasribeiraopreto.com.br\/wp-content\/uploads\/2024\/05\/Copia-de-Copia-de-TAMANHO-EXATO-PARA-FOTOS-NO-SISTEMA-NOVO-16_2024-05-17_20-56-33_jpg_2024-05-17_20-56-33.webp.webp?fit=1200%2C675&ssl=1&resize=350%2C200 1x, https:\/\/i0.wp.com\/noticiasribeiraopreto.com.br\/wp-content\/uploads\/2024\/05\/Copia-de-Copia-de-TAMANHO-EXATO-PARA-FOTOS-NO-SISTEMA-NOVO-16_2024-05-17_20-56-33_jpg_2024-05-17_20-56-33.webp.webp?fit=1200%2C675&ssl=1&resize=525%2C300 1.5x, https:\/\/i0.wp.com\/noticiasribeiraopreto.com.br\/wp-content\/uploads\/2024\/05\/Copia-de-Copia-de-TAMANHO-EXATO-PARA-FOTOS-NO-SISTEMA-NOVO-16_2024-05-17_20-56-33_jpg_2024-05-17_20-56-33.webp.webp?fit=1200%2C675&ssl=1&resize=700%2C400 2x, https:\/\/i0.wp.com\/noticiasribeiraopreto.com.br\/wp-content\/uploads\/2024\/05\/Copia-de-Copia-de-TAMANHO-EXATO-PARA-FOTOS-NO-SISTEMA-NOVO-16_2024-05-17_20-56-33_jpg_2024-05-17_20-56-33.webp.webp?fit=1200%2C675&ssl=1&resize=1050%2C600 3x"},"classes":[]},{"id":83067,"url":"https:\/\/noticiasribeiraopreto.com.br\/index.php\/2026\/03\/08\/turne-as-guardias-do-k-pop-chega-ao-theatro-pedro-ii-veja-como-comprar-ingressos\/","url_meta":{"origin":83075,"position":2},"title":"Turn\u00ea &#8216;As Guardi\u00e3s do K-POP&#8217; chega ao Theatro Pedro II; Veja como comprar ingressos","author":"noticiasribeiraopreto.com.br","date":"8 de March de 2026","format":false,"excerpt":"Inspirada na anima\u00e7\u00e3o da Netflix, a turn\u00ea \u201cAs Guardi\u00e3s do K-POP\u201d desembarca no Theatro Pedro II, em Ribeir\u00e3o Preto, no dia 20 de abril, \u00e0s 18h. Os ingressos podem ser adquiridos pela internet (clique aqui) ou na bilheteria do teatro. Com mais de 100 sess\u00f5es esgotadas, o grupo chega \u00e0\u2026","rel":"","context":"In &quot;Not\u00edcias de Ribeir\u00e3o Preto-SP e Regi\u00e3o&quot;","block_context":{"text":"Not\u00edcias de Ribeir\u00e3o Preto-SP e Regi\u00e3o","link":"https:\/\/noticiasribeiraopreto.com.br\/index.php\/category\/noticias-de-ribeirao-preto-sp-e-regiao-ismael-colosi\/"},"img":{"alt_text":"","src":"https:\/\/i0.wp.com\/noticiasribeiraopreto.com.br\/wp-content\/uploads\/2026\/03\/foto-editada_2026-03-07_18-49-10.webp.webp?fit=1200%2C675&ssl=1&resize=350%2C200","width":350,"height":200,"srcset":"https:\/\/i0.wp.com\/noticiasribeiraopreto.com.br\/wp-content\/uploads\/2026\/03\/foto-editada_2026-03-07_18-49-10.webp.webp?fit=1200%2C675&ssl=1&resize=350%2C200 1x, https:\/\/i0.wp.com\/noticiasribeiraopreto.com.br\/wp-content\/uploads\/2026\/03\/foto-editada_2026-03-07_18-49-10.webp.webp?fit=1200%2C675&ssl=1&resize=525%2C300 1.5x, https:\/\/i0.wp.com\/noticiasribeiraopreto.com.br\/wp-content\/uploads\/2026\/03\/foto-editada_2026-03-07_18-49-10.webp.webp?fit=1200%2C675&ssl=1&resize=700%2C400 2x, https:\/\/i0.wp.com\/noticiasribeiraopreto.com.br\/wp-content\/uploads\/2026\/03\/foto-editada_2026-03-07_18-49-10.webp.webp?fit=1200%2C675&ssl=1&resize=1050%2C600 3x"},"classes":[]},{"id":41942,"url":"https:\/\/noticiasribeiraopreto.com.br\/index.php\/2024\/03\/12\/morre-o-poeta-e-trovador-nilton-manoel\/","url_meta":{"origin":83075,"position":3},"title":"Morre o poeta e trovador Nilton Manoel","author":"noticiasribeiraopreto.com.br","date":"12 de March de 2024","format":false,"excerpt":"12 de mar\u00e7o de 2024 | 9:06 0Morreu Nilton Manoel, presidente da Uni\u00e3o Brasileira de Trovadores, Se\u00e7\u00e3o Ribeir\u00e3o Preto. Apaixonado pelo of\u00edcio, ele fomentava a arte da Trova para alunos de escolas p\u00fablicas. Amante das letras, Nilton tamb\u00e9m foi um dos fundadores da Academia de Letras e Artes de Ribeir\u00e3o\u2026","rel":"","context":"In &quot;Not\u00edcias de Ribeir\u00e3o Preto-SP e Regi\u00e3o&quot;","block_context":{"text":"Not\u00edcias de Ribeir\u00e3o Preto-SP e Regi\u00e3o","link":"https:\/\/noticiasribeiraopreto.com.br\/index.php\/category\/noticias-de-ribeirao-preto-sp-e-regiao-ismael-colosi\/"},"img":{"alt_text":"","src":"https:\/\/i0.wp.com\/noticiasribeiraopreto.com.br\/wp-content\/uploads\/2024\/03\/808c6f71-2b87-422f-9c84-d01e4a7d381c.jpg?fit=717%2C717&ssl=1&resize=350%2C200","width":350,"height":200,"srcset":"https:\/\/i0.wp.com\/noticiasribeiraopreto.com.br\/wp-content\/uploads\/2024\/03\/808c6f71-2b87-422f-9c84-d01e4a7d381c.jpg?fit=717%2C717&ssl=1&resize=350%2C200 1x, https:\/\/i0.wp.com\/noticiasribeiraopreto.com.br\/wp-content\/uploads\/2024\/03\/808c6f71-2b87-422f-9c84-d01e4a7d381c.jpg?fit=717%2C717&ssl=1&resize=525%2C300 1.5x, https:\/\/i0.wp.com\/noticiasribeiraopreto.com.br\/wp-content\/uploads\/2024\/03\/808c6f71-2b87-422f-9c84-d01e4a7d381c.jpg?fit=717%2C717&ssl=1&resize=700%2C400 2x"},"classes":[]},{"id":30053,"url":"https:\/\/noticiasribeiraopreto.com.br\/index.php\/2024\/01\/20\/conppac-aprova-projeto-de-restauro-do-palacio-rio-branco-em-ribeirao-preto-entenda\/","url_meta":{"origin":83075,"position":4},"title":"Conppac aprova projeto de restauro do Pal\u00e1cio Rio Branco em Ribeir\u00e3o Preto; Entenda","author":"noticiasribeiraopreto.com.br","date":"20 de January de 2024","format":false,"excerpt":"Foi aprovado pelo Conselho de Preserva\u00e7\u00e3o do Patrim\u00f4nio Cultural (Conppac), nesta sexta-feira (19), o projeto de restaura\u00e7\u00e3o do Pal\u00e1cio Rio Branco, no Centro de Ribeir\u00e3o Preto, em atendimento a uma solicita\u00e7\u00e3o da Secretaria Municipal da Cultura e Turismo de Ribeir\u00e3o Preto. O projeto prev\u00ea a reforma de um caf\u00e9, espa\u00e7os\u2026","rel":"","context":"In &quot;Not\u00edcias de Ribeir\u00e3o Preto-SP e Regi\u00e3o&quot;","block_context":{"text":"Not\u00edcias de Ribeir\u00e3o Preto-SP e Regi\u00e3o","link":"https:\/\/noticiasribeiraopreto.com.br\/index.php\/category\/noticias-de-ribeirao-preto-sp-e-regiao-ismael-colosi\/"},"img":{"alt_text":"","src":"https:\/\/i0.wp.com\/noticiasribeiraopreto.com.br\/wp-content\/uploads\/2024\/01\/palacio_rio_1024x576_17112020111814.jpg?fit=1024%2C576&ssl=1&resize=350%2C200","width":350,"height":200,"srcset":"https:\/\/i0.wp.com\/noticiasribeiraopreto.com.br\/wp-content\/uploads\/2024\/01\/palacio_rio_1024x576_17112020111814.jpg?fit=1024%2C576&ssl=1&resize=350%2C200 1x, https:\/\/i0.wp.com\/noticiasribeiraopreto.com.br\/wp-content\/uploads\/2024\/01\/palacio_rio_1024x576_17112020111814.jpg?fit=1024%2C576&ssl=1&resize=525%2C300 1.5x, https:\/\/i0.wp.com\/noticiasribeiraopreto.com.br\/wp-content\/uploads\/2024\/01\/palacio_rio_1024x576_17112020111814.jpg?fit=1024%2C576&ssl=1&resize=700%2C400 2x"},"classes":[]},{"id":53653,"url":"https:\/\/noticiasribeiraopreto.com.br\/index.php\/2024\/06\/22\/projeto-social-oferece-vagas-para-aulas-de-judo-na-zona-norte-de-ribeirao-preto-saiba-mais\/","url_meta":{"origin":83075,"position":5},"title":"Projeto social oferece vagas para aulas de jud\u00f4 na zona Norte de Ribeir\u00e3o Preto; Saiba mais","author":"noticiasribeiraopreto.com.br","date":"22 de June de 2024","format":false,"excerpt":"Um projeto social est\u00e1 oferecendo aulas de jud\u00f4 gratuitas para crian\u00e7as e adolescentes, de 4 a 12 anos de idade, no complexo esportivo Manoel C\u00e2mara, no bairro Jardim Independ\u00eancia, na zona Norte de Ribeir\u00e3o Preto. Ao todo, s\u00e3o 40 vagas dispon\u00edveis. Os interessados devem comparecer, no dia 27 de junho,\u2026","rel":"","context":"In &quot;Not\u00edcias de Ribeir\u00e3o Preto-SP e Regi\u00e3o&quot;","block_context":{"text":"Not\u00edcias de Ribeir\u00e3o Preto-SP e Regi\u00e3o","link":"https:\/\/noticiasribeiraopreto.com.br\/index.php\/category\/noticias-de-ribeirao-preto-sp-e-regiao-ismael-colosi\/"},"img":{"alt_text":"","src":"https:\/\/i0.wp.com\/noticiasribeiraopreto.com.br\/wp-content\/uploads\/2024\/06\/Copia-de-Copia-de-TAMANHO-EXATO-PARA-FOTOS-NO-SISTEMA-NOVO-8_2024-06-21_19-49-01_jpg_2024-06-21_19-49-02.webp.webp?fit=1200%2C675&ssl=1&resize=350%2C200","width":350,"height":200,"srcset":"https:\/\/i0.wp.com\/noticiasribeiraopreto.com.br\/wp-content\/uploads\/2024\/06\/Copia-de-Copia-de-TAMANHO-EXATO-PARA-FOTOS-NO-SISTEMA-NOVO-8_2024-06-21_19-49-01_jpg_2024-06-21_19-49-02.webp.webp?fit=1200%2C675&ssl=1&resize=350%2C200 1x, https:\/\/i0.wp.com\/noticiasribeiraopreto.com.br\/wp-content\/uploads\/2024\/06\/Copia-de-Copia-de-TAMANHO-EXATO-PARA-FOTOS-NO-SISTEMA-NOVO-8_2024-06-21_19-49-01_jpg_2024-06-21_19-49-02.webp.webp?fit=1200%2C675&ssl=1&resize=525%2C300 1.5x, https:\/\/i0.wp.com\/noticiasribeiraopreto.com.br\/wp-content\/uploads\/2024\/06\/Copia-de-Copia-de-TAMANHO-EXATO-PARA-FOTOS-NO-SISTEMA-NOVO-8_2024-06-21_19-49-01_jpg_2024-06-21_19-49-02.webp.webp?fit=1200%2C675&ssl=1&resize=700%2C400 2x, https:\/\/i0.wp.com\/noticiasribeiraopreto.com.br\/wp-content\/uploads\/2024\/06\/Copia-de-Copia-de-TAMANHO-EXATO-PARA-FOTOS-NO-SISTEMA-NOVO-8_2024-06-21_19-49-01_jpg_2024-06-21_19-49-02.webp.webp?fit=1200%2C675&ssl=1&resize=1050%2C600 3x"},"classes":[]}],"jetpack_sharing_enabled":true,"jetpack_shortlink":"https:\/\/wp.me\/peQAOb-lBV","_links":{"self":[{"href":"https:\/\/noticiasribeiraopreto.com.br\/index.php\/wp-json\/wp\/v2\/posts\/83075","targetHints":{"allow":["GET"]}}],"collection":[{"href":"https:\/\/noticiasribeiraopreto.com.br\/index.php\/wp-json\/wp\/v2\/posts"}],"about":[{"href":"https:\/\/noticiasribeiraopreto.com.br\/index.php\/wp-json\/wp\/v2\/types\/post"}],"author":[{"embeddable":true,"href":"https:\/\/noticiasribeiraopreto.com.br\/index.php\/wp-json\/wp\/v2\/users\/1"}],"replies":[{"embeddable":true,"href":"https:\/\/noticiasribeiraopreto.com.br\/index.php\/wp-json\/wp\/v2\/comments?post=83075"}],"version-history":[{"count":0,"href":"https:\/\/noticiasribeiraopreto.com.br\/index.php\/wp-json\/wp\/v2\/posts\/83075\/revisions"}],"wp:featuredmedia":[{"embeddable":true,"href":"https:\/\/noticiasribeiraopreto.com.br\/index.php\/wp-json\/wp\/v2\/media\/83076"}],"wp:attachment":[{"href":"https:\/\/noticiasribeiraopreto.com.br\/index.php\/wp-json\/wp\/v2\/media?parent=83075"}],"wp:term":[{"taxonomy":"category","embeddable":true,"href":"https:\/\/noticiasribeiraopreto.com.br\/index.php\/wp-json\/wp\/v2\/categories?post=83075"},{"taxonomy":"post_tag","embeddable":true,"href":"https:\/\/noticiasribeiraopreto.com.br\/index.php\/wp-json\/wp\/v2\/tags?post=83075"}],"curies":[{"name":"wp","href":"https:\/\/api.w.org\/{rel}","templated":true}]}}