{"id":83080,"date":"2026-03-08T22:59:55","date_gmt":"2026-03-09T01:59:55","guid":{"rendered":"https:\/\/noticiasribeiraopreto.com.br\/index.php\/2026\/03\/08\/palmeiras-bate-novorizontino-e-conquista-o-paulistao\/"},"modified":"2026-03-08T22:59:55","modified_gmt":"2026-03-09T01:59:55","slug":"palmeiras-bate-novorizontino-e-conquista-o-paulistao","status":"publish","type":"post","link":"https:\/\/noticiasribeiraopreto.com.br\/index.php\/2026\/03\/08\/palmeiras-bate-novorizontino-e-conquista-o-paulistao\/","title":{"rendered":"Palmeiras bate Novorizontino e conquista o Paulist\u00e3o"},"content":{"rendered":"<div class='code-block code-block-1' style='margin: 8px 0 8px auto; text-align: right; display: block; clear: both;'>\n<p><a href=\"https:\/\/wa.link\/vpicfd\"><img data-recalc-dims=\"1\" class=\"wp-image-4922\" style=\"aspect-ratio: 2.0253164556962027; width: 561px; height: auto;\" src=\"https:\/\/i0.wp.com\/ismaelcolosi.com.br\/wp-content\/uploads\/2023\/11\/grupo-de-empregos-whatsapp-e-facebook-ismael-colosi-vagas.jpg?ssl=1\" alt=\"\" \/><\/a><\/p>\n<!-- \/wp:image -->\n<\/div>\n<p> <br \/>\n<\/p>\n<div id=\"\">&#13;<\/p>\n<h2 class=\"penci-post-subtitle\">Verd\u00e3o vence novamente e p\u00f5e fim ao maior jejum de t\u00edtulos da era Abel Ferreira<\/h2>\n<p>&#13;<\/p>\n<p>&#13;<br \/>\n\t\t\t\t\t\t\t\t\t<span class=\"entry-meta-item penci-posted-on\"><i class=\"fa fa-clock-o\"\/><time class=\"entry-date published updated\" datetime=\"2026-03-08T22:57:08-03:00\">8 de mar\u00e7o de 2026 22:57<\/time><\/span><span class=\"entry-meta-item penci-post-countview\"\/>\t\t\t\t\t\t\t\t<\/p>\n<p><!-- .entry-meta -->&#13;<br \/>\n\t\t\t\t\t\t\t\t<span class=\"penci-social-buttons penci-social-share-footer\"><span class=\"penci-social-share-text\">Compartilhar<\/span><a href=\"#\" class=\"penci-post-like penci_post-meta_item  single-like-button penci-social-item like\" data-post_id=\"456776\" title=\"Like\" data-like=\"Like\" data-unlike=\"Unlike\"><i class=\"fa fa-thumbs-o-up\"\/><span class=\"penci-share-number\">0<\/span><\/a><i class=\"fa fa-facebook\"\/><a class=\"penci-social-item twitter\" target=\"_blank\" rel=\"noopener\" title=\"\" href=\"https:\/\/twitter.com\/intent\/tweet?text=Palmeiras%20bate%20Novorizontino%20e%20conquista%20o%20Paulist\u00e3o%20-%20https:\/\/www.tribunaribeirao.com.br\/palmeiras-bate-novorizontino-e-conquista-o-paulistao\/\"><i class=\"fa fa-twitter\"\/><\/a><i class=\"fa fa-linkedin\"\/><i class=\"fa fa-whatsapp\"\/><i class=\"fa fa-telegram\"\/><i class=\"fa fa-envelope\"\/><\/span>\t\t\t\t\t\t\t<\/div>\n<div>\n<p>O maior jejum de t\u00edtulos do Palmeiras sob comando de Abel Ferreira terminou neste domingo (8), no Est\u00e1dio Jorge Ismael de Biasi, em Novo Horizonte. Passados dois anos do t\u00edtulo do Paulist\u00e3o conquistado diante do Santos, os palmeirenses venceram o Novorizontino por 2 a 1 e foram campe\u00f5es estaduais pela 27\u00aa vez. No jogo de ida, a equipe paulistana venceu por 1 a 0.<\/p>\n<p>Em uma noite de muita chuva, no noroeste paulista, Murillo abriu o placar e Mateus Bianqui empatou para os donos da casa. Coube a Vitor Roque decidir a partida e marcar o segundo para anular o risco de uma disputa de p\u00eanalti, que seria necess\u00e1ria caso o time do interior vencesse por um gol de diferen\u00e7a.<\/p>\n<p>Os dois times entraram em campo com novidades que prometiam mudar a din\u00e2mica do jogo. Do lado mandante, R\u00f4mulo foi escalado por Enderson Moreira, mesmo com a condi\u00e7\u00e3o de o Novorizontino ter de pagar R$ 1 milh\u00e3o de multa ao Palmeiras, clube ao qual o meia pertence. No jogo de ida, ele n\u00e3o atuou. Abel Ferreira, por sua vez, escalou Jhon \u00c1rias, principal refor\u00e7o do clube para a temporada, como titular pela primeira vez.<\/p>\n<p>Apesar da boa qualidade do gramado, o campo muito molhado atrapalhou a qualidade da partida. A chuva n\u00e3o estava t\u00e3o forte quanto antes da partida, mas continuou em menor intensidade ao longo do primeiro tempo. Na bola parada, o Palmeiras encontrou o caminho para abrir o placar, ap\u00f3s cobran\u00e7a de falta que terminou em chute na trave efetuado por Marlon Freitas e gol de Murillo no rebote.<\/p>\n<p>O time de Abel tentava enfrentar a \u00e1gua e acelerar jogadas, sem muito sucesso, at\u00e9 marcar o gol, quando esse tipo de a\u00e7\u00e3o passou a ser menos frequente. Em rota\u00e7\u00e3o mais baixa, passou a dar mais espa\u00e7os ao Novorizontino. Uma falha de Carlos Miguel, que n\u00e3o conseguiu segurar a bola em um lance na pequena \u00e1rea e a deixou passar entre as pernas, permitiu que Matheus Bianqui empurrasse a bola para o gol vazio para empatar.<\/p>\n<p>A torcida novorizontina, desanimada at\u00e9 o gol de empate, reacendeu e empurrou o time para seu melhor momento no jogo, com muita presen\u00e7a ofensiva, apostando em lan\u00e7amentos dentro da \u00e1rea O resultado dos lances nem sempre era o melhor, mas o \u00edmpeto ao menos concentrava o Palmeiras no campo de defesa.<\/p>\n<p>Basicamente, os palmeirenses corriam atr\u00e1s da bola e abusavam dos chut\u00f5es para tentar se livrar da press\u00e3o. Quando conseguiu voltar ao campo de ataque, j\u00e1 nos \u00faltimos minutos do primeiro tempo, o time paulistano parou em defesa milagrosa de Jordi para evitar gol de cabe\u00e7a de Marlon Freitas.<\/p>\n<p>O segundo tempo come\u00e7ou muito truncado, com excesso de faltas e pouca bola rolando. O Palmeiras vivia alguns momentos em que ocupava o campo de ataque, mas havia dificuldade em acelerar as jogadas. Vitor Roque era a principal arma para quebrar as linhas, enquanto se sentia a falta de uma participa\u00e7\u00e3o mais ativa de Arias, que levou perigo ao goleiro Jordi em uma das raras vezes que se aproximou da \u00e1rea.<\/p>\n<p>A tens\u00e3o que ganhava for\u00e7a desde o gol de empate dos donos da casa se dissipou aos 16 minutos, quando Jhon Arias dividiu com Jordi ao receber lan\u00e7amento e a bola sobre para Vitor Roque mandar para a rede. A partir da\u00ed, o abalado Novorizontino pouco conseguiu fazer para desafiar os palmeirense e ainda mostraram bastante nervosismo, com jogadas que passaram um pouco do ponto e irritaram os advers\u00e1rios. Ao longo dos s\u00e9timos minutos de acr\u00e9scimos, apenas grit\u00f5es alviverde de \u201c\u00e9 campe\u00e3o\u201d.<\/p>\n<p>Bruno Accorsi via Estad\u00e3o Conte\u00fado<\/p>\n<\/div>\n<p><script async src=\"\/\/platform.twitter.com\/widgets.js\" charset=\"utf-8\"><\/script><br \/>\n<br \/><br \/>\n<br \/><a href=\"https:\/\/www.tribunaribeirao.com.br\/palmeiras-bate-novorizontino-e-conquista-o-paulistao\/\">Source link <\/a><\/p>\n<!-- CONTENT END 1 -->\n","protected":false},"excerpt":{"rendered":"<p>&#13; Verd\u00e3o vence novamente e p\u00f5e fim ao maior jejum de t\u00edtulos da era Abel Ferreira &#13; &#13; 8 de mar\u00e7o de 2026 22:57 &#13;&#8230;<\/p>\n","protected":false},"author":1,"featured_media":83081,"comment_status":"open","ping_status":"open","sticky":false,"template":"","format":"standard","meta":{"advanced_seo_description":"","jetpack_seo_html_title":"","jetpack_seo_noindex":false,"jetpack_post_was_ever_published":false,"_jetpack_newsletter_access":"","_jetpack_dont_email_post_to_subs":false,"_jetpack_newsletter_tier_id":0,"_jetpack_memberships_contains_paywalled_content":false,"_jetpack_memberships_contains_paid_content":false,"footnotes":"","jetpack_publicize_message":"","jetpack_publicize_feature_enabled":true,"jetpack_social_post_already_shared":true,"jetpack_social_options":{"image_generator_settings":{"template":"highway","default_image_id":0,"font":"","enabled":false},"version":2}},"categories":[11],"tags":[],"class_list":["post-83080","post","type-post","status-publish","format-standard","has-post-thumbnail","hentry","category-noticias-de-ribeirao-preto-sp-e-regiao-ismael-colosi"],"jetpack_publicize_connections":[],"jetpack_featured_media_url":"https:\/\/i0.wp.com\/noticiasribeiraopreto.com.br\/wp-content\/uploads\/2026\/03\/Novorizontino-x-Palmeiras-Final-Cesar-Greco_Palmeiras-scaled.png?fit=1200%2C676&ssl=1","jetpack-related-posts":[{"id":16216,"url":"https:\/\/noticiasribeiraopreto.com.br\/index.php\/2023\/12\/15\/urgente-publicado-edital-para-144-vagas-e-cadastros-de-analistas-2\/","url_meta":{"origin":83080,"position":0},"title":"Urgente! Publicado edital para 144 vagas e cadastros de analistas","author":"noticiasribeiraopreto.com.br","date":"15 de December de 2023","format":false,"excerpt":"Foi publicado, no di\u00e1rio oficial da Uni\u00e3o desta sexta-feira, 15 de dezembro, o edital do novo concurso Capes (Coordena\u00e7\u00e3o de Aperfei\u00e7oamento de Pessoal de N\u00edvel Superior). A sele\u00e7\u00e3o j\u00e1 contava com contrato assinado com a banca desde o \u00faltimo dia 1 de dezembro e conta com oferta de 144 vagas,\u2026","rel":"","context":"In &quot;Vagas de Emprego em Ribeir\u00e3o Preto-SP&quot;","block_context":{"text":"Vagas de Emprego em Ribeir\u00e3o Preto-SP","link":"https:\/\/noticiasribeiraopreto.com.br\/index.php\/category\/empregos-classificados-vagas-trabalho\/vagas-de-empregos-em-ribeirao-preto-regiao-brasil\/"},"img":{"alt_text":"cap1","src":"https:\/\/i0.wp.com\/jcconcursos.com.br\/media\/uploads\/cap1.jpg?resize=350%2C200&ssl=1","width":350,"height":200,"srcset":"https:\/\/i0.wp.com\/jcconcursos.com.br\/media\/uploads\/cap1.jpg?resize=350%2C200&ssl=1 1x, https:\/\/i0.wp.com\/jcconcursos.com.br\/media\/uploads\/cap1.jpg?resize=525%2C300&ssl=1 1.5x, https:\/\/i0.wp.com\/jcconcursos.com.br\/media\/uploads\/cap1.jpg?resize=700%2C400&ssl=1 2x"},"classes":[]},{"id":13616,"url":"https:\/\/noticiasribeiraopreto.com.br\/index.php\/2023\/12\/10\/vagas-offshore-para-operador-de-producao-enfermeiro-marinheiro-de-conves-coordenador-de-operacoes-hse-e-coordenador-de-perfuracao-sao-iniciadas-pela-brunel\/","url_meta":{"origin":83080,"position":1},"title":"Vagas offshore para Operador de Produ\u00e7\u00e3o, Enfermeiro, Marinheiro de Conv\u00e9s, Coordenador de Opera\u00e7\u00f5es, HSE e Coordenador de Perfura\u00e7\u00e3o s\u00e3o iniciadas pela Brunel","author":"noticiasribeiraopreto.com.br","date":"10 de December de 2023","format":false,"excerpt":"A Brunel, uma das principais empresas de recrutamento e sele\u00e7\u00e3o no setor de petr\u00f3leo e g\u00e1s, anunciou a abertura de diversas vagas na \u00e1rea offshore no dia 08\/12\/2023, uma oportunidade imperd\u00edvel para profissionais que buscam desafios e desenvolvimento em um setor din\u00e2mico e em constante evolu\u00e7\u00e3o. As vagas dispon\u00edveis s\u00e3o\u2026","rel":"","context":"In &quot;Vagas de Emprego em Ribeir\u00e3o Preto-SP&quot;","block_context":{"text":"Vagas de Emprego em Ribeir\u00e3o Preto-SP","link":"https:\/\/noticiasribeiraopreto.com.br\/index.php\/category\/empregos-classificados-vagas-trabalho\/vagas-de-empregos-em-ribeirao-preto-regiao-brasil\/"},"img":{"alt_text":"","src":"https:\/\/i0.wp.com\/noticiasribeiraopreto.com.br\/wp-content\/uploads\/2023\/12\/banner03-1-830x450.jpg?fit=830%2C450&ssl=1&resize=350%2C200","width":350,"height":200,"srcset":"https:\/\/i0.wp.com\/noticiasribeiraopreto.com.br\/wp-content\/uploads\/2023\/12\/banner03-1-830x450.jpg?fit=830%2C450&ssl=1&resize=350%2C200 1x, https:\/\/i0.wp.com\/noticiasribeiraopreto.com.br\/wp-content\/uploads\/2023\/12\/banner03-1-830x450.jpg?fit=830%2C450&ssl=1&resize=525%2C300 1.5x, https:\/\/i0.wp.com\/noticiasribeiraopreto.com.br\/wp-content\/uploads\/2023\/12\/banner03-1-830x450.jpg?fit=830%2C450&ssl=1&resize=700%2C400 2x"},"classes":[]},{"id":40392,"url":"https:\/\/noticiasribeiraopreto.com.br\/index.php\/2024\/03\/03\/arquivo-recebeu-mais-de-13-mil-pedidos-de-certidoes-de-imigracao\/","url_meta":{"origin":83080,"position":2},"title":"Arquivo recebeu mais de 13 mil pedidos de certid\u00f5es de imigra\u00e7\u00e3o\u00a0","author":"noticiasribeiraopreto.com.br","date":"3 de March de 2024","format":false,"excerpt":"3 de mar\u00e7o de 2024 | 11:002 de mar\u00e7o de 2024 | 11:56 0O Arquivo P\u00fablico do Estado de S\u00e3o Paulo (APESP) recebeu 13.372 requerimentos de certid\u00f5es de imigra\u00e7\u00e3o em 2023. Desse total, quase 60% foram de descendentes italianos em busca de mais informa\u00e7\u00f5es sobre os familiares. Desde 2011, os\u2026","rel":"","context":"In &quot;Not\u00edcias de Ribeir\u00e3o Preto-SP e Regi\u00e3o&quot;","block_context":{"text":"Not\u00edcias de Ribeir\u00e3o Preto-SP e Regi\u00e3o","link":"https:\/\/noticiasribeiraopreto.com.br\/index.php\/category\/noticias-de-ribeirao-preto-sp-e-regiao-ismael-colosi\/"},"img":{"alt_text":"","src":"https:\/\/i0.wp.com\/noticiasribeiraopreto.com.br\/wp-content\/uploads\/2024\/03\/fotoarquivopublicodoestadodesaopaulo-creditoreproducao-scaled.jpg?fit=967%2C645&ssl=1&resize=350%2C200","width":350,"height":200,"srcset":"https:\/\/i0.wp.com\/noticiasribeiraopreto.com.br\/wp-content\/uploads\/2024\/03\/fotoarquivopublicodoestadodesaopaulo-creditoreproducao-scaled.jpg?fit=967%2C645&ssl=1&resize=350%2C200 1x, https:\/\/i0.wp.com\/noticiasribeiraopreto.com.br\/wp-content\/uploads\/2024\/03\/fotoarquivopublicodoestadodesaopaulo-creditoreproducao-scaled.jpg?fit=967%2C645&ssl=1&resize=525%2C300 1.5x, https:\/\/i0.wp.com\/noticiasribeiraopreto.com.br\/wp-content\/uploads\/2024\/03\/fotoarquivopublicodoestadodesaopaulo-creditoreproducao-scaled.jpg?fit=967%2C645&ssl=1&resize=700%2C400 2x"},"classes":[]},{"id":83670,"url":"https:\/\/noticiasribeiraopreto.com.br\/index.php\/2026\/03\/23\/hotelaria-de-ribeirao-mostra-forca-mas-enfrenta-desafios-de-mao-de-obra-e-acessibilidade\/","url_meta":{"origin":83080,"position":3},"title":"Hotelaria de Ribeir\u00e3o mostra for\u00e7a, mas enfrenta desafios de m\u00e3o de obra e acessibilidade","author":"noticiasribeiraopreto.com.br","date":"23 de March de 2026","format":false,"excerpt":"Pesquisa foi realizada entre os dias 6 e 16 de fevereiro de 2026 e contou com a participa\u00e7\u00e3o de 54 estabelecimentos, de um total de 59 hot\u00e9is ativos na cidade A hotelaria de Ribeir\u00e3o Preto vive um momento de consolida\u00e7\u00e3o e crescimento, mas ainda enfrenta desafios importantes, especialmente nas \u00e1reas\u2026","rel":"","context":"In &quot;Not\u00edcias de Ribeir\u00e3o Preto-SP e Regi\u00e3o&quot;","block_context":{"text":"Not\u00edcias de Ribeir\u00e3o Preto-SP e Regi\u00e3o","link":"https:\/\/noticiasribeiraopreto.com.br\/index.php\/category\/noticias-de-ribeirao-preto-sp-e-regiao-ismael-colosi\/"},"img":{"alt_text":"","src":"https:\/\/i0.wp.com\/noticiasribeiraopreto.com.br\/wp-content\/uploads\/2026\/03\/observatorio-turismo-scaled.jpeg?fit=1170%2C780&ssl=1&resize=350%2C200","width":350,"height":200,"srcset":"https:\/\/i0.wp.com\/noticiasribeiraopreto.com.br\/wp-content\/uploads\/2026\/03\/observatorio-turismo-scaled.jpeg?fit=1170%2C780&ssl=1&resize=350%2C200 1x, https:\/\/i0.wp.com\/noticiasribeiraopreto.com.br\/wp-content\/uploads\/2026\/03\/observatorio-turismo-scaled.jpeg?fit=1170%2C780&ssl=1&resize=525%2C300 1.5x, https:\/\/i0.wp.com\/noticiasribeiraopreto.com.br\/wp-content\/uploads\/2026\/03\/observatorio-turismo-scaled.jpeg?fit=1170%2C780&ssl=1&resize=700%2C400 2x, https:\/\/i0.wp.com\/noticiasribeiraopreto.com.br\/wp-content\/uploads\/2026\/03\/observatorio-turismo-scaled.jpeg?fit=1170%2C780&ssl=1&resize=1050%2C600 3x"},"classes":[]},{"id":42074,"url":"https:\/\/noticiasribeiraopreto.com.br\/index.php\/2024\/03\/12\/sonar-solucoes-em-engenharia-e-individualizacao-qualidade-e-seguranca-em-primeiro-lugar\/","url_meta":{"origin":83080,"position":4},"title":"Sonar Solu\u00e7\u00f5es em Engenharia e Individualiza\u00e7\u00e3o: Qualidade e Seguran\u00e7a em Primeiro Lugar","author":"noticiasribeiraopreto.com.br","date":"12 de March de 2024","format":false,"excerpt":"Sonar Solu\u00e7\u00f5es em Engenharia e Individualiza\u00e7\u00e3o:Qualidade e Seguran\u00e7a em Primeiro LugarA Sonar Solu\u00e7\u00f5es em Engenharia \u00e9 uma empresa dedicada a oferecer servi\u00e7os de alta qualidade e seguran\u00e7a para seus clientes. Com profissionais graduados em Engenharia de Seguran\u00e7a do Trabalho, Mec\u00e2nica e El\u00e9trica, a empresa conta com uma equipe experiente e\u2026","rel":"","context":"In &quot;Not\u00edcias de Ribeir\u00e3o Preto-SP e Regi\u00e3o&quot;","block_context":{"text":"Not\u00edcias de Ribeir\u00e3o Preto-SP e Regi\u00e3o","link":"https:\/\/noticiasribeiraopreto.com.br\/index.php\/category\/noticias-de-ribeirao-preto-sp-e-regiao-ismael-colosi\/"},"img":{"alt_text":"","src":"https:\/\/i0.wp.com\/noticiasribeiraopreto.com.br\/wp-content\/uploads\/2024\/03\/imagem1-1-scaled.jpg?fit=1000%2C439&ssl=1&resize=350%2C200","width":350,"height":200,"srcset":"https:\/\/i0.wp.com\/noticiasribeiraopreto.com.br\/wp-content\/uploads\/2024\/03\/imagem1-1-scaled.jpg?fit=1000%2C439&ssl=1&resize=350%2C200 1x, https:\/\/i0.wp.com\/noticiasribeiraopreto.com.br\/wp-content\/uploads\/2024\/03\/imagem1-1-scaled.jpg?fit=1000%2C439&ssl=1&resize=525%2C300 1.5x, https:\/\/i0.wp.com\/noticiasribeiraopreto.com.br\/wp-content\/uploads\/2024\/03\/imagem1-1-scaled.jpg?fit=1000%2C439&ssl=1&resize=700%2C400 2x"},"classes":[]},{"id":14654,"url":"https:\/\/noticiasribeiraopreto.com.br\/index.php\/2023\/12\/12\/concurso-do-lna-abre-inscricao-para-13-vagas-de-pesquisador-e-tecnologista\/","url_meta":{"origin":83080,"position":5},"title":"Concurso do LNA abre inscri\u00e7\u00e3o para 13 vagas de pesquisador e tecnologista","author":"noticiasribeiraopreto.com.br","date":"12 de December de 2023","format":false,"excerpt":"Entra em vigor nesta ter\u00e7a-feira, dia 12 de dezembro, o prazo de inscri\u00e7\u00e3o dos dois editais do concurso do LNA (Laborat\u00f3rio Nacional de Astrof\u00edsica), unidade de Pesquisa integrante da estrutura do Minist\u00e9rio da Ci\u00eancia, Tecnologia e Inova\u00e7\u00e3o \u2013 MCTI. O certame oferece 13 vagas, sendo cinco para carreira de pesquisador\u2026","rel":"","context":"In &quot;Vagas de Emprego em Ribeir\u00e3o Preto-SP&quot;","block_context":{"text":"Vagas de Emprego em Ribeir\u00e3o Preto-SP","link":"https:\/\/noticiasribeiraopreto.com.br\/index.php\/category\/empregos-classificados-vagas-trabalho\/vagas-de-empregos-em-ribeirao-preto-regiao-brasil\/"},"img":{"alt_text":"","src":"https:\/\/i0.wp.com\/noticiasribeiraopreto.com.br\/wp-content\/uploads\/2023\/12\/concurso-lna-foto-telescopio-russo-divulgacao.jpg?fit=1200%2C675&ssl=1&resize=350%2C200","width":350,"height":200,"srcset":"https:\/\/i0.wp.com\/noticiasribeiraopreto.com.br\/wp-content\/uploads\/2023\/12\/concurso-lna-foto-telescopio-russo-divulgacao.jpg?fit=1200%2C675&ssl=1&resize=350%2C200 1x, https:\/\/i0.wp.com\/noticiasribeiraopreto.com.br\/wp-content\/uploads\/2023\/12\/concurso-lna-foto-telescopio-russo-divulgacao.jpg?fit=1200%2C675&ssl=1&resize=525%2C300 1.5x, https:\/\/i0.wp.com\/noticiasribeiraopreto.com.br\/wp-content\/uploads\/2023\/12\/concurso-lna-foto-telescopio-russo-divulgacao.jpg?fit=1200%2C675&ssl=1&resize=700%2C400 2x, https:\/\/i0.wp.com\/noticiasribeiraopreto.com.br\/wp-content\/uploads\/2023\/12\/concurso-lna-foto-telescopio-russo-divulgacao.jpg?fit=1200%2C675&ssl=1&resize=1050%2C600 3x"},"classes":[]}],"jetpack_sharing_enabled":true,"jetpack_shortlink":"https:\/\/wp.me\/peQAOb-lC0","_links":{"self":[{"href":"https:\/\/noticiasribeiraopreto.com.br\/index.php\/wp-json\/wp\/v2\/posts\/83080","targetHints":{"allow":["GET"]}}],"collection":[{"href":"https:\/\/noticiasribeiraopreto.com.br\/index.php\/wp-json\/wp\/v2\/posts"}],"about":[{"href":"https:\/\/noticiasribeiraopreto.com.br\/index.php\/wp-json\/wp\/v2\/types\/post"}],"author":[{"embeddable":true,"href":"https:\/\/noticiasribeiraopreto.com.br\/index.php\/wp-json\/wp\/v2\/users\/1"}],"replies":[{"embeddable":true,"href":"https:\/\/noticiasribeiraopreto.com.br\/index.php\/wp-json\/wp\/v2\/comments?post=83080"}],"version-history":[{"count":0,"href":"https:\/\/noticiasribeiraopreto.com.br\/index.php\/wp-json\/wp\/v2\/posts\/83080\/revisions"}],"wp:featuredmedia":[{"embeddable":true,"href":"https:\/\/noticiasribeiraopreto.com.br\/index.php\/wp-json\/wp\/v2\/media\/83081"}],"wp:attachment":[{"href":"https:\/\/noticiasribeiraopreto.com.br\/index.php\/wp-json\/wp\/v2\/media?parent=83080"}],"wp:term":[{"taxonomy":"category","embeddable":true,"href":"https:\/\/noticiasribeiraopreto.com.br\/index.php\/wp-json\/wp\/v2\/categories?post=83080"},{"taxonomy":"post_tag","embeddable":true,"href":"https:\/\/noticiasribeiraopreto.com.br\/index.php\/wp-json\/wp\/v2\/tags?post=83080"}],"curies":[{"name":"wp","href":"https:\/\/api.w.org\/{rel}","templated":true}]}}