{"id":83082,"date":"2026-03-08T23:07:52","date_gmt":"2026-03-09T02:07:52","guid":{"rendered":"https:\/\/noticiasribeiraopreto.com.br\/index.php\/2026\/03\/08\/a-angustia-de-quem-procura\/"},"modified":"2026-03-08T23:07:52","modified_gmt":"2026-03-09T02:07:52","slug":"a-angustia-de-quem-procura","status":"publish","type":"post","link":"https:\/\/noticiasribeiraopreto.com.br\/index.php\/2026\/03\/08\/a-angustia-de-quem-procura\/","title":{"rendered":"A ang\u00fastia de quem procura"},"content":{"rendered":"<div class='code-block code-block-1' style='margin: 8px 0 8px auto; text-align: right; display: block; clear: both;'>\n<p><a href=\"https:\/\/wa.link\/vpicfd\"><img data-recalc-dims=\"1\" class=\"wp-image-4922\" style=\"aspect-ratio: 2.0253164556962027; width: 561px; height: auto;\" src=\"https:\/\/i0.wp.com\/ismaelcolosi.com.br\/wp-content\/uploads\/2023\/11\/grupo-de-empregos-whatsapp-e-facebook-ismael-colosi-vagas.jpg?ssl=1\" alt=\"\" \/><\/a><\/p>\n<!-- \/wp:image -->\n<\/div>\n<p> <br \/>\n<\/p>\n<div>\n<p><strong>Por: Adalberto Luque<\/strong><\/p>\n<p>Priscila Belfort, ent\u00e3o com 29 anos, acordou com c\u00f3lica e indisposta na sexta-feira, 9 de janeiro de 2004. Irm\u00e3 do lutador Vitor Belfort, Priscila seguiu para o trabalho de carona com a m\u00e3e Jovita. Era funcion\u00e1ria p\u00fablica na Secretaria Municipal de Esportes e Lazer do Rio de Janeiro. Chegou ao pr\u00e9dio da avenida Presidente Vargas, regi\u00e3o central do Rio de Janeiro por volta de 11h00. Deu alguns telefonemas e, por volta de 13h00, saiu para almo\u00e7ar. Foi vista por um colega de trabalho pela \u00faltima vez pouco depois caminhando desatenta, na avenida Marechal Floriano Peixoto, pr\u00f3xima \u00e0 Secretaria.<\/p>\n<p>Foi a \u00faltima vez que Priscila foi vista. A fam\u00edlia divulgou fotos, o irm\u00e3o divulgou o fato em seu site. A investiga\u00e7\u00e3o tomou diversos rumos. Sequestro, homic\u00eddio, fuga, nada levou at\u00e9 Priscila.<\/p>\n<p>N\u00e3o houve pedido de resgate. V\u00e1rias pessoas diziam ter visto a jovem em lugares diferentes e distantes. Para a Pol\u00edcia, ela pode estar morta. Para a fam\u00edlia, a esperan\u00e7a \u00e9 que esteja viva, j\u00e1 que j\u00e1 havia sofrido lapsos de mem\u00f3ria no passado, n\u00e3o a ponto de deixar de manter contato com a fam\u00edlia. H\u00e1 21 anos, \u00e9 um dos casos de desaparecimento mais famosos do Pa\u00eds.<\/p>\n<figure id=\"attachment_456731\" aria-describedby=\"caption-attachment-456731\" style=\"width: 700px\" class=\"wp-caption alignnone\"><img data-recalc-dims=\"1\" loading=\"lazy\" decoding=\"async\" class=\"size-full wp-image-456731 lazyload\" src=\"https:\/\/i0.wp.com\/www.tribunaribeirao.com.br\/wp-content\/uploads\/2026\/03\/1-desaparecido-Luque-FOTO-01-Priscila-Belfort-Foto-Reproducao.jpg?resize=700%2C438&#038;ssl=1\" alt=\"\" width=\"700\" height=\"438\" srcset=\"https:\/\/www.tribunaribeirao.com.br\/wp-content\/uploads\/2026\/03\/1-desaparecido-Luque-FOTO-01-Priscila-Belfort-Foto-Reproducao.jpg 700w, https:\/\/www.tribunaribeirao.com.br\/wp-content\/uploads\/2026\/03\/1-desaparecido-Luque-FOTO-01-Priscila-Belfort-Foto-Reproducao-300x188.jpg 300w, https:\/\/www.tribunaribeirao.com.br\/wp-content\/uploads\/2026\/03\/1-desaparecido-Luque-FOTO-01-Priscila-Belfort-Foto-Reproducao-639x400.jpg 639w, https:\/\/www.tribunaribeirao.com.br\/wp-content\/uploads\/2026\/03\/1-desaparecido-Luque-FOTO-01-Priscila-Belfort-Foto-Reproducao-585x366.jpg 585w\" data-sizes=\"(max-width: 700px) 100vw, 700px\" style=\"--smush-placeholder-width: 700px; --smush-placeholder-aspect-ratio: 700\/438;\"\/><figcaption id=\"caption-attachment-456731\" class=\"wp-caption-text\">Priscila Belfort, irm\u00e3 do lutador Vitor Belfort, desapareceu h\u00e1 21 anos no Centro do RJ e n\u00e3o foi mais encontrada (Foto: Reprodu\u00e7\u00e3o)<\/figcaption><\/figure>\n<p>O Brasil registrou 84.760 casos de desaparecimento de pessoas em 2025. S\u00e3o 232 hist\u00f3rias interrompidas por dia, 232 fam\u00edlias lan\u00e7adas \u00e0 incerteza di\u00e1ria sobre o paradeiro de um filho, de uma m\u00e3e, de um irm\u00e3o. O total representa alta de 4,1% em rela\u00e7\u00e3o a 2024, quando foram contabilizados 81.406 registros, segundo dados do Sistema Nacional de Informa\u00e7\u00f5es de Seguran\u00e7a P\u00fablica (Sinesp), divulgados pela Ag\u00eancia Brasil.<\/p>\n<p>Nem mesmo a cria\u00e7\u00e3o da Pol\u00edtica Nacional de Busca de Pessoas Desaparecidas, em 2019, foi suficiente para frear o avan\u00e7o dos n\u00fameros. Naquele ano, foram 81.306 ocorr\u00eancias \u2014 resultado 4,2% inferior ao registrado em 2025. Desde 2015, quando houve 75.916 notifica\u00e7\u00f5es, o pa\u00eds s\u00f3 viu recuo em 2020 (63.151) e 2021 (67.362), per\u00edodo marcado pelas restri\u00e7\u00f5es da pandemia de covid-19.<\/p>\n<p>Especialistas atribuem essa queda \u00e0s limita\u00e7\u00f5es de circula\u00e7\u00e3o e ao acesso reduzido \u00e0s delegacias, o que ampliou a subnotifica\u00e7\u00e3o. \u201cH\u00e1 um consenso de que esta queda moment\u00e2nea foi causada pela pandemia, pelo fato de as pessoas terem que ficar em casa\u201d, afirmou \u00e0 Ag\u00eancia Brasil a coordenadora do Observat\u00f3rio de Desaparecimento de Pessoas no Brasil (ObDes), da Universidade de Bras\u00edlia (UnB), Simone Rodrigues.<\/p>\n<h3><strong>Localiza\u00e7\u00f5es<\/strong><\/h3>\n<p>Se por um lado o n\u00famero de desaparecimentos cresce, por outro tamb\u00e9m aumentam os registros de pessoas localizadas. Em 2020, reapareceram ou foram encontradas 37.561 pessoas. Em 2025, o total chegou a 56.688 \u2014 alta de 51% no per\u00edodo e de 2% em rela\u00e7\u00e3o a 2024, quando 55.530 foram localizadas.<\/p>\n<p>Para Simone Rodrigues, o avan\u00e7o reflete tanto o aumento das notifica\u00e7\u00f5es quanto o aprimoramento das estrat\u00e9gias de busca. Ela declarou \u00e0 Ag\u00eancia Brasil que observa maior empenho recente na interoperabilidade de dados e na comunica\u00e7\u00e3o entre institui\u00e7\u00f5es federais, estaduais e municipais.<\/p>\n<p>Ainda assim, a especialista alerta que os n\u00fameros n\u00e3o traduzem toda a dimens\u00e3o do problema. Muitos desaparecimentos, segundo ela, est\u00e3o associados a crimes n\u00e3o esclarecidos, como feminic\u00eddios, tr\u00e1fico de pessoas, trabalho an\u00e1logo \u00e0 escravid\u00e3o, LGBTQfobia e oculta\u00e7\u00e3o de cad\u00e1veres.<\/p>\n<p>O caso da corretora Daiane Alves de Souza, 43 anos, em Caldas Novas (GO), ilustra a complexidade. Ela desapareceu em 17 de dezembro de 2025, ap\u00f3s descer ao subsolo do condom\u00ednio onde morava para verificar uma queda de energia no pr\u00e9dio. C\u00e2meras a mostraram no elevador, mas ela n\u00e3o foi mais vista depois disso. O caso ganhou grande repercuss\u00e3o pelo mist\u00e9rio em torno do sumi\u00e7o e pelo hist\u00f3rico de desaven\u00e7as entre Daiane e o s\u00edndico do pr\u00e9dio, Cl\u00e9ber Rosa de Oliveira.<\/p>\n<figure id=\"attachment_456732\" aria-describedby=\"caption-attachment-456732\" style=\"width: 420px\" class=\"wp-caption alignright\"><img data-recalc-dims=\"1\" loading=\"lazy\" decoding=\"async\" class=\"size-full wp-image-456732 lazyload\" src=\"https:\/\/i0.wp.com\/www.tribunaribeirao.com.br\/wp-content\/uploads\/2026\/03\/1-desaparecido-Luque-FOTO-02-Desaparecido-Foto-SSP-TO.jpg?resize=420%2C420&#038;ssl=1\" alt=\"\" width=\"420\" height=\"420\" srcset=\"https:\/\/www.tribunaribeirao.com.br\/wp-content\/uploads\/2026\/03\/1-desaparecido-Luque-FOTO-02-Desaparecido-Foto-SSP-TO.jpg 420w, https:\/\/www.tribunaribeirao.com.br\/wp-content\/uploads\/2026\/03\/1-desaparecido-Luque-FOTO-02-Desaparecido-Foto-SSP-TO-300x300.jpg 300w, https:\/\/www.tribunaribeirao.com.br\/wp-content\/uploads\/2026\/03\/1-desaparecido-Luque-FOTO-02-Desaparecido-Foto-SSP-TO-150x150.jpg 150w, https:\/\/www.tribunaribeirao.com.br\/wp-content\/uploads\/2026\/03\/1-desaparecido-Luque-FOTO-02-Desaparecido-Foto-SSP-TO-280x280.jpg 280w, https:\/\/www.tribunaribeirao.com.br\/wp-content\/uploads\/2026\/03\/1-desaparecido-Luque-FOTO-02-Desaparecido-Foto-SSP-TO-400x400.jpg 400w\" data-sizes=\"(max-width: 420px) 100vw, 420px\" style=\"--smush-placeholder-width: 420px; --smush-placeholder-aspect-ratio: 420\/420;\"\/><figcaption id=\"caption-attachment-456732\" class=\"wp-caption-text\">A cada dia de 2025, 232 fam\u00edlias tiveram um ente desaparecido; foram 84.760 casos no total (Foto: MP PA)<\/figcaption><\/figure>\n<p>Ap\u00f3s 43 dias de buscas, o corpo de Daiane foi localizado em uma \u00e1rea de mata em Caldas Novas em 28 de janeiro de 2026. A identifica\u00e7\u00e3o teve confirma\u00e7\u00e3o por DNA. Cleber foi preso preventivamente no mesmo dia. A investiga\u00e7\u00e3o apontou que ela foi emboscada e morta com dois tiros na cabe\u00e7a no mesmo dia do desaparecimento, e que o s\u00edndico teria planejado o crime ap\u00f3s atritos com a v\u00edtima.<\/p>\n<p>O caso agora segue na Justi\u00e7a: a Justi\u00e7a de Goi\u00e1s tornou Cl\u00e9ber r\u00e9u por homic\u00eddio qualificado e oculta\u00e7\u00e3o de cad\u00e1ver, com acusa\u00e7\u00e3o de que ele agiu por motivo torpe, usando emboscada e meio cruel.<\/p>\n<h3><strong>Subnotifica\u00e7\u00e3o<\/strong><\/h3>\n<p>Simone tamb\u00e9m destacou \u00e0 Ag\u00eancia Brasil que h\u00e1 situa\u00e7\u00f5es em que o medo ou a vulnerabilidade impedem o registro formal do desaparecimento. Em \u00e1reas com atua\u00e7\u00e3o de mil\u00edcias ou outros grupos criminosos, familiares evitam procurar a pol\u00edcia.<\/p>\n<p>Povos ind\u00edgenas e pessoas em situa\u00e7\u00e3o de rua tamb\u00e9m enfrentam barreiras para registrar ocorr\u00eancias. \u201cDa\u00ed que, mesmo que surpreendentes, os n\u00fameros n\u00e3o s\u00e3o fidedignos, pois h\u00e1 subnotifica\u00e7\u00e3o\u201d, afirmou.<\/p>\n<h3><strong>Inf\u00e2ncia<\/strong><\/h3>\n<p>Entre os 84.760 casos registrados em 2025, 23.919 envolveram crian\u00e7as e adolescentes \u2014 28% do total. Em m\u00e9dia, 66 boletins de ocorr\u00eancia por dia trataram do sumi\u00e7o de menores de 18 anos. O n\u00famero representa aumento de 8% em rela\u00e7\u00e3o a 2024, quando foram notificados 22.092 casos, percentual duas vezes superior ao crescimento geral.<\/p>\n<p>Em compara\u00e7\u00e3o com 2019, quando 27.730 ocorr\u00eancias envolveram esse p\u00fablico, o resultado mais recente \u00e9 14% inferior, mas mant\u00e9m tend\u00eancia de alta iniciada em 2023, com 20.445 den\u00fancias.<\/p>\n<p>Embora os homens representem 64% do total de desaparecidos, entre crian\u00e7as e adolescentes a maioria \u2014 62% \u2014 \u00e9 de meninas. Para Simone Rodrigues, parte desses casos pode estar ligada a contextos de viol\u00eancia intrafamiliar. Ela afirmou \u00e0 Ag\u00eancia Brasil que o poder p\u00fablico precisa agir com sensibilidade, evitando expor novamente a v\u00edtima ao ambiente que motivou a fuga. Ao mesmo tempo, ponderou que n\u00e3o se deve generalizar as situa\u00e7\u00f5es.<\/p>\n<figure id=\"attachment_456733\" aria-describedby=\"caption-attachment-456733\" style=\"width: 1200px\" class=\"wp-caption alignnone\"><img data-recalc-dims=\"1\" loading=\"lazy\" decoding=\"async\" class=\"size-full wp-image-456733 lazyload\" src=\"https:\/\/i0.wp.com\/www.tribunaribeirao.com.br\/wp-content\/uploads\/2026\/03\/1-desaparecido-Luque-FOTO-03-Daiane-Alves-Souza-Foto-Divulgacao-scaled.jpg?resize=1200%2C675&#038;ssl=1\" alt=\"\" width=\"1200\" height=\"675\" srcset=\"https:\/\/www.tribunaribeirao.com.br\/wp-content\/uploads\/2026\/03\/1-desaparecido-Luque-FOTO-03-Daiane-Alves-Souza-Foto-Divulgacao-scaled.jpg 1200w, https:\/\/www.tribunaribeirao.com.br\/wp-content\/uploads\/2026\/03\/1-desaparecido-Luque-FOTO-03-Daiane-Alves-Souza-Foto-Divulgacao-300x169.jpg 300w, https:\/\/www.tribunaribeirao.com.br\/wp-content\/uploads\/2026\/03\/1-desaparecido-Luque-FOTO-03-Daiane-Alves-Souza-Foto-Divulgacao-1024x576.jpg 1024w, https:\/\/www.tribunaribeirao.com.br\/wp-content\/uploads\/2026\/03\/1-desaparecido-Luque-FOTO-03-Daiane-Alves-Souza-Foto-Divulgacao-768x432.jpg 768w, https:\/\/www.tribunaribeirao.com.br\/wp-content\/uploads\/2026\/03\/1-desaparecido-Luque-FOTO-03-Daiane-Alves-Souza-Foto-Divulgacao-960x540.jpg 960w, https:\/\/www.tribunaribeirao.com.br\/wp-content\/uploads\/2026\/03\/1-desaparecido-Luque-FOTO-03-Daiane-Alves-Souza-Foto-Divulgacao-711x400.jpg 711w, https:\/\/www.tribunaribeirao.com.br\/wp-content\/uploads\/2026\/03\/1-desaparecido-Luque-FOTO-03-Daiane-Alves-Souza-Foto-Divulgacao-585x329.jpg 585w\" data-sizes=\"(max-width: 1200px) 100vw, 1200px\" style=\"--smush-placeholder-width: 1200px; --smush-placeholder-aspect-ratio: 1200\/675;\"\/><figcaption id=\"caption-attachment-456733\" class=\"wp-caption-text\">Daiane Alves Souza foi \u00e0 garagem do pr\u00e9dio onde morava e n\u00e3o foi mais vista; semanas depois s\u00edndico foi preso e admitiu ter matado a mulher em Caldas Novas (Foto: Divulga\u00e7\u00e3o)<\/figcaption><\/figure>\n<p>\u201cN\u00e3o importa a causa. O Estado tem a obriga\u00e7\u00e3o de buscar qualquer pessoa desaparecida, principalmente crian\u00e7as e adolescentes, sem incorrer em estere\u00f3tipos ou prejulgar o respons\u00e1vel que vai registrar o desaparecimento\u201d, declarou.<\/p>\n<p>Desde 2019, a legisla\u00e7\u00e3o brasileira reconhece como desaparecida qualquer pessoa cujo paradeiro seja desconhecido, independentemente da causa, at\u00e9 que haja confirma\u00e7\u00e3o de recupera\u00e7\u00e3o ou identifica\u00e7\u00e3o por meios f\u00edsicos ou cient\u00edficos.<\/p>\n<p>Especialistas classificam os desaparecimentos em categorias como volunt\u00e1rio, involunt\u00e1rio sem viol\u00eancia e for\u00e7ado. Simone acrescentou \u00e0 Ag\u00eancia Brasil que tamb\u00e9m considera o chamado \u201cdesaparecimento estrat\u00e9gico\u201d, quando a pessoa se afasta para sobreviver, como no caso de mulheres que fogem de parceiros abusivos ou crian\u00e7as v\u00edtimas de maus-tratos.<\/p>\n<p>Dados do Mapa dos Desaparecidos no Brasil, elaborado pelo F\u00f3rum Brasileiro de Seguran\u00e7a P\u00fablica, apontam que a maior parte das ocorr\u00eancias acontece entre sexta-feira e domingo.<\/p>\n<p>A ang\u00fastia por tr\u00e1s dos n\u00fameros pode ser medida em relatos como o do pintor Leandro Barboza, de Curitiba (PR), que procurou a pol\u00edcia ap\u00f3s o filho, de 10 anos, sair de casa em 27 de dezembro do ano passado. O menino foi localizado tr\u00eas dias depois, por um idoso que reconheceu o alerta de desaparecimento nas redes sociais e acionou a pol\u00edcia.<\/p>\n<p>\u00c0 Ag\u00eancia Brasil, Leandro descreveu o per\u00edodo como uma agonia permanente. Ele contou que passou a noite percorrendo o bairro, batendo de porta em porta, temendo o pior. O menino relatou que havia se afastado para brincar, perdeu a no\u00e7\u00e3o do tempo e, ao perceber que j\u00e1 era noite, teve medo de voltar para casa.<\/p>\n<p>\u201c\u00c9 uma agonia que s\u00f3 quem passa d\u00e1 conta de dizer\u201d, afirmou o pai, ao lembrar das horas em que imaginou hip\u00f3teses como sequestro ou morte. Ele tamb\u00e9m relatou ter sido alertado, na delegacia, de que poderia ser responsabilizado pelo sumi\u00e7o do filho, embora tenha reconhecido que, de modo geral, foi bem atendido.<\/p>\n<p>Leandro defendeu que fam\u00edlias nessa situa\u00e7\u00e3o recebam apoio psicol\u00f3gico para lidar com o impacto emocional. Segundo ele, por enquanto, o filho o acompanha durante o trabalho.<\/p>\n<h3><strong>Estrutura<\/strong><\/h3>\n<p>A Pol\u00edtica Nacional de Busca de Pessoas Desaparecidas foi criada para integrar a\u00e7\u00f5es e agilizar a localiza\u00e7\u00e3o de desaparecidos. Para Simone Rodrigues, por\u00e9m, a implementa\u00e7\u00e3o ainda ocorre de forma lenta e necessita de ajustes. Ela observou \u00e0 Ag\u00eancia Brasil que o Cadastro Nacional de Pessoas Desaparecidas, considerado o principal instrumento da pol\u00edtica, s\u00f3 foi criado em 2025.<\/p>\n<p>De acordo com a Secretaria Nacional de Seguran\u00e7a P\u00fablica (Senasp), 12 das 27 unidades da federa\u00e7\u00e3o est\u00e3o integradas ao cadastro: Acre, Alagoas, Amap\u00e1, Amazonas, Bahia, Maranh\u00e3o, Piau\u00ed, Rio Grande do Norte, Rond\u00f4nia, Roraima, Sergipe e Tocantins.<\/p>\n<p>A especialista aponta fragmenta\u00e7\u00e3o de informa\u00e7\u00f5es, aus\u00eancia de identidade nacional unificada e bancos de dados biom\u00e9tricos separados por estado. Em casos de corpos n\u00e3o identificados, \u00e9 necess\u00e1rio enviar digitais \u00e0s 27 unidades federativas para eventual confer\u00eancia.<\/p>\n<p>Ela tamb\u00e9m destacou que ainda persiste o equ\u00edvoco de que \u00e9 preciso aguardar 24 ou 48 horas para registrar o desaparecimento, o que n\u00e3o \u00e9 exigido por lei. Estere\u00f3tipos sobre o comportamento de adolescentes tamb\u00e9m podem atrasar a mobiliza\u00e7\u00e3o.<\/p>\n<p>Procurado pela Ag\u00eancia Brasil, o Minist\u00e9rio da Justi\u00e7a e Seguran\u00e7a P\u00fablica reconheceu a subnotifica\u00e7\u00e3o, mas ponderou que o aumento de 4% n\u00e3o significa necessariamente crescimento real dos casos. Segundo a pasta, classificar as diferentes causas \u00e9 um desafio estat\u00edstico que depende de apura\u00e7\u00e3o minuciosa e padroniza\u00e7\u00e3o de dados.<\/p>\n<p>O minist\u00e9rio informou que tem investido na estrutura\u00e7\u00e3o da pol\u00edtica, com a\u00e7\u00f5es como o lan\u00e7amento do cadastro nacional, capacita\u00e7\u00e3o de profissionais das pol\u00edcias civis, campanhas de coleta de DNA de familiares e campanhas de comunica\u00e7\u00e3o. Quanto \u00e0 ades\u00e3o parcial dos estados, manifestou expectativa de integrar as demais unidades federativas ainda no primeiro semestre de 2026.<\/p>\n<p>Enquanto os sistemas s\u00e3o aprimorados e as estat\u00edsticas seguem atualizadas, milhares de fam\u00edlias continuam vivendo a espera \u2014 sem respostas definitivas, sustentadas pela esperan\u00e7a de que o pr\u00f3ximo registro de \u201cpessoa localizada\u201d seja o nome que procuram. E torcendo para que a foto estampada numa caixa de leite longa vida de uma marca que abra\u00e7ou a campanha d\u00ea resultados e o ente querido seja encontrado.<\/p>\n<h3><strong>Prioridade absoluta em Ribeir\u00e3o Preto<\/strong><\/h3>\n<p>Em Ribeir\u00e3o Preto, os casos de desaparecimento s\u00e3o investigados com prioridade absoluta, por se tratar de um sintoma prim\u00e1rio de diversas vulnerabilidades, desde conflitos dom\u00e9sticos at\u00e9 ocorr\u00eancia de crimes graves. A afirma\u00e7\u00e3o \u00e9 do delegado Fernando Teixeira Bravo, da Delegacia de Homic\u00eddios da Divis\u00e3o Especializada de Investiga\u00e7\u00f5es Criminais (DEIC) de Ribeir\u00e3o Preto. \u00c9 o setor respons\u00e1vel por investigar todos os casos de desaparecimento na cidade e regi\u00e3o.<\/p>\n<p>Segundo ele, a an\u00e1lise dos dados apresentados pela Ag\u00eancia Brasil revela um cen\u00e1rio que exige uma interpreta\u00e7\u00e3o t\u00e9cnica e cautelosa por parte da Pol\u00edcia Judici\u00e1ria em Ribeir\u00e3o Preto. O delegado acrescenta que o fen\u00f4meno do desaparecimento n\u00e3o constitui um tipo penal aut\u00f4nomo, mas um fato at\u00edpico que faz com que seja utilizado o Procedimento de Investiga\u00e7\u00e3o de Desaparecimento de Pessoa.<\/p>\n<figure id=\"attachment_456734\" aria-describedby=\"caption-attachment-456734\" style=\"width: 1170px\" class=\"wp-caption alignnone\"><img data-recalc-dims=\"1\" loading=\"lazy\" decoding=\"async\" class=\"size-full wp-image-456734 lazyload\" src=\"https:\/\/i0.wp.com\/www.tribunaribeirao.com.br\/wp-content\/uploads\/2026\/03\/1-desaparecido-Luque-FOTO-04-BOX-1-Fernando-Bravo-Foto-Alfredo-Risk-scaled.jpg?resize=1170%2C780&#038;ssl=1\" alt=\"\" width=\"1170\" height=\"780\" srcset=\"https:\/\/www.tribunaribeirao.com.br\/wp-content\/uploads\/2026\/03\/1-desaparecido-Luque-FOTO-04-BOX-1-Fernando-Bravo-Foto-Alfredo-Risk-scaled.jpg 1170w, https:\/\/www.tribunaribeirao.com.br\/wp-content\/uploads\/2026\/03\/1-desaparecido-Luque-FOTO-04-BOX-1-Fernando-Bravo-Foto-Alfredo-Risk-300x200.jpg 300w, https:\/\/www.tribunaribeirao.com.br\/wp-content\/uploads\/2026\/03\/1-desaparecido-Luque-FOTO-04-BOX-1-Fernando-Bravo-Foto-Alfredo-Risk-1024x682.jpg 1024w, https:\/\/www.tribunaribeirao.com.br\/wp-content\/uploads\/2026\/03\/1-desaparecido-Luque-FOTO-04-BOX-1-Fernando-Bravo-Foto-Alfredo-Risk-768x512.jpg 768w, https:\/\/www.tribunaribeirao.com.br\/wp-content\/uploads\/2026\/03\/1-desaparecido-Luque-FOTO-04-BOX-1-Fernando-Bravo-Foto-Alfredo-Risk-1536x1023.jpg 1536w, https:\/\/www.tribunaribeirao.com.br\/wp-content\/uploads\/2026\/03\/1-desaparecido-Luque-FOTO-04-BOX-1-Fernando-Bravo-Foto-Alfredo-Risk-480x320.jpg 480w, https:\/\/www.tribunaribeirao.com.br\/wp-content\/uploads\/2026\/03\/1-desaparecido-Luque-FOTO-04-BOX-1-Fernando-Bravo-Foto-Alfredo-Risk-280x186.jpg 280w, https:\/\/www.tribunaribeirao.com.br\/wp-content\/uploads\/2026\/03\/1-desaparecido-Luque-FOTO-04-BOX-1-Fernando-Bravo-Foto-Alfredo-Risk-960x640.jpg 960w, https:\/\/www.tribunaribeirao.com.br\/wp-content\/uploads\/2026\/03\/1-desaparecido-Luque-FOTO-04-BOX-1-Fernando-Bravo-Foto-Alfredo-Risk-600x400.jpg 600w, https:\/\/www.tribunaribeirao.com.br\/wp-content\/uploads\/2026\/03\/1-desaparecido-Luque-FOTO-04-BOX-1-Fernando-Bravo-Foto-Alfredo-Risk-585x390.jpg 585w\" data-sizes=\"(max-width: 1170px) 100vw, 1170px\" style=\"--smush-placeholder-width: 1170px; --smush-placeholder-aspect-ratio: 1170\/780;\"\/><figcaption id=\"caption-attachment-456734\" class=\"wp-caption-text\">Para o delegado Fernando Bravo, o desaparecimento \u00e9, em certos cen\u00e1rios, o prel\u00fadio da descoberta de um homic\u00eddio onde o autor vislumbrou impunidade com oculta\u00e7\u00e3o de cad\u00e1ver (Foto: Alfredo Risk)<\/figcaption><\/figure>\n<p>\u201cOs \u00edndices locais acompanham a complexidade socioecon\u00f4mica de um polo regional de grande magnitude, havendo um monitoramento ininterrupto atrav\u00e9s do Sistema de Informa\u00e7\u00f5es Criminais. Importa salientar que uma parcela significativa dos registros que permanecem formalmente \u2018abertos\u2019 decorre da omiss\u00e3o das fam\u00edlias em comunicar o retorno do indiv\u00edduo ao lar, o que demanda um esfor\u00e7o herc\u00faleo de saneamento dos bancos de dados por parte do nosso setor de intelig\u00eancia para que a estat\u00edstica reflita a real periculosidade social\u201d, explica o delegado.<\/p>\n<p>Bravo revela que a atua\u00e7\u00e3o da Pol\u00edcia Civil em Ribeir\u00e3o Preto est\u00e1 pautada na \u201cJanela de Ouro\u201d da investiga\u00e7\u00e3o, compreendendo que o tempo \u00e9 um fator determinante para a preserva\u00e7\u00e3o da vida. \u201cNesse sentido, aplicamos rigorosamente o que preceitua a Lei n\u00ba 11.259\/2005, a chamada Lei da Busca Imediata, que extirpou do ordenamento jur\u00eddico qualquer necessidade de aguardar prazos de 24 ou 48 horas para o in\u00edcio das dilig\u00eancias, especialmente quando envolvem crian\u00e7as e adolescentes.\u201d<\/p>\n<p>Para o respons\u00e1vel pela Delegacia de Homic\u00eddios de Ribeir\u00e3o Preto, a classifica\u00e7\u00e3o proposta pela Ag\u00eancia Brasil tem sua concord\u00e2ncia por segmentar desaparecimentos volunt\u00e1rios, involunt\u00e1rios e for\u00e7ados. Em rela\u00e7\u00e3o \u00e0 constata\u00e7\u00e3o de que 30% dos casos envolvem menores, com preval\u00eancia do g\u00eanero feminino, Bravo entente que \u00e9 necess\u00e1rio refor\u00e7ar o princ\u00edpio da prote\u00e7\u00e3o integral previsto na Constitui\u00e7\u00e3o Federal e no Estatuto da Crian\u00e7a e do Adolescente.<\/p>\n<p>\u201cEm Ribeir\u00e3o Preto, a investiga\u00e7\u00e3o busca identificar rapidamente se o afastamento decorre de uma decis\u00e3o individual do sujeito, de um fator externo de sa\u00fade, como surtos psic\u00f3ticos ou patologias degenerativas, ou se h\u00e1 ind\u00edcios de interven\u00e7\u00e3o criminosa\u201d, explica.<\/p>\n<p>De acordo com Bravo, embora a maioria dos casos se resolva com o encontro da pessoa com viva, a Delegacia de Homic\u00eddios mant\u00e9m vigil\u00e2ncia sobre as situa\u00e7\u00f5es que podem configurar um conjunto de e4tapas percorridas pelo autor de um crime, desde sua idealiza\u00e7\u00e3o at\u00e9 sua concretiza\u00e7\u00e3o.<\/p>\n<p>\u201cO desaparecimento \u00e9, em certos cen\u00e1rios, o prel\u00fadio da descoberta de um homic\u00eddio em que o autor visou a impunidade por meio da oculta\u00e7\u00e3o de cad\u00e1ver, conforme tipificado no Artigo 211 do C\u00f3digo Penal. Nosso objetivo t\u00e9cnico \u00e9 a exaust\u00e3o das dilig\u00eancias para que nenhum desaparecimento permane\u00e7a sem uma resposta jur\u00eddica clara, seja pela localiza\u00e7\u00e3o do indiv\u00edduo ou pela responsabiliza\u00e7\u00e3o criminal de eventuais autores\u201d, conclui o delegado.<\/p>\n<\/div>\n<p><br \/>\n<br \/><a href=\"https:\/\/www.tribunaribeirao.com.br\/a-angustia-de-quem-procura\/\">Source link <\/a><\/p>\n<!-- CONTENT END 1 -->\n","protected":false},"excerpt":{"rendered":"<p>Por: Adalberto Luque Priscila Belfort, ent\u00e3o com 29 anos, acordou com c\u00f3lica e indisposta na sexta-feira, 9 de janeiro de 2004. Irm\u00e3 do lutador Vitor&#8230;<\/p>\n","protected":false},"author":1,"featured_media":83083,"comment_status":"open","ping_status":"open","sticky":false,"template":"","format":"standard","meta":{"advanced_seo_description":"","jetpack_seo_html_title":"","jetpack_seo_noindex":false,"jetpack_post_was_ever_published":false,"_jetpack_newsletter_access":"","_jetpack_dont_email_post_to_subs":false,"_jetpack_newsletter_tier_id":0,"_jetpack_memberships_contains_paywalled_content":false,"_jetpack_memberships_contains_paid_content":false,"footnotes":"","jetpack_publicize_message":"","jetpack_publicize_feature_enabled":true,"jetpack_social_post_already_shared":true,"jetpack_social_options":{"image_generator_settings":{"template":"highway","default_image_id":0,"font":"","enabled":false},"version":2}},"categories":[11],"tags":[],"class_list":["post-83082","post","type-post","status-publish","format-standard","has-post-thumbnail","hentry","category-noticias-de-ribeirao-preto-sp-e-regiao-ismael-colosi"],"jetpack_publicize_connections":[],"jetpack_featured_media_url":"https:\/\/i0.wp.com\/noticiasribeiraopreto.com.br\/wp-content\/uploads\/2026\/03\/FOTO-00-CHAMADA-DE-CAPA-Foto-Adalberto-Luque-scaled.jpg?fit=1042%2C780&ssl=1","jetpack-related-posts":[{"id":67451,"url":"https:\/\/noticiasribeiraopreto.com.br\/index.php\/2025\/04\/14\/dupla-sertaneja-de-franca-e-alvo-de-ataque-durante-apresentacao-musical\/","url_meta":{"origin":83082,"position":0},"title":"Dupla sertaneja de Franca \u00e9 alvo de ataque durante apresenta\u00e7\u00e3o musical","author":"noticiasribeiraopreto.com.br","date":"14 de April de 2025","format":false,"excerpt":"A dupla francana Priscila e Patr\u00edcia foi agredida enquanto apresentava show em Franca, neste domingo (13\/4). A cantora Priscila foi quem teve xingamentos e uma abordagem mais agressiva sendo sofridos. Enquanto ela cantava, ocorreu a abordagem e um l\u00edquido foi atirado contra o rosto dela. Uma mulher foi a autora\u2026","rel":"","context":"In &quot;Not\u00edcias de Franca-SP&quot;","block_context":{"text":"Not\u00edcias de Franca-SP","link":"https:\/\/noticiasribeiraopreto.com.br\/index.php\/category\/noticias-de-ribeirao-preto-sp-e-regiao-ismael-colosi\/noticias-franca-sp\/"},"img":{"alt_text":"","src":"https:\/\/i0.wp.com\/noticiasribeiraopreto.com.br\/wp-content\/uploads\/2025\/04\/Screenshot_20250414_123307_Gallery.jpg?fit=1080%2C818&ssl=1&resize=350%2C200","width":350,"height":200,"srcset":"https:\/\/i0.wp.com\/noticiasribeiraopreto.com.br\/wp-content\/uploads\/2025\/04\/Screenshot_20250414_123307_Gallery.jpg?fit=1080%2C818&ssl=1&resize=350%2C200 1x, https:\/\/i0.wp.com\/noticiasribeiraopreto.com.br\/wp-content\/uploads\/2025\/04\/Screenshot_20250414_123307_Gallery.jpg?fit=1080%2C818&ssl=1&resize=525%2C300 1.5x, https:\/\/i0.wp.com\/noticiasribeiraopreto.com.br\/wp-content\/uploads\/2025\/04\/Screenshot_20250414_123307_Gallery.jpg?fit=1080%2C818&ssl=1&resize=700%2C400 2x, https:\/\/i0.wp.com\/noticiasribeiraopreto.com.br\/wp-content\/uploads\/2025\/04\/Screenshot_20250414_123307_Gallery.jpg?fit=1080%2C818&ssl=1&resize=1050%2C600 3x"},"classes":[]},{"id":48843,"url":"https:\/\/noticiasribeiraopreto.com.br\/index.php\/2024\/05\/07\/priscila-alcantara-a-transformacao-de-uma-estrela-de-icone-gospel-a-diva-pop\/","url_meta":{"origin":83082,"position":1},"title":"Priscila Alcantara: A Transforma\u00e7\u00e3o de uma Estrela De \u00edcone gospel a diva pop","author":"noticiasribeiraopreto.com.br","date":"7 de May de 2024","format":false,"excerpt":"Casa \/ M\u00fasica \/ Priscila Alcantara: A Transforma\u00e7\u00e3o de uma Estrela De \u00edcone gospel a diva popPriscila Alcantara: A Transforma\u00e7\u00e3o de uma Estrela De \u00edcone gospel a diva popEm 2024, Priscila Alcantara se destaca como um dos nomes mais influentes no cen\u00e1rio musical brasileiro. Com uma carreira que come\u00e7ou no\u2026","rel":"","context":"In &quot;Not\u00edcias de Ribeir\u00e3o Preto-SP e Regi\u00e3o&quot;","block_context":{"text":"Not\u00edcias de Ribeir\u00e3o Preto-SP e Regi\u00e3o","link":"https:\/\/noticiasribeiraopreto.com.br\/index.php\/category\/noticias-de-ribeirao-preto-sp-e-regiao-ismael-colosi\/"},"img":{"alt_text":"","src":"https:\/\/i0.wp.com\/noticiasribeiraopreto.com.br\/wp-content\/uploads\/2024\/05\/priscilla_alcantara.jpg?fit=1200%2C675&ssl=1&resize=350%2C200","width":350,"height":200,"srcset":"https:\/\/i0.wp.com\/noticiasribeiraopreto.com.br\/wp-content\/uploads\/2024\/05\/priscilla_alcantara.jpg?fit=1200%2C675&ssl=1&resize=350%2C200 1x, https:\/\/i0.wp.com\/noticiasribeiraopreto.com.br\/wp-content\/uploads\/2024\/05\/priscilla_alcantara.jpg?fit=1200%2C675&ssl=1&resize=525%2C300 1.5x, https:\/\/i0.wp.com\/noticiasribeiraopreto.com.br\/wp-content\/uploads\/2024\/05\/priscilla_alcantara.jpg?fit=1200%2C675&ssl=1&resize=700%2C400 2x, https:\/\/i0.wp.com\/noticiasribeiraopreto.com.br\/wp-content\/uploads\/2024\/05\/priscilla_alcantara.jpg?fit=1200%2C675&ssl=1&resize=1050%2C600 3x"},"classes":[]},{"id":65907,"url":"https:\/\/noticiasribeiraopreto.com.br\/index.php\/2025\/03\/25\/jornal-da-franca-negocios-a-vista-abicalcados-lanca-estudo-sobre-mercado-alemao-para-os-calcados\/","url_meta":{"origin":83082,"position":2},"title":"Jornal da Franca &#8211; Neg\u00f3cios \u00e0 vista: Abical\u00e7ados lan\u00e7a estudo sobre mercado alem\u00e3o para os cal\u00e7ados","author":"noticiasribeiraopreto.com.br","date":"25 de March de 2025","format":false,"excerpt":"Alemanha \u00e9 a maior economia da Europa e segundo mercado importador de cal\u00e7ados do mundo Principal economia da Europa, com um Produto Interno Bruto (PIB) de mais de US$ 4,4 trilh\u00f5es, a Alemanha foi alvo de um estudo de mercado para cal\u00e7adistas brasileiros. O Panorama do Cal\u00e7ado \u2013 Alemanha foi\u2026","rel":"","context":"In &quot;Not\u00edcias de Franca-SP&quot;","block_context":{"text":"Not\u00edcias de Franca-SP","link":"https:\/\/noticiasribeiraopreto.com.br\/index.php\/category\/noticias-de-ribeirao-preto-sp-e-regiao-ismael-colosi\/noticias-franca-sp\/"},"img":{"alt_text":"","src":"https:\/\/i0.wp.com\/noticiasribeiraopreto.com.br\/wp-content\/uploads\/2025\/03\/pLENARIO-16.jpg?fit=1200%2C815&ssl=1&resize=350%2C200","width":350,"height":200,"srcset":"https:\/\/i0.wp.com\/noticiasribeiraopreto.com.br\/wp-content\/uploads\/2025\/03\/pLENARIO-16.jpg?fit=1200%2C815&ssl=1&resize=350%2C200 1x, https:\/\/i0.wp.com\/noticiasribeiraopreto.com.br\/wp-content\/uploads\/2025\/03\/pLENARIO-16.jpg?fit=1200%2C815&ssl=1&resize=525%2C300 1.5x, https:\/\/i0.wp.com\/noticiasribeiraopreto.com.br\/wp-content\/uploads\/2025\/03\/pLENARIO-16.jpg?fit=1200%2C815&ssl=1&resize=700%2C400 2x, https:\/\/i0.wp.com\/noticiasribeiraopreto.com.br\/wp-content\/uploads\/2025\/03\/pLENARIO-16.jpg?fit=1200%2C815&ssl=1&resize=1050%2C600 3x"},"classes":[]},{"id":63907,"url":"https:\/\/noticiasribeiraopreto.com.br\/index.php\/2025\/02\/25\/ultima-vitima-de-acidente-com-onibus-de-estudantes-recebe-alta-e-deixa-hospital\/","url_meta":{"origin":83082,"position":3},"title":"\u00daltima v\u00edtima de acidente com \u00f4nibus de estudantes recebe alta e deixa hospital","author":"noticiasribeiraopreto.com.br","date":"25 de February de 2025","format":false,"excerpt":"A jovem Priscila Teixeira Lombardi, de 20 anos, \u00faltima v\u00edtima do acidente com \u00f4nibus de estudantes que estava internada, recebeu alta m\u00e9dica na manh\u00e3 desta ter\u00e7a-feira (25), na Santa Casa de Franca, a aproximadamente 80 quil\u00f4metros de Ribeir\u00e3o Preto. Ela deixou o hospital por um port\u00e3o alternativo do hospital. A\u2026","rel":"","context":"In &quot;Not\u00edcias de Ribeir\u00e3o Preto-SP e Regi\u00e3o&quot;","block_context":{"text":"Not\u00edcias de Ribeir\u00e3o Preto-SP e Regi\u00e3o","link":"https:\/\/noticiasribeiraopreto.com.br\/index.php\/category\/noticias-de-ribeirao-preto-sp-e-regiao-ismael-colosi\/"},"img":{"alt_text":"","src":"https:\/\/i0.wp.com\/noticiasribeiraopreto.com.br\/wp-content\/uploads\/2025\/02\/WhatsApp-Image-2025-02-21-at-06.27.08_2025-02-21_14-34-23_jpeg_2025-02-21_14-34-24-scaled.webp.webp?fit=1200%2C675&ssl=1&resize=350%2C200","width":350,"height":200,"srcset":"https:\/\/i0.wp.com\/noticiasribeiraopreto.com.br\/wp-content\/uploads\/2025\/02\/WhatsApp-Image-2025-02-21-at-06.27.08_2025-02-21_14-34-23_jpeg_2025-02-21_14-34-24-scaled.webp.webp?fit=1200%2C675&ssl=1&resize=350%2C200 1x, https:\/\/i0.wp.com\/noticiasribeiraopreto.com.br\/wp-content\/uploads\/2025\/02\/WhatsApp-Image-2025-02-21-at-06.27.08_2025-02-21_14-34-23_jpeg_2025-02-21_14-34-24-scaled.webp.webp?fit=1200%2C675&ssl=1&resize=525%2C300 1.5x, https:\/\/i0.wp.com\/noticiasribeiraopreto.com.br\/wp-content\/uploads\/2025\/02\/WhatsApp-Image-2025-02-21-at-06.27.08_2025-02-21_14-34-23_jpeg_2025-02-21_14-34-24-scaled.webp.webp?fit=1200%2C675&ssl=1&resize=700%2C400 2x, https:\/\/i0.wp.com\/noticiasribeiraopreto.com.br\/wp-content\/uploads\/2025\/02\/WhatsApp-Image-2025-02-21-at-06.27.08_2025-02-21_14-34-23_jpeg_2025-02-21_14-34-24-scaled.webp.webp?fit=1200%2C675&ssl=1&resize=1050%2C600 3x"},"classes":[]},{"id":63910,"url":"https:\/\/noticiasribeiraopreto.com.br\/index.php\/2025\/02\/25\/sobrevivente-de-acidente-com-onibus-de-estudantes-recebe-alta-e-deixa-hospital\/","url_meta":{"origin":83082,"position":4},"title":"Sobrevivente de acidente com \u00f4nibus de estudantes recebe alta e deixa hospital","author":"noticiasribeiraopreto.com.br","date":"25 de February de 2025","format":false,"excerpt":"A jovem Priscila Teixeira Lombardi, de 20 anos, \u00faltima v\u00edtima do acidente com \u00f4nibus de estudantes que estava internada, recebeu alta m\u00e9dica na manh\u00e3 desta ter\u00e7a-feira (25), na Santa Casa de Franca, a aproximadamente 80 quil\u00f4metros de Ribeir\u00e3o Preto. Ela deixou o hospital por um port\u00e3o alternativo do hospital. A\u2026","rel":"","context":"In &quot;Not\u00edcias de Ribeir\u00e3o Preto-SP e Regi\u00e3o&quot;","block_context":{"text":"Not\u00edcias de Ribeir\u00e3o Preto-SP e Regi\u00e3o","link":"https:\/\/noticiasribeiraopreto.com.br\/index.php\/category\/noticias-de-ribeirao-preto-sp-e-regiao-ismael-colosi\/"},"img":{"alt_text":"","src":"https:\/\/i0.wp.com\/noticiasribeiraopreto.com.br\/wp-content\/uploads\/2025\/02\/WhatsApp-Image-2025-02-21-at-06.27.08_2025-02-21_14-34-23_jpeg_2025-02-21_14-34-24-scaled.webp.webp?fit=1200%2C675&ssl=1&resize=350%2C200","width":350,"height":200,"srcset":"https:\/\/i0.wp.com\/noticiasribeiraopreto.com.br\/wp-content\/uploads\/2025\/02\/WhatsApp-Image-2025-02-21-at-06.27.08_2025-02-21_14-34-23_jpeg_2025-02-21_14-34-24-scaled.webp.webp?fit=1200%2C675&ssl=1&resize=350%2C200 1x, https:\/\/i0.wp.com\/noticiasribeiraopreto.com.br\/wp-content\/uploads\/2025\/02\/WhatsApp-Image-2025-02-21-at-06.27.08_2025-02-21_14-34-23_jpeg_2025-02-21_14-34-24-scaled.webp.webp?fit=1200%2C675&ssl=1&resize=525%2C300 1.5x, https:\/\/i0.wp.com\/noticiasribeiraopreto.com.br\/wp-content\/uploads\/2025\/02\/WhatsApp-Image-2025-02-21-at-06.27.08_2025-02-21_14-34-23_jpeg_2025-02-21_14-34-24-scaled.webp.webp?fit=1200%2C675&ssl=1&resize=700%2C400 2x, https:\/\/i0.wp.com\/noticiasribeiraopreto.com.br\/wp-content\/uploads\/2025\/02\/WhatsApp-Image-2025-02-21-at-06.27.08_2025-02-21_14-34-23_jpeg_2025-02-21_14-34-24-scaled.webp.webp?fit=1200%2C675&ssl=1&resize=1050%2C600 3x"},"classes":[]},{"id":84746,"url":"https:\/\/noticiasribeiraopreto.com.br\/index.php\/2026\/04\/15\/pm-e-suspeito-de-matar-empresario-de-rp-no-rio-de-janeiro\/","url_meta":{"origin":83082,"position":5},"title":"PM \u00e9 suspeito de matar empres\u00e1rio de RP no Rio de Janeiro","author":"noticiasribeiraopreto.com.br","date":"15 de April de 2026","format":false,"excerpt":"\r Homem teve pris\u00e3o tempor\u00e1ria decretada e investiga\u00e7\u00f5es sobre o caso prosseguem\r \r 15 de abril de 2026 12:2015 de abril de 2026 12:21 \r Compartilhar2 | Por: Adalberto Luque | Um policial militar se apresentou \u00e0 Pol\u00edcia Civil e foi preso, na tarde desta ter\u00e7a-feira (14), pela morte de\u2026","rel":"","context":"In &quot;Not\u00edcias de Ribeir\u00e3o Preto-SP e Regi\u00e3o&quot;","block_context":{"text":"Not\u00edcias de Ribeir\u00e3o Preto-SP e Regi\u00e3o","link":"https:\/\/noticiasribeiraopreto.com.br\/index.php\/category\/noticias-de-ribeirao-preto-sp-e-regiao-ismael-colosi\/"},"img":{"alt_text":"","src":"https:\/\/i0.wp.com\/noticiasribeiraopreto.com.br\/wp-content\/uploads\/2026\/04\/14-mar-2026-mortonorj.jpg?fit=737%2C683&ssl=1&resize=350%2C200","width":350,"height":200,"srcset":"https:\/\/i0.wp.com\/noticiasribeiraopreto.com.br\/wp-content\/uploads\/2026\/04\/14-mar-2026-mortonorj.jpg?fit=737%2C683&ssl=1&resize=350%2C200 1x, https:\/\/i0.wp.com\/noticiasribeiraopreto.com.br\/wp-content\/uploads\/2026\/04\/14-mar-2026-mortonorj.jpg?fit=737%2C683&ssl=1&resize=525%2C300 1.5x, https:\/\/i0.wp.com\/noticiasribeiraopreto.com.br\/wp-content\/uploads\/2026\/04\/14-mar-2026-mortonorj.jpg?fit=737%2C683&ssl=1&resize=700%2C400 2x"},"classes":[]}],"jetpack_sharing_enabled":true,"jetpack_shortlink":"https:\/\/wp.me\/peQAOb-lC2","_links":{"self":[{"href":"https:\/\/noticiasribeiraopreto.com.br\/index.php\/wp-json\/wp\/v2\/posts\/83082","targetHints":{"allow":["GET"]}}],"collection":[{"href":"https:\/\/noticiasribeiraopreto.com.br\/index.php\/wp-json\/wp\/v2\/posts"}],"about":[{"href":"https:\/\/noticiasribeiraopreto.com.br\/index.php\/wp-json\/wp\/v2\/types\/post"}],"author":[{"embeddable":true,"href":"https:\/\/noticiasribeiraopreto.com.br\/index.php\/wp-json\/wp\/v2\/users\/1"}],"replies":[{"embeddable":true,"href":"https:\/\/noticiasribeiraopreto.com.br\/index.php\/wp-json\/wp\/v2\/comments?post=83082"}],"version-history":[{"count":0,"href":"https:\/\/noticiasribeiraopreto.com.br\/index.php\/wp-json\/wp\/v2\/posts\/83082\/revisions"}],"wp:featuredmedia":[{"embeddable":true,"href":"https:\/\/noticiasribeiraopreto.com.br\/index.php\/wp-json\/wp\/v2\/media\/83083"}],"wp:attachment":[{"href":"https:\/\/noticiasribeiraopreto.com.br\/index.php\/wp-json\/wp\/v2\/media?parent=83082"}],"wp:term":[{"taxonomy":"category","embeddable":true,"href":"https:\/\/noticiasribeiraopreto.com.br\/index.php\/wp-json\/wp\/v2\/categories?post=83082"},{"taxonomy":"post_tag","embeddable":true,"href":"https:\/\/noticiasribeiraopreto.com.br\/index.php\/wp-json\/wp\/v2\/tags?post=83082"}],"curies":[{"name":"wp","href":"https:\/\/api.w.org\/{rel}","templated":true}]}}