{"id":83084,"date":"2026-03-09T05:15:01","date_gmt":"2026-03-09T08:15:01","guid":{"rendered":"https:\/\/noticiasribeiraopreto.com.br\/index.php\/2026\/03\/09\/dia-da-mulher-ribeirao-preto-acompanha-avanco-feminino-em-cargos-de-lideranca\/"},"modified":"2026-03-09T05:15:01","modified_gmt":"2026-03-09T08:15:01","slug":"dia-da-mulher-ribeirao-preto-acompanha-avanco-feminino-em-cargos-de-lideranca","status":"publish","type":"post","link":"https:\/\/noticiasribeiraopreto.com.br\/index.php\/2026\/03\/09\/dia-da-mulher-ribeirao-preto-acompanha-avanco-feminino-em-cargos-de-lideranca\/","title":{"rendered":"Dia da Mulher: Ribeir\u00e3o Preto acompanha avan\u00e7o feminino em cargos de lideran\u00e7a"},"content":{"rendered":"<div class='code-block code-block-1' style='margin: 8px 0 8px auto; text-align: right; display: block; clear: both;'>\n<p><a href=\"https:\/\/wa.link\/vpicfd\"><img data-recalc-dims=\"1\" class=\"wp-image-4922\" style=\"aspect-ratio: 2.0253164556962027; width: 561px; height: auto;\" src=\"https:\/\/i0.wp.com\/ismaelcolosi.com.br\/wp-content\/uploads\/2023\/11\/grupo-de-empregos-whatsapp-e-facebook-ismael-colosi-vagas.jpg?ssl=1\" alt=\"\" \/><\/a><\/p>\n<!-- \/wp:image -->\n<\/div>\n<p> <br \/>\n<\/p>\n<div>\n<p>No <strong>Dia Internacional da Mulher<\/strong>, celebrado neste domingo (8), <strong>dados recentes mostram que o Brasil tem avan\u00e7ado na presen\u00e7a feminina em posi\u00e7\u00f5es de lideran\u00e7a<\/strong>. Segundo o estudo <em><a href=\"https:\/\/www.grantthornton.com.br\/en\/insights\/articles\/women-in-business-2025\/\" data-type=\"link\" data-id=\"https:\/\/www.grantthornton.com.br\/en\/insights\/articles\/women-in-business-2025\/\" target=\"_blank\" rel=\"noopener\">Women in Business 2025: Impacting the Missed Generation<\/a><\/em>, o pa\u00eds registra 36,7% de mulheres em cargos de comando, percentual acima da m\u00e9dia global, que \u00e9 de 34%.<\/p>\n<div class=\"wp-block-image\">\n<figure class=\"aligncenter size-large\"><img data-recalc-dims=\"1\" fetchpriority=\"high\" decoding=\"async\" width=\"1024\" height=\"576\" src=\"https:\/\/i0.wp.com\/cdn.media-acidadeon.com.br\/ribeiraopreto\/wp-content\/uploads\/sites\/3\/2026\/03\/palace-54_2026-03-08_17-19-33-1024x576.webp?resize=1024%2C576&#038;ssl=1\" alt=\"mulher\" class=\"wp-image-148146\" title=\"Dia da Mulher: Ribeir\u00e3o Preto acompanha avan\u00e7o feminino em cargos de lideran\u00e7a 1\" srcset=\"https:\/\/cdn.media-acidadeon.com.br\/ribeiraopreto\/wp-content\/uploads\/sites\/3\/2026\/03\/palace-54_2026-03-08_17-19-33-1024x576.webp 1024w, https:\/\/cdn.media-acidadeon.com.br\/ribeiraopreto\/wp-content\/uploads\/sites\/3\/2026\/03\/palace-54_2026-03-08_17-19-33-300x169.webp 300w, https:\/\/cdn.media-acidadeon.com.br\/ribeiraopreto\/wp-content\/uploads\/sites\/3\/2026\/03\/palace-54_2026-03-08_17-19-33-768x432.webp 768w, https:\/\/cdn.media-acidadeon.com.br\/ribeiraopreto\/wp-content\/uploads\/sites\/3\/2026\/03\/palace-54_2026-03-08_17-19-33-696x392.webp 696w, https:\/\/cdn.media-acidadeon.com.br\/ribeiraopreto\/wp-content\/uploads\/sites\/3\/2026\/03\/palace-54_2026-03-08_17-19-33-1068x601.webp 1068w, https:\/\/cdn.media-acidadeon.com.br\/ribeiraopreto\/wp-content\/uploads\/sites\/3\/2026\/03\/palace-54_2026-03-08_17-19-33.webp 1200w\" sizes=\"(max-width: 1024px) 100vw, 1024px\"\/><figcaption class=\"wp-element-caption\">Foto: Reprodu\u00e7\u00e3o\/Woman in Business<\/figcaption><\/figure>\n<\/div>\n<p>O \u00edndice tamb\u00e9m coloca o Brasil \u00e0 frente de pa\u00edses como Estados Unidos, que acompanham a m\u00e9dia mundial, al\u00e9m da Alemanha (30,1%) e do Canad\u00e1 (34,7%). Na pr\u00e1tica, esses n\u00fameros refletem mudan\u00e7as gradativas no mercado de trabalho e nas estruturas de gest\u00e3o das empresas.<\/p>\n<p><strong>Na regi\u00e3o de Ribeir\u00e3o Preto<\/strong>, executivas que atuam em setores como <strong>ind\u00fastria<\/strong>, <strong>varejo <\/strong>e <em>design <\/em>ajudam a transformar as estat\u00edsticas em realidade. Ao ocupar cargos estrat\u00e9gicos, elas tamb\u00e9m influenciam estilos de lideran\u00e7a e cultura organizacional dentro das empresas.<\/p>\n<div class=\"wp-block-image\">\n<figure class=\"aligncenter size-large is-resized\"><img data-recalc-dims=\"1\" loading=\"lazy\" decoding=\"async\" width=\"1024\" height=\"576\" src=\"https:\/\/i0.wp.com\/cdn.media-acidadeon.com.br\/ribeiraopreto\/wp-content\/uploads\/sites\/3\/2026\/03\/image_2026-03-08_17-16-54-1024x576.webp?resize=1024%2C576&#038;ssl=1\" alt=\"mulher\" class=\"wp-image-148145\" style=\"width:1024px;height:auto\" title=\"Dia da Mulher: Ribeir\u00e3o Preto acompanha avan\u00e7o feminino em cargos de lideran\u00e7a 2\" srcset=\"https:\/\/cdn.media-acidadeon.com.br\/ribeiraopreto\/wp-content\/uploads\/sites\/3\/2026\/03\/image_2026-03-08_17-16-54-1024x576.webp 1024w, https:\/\/cdn.media-acidadeon.com.br\/ribeiraopreto\/wp-content\/uploads\/sites\/3\/2026\/03\/image_2026-03-08_17-16-54-300x169.webp 300w, https:\/\/cdn.media-acidadeon.com.br\/ribeiraopreto\/wp-content\/uploads\/sites\/3\/2026\/03\/image_2026-03-08_17-16-54-768x432.webp 768w, https:\/\/cdn.media-acidadeon.com.br\/ribeiraopreto\/wp-content\/uploads\/sites\/3\/2026\/03\/image_2026-03-08_17-16-54-696x392.webp 696w, https:\/\/cdn.media-acidadeon.com.br\/ribeiraopreto\/wp-content\/uploads\/sites\/3\/2026\/03\/image_2026-03-08_17-16-54-1068x601.webp 1068w, https:\/\/cdn.media-acidadeon.com.br\/ribeiraopreto\/wp-content\/uploads\/sites\/3\/2026\/03\/image_2026-03-08_17-16-54.webp 1200w\" sizes=\"auto, (max-width: 1024px) 100vw, 1024px\"\/><figcaption class=\"wp-element-caption\">Foto: Reprodu\u00e7\u00e3o\/ Woman in Business<\/figcaption><\/figure>\n<\/div>\n<h4 class=\"wp-block-heading\"><strong>Presen\u00e7a feminina cresce no varejo supermercadista<\/strong><\/h4>\n<p>No setor supermercadista, que concentra grande n\u00famero de empregos formais na regi\u00e3o, a participa\u00e7\u00e3o feminina tamb\u00e9m tem avan\u00e7ado em posi\u00e7\u00f5es de lideran\u00e7a.<\/p>\n<p>No Grupo Savegnago, rede fundada em 1976 em Sert\u00e3ozinho, as <strong>mulheres representam 52% dos mais de 14 mil colaboradores<\/strong>. Entre os <strong>cargos de lideran\u00e7a<\/strong>, <mark style=\"background-color:#fcb900\" class=\"has-inline-color\">elas ocupam cerca de 40% das posi\u00e7\u00f5es<\/mark>.<\/p>\n<p>A empresa tamb\u00e9m passou a contar recentemente com sua primeira mulher em uma diretoria. Jaciani Rizziolli assumiu a \u00e1rea de Recursos Humanos ap\u00f3s mais de duas d\u00e9cadas de atua\u00e7\u00e3o no mercado, com experi\u00eancia anterior em empresas multinacionais.<\/p>\n<p>Em conversa com o <em>acidade on<\/em>, a executiva contou que a amplia\u00e7\u00e3o da presen\u00e7a feminina em cargos estrat\u00e9gicos est\u00e1 relacionada \u00e0 cria\u00e7\u00e3o de oportunidades de desenvolvimento profissional dentro das organiza\u00e7\u00f5es.<\/p>\n<figure class=\"wp-block-pullquote\">\n<blockquote>\n<p>N\u00e3o se trata apenas de representatividade, mas de oportunidades concretas de crescimento. Mulheres competentes encontram espa\u00e7o para evoluir e liderar<\/p>\n<p><cite>afirma<\/cite><\/p><\/blockquote>\n<\/figure>\n<h3 class=\"wp-block-heading\"><strong>Diversidade e resultados nas empresas<\/strong><\/h3>\n<p>Para Jaciani Rizziolli, o crescimento desse movimento n\u00e3o deve ser visto como uma tend\u00eancia passageira, mas como uma transforma\u00e7\u00e3o estrutural do mercado de trabalho.<\/p>\n<figure class=\"wp-block-pullquote\">\n<blockquote>\n<p>Empresas que valorizam a diversidade tomam decis\u00f5es melhores, inovam mais e constroem resultados sustent\u00e1veis. Atualmente, as organiza\u00e7\u00f5es buscam compet\u00eancia t\u00e9cnica aliada \u00e0 intelig\u00eancia emocional, capacidade de decis\u00e3o e alinhamento cultural<\/p>\n<p><cite> conclui.<\/cite><\/p><\/blockquote>\n<\/figure>\n<hr class=\"wp-block-separator has-alpha-channel-opacity\"\/>\n<p>SAIBA MAIS<\/p>\n<p>Engenheiro aponta a\u00e7\u00f5es para melhorar tr\u00e2nsito no acesso \u00e0 Vargas pela rodovia de Bonfim Paulista<\/p>\n<p><strong>FIQUE ON<\/strong><\/p>\n<p>Fique ligado em tudo que acontece em Ribeir\u00e3o Preto e regi\u00e3o. Siga os perfis do<strong>\u00a0acidade on<\/strong>\u00a0no\u00a0<a href=\"https:\/\/www.instagram.com\/acidadeonribeirao\" target=\"_blank\" rel=\"noreferrer noopener\">Instagram<\/a>\u00a0e no\u00a0<a href=\"https:\/\/www.facebook.com\/acidadeonribeirao\/\" target=\"_blank\" rel=\"noreferrer noopener\">Facebook<\/a>.<\/p>\n<p>Receba not\u00edcias do<strong>\u00a0acidade on<\/strong>\u00a0no WhatsApp. Para entrar no grupo,\u00a0basta\u00a0<a href=\"https:\/\/chat.whatsapp.com\/GFH9HUMUTHNFJdnyEd0xxq\" target=\"_blank\" rel=\"noreferrer noopener\">clicar aqui<\/a>. Ou, acesse o nosso\u00a0Canal\u00a0<a href=\"https:\/\/whatsapp.com\/channel\/0029Vb6IQl1JENyAeS57fk2p\" target=\"_blank\" rel=\"noreferrer noopener\">clicando aqui<\/a>.<\/p>\n<p>Fa\u00e7a uma den\u00fancia ou sugira uma reportagem sobre Ribeir\u00e3o Preto e regi\u00e3o pelo WhatsApp: 16 99117 7802.<\/p>\n<p>VEJA TAMB\u00c9M<\/p>\n<p>Decora\u00e7\u00e3o pet friendly: 5 cuidados para garantir a seguran\u00e7a do seu animal<strong><br \/><\/strong><\/p>\n<p><!-- AI CONTENT END 1 -->\n<\/div>\n<p><script async src=\"\/\/www.instagram.com\/embed.js\"><\/script><br \/>\n<br \/><br \/>\n<br \/><a href=\"https:\/\/www.acidadeon.com\/ribeiraopreto\/economia\/dia-da-mulher-ribeirao-preto-acompanha-avanco-feminino-em-cargos-de-lideranca\/\">Source link <\/a><\/p>\n<!-- CONTENT END 1 -->\n","protected":false},"excerpt":{"rendered":"<p>No Dia Internacional da Mulher, celebrado neste domingo (8), dados recentes mostram que o Brasil tem avan\u00e7ado na presen\u00e7a feminina em posi\u00e7\u00f5es de lideran\u00e7a. Segundo&#8230;<\/p>\n","protected":false},"author":1,"featured_media":83085,"comment_status":"open","ping_status":"open","sticky":false,"template":"","format":"standard","meta":{"advanced_seo_description":"","jetpack_seo_html_title":"","jetpack_seo_noindex":false,"jetpack_post_was_ever_published":false,"_jetpack_newsletter_access":"","_jetpack_dont_email_post_to_subs":false,"_jetpack_newsletter_tier_id":0,"_jetpack_memberships_contains_paywalled_content":false,"_jetpack_memberships_contains_paid_content":false,"footnotes":"","jetpack_publicize_message":"","jetpack_publicize_feature_enabled":true,"jetpack_social_post_already_shared":true,"jetpack_social_options":{"image_generator_settings":{"template":"highway","default_image_id":0,"font":"","enabled":false},"version":2}},"categories":[11],"tags":[],"class_list":["post-83084","post","type-post","status-publish","format-standard","has-post-thumbnail","hentry","category-noticias-de-ribeirao-preto-sp-e-regiao-ismael-colosi"],"jetpack_publicize_connections":[],"jetpack_featured_media_url":"https:\/\/i0.wp.com\/noticiasribeiraopreto.com.br\/wp-content\/uploads\/2026\/03\/low-angle-businesswoman-posing-with-arms-crossed-city_2026-03-08_17-48-27.webp.webp?fit=1200%2C801&ssl=1","jetpack-related-posts":[{"id":41409,"url":"https:\/\/noticiasribeiraopreto.com.br\/index.php\/2024\/03\/08\/empresas-atingem-igualdade-de-genero-na-lideranca\/","url_meta":{"origin":83084,"position":0},"title":"Empresas atingem igualdade de g\u00eanero na lideran\u00e7a","author":"noticiasribeiraopreto.com.br","date":"8 de March de 2024","format":false,"excerpt":"Luciana Batista \u00e9 CEO da Coca-Cola no Brasil e Cone-Sul, onde a igualdade de g\u00eanero na lideran\u00e7a foi atingida antes mesmo da meta global Alcan\u00e7ar a equidade de g\u00eanero, al\u00e9m do \u00f3bvio compromisso social, \u00e9 um imperativo econ\u00f4mico que pode representar um aumento de mais de 20% no PIB (Produto\u2026","rel":"","context":"In &quot;Blog&quot;","block_context":{"text":"Blog","link":"https:\/\/noticiasribeiraopreto.com.br\/index.php\/category\/blog\/"},"img":{"alt_text":"","src":"https:\/\/i0.wp.com\/noticiasribeiraopreto.com.br\/wp-content\/uploads\/2024\/03\/mulher-lideranca-luciana-batista-coca-cola-1024x683.jpg?fit=1024%2C683&ssl=1&resize=350%2C200","width":350,"height":200,"srcset":"https:\/\/i0.wp.com\/noticiasribeiraopreto.com.br\/wp-content\/uploads\/2024\/03\/mulher-lideranca-luciana-batista-coca-cola-1024x683.jpg?fit=1024%2C683&ssl=1&resize=350%2C200 1x, https:\/\/i0.wp.com\/noticiasribeiraopreto.com.br\/wp-content\/uploads\/2024\/03\/mulher-lideranca-luciana-batista-coca-cola-1024x683.jpg?fit=1024%2C683&ssl=1&resize=525%2C300 1.5x, https:\/\/i0.wp.com\/noticiasribeiraopreto.com.br\/wp-content\/uploads\/2024\/03\/mulher-lideranca-luciana-batista-coca-cola-1024x683.jpg?fit=1024%2C683&ssl=1&resize=700%2C400 2x"},"classes":[]},{"id":41413,"url":"https:\/\/noticiasribeiraopreto.com.br\/index.php\/2024\/03\/08\/empresas-atingem-igualdade-de-genero-na-lideranca-2\/","url_meta":{"origin":83084,"position":1},"title":"Empresas atingem igualdade de g\u00eanero na lideran\u00e7a","author":"noticiasribeiraopreto.com.br","date":"8 de March de 2024","format":false,"excerpt":"Luciana Batista \u00e9 CEO da Coca-Cola no Brasil e Cone-Sul, onde a igualdade de g\u00eanero na lideran\u00e7a foi atingida antes mesmo da meta global Alcan\u00e7ar a equidade de g\u00eanero, al\u00e9m do \u00f3bvio compromisso social, \u00e9 um imperativo econ\u00f4mico que pode representar um aumento de mais de 20% no PIB (Produto\u2026","rel":"","context":"In &quot;Blog&quot;","block_context":{"text":"Blog","link":"https:\/\/noticiasribeiraopreto.com.br\/index.php\/category\/blog\/"},"img":{"alt_text":"","src":"https:\/\/i0.wp.com\/noticiasribeiraopreto.com.br\/wp-content\/uploads\/2024\/03\/1709894302_mulher-lideranca-luciana-batista-coca-cola-1024x683.jpg?fit=1024%2C683&ssl=1&resize=350%2C200","width":350,"height":200,"srcset":"https:\/\/i0.wp.com\/noticiasribeiraopreto.com.br\/wp-content\/uploads\/2024\/03\/1709894302_mulher-lideranca-luciana-batista-coca-cola-1024x683.jpg?fit=1024%2C683&ssl=1&resize=350%2C200 1x, https:\/\/i0.wp.com\/noticiasribeiraopreto.com.br\/wp-content\/uploads\/2024\/03\/1709894302_mulher-lideranca-luciana-batista-coca-cola-1024x683.jpg?fit=1024%2C683&ssl=1&resize=525%2C300 1.5x, https:\/\/i0.wp.com\/noticiasribeiraopreto.com.br\/wp-content\/uploads\/2024\/03\/1709894302_mulher-lideranca-luciana-batista-coca-cola-1024x683.jpg?fit=1024%2C683&ssl=1&resize=700%2C400 2x"},"classes":[]},{"id":47202,"url":"https:\/\/noticiasribeiraopreto.com.br\/index.php\/2024\/04\/25\/nova-plataforma-do-itau-oferece-180-vagas-para-mulheres-em-cargos-de-lideranca\/","url_meta":{"origin":83084,"position":2},"title":"Nova plataforma do Ita\u00fa oferece 180 vagas para mulheres em cargos de lideran\u00e7a","author":"noticiasribeiraopreto.com.br","date":"25 de April de 2024","format":false,"excerpt":"Da reda\u00e7\u00e3oi Da reda\u00e7\u00e3o 24\/04\/2024 - 13:48 A plataforma +Mulheres + Lideran\u00e7a, do Ita\u00fa Unibanco, vai oferecer 180 vagas exclusivas para mulheres em cargos de lideran\u00e7a. S\u00e3o mais de 180 oportunidades abrangendo os segmentos de Banco de Atacado e Banco de Varejo, al\u00e9m da \u00e1rea de Tecnologia e Carreiras Digitais.\u2026","rel":"","context":"In &quot;Empregos - Classificados&quot;","block_context":{"text":"Empregos - Classificados","link":"https:\/\/noticiasribeiraopreto.com.br\/index.php\/category\/empregos-classificados-vagas-trabalho\/"},"img":{"alt_text":"","src":"https:\/\/i0.wp.com\/noticiasribeiraopreto.com.br\/wp-content\/uploads\/2024\/04\/itau-1.jpg?fit=615%2C404&ssl=1&resize=350%2C200","width":350,"height":200,"srcset":"https:\/\/i0.wp.com\/noticiasribeiraopreto.com.br\/wp-content\/uploads\/2024\/04\/itau-1.jpg?fit=615%2C404&ssl=1&resize=350%2C200 1x, https:\/\/i0.wp.com\/noticiasribeiraopreto.com.br\/wp-content\/uploads\/2024\/04\/itau-1.jpg?fit=615%2C404&ssl=1&resize=525%2C300 1.5x"},"classes":[]},{"id":41081,"url":"https:\/\/noticiasribeiraopreto.com.br\/index.php\/2024\/03\/06\/mulheres-ocupam-38-dos-cargos-de-lideranca-no-brasil\/","url_meta":{"origin":83084,"position":3},"title":"Mulheres ocupam 38% dos cargos de lideran\u00e7a no Brasil","author":"noticiasribeiraopreto.com.br","date":"6 de March de 2024","format":false,"excerpt":"Getty ImagesAs mulheres representam 43% do quadro de funcion\u00e1rios, mas ainda est\u00e3o sub-representadas na alta lideran\u00e7a As mulheres ocupam 38% dos cargos de lideran\u00e7a no Brasil, mantendo a propor\u00e7\u00e3o do ano anterior. \u00c9 o que mostra uma pesquisa da FIA Business School, que analisou respostas de mais de 150 mil\u2026","rel":"","context":"In &quot;Blog&quot;","block_context":{"text":"Blog","link":"https:\/\/noticiasribeiraopreto.com.br\/index.php\/category\/blog\/"},"img":{"alt_text":"","src":"https:\/\/i0.wp.com\/noticiasribeiraopreto.com.br\/wp-content\/uploads\/2024\/03\/mulher-lideranca-feminina-1024x683.jpg?fit=1024%2C683&ssl=1&resize=350%2C200","width":350,"height":200,"srcset":"https:\/\/i0.wp.com\/noticiasribeiraopreto.com.br\/wp-content\/uploads\/2024\/03\/mulher-lideranca-feminina-1024x683.jpg?fit=1024%2C683&ssl=1&resize=350%2C200 1x, https:\/\/i0.wp.com\/noticiasribeiraopreto.com.br\/wp-content\/uploads\/2024\/03\/mulher-lideranca-feminina-1024x683.jpg?fit=1024%2C683&ssl=1&resize=525%2C300 1.5x, https:\/\/i0.wp.com\/noticiasribeiraopreto.com.br\/wp-content\/uploads\/2024\/03\/mulher-lideranca-feminina-1024x683.jpg?fit=1024%2C683&ssl=1&resize=700%2C400 2x"},"classes":[]},{"id":38452,"url":"https:\/\/noticiasribeiraopreto.com.br\/index.php\/2024\/02\/20\/poucas-mulheres-na-lideranca-do-mercado-financeiro\/","url_meta":{"origin":83084,"position":4},"title":"Poucas mulheres na lideran\u00e7a do mercado financeiro","author":"noticiasribeiraopreto.com.br","date":"20 de February de 2024","format":false,"excerpt":"Laiz Carvalho, economista-chefe do BNP Paribas, uma das poucas a chegar em cargos de lideran\u00e7a no mercado financeiro Mulheres ocupam apenas 34% dos cargos C-Level (diretoria e vice presid\u00eancia) em institui\u00e7\u00f5es financeiras no pa\u00eds, segundo um mapeamento feito pela consultoria de Recursos Humanos Fesa Group. O estudo foi feito com\u2026","rel":"","context":"In &quot;Blog&quot;","block_context":{"text":"Blog","link":"https:\/\/noticiasribeiraopreto.com.br\/index.php\/category\/blog\/"},"img":{"alt_text":"","src":"https:\/\/i0.wp.com\/noticiasribeiraopreto.com.br\/wp-content\/uploads\/2024\/02\/EDT.RAM_7979_LaizCarvalho-e1664464420884-1024x683.png?fit=1024%2C683&ssl=1&resize=350%2C200","width":350,"height":200,"srcset":"https:\/\/i0.wp.com\/noticiasribeiraopreto.com.br\/wp-content\/uploads\/2024\/02\/EDT.RAM_7979_LaizCarvalho-e1664464420884-1024x683.png?fit=1024%2C683&ssl=1&resize=350%2C200 1x, https:\/\/i0.wp.com\/noticiasribeiraopreto.com.br\/wp-content\/uploads\/2024\/02\/EDT.RAM_7979_LaizCarvalho-e1664464420884-1024x683.png?fit=1024%2C683&ssl=1&resize=525%2C300 1.5x, https:\/\/i0.wp.com\/noticiasribeiraopreto.com.br\/wp-content\/uploads\/2024\/02\/EDT.RAM_7979_LaizCarvalho-e1664464420884-1024x683.png?fit=1024%2C683&ssl=1&resize=700%2C400 2x"},"classes":[]},{"id":38871,"url":"https:\/\/noticiasribeiraopreto.com.br\/index.php\/2024\/02\/22\/poucas-mulheres-na-lideranca-do-mercado-financeiro-2\/","url_meta":{"origin":83084,"position":5},"title":"Poucas mulheres na lideran\u00e7a do mercado financeiro","author":"noticiasribeiraopreto.com.br","date":"22 de February de 2024","format":false,"excerpt":"Laiz Carvalho, economista-chefe do BNP Paribas, uma das poucas a chegar em cargos de lideran\u00e7a no mercado financeiro Mulheres ocupam apenas 34% dos cargos C-Level (diretoria e vice presid\u00eancia) em institui\u00e7\u00f5es financeiras no pa\u00eds, segundo um mapeamento feito pela consultoria de Recursos Humanos Fesa Group. O estudo foi feito com\u2026","rel":"","context":"In &quot;Blog&quot;","block_context":{"text":"Blog","link":"https:\/\/noticiasribeiraopreto.com.br\/index.php\/category\/blog\/"},"img":{"alt_text":"","src":"https:\/\/i0.wp.com\/noticiasribeiraopreto.com.br\/wp-content\/uploads\/2024\/02\/1708595456_EDT.RAM_7979_LaizCarvalho-e1664464420884-1024x683.png?fit=1024%2C683&ssl=1&resize=350%2C200","width":350,"height":200,"srcset":"https:\/\/i0.wp.com\/noticiasribeiraopreto.com.br\/wp-content\/uploads\/2024\/02\/1708595456_EDT.RAM_7979_LaizCarvalho-e1664464420884-1024x683.png?fit=1024%2C683&ssl=1&resize=350%2C200 1x, https:\/\/i0.wp.com\/noticiasribeiraopreto.com.br\/wp-content\/uploads\/2024\/02\/1708595456_EDT.RAM_7979_LaizCarvalho-e1664464420884-1024x683.png?fit=1024%2C683&ssl=1&resize=525%2C300 1.5x, https:\/\/i0.wp.com\/noticiasribeiraopreto.com.br\/wp-content\/uploads\/2024\/02\/1708595456_EDT.RAM_7979_LaizCarvalho-e1664464420884-1024x683.png?fit=1024%2C683&ssl=1&resize=700%2C400 2x"},"classes":[]}],"jetpack_sharing_enabled":true,"jetpack_shortlink":"https:\/\/wp.me\/peQAOb-lC4","_links":{"self":[{"href":"https:\/\/noticiasribeiraopreto.com.br\/index.php\/wp-json\/wp\/v2\/posts\/83084","targetHints":{"allow":["GET"]}}],"collection":[{"href":"https:\/\/noticiasribeiraopreto.com.br\/index.php\/wp-json\/wp\/v2\/posts"}],"about":[{"href":"https:\/\/noticiasribeiraopreto.com.br\/index.php\/wp-json\/wp\/v2\/types\/post"}],"author":[{"embeddable":true,"href":"https:\/\/noticiasribeiraopreto.com.br\/index.php\/wp-json\/wp\/v2\/users\/1"}],"replies":[{"embeddable":true,"href":"https:\/\/noticiasribeiraopreto.com.br\/index.php\/wp-json\/wp\/v2\/comments?post=83084"}],"version-history":[{"count":0,"href":"https:\/\/noticiasribeiraopreto.com.br\/index.php\/wp-json\/wp\/v2\/posts\/83084\/revisions"}],"wp:featuredmedia":[{"embeddable":true,"href":"https:\/\/noticiasribeiraopreto.com.br\/index.php\/wp-json\/wp\/v2\/media\/83085"}],"wp:attachment":[{"href":"https:\/\/noticiasribeiraopreto.com.br\/index.php\/wp-json\/wp\/v2\/media?parent=83084"}],"wp:term":[{"taxonomy":"category","embeddable":true,"href":"https:\/\/noticiasribeiraopreto.com.br\/index.php\/wp-json\/wp\/v2\/categories?post=83084"},{"taxonomy":"post_tag","embeddable":true,"href":"https:\/\/noticiasribeiraopreto.com.br\/index.php\/wp-json\/wp\/v2\/tags?post=83084"}],"curies":[{"name":"wp","href":"https:\/\/api.w.org\/{rel}","templated":true}]}}