{"id":83088,"date":"2026-03-09T08:37:40","date_gmt":"2026-03-09T11:37:40","guid":{"rendered":"https:\/\/noticiasribeiraopreto.com.br\/index.php\/2026\/03\/09\/botafogo-conhece-tabela-desembarca-da-serie-b-ate-a-quinta-rodada\/"},"modified":"2026-03-09T08:37:40","modified_gmt":"2026-03-09T11:37:40","slug":"botafogo-conhece-tabela-desembarca-da-serie-b-ate-a-quinta-rodada","status":"publish","type":"post","link":"https:\/\/noticiasribeiraopreto.com.br\/index.php\/2026\/03\/09\/botafogo-conhece-tabela-desembarca-da-serie-b-ate-a-quinta-rodada\/","title":{"rendered":"Botafogo conhece tabela desembarca da S\u00e9rie b at\u00e9 a quinta rodada"},"content":{"rendered":"<div class='code-block code-block-1' style='margin: 8px 0 8px auto; text-align: right; display: block; clear: both;'>\n<p><a href=\"https:\/\/wa.link\/vpicfd\"><img data-recalc-dims=\"1\" class=\"wp-image-4922\" style=\"aspect-ratio: 2.0253164556962027; width: 561px; height: auto;\" src=\"https:\/\/i0.wp.com\/ismaelcolosi.com.br\/wp-content\/uploads\/2023\/11\/grupo-de-empregos-whatsapp-e-facebook-ismael-colosi-vagas.jpg?ssl=1\" alt=\"\" \/><\/a><\/p>\n<!-- \/wp:image -->\n<\/div>\n<p> <br \/>\n<\/p>\n<div id=\"\">&#13;<br \/>\n\t\t\t\t\t\t\t\t&#13;<\/p>\n<p>&#13;<br \/>\n\t\t\t\t\t\t\t\t\t<span class=\"entry-meta-item penci-posted-on\"><i class=\"fa fa-clock-o\"\/><time class=\"entry-date published updated\" datetime=\"2026-03-09T08:37:12-03:00\">9 de mar\u00e7o de 2026 08:37<\/time><\/span><span class=\"entry-meta-item penci-post-countview\"\/>\t\t\t\t\t\t\t\t<\/p>\n<p><!-- .entry-meta -->&#13;<br \/>\n\t\t\t\t\t\t\t\t<span class=\"penci-social-buttons penci-social-share-footer\"><span class=\"penci-social-share-text\">Compartilhar<\/span><a href=\"#\" class=\"penci-post-like penci_post-meta_item  single-like-button penci-social-item like\" data-post_id=\"456781\" title=\"Like\" data-like=\"Like\" data-unlike=\"Unlike\"><i class=\"fa fa-thumbs-o-up\"\/><span class=\"penci-share-number\">0<\/span><\/a><i class=\"fa fa-facebook\"\/><a class=\"penci-social-item twitter\" target=\"_blank\" rel=\"noopener\" title=\"\" href=\"https:\/\/twitter.com\/intent\/tweet?text=Botafogo%20conhece%20tabela%20desembarca%20da%20S\u00e9rie%20b%20at\u00e9%20%20a%20quinta%20rodada%20-%20https:\/\/www.tribunaribeirao.com.br\/botafogo-conhece-tabela-desembarca-da-serie-b-ate-a-quinta-rodada\/\"><i class=\"fa fa-twitter\"\/><\/a><i class=\"fa fa-linkedin\"\/><i class=\"fa fa-whatsapp\"\/><i class=\"fa fa-telegram\"\/><i class=\"fa fa-envelope\"\/><\/span>\t\t\t\t\t\t\t<\/div>\n<div>\n<p class=\"p1\"><span class=\"s1\"><i>Tricolor pega o Fortaleza em casa no dia 21 \u00e0s 19h15 em Ribeir\u00e3o<\/i><\/span><\/p>\n<p class=\"p1\"><span class=\"s1\">O Botafogo vai estrear diante do Fortaleza na S\u00e9rie B do Brasileiro no dia 21 (s\u00e1bado), \u00e0s 19h15, no Est\u00e1dio Santa Cruz\/Arena Nicnet.<\/span><\/p>\n<p class=\"p1\"><span class=\"s1\">O dia e o hor\u00e1rio da partida foram confirmados na noite de s\u00e1bado (7) pela CBF (Confedera\u00e7\u00e3o Brasileira de Futebol), que desmembrou a tabela at\u00e9 a quinta rodada da competi\u00e7\u00e3o.<\/span><\/p>\n<p class=\"p1\"><span class=\"s1\">Ap\u00f3s o duelo contra a equipe cearense, o Tricolor voltar\u00e1 a campo somente no dia 2 de abril (quinta-feira), quando encara o Am\u00e9rica-MG, \u00e0s 21h, na Arena Independ\u00eancia, em Belo Horizonte.<\/span><\/p>\n<p class=\"p1\"><span class=\"s1\">Na terceira rodada, o Pantera recebe o S\u00e3o Bernardo em jogo marcado para o dia 5 de abril (domingo), \u00e0s 20h30.<\/span><\/p>\n<p class=\"p1\"><span class=\"s1\">Cinco dias depois (10 de abril \u2013 sexta-feira), a equipe comandada por Cl\u00e1udio Tencati viaja at\u00e9 Crici\u00fama, onde enfrentar\u00e1 os donos da casa, \u00e0s 20h30, no Est\u00e1dio Heriberto H\u00fclse.<\/span><\/p>\n<p class=\"p1\"><span class=\"s1\">No dia 20 de abril (segunda-feira), o Botafogo volta a jogar em seus dom\u00ednios diante do Atl\u00e9tico-GO, \u00e0s 19h.<\/span><\/p>\n<p class=\"p1\"><span class=\"s1\"><b>CONFIRA OS JOGOS DO BOTAFOGO NA S\u00c9RIE B DO BRASILEIRO<\/b><br \/><\/span><\/p>\n<p class=\"p1\"><span class=\"s1\"><strong>1\u00aa Rodada \u2013 21\/03 (S\u00e1bado) \u2013 19h15 \u2013 Botafogo x Fortaleza<\/strong><br \/><strong>2\u00aa Rodada \u2013 02\/04 (Quinta-feira) \u2013 21h \u2013 Am\u00e9rica-MG x Botafogo<\/strong><br \/><strong>3\u00aa Rodada \u2013 05\/04 (Domingo) \u2013 20h30 \u2013 Botafogo x S\u00e3o Bernardo<\/strong><br \/><strong>4\u00aa Rodada \u2013 10\/04 (Sexta-feira) \u2013 20h30 \u2013 Crici\u00fama x Botafogo<\/strong><br \/><strong>5\u00aa Rodada \u2013 20\/04 (Segunda-feira) \u2013 19h \u2013 Botafogo x Atl\u00e9tico-GO<\/strong><br \/><b\/><\/span><\/p>\n<p>\u2014\u2014\u2014\u2014\u2014\u2014\u2014\u2014\u2014\u2014\u2014\u2014\u2014\u2014\u2014\u2014\u2014\u2014\u2014\u2014\u2014\u2014\u2014\u2014\u2014\u2014\u2014\u2014\u2014\u2014\u2014\u2014\u2014\u2014\u2014\u2014\u2014-<\/p>\n<p class=\"p1\"><span class=\"s1\"><b>6\u00aa Rodada<\/b> \u2013 24\/04, 25\/04 ou 26\/04 \u2013 Cuiab\u00e1 x Botafogo<br \/><b>7\u00aa Rodada<\/b> \u2013 01\/05, 02\/05 ou 03\/05 \u2013 Botafogo x N\u00e1utico<br \/><b>8\u00aa Rodada<\/b> \u2013 08\/05, 09\/05 ou 10\/05 \u2013 Novorizontino x Botafogo<br \/><b>9\u00aa Rodada<\/b> \u2013 15\/05, 16\/05 ou 17\/05 \u2013 Goi\u00e1s x Botafogo<br \/><b>10\u00aa Rodada<\/b> \u2013 22\/05, 23\/05 ou 24\/05 \u2013 Botafogo x Athletic<br \/><b>11\u00aa Rodada<\/b> \u2013 29\/05, 30\/05 ou 31\/05 \u2013 Ponte Preta x Botafogo<br \/><b>12\u00aa Rodada<\/b> \u2013 09\/06 ou 10\/06 \u2013 Vila Nova-GO x Botafogo<br \/><b>13\u00aa Rodada<\/b> \u2013 12\/06, 13\/06 ou 14\/06 \u2013 Botafogo x Oper\u00e1rio-PR<br \/><b>14\u00aa Rodada<\/b> \u2013 19\/06, 20\/06 ou 21\/06 \u2013 Cear\u00e1 x Botafogo<br \/><b>15\u00aa Rodada<\/b> \u2013 26\/06, 27\/06 ou 28\/06 \u2013 Botafogo x CRB<br \/><b>16\u00aa Rodada<\/b> \u2013 03\/07, 04\/07 ou 05\/07 \u2013 Botafogo x Ava\u00ed<br \/><b>17\u00aa Rodada<\/b> \u2013 10\/07, 11\/07 e 12\/07 \u2013 Sport x Botafogo<br \/><b>18\u00aa Rodada<\/b> \u2013 17\/07, 18\/07 e 19\/07 \u2013 Londrina x Botafogo<br \/><b>19\u00aa Rodada<\/b> \u2013 21\/07 e 22\/07 \u2013 Botafogo x Juventude<br \/><b>20\u00aa Rodada<\/b> \u2013 24\/07, 25\/07\/ ou 26\/07 \u2013 Fortaleza x Botafogo<br \/><b>21\u00aa Rodada<\/b> \u2013 07\/08, 08\/08 ou 09\/08 \u2013 Botafogo x Am\u00e9rica-MG<br \/><b>22\u00aa Rodada<\/b> \u2013 14\/08, 15\/08 ou 16\/08 \u2013 S\u00e3o Bernardo x Botafogo<br \/><b>23\u00aa Rodada<\/b> \u2013 18\/08 ou 19\/08 \u2013 Botafogo x Crici\u00fama<br \/><b>24\u00aa Rodada<\/b> \u2013 21\/08, 22\/08 ou 23\/08 \u2013 Atl\u00e9tico-GO x Botafogo<br \/><b>25\u00aa Rodada<\/b> \u2013 28\/08, 29\/08 ou 30\/08 \u2013 Botafogo x Cuiab\u00e1<br \/><b>26\u00aa Rodada<\/b> \u2013 04\/09, 05\/09 ou 06\/09 \u2013 N\u00e1utico x Botafogo<br \/><b>27\u00aa Rodada<\/b> \u2013 08\/09 ou 09\/09 \u2013 Botafogo x Novorizontino<br \/><b>28\u00aa Rodada<\/b> \u2013 11\/09, 12\/09 ou 13\/09 \u2013 Botafogo x Goi\u00e1s<br \/><b>29\u00aa Rodada<\/b> \u2013 18\/09, 19\/09 ou 20\/09 \u2013 Athletic x Botafogo<br \/><b>30\u00aa Rodada<\/b> \u2013 25\/09, 26\/09 ou 27\/09 \u2013 Botafogo x Ponte Preta<br \/><b>31\u00aa Rodada<\/b> \u2013 02\/10, 03\/10 ou 04\/10 \u2013 Botafogo x Vila Nova<br \/><b>32\u00aa Rodada<\/b> \u2013 06\/10 ou 07\/10 \u2013 Oper\u00e1rio-PR x Botafogo<br \/><b>33\u00aa Rodada<\/b> \u2013 09\/10, 11\/10 ou 11\/10 \u2013 Botafogo x Cear\u00e1<br \/><b>34\u00aa Rodada<\/b> \u2013 16\/10, 17\/10 ou 18\/10 \u2013 CRB x Botafogo<br \/><b>35\u00aa Rodada<\/b> \u2013 23\/10, 24\/10 ou 25\/10 \u2013 Ava\u00ed x Botafogo<br \/><b>36\u00aa Rodada<\/b> \u2013 30\/10, 31\/10 ou 01\/11 \u2013 Botafogo x Sport<br \/><b>37\u00aa Rodada<\/b> \u2013 06\/11, 07\/11 ou 08\/11 \u2013 Botafogo x Londrina<br \/><b>38\u00aa Rodada<\/b> \u2013 14\/11 \u2013 Juventude x Botafogo<\/span><\/p>\n<p class=\"p1\"><span class=\"s1\"><b>PLAYOFF<\/b><br \/>JOGOS DE IDA \u2013 21\/11<br \/>JOGOS DE VOLTA \u2013 28\/11<\/span><\/p>\n<\/div>\n<p><script async src=\"\/\/platform.twitter.com\/widgets.js\" charset=\"utf-8\"><\/script><br \/>\n<br \/><br \/>\n<br \/><a href=\"https:\/\/www.tribunaribeirao.com.br\/botafogo-conhece-tabela-desembarca-da-serie-b-ate-a-quinta-rodada\/\">Source link <\/a><\/p>\n<!-- CONTENT END 1 -->\n","protected":false},"excerpt":{"rendered":"<p>&#13; &#13; &#13; 9 de mar\u00e7o de 2026 08:37 &#13; Compartilhar0 Tricolor pega o Fortaleza em casa no dia 21 \u00e0s 19h15 em Ribeir\u00e3o O&#8230;<\/p>\n","protected":false},"author":1,"featured_media":83089,"comment_status":"open","ping_status":"open","sticky":false,"template":"","format":"standard","meta":{"advanced_seo_description":"","jetpack_seo_html_title":"","jetpack_seo_noindex":false,"jetpack_post_was_ever_published":false,"_jetpack_newsletter_access":"","_jetpack_dont_email_post_to_subs":false,"_jetpack_newsletter_tier_id":0,"_jetpack_memberships_contains_paywalled_content":false,"_jetpack_memberships_contains_paid_content":false,"footnotes":"","jetpack_publicize_message":"","jetpack_publicize_feature_enabled":true,"jetpack_social_post_already_shared":true,"jetpack_social_options":{"image_generator_settings":{"template":"highway","default_image_id":0,"font":"","enabled":false},"version":2}},"categories":[11],"tags":[],"class_list":["post-83088","post","type-post","status-publish","format-standard","has-post-thumbnail","hentry","category-noticias-de-ribeirao-preto-sp-e-regiao-ismael-colosi"],"jetpack_publicize_connections":[],"jetpack_featured_media_url":"https:\/\/i0.wp.com\/noticiasribeiraopreto.com.br\/wp-content\/uploads\/2026\/03\/55071267920_e6dd716df8_c.jpg?fit=799%2C533&ssl=1","jetpack-related-posts":[{"id":17543,"url":"https:\/\/noticiasribeiraopreto.com.br\/index.php\/2023\/12\/18\/pats-da-regiao-de-ribeirao-estao-com-diversas-vagas-disponiveis-veja-as-oportunidades\/","url_meta":{"origin":83088,"position":0},"title":"PATs da regi\u00e3o de Ribeir\u00e3o est\u00e3o com diversas vagas dispon\u00edveis; Veja as oportunidades","author":"noticiasribeiraopreto.com.br","date":"18 de December de 2023","format":false,"excerpt":"A Secretaria de Desenvolvimento Econ\u00f4mico do Estado de S\u00e3o Paulo informou, nesta segunda-feira-feira (18), que os Postos de Atendimento ao Trabalhador (PATs) est\u00e3o com 281 oportunidades de trabalho na regi\u00e3o de Ribeir\u00e3o Preto. Os interessados em concorrer alguma das vagas devem comparecer ao PAT das cidades com oportunidades, munidos com\u2026","rel":"","context":"In &quot;Not\u00edcias de Ribeir\u00e3o Preto-SP e Regi\u00e3o&quot;","block_context":{"text":"Not\u00edcias de Ribeir\u00e3o Preto-SP e Regi\u00e3o","link":"https:\/\/noticiasribeiraopreto.com.br\/index.php\/category\/noticias-de-ribeirao-preto-sp-e-regiao-ismael-colosi\/"},"img":{"alt_text":"","src":"https:\/\/i0.wp.com\/noticiasribeiraopreto.com.br\/wp-content\/uploads\/2023\/12\/vagas_pat_-_foto_guilherme_sircili_1-1068x711-1.jpg?fit=1068%2C711&ssl=1&resize=350%2C200","width":350,"height":200,"srcset":"https:\/\/i0.wp.com\/noticiasribeiraopreto.com.br\/wp-content\/uploads\/2023\/12\/vagas_pat_-_foto_guilherme_sircili_1-1068x711-1.jpg?fit=1068%2C711&ssl=1&resize=350%2C200 1x, https:\/\/i0.wp.com\/noticiasribeiraopreto.com.br\/wp-content\/uploads\/2023\/12\/vagas_pat_-_foto_guilherme_sircili_1-1068x711-1.jpg?fit=1068%2C711&ssl=1&resize=525%2C300 1.5x, https:\/\/i0.wp.com\/noticiasribeiraopreto.com.br\/wp-content\/uploads\/2023\/12\/vagas_pat_-_foto_guilherme_sircili_1-1068x711-1.jpg?fit=1068%2C711&ssl=1&resize=700%2C400 2x, https:\/\/i0.wp.com\/noticiasribeiraopreto.com.br\/wp-content\/uploads\/2023\/12\/vagas_pat_-_foto_guilherme_sircili_1-1068x711-1.jpg?fit=1068%2C711&ssl=1&resize=1050%2C600 3x"},"classes":[]},{"id":45319,"url":"https:\/\/noticiasribeiraopreto.com.br\/index.php\/2024\/04\/03\/a-procura-de-emprego-regiao-de-ribeirao-preto-esta-com-684-vagas-abertas-ribeirao-preto-e-franca-g1\/","url_meta":{"origin":83088,"position":1},"title":"\u00c0 procura de emprego? Regi\u00e3o de Ribeir\u00e3o Preto est\u00e1 com 684 vagas abertas | Ribeir\u00e3o Preto e Franca | G1","author":"noticiasribeiraopreto.com.br","date":"3 de April de 2024","format":false,"excerpt":"\u00c0 procura de emprego? Regi\u00e3o de Ribeir\u00e3o Preto est\u00e1 com 684 vagas abertas 1 de 1 Carteira de trabalho, em imagem de arquivo \u2014 Foto: Ag\u00eancia Bras\u00edlia Carteira de trabalho, em imagem de arquivo \u2014 Foto: Ag\u00eancia Bras\u00edlia Dez cidades das regi\u00f5es de Ribeir\u00e3o Preto (SP) e Franca (SP) est\u00e3o\u2026","rel":"","context":"In &quot;Vagas de Emprego em Ribeir\u00e3o Preto-SP&quot;","block_context":{"text":"Vagas de Emprego em Ribeir\u00e3o Preto-SP","link":"https:\/\/noticiasribeiraopreto.com.br\/index.php\/category\/empregos-classificados-vagas-trabalho\/vagas-de-empregos-em-ribeirao-preto-regiao-brasil\/"},"img":{"alt_text":"","src":"","width":0,"height":0},"classes":[]},{"id":24713,"url":"https:\/\/noticiasribeiraopreto.com.br\/index.php\/2024\/01\/04\/ribeirao-preto-e-regiao-tem-mais-de-400-vagas-de-emprego-veja-as-oportunidades-1\/","url_meta":{"origin":83088,"position":2},"title":"Ribeir\u00e3o Preto e regi\u00e3o\u00a0t\u00eam mais de 400 vagas de emprego; Veja as oportunidades","author":"noticiasribeiraopreto.com.br","date":"4 de January de 2024","format":false,"excerpt":"Os PATs (Postos de Atendimentos ao Trabalhador) da regi\u00e3o de Ribeir\u00e3o Preto est\u00e3o com mais de 400 vagas de emprego dispon\u00edveis nessa quinta-feira (4), de acordo com os dados da Secretaria de Desenvolvimento Econ\u00f4mico do Estado. As vagas s\u00e3o para diversos setores nas cidades de Barretos, Bebedouro, Ol\u00edmpia, Viradouro, Batatais,\u2026","rel":"","context":"In &quot;Not\u00edcias de Ribeir\u00e3o Preto-SP e Regi\u00e3o&quot;","block_context":{"text":"Not\u00edcias de Ribeir\u00e3o Preto-SP e Regi\u00e3o","link":"https:\/\/noticiasribeiraopreto.com.br\/index.php\/category\/noticias-de-ribeirao-preto-sp-e-regiao-ismael-colosi\/"},"img":{"alt_text":"","src":"https:\/\/i0.wp.com\/noticiasribeiraopreto.com.br\/wp-content\/uploads\/2024\/01\/vagas_de_500x320_07082018085735.jpg?fit=500%2C322&ssl=1&resize=350%2C200","width":350,"height":200},"classes":[]},{"id":28773,"url":"https:\/\/noticiasribeiraopreto.com.br\/index.php\/2024\/01\/16\/regiao-de-ribeirao-esta-com-mais-de-600-vagas-de-trabalho-vejas-as-oportunidades\/","url_meta":{"origin":83088,"position":3},"title":"Regi\u00e3o de Ribeir\u00e3o est\u00e1 com mais de 600 vagas de trabalho; Vejas as oportunidades","author":"noticiasribeiraopreto.com.br","date":"16 de January de 2024","format":false,"excerpt":"A regi\u00e3o de Ribeir\u00e3o Preto est\u00e1 com mais de 600 vagas de emprego, nesta ter\u00e7a-feira (16). As vagas est\u00e3o dispon\u00edveis nos PATs (Posto de Atendimento ao Trabalhador) das cidades, de acordo com a Secretaria de Desenvolvimento Econ\u00f4mico do Estado. As oportunidades est\u00e3o distribu\u00eddas em Barretos, Bebedouro, Gua\u00edra, Ol\u00edmpia, Batatais, Franca,\u2026","rel":"","context":"In &quot;Not\u00edcias de Ribeir\u00e3o Preto-SP e Regi\u00e3o&quot;","block_context":{"text":"Not\u00edcias de Ribeir\u00e3o Preto-SP e Regi\u00e3o","link":"https:\/\/noticiasribeiraopreto.com.br\/index.php\/category\/noticias-de-ribeirao-preto-sp-e-regiao-ismael-colosi\/"},"img":{"alt_text":"","src":"https:\/\/i0.wp.com\/noticiasribeiraopreto.com.br\/wp-content\/uploads\/2024\/01\/mutirao_do_emprego_caterp_pat_pei_-_foto_guilherme_sircili_6.jpg?fit=1200%2C799&ssl=1&resize=350%2C200","width":350,"height":200,"srcset":"https:\/\/i0.wp.com\/noticiasribeiraopreto.com.br\/wp-content\/uploads\/2024\/01\/mutirao_do_emprego_caterp_pat_pei_-_foto_guilherme_sircili_6.jpg?fit=1200%2C799&ssl=1&resize=350%2C200 1x, https:\/\/i0.wp.com\/noticiasribeiraopreto.com.br\/wp-content\/uploads\/2024\/01\/mutirao_do_emprego_caterp_pat_pei_-_foto_guilherme_sircili_6.jpg?fit=1200%2C799&ssl=1&resize=525%2C300 1.5x, https:\/\/i0.wp.com\/noticiasribeiraopreto.com.br\/wp-content\/uploads\/2024\/01\/mutirao_do_emprego_caterp_pat_pei_-_foto_guilherme_sircili_6.jpg?fit=1200%2C799&ssl=1&resize=700%2C400 2x, https:\/\/i0.wp.com\/noticiasribeiraopreto.com.br\/wp-content\/uploads\/2024\/01\/mutirao_do_emprego_caterp_pat_pei_-_foto_guilherme_sircili_6.jpg?fit=1200%2C799&ssl=1&resize=1050%2C600 3x"},"classes":[]},{"id":34007,"url":"https:\/\/noticiasribeiraopreto.com.br\/index.php\/2024\/01\/31\/ribeirao-e-regiao-tem-mais-de-mil-vagas-de-emprego-veja-as-oportunidades\/","url_meta":{"origin":83088,"position":4},"title":"Ribeir\u00e3o e regi\u00e3o t\u00eam mais de mil vagas de emprego; Veja as oportunidades","author":"noticiasribeiraopreto.com.br","date":"31 de January de 2024","format":false,"excerpt":"Os Postos de Atendimento ao Trabalhador (PATs) da regi\u00e3o de Ribeir\u00e3o Preto est\u00e3o com 1.279 vagas de emprego, de acordo com a Secretaria de Desenvolvimento Econ\u00f4mico do Estado de S\u00e3o Paulo. Entre as oportunidades est\u00e3o vagas para T\u00e9cnico de Enfermagem, Pizzaiolo, Administrador e Professor de Educa\u00e7\u00e3o F\u00edsica para o Ensino\u2026","rel":"","context":"In &quot;Not\u00edcias de Ribeir\u00e3o Preto-SP e Regi\u00e3o&quot;","block_context":{"text":"Not\u00edcias de Ribeir\u00e3o Preto-SP e Regi\u00e3o","link":"https:\/\/noticiasribeiraopreto.com.br\/index.php\/category\/noticias-de-ribeirao-preto-sp-e-regiao-ismael-colosi\/"},"img":{"alt_text":"","src":"https:\/\/i0.wp.com\/noticiasribeiraopreto.com.br\/wp-content\/uploads\/2024\/01\/carteira_de_1024x576_27092020203402.jpg?fit=1024%2C576&ssl=1&resize=350%2C200","width":350,"height":200,"srcset":"https:\/\/i0.wp.com\/noticiasribeiraopreto.com.br\/wp-content\/uploads\/2024\/01\/carteira_de_1024x576_27092020203402.jpg?fit=1024%2C576&ssl=1&resize=350%2C200 1x, https:\/\/i0.wp.com\/noticiasribeiraopreto.com.br\/wp-content\/uploads\/2024\/01\/carteira_de_1024x576_27092020203402.jpg?fit=1024%2C576&ssl=1&resize=525%2C300 1.5x, https:\/\/i0.wp.com\/noticiasribeiraopreto.com.br\/wp-content\/uploads\/2024\/01\/carteira_de_1024x576_27092020203402.jpg?fit=1024%2C576&ssl=1&resize=700%2C400 2x"},"classes":[]},{"id":44275,"url":"https:\/\/noticiasribeiraopreto.com.br\/index.php\/2024\/03\/26\/esta-buscando-uma-oportunidade-regiao-de-ribeirao-tem-mais-de-700-vagas-de-emprego\/","url_meta":{"origin":83088,"position":5},"title":"Est\u00e1 buscando uma oportunidade? Regi\u00e3o de Ribeir\u00e3o tem mais de 700 vagas de emprego","author":"noticiasribeiraopreto.com.br","date":"26 de March de 2024","format":false,"excerpt":"Os Postos de Atendimento ao Trabalhador (PATs) da regi\u00e3o de Ribeir\u00e3o Preto est\u00e3o com 729 oportunidades de emprego, de acordo com a Secretaria de Desenvolvimento Econ\u00f4mico do Estado de S\u00e3o Paulo. As vagas s\u00e3o para diversos setores nas cidades de Ribeir\u00e3o Preto, Barretos, Bebedouro, Gua\u00edra, Batatais, Franca, Ituverava, Orl\u00e2ndia, Jardin\u00f3polis,\u2026","rel":"","context":"In &quot;Not\u00edcias de Ribeir\u00e3o Preto-SP e Regi\u00e3o&quot;","block_context":{"text":"Not\u00edcias de Ribeir\u00e3o Preto-SP e Regi\u00e3o","link":"https:\/\/noticiasribeiraopreto.com.br\/index.php\/category\/noticias-de-ribeirao-preto-sp-e-regiao-ismael-colosi\/"},"img":{"alt_text":"","src":"https:\/\/i0.wp.com\/noticiasribeiraopreto.com.br\/wp-content\/uploads\/2024\/03\/vagas_pat_-_foto_guilherme_sircili_1-1068x711-1.jpg?fit=1068%2C711&ssl=1&resize=350%2C200","width":350,"height":200,"srcset":"https:\/\/i0.wp.com\/noticiasribeiraopreto.com.br\/wp-content\/uploads\/2024\/03\/vagas_pat_-_foto_guilherme_sircili_1-1068x711-1.jpg?fit=1068%2C711&ssl=1&resize=350%2C200 1x, https:\/\/i0.wp.com\/noticiasribeiraopreto.com.br\/wp-content\/uploads\/2024\/03\/vagas_pat_-_foto_guilherme_sircili_1-1068x711-1.jpg?fit=1068%2C711&ssl=1&resize=525%2C300 1.5x, https:\/\/i0.wp.com\/noticiasribeiraopreto.com.br\/wp-content\/uploads\/2024\/03\/vagas_pat_-_foto_guilherme_sircili_1-1068x711-1.jpg?fit=1068%2C711&ssl=1&resize=700%2C400 2x, https:\/\/i0.wp.com\/noticiasribeiraopreto.com.br\/wp-content\/uploads\/2024\/03\/vagas_pat_-_foto_guilherme_sircili_1-1068x711-1.jpg?fit=1068%2C711&ssl=1&resize=1050%2C600 3x"},"classes":[]}],"jetpack_sharing_enabled":true,"jetpack_shortlink":"https:\/\/wp.me\/peQAOb-lC8","_links":{"self":[{"href":"https:\/\/noticiasribeiraopreto.com.br\/index.php\/wp-json\/wp\/v2\/posts\/83088","targetHints":{"allow":["GET"]}}],"collection":[{"href":"https:\/\/noticiasribeiraopreto.com.br\/index.php\/wp-json\/wp\/v2\/posts"}],"about":[{"href":"https:\/\/noticiasribeiraopreto.com.br\/index.php\/wp-json\/wp\/v2\/types\/post"}],"author":[{"embeddable":true,"href":"https:\/\/noticiasribeiraopreto.com.br\/index.php\/wp-json\/wp\/v2\/users\/1"}],"replies":[{"embeddable":true,"href":"https:\/\/noticiasribeiraopreto.com.br\/index.php\/wp-json\/wp\/v2\/comments?post=83088"}],"version-history":[{"count":0,"href":"https:\/\/noticiasribeiraopreto.com.br\/index.php\/wp-json\/wp\/v2\/posts\/83088\/revisions"}],"wp:featuredmedia":[{"embeddable":true,"href":"https:\/\/noticiasribeiraopreto.com.br\/index.php\/wp-json\/wp\/v2\/media\/83089"}],"wp:attachment":[{"href":"https:\/\/noticiasribeiraopreto.com.br\/index.php\/wp-json\/wp\/v2\/media?parent=83088"}],"wp:term":[{"taxonomy":"category","embeddable":true,"href":"https:\/\/noticiasribeiraopreto.com.br\/index.php\/wp-json\/wp\/v2\/categories?post=83088"},{"taxonomy":"post_tag","embeddable":true,"href":"https:\/\/noticiasribeiraopreto.com.br\/index.php\/wp-json\/wp\/v2\/tags?post=83088"}],"curies":[{"name":"wp","href":"https:\/\/api.w.org\/{rel}","templated":true}]}}