{"id":83093,"date":"2026-03-09T10:20:35","date_gmt":"2026-03-09T13:20:35","guid":{"rendered":"https:\/\/noticiasribeiraopreto.com.br\/index.php\/2026\/03\/09\/carro-e-encontrado-dentro-de-lagoa-na-regiao-de-ribeirao-preto\/"},"modified":"2026-03-09T10:20:35","modified_gmt":"2026-03-09T13:20:35","slug":"carro-e-encontrado-dentro-de-lagoa-na-regiao-de-ribeirao-preto","status":"publish","type":"post","link":"https:\/\/noticiasribeiraopreto.com.br\/index.php\/2026\/03\/09\/carro-e-encontrado-dentro-de-lagoa-na-regiao-de-ribeirao-preto\/","title":{"rendered":"Carro \u00e9 encontrado dentro de lagoa na regi\u00e3o de Ribeir\u00e3o Preto"},"content":{"rendered":"<div class='code-block code-block-1' style='margin: 8px 0 8px auto; text-align: right; display: block; clear: both;'>\n<p><a href=\"https:\/\/wa.link\/vpicfd\"><img data-recalc-dims=\"1\" class=\"wp-image-4922\" style=\"aspect-ratio: 2.0253164556962027; width: 561px; height: auto;\" src=\"https:\/\/i0.wp.com\/ismaelcolosi.com.br\/wp-content\/uploads\/2023\/11\/grupo-de-empregos-whatsapp-e-facebook-ismael-colosi-vagas.jpg?ssl=1\" alt=\"\" \/><\/a><\/p>\n<!-- \/wp:image -->\n<\/div>\n<p> <br \/>\n<\/p>\n<div data-td-block-uid=\"tdi_95\">\n<div class=\"tdb-block-inner td-fix-index\">\n<p><strong>Um carro foi encontrado submerso em uma lagoa de conten\u00e7\u00e3o da chuva, ao lado da avenida Ayrton Senna, em Batatais, a 40 quil\u00f4metros de Ribeir\u00e3o Preto.<\/strong><\/p>\n<p>Segundo informa\u00e7\u00f5es, o Corpo de Bombeiros foi chamado por uma testemunha que disse ter visto uma pessoa sair da \u00e1gua no per\u00edodo da manh\u00e3 deste domingo (8).<\/p>\n<p>A equipe de mergulhadores entrou na lagoa e constatou que n\u00e3o havia ningu\u00e9m no interior do carro. N\u00e3o houve registro de v\u00edtimas.<\/p>\n<p>O ve\u00edculo foi retirado da \u00e1gua e o propriet\u00e1rio dever\u00e1 ser localizado.<\/p>\n<p>As causas ainda ser\u00e3o apuradas.<\/p>\n<p>SAIBA MAIS<\/p>\n<p>Veja at\u00e9 quando vai o alerta laranja para chuvas intensas no estado de SP<\/p>\n<h2 class=\"wp-block-heading\"><strong>FIQUE ON<\/strong><\/h2>\n<p>Fique ligado em tudo que acontece em Ribeir\u00e3o Preto e regi\u00e3o. Siga os perfis do<strong>\u00a0acidade on<\/strong>\u00a0no\u00a0<a href=\"https:\/\/www.instagram.com\/acidadeonribeirao\" target=\"_blank\" rel=\"noreferrer noopener\">Instagram<\/a>\u00a0e no\u00a0<a href=\"https:\/\/www.facebook.com\/acidadeonribeirao\/\" target=\"_blank\" rel=\"noreferrer noopener\">Facebook<\/a>.<\/p>\n<p>Receba not\u00edcias do<strong>\u00a0acidade on<\/strong>\u00a0no WhatsApp. Para entrar no grupo,\u00a0basta\u00a0<a href=\"https:\/\/chat.whatsapp.com\/GFH9HUMUTHNFJdnyEd0xxq\" target=\"_blank\" rel=\"noreferrer noopener\">clicar aqui<\/a>. Ou, acesse o nosso\u00a0Canal\u00a0<a href=\"https:\/\/whatsapp.com\/channel\/0029Vb6IQl1JENyAeS57fk2p\" target=\"_blank\" rel=\"noreferrer noopener\">clicando aqui<\/a>.<\/p>\n<p>Fa\u00e7a uma den\u00fancia ou sugira uma reportagem sobre Ribeir\u00e3o Preto e regi\u00e3o pelo WhatsApp: 16 99117 7802.<\/p>\n<p>VEJA TAMB\u00c9M<\/p>\n<p>Decora\u00e7\u00e3o pet friendly: 5 cuidados para garantir a seguran\u00e7a do seu animal<\/p>\n<p><!-- AI CONTENT END 1 -->\n<\/div>\n<\/div>\n<p><script async src=\"\/\/www.instagram.com\/embed.js\"><\/script><br \/>\n<br \/><br \/>\n<br \/><a href=\"https:\/\/www.acidadeon.com\/ribeiraopreto\/cotidiano\/carro-e-encontrado-dentro-de-lagoa-na-regiao-de-ribeirao-preto\/\">Source link <\/a><\/p>\n<!-- CONTENT END 1 -->\n","protected":false},"excerpt":{"rendered":"<p>Um carro foi encontrado submerso em uma lagoa de conten\u00e7\u00e3o da chuva, ao lado da avenida Ayrton Senna, em Batatais, a 40 quil\u00f4metros de Ribeir\u00e3o&#8230;<\/p>\n","protected":false},"author":1,"featured_media":83094,"comment_status":"open","ping_status":"open","sticky":false,"template":"","format":"standard","meta":{"advanced_seo_description":"","jetpack_seo_html_title":"","jetpack_seo_noindex":false,"jetpack_post_was_ever_published":false,"_jetpack_newsletter_access":"","_jetpack_dont_email_post_to_subs":false,"_jetpack_newsletter_tier_id":0,"_jetpack_memberships_contains_paywalled_content":false,"_jetpack_memberships_contains_paid_content":false,"footnotes":"","jetpack_publicize_message":"","jetpack_publicize_feature_enabled":true,"jetpack_social_post_already_shared":true,"jetpack_social_options":{"image_generator_settings":{"template":"highway","default_image_id":0,"font":"","enabled":false},"version":2}},"categories":[11],"tags":[],"class_list":["post-83093","post","type-post","status-publish","format-standard","has-post-thumbnail","hentry","category-noticias-de-ribeirao-preto-sp-e-regiao-ismael-colosi"],"jetpack_publicize_connections":[],"jetpack_featured_media_url":"https:\/\/i0.wp.com\/noticiasribeiraopreto.com.br\/wp-content\/uploads\/2026\/03\/WhatsApp-Image-2026-03-09-at-08.00.17_2026-03-09_11-13-24.webp.webp?fit=1200%2C795&ssl=1","jetpack-related-posts":[{"id":80360,"url":"https:\/\/noticiasribeiraopreto.com.br\/index.php\/2025\/11\/20\/corpo-de-pescador-e-encontrado-em-lagoa-na-regiao-de-ribeirao-preto\/","url_meta":{"origin":83093,"position":0},"title":"Corpo de pescador \u00e9 encontrado em lagoa na regi\u00e3o de Ribeir\u00e3o Preto","author":"noticiasribeiraopreto.com.br","date":"20 de November de 2025","format":false,"excerpt":"Um homem de 46 anos foi encontrado morto nesta quarta-feira (19), na lagoa de uma propriedade rural entre Sert\u00e3ozinho e Cruz das Posses, na regi\u00e3o de Ribeir\u00e3o Preto. Segundo o boletim de ocorr\u00eancia (BO), Ivanilton dos Santos havia sa\u00eddo com um grupo de amigos para pescar no domingo (16) e\u2026","rel":"","context":"In &quot;Not\u00edcias de Ribeir\u00e3o Preto-SP e Regi\u00e3o&quot;","block_context":{"text":"Not\u00edcias de Ribeir\u00e3o Preto-SP e Regi\u00e3o","link":"https:\/\/noticiasribeiraopreto.com.br\/index.php\/category\/noticias-de-ribeirao-preto-sp-e-regiao-ismael-colosi\/"},"img":{"alt_text":"","src":"https:\/\/i0.wp.com\/noticiasribeiraopreto.com.br\/wp-content\/uploads\/2025\/07\/BOMBEIROS-1024x575-1_2024-05-31_13-44-44_jpg_2024-05-31_13-44-44.webp.webp?fit=1024%2C575&ssl=1&resize=350%2C200","width":350,"height":200,"srcset":"https:\/\/i0.wp.com\/noticiasribeiraopreto.com.br\/wp-content\/uploads\/2025\/07\/BOMBEIROS-1024x575-1_2024-05-31_13-44-44_jpg_2024-05-31_13-44-44.webp.webp?fit=1024%2C575&ssl=1&resize=350%2C200 1x, https:\/\/i0.wp.com\/noticiasribeiraopreto.com.br\/wp-content\/uploads\/2025\/07\/BOMBEIROS-1024x575-1_2024-05-31_13-44-44_jpg_2024-05-31_13-44-44.webp.webp?fit=1024%2C575&ssl=1&resize=525%2C300 1.5x, https:\/\/i0.wp.com\/noticiasribeiraopreto.com.br\/wp-content\/uploads\/2025\/07\/BOMBEIROS-1024x575-1_2024-05-31_13-44-44_jpg_2024-05-31_13-44-44.webp.webp?fit=1024%2C575&ssl=1&resize=700%2C400 2x"},"classes":[]},{"id":61146,"url":"https:\/\/noticiasribeiraopreto.com.br\/index.php\/2024\/12\/04\/corpo-e-encontrado-em-lagoa-na-regiao-de-ribeirao-preto\/","url_meta":{"origin":83093,"position":1},"title":"Corpo \u00e9 encontrado em lagoa na regi\u00e3o de Ribeir\u00e3o Preto","author":"noticiasribeiraopreto.com.br","date":"4 de December de 2024","format":false,"excerpt":"Na tarde desta quarta-feira (4), um corpo foi encontrado em um brejo pr\u00f3ximo a lagoa de tratamento de esgoto de Sert\u00e3ozinho, na regi\u00e3o de Ribeir\u00e3o Preto. A Pol\u00edcia Militar e o Corpo de Bombeiros est\u00e3o no local. O corpo j\u00e1 est\u00e1 em decomposi\u00e7\u00e3o e ainda n\u00e3o foi identificado. Mat\u00e9ria em\u2026","rel":"","context":"In &quot;Not\u00edcias de Ribeir\u00e3o Preto-SP e Regi\u00e3o&quot;","block_context":{"text":"Not\u00edcias de Ribeir\u00e3o Preto-SP e Regi\u00e3o","link":"https:\/\/noticiasribeiraopreto.com.br\/index.php\/category\/noticias-de-ribeirao-preto-sp-e-regiao-ismael-colosi\/"},"img":{"alt_text":"","src":"https:\/\/i0.wp.com\/noticiasribeiraopreto.com.br\/wp-content\/uploads\/2024\/12\/Copia-de-Copia-de-Copia-de-TAMANHO-EXATO-PARA-FOTOS-NO-SISTEMA-NOVO-2024-12-04T162028.093_2024-12-04_19-21-20_png_2024-12-04_19-21-21.webp.webp?fit=1200%2C675&ssl=1&resize=350%2C200","width":350,"height":200,"srcset":"https:\/\/i0.wp.com\/noticiasribeiraopreto.com.br\/wp-content\/uploads\/2024\/12\/Copia-de-Copia-de-Copia-de-TAMANHO-EXATO-PARA-FOTOS-NO-SISTEMA-NOVO-2024-12-04T162028.093_2024-12-04_19-21-20_png_2024-12-04_19-21-21.webp.webp?fit=1200%2C675&ssl=1&resize=350%2C200 1x, https:\/\/i0.wp.com\/noticiasribeiraopreto.com.br\/wp-content\/uploads\/2024\/12\/Copia-de-Copia-de-Copia-de-TAMANHO-EXATO-PARA-FOTOS-NO-SISTEMA-NOVO-2024-12-04T162028.093_2024-12-04_19-21-20_png_2024-12-04_19-21-21.webp.webp?fit=1200%2C675&ssl=1&resize=525%2C300 1.5x, https:\/\/i0.wp.com\/noticiasribeiraopreto.com.br\/wp-content\/uploads\/2024\/12\/Copia-de-Copia-de-Copia-de-TAMANHO-EXATO-PARA-FOTOS-NO-SISTEMA-NOVO-2024-12-04T162028.093_2024-12-04_19-21-20_png_2024-12-04_19-21-21.webp.webp?fit=1200%2C675&ssl=1&resize=700%2C400 2x, https:\/\/i0.wp.com\/noticiasribeiraopreto.com.br\/wp-content\/uploads\/2024\/12\/Copia-de-Copia-de-Copia-de-TAMANHO-EXATO-PARA-FOTOS-NO-SISTEMA-NOVO-2024-12-04T162028.093_2024-12-04_19-21-20_png_2024-12-04_19-21-21.webp.webp?fit=1200%2C675&ssl=1&resize=1050%2C600 3x"},"classes":[]},{"id":61150,"url":"https:\/\/noticiasribeiraopreto.com.br\/index.php\/2024\/12\/04\/corpo-e-encontrado-em-lagoa-na-regiao-de-ribeirao-preto-2\/","url_meta":{"origin":83093,"position":2},"title":"Corpo \u00e9 encontrado em lagoa na regi\u00e3o de Ribeir\u00e3o Preto","author":"noticiasribeiraopreto.com.br","date":"4 de December de 2024","format":false,"excerpt":"Na tarde desta quarta-feira (4), um corpo foi encontrado em um brejo pr\u00f3ximo a lagoa de tratamento de esgoto de Sert\u00e3ozinho, na regi\u00e3o de Ribeir\u00e3o Preto. A Pol\u00edcia Militar e o Corpo de Bombeiros est\u00e3o no local. De acordo com a Guarda Civil Municipal, o corpo foi identificado como sendo\u2026","rel":"","context":"In &quot;Not\u00edcias de Ribeir\u00e3o Preto-SP e Regi\u00e3o&quot;","block_context":{"text":"Not\u00edcias de Ribeir\u00e3o Preto-SP e Regi\u00e3o","link":"https:\/\/noticiasribeiraopreto.com.br\/index.php\/category\/noticias-de-ribeirao-preto-sp-e-regiao-ismael-colosi\/"},"img":{"alt_text":"","src":"https:\/\/i0.wp.com\/noticiasribeiraopreto.com.br\/wp-content\/uploads\/2024\/12\/Copia-de-Copia-de-Copia-de-TAMANHO-EXATO-PARA-FOTOS-NO-SISTEMA-NOVO-2024-12-04T162028.093_2024-12-04_19-21-20_png_2024-12-04_19-21-21.webp.webp?fit=1200%2C675&ssl=1&resize=350%2C200","width":350,"height":200,"srcset":"https:\/\/i0.wp.com\/noticiasribeiraopreto.com.br\/wp-content\/uploads\/2024\/12\/Copia-de-Copia-de-Copia-de-TAMANHO-EXATO-PARA-FOTOS-NO-SISTEMA-NOVO-2024-12-04T162028.093_2024-12-04_19-21-20_png_2024-12-04_19-21-21.webp.webp?fit=1200%2C675&ssl=1&resize=350%2C200 1x, https:\/\/i0.wp.com\/noticiasribeiraopreto.com.br\/wp-content\/uploads\/2024\/12\/Copia-de-Copia-de-Copia-de-TAMANHO-EXATO-PARA-FOTOS-NO-SISTEMA-NOVO-2024-12-04T162028.093_2024-12-04_19-21-20_png_2024-12-04_19-21-21.webp.webp?fit=1200%2C675&ssl=1&resize=525%2C300 1.5x, https:\/\/i0.wp.com\/noticiasribeiraopreto.com.br\/wp-content\/uploads\/2024\/12\/Copia-de-Copia-de-Copia-de-TAMANHO-EXATO-PARA-FOTOS-NO-SISTEMA-NOVO-2024-12-04T162028.093_2024-12-04_19-21-20_png_2024-12-04_19-21-21.webp.webp?fit=1200%2C675&ssl=1&resize=700%2C400 2x, https:\/\/i0.wp.com\/noticiasribeiraopreto.com.br\/wp-content\/uploads\/2024\/12\/Copia-de-Copia-de-Copia-de-TAMANHO-EXATO-PARA-FOTOS-NO-SISTEMA-NOVO-2024-12-04T162028.093_2024-12-04_19-21-20_png_2024-12-04_19-21-21.webp.webp?fit=1200%2C675&ssl=1&resize=1050%2C600 3x"},"classes":[]},{"id":63117,"url":"https:\/\/noticiasribeiraopreto.com.br\/index.php\/2025\/02\/03\/corpos-de-irmaos-gemeos-sao-encontrados-em-lagoa-na-regiao-de-ribeirao-preto\/","url_meta":{"origin":83093,"position":3},"title":"Corpos de irm\u00e3os g\u00eameos s\u00e3o encontrados em lagoa na regi\u00e3o de Ribeir\u00e3o Preto","author":"noticiasribeiraopreto.com.br","date":"3 de February de 2025","format":false,"excerpt":"O Corpo de Bombeiros encontrou, no final da manh\u00e3 desta segunda-feira (3), os corpos dos irm\u00e3os g\u00eameos que estavam desaparecidos em uma lagoa de Viradouro, regi\u00e3o de Ribeir\u00e3o Preto. As buscas pelos jovens de 19 anos come\u00e7aram na noite deste domingo (2), contudo, foram suspensas devido \u00e0s condi\u00e7\u00f5es da \u00e1gua.\u2026","rel":"","context":"In &quot;Not\u00edcias de Ribeir\u00e3o Preto-SP e Regi\u00e3o&quot;","block_context":{"text":"Not\u00edcias de Ribeir\u00e3o Preto-SP e Regi\u00e3o","link":"https:\/\/noticiasribeiraopreto.com.br\/index.php\/category\/noticias-de-ribeirao-preto-sp-e-regiao-ismael-colosi\/"},"img":{"alt_text":"","src":"https:\/\/i0.wp.com\/noticiasribeiraopreto.com.br\/wp-content\/uploads\/2025\/02\/Copia-de-Copia-de-Copia-de-TAMANHO-EXATO-PARA-FOTOS-NO-SISTEMA-NOVO-2025-02-03T122014.652_2025-02-03_15-20-35_png_2025-02-03_15-20-35.webp.webp?fit=1200%2C675&ssl=1&resize=350%2C200","width":350,"height":200,"srcset":"https:\/\/i0.wp.com\/noticiasribeiraopreto.com.br\/wp-content\/uploads\/2025\/02\/Copia-de-Copia-de-Copia-de-TAMANHO-EXATO-PARA-FOTOS-NO-SISTEMA-NOVO-2025-02-03T122014.652_2025-02-03_15-20-35_png_2025-02-03_15-20-35.webp.webp?fit=1200%2C675&ssl=1&resize=350%2C200 1x, https:\/\/i0.wp.com\/noticiasribeiraopreto.com.br\/wp-content\/uploads\/2025\/02\/Copia-de-Copia-de-Copia-de-TAMANHO-EXATO-PARA-FOTOS-NO-SISTEMA-NOVO-2025-02-03T122014.652_2025-02-03_15-20-35_png_2025-02-03_15-20-35.webp.webp?fit=1200%2C675&ssl=1&resize=525%2C300 1.5x, https:\/\/i0.wp.com\/noticiasribeiraopreto.com.br\/wp-content\/uploads\/2025\/02\/Copia-de-Copia-de-Copia-de-TAMANHO-EXATO-PARA-FOTOS-NO-SISTEMA-NOVO-2025-02-03T122014.652_2025-02-03_15-20-35_png_2025-02-03_15-20-35.webp.webp?fit=1200%2C675&ssl=1&resize=700%2C400 2x, https:\/\/i0.wp.com\/noticiasribeiraopreto.com.br\/wp-content\/uploads\/2025\/02\/Copia-de-Copia-de-Copia-de-TAMANHO-EXATO-PARA-FOTOS-NO-SISTEMA-NOVO-2025-02-03T122014.652_2025-02-03_15-20-35_png_2025-02-03_15-20-35.webp.webp?fit=1200%2C675&ssl=1&resize=1050%2C600 3x"},"classes":[]},{"id":66861,"url":"https:\/\/noticiasribeiraopreto.com.br\/index.php\/2025\/04\/06\/adolescente-morre-apos-se-afogar-em-lagoa-no-interior-de-sp\/","url_meta":{"origin":83093,"position":4},"title":"Adolescente morre ap\u00f3s se afogar em lagoa no interior de SP","author":"noticiasribeiraopreto.com.br","date":"6 de April de 2025","format":false,"excerpt":"Uma adolescente, de apenas 14 anos, morreu ap\u00f3s se afogar em uma lagoa, em Barretos, no interior de S\u00e3o Paulo. O corpo da v\u00edtima foi encontrado pelos Bombeiros na manh\u00e3 deste domingo (6). Segundo o BO (boletim de ocorr\u00eancia), a v\u00edtima estava com uma amiga, de 17 anos, na lagoa,\u2026","rel":"","context":"In &quot;Not\u00edcias de Ribeir\u00e3o Preto-SP e Regi\u00e3o&quot;","block_context":{"text":"Not\u00edcias de Ribeir\u00e3o Preto-SP e Regi\u00e3o","link":"https:\/\/noticiasribeiraopreto.com.br\/index.php\/category\/noticias-de-ribeirao-preto-sp-e-regiao-ismael-colosi\/"},"img":{"alt_text":"","src":"https:\/\/i0.wp.com\/noticiasribeiraopreto.com.br\/wp-content\/uploads\/2025\/04\/lagoa-barretos_2025-04-06_15-38-52_jpg_2025-04-06_15-38-52.webp.webp?fit=1051%2C663&ssl=1&resize=350%2C200","width":350,"height":200,"srcset":"https:\/\/i0.wp.com\/noticiasribeiraopreto.com.br\/wp-content\/uploads\/2025\/04\/lagoa-barretos_2025-04-06_15-38-52_jpg_2025-04-06_15-38-52.webp.webp?fit=1051%2C663&ssl=1&resize=350%2C200 1x, https:\/\/i0.wp.com\/noticiasribeiraopreto.com.br\/wp-content\/uploads\/2025\/04\/lagoa-barretos_2025-04-06_15-38-52_jpg_2025-04-06_15-38-52.webp.webp?fit=1051%2C663&ssl=1&resize=525%2C300 1.5x, https:\/\/i0.wp.com\/noticiasribeiraopreto.com.br\/wp-content\/uploads\/2025\/04\/lagoa-barretos_2025-04-06_15-38-52_jpg_2025-04-06_15-38-52.webp.webp?fit=1051%2C663&ssl=1&resize=700%2C400 2x, https:\/\/i0.wp.com\/noticiasribeiraopreto.com.br\/wp-content\/uploads\/2025\/04\/lagoa-barretos_2025-04-06_15-38-52_jpg_2025-04-06_15-38-52.webp.webp?fit=1051%2C663&ssl=1&resize=1050%2C600 3x"},"classes":[]},{"id":62193,"url":"https:\/\/noticiasribeiraopreto.com.br\/index.php\/2025\/01\/07\/homem-desaparecido-e-encontrado-morto-em-canavial-na-regiao-de-ribeirao-preto\/","url_meta":{"origin":83093,"position":5},"title":"Homem desaparecido \u00e9 encontrado morto em canavial na regi\u00e3o de Ribeir\u00e3o Preto","author":"noticiasribeiraopreto.com.br","date":"7 de January de 2025","format":false,"excerpt":"Um homem de 38 anos foi encontrado morto no in\u00edcio da noite desta segunda-feira (7), em um canavial \u00e0s margens da rodovia Jos\u00e9 Fregonezi (SP-328), em Cravinhos, na regi\u00e3o de Ribeir\u00e3o Preto. Segundo o boletim de ocorr\u00eancia (BO), o caso foi registrado pela Pol\u00edcia Civil como homic\u00eddio, j\u00e1 que a\u2026","rel":"","context":"In &quot;Not\u00edcias de Ribeir\u00e3o Preto-SP e Regi\u00e3o&quot;","block_context":{"text":"Not\u00edcias de Ribeir\u00e3o Preto-SP e Regi\u00e3o","link":"https:\/\/noticiasribeiraopreto.com.br\/index.php\/category\/noticias-de-ribeirao-preto-sp-e-regiao-ismael-colosi\/"},"img":{"alt_text":"","src":"https:\/\/noticiasribeiraopreto.com.br\/wp-content\/uploads\/2025\/01\/whatsapp_image_2023-02-19_at_12_33_32.jpe","width":350,"height":200,"srcset":"https:\/\/noticiasribeiraopreto.com.br\/wp-content\/uploads\/2025\/01\/whatsapp_image_2023-02-19_at_12_33_32.jpe 1x, https:\/\/noticiasribeiraopreto.com.br\/wp-content\/uploads\/2025\/01\/whatsapp_image_2023-02-19_at_12_33_32.jpe 1.5x, https:\/\/noticiasribeiraopreto.com.br\/wp-content\/uploads\/2025\/01\/whatsapp_image_2023-02-19_at_12_33_32.jpe 2x, https:\/\/noticiasribeiraopreto.com.br\/wp-content\/uploads\/2025\/01\/whatsapp_image_2023-02-19_at_12_33_32.jpe 3x"},"classes":[]}],"jetpack_sharing_enabled":true,"jetpack_shortlink":"https:\/\/wp.me\/peQAOb-lCd","_links":{"self":[{"href":"https:\/\/noticiasribeiraopreto.com.br\/index.php\/wp-json\/wp\/v2\/posts\/83093","targetHints":{"allow":["GET"]}}],"collection":[{"href":"https:\/\/noticiasribeiraopreto.com.br\/index.php\/wp-json\/wp\/v2\/posts"}],"about":[{"href":"https:\/\/noticiasribeiraopreto.com.br\/index.php\/wp-json\/wp\/v2\/types\/post"}],"author":[{"embeddable":true,"href":"https:\/\/noticiasribeiraopreto.com.br\/index.php\/wp-json\/wp\/v2\/users\/1"}],"replies":[{"embeddable":true,"href":"https:\/\/noticiasribeiraopreto.com.br\/index.php\/wp-json\/wp\/v2\/comments?post=83093"}],"version-history":[{"count":0,"href":"https:\/\/noticiasribeiraopreto.com.br\/index.php\/wp-json\/wp\/v2\/posts\/83093\/revisions"}],"wp:featuredmedia":[{"embeddable":true,"href":"https:\/\/noticiasribeiraopreto.com.br\/index.php\/wp-json\/wp\/v2\/media\/83094"}],"wp:attachment":[{"href":"https:\/\/noticiasribeiraopreto.com.br\/index.php\/wp-json\/wp\/v2\/media?parent=83093"}],"wp:term":[{"taxonomy":"category","embeddable":true,"href":"https:\/\/noticiasribeiraopreto.com.br\/index.php\/wp-json\/wp\/v2\/categories?post=83093"},{"taxonomy":"post_tag","embeddable":true,"href":"https:\/\/noticiasribeiraopreto.com.br\/index.php\/wp-json\/wp\/v2\/tags?post=83093"}],"curies":[{"name":"wp","href":"https:\/\/api.w.org\/{rel}","templated":true}]}}