{"id":83095,"date":"2026-03-09T10:27:29","date_gmt":"2026-03-09T13:27:29","guid":{"rendered":"https:\/\/noticiasribeiraopreto.com.br\/index.php\/2026\/03\/09\/veja-ate-quando-vai-o-alerta-laranja-para-chuvas-intensas-no-estado-de-sp\/"},"modified":"2026-03-09T10:27:29","modified_gmt":"2026-03-09T13:27:29","slug":"veja-ate-quando-vai-o-alerta-laranja-para-chuvas-intensas-no-estado-de-sp","status":"publish","type":"post","link":"https:\/\/noticiasribeiraopreto.com.br\/index.php\/2026\/03\/09\/veja-ate-quando-vai-o-alerta-laranja-para-chuvas-intensas-no-estado-de-sp\/","title":{"rendered":"Veja at\u00e9 quando vai o alerta laranja para chuvas intensas no estado de SP"},"content":{"rendered":"<div class='code-block code-block-1' style='margin: 8px 0 8px auto; text-align: right; display: block; clear: both;'>\n<p><a href=\"https:\/\/wa.link\/vpicfd\"><img data-recalc-dims=\"1\" class=\"wp-image-4922\" style=\"aspect-ratio: 2.0253164556962027; width: 561px; height: auto;\" src=\"https:\/\/i0.wp.com\/ismaelcolosi.com.br\/wp-content\/uploads\/2023\/11\/grupo-de-empregos-whatsapp-e-facebook-ismael-colosi-vagas.jpg?ssl=1\" alt=\"\" \/><\/a><\/p>\n<!-- \/wp:image -->\n<\/div>\n<p> <br \/>\n<\/p>\n<div data-td-block-uid=\"tdi_95\">\n<div class=\"tdb-block-inner td-fix-index\">\n<p><strong>O\u00a0<a href=\"https:\/\/portal.inmet.gov.br\/\" target=\"_blank\" rel=\"noreferrer noopener\">Inmet (Instituto Nacional de Meteorologia)<\/a>\u00a0mant\u00e9m um alerta de \u201cperigo\u201d para chuvas intensas no estado de S\u00e3o Paulo.\u00a0<\/strong>O\u00a0<strong>aviso <\/strong>teve <strong>in\u00edcio <\/strong>no \u00faltimo <strong>s\u00e1bado (7)<\/strong> e<strong>\u00a0vai <\/strong>at\u00e9 as <strong>23h59<\/strong> desta\u00a0<strong>segunda-feira (9)<\/strong>.<\/p>\n<p><mark style=\"background-color:#fcb900\" class=\"has-inline-color has-black-color\">O alerta \u00e9 na cor laranja, a segunda em uma escala at\u00e9 tr\u00eas n\u00edveis de severidade, e abrange todo o estado paulista.<\/mark> Clique <a href=\"https:\/\/avisos.inmet.gov.br\/53577\" data-type=\"link\" data-id=\"https:\/\/avisos.inmet.gov.br\/53577\" target=\"_blank\" rel=\"noopener\">aqui <\/a>e veja as cidades.<\/p>\n<p>Segundo a\u00a0<a href=\"https:\/\/www.climatempo.com.br\/#google_vignette\" target=\"_blank\" rel=\"noreferrer noopener\">Climatempo<\/a>, a frente fria que avan\u00e7ou no fim de semana j\u00e1 se afasta, contudo, as condi\u00e7\u00f5es na atmosfera, como cavados meteorol\u00f3gicos e ventos, continuam a favorecer a forma\u00e7\u00e3o de nuvens carregadas.<\/p>\n<p>Uma massa de ar polar na retaguarda da frente fria pode causar leve queda nas temperaturas nos pr\u00f3ximos dias em cidades localizadas mais ao leste do estado. Em Ribeir\u00e3o Preto, por\u00e9m, a previs\u00e3o ainda \u00e9 de tempo quente e abafado, com possibilidade de novas pancadas de chuva devido ao calor.<\/p>\n<h2 class=\"wp-block-heading\"><strong>Confira o que diz o alerta:<\/strong><\/h2>\n<ul class=\"wp-block-list\">\n<li>Chuva entre 30 mm\/h e 60 mm\/h ou 50 mm\/dia e 100 mm\/dia<\/li>\n<li>Ventos intensos entre 60 km\/h e 100 km\/h<\/li>\n<li>Risco de corte de energia el\u00e9trica, queda de galhos de \u00e1rvores, alagamentos e de descargas el\u00e9tricas<\/li>\n<\/ul>\n<h3 class=\"wp-block-heading\"><strong>Orienta\u00e7\u00f5es:<\/strong><\/h3>\n<ul class=\"wp-block-list\">\n<li>Em caso de rajadas de vento, n\u00e3o se abrigue debaixo de \u00e1rvores, pois, h\u00e1 risco de queda e descargas el\u00e9tricas e n\u00e3o estacione ve\u00edculos pr\u00f3ximos a torres de transmiss\u00e3o e placas de propaganda<\/li>\n<li>Se poss\u00edvel, desligue aparelhos el\u00e9tricos e quadro geral de energia<\/li>\n<\/ul>\n<p>SAIBA MAIS<\/p>\n<p>Adolescente de 14 anos morre afogado ap\u00f3s pular de ponte interditada no Rio Grande<\/p>\n<h4 class=\"wp-block-heading\"><strong>FIQUE ON<\/strong><\/h4>\n<p>Fique ligado em tudo que acontece em Ribeir\u00e3o Preto e regi\u00e3o. Siga os perfis do<strong>\u00a0acidade on<\/strong>\u00a0no\u00a0<a href=\"https:\/\/www.instagram.com\/acidadeonribeirao\" target=\"_blank\" rel=\"noreferrer noopener\">Instagram<\/a>\u00a0e no\u00a0<a href=\"https:\/\/www.facebook.com\/acidadeonribeirao\/\" target=\"_blank\" rel=\"noreferrer noopener\">Facebook<\/a>.<\/p>\n<p>Receba not\u00edcias do<strong>\u00a0acidade on<\/strong>\u00a0no WhatsApp. Para entrar no grupo,\u00a0basta\u00a0<a href=\"https:\/\/chat.whatsapp.com\/GFH9HUMUTHNFJdnyEd0xxq\" target=\"_blank\" rel=\"noreferrer noopener\">clicar aqui<\/a>. Ou, acesse o nosso\u00a0Canal\u00a0<a href=\"https:\/\/whatsapp.com\/channel\/0029Vb6IQl1JENyAeS57fk2p\" target=\"_blank\" rel=\"noreferrer noopener\">clicando aqui<\/a>.<\/p>\n<p>Fa\u00e7a uma den\u00fancia ou sugira uma reportagem sobre Ribeir\u00e3o Preto e regi\u00e3o pelo WhatsApp: 16 99117 7802.<\/p>\n<p>VEJA TAMB\u00c9M<\/p>\n<p>Decora\u00e7\u00e3o pet friendly: 5 cuidados para garantir a seguran\u00e7a do seu animal<\/p>\n<p><!-- AI CONTENT END 1 -->\n<\/div>\n<\/div>\n<p><script async src=\"\/\/www.instagram.com\/embed.js\"><\/script><br \/>\n<br \/><br \/>\n<br \/><a href=\"https:\/\/www.acidadeon.com\/ribeiraopreto\/cotidiano\/veja-ate-quando-vai-o-alerta-laranja-para-chuvas-intensas-no-estado-de-sp\/\">Source link <\/a><\/p>\n<!-- CONTENT END 1 -->\n","protected":false},"excerpt":{"rendered":"<p>O\u00a0Inmet (Instituto Nacional de Meteorologia)\u00a0mant\u00e9m um alerta de \u201cperigo\u201d para chuvas intensas no estado de S\u00e3o Paulo.\u00a0O\u00a0aviso teve in\u00edcio no \u00faltimo s\u00e1bado (7) e\u00a0vai at\u00e9&#8230;<\/p>\n","protected":false},"author":1,"featured_media":74706,"comment_status":"open","ping_status":"open","sticky":false,"template":"","format":"standard","meta":{"advanced_seo_description":"","jetpack_seo_html_title":"","jetpack_seo_noindex":false,"jetpack_post_was_ever_published":false,"_jetpack_newsletter_access":"","_jetpack_dont_email_post_to_subs":false,"_jetpack_newsletter_tier_id":0,"_jetpack_memberships_contains_paywalled_content":false,"_jetpack_memberships_contains_paid_content":false,"footnotes":"","jetpack_publicize_message":"","jetpack_publicize_feature_enabled":true,"jetpack_social_post_already_shared":true,"jetpack_social_options":{"image_generator_settings":{"template":"highway","default_image_id":0,"font":"","enabled":false},"version":2}},"categories":[11],"tags":[],"class_list":["post-83095","post","type-post","status-publish","format-standard","has-post-thumbnail","hentry","category-noticias-de-ribeirao-preto-sp-e-regiao-ismael-colosi"],"jetpack_publicize_connections":[],"jetpack_featured_media_url":"https:\/\/i0.wp.com\/noticiasribeiraopreto.com.br\/wp-content\/uploads\/2025\/07\/WhatsApp-Image-2024-10-15-at-08.25.28_2024-10-15_11-26-55_jpeg_2024-10-15_11-26-55.webp.webp?fit=1600%2C720&ssl=1","jetpack-related-posts":[{"id":82532,"url":"https:\/\/noticiasribeiraopreto.com.br\/index.php\/2026\/02\/18\/inmet-emite-alerta-laranja-para-chuvas-intensas-no-estado-de-sp-veja-cidades\/","url_meta":{"origin":83095,"position":0},"title":"Inmet emite alerta laranja para chuvas intensas no estado de SP; Veja cidades","author":"noticiasribeiraopreto.com.br","date":"18 de February de 2026","format":false,"excerpt":"O\u00a0Inmet (Instituto Nacional de Meteorologia)\u00a0publicou\u00a0um alerta de \u201cperigo\u201d para chuvas intensas no estado de S\u00e3o Paulo. O aviso tem in\u00edcio \u00e0s 10h desta quarta-feira (18) e vai at\u00e9 as 10h desta quinta-feira (19). O alerta \u00e9 na cor laranja, a segunda em uma escala at\u00e9 tr\u00eas n\u00edveis de severidade, e\u2026","rel":"","context":"In &quot;Not\u00edcias de Ribeir\u00e3o Preto-SP e Regi\u00e3o&quot;","block_context":{"text":"Not\u00edcias de Ribeir\u00e3o Preto-SP e Regi\u00e3o","link":"https:\/\/noticiasribeiraopreto.com.br\/index.php\/category\/noticias-de-ribeirao-preto-sp-e-regiao-ismael-colosi\/"},"img":{"alt_text":"","src":"https:\/\/i0.wp.com\/noticiasribeiraopreto.com.br\/wp-content\/uploads\/2026\/02\/MAPA_2026-02-18_09-25-42.webp.webp?fit=1200%2C853&ssl=1&resize=350%2C200","width":350,"height":200,"srcset":"https:\/\/i0.wp.com\/noticiasribeiraopreto.com.br\/wp-content\/uploads\/2026\/02\/MAPA_2026-02-18_09-25-42.webp.webp?fit=1200%2C853&ssl=1&resize=350%2C200 1x, https:\/\/i0.wp.com\/noticiasribeiraopreto.com.br\/wp-content\/uploads\/2026\/02\/MAPA_2026-02-18_09-25-42.webp.webp?fit=1200%2C853&ssl=1&resize=525%2C300 1.5x, https:\/\/i0.wp.com\/noticiasribeiraopreto.com.br\/wp-content\/uploads\/2026\/02\/MAPA_2026-02-18_09-25-42.webp.webp?fit=1200%2C853&ssl=1&resize=700%2C400 2x, https:\/\/i0.wp.com\/noticiasribeiraopreto.com.br\/wp-content\/uploads\/2026\/02\/MAPA_2026-02-18_09-25-42.webp.webp?fit=1200%2C853&ssl=1&resize=1050%2C600 3x"},"classes":[]},{"id":83126,"url":"https:\/\/noticiasribeiraopreto.com.br\/index.php\/2026\/03\/10\/alerta-laranja-para-chuvas-intensas-e-mantido-no-estado-de-sp-veja-o-que-esperar\/","url_meta":{"origin":83095,"position":1},"title":"Alerta laranja para chuvas intensas \u00e9 mantido no estado de SP; Veja o que esperar","author":"noticiasribeiraopreto.com.br","date":"10 de March de 2026","format":false,"excerpt":"O\u00a0Inmet (Instituto Nacional de Meteorologia)\u00a0manteve o alerta de \u201cperigo\u201d para chuvas intensas no estado de S\u00e3o Paulo.\u00a0O\u00a0aviso\u00a0tem\u00a0validade\u00a0at\u00e9 as 23h59 desta\u00a0ter\u00e7a-feira (10). Esse alerta \u00e9 classificado na cor laranja, a segunda em uma escala at\u00e9 tr\u00eas n\u00edveis de severidade, e abrange todo o estado paulista. Clique aqui e veja as cidades.\u2026","rel":"","context":"In &quot;Not\u00edcias de Ribeir\u00e3o Preto-SP e Regi\u00e3o&quot;","block_context":{"text":"Not\u00edcias de Ribeir\u00e3o Preto-SP e Regi\u00e3o","link":"https:\/\/noticiasribeiraopreto.com.br\/index.php\/category\/noticias-de-ribeirao-preto-sp-e-regiao-ismael-colosi\/"},"img":{"alt_text":"","src":"https:\/\/i0.wp.com\/noticiasribeiraopreto.com.br\/wp-content\/uploads\/2026\/03\/MAPA_2026-03-10_09-42-31.webp.webp?fit=1200%2C836&ssl=1&resize=350%2C200","width":350,"height":200,"srcset":"https:\/\/i0.wp.com\/noticiasribeiraopreto.com.br\/wp-content\/uploads\/2026\/03\/MAPA_2026-03-10_09-42-31.webp.webp?fit=1200%2C836&ssl=1&resize=350%2C200 1x, https:\/\/i0.wp.com\/noticiasribeiraopreto.com.br\/wp-content\/uploads\/2026\/03\/MAPA_2026-03-10_09-42-31.webp.webp?fit=1200%2C836&ssl=1&resize=525%2C300 1.5x, https:\/\/i0.wp.com\/noticiasribeiraopreto.com.br\/wp-content\/uploads\/2026\/03\/MAPA_2026-03-10_09-42-31.webp.webp?fit=1200%2C836&ssl=1&resize=700%2C400 2x, https:\/\/i0.wp.com\/noticiasribeiraopreto.com.br\/wp-content\/uploads\/2026\/03\/MAPA_2026-03-10_09-42-31.webp.webp?fit=1200%2C836&ssl=1&resize=1050%2C600 3x"},"classes":[]},{"id":83476,"url":"https:\/\/noticiasribeiraopreto.com.br\/index.php\/2026\/03\/19\/inmet-emite-alerta-laranja-para-chuvas-intensas-no-interior-de-sp-veja-cidades\/","url_meta":{"origin":83095,"position":2},"title":"Inmet emite alerta laranja para chuvas intensas no interior de SP; Veja cidades","author":"noticiasribeiraopreto.com.br","date":"19 de March de 2026","format":false,"excerpt":"O\u00a0Inmet (Instituto Nacional de Meteorologia)\u00a0publicou\u00a0um alerta de \u201cperigo\u201d para chuvas intensas no interior de S\u00e3o Paulo.\u00a0O\u00a0aviso\u00a0teve\u00a0in\u00edcio\u00a0\u00e0s\u00a00h01\u00a0desta\u00a0quinta-feira (19)\u00a0e vai at\u00e9 as\u00a010h\u00a0desta\u00a0sexta-feira (20). O alerta \u00e9 na cor laranja, a segunda em uma escala at\u00e9 tr\u00eas n\u00edveis de severidade, e abrange as regi\u00f5es norte, leste e central do estado paulista. Clique aqui\u2026","rel":"","context":"In &quot;Not\u00edcias de Ribeir\u00e3o Preto-SP e Regi\u00e3o&quot;","block_context":{"text":"Not\u00edcias de Ribeir\u00e3o Preto-SP e Regi\u00e3o","link":"https:\/\/noticiasribeiraopreto.com.br\/index.php\/category\/noticias-de-ribeirao-preto-sp-e-regiao-ismael-colosi\/"},"img":{"alt_text":"","src":"https:\/\/i0.wp.com\/noticiasribeiraopreto.com.br\/wp-content\/uploads\/2026\/03\/mapa-sp_2026-03-19_09-37-13.webp.webp?fit=1200%2C848&ssl=1&resize=350%2C200","width":350,"height":200,"srcset":"https:\/\/i0.wp.com\/noticiasribeiraopreto.com.br\/wp-content\/uploads\/2026\/03\/mapa-sp_2026-03-19_09-37-13.webp.webp?fit=1200%2C848&ssl=1&resize=350%2C200 1x, https:\/\/i0.wp.com\/noticiasribeiraopreto.com.br\/wp-content\/uploads\/2026\/03\/mapa-sp_2026-03-19_09-37-13.webp.webp?fit=1200%2C848&ssl=1&resize=525%2C300 1.5x, https:\/\/i0.wp.com\/noticiasribeiraopreto.com.br\/wp-content\/uploads\/2026\/03\/mapa-sp_2026-03-19_09-37-13.webp.webp?fit=1200%2C848&ssl=1&resize=700%2C400 2x, https:\/\/i0.wp.com\/noticiasribeiraopreto.com.br\/wp-content\/uploads\/2026\/03\/mapa-sp_2026-03-19_09-37-13.webp.webp?fit=1200%2C848&ssl=1&resize=1050%2C600 3x"},"classes":[]},{"id":82768,"url":"https:\/\/noticiasribeiraopreto.com.br\/index.php\/2026\/02\/26\/alerta-laranja-para-chuvas-intensas-segue-em-todo-estado-de-sp-veja-ate-quando\/","url_meta":{"origin":83095,"position":3},"title":"Alerta laranja para chuvas intensas segue em todo estado de SP; Veja at\u00e9 quando","author":"noticiasribeiraopreto.com.br","date":"26 de February de 2026","format":false,"excerpt":"O\u00a0Inmet (Instituto Nacional de Meteorologia)\u00a0mant\u00e9m um alerta de \u201cperigo\u201d para chuvas intensas no estado de S\u00e3o Paulo. O aviso tem validade at\u00e9 esta sexta-feira (27). O alerta \u00e9 na cor laranja, a segunda em uma escala at\u00e9 tr\u00eas n\u00edveis de severidade, e abrange todo o estado paulista. Clique aqui e\u2026","rel":"","context":"In &quot;Not\u00edcias de Ribeir\u00e3o Preto-SP e Regi\u00e3o&quot;","block_context":{"text":"Not\u00edcias de Ribeir\u00e3o Preto-SP e Regi\u00e3o","link":"https:\/\/noticiasribeiraopreto.com.br\/index.php\/category\/noticias-de-ribeirao-preto-sp-e-regiao-ismael-colosi\/"},"img":{"alt_text":"","src":"https:\/\/i0.wp.com\/noticiasribeiraopreto.com.br\/wp-content\/uploads\/2026\/02\/palace-21_2026-02-25_20-37-00.webp.webp?fit=1200%2C675&ssl=1&resize=350%2C200","width":350,"height":200,"srcset":"https:\/\/i0.wp.com\/noticiasribeiraopreto.com.br\/wp-content\/uploads\/2026\/02\/palace-21_2026-02-25_20-37-00.webp.webp?fit=1200%2C675&ssl=1&resize=350%2C200 1x, https:\/\/i0.wp.com\/noticiasribeiraopreto.com.br\/wp-content\/uploads\/2026\/02\/palace-21_2026-02-25_20-37-00.webp.webp?fit=1200%2C675&ssl=1&resize=525%2C300 1.5x, https:\/\/i0.wp.com\/noticiasribeiraopreto.com.br\/wp-content\/uploads\/2026\/02\/palace-21_2026-02-25_20-37-00.webp.webp?fit=1200%2C675&ssl=1&resize=700%2C400 2x, https:\/\/i0.wp.com\/noticiasribeiraopreto.com.br\/wp-content\/uploads\/2026\/02\/palace-21_2026-02-25_20-37-00.webp.webp?fit=1200%2C675&ssl=1&resize=1050%2C600 3x"},"classes":[]},{"id":84068,"url":"https:\/\/noticiasribeiraopreto.com.br\/index.php\/2026\/04\/01\/alerta-laranja-inmet-preve-chuvas-intensas-em-grande-parte-do-estado-de-sp\/","url_meta":{"origin":83095,"position":4},"title":"Alerta laranja: Inmet prev\u00ea chuvas intensas em grande parte do estado de SP","author":"noticiasribeiraopreto.com.br","date":"1 de April de 2026","format":false,"excerpt":"Ler o resumo da not\u00edcia Inmet emite alerta laranja de perigo para chuvas intensas nesta quarta-feira (1) na maior parte do estado de S\u00e3o Paulo. Previs\u00e3o de chuva entre 30 e 60 mm\/h e ventos de 60 a 100 km\/h at\u00e9 as 23h em regi\u00f5es como Ribeir\u00e3o Preto, Campinas e\u2026","rel":"","context":"In &quot;Not\u00edcias de Ribeir\u00e3o Preto-SP e Regi\u00e3o&quot;","block_context":{"text":"Not\u00edcias de Ribeir\u00e3o Preto-SP e Regi\u00e3o","link":"https:\/\/noticiasribeiraopreto.com.br\/index.php\/category\/noticias-de-ribeirao-preto-sp-e-regiao-ismael-colosi\/"},"img":{"alt_text":"","src":"https:\/\/i0.wp.com\/noticiasribeiraopreto.com.br\/wp-content\/uploads\/2026\/04\/MAPA_2026-04-01_09-37-46.webp.webp?fit=1200%2C863&ssl=1&resize=350%2C200","width":350,"height":200,"srcset":"https:\/\/i0.wp.com\/noticiasribeiraopreto.com.br\/wp-content\/uploads\/2026\/04\/MAPA_2026-04-01_09-37-46.webp.webp?fit=1200%2C863&ssl=1&resize=350%2C200 1x, https:\/\/i0.wp.com\/noticiasribeiraopreto.com.br\/wp-content\/uploads\/2026\/04\/MAPA_2026-04-01_09-37-46.webp.webp?fit=1200%2C863&ssl=1&resize=525%2C300 1.5x, https:\/\/i0.wp.com\/noticiasribeiraopreto.com.br\/wp-content\/uploads\/2026\/04\/MAPA_2026-04-01_09-37-46.webp.webp?fit=1200%2C863&ssl=1&resize=700%2C400 2x, https:\/\/i0.wp.com\/noticiasribeiraopreto.com.br\/wp-content\/uploads\/2026\/04\/MAPA_2026-04-01_09-37-46.webp.webp?fit=1200%2C863&ssl=1&resize=1050%2C600 3x"},"classes":[]},{"id":82557,"url":"https:\/\/noticiasribeiraopreto.com.br\/index.php\/2026\/02\/19\/inmet-prorroga-alerta-de-perigo-para-chuvas-intensas-no-estado-de-sp-veja-cidades\/","url_meta":{"origin":83095,"position":5},"title":"Inmet prorroga alerta de perigo para chuvas intensas no estado de SP; Veja cidades","author":"noticiasribeiraopreto.com.br","date":"19 de February de 2026","format":false,"excerpt":"O\u00a0Inmet (Instituto Nacional de Meteorologia)\u00a0prorrogou o alerta de \u201cperigo\u201d para chuvas intensas no estado de S\u00e3o Paulo.\u00a0Agora, o\u00a0aviso vai das\u00a010h\u00a0desta\u00a0quinta-feira (19) at\u00e9 as\u00a010h\u00a0desta\u00a0sexta-feira (20). O alerta \u00e9 na cor laranja, a segunda em uma escala at\u00e9 tr\u00eas n\u00edveis de severidade, e abrange as regi\u00f5es nordeste, leste, central e sul do\u2026","rel":"","context":"In &quot;Not\u00edcias de Ribeir\u00e3o Preto-SP e Regi\u00e3o&quot;","block_context":{"text":"Not\u00edcias de Ribeir\u00e3o Preto-SP e Regi\u00e3o","link":"https:\/\/noticiasribeiraopreto.com.br\/index.php\/category\/noticias-de-ribeirao-preto-sp-e-regiao-ismael-colosi\/"},"img":{"alt_text":"","src":"https:\/\/i0.wp.com\/noticiasribeiraopreto.com.br\/wp-content\/uploads\/2026\/02\/MAPA_2026-02-19_09-44-27.webp.webp?fit=1200%2C910&ssl=1&resize=350%2C200","width":350,"height":200,"srcset":"https:\/\/i0.wp.com\/noticiasribeiraopreto.com.br\/wp-content\/uploads\/2026\/02\/MAPA_2026-02-19_09-44-27.webp.webp?fit=1200%2C910&ssl=1&resize=350%2C200 1x, https:\/\/i0.wp.com\/noticiasribeiraopreto.com.br\/wp-content\/uploads\/2026\/02\/MAPA_2026-02-19_09-44-27.webp.webp?fit=1200%2C910&ssl=1&resize=525%2C300 1.5x, https:\/\/i0.wp.com\/noticiasribeiraopreto.com.br\/wp-content\/uploads\/2026\/02\/MAPA_2026-02-19_09-44-27.webp.webp?fit=1200%2C910&ssl=1&resize=700%2C400 2x, https:\/\/i0.wp.com\/noticiasribeiraopreto.com.br\/wp-content\/uploads\/2026\/02\/MAPA_2026-02-19_09-44-27.webp.webp?fit=1200%2C910&ssl=1&resize=1050%2C600 3x"},"classes":[]}],"jetpack_sharing_enabled":true,"jetpack_shortlink":"https:\/\/wp.me\/peQAOb-lCf","_links":{"self":[{"href":"https:\/\/noticiasribeiraopreto.com.br\/index.php\/wp-json\/wp\/v2\/posts\/83095","targetHints":{"allow":["GET"]}}],"collection":[{"href":"https:\/\/noticiasribeiraopreto.com.br\/index.php\/wp-json\/wp\/v2\/posts"}],"about":[{"href":"https:\/\/noticiasribeiraopreto.com.br\/index.php\/wp-json\/wp\/v2\/types\/post"}],"author":[{"embeddable":true,"href":"https:\/\/noticiasribeiraopreto.com.br\/index.php\/wp-json\/wp\/v2\/users\/1"}],"replies":[{"embeddable":true,"href":"https:\/\/noticiasribeiraopreto.com.br\/index.php\/wp-json\/wp\/v2\/comments?post=83095"}],"version-history":[{"count":0,"href":"https:\/\/noticiasribeiraopreto.com.br\/index.php\/wp-json\/wp\/v2\/posts\/83095\/revisions"}],"wp:featuredmedia":[{"embeddable":true,"href":"https:\/\/noticiasribeiraopreto.com.br\/index.php\/wp-json\/wp\/v2\/media\/74706"}],"wp:attachment":[{"href":"https:\/\/noticiasribeiraopreto.com.br\/index.php\/wp-json\/wp\/v2\/media?parent=83095"}],"wp:term":[{"taxonomy":"category","embeddable":true,"href":"https:\/\/noticiasribeiraopreto.com.br\/index.php\/wp-json\/wp\/v2\/categories?post=83095"},{"taxonomy":"post_tag","embeddable":true,"href":"https:\/\/noticiasribeiraopreto.com.br\/index.php\/wp-json\/wp\/v2\/tags?post=83095"}],"curies":[{"name":"wp","href":"https:\/\/api.w.org\/{rel}","templated":true}]}}