{"id":83096,"date":"2026-03-09T10:35:41","date_gmt":"2026-03-09T13:35:41","guid":{"rendered":"https:\/\/noticiasribeiraopreto.com.br\/index.php\/2026\/03\/09\/adolescente-de-14-anos-morre-afogado-apos-pular-de-ponte-interditada-no-rio-grande\/"},"modified":"2026-03-09T10:35:41","modified_gmt":"2026-03-09T13:35:41","slug":"adolescente-de-14-anos-morre-afogado-apos-pular-de-ponte-interditada-no-rio-grande","status":"publish","type":"post","link":"https:\/\/noticiasribeiraopreto.com.br\/index.php\/2026\/03\/09\/adolescente-de-14-anos-morre-afogado-apos-pular-de-ponte-interditada-no-rio-grande\/","title":{"rendered":"Adolescente de 14 anos morre afogado ap\u00f3s pular de ponte interditada no Rio Grande"},"content":{"rendered":"<div class='code-block code-block-1' style='margin: 8px 0 8px auto; text-align: right; display: block; clear: both;'>\n<p><a href=\"https:\/\/wa.link\/vpicfd\"><img data-recalc-dims=\"1\" class=\"wp-image-4922\" style=\"aspect-ratio: 2.0253164556962027; width: 561px; height: auto;\" src=\"https:\/\/i0.wp.com\/ismaelcolosi.com.br\/wp-content\/uploads\/2023\/11\/grupo-de-empregos-whatsapp-e-facebook-ismael-colosi-vagas.jpg?ssl=1\" alt=\"\" \/><\/a><\/p>\n<!-- \/wp:image -->\n<\/div>\n<p> <br \/>\n<\/p>\n<div>\n<p>Um adolescente de 14 anos morreu afogado na tarde deste s\u00e1bado (7) ap\u00f3s pular de uma ponte sobre o Rio Grande, em um trecho entre <strong>Igarapava, no interior de S\u00e3o Paulo,<\/strong> e <strong>Delta, em Minas Gerais<\/strong>. O local permanece interditado por causa de <strong>problemas estruturais<\/strong>, segundo informa\u00e7\u00f5es da Defesa Civil de Igarapava.<\/p>\n<div class=\"wp-block-image\">\n<figure class=\"aligncenter size-large is-resized\"><img data-recalc-dims=\"1\" fetchpriority=\"high\" decoding=\"async\" width=\"1024\" height=\"576\" src=\"https:\/\/i0.wp.com\/cdn.media-acidadeon.com.br\/ribeiraopreto\/wp-content\/uploads\/sites\/3\/2026\/03\/image_2026-03-08_19-13-28-1024x576.webp?resize=1024%2C576&#038;ssl=1\" alt=\"ponte\" class=\"wp-image-148161\" style=\"width:784px;height:auto\" title=\"Adolescente de 14 anos morre afogado ap\u00f3s pular de ponte interditada no Rio Grande 1\" srcset=\"https:\/\/cdn.media-acidadeon.com.br\/ribeiraopreto\/wp-content\/uploads\/sites\/3\/2026\/03\/image_2026-03-08_19-13-28-1024x576.webp 1024w, https:\/\/cdn.media-acidadeon.com.br\/ribeiraopreto\/wp-content\/uploads\/sites\/3\/2026\/03\/image_2026-03-08_19-13-28-300x169.webp 300w, https:\/\/cdn.media-acidadeon.com.br\/ribeiraopreto\/wp-content\/uploads\/sites\/3\/2026\/03\/image_2026-03-08_19-13-28-768x432.webp 768w, https:\/\/cdn.media-acidadeon.com.br\/ribeiraopreto\/wp-content\/uploads\/sites\/3\/2026\/03\/image_2026-03-08_19-13-28-696x392.webp 696w, https:\/\/cdn.media-acidadeon.com.br\/ribeiraopreto\/wp-content\/uploads\/sites\/3\/2026\/03\/image_2026-03-08_19-13-28.webp 1068w\" sizes=\"(max-width: 1024px) 100vw, 1024px\"\/><figcaption class=\"wp-element-caption\">Foto: Defesa Civil<\/figcaption><\/figure>\n<\/div>\n<p>De acordo com o \u00f3rg\u00e3o, <strong>dois adolescentes utilizaram a ponte para saltar no rio<\/strong>, mesmo com a interdi\u00e7\u00e3o. Durante o mergulho, um deles ficou preso entre <strong>pedras e galhos submersos<\/strong>, o que impediu que retornasse \u00e0 superf\u00edcie.<\/p>\n<p>Um <strong>mergulhador que estava nas proximidades<\/strong> percebeu a situa\u00e7\u00e3o e iniciou as buscas imediatamente. Ele conseguiu localizar o adolescente cerca de <strong>40 minutos depois<\/strong>.<\/p>\n<h3 class=\"wp-block-heading\"><strong>Resgate do adolescente<\/strong><\/h3>\n<p>Equipes realizaram <strong>manobras de ressuscita\u00e7\u00e3o ainda no local<\/strong> logo ap\u00f3s a retirada da v\u00edtima da \u00e1gua. Em seguida, o adolescente seguiu para a <strong>Santa Casa de Igarapava<\/strong>, onde m\u00e9dicos tentaram reanim\u00e1-lo por quase uma hora. Apesar dos esfor\u00e7os,<strong> ele n\u00e3o resistiu.<\/strong><\/p>\n<p>No momento do acidente, o <strong>Rio Grande apresentava forte agita\u00e7\u00e3o<\/strong>, consequ\u00eancia da chuva que havia ca\u00eddo pouco antes na regi\u00e3o. Para facilitar o trabalho de resgate, a <strong>usina hidrel\u00e9trica pr\u00f3xima reduziu o fluxo de \u00e1gua<\/strong>, o que aumentou a seguran\u00e7a durante as buscas.<\/p>\n<p>N\u00e3o h\u00e1 informa\u00e7\u00f5es sobre enterro e vel\u00f3rio do jovem.<\/p>\n<hr class=\"wp-block-separator has-alpha-channel-opacity\"\/>\n<p>SAIBA MAIS<\/p>\n<p>Engenheiro aponta a\u00e7\u00f5es para melhorar tr\u00e2nsito no acesso \u00e0 Vargas pela rodovia de Bonfim Paulista<\/p>\n<p><strong>FIQUE ON<\/strong><\/p>\n<p>Fique ligado em tudo que acontece em Ribeir\u00e3o Preto e regi\u00e3o. Siga os perfis do<strong>\u00a0acidade on<\/strong>\u00a0no\u00a0<a href=\"https:\/\/www.instagram.com\/acidadeonribeirao\" target=\"_blank\" rel=\"noreferrer noopener\">Instagram<\/a>\u00a0e no\u00a0<a href=\"https:\/\/www.facebook.com\/acidadeonribeirao\/\" target=\"_blank\" rel=\"noreferrer noopener\">Facebook<\/a>.<\/p>\n<p>Receba not\u00edcias do<strong>\u00a0acidade on<\/strong>\u00a0no WhatsApp. Para entrar no grupo,\u00a0basta\u00a0<a href=\"https:\/\/chat.whatsapp.com\/GFH9HUMUTHNFJdnyEd0xxq\" target=\"_blank\" rel=\"noreferrer noopener\">clicar aqui<\/a>. Ou, acesse o nosso\u00a0Canal\u00a0<a href=\"https:\/\/whatsapp.com\/channel\/0029Vb6IQl1JENyAeS57fk2p\" target=\"_blank\" rel=\"noreferrer noopener\">clicando aqui<\/a>.<\/p>\n<p>Fa\u00e7a uma den\u00fancia ou sugira uma reportagem sobre Ribeir\u00e3o Preto e regi\u00e3o pelo WhatsApp: 16 99117 7802.<\/p>\n<p>VEJA TAMB\u00c9M<\/p>\n<p>Decora\u00e7\u00e3o pet friendly: 5 cuidados para garantir a seguran\u00e7a do seu animal<\/p>\n<p><!-- AI CONTENT END 1 -->\n<\/div>\n<p><script async src=\"\/\/www.instagram.com\/embed.js\"><\/script><br \/>\n<br \/><br \/>\n<br \/><a href=\"https:\/\/www.acidadeon.com\/ribeiraopreto\/cotidiano\/adolescente-de-14-anos-morre-afogado-apos-pular-de-ponte-interditada-no-rio-grande\/\">Source link <\/a><\/p>\n<!-- CONTENT END 1 -->\n","protected":false},"excerpt":{"rendered":"<p>Um adolescente de 14 anos morreu afogado na tarde deste s\u00e1bado (7) ap\u00f3s pular de uma ponte sobre o Rio Grande, em um trecho entre&#8230;<\/p>\n","protected":false},"author":1,"featured_media":83097,"comment_status":"open","ping_status":"open","sticky":false,"template":"","format":"standard","meta":{"advanced_seo_description":"","jetpack_seo_html_title":"","jetpack_seo_noindex":false,"jetpack_post_was_ever_published":false,"_jetpack_newsletter_access":"","_jetpack_dont_email_post_to_subs":false,"_jetpack_newsletter_tier_id":0,"_jetpack_memberships_contains_paywalled_content":false,"_jetpack_memberships_contains_paid_content":false,"footnotes":"","jetpack_publicize_message":"","jetpack_publicize_feature_enabled":true,"jetpack_social_post_already_shared":true,"jetpack_social_options":{"image_generator_settings":{"template":"highway","default_image_id":0,"font":"","enabled":false},"version":2}},"categories":[11],"tags":[],"class_list":["post-83096","post","type-post","status-publish","format-standard","has-post-thumbnail","hentry","category-noticias-de-ribeirao-preto-sp-e-regiao-ismael-colosi"],"jetpack_publicize_connections":[],"jetpack_featured_media_url":"https:\/\/i0.wp.com\/noticiasribeiraopreto.com.br\/wp-content\/uploads\/2026\/03\/palace-56_2026-03-08_19-14-59.webp.webp?fit=1200%2C675&ssl=1","jetpack-related-posts":[{"id":40670,"url":"https:\/\/noticiasribeiraopreto.com.br\/index.php\/2024\/03\/05\/homem-morre-afogado-em-represa-na-regiao-de-ribeirao\/","url_meta":{"origin":83096,"position":0},"title":"Homem morre afogado em represa na regi\u00e3o de Ribeir\u00e3o","author":"noticiasribeiraopreto.com.br","date":"5 de March de 2024","format":false,"excerpt":"Um homem de 43 anos morreu afogado na represa de uma ch\u00e1cara no \u00faltimo domingo (3), nas proximidades da rodovia F\u00e1bio Talarico, em S\u00e3o Jos\u00e9 da Bela Vista, cidade a 85 quil\u00f4metros de Ribeir\u00e3o Preto. O corpo s\u00f3 foi encontrado na segunda-feira (4), boiando na represa. De acordo com o\u2026","rel":"","context":"In &quot;Not\u00edcias de Ribeir\u00e3o Preto-SP e Regi\u00e3o&quot;","block_context":{"text":"Not\u00edcias de Ribeir\u00e3o Preto-SP e Regi\u00e3o","link":"https:\/\/noticiasribeiraopreto.com.br\/index.php\/category\/noticias-de-ribeirao-preto-sp-e-regiao-ismael-colosi\/"},"img":{"alt_text":"","src":"https:\/\/i0.wp.com\/noticiasribeiraopreto.com.br\/wp-content\/uploads\/2024\/03\/AnyConv.com__eloisio.webp.webp?fit=1200%2C674&ssl=1&resize=350%2C200","width":350,"height":200,"srcset":"https:\/\/i0.wp.com\/noticiasribeiraopreto.com.br\/wp-content\/uploads\/2024\/03\/AnyConv.com__eloisio.webp.webp?fit=1200%2C674&ssl=1&resize=350%2C200 1x, https:\/\/i0.wp.com\/noticiasribeiraopreto.com.br\/wp-content\/uploads\/2024\/03\/AnyConv.com__eloisio.webp.webp?fit=1200%2C674&ssl=1&resize=525%2C300 1.5x, https:\/\/i0.wp.com\/noticiasribeiraopreto.com.br\/wp-content\/uploads\/2024\/03\/AnyConv.com__eloisio.webp.webp?fit=1200%2C674&ssl=1&resize=700%2C400 2x, https:\/\/i0.wp.com\/noticiasribeiraopreto.com.br\/wp-content\/uploads\/2024\/03\/AnyConv.com__eloisio.webp.webp?fit=1200%2C674&ssl=1&resize=1050%2C600 3x"},"classes":[]},{"id":40772,"url":"https:\/\/noticiasribeiraopreto.com.br\/index.php\/2024\/03\/05\/homem-morre-afogado-em-represa-na-regiao-de-ribeirao-2\/","url_meta":{"origin":83096,"position":1},"title":"Homem morre afogado em represa na regi\u00e3o de Ribeir\u00e3o","author":"noticiasribeiraopreto.com.br","date":"5 de March de 2024","format":false,"excerpt":"Um homem de 43 anos morreu afogado na represa de uma ch\u00e1cara no \u00faltimo domingo (3), nas proximidades da rodovia F\u00e1bio Talarico, em S\u00e3o Jos\u00e9 da Bela Vista, cidade a 85 quil\u00f4metros de Ribeir\u00e3o Preto. O corpo s\u00f3 foi encontrado na segunda-feira (4), boiando na represa. De acordo com o\u2026","rel":"","context":"In &quot;Not\u00edcias de Ribeir\u00e3o Preto-SP e Regi\u00e3o&quot;","block_context":{"text":"Not\u00edcias de Ribeir\u00e3o Preto-SP e Regi\u00e3o","link":"https:\/\/noticiasribeiraopreto.com.br\/index.php\/category\/noticias-de-ribeirao-preto-sp-e-regiao-ismael-colosi\/"},"img":{"alt_text":"","src":"https:\/\/i0.wp.com\/noticiasribeiraopreto.com.br\/wp-content\/uploads\/2024\/03\/AnyConv.com__eloisio.webp.webp?fit=1200%2C674&ssl=1&resize=350%2C200","width":350,"height":200,"srcset":"https:\/\/i0.wp.com\/noticiasribeiraopreto.com.br\/wp-content\/uploads\/2024\/03\/AnyConv.com__eloisio.webp.webp?fit=1200%2C674&ssl=1&resize=350%2C200 1x, https:\/\/i0.wp.com\/noticiasribeiraopreto.com.br\/wp-content\/uploads\/2024\/03\/AnyConv.com__eloisio.webp.webp?fit=1200%2C674&ssl=1&resize=525%2C300 1.5x, https:\/\/i0.wp.com\/noticiasribeiraopreto.com.br\/wp-content\/uploads\/2024\/03\/AnyConv.com__eloisio.webp.webp?fit=1200%2C674&ssl=1&resize=700%2C400 2x, https:\/\/i0.wp.com\/noticiasribeiraopreto.com.br\/wp-content\/uploads\/2024\/03\/AnyConv.com__eloisio.webp.webp?fit=1200%2C674&ssl=1&resize=1050%2C600 3x"},"classes":[]},{"id":25090,"url":"https:\/\/noticiasribeiraopreto.com.br\/index.php\/2024\/01\/05\/bebe-de-um-ano-e-encontrada-sem-vida-apos-mae-ser-impedida-de-pular-de-uma-ponte-entre-sc-e-rs\/","url_meta":{"origin":83096,"position":2},"title":"Beb\u00ea de um ano \u00e9 encontrada sem vida ap\u00f3s m\u00e3e ser impedida de pular de uma ponte entre SC e RS","author":"noticiasribeiraopreto.com.br","date":"5 de January de 2024","format":false,"excerpt":"Este ganhou uma enorme repercuss\u00e3o e se tornou destaque nos maiores portais de not\u00edcias do pa\u00eds, gerando uma enorme como\u00e7\u00e3o na comunidade local.Na manh\u00e3 do \u00faltimo dia 29 de dezembro, foi descoberto o corpo de uma crian\u00e7a ind\u00edgena de apenas um ano e seis meses no munic\u00edpio de Ira\u00ed. O\u2026","rel":"","context":"In &quot;Blog&quot;","block_context":{"text":"Blog","link":"https:\/\/noticiasribeiraopreto.com.br\/index.php\/category\/blog\/"},"img":{"alt_text":"","src":"https:\/\/i0.wp.com\/noticiasribeiraopreto.com.br\/wp-content\/uploads\/2024\/01\/postimg-659890fcca41f5935.jpg?fit=1200%2C628&ssl=1&resize=350%2C200","width":350,"height":200,"srcset":"https:\/\/i0.wp.com\/noticiasribeiraopreto.com.br\/wp-content\/uploads\/2024\/01\/postimg-659890fcca41f5935.jpg?fit=1200%2C628&ssl=1&resize=350%2C200 1x, https:\/\/i0.wp.com\/noticiasribeiraopreto.com.br\/wp-content\/uploads\/2024\/01\/postimg-659890fcca41f5935.jpg?fit=1200%2C628&ssl=1&resize=525%2C300 1.5x, https:\/\/i0.wp.com\/noticiasribeiraopreto.com.br\/wp-content\/uploads\/2024\/01\/postimg-659890fcca41f5935.jpg?fit=1200%2C628&ssl=1&resize=700%2C400 2x, https:\/\/i0.wp.com\/noticiasribeiraopreto.com.br\/wp-content\/uploads\/2024\/01\/postimg-659890fcca41f5935.jpg?fit=1200%2C628&ssl=1&resize=1050%2C600 3x"},"classes":[]},{"id":61305,"url":"https:\/\/noticiasribeiraopreto.com.br\/index.php\/2024\/12\/09\/homem-morre-afogado-no-rio-grande-na-regiao-de-ribeirao-preto\/","url_meta":{"origin":83096,"position":3},"title":"Homem morre afogado no Rio Grande na regi\u00e3o de Ribeir\u00e3o Preto","author":"noticiasribeiraopreto.com.br","date":"9 de December de 2024","format":false,"excerpt":"Um morador de Nuporanga morreu ap\u00f3s se afogar no Rio Grande em Rifaina, a 150 quil\u00f4metros de Ribeir\u00e3o Preto, na tarde do \u00faltimo domingo (8). De acordo com o boletim de ocorr\u00eancia (BO), Calebe Elionai Rodrigues, de 30 anos, estava na \u00e1gua com companheira, quando, por motivos a serem esclarecidos,\u2026","rel":"","context":"In &quot;Not\u00edcias de Ribeir\u00e3o Preto-SP e Regi\u00e3o&quot;","block_context":{"text":"Not\u00edcias de Ribeir\u00e3o Preto-SP e Regi\u00e3o","link":"https:\/\/noticiasribeiraopreto.com.br\/index.php\/category\/noticias-de-ribeirao-preto-sp-e-regiao-ismael-colosi\/"},"img":{"alt_text":"","src":"https:\/\/i0.wp.com\/noticiasribeiraopreto.com.br\/wp-content\/uploads\/2024\/12\/Copia-de-Copia-de-Copia-de-TAMANHO-EXATO-PARA-FOTOS-NO-SISTEMA-NOVO-2024-12-09T120849.701_2024-12-09_15-10-22_png_2024-12-09_15-10-22.webp.webp?fit=1200%2C675&ssl=1&resize=350%2C200","width":350,"height":200,"srcset":"https:\/\/i0.wp.com\/noticiasribeiraopreto.com.br\/wp-content\/uploads\/2024\/12\/Copia-de-Copia-de-Copia-de-TAMANHO-EXATO-PARA-FOTOS-NO-SISTEMA-NOVO-2024-12-09T120849.701_2024-12-09_15-10-22_png_2024-12-09_15-10-22.webp.webp?fit=1200%2C675&ssl=1&resize=350%2C200 1x, https:\/\/i0.wp.com\/noticiasribeiraopreto.com.br\/wp-content\/uploads\/2024\/12\/Copia-de-Copia-de-Copia-de-TAMANHO-EXATO-PARA-FOTOS-NO-SISTEMA-NOVO-2024-12-09T120849.701_2024-12-09_15-10-22_png_2024-12-09_15-10-22.webp.webp?fit=1200%2C675&ssl=1&resize=525%2C300 1.5x, https:\/\/i0.wp.com\/noticiasribeiraopreto.com.br\/wp-content\/uploads\/2024\/12\/Copia-de-Copia-de-Copia-de-TAMANHO-EXATO-PARA-FOTOS-NO-SISTEMA-NOVO-2024-12-09T120849.701_2024-12-09_15-10-22_png_2024-12-09_15-10-22.webp.webp?fit=1200%2C675&ssl=1&resize=700%2C400 2x, https:\/\/i0.wp.com\/noticiasribeiraopreto.com.br\/wp-content\/uploads\/2024\/12\/Copia-de-Copia-de-Copia-de-TAMANHO-EXATO-PARA-FOTOS-NO-SISTEMA-NOVO-2024-12-09T120849.701_2024-12-09_15-10-22_png_2024-12-09_15-10-22.webp.webp?fit=1200%2C675&ssl=1&resize=1050%2C600 3x"},"classes":[]},{"id":83095,"url":"https:\/\/noticiasribeiraopreto.com.br\/index.php\/2026\/03\/09\/veja-ate-quando-vai-o-alerta-laranja-para-chuvas-intensas-no-estado-de-sp\/","url_meta":{"origin":83096,"position":4},"title":"Veja at\u00e9 quando vai o alerta laranja para chuvas intensas no estado de SP","author":"noticiasribeiraopreto.com.br","date":"9 de March de 2026","format":false,"excerpt":"O\u00a0Inmet (Instituto Nacional de Meteorologia)\u00a0mant\u00e9m um alerta de \u201cperigo\u201d para chuvas intensas no estado de S\u00e3o Paulo.\u00a0O\u00a0aviso teve in\u00edcio no \u00faltimo s\u00e1bado (7) e\u00a0vai at\u00e9 as 23h59 desta\u00a0segunda-feira (9). O alerta \u00e9 na cor laranja, a segunda em uma escala at\u00e9 tr\u00eas n\u00edveis de severidade, e abrange todo o estado\u2026","rel":"","context":"In &quot;Not\u00edcias de Ribeir\u00e3o Preto-SP e Regi\u00e3o&quot;","block_context":{"text":"Not\u00edcias de Ribeir\u00e3o Preto-SP e Regi\u00e3o","link":"https:\/\/noticiasribeiraopreto.com.br\/index.php\/category\/noticias-de-ribeirao-preto-sp-e-regiao-ismael-colosi\/"},"img":{"alt_text":"","src":"https:\/\/i0.wp.com\/noticiasribeiraopreto.com.br\/wp-content\/uploads\/2025\/07\/WhatsApp-Image-2024-10-15-at-08.25.28_2024-10-15_11-26-55_jpeg_2024-10-15_11-26-55.webp.webp?fit=1200%2C540&ssl=1&resize=350%2C200","width":350,"height":200,"srcset":"https:\/\/i0.wp.com\/noticiasribeiraopreto.com.br\/wp-content\/uploads\/2025\/07\/WhatsApp-Image-2024-10-15-at-08.25.28_2024-10-15_11-26-55_jpeg_2024-10-15_11-26-55.webp.webp?fit=1200%2C540&ssl=1&resize=350%2C200 1x, https:\/\/i0.wp.com\/noticiasribeiraopreto.com.br\/wp-content\/uploads\/2025\/07\/WhatsApp-Image-2024-10-15-at-08.25.28_2024-10-15_11-26-55_jpeg_2024-10-15_11-26-55.webp.webp?fit=1200%2C540&ssl=1&resize=525%2C300 1.5x, https:\/\/i0.wp.com\/noticiasribeiraopreto.com.br\/wp-content\/uploads\/2025\/07\/WhatsApp-Image-2024-10-15-at-08.25.28_2024-10-15_11-26-55_jpeg_2024-10-15_11-26-55.webp.webp?fit=1200%2C540&ssl=1&resize=700%2C400 2x, https:\/\/i0.wp.com\/noticiasribeiraopreto.com.br\/wp-content\/uploads\/2025\/07\/WhatsApp-Image-2024-10-15-at-08.25.28_2024-10-15_11-26-55_jpeg_2024-10-15_11-26-55.webp.webp?fit=1200%2C540&ssl=1&resize=1050%2C600 3x"},"classes":[]},{"id":16114,"url":"https:\/\/noticiasribeiraopreto.com.br\/index.php\/2023\/12\/14\/utm_sourcerssutm_mediumrssutm_campaigncrianca-morre-apos-se-afogar-em-balde-com-agua-na-cidade-de-igarapava\/","url_meta":{"origin":83096,"position":5},"title":"Crian\u00e7a morre ap\u00f3s se afogar em balde com \u00e1gua na cidade de Igarapava \u2013 X Tudo Ribeir\u00e3o","author":"noticiasribeiraopreto.com.br","date":"14 de December de 2023","format":false,"excerpt":"Uma crian\u00e7a de 7 anos\u00a0morreu ap\u00f3s se afogar em um balde com \u00e1gua nesta quarta-feira (13\/12), na cidade de Igarapava.\u00a0 Segundo informa\u00e7\u00f5es do B.O (boletim de ocorr\u00eancia),\u00a0a m\u00e3e da v\u00edtima contou aos Policiais que o filho brincava em um balde com \u00e1gua, e que precisou se ausentar por alguns minutos,\u2026","rel":"","context":"In &quot;Not\u00edcias de Ribeir\u00e3o Preto-SP e Regi\u00e3o&quot;","block_context":{"text":"Not\u00edcias de Ribeir\u00e3o Preto-SP e Regi\u00e3o","link":"https:\/\/noticiasribeiraopreto.com.br\/index.php\/category\/noticias-de-ribeirao-preto-sp-e-regiao-ismael-colosi\/"},"img":{"alt_text":"","src":"https:\/\/i0.wp.com\/noticiasribeiraopreto.com.br\/wp-content\/uploads\/2023\/12\/0c6a613074d57d7ffeac7d8ed632dd3f.webp.webp?fit=850%2C568&ssl=1&resize=350%2C200","width":350,"height":200,"srcset":"https:\/\/i0.wp.com\/noticiasribeiraopreto.com.br\/wp-content\/uploads\/2023\/12\/0c6a613074d57d7ffeac7d8ed632dd3f.webp.webp?fit=850%2C568&ssl=1&resize=350%2C200 1x, https:\/\/i0.wp.com\/noticiasribeiraopreto.com.br\/wp-content\/uploads\/2023\/12\/0c6a613074d57d7ffeac7d8ed632dd3f.webp.webp?fit=850%2C568&ssl=1&resize=525%2C300 1.5x, https:\/\/i0.wp.com\/noticiasribeiraopreto.com.br\/wp-content\/uploads\/2023\/12\/0c6a613074d57d7ffeac7d8ed632dd3f.webp.webp?fit=850%2C568&ssl=1&resize=700%2C400 2x"},"classes":[]}],"jetpack_sharing_enabled":true,"jetpack_shortlink":"https:\/\/wp.me\/peQAOb-lCg","_links":{"self":[{"href":"https:\/\/noticiasribeiraopreto.com.br\/index.php\/wp-json\/wp\/v2\/posts\/83096","targetHints":{"allow":["GET"]}}],"collection":[{"href":"https:\/\/noticiasribeiraopreto.com.br\/index.php\/wp-json\/wp\/v2\/posts"}],"about":[{"href":"https:\/\/noticiasribeiraopreto.com.br\/index.php\/wp-json\/wp\/v2\/types\/post"}],"author":[{"embeddable":true,"href":"https:\/\/noticiasribeiraopreto.com.br\/index.php\/wp-json\/wp\/v2\/users\/1"}],"replies":[{"embeddable":true,"href":"https:\/\/noticiasribeiraopreto.com.br\/index.php\/wp-json\/wp\/v2\/comments?post=83096"}],"version-history":[{"count":0,"href":"https:\/\/noticiasribeiraopreto.com.br\/index.php\/wp-json\/wp\/v2\/posts\/83096\/revisions"}],"wp:featuredmedia":[{"embeddable":true,"href":"https:\/\/noticiasribeiraopreto.com.br\/index.php\/wp-json\/wp\/v2\/media\/83097"}],"wp:attachment":[{"href":"https:\/\/noticiasribeiraopreto.com.br\/index.php\/wp-json\/wp\/v2\/media?parent=83096"}],"wp:term":[{"taxonomy":"category","embeddable":true,"href":"https:\/\/noticiasribeiraopreto.com.br\/index.php\/wp-json\/wp\/v2\/categories?post=83096"},{"taxonomy":"post_tag","embeddable":true,"href":"https:\/\/noticiasribeiraopreto.com.br\/index.php\/wp-json\/wp\/v2\/tags?post=83096"}],"curies":[{"name":"wp","href":"https:\/\/api.w.org\/{rel}","templated":true}]}}