{"id":83104,"date":"2026-03-09T10:59:32","date_gmt":"2026-03-09T13:59:32","guid":{"rendered":"https:\/\/noticiasribeiraopreto.com.br\/index.php\/2026\/03\/09\/botafogo-conhece-tabela-detalhada-da-serie-b-veja-a-sequencia-de-jogos\/"},"modified":"2026-03-09T10:59:32","modified_gmt":"2026-03-09T13:59:32","slug":"botafogo-conhece-tabela-detalhada-da-serie-b-veja-a-sequencia-de-jogos","status":"publish","type":"post","link":"https:\/\/noticiasribeiraopreto.com.br\/index.php\/2026\/03\/09\/botafogo-conhece-tabela-detalhada-da-serie-b-veja-a-sequencia-de-jogos\/","title":{"rendered":"Botafogo conhece tabela detalhada da S\u00e9rie B; veja a sequ\u00eancia de jogos"},"content":{"rendered":"<div class='code-block code-block-1' style='margin: 8px 0 8px auto; text-align: right; display: block; clear: both;'>\n<p><a href=\"https:\/\/wa.link\/vpicfd\"><img data-recalc-dims=\"1\" class=\"wp-image-4922\" style=\"aspect-ratio: 2.0253164556962027; width: 561px; height: auto;\" src=\"https:\/\/i0.wp.com\/ismaelcolosi.com.br\/wp-content\/uploads\/2023\/11\/grupo-de-empregos-whatsapp-e-facebook-ismael-colosi-vagas.jpg?ssl=1\" alt=\"\" \/><\/a><\/p>\n<!-- \/wp:image -->\n<\/div>\n<p> <br \/>\n<\/p>\n<div>\n<p>A<strong> Confedera\u00e7\u00e3o Brasileira de Futebol (CBF)<\/strong> divulgou a tabela detalhada das cinco primeiras rodadas da S\u00e9rie B do Campeonato Brasileiro, e o <strong>Botafogo j\u00e1 conhece datas, hor\u00e1rios e advers\u00e1rios no in\u00edcio da competi\u00e7\u00e3o<\/strong>. O torneio come\u00e7a no dia <strong>21 de mar\u00e7o<\/strong>, um s\u00e1bado, e seguir\u00e1 com jogos definidos at\u00e9 <strong>20 de abril<\/strong>.<\/p>\n<p>O Pantera<strong> estreia em casa<\/strong>, no est\u00e1dio Santa Cruz, diante do <strong>Fortaleza<\/strong>, no dia <strong>21 de mar\u00e7o, \u00e0s 19h15<\/strong>. A partida faz parte da rodada de abertura da S\u00e9rie B, que contar\u00e1 com cinco confrontos no s\u00e1bado.<\/p>\n<div class=\"wp-block-image\">\n<figure class=\"aligncenter size-large\"><img data-recalc-dims=\"1\" fetchpriority=\"high\" decoding=\"async\" width=\"1024\" height=\"768\" src=\"https:\/\/i0.wp.com\/cdn.media-acidadeon.com.br\/ribeiraopreto\/wp-content\/uploads\/sites\/3\/2025\/11\/Imagem-do-WhatsApp-de-2025-11-01-as-14.35.54_9f4f87e4_2025-11-05_17-53-19-1024x768.webp?resize=1024%2C768&#038;ssl=1\" alt=\"botafogo\" class=\"wp-image-134841\" title=\"Botafogo conhece tabela detalhada da S\u00e9rie B; veja a sequ\u00eancia de jogos 1\" srcset=\"https:\/\/cdn.media-acidadeon.com.br\/ribeiraopreto\/wp-content\/uploads\/sites\/3\/2025\/11\/Imagem-do-WhatsApp-de-2025-11-01-as-14.35.54_9f4f87e4_2025-11-05_17-53-19-1024x768.webp 1024w, https:\/\/cdn.media-acidadeon.com.br\/ribeiraopreto\/wp-content\/uploads\/sites\/3\/2025\/11\/Imagem-do-WhatsApp-de-2025-11-01-as-14.35.54_9f4f87e4_2025-11-05_17-53-19-300x225.webp 300w, https:\/\/cdn.media-acidadeon.com.br\/ribeiraopreto\/wp-content\/uploads\/sites\/3\/2025\/11\/Imagem-do-WhatsApp-de-2025-11-01-as-14.35.54_9f4f87e4_2025-11-05_17-53-19-768x576.webp 768w, https:\/\/cdn.media-acidadeon.com.br\/ribeiraopreto\/wp-content\/uploads\/sites\/3\/2025\/11\/Imagem-do-WhatsApp-de-2025-11-01-as-14.35.54_9f4f87e4_2025-11-05_17-53-19-696x522.webp 696w, https:\/\/cdn.media-acidadeon.com.br\/ribeiraopreto\/wp-content\/uploads\/sites\/3\/2025\/11\/Imagem-do-WhatsApp-de-2025-11-01-as-14.35.54_9f4f87e4_2025-11-05_17-53-19-1068x801.webp 1068w, https:\/\/cdn.media-acidadeon.com.br\/ribeiraopreto\/wp-content\/uploads\/sites\/3\/2025\/11\/Imagem-do-WhatsApp-de-2025-11-01-as-14.35.54_9f4f87e4_2025-11-05_17-53-19.webp 1200w\" sizes=\"(max-width: 1024px) 100vw, 1024px\"\/><figcaption class=\"wp-element-caption\">Est\u00e1dio Santa Cruz \u2013 Foto: Guilherme Moro<\/figcaption><\/figure>\n<\/div>\n<p>Na <strong>segunda rodada<\/strong>, o Tricolor viaja para enfrentar o <strong>Am\u00e9rica-MG<\/strong>, no dia <strong>2 de abril<\/strong>, \u00e0s <strong>21h<\/strong>, em Belo Horizonte. Logo depois, a equipe volta a atuar em casa: na <strong>terceira rodada<\/strong>, encara o <strong>S\u00e3o Bernardo<\/strong>, no dia <strong>5 de abril<\/strong>, \u00e0s <strong>20h30<\/strong>.<\/p>\n<p>A sequ\u00eancia do Botafogo-SP continua fora de casa na <strong>quarta rodada<\/strong>, quando enfrenta o <strong>Crici\u00fama<\/strong>, no dia <strong>10 de abril<\/strong>, \u00e0s <strong>20h30<\/strong>, no est\u00e1dio Heriberto H\u00fclse. J\u00e1 na <strong>quinta rodada<\/strong>, o time retorna ao Santa Cruz para medir for\u00e7as com o <strong>Atl\u00e9tico-GO<\/strong>, no dia <strong>20 de abril<\/strong>, \u00e0s <strong>19h<\/strong>.<\/p>\n<figure class=\"wp-block-image aligncenter size-full is-resized\"><img data-recalc-dims=\"1\" loading=\"lazy\" decoding=\"async\" width=\"984\" height=\"614\" src=\"https:\/\/i0.wp.com\/cdn.media-acidadeon.com.br\/ribeiraopreto\/wp-content\/uploads\/sites\/3\/2026\/03\/image_2026-03-08_15-16-52.webp?resize=984%2C614&#038;ssl=1\" alt=\"s\u00e9rie b&#10;\" class=\"wp-image-148135\" style=\"width:888px;height:auto\" title=\"Botafogo conhece tabela detalhada da S\u00e9rie B; veja a sequ\u00eancia de jogos 2\" srcset=\"https:\/\/cdn.media-acidadeon.com.br\/ribeiraopreto\/wp-content\/uploads\/sites\/3\/2026\/03\/image_2026-03-08_15-16-52.webp 984w, https:\/\/cdn.media-acidadeon.com.br\/ribeiraopreto\/wp-content\/uploads\/sites\/3\/2026\/03\/image_2026-03-08_15-16-52-300x187.webp 300w, https:\/\/cdn.media-acidadeon.com.br\/ribeiraopreto\/wp-content\/uploads\/sites\/3\/2026\/03\/image_2026-03-08_15-16-52-768x479.webp 768w, https:\/\/cdn.media-acidadeon.com.br\/ribeiraopreto\/wp-content\/uploads\/sites\/3\/2026\/03\/image_2026-03-08_15-16-52-696x434.webp 696w\" sizes=\"auto, (max-width: 984px) 100vw, 984px\"\/><figcaption class=\"wp-element-caption\">Foto: Junior Souza\/CBF<\/figcaption><\/figure>\n<h3 class=\"wp-block-heading\"><strong>Jogos do Botafogo<\/strong><\/h3>\n<ul class=\"wp-block-list\">\n<li><strong>1\u00aa rodada:<\/strong><br \/>Botafogo x Fortaleza \u2013 21\/3, \u00e0s 19h15<\/li>\n<li><strong>2\u00aa rodada:<\/strong><br \/>Am\u00e9rica-MG x Botafogo \u2013 2\/4, \u00e0s 21h<\/li>\n<li><strong>3\u00aa rodada:<\/strong><br \/>Botafogo x S\u00e3o Bernardo \u2013 5\/4, \u00e0s 20h30<\/li>\n<li><strong>4\u00aa rodada:<\/strong><br \/>Crici\u00fama x Botafogo \u2013 10\/4, \u00e0s 20h30<\/li>\n<li><strong>5\u00aa rodada:<\/strong><br \/>Botafogo x Atl\u00e9tico-GO \u2013 20\/4, \u00e0s 19h<\/li>\n<\/ul>\n<hr class=\"wp-block-separator has-alpha-channel-opacity\"\/>\n<p>SAIBA MAIS<\/p>\n<p>Engenheiro aponta a\u00e7\u00f5es para melhorar tr\u00e2nsito no acesso \u00e0 Vargas pela rodovia de Bonfim Paulista<\/p>\n<p><strong>FIQUE ON<\/strong><\/p>\n<p>Fique ligado em tudo que acontece em Ribeir\u00e3o Preto e regi\u00e3o. Siga os perfis do<strong>\u00a0acidade on<\/strong>\u00a0no\u00a0<a href=\"https:\/\/www.instagram.com\/acidadeonribeirao\" target=\"_blank\" rel=\"noreferrer noopener\">Instagram<\/a>\u00a0e no\u00a0<a href=\"https:\/\/www.facebook.com\/acidadeonribeirao\/\" target=\"_blank\" rel=\"noreferrer noopener\">Facebook<\/a>.<\/p>\n<p>Receba not\u00edcias do<strong>\u00a0acidade on<\/strong>\u00a0no WhatsApp. Para entrar no grupo,\u00a0basta\u00a0<a href=\"https:\/\/chat.whatsapp.com\/GFH9HUMUTHNFJdnyEd0xxq\" target=\"_blank\" rel=\"noreferrer noopener\">clicar aqui<\/a>. Ou, acesse o nosso\u00a0Canal\u00a0<a href=\"https:\/\/whatsapp.com\/channel\/0029Vb6IQl1JENyAeS57fk2p\" target=\"_blank\" rel=\"noreferrer noopener\">clicando aqui<\/a>.<\/p>\n<p>Fa\u00e7a uma den\u00fancia ou sugira uma reportagem sobre Ribeir\u00e3o Preto e regi\u00e3o pelo WhatsApp: 16 99117 7802.<\/p>\n<p>VEJA TAMB\u00c9M<\/p>\n<p>Decora\u00e7\u00e3o pet friendly: 5 cuidados para garantir a seguran\u00e7a do seu animal<\/p>\n<p><!-- AI CONTENT END 1 -->\n<\/div>\n<p><script async src=\"\/\/www.instagram.com\/embed.js\"><\/script><br \/>\n<br \/><br \/>\n<br \/><a href=\"https:\/\/www.acidadeon.com\/ribeiraopreto\/esportes\/botafogo-conhece-tabela-detalhada-da-serie-b-veja-a-sequencia-de-jogos\/\">Source link <\/a><\/p>\n<!-- CONTENT END 1 -->\n","protected":false},"excerpt":{"rendered":"<p>A Confedera\u00e7\u00e3o Brasileira de Futebol (CBF) divulgou a tabela detalhada das cinco primeiras rodadas da S\u00e9rie B do Campeonato Brasileiro, e o Botafogo j\u00e1 conhece&#8230;<\/p>\n","protected":false},"author":1,"featured_media":81018,"comment_status":"open","ping_status":"open","sticky":false,"template":"","format":"standard","meta":{"advanced_seo_description":"","jetpack_seo_html_title":"","jetpack_seo_noindex":false,"jetpack_post_was_ever_published":false,"_jetpack_newsletter_access":"","_jetpack_dont_email_post_to_subs":false,"_jetpack_newsletter_tier_id":0,"_jetpack_memberships_contains_paywalled_content":false,"_jetpack_memberships_contains_paid_content":false,"footnotes":"","jetpack_publicize_message":"","jetpack_publicize_feature_enabled":true,"jetpack_social_post_already_shared":true,"jetpack_social_options":{"image_generator_settings":{"template":"highway","default_image_id":0,"font":"","enabled":false},"version":2}},"categories":[11],"tags":[],"class_list":["post-83104","post","type-post","status-publish","format-standard","has-post-thumbnail","hentry","category-noticias-de-ribeirao-preto-sp-e-regiao-ismael-colosi"],"jetpack_publicize_connections":[],"jetpack_featured_media_url":"https:\/\/i0.wp.com\/noticiasribeiraopreto.com.br\/wp-content\/uploads\/2025\/12\/Imagem-do-WhatsApp-de-2025-12-01-as-13.18.24_26a34174_2025-12-01_16-21-16.webp.webp?fit=1200%2C675&ssl=1","jetpack-related-posts":[{"id":84391,"url":"https:\/\/noticiasribeiraopreto.com.br\/index.php\/2026\/04\/08\/botafogo-conhece-tabela-da-6a-a-11a-rodada-da-serie-b-veja-os-detalhes\/","url_meta":{"origin":83104,"position":0},"title":"Botafogo conhece tabela da 6\u00aa \u00e0 11\u00aa rodada da S\u00e9rie B; veja os detalhes","author":"noticiasribeiraopreto.com.br","date":"8 de April de 2026","format":false,"excerpt":"Ler o resumo da not\u00edcia CBF publicou tabela da 6\u00aa \u00e0 11\u00aa rodada da S\u00e9rie B com jogos entre 22 de abril e 1\u00ba de junho. Botafogo de Ribeir\u00e3o Preto inicia sequ\u00eancia contra o Cuiab\u00e1, em 22\/4, \u00e0s 21h30, na Arena Pantanal. Advers\u00e1rios no per\u00edodo: N\u00e1utico, Novorizontino, Goi\u00e1s, Athletic-MG e\u2026","rel":"","context":"In &quot;Not\u00edcias de Ribeir\u00e3o Preto-SP e Regi\u00e3o&quot;","block_context":{"text":"Not\u00edcias de Ribeir\u00e3o Preto-SP e Regi\u00e3o","link":"https:\/\/noticiasribeiraopreto.com.br\/index.php\/category\/noticias-de-ribeirao-preto-sp-e-regiao-ismael-colosi\/"},"img":{"alt_text":"","src":"https:\/\/i0.wp.com\/noticiasribeiraopreto.com.br\/wp-content\/uploads\/2026\/04\/Imagem-do-WhatsApp-de-2025-12-01-as-13.18.24_26a34174_2025-12-01_16-21-16.webp.webp?fit=1200%2C675&ssl=1&resize=350%2C200","width":350,"height":200,"srcset":"https:\/\/i0.wp.com\/noticiasribeiraopreto.com.br\/wp-content\/uploads\/2026\/04\/Imagem-do-WhatsApp-de-2025-12-01-as-13.18.24_26a34174_2025-12-01_16-21-16.webp.webp?fit=1200%2C675&ssl=1&resize=350%2C200 1x, https:\/\/i0.wp.com\/noticiasribeiraopreto.com.br\/wp-content\/uploads\/2026\/04\/Imagem-do-WhatsApp-de-2025-12-01-as-13.18.24_26a34174_2025-12-01_16-21-16.webp.webp?fit=1200%2C675&ssl=1&resize=525%2C300 1.5x, https:\/\/i0.wp.com\/noticiasribeiraopreto.com.br\/wp-content\/uploads\/2026\/04\/Imagem-do-WhatsApp-de-2025-12-01-as-13.18.24_26a34174_2025-12-01_16-21-16.webp.webp?fit=1200%2C675&ssl=1&resize=700%2C400 2x, https:\/\/i0.wp.com\/noticiasribeiraopreto.com.br\/wp-content\/uploads\/2026\/04\/Imagem-do-WhatsApp-de-2025-12-01-as-13.18.24_26a34174_2025-12-01_16-21-16.webp.webp?fit=1200%2C675&ssl=1&resize=1050%2C600 3x"},"classes":[]},{"id":83088,"url":"https:\/\/noticiasribeiraopreto.com.br\/index.php\/2026\/03\/09\/botafogo-conhece-tabela-desembarca-da-serie-b-ate-a-quinta-rodada\/","url_meta":{"origin":83104,"position":1},"title":"Botafogo conhece tabela desembarca da S\u00e9rie b at\u00e9 a quinta rodada","author":"noticiasribeiraopreto.com.br","date":"9 de March de 2026","format":false,"excerpt":"\r \r \r 9 de mar\u00e7o de 2026 08:37 \r Compartilhar0 Tricolor pega o Fortaleza em casa no dia 21 \u00e0s 19h15 em Ribeir\u00e3o O Botafogo vai estrear diante do Fortaleza na S\u00e9rie B do Brasileiro no dia 21 (s\u00e1bado), \u00e0s 19h15, no Est\u00e1dio Santa Cruz\/Arena Nicnet. O dia e\u2026","rel":"","context":"In &quot;Not\u00edcias de Ribeir\u00e3o Preto-SP e Regi\u00e3o&quot;","block_context":{"text":"Not\u00edcias de Ribeir\u00e3o Preto-SP e Regi\u00e3o","link":"https:\/\/noticiasribeiraopreto.com.br\/index.php\/category\/noticias-de-ribeirao-preto-sp-e-regiao-ismael-colosi\/"},"img":{"alt_text":"","src":"https:\/\/i0.wp.com\/noticiasribeiraopreto.com.br\/wp-content\/uploads\/2026\/03\/55071267920_e6dd716df8_c.jpg?fit=799%2C533&ssl=1&resize=350%2C200","width":350,"height":200,"srcset":"https:\/\/i0.wp.com\/noticiasribeiraopreto.com.br\/wp-content\/uploads\/2026\/03\/55071267920_e6dd716df8_c.jpg?fit=799%2C533&ssl=1&resize=350%2C200 1x, https:\/\/i0.wp.com\/noticiasribeiraopreto.com.br\/wp-content\/uploads\/2026\/03\/55071267920_e6dd716df8_c.jpg?fit=799%2C533&ssl=1&resize=525%2C300 1.5x, https:\/\/i0.wp.com\/noticiasribeiraopreto.com.br\/wp-content\/uploads\/2026\/03\/55071267920_e6dd716df8_c.jpg?fit=799%2C533&ssl=1&resize=700%2C400 2x"},"classes":[]},{"id":61996,"url":"https:\/\/noticiasribeiraopreto.com.br\/index.php\/2024\/12\/30\/tabela-do-paulistao-a3-e-detalhada-veja-datas-e-horarios-dos-jogos-do-comercial\/","url_meta":{"origin":83104,"position":2},"title":"Tabela do Paulist\u00e3o A3 \u00e9 detalhada; Veja datas e hor\u00e1rios dos jogos do Comercial","author":"noticiasribeiraopreto.com.br","date":"30 de December de 2024","format":false,"excerpt":"A tabela detalhada do Campeonato Paulista da S\u00e9rie A3 2025 foi divulgada nesta segunda-feira (30). Com isso, a estreia do Comercial est\u00e1 marcada para o dia 18 de janeiro, \u00e0s 17h, contra o Lemense, no est\u00e1dio Est\u00e1dio Bruno Lazzarini, em Leme. A primeira partida do Le\u00e3o do Norte em Ribeir\u00e3o\u2026","rel":"","context":"In &quot;Not\u00edcias de Ribeir\u00e3o Preto-SP e Regi\u00e3o&quot;","block_context":{"text":"Not\u00edcias de Ribeir\u00e3o Preto-SP e Regi\u00e3o","link":"https:\/\/noticiasribeiraopreto.com.br\/index.php\/category\/noticias-de-ribeirao-preto-sp-e-regiao-ismael-colosi\/"},"img":{"alt_text":"","src":"https:\/\/i0.wp.com\/noticiasribeiraopreto.com.br\/wp-content\/uploads\/2024\/12\/1735607914_Copia-de-Copia-de-TAMANHO-EXATO-PARA-FOTOS-NO-SISTEMA-NOVO-61.jpg?fit=1200%2C675&ssl=1&resize=350%2C200","width":350,"height":200,"srcset":"https:\/\/i0.wp.com\/noticiasribeiraopreto.com.br\/wp-content\/uploads\/2024\/12\/1735607914_Copia-de-Copia-de-TAMANHO-EXATO-PARA-FOTOS-NO-SISTEMA-NOVO-61.jpg?fit=1200%2C675&ssl=1&resize=350%2C200 1x, https:\/\/i0.wp.com\/noticiasribeiraopreto.com.br\/wp-content\/uploads\/2024\/12\/1735607914_Copia-de-Copia-de-TAMANHO-EXATO-PARA-FOTOS-NO-SISTEMA-NOVO-61.jpg?fit=1200%2C675&ssl=1&resize=525%2C300 1.5x, https:\/\/i0.wp.com\/noticiasribeiraopreto.com.br\/wp-content\/uploads\/2024\/12\/1735607914_Copia-de-Copia-de-TAMANHO-EXATO-PARA-FOTOS-NO-SISTEMA-NOVO-61.jpg?fit=1200%2C675&ssl=1&resize=700%2C400 2x, https:\/\/i0.wp.com\/noticiasribeiraopreto.com.br\/wp-content\/uploads\/2024\/12\/1735607914_Copia-de-Copia-de-TAMANHO-EXATO-PARA-FOTOS-NO-SISTEMA-NOVO-61.jpg?fit=1200%2C675&ssl=1&resize=1050%2C600 3x"},"classes":[]},{"id":63740,"url":"https:\/\/noticiasribeiraopreto.com.br\/index.php\/2025\/02\/20\/botafogo-conhece-tabela-da-serie-b-2025-veja-os-confrontos\/","url_meta":{"origin":83104,"position":3},"title":"Botafogo conhece tabela da S\u00e9rie B 2025; Veja os confrontos","author":"noticiasribeiraopreto.com.br","date":"20 de February de 2025","format":false,"excerpt":"Na noite de quarta-feira (19), a Confedera\u00e7\u00e3o Brasileira de Futebol (CBF) divulgou a tabela b\u00e1sica do Campeonato Brasileiro da S\u00e9rie B 2025. O Botafogo estrear\u00e1 fora de casa, contra o Am\u00e9rica-MG, na Arena Independ\u00eancia. Na sequ\u00eancia, o Pantera far\u00e1 dois jogos consecutivos no Est\u00e1dio Santa Cruz\/Arena Nicnet. Na segunda rodada,\u2026","rel":"","context":"In &quot;Not\u00edcias de Ribeir\u00e3o Preto-SP e Regi\u00e3o&quot;","block_context":{"text":"Not\u00edcias de Ribeir\u00e3o Preto-SP e Regi\u00e3o","link":"https:\/\/noticiasribeiraopreto.com.br\/index.php\/category\/noticias-de-ribeirao-preto-sp-e-regiao-ismael-colosi\/"},"img":{"alt_text":"","src":"https:\/\/i0.wp.com\/noticiasribeiraopreto.com.br\/wp-content\/uploads\/2025\/02\/54263768152_1c0eb28214_o-scaled.jpg?fit=1200%2C800&ssl=1&resize=350%2C200","width":350,"height":200,"srcset":"https:\/\/i0.wp.com\/noticiasribeiraopreto.com.br\/wp-content\/uploads\/2025\/02\/54263768152_1c0eb28214_o-scaled.jpg?fit=1200%2C800&ssl=1&resize=350%2C200 1x, https:\/\/i0.wp.com\/noticiasribeiraopreto.com.br\/wp-content\/uploads\/2025\/02\/54263768152_1c0eb28214_o-scaled.jpg?fit=1200%2C800&ssl=1&resize=525%2C300 1.5x, https:\/\/i0.wp.com\/noticiasribeiraopreto.com.br\/wp-content\/uploads\/2025\/02\/54263768152_1c0eb28214_o-scaled.jpg?fit=1200%2C800&ssl=1&resize=700%2C400 2x, https:\/\/i0.wp.com\/noticiasribeiraopreto.com.br\/wp-content\/uploads\/2025\/02\/54263768152_1c0eb28214_o-scaled.jpg?fit=1200%2C800&ssl=1&resize=1050%2C600 3x"},"classes":[]},{"id":21227,"url":"https:\/\/noticiasribeiraopreto.com.br\/index.php\/2023\/12\/27\/veja-quando-santos-e-corinthians-vao-jogar-contra-o-botafogo-em-ribeirao-preto\/","url_meta":{"origin":83104,"position":4},"title":"Veja quando Santos e Corinthians v\u00e3o jogar contra o Botafogo em Ribeir\u00e3o Preto","author":"noticiasribeiraopreto.com.br","date":"27 de December de 2023","format":false,"excerpt":"A FPF (Federa\u00e7\u00e3o Paulista de Futebol) divulgou a tabela detalhada da primeira fase do Campeonato Paulista de 2024. Com isso, ficaram definidas as datas e os hor\u00e1rios em que Santos e Corinthians v\u00e3o jogar em Ribeir\u00e3o Preto contra o Botafogo pelo estadual \u2013 o Santos ainda vai enfrentar o Pantera\u2026","rel":"","context":"In &quot;Not\u00edcias de Ribeir\u00e3o Preto-SP e Regi\u00e3o&quot;","block_context":{"text":"Not\u00edcias de Ribeir\u00e3o Preto-SP e Regi\u00e3o","link":"https:\/\/noticiasribeiraopreto.com.br\/index.php\/category\/noticias-de-ribeirao-preto-sp-e-regiao-ismael-colosi\/"},"img":{"alt_text":"","src":"https:\/\/i0.wp.com\/noticiasribeiraopreto.com.br\/wp-content\/uploads\/2023\/12\/santos-corinthians.jpg?fit=1200%2C675&ssl=1&resize=350%2C200","width":350,"height":200,"srcset":"https:\/\/i0.wp.com\/noticiasribeiraopreto.com.br\/wp-content\/uploads\/2023\/12\/santos-corinthians.jpg?fit=1200%2C675&ssl=1&resize=350%2C200 1x, https:\/\/i0.wp.com\/noticiasribeiraopreto.com.br\/wp-content\/uploads\/2023\/12\/santos-corinthians.jpg?fit=1200%2C675&ssl=1&resize=525%2C300 1.5x, https:\/\/i0.wp.com\/noticiasribeiraopreto.com.br\/wp-content\/uploads\/2023\/12\/santos-corinthians.jpg?fit=1200%2C675&ssl=1&resize=700%2C400 2x, https:\/\/i0.wp.com\/noticiasribeiraopreto.com.br\/wp-content\/uploads\/2023\/12\/santos-corinthians.jpg?fit=1200%2C675&ssl=1&resize=1050%2C600 3x"},"classes":[]},{"id":75073,"url":"https:\/\/noticiasribeiraopreto.com.br\/index.php\/2025\/08\/02\/com-dois-gols-de-leo-gamalho-botafogo-vence-o-america-mg-e-encerra-jejum-na-serie-b\/","url_meta":{"origin":83104,"position":5},"title":"Com dois gols de L\u00e9o Gamalho, Botafogo vence o Am\u00e9rica-MG e encerra jejum na S\u00e9rie B","author":"noticiasribeiraopreto.com.br","date":"2 de August de 2025","format":false,"excerpt":"O Botafogo superou o Am\u00e9rica-MG por 2 a 1 na noite deste s\u00e1bado (2), no est\u00e1dio Santa Cruz, em Ribeir\u00e3o Preto. A vit\u00f3ria encerrou uma sequ\u00eancia de jogos sem triunfos na S\u00e9rie B do Campeonato Brasileiro. L\u00e9o Gamalho foi o nome da partida. O camisa 9 balan\u00e7ou as redes duas\u2026","rel":"","context":"In &quot;Not\u00edcias de Ribeir\u00e3o Preto-SP e Regi\u00e3o&quot;","block_context":{"text":"Not\u00edcias de Ribeir\u00e3o Preto-SP e Regi\u00e3o","link":"https:\/\/noticiasribeiraopreto.com.br\/index.php\/category\/noticias-de-ribeirao-preto-sp-e-regiao-ismael-colosi\/"},"img":{"alt_text":"","src":"https:\/\/i0.wp.com\/noticiasribeiraopreto.com.br\/wp-content\/uploads\/2025\/08\/a43bcc50-19c6-4054-8ddf-01d8577a9759_2025-08-03_00-05-01.webp.webp?fit=1200%2C800&ssl=1&resize=350%2C200","width":350,"height":200,"srcset":"https:\/\/i0.wp.com\/noticiasribeiraopreto.com.br\/wp-content\/uploads\/2025\/08\/a43bcc50-19c6-4054-8ddf-01d8577a9759_2025-08-03_00-05-01.webp.webp?fit=1200%2C800&ssl=1&resize=350%2C200 1x, https:\/\/i0.wp.com\/noticiasribeiraopreto.com.br\/wp-content\/uploads\/2025\/08\/a43bcc50-19c6-4054-8ddf-01d8577a9759_2025-08-03_00-05-01.webp.webp?fit=1200%2C800&ssl=1&resize=525%2C300 1.5x, https:\/\/i0.wp.com\/noticiasribeiraopreto.com.br\/wp-content\/uploads\/2025\/08\/a43bcc50-19c6-4054-8ddf-01d8577a9759_2025-08-03_00-05-01.webp.webp?fit=1200%2C800&ssl=1&resize=700%2C400 2x, https:\/\/i0.wp.com\/noticiasribeiraopreto.com.br\/wp-content\/uploads\/2025\/08\/a43bcc50-19c6-4054-8ddf-01d8577a9759_2025-08-03_00-05-01.webp.webp?fit=1200%2C800&ssl=1&resize=1050%2C600 3x"},"classes":[]}],"jetpack_sharing_enabled":true,"jetpack_shortlink":"https:\/\/wp.me\/peQAOb-lCo","_links":{"self":[{"href":"https:\/\/noticiasribeiraopreto.com.br\/index.php\/wp-json\/wp\/v2\/posts\/83104","targetHints":{"allow":["GET"]}}],"collection":[{"href":"https:\/\/noticiasribeiraopreto.com.br\/index.php\/wp-json\/wp\/v2\/posts"}],"about":[{"href":"https:\/\/noticiasribeiraopreto.com.br\/index.php\/wp-json\/wp\/v2\/types\/post"}],"author":[{"embeddable":true,"href":"https:\/\/noticiasribeiraopreto.com.br\/index.php\/wp-json\/wp\/v2\/users\/1"}],"replies":[{"embeddable":true,"href":"https:\/\/noticiasribeiraopreto.com.br\/index.php\/wp-json\/wp\/v2\/comments?post=83104"}],"version-history":[{"count":0,"href":"https:\/\/noticiasribeiraopreto.com.br\/index.php\/wp-json\/wp\/v2\/posts\/83104\/revisions"}],"wp:featuredmedia":[{"embeddable":true,"href":"https:\/\/noticiasribeiraopreto.com.br\/index.php\/wp-json\/wp\/v2\/media\/81018"}],"wp:attachment":[{"href":"https:\/\/noticiasribeiraopreto.com.br\/index.php\/wp-json\/wp\/v2\/media?parent=83104"}],"wp:term":[{"taxonomy":"category","embeddable":true,"href":"https:\/\/noticiasribeiraopreto.com.br\/index.php\/wp-json\/wp\/v2\/categories?post=83104"},{"taxonomy":"post_tag","embeddable":true,"href":"https:\/\/noticiasribeiraopreto.com.br\/index.php\/wp-json\/wp\/v2\/tags?post=83104"}],"curies":[{"name":"wp","href":"https:\/\/api.w.org\/{rel}","templated":true}]}}