{"id":83105,"date":"2026-03-09T11:06:35","date_gmt":"2026-03-09T14:06:35","guid":{"rendered":"https:\/\/noticiasribeiraopreto.com.br\/index.php\/2026\/03\/09\/mulher-fica-ferida-apos-capotar-veiculo\/"},"modified":"2026-03-09T11:06:35","modified_gmt":"2026-03-09T14:06:35","slug":"mulher-fica-ferida-apos-capotar-veiculo","status":"publish","type":"post","link":"https:\/\/noticiasribeiraopreto.com.br\/index.php\/2026\/03\/09\/mulher-fica-ferida-apos-capotar-veiculo\/","title":{"rendered":"Mulher fica ferida ap\u00f3s capotar ve\u00edculo"},"content":{"rendered":"<div class='code-block code-block-1' style='margin: 8px 0 8px auto; text-align: right; display: block; clear: both;'>\n<p><a href=\"https:\/\/wa.link\/vpicfd\"><img data-recalc-dims=\"1\" class=\"wp-image-4922\" style=\"aspect-ratio: 2.0253164556962027; width: 561px; height: auto;\" src=\"https:\/\/i0.wp.com\/ismaelcolosi.com.br\/wp-content\/uploads\/2023\/11\/grupo-de-empregos-whatsapp-e-facebook-ismael-colosi-vagas.jpg?ssl=1\" alt=\"\" \/><\/a><\/p>\n<!-- \/wp:image -->\n<\/div>\n<p> <br \/>\n<\/p>\n<div id=\"\">&#13;<\/p>\n<h2 class=\"penci-post-subtitle\">Acidente envolveu \u00f4nibus do transporte coletivo urbano de Ribeir\u00e3o Preto<\/h2>\n<p>&#13;<\/p>\n<p>&#13;<br \/>\n\t\t\t\t\t\t\t\t\t<span class=\"entry-meta-item penci-posted-on\"><i class=\"fa fa-clock-o\"\/><time class=\"entry-date published updated\" datetime=\"2026-03-09T11:02:29-03:00\">9 de mar\u00e7o de 2026 11:02<\/time><\/span><span class=\"entry-meta-item penci-post-countview\"\/>\t\t\t\t\t\t\t\t<\/p>\n<p><!-- .entry-meta -->&#13;<br \/>\n\t\t\t\t\t\t\t\t<span class=\"penci-social-buttons penci-social-share-footer\"><span class=\"penci-social-share-text\">Compartilhar<\/span><a href=\"#\" class=\"penci-post-like penci_post-meta_item  single-like-button penci-social-item like\" data-post_id=\"456809\" title=\"Like\" data-like=\"Like\" data-unlike=\"Unlike\"><i class=\"fa fa-thumbs-o-up\"\/><span class=\"penci-share-number\">1<\/span><\/a><i class=\"fa fa-facebook\"\/><a class=\"penci-social-item twitter\" target=\"_blank\" rel=\"noopener\" title=\"\" href=\"https:\/\/twitter.com\/intent\/tweet?text=Mulher%20fica%20ferida%20ap\u00f3s%20capotar%20ve\u00edculo%20-%20https:\/\/www.tribunaribeirao.com.br\/mulher-fica-ferida-apos-capotar-veiculo\/\"><i class=\"fa fa-twitter\"\/><\/a><i class=\"fa fa-linkedin\"\/><i class=\"fa fa-whatsapp\"\/><i class=\"fa fa-telegram\"\/><i class=\"fa fa-envelope\"\/><\/span>\t\t\t\t\t\t\t<\/div>\n<div>\n<p>Por: Alfredo Risk e Adalberto Luque \u2013<\/p>\n<p>Uma mulher ficou ferida ap\u00f3s sofrer um capotamento, na manh\u00e3 desta segunda-feira (8). O acidente ocorreu no final da avenida Dom Pedro, pr\u00f3ximo \u00e0 conflu\u00eancia com a avenida Luiz Galv\u00e3o C\u00e9sar, no Alto do Ipiranga, na divisa das zonas Oeste e Norte de Ribeir\u00e3o Preto.<\/p>\n<p>O acidente envolveu um carro e um \u00f4nibus do Cons\u00f3rcio Pr\u00f3Urbano, que opera o transporte coletivo urbano na cidade. De acordo com o motorista do coletivo, que seguia na pista da direita, sentido ao Jardim Jos\u00e9 Sampaio, a mulher teria mudado bruscamente de faixa.<\/p>\n<figure id=\"attachment_456802\" aria-describedby=\"caption-attachment-456802\" style=\"width: 1170px\" class=\"wp-caption alignnone\"><img data-recalc-dims=\"1\" loading=\"lazy\" decoding=\"async\" class=\"size-full wp-image-456802 lazyload\" src=\"https:\/\/i0.wp.com\/www.tribunaribeirao.com.br\/wp-content\/uploads\/2026\/03\/09-mar-2026-acidentecocacola2-scaled.jpg?resize=1170%2C780&#038;ssl=1\" alt=\"\" width=\"1170\" height=\"780\" srcset=\"https:\/\/www.tribunaribeirao.com.br\/wp-content\/uploads\/2026\/03\/09-mar-2026-acidentecocacola2-scaled.jpg 1170w, https:\/\/www.tribunaribeirao.com.br\/wp-content\/uploads\/2026\/03\/09-mar-2026-acidentecocacola2-300x200.jpg 300w, https:\/\/www.tribunaribeirao.com.br\/wp-content\/uploads\/2026\/03\/09-mar-2026-acidentecocacola2-1024x683.jpg 1024w, https:\/\/www.tribunaribeirao.com.br\/wp-content\/uploads\/2026\/03\/09-mar-2026-acidentecocacola2-768x512.jpg 768w, https:\/\/www.tribunaribeirao.com.br\/wp-content\/uploads\/2026\/03\/09-mar-2026-acidentecocacola2-1536x1024.jpg 1536w, https:\/\/www.tribunaribeirao.com.br\/wp-content\/uploads\/2026\/03\/09-mar-2026-acidentecocacola2-480x320.jpg 480w, https:\/\/www.tribunaribeirao.com.br\/wp-content\/uploads\/2026\/03\/09-mar-2026-acidentecocacola2-280x186.jpg 280w, https:\/\/www.tribunaribeirao.com.br\/wp-content\/uploads\/2026\/03\/09-mar-2026-acidentecocacola2-960x640.jpg 960w, https:\/\/www.tribunaribeirao.com.br\/wp-content\/uploads\/2026\/03\/09-mar-2026-acidentecocacola2-600x400.jpg 600w, https:\/\/www.tribunaribeirao.com.br\/wp-content\/uploads\/2026\/03\/09-mar-2026-acidentecocacola2-585x390.jpg 585w\" data-sizes=\"(max-width: 1170px) 100vw, 1170px\" style=\"--smush-placeholder-width: 1170px; --smush-placeholder-aspect-ratio: 1170\/780;\"\/><figcaption id=\"caption-attachment-456802\" class=\"wp-caption-text\">Acidente envolveu o carro e um \u00f4nibus do transporte coletivo urbano de Ribeir\u00e3o Preto (Foto: Alfredo Risk)<\/figcaption><\/figure>\n<p>Ao fazer a convers\u00e3o, a roda traseira do carro atingiu a dianteira do \u00f4nibus, que n\u00e3o conseguiu evitar a colis\u00e3o. Com o impacto, o ve\u00edculo capotou. Uma equipe do Servi\u00e7o de Atendimento M\u00f3vel de Urg\u00eancia (SAMU) foi acionada.<\/p>\n<p>A mulher foi levada para o Hospital Benefic\u00eancia Portuguesa, na regi\u00e3o Central. Seu estado de sa\u00fade, todavia, n\u00e3o foi informado. A reportagem entrou em contato com a Pr\u00f3Urbano, mas at\u00e9 a publica\u00e7\u00e3o da reportagem n\u00e3o recebeu retorno.<\/p>\n<\/div>\n<p><script async src=\"\/\/platform.twitter.com\/widgets.js\" charset=\"utf-8\"><\/script><br \/>\n<br \/><br \/>\n<br \/><a href=\"https:\/\/www.tribunaribeirao.com.br\/mulher-fica-ferida-apos-capotar-veiculo\/\">Source link <\/a><\/p>\n<!-- CONTENT END 1 -->\n","protected":false},"excerpt":{"rendered":"<p>&#13; Acidente envolveu \u00f4nibus do transporte coletivo urbano de Ribeir\u00e3o Preto &#13; &#13; 9 de mar\u00e7o de 2026 11:02 &#13; Compartilhar1 Por: Alfredo Risk e&#8230;<\/p>\n","protected":false},"author":1,"featured_media":83106,"comment_status":"open","ping_status":"open","sticky":false,"template":"","format":"standard","meta":{"advanced_seo_description":"","jetpack_seo_html_title":"","jetpack_seo_noindex":false,"jetpack_post_was_ever_published":false,"_jetpack_newsletter_access":"","_jetpack_dont_email_post_to_subs":false,"_jetpack_newsletter_tier_id":0,"_jetpack_memberships_contains_paywalled_content":false,"_jetpack_memberships_contains_paid_content":false,"footnotes":"","jetpack_publicize_message":"","jetpack_publicize_feature_enabled":true,"jetpack_social_post_already_shared":true,"jetpack_social_options":{"image_generator_settings":{"template":"highway","default_image_id":0,"font":"","enabled":false},"version":2}},"categories":[11],"tags":[],"class_list":["post-83105","post","type-post","status-publish","format-standard","has-post-thumbnail","hentry","category-noticias-de-ribeirao-preto-sp-e-regiao-ismael-colosi"],"jetpack_publicize_connections":[],"jetpack_featured_media_url":"https:\/\/i0.wp.com\/noticiasribeiraopreto.com.br\/wp-content\/uploads\/2026\/03\/09-mar-2026-acidentecocacola-scaled.jpg?fit=1170%2C780&ssl=1","jetpack-related-posts":[{"id":39221,"url":"https:\/\/noticiasribeiraopreto.com.br\/index.php\/2024\/02\/23\/20-vagas-de-empregos-entre-e-veja-oportunidades-de-trabalho-em-ribeirao-preto-sp-19\/","url_meta":{"origin":83105,"position":0},"title":"20 vagas de empregos: entre e veja oportunidades de trabalho em Ribeir\u00e3o Preto-SP","author":"noticiasribeiraopreto.com.br","date":"23 de February de 2024","format":false,"excerpt":"Lista de Vagas em Ribeir\u00e3o Preto Ribeir\u00e3o Preto - SP Caixa Ver mais Ribeir\u00e3o Preto - SP AUXILIAR DE ALMOXARIFE Ver mais Ribeir\u00e3o Preto - SP VIGILANTE Ver mais Ribeir\u00e3o Preto - SP Operador de Rastreamento Ver mais Ribeir\u00e3o Preto - SP Almoxarife Ver mais Ribeir\u00e3o Preto - SP Vendedor(a)\u2026","rel":"","context":"In &quot;Vagas de Emprego em Ribeir\u00e3o Preto-SP&quot;","block_context":{"text":"Vagas de Emprego em Ribeir\u00e3o Preto-SP","link":"https:\/\/noticiasribeiraopreto.com.br\/index.php\/category\/empregos-classificados-vagas-trabalho\/vagas-de-empregos-em-ribeirao-preto-regiao-brasil\/"},"img":{"alt_text":"","src":"","width":0,"height":0},"classes":[]},{"id":26325,"url":"https:\/\/noticiasribeiraopreto.com.br\/index.php\/2024\/01\/09\/20-vagas-de-empregos-entre-e-veja-oportunidades-de-trabalho-em-ribeirao-preto-sp-11\/","url_meta":{"origin":83105,"position":1},"title":"20 vagas de empregos: entre e veja oportunidades de trabalho em Ribeir\u00e3o Preto-SP","author":"noticiasribeiraopreto.com.br","date":"9 de January de 2024","format":false,"excerpt":"Lista de Vagas em Ribeir\u00e3o Preto Ribeir\u00e3o Preto - SP AMBEV \u2013 Vendas \u2013 Representante de Neg\u00f3cio II Ver mais Ribeir\u00e3o Preto - SP L\u00edder de Cart\u00e3o Ver mais Ribeir\u00e3o Preto - SP Comercial | Gerente de Neg\u00f3cios I Ver mais Ribeir\u00e3o Preto - SP Santa Casa de Ribeir\u00e3o Preto:\u2026","rel":"","context":"In &quot;Vagas de Emprego em Ribeir\u00e3o Preto-SP&quot;","block_context":{"text":"Vagas de Emprego em Ribeir\u00e3o Preto-SP","link":"https:\/\/noticiasribeiraopreto.com.br\/index.php\/category\/empregos-classificados-vagas-trabalho\/vagas-de-empregos-em-ribeirao-preto-regiao-brasil\/"},"img":{"alt_text":"","src":"https:\/\/i0.wp.com\/noticiasribeiraopreto.com.br\/wp-content\/uploads\/2024\/01\/1704839995_maxresdefault.jpg?fit=1200%2C675&ssl=1&resize=350%2C200","width":350,"height":200,"srcset":"https:\/\/i0.wp.com\/noticiasribeiraopreto.com.br\/wp-content\/uploads\/2024\/01\/1704839995_maxresdefault.jpg?fit=1200%2C675&ssl=1&resize=350%2C200 1x, https:\/\/i0.wp.com\/noticiasribeiraopreto.com.br\/wp-content\/uploads\/2024\/01\/1704839995_maxresdefault.jpg?fit=1200%2C675&ssl=1&resize=525%2C300 1.5x, https:\/\/i0.wp.com\/noticiasribeiraopreto.com.br\/wp-content\/uploads\/2024\/01\/1704839995_maxresdefault.jpg?fit=1200%2C675&ssl=1&resize=700%2C400 2x, https:\/\/i0.wp.com\/noticiasribeiraopreto.com.br\/wp-content\/uploads\/2024\/01\/1704839995_maxresdefault.jpg?fit=1200%2C675&ssl=1&resize=1050%2C600 3x"},"classes":[]},{"id":54653,"url":"https:\/\/noticiasribeiraopreto.com.br\/index.php\/2024\/07\/15\/gerente-de-fabrica\/","url_meta":{"origin":83105,"position":2},"title":"Gerente de F\u00e1brica","author":"noticiasribeiraopreto.com.br","date":"15 de July de 2024","format":false,"excerpt":"Gerente de F\u00e1bricaCampinasView JobDiretor IndustrialS\u00e3o Jos\u00e9 dos CamposView JobGerente de MarketingRibeir\u00e3o PretoView JobDiretor de SustentabilidadeCampinas\/SPView JobDiretor de RHRibeir\u00e3o PretoView JobCoordenador de Marketing Ribeir\u00e3o PretoView JobGerente de Log\u00edsticaRibeir\u00e3o PretoView JobDiretor AdministrativoRibeir\u00e3o PretoView JobSupervisor de VendasRibeir\u00e3o Preto\/SPView JobDiretor Industrial \u2013 Agroneg\u00f3cioRibeir\u00e3o PretoView JobDiretor Geral de Unidade de Neg\u00f3cio B2B - EdtechRibeir\u00e3o PretoView\u2026","rel":"","context":"In &quot;Vagas de Emprego em Ribeir\u00e3o Preto-SP&quot;","block_context":{"text":"Vagas de Emprego em Ribeir\u00e3o Preto-SP","link":"https:\/\/noticiasribeiraopreto.com.br\/index.php\/category\/empregos-classificados-vagas-trabalho\/vagas-de-empregos-em-ribeirao-preto-regiao-brasil\/"},"img":{"alt_text":"","src":"","width":0,"height":0},"classes":[]},{"id":29993,"url":"https:\/\/noticiasribeiraopreto.com.br\/index.php\/2024\/01\/19\/20-vagas-de-empregos-entre-e-veja-oportunidades-de-trabalho-em-ribeirao-preto-sp-16\/","url_meta":{"origin":83105,"position":3},"title":"20 vagas de empregos: entre e veja oportunidades de trabalho em Ribeir\u00e3o Preto-SP","author":"noticiasribeiraopreto.com.br","date":"19 de January de 2024","format":false,"excerpt":"Lista de Vagas em Ribeir\u00e3o Preto Ribeir\u00e3o Preto - SP ASSISTENTE DE LOJA Ver mais Ribeir\u00e3o Preto - SP Terapeuta Ocupacional Ver mais Ribeir\u00e3o Preto - SP Jovem Aprendiz Administrativo Ver mais Ribeir\u00e3o Preto - SP Vendedor(a) \u00d3tica Ver mais Ribeir\u00e3o Preto - SP Auxiliar de Estoque Ver mais Ribeir\u00e3o\u2026","rel":"","context":"In &quot;Vagas de Emprego em Ribeir\u00e3o Preto-SP&quot;","block_context":{"text":"Vagas de Emprego em Ribeir\u00e3o Preto-SP","link":"https:\/\/noticiasribeiraopreto.com.br\/index.php\/category\/empregos-classificados-vagas-trabalho\/vagas-de-empregos-em-ribeirao-preto-regiao-brasil\/"},"img":{"alt_text":"","src":"https:\/\/i0.wp.com\/noticiasribeiraopreto.com.br\/wp-content\/uploads\/2024\/01\/1705707376_maxresdefault.jpg?fit=1200%2C675&ssl=1&resize=350%2C200","width":350,"height":200,"srcset":"https:\/\/i0.wp.com\/noticiasribeiraopreto.com.br\/wp-content\/uploads\/2024\/01\/1705707376_maxresdefault.jpg?fit=1200%2C675&ssl=1&resize=350%2C200 1x, https:\/\/i0.wp.com\/noticiasribeiraopreto.com.br\/wp-content\/uploads\/2024\/01\/1705707376_maxresdefault.jpg?fit=1200%2C675&ssl=1&resize=525%2C300 1.5x, https:\/\/i0.wp.com\/noticiasribeiraopreto.com.br\/wp-content\/uploads\/2024\/01\/1705707376_maxresdefault.jpg?fit=1200%2C675&ssl=1&resize=700%2C400 2x, https:\/\/i0.wp.com\/noticiasribeiraopreto.com.br\/wp-content\/uploads\/2024\/01\/1705707376_maxresdefault.jpg?fit=1200%2C675&ssl=1&resize=1050%2C600 3x"},"classes":[]},{"id":27240,"url":"https:\/\/noticiasribeiraopreto.com.br\/index.php\/2024\/01\/11\/20-vagas-de-empregos-entre-e-veja-oportunidades-de-trabalho-em-ribeirao-preto-sp-12\/","url_meta":{"origin":83105,"position":4},"title":"20 vagas de empregos: entre e veja oportunidades de trabalho em Ribeir\u00e3o Preto-SP","author":"noticiasribeiraopreto.com.br","date":"11 de January de 2024","format":false,"excerpt":"Lista de Vagas em Ribeir\u00e3o Preto Ribeir\u00e3o Preto - SP Silcar Pneus \u2013 Vendedora Interna Ver mais Ribeir\u00e3o Preto - SP AMBEV \u2013 Vendas \u2013 Representante de Neg\u00f3cio II Ver mais Ribeir\u00e3o Preto - SP L\u00edder de Cart\u00e3o Ver mais Ribeir\u00e3o Preto - SP Comercial | Gerente de Neg\u00f3cios I\u2026","rel":"","context":"In &quot;Vagas de Emprego em Ribeir\u00e3o Preto-SP&quot;","block_context":{"text":"Vagas de Emprego em Ribeir\u00e3o Preto-SP","link":"https:\/\/noticiasribeiraopreto.com.br\/index.php\/category\/empregos-classificados-vagas-trabalho\/vagas-de-empregos-em-ribeirao-preto-regiao-brasil\/"},"img":{"alt_text":"","src":"","width":0,"height":0},"classes":[]},{"id":54325,"url":"https:\/\/noticiasribeiraopreto.com.br\/index.php\/2024\/07\/08\/30-novas-vagas-de-emprego-em-ribeirao-preto-sp-102\/","url_meta":{"origin":83105,"position":5},"title":"30 novas vagas de emprego em Ribeir\u00e3o Preto-SP","author":"noticiasribeiraopreto.com.br","date":"8 de July de 2024","format":false,"excerpt":"Gerente de F\u00e1bricaCampinasView JobDiretor IndustrialS\u00e3o Jos\u00e9 dos CamposView JobGerente de MarketingRibeir\u00e3o PretoView JobDiretor de SustentabilidadeCampinas\/SPView JobDiretor de RHRibeir\u00e3o PretoView JobCoordenador de Marketing Ribeir\u00e3o PretoView JobGerente de Log\u00edsticaRibeir\u00e3o PretoView JobDiretor AdministrativoRibeir\u00e3o PretoView JobSupervisor de VendasRibeir\u00e3o Preto\/SPView JobDiretor Industrial \u2013 Agroneg\u00f3cioRibeir\u00e3o PretoView JobDiretor Geral de Unidade de Neg\u00f3cio B2B - EdtechRibeir\u00e3o PretoView\u2026","rel":"","context":"In &quot;Vagas de Emprego em Ribeir\u00e3o Preto-SP&quot;","block_context":{"text":"Vagas de Emprego em Ribeir\u00e3o Preto-SP","link":"https:\/\/noticiasribeiraopreto.com.br\/index.php\/category\/empregos-classificados-vagas-trabalho\/vagas-de-empregos-em-ribeirao-preto-regiao-brasil\/"},"img":{"alt_text":"","src":"","width":0,"height":0},"classes":[]}],"jetpack_sharing_enabled":true,"jetpack_shortlink":"https:\/\/wp.me\/peQAOb-lCp","_links":{"self":[{"href":"https:\/\/noticiasribeiraopreto.com.br\/index.php\/wp-json\/wp\/v2\/posts\/83105","targetHints":{"allow":["GET"]}}],"collection":[{"href":"https:\/\/noticiasribeiraopreto.com.br\/index.php\/wp-json\/wp\/v2\/posts"}],"about":[{"href":"https:\/\/noticiasribeiraopreto.com.br\/index.php\/wp-json\/wp\/v2\/types\/post"}],"author":[{"embeddable":true,"href":"https:\/\/noticiasribeiraopreto.com.br\/index.php\/wp-json\/wp\/v2\/users\/1"}],"replies":[{"embeddable":true,"href":"https:\/\/noticiasribeiraopreto.com.br\/index.php\/wp-json\/wp\/v2\/comments?post=83105"}],"version-history":[{"count":0,"href":"https:\/\/noticiasribeiraopreto.com.br\/index.php\/wp-json\/wp\/v2\/posts\/83105\/revisions"}],"wp:featuredmedia":[{"embeddable":true,"href":"https:\/\/noticiasribeiraopreto.com.br\/index.php\/wp-json\/wp\/v2\/media\/83106"}],"wp:attachment":[{"href":"https:\/\/noticiasribeiraopreto.com.br\/index.php\/wp-json\/wp\/v2\/media?parent=83105"}],"wp:term":[{"taxonomy":"category","embeddable":true,"href":"https:\/\/noticiasribeiraopreto.com.br\/index.php\/wp-json\/wp\/v2\/categories?post=83105"},{"taxonomy":"post_tag","embeddable":true,"href":"https:\/\/noticiasribeiraopreto.com.br\/index.php\/wp-json\/wp\/v2\/tags?post=83105"}],"curies":[{"name":"wp","href":"https:\/\/api.w.org\/{rel}","templated":true}]}}