{"id":83107,"date":"2026-03-09T11:09:41","date_gmt":"2026-03-09T14:09:41","guid":{"rendered":"https:\/\/noticiasribeiraopreto.com.br\/index.php\/2026\/03\/09\/operacao-contra-crime-organizado-prende-suspeito-de-sequestros-e-apreende-bmw-de-r-600-mil\/"},"modified":"2026-03-09T11:09:41","modified_gmt":"2026-03-09T14:09:41","slug":"operacao-contra-crime-organizado-prende-suspeito-de-sequestros-e-apreende-bmw-de-r-600-mil","status":"publish","type":"post","link":"https:\/\/noticiasribeiraopreto.com.br\/index.php\/2026\/03\/09\/operacao-contra-crime-organizado-prende-suspeito-de-sequestros-e-apreende-bmw-de-r-600-mil\/","title":{"rendered":"Opera\u00e7\u00e3o contra crime organizado prende suspeito de sequestros e apreende BMW de R$ 600 mil"},"content":{"rendered":"<div class='code-block code-block-1' style='margin: 8px 0 8px auto; text-align: right; display: block; clear: both;'>\n<p><a href=\"https:\/\/wa.link\/vpicfd\"><img data-recalc-dims=\"1\" class=\"wp-image-4922\" style=\"aspect-ratio: 2.0253164556962027; width: 561px; height: auto;\" src=\"https:\/\/i0.wp.com\/ismaelcolosi.com.br\/wp-content\/uploads\/2023\/11\/grupo-de-empregos-whatsapp-e-facebook-ismael-colosi-vagas.jpg?ssl=1\" alt=\"\" \/><\/a><\/p>\n<!-- \/wp:image -->\n<\/div>\n<p> <br \/>\n<\/p>\n<div data-td-block-uid=\"tdi_95\">\n<div class=\"tdb-block-inner td-fix-index\">\n<p>Uma opera\u00e7\u00e3o da Pol\u00edcia Civil realizada nas primeiras horas da manh\u00e3 deste domingo (8) resultou na pris\u00e3o de um suspeito de integrar uma organiza\u00e7\u00e3o criminosa investigada por envolvimento em <strong>sequestros e lavagem de dinheiro no interior de S\u00e3o Paulo.<\/strong><\/p>\n<p><strong>O suspeito foi localizado e preso na cidade de Guariba.<\/strong> De acordo com a Pol\u00edcia Civil, ele \u00e9 apontado nas investiga\u00e7\u00f5es como um dos poss\u00edveis l\u00edderes de um grupo criminoso respons\u00e1vel por sequestros registrados em cidades como Jaboticabal, Monte Alto e Campinas.<\/p>\n<div class=\"wp-block-image\">\n<figure class=\"aligncenter size-large is-resized\"><img data-recalc-dims=\"1\" fetchpriority=\"high\" decoding=\"async\" width=\"1024\" height=\"771\" src=\"https:\/\/i0.wp.com\/cdn.media-acidadeon.com.br\/ribeiraopreto\/wp-content\/uploads\/sites\/3\/2026\/03\/image_2026-03-08_13-24-09-1024x771.webp?resize=1024%2C771&#038;ssl=1\" alt=\"opera\u00e7\u00e3o\" class=\"wp-image-148129\" style=\"width:768px;height:auto\" title=\"Opera\u00e7\u00e3o contra crime organizado prende suspeito de sequestros e apreende BMW de R$ 600 mil 1\" srcset=\"https:\/\/cdn.media-acidadeon.com.br\/ribeiraopreto\/wp-content\/uploads\/sites\/3\/2026\/03\/image_2026-03-08_13-24-09-1024x771.webp 1024w, https:\/\/cdn.media-acidadeon.com.br\/ribeiraopreto\/wp-content\/uploads\/sites\/3\/2026\/03\/image_2026-03-08_13-24-09-300x226.webp 300w, https:\/\/cdn.media-acidadeon.com.br\/ribeiraopreto\/wp-content\/uploads\/sites\/3\/2026\/03\/image_2026-03-08_13-24-09-768x578.webp 768w, https:\/\/cdn.media-acidadeon.com.br\/ribeiraopreto\/wp-content\/uploads\/sites\/3\/2026\/03\/image_2026-03-08_13-24-09-696x524.webp 696w, https:\/\/cdn.media-acidadeon.com.br\/ribeiraopreto\/wp-content\/uploads\/sites\/3\/2026\/03\/image_2026-03-08_13-24-09-1068x804.webp 1068w, https:\/\/cdn.media-acidadeon.com.br\/ribeiraopreto\/wp-content\/uploads\/sites\/3\/2026\/03\/image_2026-03-08_13-24-09.webp 1200w\" sizes=\"(max-width: 1024px) 100vw, 1024px\"\/><\/figure>\n<\/div>\n<p>A a\u00e7\u00e3o foi conduzida por equipes das Delegacias Especializadas de Sert\u00e3ozinho e pelo Setor de Investiga\u00e7\u00f5es Gerais (SIG) de Jaboticabal, ap\u00f3s um per\u00edodo de investiga\u00e7\u00f5es conduzidas pelas unidades policiais.<\/p>\n<h3 class=\"wp-block-heading\"><strong>Ve\u00edculos apreendidos durante a opera\u00e7\u00e3o<\/strong><\/h3>\n<p>Durante as dilig\u00eancias, que contaram com apoio da Pol\u00edcia Militar, os policiais tamb\u00e9m apreenderam ve\u00edculos que, segundo a investiga\u00e7\u00e3o, seriam utilizados pela organiza\u00e7\u00e3o criminosa. Entre eles est\u00e1 uma <strong>BMW avaliada em aproximadamente R$ 600 mil.<\/strong><\/p>\n<p>Segundo a Pol\u00edcia Civil, outros integrantes do grupo j\u00e1 haviam sido presos em opera\u00e7\u00f5es anteriores realizadas em munic\u00edpios do litoral paulista, em cidades de Minas Gerais e tamb\u00e9m em Jaboticabal.<\/p>\n<figure class=\"wp-block-gallery has-nested-images columns-default is-cropped wp-block-gallery-1 is-layout-flex wp-block-gallery-is-layout-flex\">\n<figure class=\"wp-block-image size-large\"><img data-recalc-dims=\"1\" loading=\"lazy\" decoding=\"async\" width=\"1024\" height=\"771\" data-id=\"148127\" src=\"https:\/\/i0.wp.com\/cdn.media-acidadeon.com.br\/ribeiraopreto\/wp-content\/uploads\/sites\/3\/2026\/03\/image_2026-03-08_13-23-45-1024x771.webp?resize=1024%2C771&#038;ssl=1\" alt=\"opera\u00e7\u00e3o\" class=\"wp-image-148127\" title=\"Opera\u00e7\u00e3o contra crime organizado prende suspeito de sequestros e apreende BMW de R$ 600 mil 2\" srcset=\"https:\/\/cdn.media-acidadeon.com.br\/ribeiraopreto\/wp-content\/uploads\/sites\/3\/2026\/03\/image_2026-03-08_13-23-45-1024x771.webp 1024w, https:\/\/cdn.media-acidadeon.com.br\/ribeiraopreto\/wp-content\/uploads\/sites\/3\/2026\/03\/image_2026-03-08_13-23-45-300x226.webp 300w, https:\/\/cdn.media-acidadeon.com.br\/ribeiraopreto\/wp-content\/uploads\/sites\/3\/2026\/03\/image_2026-03-08_13-23-45-768x578.webp 768w, https:\/\/cdn.media-acidadeon.com.br\/ribeiraopreto\/wp-content\/uploads\/sites\/3\/2026\/03\/image_2026-03-08_13-23-45-696x524.webp 696w, https:\/\/cdn.media-acidadeon.com.br\/ribeiraopreto\/wp-content\/uploads\/sites\/3\/2026\/03\/image_2026-03-08_13-23-45-1068x804.webp 1068w, https:\/\/cdn.media-acidadeon.com.br\/ribeiraopreto\/wp-content\/uploads\/sites\/3\/2026\/03\/image_2026-03-08_13-23-45.webp 1200w\" sizes=\"auto, (max-width: 1024px) 100vw, 1024px\"\/><\/figure>\n<figure class=\"wp-block-image size-large\"><img data-recalc-dims=\"1\" loading=\"lazy\" decoding=\"async\" width=\"576\" height=\"1024\" data-id=\"148126\" src=\"https:\/\/i0.wp.com\/cdn.media-acidadeon.com.br\/ribeiraopreto\/wp-content\/uploads\/sites\/3\/2026\/03\/image_2026-03-08_13-23-34-576x1024.webp?resize=576%2C1024&#038;ssl=1\" alt=\"pol\u00edcia\" class=\"wp-image-148126\" title=\"Opera\u00e7\u00e3o contra crime organizado prende suspeito de sequestros e apreende BMW de R$ 600 mil 3\" srcset=\"https:\/\/cdn.media-acidadeon.com.br\/ribeiraopreto\/wp-content\/uploads\/sites\/3\/2026\/03\/image_2026-03-08_13-23-34-576x1024.webp 576w, https:\/\/cdn.media-acidadeon.com.br\/ribeiraopreto\/wp-content\/uploads\/sites\/3\/2026\/03\/image_2026-03-08_13-23-34-169x300.webp 169w, https:\/\/cdn.media-acidadeon.com.br\/ribeiraopreto\/wp-content\/uploads\/sites\/3\/2026\/03\/image_2026-03-08_13-23-34-768x1365.webp 768w, https:\/\/cdn.media-acidadeon.com.br\/ribeiraopreto\/wp-content\/uploads\/sites\/3\/2026\/03\/image_2026-03-08_13-23-34-864x1536.webp 864w, https:\/\/cdn.media-acidadeon.com.br\/ribeiraopreto\/wp-content\/uploads\/sites\/3\/2026\/03\/image_2026-03-08_13-23-34-696x1237.webp 696w, https:\/\/cdn.media-acidadeon.com.br\/ribeiraopreto\/wp-content\/uploads\/sites\/3\/2026\/03\/image_2026-03-08_13-23-34.webp 900w\" sizes=\"auto, (max-width: 576px) 100vw, 576px\"\/><\/figure>\n<\/figure>\n<hr class=\"wp-block-separator has-alpha-channel-opacity\"\/>\n<p>SAIBA MAIS<\/p>\n<p>Engenheiro aponta a\u00e7\u00f5es para melhorar tr\u00e2nsito no acesso \u00e0 Vargas pela rodovia de Bonfim Paulista<\/p>\n<p><strong>FIQUE ON<\/strong><\/p>\n<p>Fique ligado em tudo que acontece em Ribeir\u00e3o Preto e regi\u00e3o. Siga os perfis do<strong>\u00a0acidade on<\/strong>\u00a0no\u00a0<a href=\"https:\/\/www.instagram.com\/acidadeonribeirao\" target=\"_blank\" rel=\"noreferrer noopener\">Instagram<\/a>\u00a0e no\u00a0<a href=\"https:\/\/www.facebook.com\/acidadeonribeirao\/\" target=\"_blank\" rel=\"noreferrer noopener\">Facebook<\/a>.<\/p>\n<p>Receba not\u00edcias do<strong>\u00a0acidade on<\/strong>\u00a0no WhatsApp. Para entrar no grupo,\u00a0basta\u00a0<a href=\"https:\/\/chat.whatsapp.com\/GFH9HUMUTHNFJdnyEd0xxq\" target=\"_blank\" rel=\"noreferrer noopener\">clicar aqui<\/a>. Ou, acesse o nosso\u00a0Canal\u00a0<a href=\"https:\/\/whatsapp.com\/channel\/0029Vb6IQl1JENyAeS57fk2p\" target=\"_blank\" rel=\"noreferrer noopener\">clicando aqui<\/a>.<\/p>\n<p>Fa\u00e7a uma den\u00fancia ou sugira uma reportagem sobre Ribeir\u00e3o Preto e regi\u00e3o pelo WhatsApp: 16 99117 7802.<\/p>\n<p>VEJA TAMB\u00c9M<\/p>\n<p>Decora\u00e7\u00e3o pet friendly: 5 cuidados para garantir a seguran\u00e7a do seu animal<strong><br \/><\/strong><\/p>\n<p><!-- AI CONTENT END 1 -->\n<\/div>\n<\/div>\n<p><script async src=\"\/\/www.instagram.com\/embed.js\"><\/script><br \/>\n<br \/><br \/>\n<br \/><a href=\"https:\/\/www.acidadeon.com\/ribeiraopreto\/cotidiano\/operacao-contra-crime-organizado-prende-suspeito-de-sequestros-e-apreende-bmw-de-r-600-mil\/\">Source link <\/a><\/p>\n<!-- CONTENT END 1 -->\n","protected":false},"excerpt":{"rendered":"<p>Uma opera\u00e7\u00e3o da Pol\u00edcia Civil realizada nas primeiras horas da manh\u00e3 deste domingo (8) resultou na pris\u00e3o de um suspeito de integrar uma organiza\u00e7\u00e3o criminosa&#8230;<\/p>\n","protected":false},"author":1,"featured_media":83108,"comment_status":"open","ping_status":"open","sticky":false,"template":"","format":"standard","meta":{"advanced_seo_description":"","jetpack_seo_html_title":"","jetpack_seo_noindex":false,"jetpack_post_was_ever_published":false,"_jetpack_newsletter_access":"","_jetpack_dont_email_post_to_subs":false,"_jetpack_newsletter_tier_id":0,"_jetpack_memberships_contains_paywalled_content":false,"_jetpack_memberships_contains_paid_content":false,"footnotes":"","jetpack_publicize_message":"","jetpack_publicize_feature_enabled":true,"jetpack_social_post_already_shared":true,"jetpack_social_options":{"image_generator_settings":{"template":"highway","default_image_id":0,"font":"","enabled":false},"version":2}},"categories":[11],"tags":[],"class_list":["post-83107","post","type-post","status-publish","format-standard","has-post-thumbnail","hentry","category-noticias-de-ribeirao-preto-sp-e-regiao-ismael-colosi"],"jetpack_publicize_connections":[],"jetpack_featured_media_url":"https:\/\/i0.wp.com\/noticiasribeiraopreto.com.br\/wp-content\/uploads\/2026\/03\/palace-51_2026-03-08_13-31-31.webp.webp?fit=1200%2C675&ssl=1","jetpack-related-posts":[{"id":83086,"url":"https:\/\/noticiasribeiraopreto.com.br\/index.php\/2026\/03\/09\/homem-e-preso-em-operacao-na-regiao\/","url_meta":{"origin":83107,"position":0},"title":"Homem \u00e9 preso em opera\u00e7\u00e3o na regi\u00e3o","author":"noticiasribeiraopreto.com.br","date":"9 de March de 2026","format":false,"excerpt":"\r A\u00e7\u00e3o ocorreu no \u00e2mbito da segunda fase da Opera\u00e7\u00e3o Criptopix contra grupo que extorquia empres\u00e1rios\r \r 9 de mar\u00e7o de 2026 08:179 de mar\u00e7o de 2026 07:43 \r Compartilhar1 Por: Adalberto Luque \u2013 Um homem foi preso, na manh\u00e3 deste domingo (8) durante a segunda fase da Opera\u00e7\u00e3o Criptopix,\u2026","rel":"","context":"In &quot;Not\u00edcias de Ribeir\u00e3o Preto-SP e Regi\u00e3o&quot;","block_context":{"text":"Not\u00edcias de Ribeir\u00e3o Preto-SP e Regi\u00e3o","link":"https:\/\/noticiasribeiraopreto.com.br\/index.php\/category\/noticias-de-ribeirao-preto-sp-e-regiao-ismael-colosi\/"},"img":{"alt_text":"","src":"https:\/\/i0.wp.com\/noticiasribeiraopreto.com.br\/wp-content\/uploads\/2026\/03\/09-mar-2026-operacaocriptopix2-scaled.jpg?fit=961%2C780&ssl=1&resize=350%2C200","width":350,"height":200,"srcset":"https:\/\/i0.wp.com\/noticiasribeiraopreto.com.br\/wp-content\/uploads\/2026\/03\/09-mar-2026-operacaocriptopix2-scaled.jpg?fit=961%2C780&ssl=1&resize=350%2C200 1x, https:\/\/i0.wp.com\/noticiasribeiraopreto.com.br\/wp-content\/uploads\/2026\/03\/09-mar-2026-operacaocriptopix2-scaled.jpg?fit=961%2C780&ssl=1&resize=525%2C300 1.5x, https:\/\/i0.wp.com\/noticiasribeiraopreto.com.br\/wp-content\/uploads\/2026\/03\/09-mar-2026-operacaocriptopix2-scaled.jpg?fit=961%2C780&ssl=1&resize=700%2C400 2x"},"classes":[]},{"id":83767,"url":"https:\/\/noticiasribeiraopreto.com.br\/index.php\/2026\/03\/25\/mais-quatro-presos-na-operacao-criptopix\/","url_meta":{"origin":83107,"position":1},"title":"Mais quatro presos na \u201cOpera\u00e7\u00e3o Criptopix\u201d","author":"noticiasribeiraopreto.com.br","date":"25 de March de 2026","format":false,"excerpt":"\r Pris\u00f5es ocorreram nas cidades de Jaboticabal, Monte alto, Osasco e Itapecerica da Serra, as duas \u00faltimas na Grande S\u00e3o Paulo\r \r 25 de mar\u00e7o de 2026 12:3825 de mar\u00e7o de 2026 18:23 \r Compartilhar2 Por: Adalberto Luque \u2013 A Pol\u00edcia Civil prendeu mais quatro envolvidos em sequestros de empres\u00e1rios\u2026","rel":"","context":"In &quot;Not\u00edcias de Ribeir\u00e3o Preto-SP e Regi\u00e3o&quot;","block_context":{"text":"Not\u00edcias de Ribeir\u00e3o Preto-SP e Regi\u00e3o","link":"https:\/\/noticiasribeiraopreto.com.br\/index.php\/category\/noticias-de-ribeirao-preto-sp-e-regiao-ismael-colosi\/"},"img":{"alt_text":"","src":"https:\/\/i0.wp.com\/noticiasribeiraopreto.com.br\/wp-content\/uploads\/2026\/03\/25-mar-2026-criptopixterceira-scaled.jpg?fit=1169%2C780&ssl=1&resize=350%2C200","width":350,"height":200,"srcset":"https:\/\/i0.wp.com\/noticiasribeiraopreto.com.br\/wp-content\/uploads\/2026\/03\/25-mar-2026-criptopixterceira-scaled.jpg?fit=1169%2C780&ssl=1&resize=350%2C200 1x, https:\/\/i0.wp.com\/noticiasribeiraopreto.com.br\/wp-content\/uploads\/2026\/03\/25-mar-2026-criptopixterceira-scaled.jpg?fit=1169%2C780&ssl=1&resize=525%2C300 1.5x, https:\/\/i0.wp.com\/noticiasribeiraopreto.com.br\/wp-content\/uploads\/2026\/03\/25-mar-2026-criptopixterceira-scaled.jpg?fit=1169%2C780&ssl=1&resize=700%2C400 2x, https:\/\/i0.wp.com\/noticiasribeiraopreto.com.br\/wp-content\/uploads\/2026\/03\/25-mar-2026-criptopixterceira-scaled.jpg?fit=1169%2C780&ssl=1&resize=1050%2C600 3x"},"classes":[]},{"id":64071,"url":"https:\/\/noticiasribeiraopreto.com.br\/index.php\/2025\/02\/28\/suspeito-de-sequestro-em-interior-de-sp-ostentava-luxo-nas-redes-sociais\/","url_meta":{"origin":83107,"position":2},"title":"Suspeito de sequestro em interior de SP ostentava luxo nas redes sociais","author":"noticiasribeiraopreto.com.br","date":"28 de February de 2025","format":false,"excerpt":"Um dos l\u00edderes da quadrilha que sequestrou e roubou um idoso em Tai\u00fava, no interior de S\u00e3o Paulo, foi alvo de uma opera\u00e7\u00e3o da Pol\u00edcia Civil de Bebedouro, realizada nesta sexta-feira (28). Eric Ant\u00f4nio Pereira de Souza, que ostentava uma vida de luxo nas redes sociais, compartilhando imagens de festas,\u2026","rel":"","context":"In &quot;Not\u00edcias de Ribeir\u00e3o Preto-SP e Regi\u00e3o&quot;","block_context":{"text":"Not\u00edcias de Ribeir\u00e3o Preto-SP e Regi\u00e3o","link":"https:\/\/noticiasribeiraopreto.com.br\/index.php\/category\/noticias-de-ribeirao-preto-sp-e-regiao-ismael-colosi\/"},"img":{"alt_text":"","src":"https:\/\/i0.wp.com\/noticiasribeiraopreto.com.br\/wp-content\/uploads\/2025\/02\/Copia-de-Copia-de-Copia-de-TAMANHO-EXATO-PARA-FOTOS-NO-SISTEMA-NOVO-2025-02-28T154051.432_2025-02-28_18-42-07_png_2025-02-28_18-42-07.webp.webp?fit=1200%2C675&ssl=1&resize=350%2C200","width":350,"height":200,"srcset":"https:\/\/i0.wp.com\/noticiasribeiraopreto.com.br\/wp-content\/uploads\/2025\/02\/Copia-de-Copia-de-Copia-de-TAMANHO-EXATO-PARA-FOTOS-NO-SISTEMA-NOVO-2025-02-28T154051.432_2025-02-28_18-42-07_png_2025-02-28_18-42-07.webp.webp?fit=1200%2C675&ssl=1&resize=350%2C200 1x, https:\/\/i0.wp.com\/noticiasribeiraopreto.com.br\/wp-content\/uploads\/2025\/02\/Copia-de-Copia-de-Copia-de-TAMANHO-EXATO-PARA-FOTOS-NO-SISTEMA-NOVO-2025-02-28T154051.432_2025-02-28_18-42-07_png_2025-02-28_18-42-07.webp.webp?fit=1200%2C675&ssl=1&resize=525%2C300 1.5x, https:\/\/i0.wp.com\/noticiasribeiraopreto.com.br\/wp-content\/uploads\/2025\/02\/Copia-de-Copia-de-Copia-de-TAMANHO-EXATO-PARA-FOTOS-NO-SISTEMA-NOVO-2025-02-28T154051.432_2025-02-28_18-42-07_png_2025-02-28_18-42-07.webp.webp?fit=1200%2C675&ssl=1&resize=700%2C400 2x, https:\/\/i0.wp.com\/noticiasribeiraopreto.com.br\/wp-content\/uploads\/2025\/02\/Copia-de-Copia-de-Copia-de-TAMANHO-EXATO-PARA-FOTOS-NO-SISTEMA-NOVO-2025-02-28T154051.432_2025-02-28_18-42-07_png_2025-02-28_18-42-07.webp.webp?fit=1200%2C675&ssl=1&resize=1050%2C600 3x"},"classes":[]},{"id":80969,"url":"https:\/\/noticiasribeiraopreto.com.br\/index.php\/2025\/12\/19\/video-policia-civil-caca-sequestradores-de-empresario\/","url_meta":{"origin":83107,"position":3},"title":"V\u00cdDEO &#8211; Pol\u00edcia Civil ca\u00e7a sequestradores de empres\u00e1rio","author":"noticiasribeiraopreto.com.br","date":"19 de December de 2025","format":false,"excerpt":"\r Opera\u00e7\u00e3o simult\u00e2nea \u00e9 realizada em Ribeir\u00e3o Preto, Guaruj\u00e1 e Capital, para cumprir mandados de pris\u00e3o e de busca contra envolvidos\r \r 19 de dezembro de 2025 09:57 \r Compartilhar2 Por: Adalberto Luque \u2013 A Pol\u00edcia Civil est\u00e1 realizando uma grande opera\u00e7\u00e3o, na manh\u00e3 desta sexta-feira (19), contra suspeitos de\u2026","rel":"","context":"In &quot;Not\u00edcias de Ribeir\u00e3o Preto-SP e Regi\u00e3o&quot;","block_context":{"text":"Not\u00edcias de Ribeir\u00e3o Preto-SP e Regi\u00e3o","link":"https:\/\/noticiasribeiraopreto.com.br\/index.php\/category\/noticias-de-ribeirao-preto-sp-e-regiao-ismael-colosi\/"},"img":{"alt_text":"","src":"https:\/\/i0.wp.com\/noticiasribeiraopreto.com.br\/wp-content\/uploads\/2025\/12\/19-dez-2025-rastofinal1.jpg?fit=788%2C780&ssl=1&resize=350%2C200","width":350,"height":200,"srcset":"https:\/\/i0.wp.com\/noticiasribeiraopreto.com.br\/wp-content\/uploads\/2025\/12\/19-dez-2025-rastofinal1.jpg?fit=788%2C780&ssl=1&resize=350%2C200 1x, https:\/\/i0.wp.com\/noticiasribeiraopreto.com.br\/wp-content\/uploads\/2025\/12\/19-dez-2025-rastofinal1.jpg?fit=788%2C780&ssl=1&resize=525%2C300 1.5x, https:\/\/i0.wp.com\/noticiasribeiraopreto.com.br\/wp-content\/uploads\/2025\/12\/19-dez-2025-rastofinal1.jpg?fit=788%2C780&ssl=1&resize=700%2C400 2x"},"classes":[]},{"id":41290,"url":"https:\/\/noticiasribeiraopreto.com.br\/index.php\/2024\/03\/07\/empresaria-de-ribeirao-preto-e-vitima-do-golpe-do-falso-sequestro\/","url_meta":{"origin":83107,"position":4},"title":"Empres\u00e1ria de Ribeir\u00e3o Preto \u00e9 v\u00edtima do golpe do falso sequestro","author":"noticiasribeiraopreto.com.br","date":"7 de March de 2024","format":false,"excerpt":"Uma empres\u00e1ria de Ribeir\u00e3o Preto caiu no golpe do falso sequestro no \u00faltimo m\u00eas de fevereiro. Nesta quinta-feira (7), a Pol\u00edcia Civil deflagrou a segunda-feira da Opera\u00e7\u00e3o Repetundarum, que investiga os acusados de envolvimento com a quadrilha que pratica estelionatos na regi\u00e3o. Um motorista de aplicativo foi interrogado pela Pol\u00edcia\u2026","rel":"","context":"In &quot;Not\u00edcias de Ribeir\u00e3o Preto-SP e Regi\u00e3o&quot;","block_context":{"text":"Not\u00edcias de Ribeir\u00e3o Preto-SP e Regi\u00e3o","link":"https:\/\/noticiasribeiraopreto.com.br\/index.php\/category\/noticias-de-ribeirao-preto-sp-e-regiao-ismael-colosi\/"},"img":{"alt_text":"","src":"https:\/\/noticiasribeiraopreto.com.br\/wp-content\/uploads\/2023\/11\/whatsapp_image_2022-08-14_at_12_10_03.jpe","width":350,"height":200,"srcset":"https:\/\/noticiasribeiraopreto.com.br\/wp-content\/uploads\/2023\/11\/whatsapp_image_2022-08-14_at_12_10_03.jpe 1x, https:\/\/noticiasribeiraopreto.com.br\/wp-content\/uploads\/2023\/11\/whatsapp_image_2022-08-14_at_12_10_03.jpe 1.5x, https:\/\/noticiasribeiraopreto.com.br\/wp-content\/uploads\/2023\/11\/whatsapp_image_2022-08-14_at_12_10_03.jpe 2x, https:\/\/noticiasribeiraopreto.com.br\/wp-content\/uploads\/2023\/11\/whatsapp_image_2022-08-14_at_12_10_03.jpe 3x"},"classes":[]},{"id":17717,"url":"https:\/\/noticiasribeiraopreto.com.br\/index.php\/2023\/12\/19\/grupo-sequestra-4-pessoas-e-cometem-crimes-barbaros-deixando-cidade-assombrada\/","url_meta":{"origin":83107,"position":5},"title":"Grupo sequestra 4 pessoas e cometem crimes b\u00e1rbaros deixando cidade assombrada","author":"noticiasribeiraopreto.com.br","date":"19 de December de 2023","format":false,"excerpt":"No \u00faltimo s\u00e1bado (16), tr\u00eas indiv\u00edduos realizaram o sequestro e tortura de quatro pessoas no munic\u00edpio de Papanduva, localizado na regi\u00e3o do Planalto Norte de Santa Catarina.O homem de 34 anos, uma das v\u00edtimas, foi descoberto sem vida em um rio da localidade. Al\u00e9m dos atos de tortura, suspeita-se que\u2026","rel":"","context":"In &quot;Blog&quot;","block_context":{"text":"Blog","link":"https:\/\/noticiasribeiraopreto.com.br\/index.php\/category\/blog\/"},"img":{"alt_text":"","src":"https:\/\/i0.wp.com\/noticiasribeiraopreto.com.br\/wp-content\/uploads\/2023\/12\/postimg-658104c38c31a9831.jpg?fit=1200%2C628&ssl=1&resize=350%2C200","width":350,"height":200,"srcset":"https:\/\/i0.wp.com\/noticiasribeiraopreto.com.br\/wp-content\/uploads\/2023\/12\/postimg-658104c38c31a9831.jpg?fit=1200%2C628&ssl=1&resize=350%2C200 1x, https:\/\/i0.wp.com\/noticiasribeiraopreto.com.br\/wp-content\/uploads\/2023\/12\/postimg-658104c38c31a9831.jpg?fit=1200%2C628&ssl=1&resize=525%2C300 1.5x, https:\/\/i0.wp.com\/noticiasribeiraopreto.com.br\/wp-content\/uploads\/2023\/12\/postimg-658104c38c31a9831.jpg?fit=1200%2C628&ssl=1&resize=700%2C400 2x, https:\/\/i0.wp.com\/noticiasribeiraopreto.com.br\/wp-content\/uploads\/2023\/12\/postimg-658104c38c31a9831.jpg?fit=1200%2C628&ssl=1&resize=1050%2C600 3x"},"classes":[]}],"jetpack_sharing_enabled":true,"jetpack_shortlink":"https:\/\/wp.me\/peQAOb-lCr","_links":{"self":[{"href":"https:\/\/noticiasribeiraopreto.com.br\/index.php\/wp-json\/wp\/v2\/posts\/83107","targetHints":{"allow":["GET"]}}],"collection":[{"href":"https:\/\/noticiasribeiraopreto.com.br\/index.php\/wp-json\/wp\/v2\/posts"}],"about":[{"href":"https:\/\/noticiasribeiraopreto.com.br\/index.php\/wp-json\/wp\/v2\/types\/post"}],"author":[{"embeddable":true,"href":"https:\/\/noticiasribeiraopreto.com.br\/index.php\/wp-json\/wp\/v2\/users\/1"}],"replies":[{"embeddable":true,"href":"https:\/\/noticiasribeiraopreto.com.br\/index.php\/wp-json\/wp\/v2\/comments?post=83107"}],"version-history":[{"count":0,"href":"https:\/\/noticiasribeiraopreto.com.br\/index.php\/wp-json\/wp\/v2\/posts\/83107\/revisions"}],"wp:featuredmedia":[{"embeddable":true,"href":"https:\/\/noticiasribeiraopreto.com.br\/index.php\/wp-json\/wp\/v2\/media\/83108"}],"wp:attachment":[{"href":"https:\/\/noticiasribeiraopreto.com.br\/index.php\/wp-json\/wp\/v2\/media?parent=83107"}],"wp:term":[{"taxonomy":"category","embeddable":true,"href":"https:\/\/noticiasribeiraopreto.com.br\/index.php\/wp-json\/wp\/v2\/categories?post=83107"},{"taxonomy":"post_tag","embeddable":true,"href":"https:\/\/noticiasribeiraopreto.com.br\/index.php\/wp-json\/wp\/v2\/tags?post=83107"}],"curies":[{"name":"wp","href":"https:\/\/api.w.org\/{rel}","templated":true}]}}