{"id":83109,"date":"2026-03-09T15:56:42","date_gmt":"2026-03-09T18:56:42","guid":{"rendered":"https:\/\/noticiasribeiraopreto.com.br\/index.php\/2026\/03\/09\/rp-mobi-aplica-selo-verificador-2026-nos-veiculos-escolares\/"},"modified":"2026-03-09T15:56:42","modified_gmt":"2026-03-09T18:56:42","slug":"rp-mobi-aplica-selo-verificador-2026-nos-veiculos-escolares","status":"publish","type":"post","link":"https:\/\/noticiasribeiraopreto.com.br\/index.php\/2026\/03\/09\/rp-mobi-aplica-selo-verificador-2026-nos-veiculos-escolares\/","title":{"rendered":"RP Mobi aplica \u2018Selo Verificador 2026\u2019 nos ve\u00edculos escolares"},"content":{"rendered":"<div class='code-block code-block-1' style='margin: 8px 0 8px auto; text-align: right; display: block; clear: both;'>\n<p><a href=\"https:\/\/wa.link\/vpicfd\"><img data-recalc-dims=\"1\" class=\"wp-image-4922\" style=\"aspect-ratio: 2.0253164556962027; width: 561px; height: auto;\" src=\"https:\/\/i0.wp.com\/ismaelcolosi.com.br\/wp-content\/uploads\/2023\/11\/grupo-de-empregos-whatsapp-e-facebook-ismael-colosi-vagas.jpg?ssl=1\" alt=\"\" \/><\/a><\/p>\n<!-- \/wp:image -->\n<\/div>\n<p> <br \/>\n<\/p>\n<div>\n<p>A RP Mobi, empresa de mobilidade urbana de Ribeir\u00e3o Preto, come\u00e7ou nesta segunda-feira, 9 de mar\u00e7o, a aplica\u00e7\u00e3o do Selo Verificador de Seguran\u00e7a do 1\u00ba Semestre de 2026 nos ve\u00edculos escolares (vans, micro-\u00f4nibus e \u00f4nibus).<\/p>\n<p>Para receber este comprovante de regularidade os ve\u00edculos passam por vistoria realizada pela equipe do Detran e, em seguida, apresentam aos fiscais da RP Mobi um documento que atesta a seguran\u00e7a do ve\u00edculo.<\/p>\n<p>A RP Mobi informa que essa vistoria \u00e9 realizada com o intuito de garantir mais seguran\u00e7a aos alunos e, consequentemente, a entrega do Selo Verificador serve para identificar se o ve\u00edculo est\u00e1 regularizado. A empresa alerta que antes de contratar o servi\u00e7o de transporte escolar, os pais de alunos devem verificar se o ve\u00edculo e o condutor possuem este documento de permiss\u00e3o.<\/p>\n<p>Permission\u00e1rios que realizam o transporte escolar na cidade tamb\u00e9m destacam a import\u00e2ncia da vistoria. O motorista Claudio Bernardes Bologna afirmou que considera o selo essencial para o servi\u00e7o. \u201c\u00c9 de extrema import\u00e2ncia, pois mostra que o ve\u00edculo est\u00e1 passando por uma fiscaliza\u00e7\u00e3o, est\u00e1 sinalizado e permitido a circular\u201d, disse.<\/p>\n<p>A condutora Manuela Donizette contou que participa do processo h\u00e1 anos. Segundo ela, a vistoria \u00e9 feita regularmente desde 2015. \u201cFa\u00e7o todo ano, \u00e9 uma forma de garantir que est\u00e1 tudo certo para transportar os alunos\u201d, comentou.<\/p>\n<p>O transporte escolar \u00e9 regulamentado pela Lei Municipal n\u00ba 2662\/2014, sendo realizadas vistorias semestralmente em todos os ve\u00edculos deste segmento. O objetivo \u00e9 garantir principalmente seguran\u00e7a aos alunos usu\u00e1rios.<\/p>\n<p>A RP Mobi alerta que a equipe do departamento de Permiss\u00f5es promove a aplica\u00e7\u00e3o do adesivo na sua sede, na rua General C\u00e2mara, das 8h30 \u00e0s 11h e das 13h45 \u00e0s 16h30.<\/p>\n<p>Mais informa\u00e7\u00f5es pelo telefone: (16) 3934-9531.<\/p>\n<p>Atendimento por final placa:<\/p>\n<p>Dia \u2013 Final da Placa<\/p>\n<p><br class=\"Apple-interchange-newline\"\/><img data-recalc-dims=\"1\" loading=\"lazy\" decoding=\"async\" class=\"wp-image-456824 alignright lazyload\" src=\"https:\/\/i0.wp.com\/www.tribunaribeirao.com.br\/wp-content\/uploads\/2026\/03\/selovan_03-300x200.jpg?resize=368%2C245&#038;ssl=1\" alt=\"\" width=\"368\" height=\"245\" srcset=\"https:\/\/www.tribunaribeirao.com.br\/wp-content\/uploads\/2026\/03\/selovan_03-300x200.jpg 300w, https:\/\/www.tribunaribeirao.com.br\/wp-content\/uploads\/2026\/03\/selovan_03-1024x682.jpg 1024w, https:\/\/www.tribunaribeirao.com.br\/wp-content\/uploads\/2026\/03\/selovan_03-768x511.jpg 768w, https:\/\/www.tribunaribeirao.com.br\/wp-content\/uploads\/2026\/03\/selovan_03-480x320.jpg 480w, https:\/\/www.tribunaribeirao.com.br\/wp-content\/uploads\/2026\/03\/selovan_03-280x186.jpg 280w, https:\/\/www.tribunaribeirao.com.br\/wp-content\/uploads\/2026\/03\/selovan_03-960x639.jpg 960w, https:\/\/www.tribunaribeirao.com.br\/wp-content\/uploads\/2026\/03\/selovan_03-601x400.jpg 601w, https:\/\/www.tribunaribeirao.com.br\/wp-content\/uploads\/2026\/03\/selovan_03-585x390.jpg 585w, https:\/\/www.tribunaribeirao.com.br\/wp-content\/uploads\/2026\/03\/selovan_03-scaled.jpg 1171w\" data-sizes=\"(max-width: 368px) 100vw, 368px\" style=\"--smush-placeholder-width: 368px; --smush-placeholder-aspect-ratio: 368\/245;\"\/><\/p>\n<p>09\/03 \u2013 segunda-feira 1 e 2<\/p>\n<p>10\/03 \u2013 ter\u00e7a-feira\u00a0\u00a0\u00a0\u00a0\u00a0\u00a0 3 e 4<\/p>\n<p>11\/03 \u2013 quarta-feira\u00a0\u00a0\u00a0 5<\/p>\n<p>12\/03 \u2013 quinta-feira\u00a0\u00a0\u00a0 6<\/p>\n<p>13\/03 \u2013 sexta-feira\u00a0\u00a0\u00a0\u00a0\u00a0 7<\/p>\n<p>16\/03 \u2013 segunda-feira 8<\/p>\n<p>17\/03 \u2013 ter\u00e7a-feira\u00a0\u00a0\u00a0\u00a0\u00a0\u00a0 9<\/p>\n<p>18\/03 \u2013 quarta-feira\u00a0\u00a0\u00a0 0<\/p>\n<p>19\/03 \u2013 quinta-feira\u00a0\u00a0\u00a0 0<\/p>\n<p>20\/03 \u2013 quinta-feira\u00a0\u00a0\u00a0 retorno<\/p>\n<p>\u00a0<\/p>\n<p>Os permission\u00e1rios dever\u00e3o se apresentar munidos dos documentos abaixo relacionados, tanto para o titular quanto para o auxiliar:<\/p>\n<p>\u00b7\u00a0\u00a0 C\u00f3pia do Certificado de Registro e Licenciamento do Ve\u00edculo (CRLV)<\/p>\n<p>\u00b7\u00a0\u00a0 Ficha de Estacionamento de 2025 (carteirinha);<\/p>\n<p>\u00b7\u00a0\u00a0 Certid\u00e3o de Distribui\u00e7\u00e3o de A\u00e7\u00f5es Criminais (F\u00f3rum ou http:\/\/www.tjsp.jus.br);<\/p>\n<p>\u00b7\u00a0\u00a0 Certid\u00e3o de Distribui\u00e7\u00e3o de\u00a0 Justi\u00e7a Federal 1\u00ba Grau SP (http:\/\/www.jfsp.jus.br\/servicos-judiciais\/certidoes\/);<\/p>\n<p>\u00b7 Certid\u00e3o de Prontu\u00e1rio da CNH (Atividade Remunerada\/Transporte Escolar);<\/p>\n<p>\u00b7\u00a0\u00a0 C\u00f3pia do comprovante de vistoria\/ 2\u00ba semestre 2025 (15 CIRETRAN );<\/p>\n<p>\u00b7\u00a0\u00a0 C\u00f3pia do comprovante de vistoria\/1\u00ba semestre 2026 (15\u00ba CIRETRAN );<\/p>\n<p>\u00b7\u00a0\u00a0 1 Foto 3\u00d74 recente, colorida;<\/p>\n<p>\u00b7\u00a0\u00a0 C\u00f3pia do comprovante de resid\u00eancia emitido em prazo inferior a 90 dias (caso o auxiliar n\u00e3o possua comprovante no seu nome, ser\u00e1 aceito o comprovante no nome da pessoa que ele mora juntamente com a declara\u00e7\u00e3o de pr\u00f3prio punho no verso);<\/p>\n<p>Na vistoria, os ve\u00edculos dever\u00e3o ser apresentados com o selo de vistoria de 2025 j\u00e1 devidamente REMOVIDO<\/p>\n<\/div>\n<p><br \/>\n<br \/><a href=\"https:\/\/www.tribunaribeirao.com.br\/rp-mobi-aplica-selo-verificador-2026-nos-veiculos-escolares\/\">Source link <\/a><\/p>\n<!-- CONTENT END 1 -->\n","protected":false},"excerpt":{"rendered":"<p>A RP Mobi, empresa de mobilidade urbana de Ribeir\u00e3o Preto, come\u00e7ou nesta segunda-feira, 9 de mar\u00e7o, a aplica\u00e7\u00e3o do Selo Verificador de Seguran\u00e7a do 1\u00ba&#8230;<\/p>\n","protected":false},"author":1,"featured_media":83110,"comment_status":"open","ping_status":"open","sticky":false,"template":"","format":"standard","meta":{"advanced_seo_description":"","jetpack_seo_html_title":"","jetpack_seo_noindex":false,"jetpack_post_was_ever_published":false,"_jetpack_newsletter_access":"","_jetpack_dont_email_post_to_subs":false,"_jetpack_newsletter_tier_id":0,"_jetpack_memberships_contains_paywalled_content":false,"_jetpack_memberships_contains_paid_content":false,"footnotes":"","jetpack_publicize_message":"","jetpack_publicize_feature_enabled":true,"jetpack_social_post_already_shared":true,"jetpack_social_options":{"image_generator_settings":{"template":"highway","default_image_id":0,"font":"","enabled":false},"version":2}},"categories":[11],"tags":[],"class_list":["post-83109","post","type-post","status-publish","format-standard","has-post-thumbnail","hentry","category-noticias-de-ribeirao-preto-sp-e-regiao-ismael-colosi"],"jetpack_publicize_connections":[],"jetpack_featured_media_url":"https:\/\/i0.wp.com\/noticiasribeiraopreto.com.br\/wp-content\/uploads\/2026\/03\/selovan_01-scaled.jpg?fit=1171%2C780&ssl=1","jetpack-related-posts":[{"id":83124,"url":"https:\/\/noticiasribeiraopreto.com.br\/index.php\/2026\/03\/10\/veja-calendario-de-aplicacao-do-selo-de-seguranca-nos-veiculos-escolares-em-ribeirao-preto\/","url_meta":{"origin":83109,"position":0},"title":"Veja calend\u00e1rio de aplica\u00e7\u00e3o do selo de seguran\u00e7a nos ve\u00edculos escolares em Ribeir\u00e3o Preto","author":"noticiasribeiraopreto.com.br","date":"10 de March de 2026","format":false,"excerpt":"A aplica\u00e7\u00e3o do Selo Verificador de Seguran\u00e7a do 1\u00ba Semestre de 2026 nos ve\u00edculos escolares de Ribeir\u00e3o Preto come\u00e7ou a ser realizada pela RP Mobi nesta segunda-feira (9). O calend\u00e1rio vai at\u00e9 20 de mar\u00e7o. Segundo a Prefeitura de Ribeir\u00e3o Preto, para receber este comprovante de regularidade os ve\u00edculos passam\u2026","rel":"","context":"In &quot;Not\u00edcias de Ribeir\u00e3o Preto-SP e Regi\u00e3o&quot;","block_context":{"text":"Not\u00edcias de Ribeir\u00e3o Preto-SP e Regi\u00e3o","link":"https:\/\/noticiasribeiraopreto.com.br\/index.php\/category\/noticias-de-ribeirao-preto-sp-e-regiao-ismael-colosi\/"},"img":{"alt_text":"","src":"https:\/\/i0.wp.com\/noticiasribeiraopreto.com.br\/wp-content\/uploads\/2026\/03\/selovan_01_2026-03-10_11-05-47.webp.webp?fit=1200%2C799&ssl=1&resize=350%2C200","width":350,"height":200,"srcset":"https:\/\/i0.wp.com\/noticiasribeiraopreto.com.br\/wp-content\/uploads\/2026\/03\/selovan_01_2026-03-10_11-05-47.webp.webp?fit=1200%2C799&ssl=1&resize=350%2C200 1x, https:\/\/i0.wp.com\/noticiasribeiraopreto.com.br\/wp-content\/uploads\/2026\/03\/selovan_01_2026-03-10_11-05-47.webp.webp?fit=1200%2C799&ssl=1&resize=525%2C300 1.5x, https:\/\/i0.wp.com\/noticiasribeiraopreto.com.br\/wp-content\/uploads\/2026\/03\/selovan_01_2026-03-10_11-05-47.webp.webp?fit=1200%2C799&ssl=1&resize=700%2C400 2x, https:\/\/i0.wp.com\/noticiasribeiraopreto.com.br\/wp-content\/uploads\/2026\/03\/selovan_01_2026-03-10_11-05-47.webp.webp?fit=1200%2C799&ssl=1&resize=1050%2C600 3x"},"classes":[]},{"id":76002,"url":"https:\/\/noticiasribeiraopreto.com.br\/index.php\/2025\/08\/20\/vans-escolares-poderao-circular-nos-corredores-de-onibus-em-ribeirao-preto\/","url_meta":{"origin":83109,"position":1},"title":"Vans escolares poder\u00e3o circular nos corredores de \u00f4nibus em Ribeir\u00e3o Preto","author":"noticiasribeiraopreto.com.br","date":"20 de August de 2025","format":false,"excerpt":"A RP Mobi, empresa respons\u00e1vel pelo gerenciamento do tr\u00e2nsito em Ribeir\u00e3o Preto, informou que, a partir do dia 25 de agosto, as vans escolares poder\u00e3o circular nos corredores de \u00f4nibus. Contudo, os ve\u00edculos devem estar cadastrados e autorizados, portando o Selo Verificador atualizado. A libera\u00e7\u00e3o ser\u00e1 v\u00e1lida em per\u00edodo letivo,\u2026","rel":"","context":"In &quot;Not\u00edcias de Ribeir\u00e3o Preto-SP e Regi\u00e3o&quot;","block_context":{"text":"Not\u00edcias de Ribeir\u00e3o Preto-SP e Regi\u00e3o","link":"https:\/\/noticiasribeiraopreto.com.br\/index.php\/category\/noticias-de-ribeirao-preto-sp-e-regiao-ismael-colosi\/"},"img":{"alt_text":"","src":"https:\/\/i0.wp.com\/noticiasribeiraopreto.com.br\/wp-content\/uploads\/2025\/08\/van-escolar_2025-08-20_13-16-08.webp.webp?fit=1000%2C666&ssl=1&resize=350%2C200","width":350,"height":200,"srcset":"https:\/\/i0.wp.com\/noticiasribeiraopreto.com.br\/wp-content\/uploads\/2025\/08\/van-escolar_2025-08-20_13-16-08.webp.webp?fit=1000%2C666&ssl=1&resize=350%2C200 1x, https:\/\/i0.wp.com\/noticiasribeiraopreto.com.br\/wp-content\/uploads\/2025\/08\/van-escolar_2025-08-20_13-16-08.webp.webp?fit=1000%2C666&ssl=1&resize=525%2C300 1.5x, https:\/\/i0.wp.com\/noticiasribeiraopreto.com.br\/wp-content\/uploads\/2025\/08\/van-escolar_2025-08-20_13-16-08.webp.webp?fit=1000%2C666&ssl=1&resize=700%2C400 2x"},"classes":[]},{"id":32890,"url":"https:\/\/noticiasribeiraopreto.com.br\/index.php\/2024\/01\/26\/mobi-realiza-ate-dia-31-vistoria-dos-veiculos-de-fretamento\/","url_meta":{"origin":83109,"position":2},"title":"Mobi realiza at\u00e9 dia 31 vistoria dos ve\u00edculos de fretamento","author":"noticiasribeiraopreto.com.br","date":"26 de January de 2024","format":false,"excerpt":"26 de janeiro de 2024 | 17:0026 de janeiro de 2024 | 11:03 0A RP Mobi (Empresa de Mobilidade Urbana de Ribeir\u00e3o Preto) iniciou nesta semana, a vistoria dos ve\u00edculos do servi\u00e7o de fretamento (vans e \u00f4nibus). Os transportes considerados regulares ganham o selo de verifica\u00e7\u00e3o de 2024, v\u00e1lido por\u2026","rel":"","context":"In &quot;Not\u00edcias de Ribeir\u00e3o Preto-SP e Regi\u00e3o&quot;","block_context":{"text":"Not\u00edcias de Ribeir\u00e3o Preto-SP e Regi\u00e3o","link":"https:\/\/noticiasribeiraopreto.com.br\/index.php\/category\/noticias-de-ribeirao-preto-sp-e-regiao-ismael-colosi\/"},"img":{"alt_text":"","src":"https:\/\/i0.wp.com\/noticiasribeiraopreto.com.br\/wp-content\/uploads\/2024\/01\/selo_fretamento2024_rpmobi_1-scaled.jpeg?fit=860%2C645&ssl=1&resize=350%2C200","width":350,"height":200,"srcset":"https:\/\/i0.wp.com\/noticiasribeiraopreto.com.br\/wp-content\/uploads\/2024\/01\/selo_fretamento2024_rpmobi_1-scaled.jpeg?fit=860%2C645&ssl=1&resize=350%2C200 1x, https:\/\/i0.wp.com\/noticiasribeiraopreto.com.br\/wp-content\/uploads\/2024\/01\/selo_fretamento2024_rpmobi_1-scaled.jpeg?fit=860%2C645&ssl=1&resize=525%2C300 1.5x, https:\/\/i0.wp.com\/noticiasribeiraopreto.com.br\/wp-content\/uploads\/2024\/01\/selo_fretamento2024_rpmobi_1-scaled.jpeg?fit=860%2C645&ssl=1&resize=700%2C400 2x"},"classes":[]},{"id":76037,"url":"https:\/\/noticiasribeiraopreto.com.br\/index.php\/2025\/08\/21\/corredor-de-onibus-libera-vans-escolares\/","url_meta":{"origin":83109,"position":3},"title":"Corredor de \u00f4nibus libera vans escolares","author":"noticiasribeiraopreto.com.br","date":"21 de August de 2025","format":false,"excerpt":"A RP Mobi \u2013 Empresa de Mobilidade Urbana de Ribeir\u00e3o Preto S.A, a antiga Transerp, respons\u00e1vel pelo tr\u00e2nsito e transporte \u2013 informa que, a partir de segunda-feira, 25 de agosto, as vans escolares devidamente cadastradas e autorizadas, portando o Selo Verificador atualizado, poder\u00e3o circular nas faixas exclusivas de \u00f4nibus urbano\u2026","rel":"","context":"In &quot;Not\u00edcias de Ribeir\u00e3o Preto-SP e Regi\u00e3o&quot;","block_context":{"text":"Not\u00edcias de Ribeir\u00e3o Preto-SP e Regi\u00e3o","link":"https:\/\/noticiasribeiraopreto.com.br\/index.php\/category\/noticias-de-ribeirao-preto-sp-e-regiao-ismael-colosi\/"},"img":{"alt_text":"","src":"https:\/\/i0.wp.com\/noticiasribeiraopreto.com.br\/wp-content\/uploads\/2025\/08\/OnibusRP-Sel-Detalhe-Divulgacao.jpg?fit=1000%2C666&ssl=1&resize=350%2C200","width":350,"height":200,"srcset":"https:\/\/i0.wp.com\/noticiasribeiraopreto.com.br\/wp-content\/uploads\/2025\/08\/OnibusRP-Sel-Detalhe-Divulgacao.jpg?fit=1000%2C666&ssl=1&resize=350%2C200 1x, https:\/\/i0.wp.com\/noticiasribeiraopreto.com.br\/wp-content\/uploads\/2025\/08\/OnibusRP-Sel-Detalhe-Divulgacao.jpg?fit=1000%2C666&ssl=1&resize=525%2C300 1.5x, https:\/\/i0.wp.com\/noticiasribeiraopreto.com.br\/wp-content\/uploads\/2025\/08\/OnibusRP-Sel-Detalhe-Divulgacao.jpg?fit=1000%2C666&ssl=1&resize=700%2C400 2x"},"classes":[]},{"id":73243,"url":"https:\/\/noticiasribeiraopreto.com.br\/index.php\/2025\/06\/27\/rp-mobi-alerta-para-golpe-envolvendo-liberacao-de-veiculos-apreendidos\/","url_meta":{"origin":83109,"position":4},"title":"RP Mobi alerta para golpe envolvendo libera\u00e7\u00e3o de ve\u00edculos apreendidos\u00a0","author":"noticiasribeiraopreto.com.br","date":"27 de June de 2025","format":false,"excerpt":"RP Mobi alerta para golpe envolvendo libera\u00e7\u00e3o de ve\u00edculos apreendidos A RP Mobi, empresa respons\u00e1vel pela gest\u00e3o do tr\u00e2nsito em Ribeir\u00e3o Preto, emitiu um alerta nesta sexta-feira (27) sobre um golpe aplicado por sites e intermedi\u00e1rios que oferecem, de forma fraudulenta, a libera\u00e7\u00e3o de ve\u00edculos apreendidos mediante o pagamento de\u2026","rel":"","context":"In &quot;Not\u00edcias de Ribeir\u00e3o Preto-SP e Regi\u00e3o&quot;","block_context":{"text":"Not\u00edcias de Ribeir\u00e3o Preto-SP e Regi\u00e3o","link":"https:\/\/noticiasribeiraopreto.com.br\/index.php\/category\/noticias-de-ribeirao-preto-sp-e-regiao-ismael-colosi\/"},"img":{"alt_text":"","src":"https:\/\/i0.wp.com\/noticiasribeiraopreto.com.br\/wp-content\/uploads\/2025\/06\/rpmobi_golpe.jpeg?fit=768%2C432&ssl=1&resize=350%2C200","width":350,"height":200,"srcset":"https:\/\/i0.wp.com\/noticiasribeiraopreto.com.br\/wp-content\/uploads\/2025\/06\/rpmobi_golpe.jpeg?fit=768%2C432&ssl=1&resize=350%2C200 1x, https:\/\/i0.wp.com\/noticiasribeiraopreto.com.br\/wp-content\/uploads\/2025\/06\/rpmobi_golpe.jpeg?fit=768%2C432&ssl=1&resize=525%2C300 1.5x, https:\/\/i0.wp.com\/noticiasribeiraopreto.com.br\/wp-content\/uploads\/2025\/06\/rpmobi_golpe.jpeg?fit=768%2C432&ssl=1&resize=700%2C400 2x"},"classes":[]},{"id":76282,"url":"https:\/\/noticiasribeiraopreto.com.br\/index.php\/2025\/08\/26\/autuacoes-nos-corredores-de-onibus-superam-total-de-2024\/","url_meta":{"origin":83109,"position":5},"title":"Autua\u00e7\u00f5es nos corredores de \u00f4nibus superam total de 2024","author":"noticiasribeiraopreto.com.br","date":"26 de August de 2025","format":false,"excerpt":"26 de agosto de 2025 08:0926 de agosto de 2025 08:081 Compartilhar0 Dados da RP Mobi RP Mobi \u2013 Empresa de Mobilidade Urbana de Ribeir\u00e3o Preto S.A, a antiga Transerp, respons\u00e1vel pelo tr\u00e2nsito e transporte \u2013 revelam que, de janeiro a julho deste ano, 730 motoristas foram autuados por transitar\u2026","rel":"","context":"In &quot;Not\u00edcias de Ribeir\u00e3o Preto-SP e Regi\u00e3o&quot;","block_context":{"text":"Not\u00edcias de Ribeir\u00e3o Preto-SP e Regi\u00e3o","link":"https:\/\/noticiasribeiraopreto.com.br\/index.php\/category\/noticias-de-ribeirao-preto-sp-e-regiao-ismael-colosi\/"},"img":{"alt_text":"","src":"https:\/\/i0.wp.com\/noticiasribeiraopreto.com.br\/wp-content\/uploads\/2025\/08\/OnibusRP-Alfredo-Risk-scaled.jpg?fit=1170%2C780&ssl=1&resize=350%2C200","width":350,"height":200,"srcset":"https:\/\/i0.wp.com\/noticiasribeiraopreto.com.br\/wp-content\/uploads\/2025\/08\/OnibusRP-Alfredo-Risk-scaled.jpg?fit=1170%2C780&ssl=1&resize=350%2C200 1x, https:\/\/i0.wp.com\/noticiasribeiraopreto.com.br\/wp-content\/uploads\/2025\/08\/OnibusRP-Alfredo-Risk-scaled.jpg?fit=1170%2C780&ssl=1&resize=525%2C300 1.5x, https:\/\/i0.wp.com\/noticiasribeiraopreto.com.br\/wp-content\/uploads\/2025\/08\/OnibusRP-Alfredo-Risk-scaled.jpg?fit=1170%2C780&ssl=1&resize=700%2C400 2x, https:\/\/i0.wp.com\/noticiasribeiraopreto.com.br\/wp-content\/uploads\/2025\/08\/OnibusRP-Alfredo-Risk-scaled.jpg?fit=1170%2C780&ssl=1&resize=1050%2C600 3x"},"classes":[]}],"jetpack_sharing_enabled":true,"jetpack_shortlink":"https:\/\/wp.me\/peQAOb-lCt","_links":{"self":[{"href":"https:\/\/noticiasribeiraopreto.com.br\/index.php\/wp-json\/wp\/v2\/posts\/83109","targetHints":{"allow":["GET"]}}],"collection":[{"href":"https:\/\/noticiasribeiraopreto.com.br\/index.php\/wp-json\/wp\/v2\/posts"}],"about":[{"href":"https:\/\/noticiasribeiraopreto.com.br\/index.php\/wp-json\/wp\/v2\/types\/post"}],"author":[{"embeddable":true,"href":"https:\/\/noticiasribeiraopreto.com.br\/index.php\/wp-json\/wp\/v2\/users\/1"}],"replies":[{"embeddable":true,"href":"https:\/\/noticiasribeiraopreto.com.br\/index.php\/wp-json\/wp\/v2\/comments?post=83109"}],"version-history":[{"count":0,"href":"https:\/\/noticiasribeiraopreto.com.br\/index.php\/wp-json\/wp\/v2\/posts\/83109\/revisions"}],"wp:featuredmedia":[{"embeddable":true,"href":"https:\/\/noticiasribeiraopreto.com.br\/index.php\/wp-json\/wp\/v2\/media\/83110"}],"wp:attachment":[{"href":"https:\/\/noticiasribeiraopreto.com.br\/index.php\/wp-json\/wp\/v2\/media?parent=83109"}],"wp:term":[{"taxonomy":"category","embeddable":true,"href":"https:\/\/noticiasribeiraopreto.com.br\/index.php\/wp-json\/wp\/v2\/categories?post=83109"},{"taxonomy":"post_tag","embeddable":true,"href":"https:\/\/noticiasribeiraopreto.com.br\/index.php\/wp-json\/wp\/v2\/tags?post=83109"}],"curies":[{"name":"wp","href":"https:\/\/api.w.org\/{rel}","templated":true}]}}