{"id":83111,"date":"2026-03-10T07:26:59","date_gmt":"2026-03-10T10:26:59","guid":{"rendered":"https:\/\/noticiasribeiraopreto.com.br\/index.php\/2026\/03\/10\/lei-protege-pets-de-maus-tratos-e-fogos\/"},"modified":"2026-03-10T07:26:59","modified_gmt":"2026-03-10T10:26:59","slug":"lei-protege-pets-de-maus-tratos-e-fogos","status":"publish","type":"post","link":"https:\/\/noticiasribeiraopreto.com.br\/index.php\/2026\/03\/10\/lei-protege-pets-de-maus-tratos-e-fogos\/","title":{"rendered":"Lei protege pets de\u2028 maus-tratos e fogos"},"content":{"rendered":"<div class='code-block code-block-1' style='margin: 8px 0 8px auto; text-align: right; display: block; clear: both;'>\n<p><a href=\"https:\/\/wa.link\/vpicfd\"><img data-recalc-dims=\"1\" class=\"wp-image-4922\" style=\"aspect-ratio: 2.0253164556962027; width: 561px; height: auto;\" src=\"https:\/\/i0.wp.com\/ismaelcolosi.com.br\/wp-content\/uploads\/2023\/11\/grupo-de-empregos-whatsapp-e-facebook-ismael-colosi-vagas.jpg?ssl=1\" alt=\"\" \/><\/a><\/p>\n<!-- \/wp:image -->\n<\/div>\n<p> <br \/>\n<\/p>\n<div>\n<p class=\"p1\">A C\u00e2mara de Vereadores aprovou, na sess\u00e3o desta segunda-feira, 9 de mar\u00e7o, projeto de lei do prefeito Ricardo Silva (PSD) que institui em Ribeir\u00e3o Preto a legisla\u00e7\u00e3o \u201cOrelha e C\u00e3o Otto\u201d de prote\u00e7\u00e3o, defesa e bem-estar dos animais. Tamb\u00e9m impede a utiliza\u00e7\u00e3o e soltura de fogos de artif\u00edcio com estampido ou de artefatos pirot\u00e9cnicos de efeito sonoro ruidoso que possam causar danos, sofrimento e a morte dos pets.<\/p>\n<p>A denomina\u00e7\u00e3o da lei presta homenagem a dois pets. O c\u00e3o Orelha, assassinado v\u00edtima de maus-tratos em Florian\u00f3polis, no Estado de Santa Catarina, e ao c\u00e3o Otto Jos\u00e9, que morreu aos quatro anos no final de 2025 em Ribeir\u00e3o Preto, v\u00edtima de infarto. Sofreu estresse extremo devido ao barulho intenso dos fogos de artif\u00edcio soltos na virada do ano.<\/p>\n<p>Segundo a proposta, quando constatada a pr\u00e1tica de maus-tratos contra animais os respons\u00e1veis ser\u00e3o alvo de medidas administrativas de car\u00e1ter educativo e preventivo, como orienta\u00e7\u00e3o formal aos respons\u00e1veis legais, em caso da pr\u00e1tica ter sido feita por menor de idade. As multas podem variar de R$ 2 mil at\u00e9 R$ 50 mil, al\u00e9m da apreens\u00e3o dos animais e a proibi\u00e7\u00e3o tempor\u00e1ria ou definitiva de guarda ou posse de animais.<\/p>\n<p>No caso dos fogos de artif\u00edcio, a proposta pro\u00edbe a utiliza\u00e7\u00e3o, a queima e a soltura de fogos de artif\u00edcio e de quaisquer artefatos pirot\u00e9cnicos que produzam estampido, explos\u00e3o ou efeito sonoro ruidoso. Os estabelecimentos comerciais do setor, tamb\u00e9m dever\u00e3o afixar, em local vis\u00edvel ao p\u00fablico, aviso informando que \u00e9 proibida a utiliza\u00e7\u00e3o destes equipamentos.<\/p>\n<p>No caso de pessoa f\u00edsica, a multa pela pr\u00e1tica ir\u00e1 variar de R$ 1,5 mil a R$ 10 mil. J\u00e1 para pessoa jur\u00eddica ir\u00e1 de R$ 5 mil a R$ 20 mil al\u00e9m da apreens\u00e3o dos artefatos e suspens\u00e3o do alvar\u00e1 de funcionamento de 30 a 180 dias, em casos de reincid\u00eancia. Todos infratores tamb\u00e9m n\u00e3o poder\u00e3o participar de concursos municipais nem de programas de refinanciamentos de d\u00edvidas feitos pela administra\u00e7\u00e3o municipal.<\/p>\n<p>A lei estadual n\u00famero 17.389\/2021, conhecida como Lei dos Fogos e em vigor desde 29 de julho de 2021, n\u00e3o tem fiscaliza\u00e7\u00e3o em Ribeir\u00e3o Preto. Disp\u00f5e sobre a queima, soltura, comercializa\u00e7\u00e3o, armazenamento e o transporte de fogos de artif\u00edcio de estampido no Estado de S\u00e3o Paulo.<span class=\"Apple-converted-space\">\u00a0 <\/span><\/p>\n<figure id=\"attachment_456880\" aria-describedby=\"caption-attachment-456880\" style=\"width: 252px\" class=\"wp-caption alignright\"><img data-recalc-dims=\"1\" loading=\"lazy\" decoding=\"async\" class=\"size-medium wp-image-456880 lazyload\" src=\"https:\/\/i0.wp.com\/www.tribunaribeirao.com.br\/wp-content\/uploads\/2026\/03\/FogosPET-Policia-Civil-de-Santa-Catarina-252x300.jpg?resize=252%2C300&#038;ssl=1\" alt=\"\" width=\"252\" height=\"300\" srcset=\"https:\/\/www.tribunaribeirao.com.br\/wp-content\/uploads\/2026\/03\/FogosPET-Policia-Civil-de-Santa-Catarina-252x300.jpg 252w, https:\/\/www.tribunaribeirao.com.br\/wp-content\/uploads\/2026\/03\/FogosPET-Policia-Civil-de-Santa-Catarina-336x400.jpg 336w, https:\/\/www.tribunaribeirao.com.br\/wp-content\/uploads\/2026\/03\/FogosPET-Policia-Civil-de-Santa-Catarina-585x696.jpg 585w, https:\/\/www.tribunaribeirao.com.br\/wp-content\/uploads\/2026\/03\/FogosPET-Policia-Civil-de-Santa-Catarina.jpg 588w\" data-sizes=\"(max-width: 252px) 100vw, 252px\" style=\"--smush-placeholder-width: 252px; --smush-placeholder-aspect-ratio: 252\/300;\"\/><figcaption id=\"caption-attachment-456880\" class=\"wp-caption-text\">Pol\u00edcia Civil de Santa Catarina \u2028C\u00e3o Otto Jos\u00e9 morreu aos quatro anos no final de 2025, em Ribeir\u00e3o Preto, v\u00edtima de infarto: Orelha foi assassinado v\u00edtima de maus-tratos em Florian\u00f3polis (SC)<\/figcaption><\/figure>\n<p class=\"p1\">O decreto estadual que regulamentou a lei foi publicado pelo governo paulista somente no dia 15 de mar\u00e7o de 2022. De acordo com a regulamenta\u00e7\u00e3o, a fiscaliza\u00e7\u00e3o \u00e9 de responsabilidade da Secretaria da Seguran\u00e7a P\u00fablica do Estado de S\u00e3o Paulo (SSP-SP), observado os artigos 62\u00ba a 64\u00ba da legisla\u00e7\u00e3o<\/p>\n<p>Os artigos definem que a san\u00e7\u00e3o administrativa s\u00f3 ser\u00e1 aplicada \u00e0 pessoa f\u00edsica ou jur\u00eddica pela administra\u00e7\u00e3o p\u00fablica, depois de assegurada ampla defesa. O procedimento para valida\u00e7\u00e3o da pena ser\u00e1 sigiloso at\u00e9 a decis\u00e3o final. A lei estadual \u00e9 objeto de uma a\u00e7\u00e3o direta de inconstitucionalidade (Adin).<\/p>\n<p>Uma liminar retirou da lei, pelo menos momentaneamente, as express\u00f5es \u201ccomercializa\u00e7\u00e3o\u201d, \u201carmazenamento\u201d e \u201ctransporte\u201d. A a\u00e7\u00e3o foi impetrada pela Associa\u00e7\u00e3o Master dos Empres\u00e1rios de Pirotecnia (AME Pirotecnia) no Supremo Tribunal Federal (STF).<\/p>\n<p>O descumprimento da lei estadual acarreta ao infrator multa correspondente a 150 Unidades Fiscal do Estado de S\u00e3o Paulo se a infra\u00e7\u00e3o for cometida por pessoa f\u00edsica. A puni\u00e7\u00e3o chega a 400 Ufesps se a infra\u00e7\u00e3o for cometida por pessoa jur\u00eddica.<span class=\"Apple-converted-space\">\u00a0 <\/span><\/p>\n<p>Cada unidade fiscal vale R$ 38,42 neste ano, o correspondente a R$ R$ 5.763 para pessoas f\u00edsicas e de R$ 15.368 para pessoas jur\u00eddicas. Os valores das multas dobram em caso de reincid\u00eancia \u2013 quando a infra\u00e7\u00e3o \u00e9 repetida em um per\u00edodo inferior a 180 dias (seis meses).<\/p>\n<p>A proibi\u00e7\u00e3o se aplica a recintos fechados, ambientes abertos, \u00e1reas p\u00fablicas e locais privados. Fogos que produzem efeitos visuais sem estampidos podem continuar a ser utilizados e comercializados. Permanece permitida a comercializa\u00e7\u00e3o de fogos de artif\u00edcio e dos artefatos pirot\u00e9cnicos de estampido fabricados no estado de S\u00e3o Paulo destinados a outros estados e a outros.<\/p>\n<\/div>\n<p><br \/>\n<br \/><a href=\"https:\/\/www.tribunaribeirao.com.br\/lei-protege-pets-de-maus-tratos-e-fogos\/\">Source link <\/a><\/p>\n<!-- CONTENT END 1 -->\n","protected":false},"excerpt":{"rendered":"<p>A C\u00e2mara de Vereadores aprovou, na sess\u00e3o desta segunda-feira, 9 de mar\u00e7o, projeto de lei do prefeito Ricardo Silva (PSD) que institui em Ribeir\u00e3o Preto&#8230;<\/p>\n","protected":false},"author":1,"featured_media":83112,"comment_status":"open","ping_status":"open","sticky":false,"template":"","format":"standard","meta":{"advanced_seo_description":"","jetpack_seo_html_title":"","jetpack_seo_noindex":false,"jetpack_post_was_ever_published":false,"_jetpack_newsletter_access":"","_jetpack_dont_email_post_to_subs":false,"_jetpack_newsletter_tier_id":0,"_jetpack_memberships_contains_paywalled_content":false,"_jetpack_memberships_contains_paid_content":false,"footnotes":"","jetpack_publicize_message":"","jetpack_publicize_feature_enabled":true,"jetpack_social_post_already_shared":true,"jetpack_social_options":{"image_generator_settings":{"template":"highway","default_image_id":0,"font":"","enabled":false},"version":2}},"categories":[11],"tags":[],"class_list":["post-83111","post","type-post","status-publish","format-standard","has-post-thumbnail","hentry","category-noticias-de-ribeirao-preto-sp-e-regiao-ismael-colosi"],"jetpack_publicize_connections":[],"jetpack_featured_media_url":"https:\/\/i0.wp.com\/noticiasribeiraopreto.com.br\/wp-content\/uploads\/2026\/03\/FogosPET-Arquivo-pessoal.jpg?fit=1068%2C601&ssl=1","jetpack-related-posts":[{"id":81373,"url":"https:\/\/noticiasribeiraopreto.com.br\/index.php\/2026\/01\/03\/cao-morre-apos-se-assustar-com-fogos-de-artificio-na-virada-do-ano-em-guaira\/","url_meta":{"origin":83111,"position":0},"title":"C\u00e3o morre ap\u00f3s se assustar com fogos de artif\u00edcio na virada do ano em Gua\u00edra","author":"noticiasribeiraopreto.com.br","date":"3 de January de 2026","format":false,"excerpt":"\r \r \r 3 de janeiro de 2026 11:553 de janeiro de 2026 11:36 \r Compartilhar0 Um c\u00e3o da ra\u00e7a husky siberiano morreu, na \u00faltima quinta-feira (1\u00ba), depois de se assustar com fogos de artif\u00edcio da virada do ano e se machucar gravemente em Gua\u00edra. Segundo o empres\u00e1rio e tutor\u2026","rel":"","context":"In &quot;Not\u00edcias de Ribeir\u00e3o Preto-SP e Regi\u00e3o&quot;","block_context":{"text":"Not\u00edcias de Ribeir\u00e3o Preto-SP e Regi\u00e3o","link":"https:\/\/noticiasribeiraopreto.com.br\/index.php\/category\/noticias-de-ribeirao-preto-sp-e-regiao-ismael-colosi\/"},"img":{"alt_text":"","src":"https:\/\/i0.wp.com\/noticiasribeiraopreto.com.br\/wp-content\/uploads\/2026\/01\/WhatsApp-Image-2026-01-03-at-11.19.52.jpeg?fit=688%2C387&ssl=1&resize=350%2C200","width":350,"height":200,"srcset":"https:\/\/i0.wp.com\/noticiasribeiraopreto.com.br\/wp-content\/uploads\/2026\/01\/WhatsApp-Image-2026-01-03-at-11.19.52.jpeg?fit=688%2C387&ssl=1&resize=350%2C200 1x, https:\/\/i0.wp.com\/noticiasribeiraopreto.com.br\/wp-content\/uploads\/2026\/01\/WhatsApp-Image-2026-01-03-at-11.19.52.jpeg?fit=688%2C387&ssl=1&resize=525%2C300 1.5x"},"classes":[]},{"id":81394,"url":"https:\/\/noticiasribeiraopreto.com.br\/index.php\/2026\/01\/04\/cachorro-morre-ao-se-assustar-com-fogos-de-artificio-e-tentar-fugir-de-casa-na-virada-do-ano\/","url_meta":{"origin":83111,"position":1},"title":"Cachorro morre ao se assustar com fogos de artif\u00edcio e tentar fugir de casa na virada do ano","author":"noticiasribeiraopreto.com.br","date":"4 de January de 2026","format":false,"excerpt":"Um cachorro da ra\u00e7a husky siberiano morreu na \u00faltima quinta-feira (1\u00ba), ap\u00f3s se ferir ao se assustar com fogos de artif\u00edcio da virada do ano, em Gua\u00edra, a 120 quil\u00f4metros de Ribeir\u00e3o Preto. O empres\u00e1rio Leandro Marinaldo Lelis, tutor do animal, relatou que o c\u00e3o Tony, de 3 anos, ficou\u2026","rel":"","context":"In &quot;Not\u00edcias de Ribeir\u00e3o Preto-SP e Regi\u00e3o&quot;","block_context":{"text":"Not\u00edcias de Ribeir\u00e3o Preto-SP e Regi\u00e3o","link":"https:\/\/noticiasribeiraopreto.com.br\/index.php\/category\/noticias-de-ribeirao-preto-sp-e-regiao-ismael-colosi\/"},"img":{"alt_text":"","src":"https:\/\/i0.wp.com\/noticiasribeiraopreto.com.br\/wp-content\/uploads\/2026\/01\/WhatsApp-Image-2026-01-03-at-13.21.16_2026-01-03_16-30-47.webp.webp?fit=1200%2C675&ssl=1&resize=350%2C200","width":350,"height":200,"srcset":"https:\/\/i0.wp.com\/noticiasribeiraopreto.com.br\/wp-content\/uploads\/2026\/01\/WhatsApp-Image-2026-01-03-at-13.21.16_2026-01-03_16-30-47.webp.webp?fit=1200%2C675&ssl=1&resize=350%2C200 1x, https:\/\/i0.wp.com\/noticiasribeiraopreto.com.br\/wp-content\/uploads\/2026\/01\/WhatsApp-Image-2026-01-03-at-13.21.16_2026-01-03_16-30-47.webp.webp?fit=1200%2C675&ssl=1&resize=525%2C300 1.5x, https:\/\/i0.wp.com\/noticiasribeiraopreto.com.br\/wp-content\/uploads\/2026\/01\/WhatsApp-Image-2026-01-03-at-13.21.16_2026-01-03_16-30-47.webp.webp?fit=1200%2C675&ssl=1&resize=700%2C400 2x, https:\/\/i0.wp.com\/noticiasribeiraopreto.com.br\/wp-content\/uploads\/2026\/01\/WhatsApp-Image-2026-01-03-at-13.21.16_2026-01-03_16-30-47.webp.webp?fit=1200%2C675&ssl=1&resize=1050%2C600 3x"},"classes":[]},{"id":81411,"url":"https:\/\/noticiasribeiraopreto.com.br\/index.php\/2026\/01\/05\/cachorro-morre-de-infarto-durante-queima-de-fogos-na-virada-do-ano-em-ribeirao-preto\/","url_meta":{"origin":83111,"position":2},"title":"Cachorro morre de infarto durante queima de fogos na virada do ano em Ribeir\u00e3o Preto","author":"noticiasribeiraopreto.com.br","date":"5 de January de 2026","format":false,"excerpt":"O barulho intenso dos fogos de artif\u00edcio na virada do ano resultou na morte de um cachorro em Ribeir\u00e3o Preto. O caso aconteceu na noite de 31 de dezembro, na regi\u00e3o da Ch\u00e1cara H\u00edpica, e envolveu Otto Jos\u00e9, um c\u00e3o de quatro anos da ra\u00e7a Pastor Maremano, v\u00edtima de estresse\u2026","rel":"","context":"In &quot;Not\u00edcias de Ribeir\u00e3o Preto-SP e Regi\u00e3o&quot;","block_context":{"text":"Not\u00edcias de Ribeir\u00e3o Preto-SP e Regi\u00e3o","link":"https:\/\/noticiasribeiraopreto.com.br\/index.php\/category\/noticias-de-ribeirao-preto-sp-e-regiao-ismael-colosi\/"},"img":{"alt_text":"","src":"https:\/\/i0.wp.com\/noticiasribeiraopreto.com.br\/wp-content\/uploads\/2026\/01\/domingo-22_2026-01-04_13-38-02.webp.webp?fit=1200%2C675&ssl=1&resize=350%2C200","width":350,"height":200,"srcset":"https:\/\/i0.wp.com\/noticiasribeiraopreto.com.br\/wp-content\/uploads\/2026\/01\/domingo-22_2026-01-04_13-38-02.webp.webp?fit=1200%2C675&ssl=1&resize=350%2C200 1x, https:\/\/i0.wp.com\/noticiasribeiraopreto.com.br\/wp-content\/uploads\/2026\/01\/domingo-22_2026-01-04_13-38-02.webp.webp?fit=1200%2C675&ssl=1&resize=525%2C300 1.5x, https:\/\/i0.wp.com\/noticiasribeiraopreto.com.br\/wp-content\/uploads\/2026\/01\/domingo-22_2026-01-04_13-38-02.webp.webp?fit=1200%2C675&ssl=1&resize=700%2C400 2x, https:\/\/i0.wp.com\/noticiasribeiraopreto.com.br\/wp-content\/uploads\/2026\/01\/domingo-22_2026-01-04_13-38-02.webp.webp?fit=1200%2C675&ssl=1&resize=1050%2C600 3x"},"classes":[]},{"id":82048,"url":"https:\/\/noticiasribeiraopreto.com.br\/index.php\/2026\/02\/02\/justica-por-orelha-ato-em-ribeirao-preto-cobra-punicao-por-morte-de-cao-em-sc\/","url_meta":{"origin":83111,"position":3},"title":"Justi\u00e7a por Orelha: ato em Ribeir\u00e3o Preto cobra puni\u00e7\u00e3o por morte de c\u00e3o em SC","author":"noticiasribeiraopreto.com.br","date":"2 de February de 2026","format":false,"excerpt":"Cerca de 200 pessoas participaram, na manh\u00e3 deste domingo (1\u00ba), de uma manifesta\u00e7\u00e3o pac\u00edfica em defesa dos animais na avenida Maur\u00edlio Biagi, em Ribeir\u00e3o Preto. O protesto faz parte de uma mobiliza\u00e7\u00e3o nacional que ocorre neste fim de semana em diversas cidades brasileiras ap\u00f3s a morte do c\u00e3o Orelha, caso\u2026","rel":"","context":"In &quot;Not\u00edcias de Ribeir\u00e3o Preto-SP e Regi\u00e3o&quot;","block_context":{"text":"Not\u00edcias de Ribeir\u00e3o Preto-SP e Regi\u00e3o","link":"https:\/\/noticiasribeiraopreto.com.br\/index.php\/category\/noticias-de-ribeirao-preto-sp-e-regiao-ismael-colosi\/"},"img":{"alt_text":"","src":"https:\/\/i0.wp.com\/noticiasribeiraopreto.com.br\/wp-content\/uploads\/2026\/02\/domingo-98_2026-02-01_15-28-36.webp.webp?fit=1200%2C675&ssl=1&resize=350%2C200","width":350,"height":200,"srcset":"https:\/\/i0.wp.com\/noticiasribeiraopreto.com.br\/wp-content\/uploads\/2026\/02\/domingo-98_2026-02-01_15-28-36.webp.webp?fit=1200%2C675&ssl=1&resize=350%2C200 1x, https:\/\/i0.wp.com\/noticiasribeiraopreto.com.br\/wp-content\/uploads\/2026\/02\/domingo-98_2026-02-01_15-28-36.webp.webp?fit=1200%2C675&ssl=1&resize=525%2C300 1.5x, https:\/\/i0.wp.com\/noticiasribeiraopreto.com.br\/wp-content\/uploads\/2026\/02\/domingo-98_2026-02-01_15-28-36.webp.webp?fit=1200%2C675&ssl=1&resize=700%2C400 2x, https:\/\/i0.wp.com\/noticiasribeiraopreto.com.br\/wp-content\/uploads\/2026\/02\/domingo-98_2026-02-01_15-28-36.webp.webp?fit=1200%2C675&ssl=1&resize=1050%2C600 3x"},"classes":[]},{"id":78426,"url":"https:\/\/noticiasribeiraopreto.com.br\/index.php\/2025\/10\/10\/cachorra-morre-apos-ser-resgatada-e-tutor-e-preso-por-maus-tratos\/","url_meta":{"origin":83111,"position":4},"title":"Cachorra morre ap\u00f3s ser resgatada e tutor \u00e9 preso por maus-tratos","author":"noticiasribeiraopreto.com.br","date":"10 de October de 2025","format":false,"excerpt":"Um homem foi preso por maus-tratos a uma cachorra em um s\u00edtio localizado na zona rural de Cristais Paulista, a 100 quil\u00f4metros de Ribeir\u00e3o Preto. O animal, chamado de Lola, chegou a ser resgatado e levado a uma cl\u00ednica, mas n\u00e3o resistiu e morreu. A Pol\u00edcia Civil informou que a\u2026","rel":"","context":"In &quot;Not\u00edcias de Ribeir\u00e3o Preto-SP e Regi\u00e3o&quot;","block_context":{"text":"Not\u00edcias de Ribeir\u00e3o Preto-SP e Regi\u00e3o","link":"https:\/\/noticiasribeiraopreto.com.br\/index.php\/category\/noticias-de-ribeirao-preto-sp-e-regiao-ismael-colosi\/"},"img":{"alt_text":"","src":"https:\/\/i0.wp.com\/noticiasribeiraopreto.com.br\/wp-content\/uploads\/2025\/10\/cachorra_2025-10-10_13-11-53.webp.webp?fit=1200%2C738&ssl=1&resize=350%2C200","width":350,"height":200,"srcset":"https:\/\/i0.wp.com\/noticiasribeiraopreto.com.br\/wp-content\/uploads\/2025\/10\/cachorra_2025-10-10_13-11-53.webp.webp?fit=1200%2C738&ssl=1&resize=350%2C200 1x, https:\/\/i0.wp.com\/noticiasribeiraopreto.com.br\/wp-content\/uploads\/2025\/10\/cachorra_2025-10-10_13-11-53.webp.webp?fit=1200%2C738&ssl=1&resize=525%2C300 1.5x, https:\/\/i0.wp.com\/noticiasribeiraopreto.com.br\/wp-content\/uploads\/2025\/10\/cachorra_2025-10-10_13-11-53.webp.webp?fit=1200%2C738&ssl=1&resize=700%2C400 2x, https:\/\/i0.wp.com\/noticiasribeiraopreto.com.br\/wp-content\/uploads\/2025\/10\/cachorra_2025-10-10_13-11-53.webp.webp?fit=1200%2C738&ssl=1&resize=1050%2C600 3x"},"classes":[]},{"id":21970,"url":"https:\/\/noticiasribeiraopreto.com.br\/index.php\/2023\/12\/28\/e-proibido-soltar-fogos-de-artificio-no-ano-novo-entenda-a-lei-no-estado-de-sp\/","url_meta":{"origin":83111,"position":5},"title":"\u00c9 proibido soltar fogos de artif\u00edcio no Ano Novo? Entenda a lei no estado de SP","author":"noticiasribeiraopreto.com.br","date":"28 de December de 2023","format":false,"excerpt":"S\u00edmbolo do R\u00e9veillon, a queima de fogos de artif\u00edcio atraem milhares de pessoas para shows pirot\u00e9cnicos em cidades como S\u00e3o Paulo, Rio de Janeiro e Florian\u00f3polis, que apresentam um espet\u00e1culo de cores e luzes nos primeiros minutos de um novo ano. Apesar de emocionante, o que muitas pessoas ainda n\u00e3o\u2026","rel":"","context":"In &quot;Not\u00edcias de Ribeir\u00e3o Preto-SP e Regi\u00e3o&quot;","block_context":{"text":"Not\u00edcias de Ribeir\u00e3o Preto-SP e Regi\u00e3o","link":"https:\/\/noticiasribeiraopreto.com.br\/index.php\/category\/noticias-de-ribeirao-preto-sp-e-regiao-ismael-colosi\/"},"img":{"alt_text":"","src":"https:\/\/i0.wp.com\/noticiasribeiraopreto.com.br\/wp-content\/uploads\/2023\/12\/fogos_de_1200x675_27122021145159.jpg?fit=1200%2C675&ssl=1&resize=350%2C200","width":350,"height":200,"srcset":"https:\/\/i0.wp.com\/noticiasribeiraopreto.com.br\/wp-content\/uploads\/2023\/12\/fogos_de_1200x675_27122021145159.jpg?fit=1200%2C675&ssl=1&resize=350%2C200 1x, https:\/\/i0.wp.com\/noticiasribeiraopreto.com.br\/wp-content\/uploads\/2023\/12\/fogos_de_1200x675_27122021145159.jpg?fit=1200%2C675&ssl=1&resize=525%2C300 1.5x, https:\/\/i0.wp.com\/noticiasribeiraopreto.com.br\/wp-content\/uploads\/2023\/12\/fogos_de_1200x675_27122021145159.jpg?fit=1200%2C675&ssl=1&resize=700%2C400 2x, https:\/\/i0.wp.com\/noticiasribeiraopreto.com.br\/wp-content\/uploads\/2023\/12\/fogos_de_1200x675_27122021145159.jpg?fit=1200%2C675&ssl=1&resize=1050%2C600 3x"},"classes":[]}],"jetpack_sharing_enabled":true,"jetpack_shortlink":"https:\/\/wp.me\/peQAOb-lCv","_links":{"self":[{"href":"https:\/\/noticiasribeiraopreto.com.br\/index.php\/wp-json\/wp\/v2\/posts\/83111","targetHints":{"allow":["GET"]}}],"collection":[{"href":"https:\/\/noticiasribeiraopreto.com.br\/index.php\/wp-json\/wp\/v2\/posts"}],"about":[{"href":"https:\/\/noticiasribeiraopreto.com.br\/index.php\/wp-json\/wp\/v2\/types\/post"}],"author":[{"embeddable":true,"href":"https:\/\/noticiasribeiraopreto.com.br\/index.php\/wp-json\/wp\/v2\/users\/1"}],"replies":[{"embeddable":true,"href":"https:\/\/noticiasribeiraopreto.com.br\/index.php\/wp-json\/wp\/v2\/comments?post=83111"}],"version-history":[{"count":0,"href":"https:\/\/noticiasribeiraopreto.com.br\/index.php\/wp-json\/wp\/v2\/posts\/83111\/revisions"}],"wp:featuredmedia":[{"embeddable":true,"href":"https:\/\/noticiasribeiraopreto.com.br\/index.php\/wp-json\/wp\/v2\/media\/83112"}],"wp:attachment":[{"href":"https:\/\/noticiasribeiraopreto.com.br\/index.php\/wp-json\/wp\/v2\/media?parent=83111"}],"wp:term":[{"taxonomy":"category","embeddable":true,"href":"https:\/\/noticiasribeiraopreto.com.br\/index.php\/wp-json\/wp\/v2\/categories?post=83111"},{"taxonomy":"post_tag","embeddable":true,"href":"https:\/\/noticiasribeiraopreto.com.br\/index.php\/wp-json\/wp\/v2\/tags?post=83111"}],"curies":[{"name":"wp","href":"https:\/\/api.w.org\/{rel}","templated":true}]}}