{"id":83113,"date":"2026-03-10T07:45:12","date_gmt":"2026-03-10T10:45:12","guid":{"rendered":"https:\/\/noticiasribeiraopreto.com.br\/index.php\/2026\/03\/10\/caso-de-misoginia-marca-a-vitoria-do-comercial-em-casa\/"},"modified":"2026-03-10T07:45:12","modified_gmt":"2026-03-10T10:45:12","slug":"caso-de-misoginia-marca-a-vitoria-do-comercial-em-casa","status":"publish","type":"post","link":"https:\/\/noticiasribeiraopreto.com.br\/index.php\/2026\/03\/10\/caso-de-misoginia-marca-a-vitoria-do-comercial-em-casa\/","title":{"rendered":"Caso de misoginia marca a vit\u00f3ria do Comercial em casa"},"content":{"rendered":"<div class='code-block code-block-1' style='margin: 8px 0 8px auto; text-align: right; display: block; clear: both;'>\n<p><a href=\"https:\/\/wa.link\/vpicfd\"><img data-recalc-dims=\"1\" class=\"wp-image-4922\" style=\"aspect-ratio: 2.0253164556962027; width: 561px; height: auto;\" src=\"https:\/\/i0.wp.com\/ismaelcolosi.com.br\/wp-content\/uploads\/2023\/11\/grupo-de-empregos-whatsapp-e-facebook-ismael-colosi-vagas.jpg?ssl=1\" alt=\"\" \/><\/a><\/p>\n<!-- \/wp:image -->\n<\/div>\n<p> <br \/>\n<\/p>\n<div>\n<p class=\"p1\">Igor Ramos<\/p>\n<p class=\"p1\">A primeira vit\u00f3ria do Comercial em casa no \u00faltimo fim de semana teve um epis\u00f3dio lament\u00e1vel. Em plena semana do Dia da mulher, um caso de misoginia foi relatado na s\u00famula do jogo, em que o Comercial derrotou o Nacional por 2 a 0.<\/p>\n<p class=\"p3\"><span class=\"s1\">Segundo relato da \u00e1rbitra da partida,<span class=\"Apple-converted-space\">\u00a0 <\/span><\/span><span class=\"s2\">Ana Caroline D\u2019Eleut\u00e9rio de Sousa Carvalho, a m\u00e9dica do Nacional fez uma den\u00fancia ao final do primeiro tempo do jogo,\u00a0<\/span><span class=\"s2\">entrando no gramado e relatando ter sido v\u00edtima de misoginia e ofensas vindas de torcedores que estavam no alambrado, atr\u00e1s do banco de reservas do Nacional.<\/span><\/p>\n<figure id=\"attachment_456887\" aria-describedby=\"caption-attachment-456887\" style=\"width: 300px\" class=\"wp-caption alignright\"><img data-recalc-dims=\"1\" loading=\"lazy\" decoding=\"async\" class=\"size-medium wp-image-456887 lazyload\" src=\"https:\/\/i0.wp.com\/www.tribunaribeirao.com.br\/wp-content\/uploads\/2026\/03\/CFC-300x199.jpg?resize=300%2C199&#038;ssl=1\" alt=\"\" width=\"300\" height=\"199\" srcset=\"https:\/\/www.tribunaribeirao.com.br\/wp-content\/uploads\/2026\/03\/CFC-300x199.jpg 300w, https:\/\/www.tribunaribeirao.com.br\/wp-content\/uploads\/2026\/03\/CFC-1024x681.jpg 1024w, https:\/\/www.tribunaribeirao.com.br\/wp-content\/uploads\/2026\/03\/CFC-768x511.jpg 768w, https:\/\/www.tribunaribeirao.com.br\/wp-content\/uploads\/2026\/03\/CFC-480x320.jpg 480w, https:\/\/www.tribunaribeirao.com.br\/wp-content\/uploads\/2026\/03\/CFC-280x186.jpg 280w, https:\/\/www.tribunaribeirao.com.br\/wp-content\/uploads\/2026\/03\/CFC-960x638.jpg 960w, https:\/\/www.tribunaribeirao.com.br\/wp-content\/uploads\/2026\/03\/CFC-602x400.jpg 602w, https:\/\/www.tribunaribeirao.com.br\/wp-content\/uploads\/2026\/03\/CFC-585x389.jpg 585w, https:\/\/www.tribunaribeirao.com.br\/wp-content\/uploads\/2026\/03\/CFC.jpg 1068w\" data-sizes=\"(max-width: 300px) 100vw, 300px\" style=\"--smush-placeholder-width: 300px; --smush-placeholder-aspect-ratio: 300\/199;\"\/><figcaption id=\"caption-attachment-456887\" class=\"wp-caption-text\">Apesar do epis\u00f3dio o jogo teve continuidade e o Cpmercial venceu por 2 a 0<br \/>(B\u00e1rbara Pires\/Assessoria CFC)<\/figcaption><\/figure>\n<p class=\"p4\"><span class=\"s2\">A confus\u00e3o aconteceu no final do primeiro tempo, quando a m\u00e9dica, entrou no gramado para fazer um atendimento a um jogador do time da capital. A doutora <\/span><span class=\"s1\">Bianca Francelino, que \u00e9 de Ribeir\u00e3o Preto,\u00a0 <\/span><span class=\"s2\">prestava servi\u00e7o de freelancer para o Nacional e viu quando um torcedor<span class=\"Apple-converted-space\">\u00a0 <\/span>a ofendeu<span class=\"Apple-converted-space\">\u00a0 <\/span>e fez gestos obscenos, agitando as pr\u00f3prias partes \u00edntimas para a m\u00e9dica. <\/span><\/p>\n<p class=\"p3\"><span class=\"s2\">O marido e familiares da profissional , que estavam no est\u00e1dio, desceram da arquibancada e foram tirar satisfa\u00e7\u00f5es com o torcedor. o que gerou uma confus\u00e3o no intervalo, sendo necess\u00e1ria a interven\u00e7\u00e3o policial.<\/span><\/p>\n<p class=\"p3\"><span class=\"s2\">.<span class=\"Apple-converted-space\">\u00a0 <\/span>A \u00e1rbitra acionou o protocolo de ass\u00e9dio e racismo, erguendo os bra\u00e7os cruzados ( como determina a FIFA) e o jogo ficou paralisado.\u00a0<\/span><\/p>\n<p class=\"p3\"><span class=\"s2\"><b>O epis\u00f3dio foi relatado na s\u00famula.<\/b><\/span><\/p>\n<p class=\"p3\"><span class=\"s2\"><i>Informo que aos 45+1 minutos de jogo, eu Ana Caroline D\u2019Eleut\u00e9rio de Sousa Carvalho, fui comunicada pelo 4\u00ba \u00e1rbitro acerca de um fato relatado pelo t\u00e9cnico da equipe do Nacional Atl\u00e9tico Clube, Sr. Antonio Carlos Guimar\u00e3es, referente a manifesta\u00e7\u00e3o de ass\u00e9dio, proferida por torcedores da equipe do Comercial Futebol Clube. Segundo o relato, um torcedor teria segurado e apontado a genit\u00e1lia em dire\u00e7\u00e3o \u00e0 m\u00e9dica da equipe do Nacional Atl\u00e9tico Clube, Dra. Bianca Francelino de Oliveira, que se encontrava na \u00e1rea do banco de reservas. Tal situa\u00e7\u00e3o gerou in\u00edcio de discuss\u00e3o entre os jogadores reservas e membros da comiss\u00e3o t\u00e9cnica do Nacional Atl\u00e9tico Clube, com os torcedores posicionados pr\u00f3ximos ao alambrado. Diante da informa\u00e7\u00e3o recebida, dirigi-me \u00e0 referida profissional, que confirmou ter sido v\u00edtima do referido ato de ass\u00e9dio dizendo: \u201cEu fui assediada\u201d. Diante dos fatos, a equipe de arbitragem acionou o protocolo previsto para situa\u00e7\u00e3o dessa natureza, sendo o ocorrido inclusive comunicado ao p\u00fablico presente por meio do sistema de som do est\u00e1dio. Na sequ\u00eancia, o diretor da partida, Sr. Pedro Henrique Roveri Falc\u00e3o, solicitou \u00e0 gerente de opera\u00e7\u00f5es Sra. Mariana Prata Fernandes Borges, que acionasse o policiamento presente no est\u00e1dio para que fosse realizada a interven\u00e7\u00e3o e tentativa de identifica\u00e7\u00e3o do torcedor respons\u00e1vel pelo ato. Com a chegada da equipe policial ao local, os \u00e2nimos foram controlados, entretanto n\u00e3o foi poss\u00edvel identificar nenhum torcedor como sendo o autor o gesto relatado. Ap\u00f3s a ado\u00e7\u00e3o das medidas citadas, voltei a contatar a Dra. Bianca para verificar suas condi\u00e7\u00f5es de perman\u00eancia ou n\u00e3o no jogo. Foi quando a mesma confirmou dizendo: \u201cSim, eu tenho condi\u00e7\u00f5es de continuar no jogo\u201d. Dessa forma, o jogo foi reiniciado e transcorreu normalmente at\u00e9 o seu t\u00e9rmino, sem novos registros relacionados ao fato. Informo que, at\u00e9 a sa\u00edda da equipe de arbitragem do est\u00e1dio, n\u00e3o foi apresentado nenhuma identifica\u00e7\u00e3o do torcedor que realizou o gesto. Saliento ainda que nenhum membro da equipe de arbitragem visualizou o fato, tendo este sido apenas informado pelo t\u00e9cnico da equipe do Nacional Atl\u00e9tico Clube e posteriormente confirmado pela Dra. Bianca Francelino de Oliveira<\/i><\/span><\/p>\n<p class=\"p4\"><span class=\"s2\"><b>Comercial se pronuncia <\/b><\/span><\/p>\n<p class=\"p1\">No dia seguinte ao fato o Comercial divulgou uma nota, alegando ter identificado o torcedor.<\/p>\n<p class=\"p1\">A nota diz:<\/p>\n<p class=\"p1\">O Comercial Futebol Clube repudia e lamenta o ass\u00e9dio sofrido pela m\u00e9dica Bianca Francelino, no jogo contra o Nacional, neste s\u00e1bado (7).<\/p>\n<p class=\"p1\">A doutora Bianca, residente em Ribeir\u00e3o Preto, prestava servi\u00e7o freelancer para o clube da capital, quando sofreu atos mis\u00f3ginos vindos de um torcedor.<\/p>\n<p class=\"p1\">O Comercial informa que esse torcedor j\u00e1 foi identificado pelas autoridades e funcion\u00e1rios da FPF (Federa\u00e7\u00e3o Paulista de Futebol), que adotar\u00e3o todas as medidas judiciais cab\u00edveis.<\/p>\n<p class=\"p1\">O Comercial \u00e9 plural e de todos. Machistas, racistas, homof\u00f3bicos e todos os tipos de preconceituosos n\u00e3o s\u00e3o bem-vindos no est\u00e1dio Palma Travassos.<\/p>\n<p class=\"p4\"><span class=\"s2\">O Comercial volta a campo no pr\u00f3ximo s\u00e1bado (14), \u00e0s 15h30, contra o Ara\u00e7atuba, fora de casa. J\u00e1 o Nacional enfrenta a Penapolense no mesmo dia, \u00e0s 15h.<\/span><\/p>\n<\/div>\n<p><br \/>\n<br \/><a href=\"https:\/\/www.tribunaribeirao.com.br\/caso-de-misoginia-marca-a-vitoria-do-comercial-em-casa\/\">Source link <\/a><\/p>\n<!-- CONTENT END 1 -->\n","protected":false},"excerpt":{"rendered":"<p>Igor Ramos A primeira vit\u00f3ria do Comercial em casa no \u00faltimo fim de semana teve um epis\u00f3dio lament\u00e1vel. Em plena semana do Dia da mulher,&#8230;<\/p>\n","protected":false},"author":1,"featured_media":83114,"comment_status":"open","ping_status":"open","sticky":false,"template":"","format":"standard","meta":{"advanced_seo_description":"","jetpack_seo_html_title":"","jetpack_seo_noindex":false,"jetpack_post_was_ever_published":false,"_jetpack_newsletter_access":"","_jetpack_dont_email_post_to_subs":false,"_jetpack_newsletter_tier_id":0,"_jetpack_memberships_contains_paywalled_content":false,"_jetpack_memberships_contains_paid_content":false,"footnotes":"","jetpack_publicize_message":"","jetpack_publicize_feature_enabled":true,"jetpack_social_post_already_shared":true,"jetpack_social_options":{"image_generator_settings":{"template":"highway","default_image_id":0,"font":"","enabled":false},"version":2}},"categories":[11],"tags":[],"class_list":["post-83113","post","type-post","status-publish","format-standard","has-post-thumbnail","hentry","category-noticias-de-ribeirao-preto-sp-e-regiao-ismael-colosi"],"jetpack_publicize_connections":[],"jetpack_featured_media_url":"https:\/\/i0.wp.com\/noticiasribeiraopreto.com.br\/wp-content\/uploads\/2026\/03\/CFC-detalhe-scaled.jpg?fit=972%2C780&ssl=1","jetpack-related-posts":[{"id":83183,"url":"https:\/\/noticiasribeiraopreto.com.br\/index.php\/2026\/03\/12\/mp-cobra-identificacao-de-misogenos\/","url_meta":{"origin":83113,"position":0},"title":"MP cobra identifica\u00e7\u00e3o \u2028de mis\u00f3genos","author":"noticiasribeiraopreto.com.br","date":"12 de March de 2026","format":false,"excerpt":"Puni\u00e7\u00e3o deve ter car\u00e1ter administrativo, com a proibi\u00e7\u00e3o de frequentar arenas esportivas por dois anos, bem como criminal, implicando na presta\u00e7\u00e3o de servi\u00e7os \u00e0 comunidade Ap\u00f3s receber not\u00edcia enviada pelo delegado C\u00e9sar Saad, titular da Delegacia de Pol\u00edcia de Repress\u00e3o aos Delitos de Intoler\u00e2ncia Esportiva, o Minist\u00e9rio P\u00fablico de S\u00e3o\u2026","rel":"","context":"In &quot;Not\u00edcias de Ribeir\u00e3o Preto-SP e Regi\u00e3o&quot;","block_context":{"text":"Not\u00edcias de Ribeir\u00e3o Preto-SP e Regi\u00e3o","link":"https:\/\/noticiasribeiraopreto.com.br\/index.php\/category\/noticias-de-ribeirao-preto-sp-e-regiao-ismael-colosi\/"},"img":{"alt_text":"","src":"https:\/\/i0.wp.com\/noticiasribeiraopreto.com.br\/wp-content\/uploads\/2026\/03\/Misoginia-Reproducao-YouTube-Paulistao.jpg?fit=984%2C628&ssl=1&resize=350%2C200","width":350,"height":200,"srcset":"https:\/\/i0.wp.com\/noticiasribeiraopreto.com.br\/wp-content\/uploads\/2026\/03\/Misoginia-Reproducao-YouTube-Paulistao.jpg?fit=984%2C628&ssl=1&resize=350%2C200 1x, https:\/\/i0.wp.com\/noticiasribeiraopreto.com.br\/wp-content\/uploads\/2026\/03\/Misoginia-Reproducao-YouTube-Paulistao.jpg?fit=984%2C628&ssl=1&resize=525%2C300 1.5x, https:\/\/i0.wp.com\/noticiasribeiraopreto.com.br\/wp-content\/uploads\/2026\/03\/Misoginia-Reproducao-YouTube-Paulistao.jpg?fit=984%2C628&ssl=1&resize=700%2C400 2x"},"classes":[]},{"id":83065,"url":"https:\/\/noticiasribeiraopreto.com.br\/index.php\/2026\/03\/08\/em-partida-com-polemica-comercial-volta-a-vencer-pelo-paulista-da-serie-a4\/","url_meta":{"origin":83113,"position":1},"title":"Em partida com pol\u00eamica, Comercial volta a vencer pelo Paulista da S\u00e9rie A4","author":"noticiasribeiraopreto.com.br","date":"8 de March de 2026","format":false,"excerpt":"O Comercial derrotou o Nacional por 2 a 0 na tarde deste s\u00e1bado (7), no est\u00e1dio Palma Travassos, em Ribeir\u00e3o Preto. O confronto foi v\u00e1lido pela nona rodada do Campeonato Paulista da S\u00e9rie A4. A partida ficou marcada por uma den\u00fancia de suposto ass\u00e9dio feita pela m\u00e9dica que acompanhava o\u2026","rel":"","context":"In &quot;Not\u00edcias de Ribeir\u00e3o Preto-SP e Regi\u00e3o&quot;","block_context":{"text":"Not\u00edcias de Ribeir\u00e3o Preto-SP e Regi\u00e3o","link":"https:\/\/noticiasribeiraopreto.com.br\/index.php\/category\/noticias-de-ribeirao-preto-sp-e-regiao-ismael-colosi\/"},"img":{"alt_text":"","src":"https:\/\/i0.wp.com\/noticiasribeiraopreto.com.br\/wp-content\/uploads\/2026\/03\/comercial-gol_2026-03-07_19-59-44.webp.webp?fit=1200%2C801&ssl=1&resize=350%2C200","width":350,"height":200,"srcset":"https:\/\/i0.wp.com\/noticiasribeiraopreto.com.br\/wp-content\/uploads\/2026\/03\/comercial-gol_2026-03-07_19-59-44.webp.webp?fit=1200%2C801&ssl=1&resize=350%2C200 1x, https:\/\/i0.wp.com\/noticiasribeiraopreto.com.br\/wp-content\/uploads\/2026\/03\/comercial-gol_2026-03-07_19-59-44.webp.webp?fit=1200%2C801&ssl=1&resize=525%2C300 1.5x, https:\/\/i0.wp.com\/noticiasribeiraopreto.com.br\/wp-content\/uploads\/2026\/03\/comercial-gol_2026-03-07_19-59-44.webp.webp?fit=1200%2C801&ssl=1&resize=700%2C400 2x, https:\/\/i0.wp.com\/noticiasribeiraopreto.com.br\/wp-content\/uploads\/2026\/03\/comercial-gol_2026-03-07_19-59-44.webp.webp?fit=1200%2C801&ssl=1&resize=1050%2C600 3x"},"classes":[]},{"id":84561,"url":"https:\/\/noticiasribeiraopreto.com.br\/index.php\/2026\/04\/12\/pl-da-misoginia-os-reflexos-da-nova-lei-dentro-dos-condominios\/","url_meta":{"origin":83113,"position":2},"title":"PL da Misoginia: os reflexos da nova lei dentro dos condom\u00ednios","author":"noticiasribeiraopreto.com.br","date":"12 de April de 2026","format":false,"excerpt":"Ler o resumo da not\u00edcia Senado Federal aprovou projeto de lei que criminaliza a misoginia, equiparando-a ao crime de racismo. A lei eleva as puni\u00e7\u00f5es para atos de \u00f3dio contra mulheres, com penas de 2 a 5 anos de reclus\u00e3o, al\u00e9m de multa. As condutas mis\u00f3ginas tornam-se inafian\u00e7\u00e1veis e imprescrit\u00edveis,\u2026","rel":"","context":"In &quot;Not\u00edcias de Ribeir\u00e3o Preto-SP e Regi\u00e3o&quot;","block_context":{"text":"Not\u00edcias de Ribeir\u00e3o Preto-SP e Regi\u00e3o","link":"https:\/\/noticiasribeiraopreto.com.br\/index.php\/category\/noticias-de-ribeirao-preto-sp-e-regiao-ismael-colosi\/"},"img":{"alt_text":"","src":"https:\/\/i0.wp.com\/noticiasribeiraopreto.com.br\/wp-content\/uploads\/2025\/05\/DR-MARCIO-SPIMPOLO_2025-05-16_17-40-37.webp.webp?fit=997%2C718&ssl=1&resize=350%2C200","width":350,"height":200,"srcset":"https:\/\/i0.wp.com\/noticiasribeiraopreto.com.br\/wp-content\/uploads\/2025\/05\/DR-MARCIO-SPIMPOLO_2025-05-16_17-40-37.webp.webp?fit=997%2C718&ssl=1&resize=350%2C200 1x, https:\/\/i0.wp.com\/noticiasribeiraopreto.com.br\/wp-content\/uploads\/2025\/05\/DR-MARCIO-SPIMPOLO_2025-05-16_17-40-37.webp.webp?fit=997%2C718&ssl=1&resize=525%2C300 1.5x, https:\/\/i0.wp.com\/noticiasribeiraopreto.com.br\/wp-content\/uploads\/2025\/05\/DR-MARCIO-SPIMPOLO_2025-05-16_17-40-37.webp.webp?fit=997%2C718&ssl=1&resize=700%2C400 2x"},"classes":[]},{"id":83034,"url":"https:\/\/noticiasribeiraopreto.com.br\/index.php\/2026\/03\/07\/comercial-recebe-o-nacional-em-luta-contra-a-crise-na-a4\/","url_meta":{"origin":83113,"position":3},"title":"Comercial recebe o Nacional em luta contra a crise na A4","author":"noticiasribeiraopreto.com.br","date":"7 de March de 2026","format":false,"excerpt":"\r \r \r 7 de mar\u00e7o de 2026 10:357 de mar\u00e7o de 2026 01:03 \r Compartilhar0 Por Hugo Luque O Comercial enfrenta o Nacional neste s\u00e1bado (7), \u00e0s 15h, no Est\u00e1dio Palma Travassos, pela nona rodada da S\u00e9rie A4 do Campeonato Paulista. Em crise, o Le\u00e3o do Norte tenta evitar\u2026","rel":"","context":"In &quot;Not\u00edcias de Ribeir\u00e3o Preto-SP e Regi\u00e3o&quot;","block_context":{"text":"Not\u00edcias de Ribeir\u00e3o Preto-SP e Regi\u00e3o","link":"https:\/\/noticiasribeiraopreto.com.br\/index.php\/category\/noticias-de-ribeirao-preto-sp-e-regiao-ismael-colosi\/"},"img":{"alt_text":"","src":"https:\/\/i0.wp.com\/noticiasribeiraopreto.com.br\/wp-content\/uploads\/2026\/03\/1-Sao-Caetano-x-Comercial-Barbara-Pires_Comercial-FC-2-scaled.jpeg?fit=1169%2C780&ssl=1&resize=350%2C200","width":350,"height":200,"srcset":"https:\/\/i0.wp.com\/noticiasribeiraopreto.com.br\/wp-content\/uploads\/2026\/03\/1-Sao-Caetano-x-Comercial-Barbara-Pires_Comercial-FC-2-scaled.jpeg?fit=1169%2C780&ssl=1&resize=350%2C200 1x, https:\/\/i0.wp.com\/noticiasribeiraopreto.com.br\/wp-content\/uploads\/2026\/03\/1-Sao-Caetano-x-Comercial-Barbara-Pires_Comercial-FC-2-scaled.jpeg?fit=1169%2C780&ssl=1&resize=525%2C300 1.5x, https:\/\/i0.wp.com\/noticiasribeiraopreto.com.br\/wp-content\/uploads\/2026\/03\/1-Sao-Caetano-x-Comercial-Barbara-Pires_Comercial-FC-2-scaled.jpeg?fit=1169%2C780&ssl=1&resize=700%2C400 2x, https:\/\/i0.wp.com\/noticiasribeiraopreto.com.br\/wp-content\/uploads\/2026\/03\/1-Sao-Caetano-x-Comercial-Barbara-Pires_Comercial-FC-2-scaled.jpeg?fit=1169%2C780&ssl=1&resize=1050%2C600 3x"},"classes":[]},{"id":83050,"url":"https:\/\/noticiasribeiraopreto.com.br\/index.php\/2026\/03\/07\/comercial-vence-a-primeira-em-casa-na-a4\/","url_meta":{"origin":83113,"position":4},"title":"Comercial vence a primeira em casa na A4","author":"noticiasribeiraopreto.com.br","date":"7 de March de 2026","format":false,"excerpt":"\r \r \r Na reestreia de Pinho, Bafo supera lanterna Nacional\r \r 7 de mar\u00e7o de 2026 17:21 \r Compartilhar1 \r Por Hugo LuqueO Comercial enfim venceu sua primeira partida em casa nesta temporada. No Palma Travassos, a equipe superou o Nacional por 2 a 0 neste s\u00e1bado (7), pela\u2026","rel":"","context":"In &quot;Not\u00edcias de Ribeir\u00e3o Preto-SP e Regi\u00e3o&quot;","block_context":{"text":"Not\u00edcias de Ribeir\u00e3o Preto-SP e Regi\u00e3o","link":"https:\/\/noticiasribeiraopreto.com.br\/index.php\/category\/noticias-de-ribeirao-preto-sp-e-regiao-ismael-colosi\/"},"img":{"alt_text":"","src":"https:\/\/i0.wp.com\/noticiasribeiraopreto.com.br\/wp-content\/uploads\/2026\/03\/764ff3d9-b946-4844-add4-c3cd3f5d1535-scaled.jpeg?fit=1169%2C780&ssl=1&resize=350%2C200","width":350,"height":200,"srcset":"https:\/\/i0.wp.com\/noticiasribeiraopreto.com.br\/wp-content\/uploads\/2026\/03\/764ff3d9-b946-4844-add4-c3cd3f5d1535-scaled.jpeg?fit=1169%2C780&ssl=1&resize=350%2C200 1x, https:\/\/i0.wp.com\/noticiasribeiraopreto.com.br\/wp-content\/uploads\/2026\/03\/764ff3d9-b946-4844-add4-c3cd3f5d1535-scaled.jpeg?fit=1169%2C780&ssl=1&resize=525%2C300 1.5x, https:\/\/i0.wp.com\/noticiasribeiraopreto.com.br\/wp-content\/uploads\/2026\/03\/764ff3d9-b946-4844-add4-c3cd3f5d1535-scaled.jpeg?fit=1169%2C780&ssl=1&resize=700%2C400 2x, https:\/\/i0.wp.com\/noticiasribeiraopreto.com.br\/wp-content\/uploads\/2026\/03\/764ff3d9-b946-4844-add4-c3cd3f5d1535-scaled.jpeg?fit=1169%2C780&ssl=1&resize=1050%2C600 3x"},"classes":[]},{"id":80745,"url":"https:\/\/noticiasribeiraopreto.com.br\/index.php\/2025\/12\/12\/fpf-divulga-tabela-basica-da-serie-a4-e-comercial-estreia-fora\/","url_meta":{"origin":83113,"position":5},"title":"FPF divulga tabela b\u00e1sica da S\u00e9rie A4 e Comercial estreia fora","author":"noticiasribeiraopreto.com.br","date":"12 de December de 2025","format":false,"excerpt":"\r \r \r 12 de dezembro de 2025 14:20 \r Compartilhar0 Le\u00e3o do Norte come\u00e7a a sua retomada em busca do acesso\u00a0 fora de casa, contra o Ecus Na manh\u00e3 desta sexta-feira a tabela b\u00e1sica de jogos do Campeonato Paulista S\u00e9rie A4 foi divulgada pela Federa\u00e7\u00e3o Paulista de Futebol. A\u2026","rel":"","context":"In &quot;Not\u00edcias de Ribeir\u00e3o Preto-SP e Regi\u00e3o&quot;","block_context":{"text":"Not\u00edcias de Ribeir\u00e3o Preto-SP e Regi\u00e3o","link":"https:\/\/noticiasribeiraopreto.com.br\/index.php\/category\/noticias-de-ribeirao-preto-sp-e-regiao-ismael-colosi\/"},"img":{"alt_text":"","src":"https:\/\/i0.wp.com\/noticiasribeiraopreto.com.br\/wp-content\/uploads\/2025\/12\/1-Palma-Travassos-Raul-Ramos-4.jpg?fit=799%2C533&ssl=1&resize=350%2C200","width":350,"height":200,"srcset":"https:\/\/i0.wp.com\/noticiasribeiraopreto.com.br\/wp-content\/uploads\/2025\/12\/1-Palma-Travassos-Raul-Ramos-4.jpg?fit=799%2C533&ssl=1&resize=350%2C200 1x, https:\/\/i0.wp.com\/noticiasribeiraopreto.com.br\/wp-content\/uploads\/2025\/12\/1-Palma-Travassos-Raul-Ramos-4.jpg?fit=799%2C533&ssl=1&resize=525%2C300 1.5x, https:\/\/i0.wp.com\/noticiasribeiraopreto.com.br\/wp-content\/uploads\/2025\/12\/1-Palma-Travassos-Raul-Ramos-4.jpg?fit=799%2C533&ssl=1&resize=700%2C400 2x"},"classes":[]}],"jetpack_sharing_enabled":true,"jetpack_shortlink":"https:\/\/wp.me\/peQAOb-lCx","_links":{"self":[{"href":"https:\/\/noticiasribeiraopreto.com.br\/index.php\/wp-json\/wp\/v2\/posts\/83113","targetHints":{"allow":["GET"]}}],"collection":[{"href":"https:\/\/noticiasribeiraopreto.com.br\/index.php\/wp-json\/wp\/v2\/posts"}],"about":[{"href":"https:\/\/noticiasribeiraopreto.com.br\/index.php\/wp-json\/wp\/v2\/types\/post"}],"author":[{"embeddable":true,"href":"https:\/\/noticiasribeiraopreto.com.br\/index.php\/wp-json\/wp\/v2\/users\/1"}],"replies":[{"embeddable":true,"href":"https:\/\/noticiasribeiraopreto.com.br\/index.php\/wp-json\/wp\/v2\/comments?post=83113"}],"version-history":[{"count":0,"href":"https:\/\/noticiasribeiraopreto.com.br\/index.php\/wp-json\/wp\/v2\/posts\/83113\/revisions"}],"wp:featuredmedia":[{"embeddable":true,"href":"https:\/\/noticiasribeiraopreto.com.br\/index.php\/wp-json\/wp\/v2\/media\/83114"}],"wp:attachment":[{"href":"https:\/\/noticiasribeiraopreto.com.br\/index.php\/wp-json\/wp\/v2\/media?parent=83113"}],"wp:term":[{"taxonomy":"category","embeddable":true,"href":"https:\/\/noticiasribeiraopreto.com.br\/index.php\/wp-json\/wp\/v2\/categories?post=83113"},{"taxonomy":"post_tag","embeddable":true,"href":"https:\/\/noticiasribeiraopreto.com.br\/index.php\/wp-json\/wp\/v2\/tags?post=83113"}],"curies":[{"name":"wp","href":"https:\/\/api.w.org\/{rel}","templated":true}]}}