{"id":83115,"date":"2026-03-10T07:51:41","date_gmt":"2026-03-10T10:51:41","guid":{"rendered":"https:\/\/noticiasribeiraopreto.com.br\/index.php\/2026\/03\/10\/combustiveis-sofrem-reajuste-nas-bombas\/"},"modified":"2026-03-10T07:51:41","modified_gmt":"2026-03-10T10:51:41","slug":"combustiveis-sofrem-reajuste-nas-bombas","status":"publish","type":"post","link":"https:\/\/noticiasribeiraopreto.com.br\/index.php\/2026\/03\/10\/combustiveis-sofrem-reajuste-nas-bombas\/","title":{"rendered":"Combust\u00edveis sofrem reajuste nas bombas"},"content":{"rendered":"<div class='code-block code-block-1' style='margin: 8px 0 8px auto; text-align: right; display: block; clear: both;'>\n<p><a href=\"https:\/\/wa.link\/vpicfd\"><img data-recalc-dims=\"1\" class=\"wp-image-4922\" style=\"aspect-ratio: 2.0253164556962027; width: 561px; height: auto;\" src=\"https:\/\/i0.wp.com\/ismaelcolosi.com.br\/wp-content\/uploads\/2023\/11\/grupo-de-empregos-whatsapp-e-facebook-ismael-colosi-vagas.jpg?ssl=1\" alt=\"\" \/><\/a><\/p>\n<!-- \/wp:image -->\n<\/div>\n<p> <br \/>\n<\/p>\n<div>\n<p class=\"p1\"><i>Petrobras j\u00e1 est\u00e1 \u201climitando fornecimento\u201d do diesel , que abastece 99% da frota de caminh\u00f5es do pa\u00eds; gasolina subiu<span class=\"Apple-converted-space\">\u00a0 <\/span>R$ 0,50\/litro e etano, R$ 0,10<\/i><\/p>\n<p>A Central de Monitoramento da Associa\u00e7\u00e3o N\u00facleo Postos de Ribeir\u00e3o Preto, que re\u00fane 85 revendedores da cidade e regi\u00e3o, apurou que nos \u00faltimos dez dias \u2013 desde que come\u00e7ou o conflito entre Estados Unidos e Israel contra o Ir\u00e3, no Oriente M\u00e9dio \u2013 o pre\u00e7o do litro de diesel j\u00e1 acumula aumento m\u00e9dio que supera R$ 1,00 das distribuidoras para os postos.<\/p>\n<p>Na gasolina, a alta m\u00e9dia acumulada \u00e9 de mais de R$ 0,50 por litro no mesmo per\u00edodo. Nesta segunda-fera, 9 de mar\u00e7o, o mercado j\u00e1 apresentava os impactos dessa eleva\u00e7\u00e3o de pre\u00e7os nas bombas. Desde a semana passada os postos est\u00e3o tendo dificuldade em comprar combust\u00edveis f\u00f3sseis das distribuidoras.<span class=\"Apple-converted-space\">\u00a0 <\/span><\/p>\n<p>Por sua vez, as distribuidoras alegam estar havendo limita\u00e7\u00e3o de volume no fornecimento de combust\u00edveis por parte da Petrobras. \u201cAinda n\u00e3o sabemos se \u00e9 apenas uma estrat\u00e9gia de pre\u00e7o das distribuidoras, uma limita\u00e7\u00e3o de fornecimento para n\u00e3o faltar diesel e gasolina no mercado ou se j\u00e1 vivemos, na pr\u00e1tica, o in\u00edcio de um \u2018racionamento\u201d, afirma Fernando Roca, presidente da entidade.<img data-recalc-dims=\"1\" loading=\"lazy\" decoding=\"async\" class=\"size-medium wp-image-456892 alignleft lazyload\" src=\"https:\/\/i0.wp.com\/www.tribunaribeirao.com.br\/wp-content\/uploads\/2026\/03\/EtanolRP-Detalhe-Alfredo-Risk-300x200.jpg?resize=300%2C200&#038;ssl=1\" alt=\"\" width=\"300\" height=\"200\" srcset=\"https:\/\/www.tribunaribeirao.com.br\/wp-content\/uploads\/2026\/03\/EtanolRP-Detalhe-Alfredo-Risk-300x200.jpg 300w, https:\/\/www.tribunaribeirao.com.br\/wp-content\/uploads\/2026\/03\/EtanolRP-Detalhe-Alfredo-Risk-1024x683.jpg 1024w, https:\/\/www.tribunaribeirao.com.br\/wp-content\/uploads\/2026\/03\/EtanolRP-Detalhe-Alfredo-Risk-768x512.jpg 768w, https:\/\/www.tribunaribeirao.com.br\/wp-content\/uploads\/2026\/03\/EtanolRP-Detalhe-Alfredo-Risk-1536x1024.jpg 1536w, https:\/\/www.tribunaribeirao.com.br\/wp-content\/uploads\/2026\/03\/EtanolRP-Detalhe-Alfredo-Risk-480x320.jpg 480w, https:\/\/www.tribunaribeirao.com.br\/wp-content\/uploads\/2026\/03\/EtanolRP-Detalhe-Alfredo-Risk-280x186.jpg 280w, https:\/\/www.tribunaribeirao.com.br\/wp-content\/uploads\/2026\/03\/EtanolRP-Detalhe-Alfredo-Risk-960x640.jpg 960w, https:\/\/www.tribunaribeirao.com.br\/wp-content\/uploads\/2026\/03\/EtanolRP-Detalhe-Alfredo-Risk-600x400.jpg 600w, https:\/\/www.tribunaribeirao.com.br\/wp-content\/uploads\/2026\/03\/EtanolRP-Detalhe-Alfredo-Risk-585x390.jpg 585w, https:\/\/www.tribunaribeirao.com.br\/wp-content\/uploads\/2026\/03\/EtanolRP-Detalhe-Alfredo-Risk-scaled.jpg 1170w\" data-sizes=\"(max-width: 300px) 100vw, 300px\" style=\"--smush-placeholder-width: 300px; --smush-placeholder-aspect-ratio: 300\/200;\"\/><\/p>\n<p>\u201cVale dizer que o diesel abastece 99% da frota de caminh\u00f5es do pa\u00eds. O cen\u00e1rio \u00e9 incerto e preocupante, e n\u00e3o sabemos quanto tempo vai durar\u201d, emenda. Outro ponto relevante \u00e9 que o Estreito de Ormuz, no Golfo P\u00e9rsico, por onde s\u00e3o escoados cerca de 20% do petr\u00f3leo que abastece o mercado global, continua fechado pelas For\u00e7as Armadas do Ir\u00e3 que bombardearam refinarias de pa\u00edses vizinhos.<\/p>\n<p><b>Cota\u00e7\u00e3o e defasagem \u2013<\/b><b> <\/b>Nesta segunda-feira, a cota\u00e7\u00e3o do barril de petr\u00f3leo brench no mercado internacional chegou a bater em US$ 120, praticamente o dobro do pre\u00e7o de dez dias atr\u00e1s (US$ 61). O diesel em Ribeir\u00e3o Preto est\u00e1 sendo vendido entre R$ 6,59 e R$ 6,99. J\u00e1 o litro da gasolina varia de R$ 6,49 a R$ 6,79.<\/p>\n<p>Segundo dados da Associa\u00e7\u00e3o Brasileira dos Importadores de Combust\u00edveis (Abicom), a defasagem entre os pre\u00e7os praticados no Brasil e os do mercado internacional, alcan\u00e7ou 78% (principais polos) e -85% (polos da Petrobras) para o diesel, que equivale a R$ 2,74\/litro.<\/p>\n<p>J\u00e1 a gasolina atingiu -46% (principais polos) e -49% (polos da Petrobras), que equivale a R$ 1,22\/litro. De acordo com Roca, \u201cPor enquanto a Petrobras n\u00e3o anunciou oficialmente nenhum reajuste de pre\u00e7os para o diesel e a gasolina. Resta saber at\u00e9 quando a estatal vai aguentar a press\u00e3o do mercado externo\u201d, observa o presidente.<\/p>\n<p><b>Etanol \u2013 <\/b>A alta de pre\u00e7os do diesel e da gasolina j\u00e1 fez aumentar a procura por etanol, nos postos. Nos \u00faltimos dez dias, o \u00e1lcool combust\u00edvel j\u00e1 sofreu aumento m\u00e9dio de R$ 0,10 por litro, das distribuidoras para os postos, e \u00e9 prov\u00e1vel que essa tend\u00eancia continue.<span class=\"Apple-converted-space\">\u00a0 <\/span><\/p>\n<p>O Centro-Sul est\u00e1 na entressafra da cana-de-a\u00e7\u00facar, per\u00edodo em que as usinas param de produzir etanol para manuten\u00e7\u00e3o de equipamentos. Ontem, o litro do produto j\u00e1 estava sendo vendido entre R$ 4,49 e R$ 4,69 em Ribeir\u00e3o Preto. \u201cA \u00faltima safra registrou baixa na produ\u00e7\u00e3o do biocombust\u00edvel\u201d, diz Roca.<\/p>\n<p>\u201cE os atuais estoques reguladores precisam suprir, ao mesmo tempo, a adi\u00e7\u00e3o oficial de 30% de etanol no litro de gasolina e a demanda dos consumidores nos postos. N\u00e3o tem como o atual cen\u00e1rio n\u00e3o causar um efeito cascata de pre\u00e7os junto ao setor produtivo nacional. Sem falar na press\u00e3o inflacion\u00e1ria que tende a impactar na taxa Selic e em outras vari\u00e1veis da economia\u201d, destaca Roca.<\/p>\n<p><b>Usinas \u2013 <\/b>Na semana passada, entre 28 de fevereiro e 6 de mar\u00e7o, o pre\u00e7o do \u00e1lcool combust\u00edvel disparou 3,13% nas usinas paulistas ap\u00f3s quatro quedas seguidas, de 3,33%, 2,52%, 0,96% e 1,26%. O valor do hidratado est\u00e1 acima de R$ 2,90, mas \u201cencostou\u201d nos R$ 3,90 no final de 2021. Agora, passou de R$ 2,8462 para R$ 2,9352 por litro.<\/p>\n<p>J\u00e1 o valor do anidro \u2013 adicionado \u00e0 gasolina em at\u00e9 27% \u2013 est\u00e1 acima de R$ 3,25. Avan\u00e7ou 1,49% ap\u00f3s quedas de 3,84%, 1,69% e 2,26% e alta de 0,51%. Agora, passou de R$ 3,2256 o litro para R$ 3,273 em m\u00e9dia. Os dados s\u00e3o do Centro de Estudos Avan\u00e7ados em Economia Aplicada (Cepea) da Escola Superior de Agricultura Luiz de Queiroz da Universidade de S\u00e3o Paulo (Esalq\/USP).<\/p>\n<p><b>Pesquisa \u2013 <\/b>Segundo<b> <\/b>pesquisa da Ag\u00eancia Nacional do Petr\u00f3leo, G\u00e1s Natural e Biocombust\u00edveis (ANP), realizada entre 1\u00ba e 7 de mar\u00e7o, o litro do etanol \u00e9 negociado por R$ 4,47 (m\u00ednimo de R$ 4,09 e m\u00e1ximo de R$ 4,77). J\u00e1 a gasolina vendida em Ribeir\u00e3o Preto custa, em m\u00e9dia, R$ 6,33 (m\u00ednimo de R$ 5,99 e m\u00e1ximo de R$ 6,69). O do diesel sai por R$ 6,02 (piso de R$ 5,74 e teto de R$ 6,49).<\/p>\n<p>A paridade estava em 70,62%. Deixou de ser vantajoso abastecer com \u00e1lcool porque esta rela\u00e7\u00e3o supera 70%. A gasolina aditivada sai por R$ 6,46 (m\u00ednimo<\/p>\n<p><b><br \/><\/b><span class=\"s3\"><b>Valores m\u00e9dios:\u00a0 \u00a0Ribeir\u00e3o Preto <\/b><\/span><b><br \/>Gasolina: <\/b>R$ 6,33<br \/><b>Gasolina aditivada: <\/b>R$ 6,46<b><br \/>Etanol: <\/b>R$ 4,47<br \/><b>Diesel: <\/b>R$ 6,02<br \/><b>Diesel S10:<\/b> R$ 6,11<br \/><b>Per\u00edodo:<\/b> de 1\u00ba a 7 de mar\u00e7o<br \/><b\/><\/p>\n<p class=\"p1\"><b>Fonte:<\/b> ANP<\/p>\n<\/div>\n<p><br \/>\n<br \/><a href=\"https:\/\/www.tribunaribeirao.com.br\/combustiveis-sofrem-reajuste-nas-bombas\/\">Source link <\/a><\/p>\n<!-- CONTENT END 1 -->\n","protected":false},"excerpt":{"rendered":"<p>Petrobras j\u00e1 est\u00e1 \u201climitando fornecimento\u201d do diesel , que abastece 99% da frota de caminh\u00f5es do pa\u00eds; gasolina subiu\u00a0 R$ 0,50\/litro e etano, R$ 0,10&#8230;<\/p>\n","protected":false},"author":1,"featured_media":83116,"comment_status":"open","ping_status":"open","sticky":false,"template":"","format":"standard","meta":{"advanced_seo_description":"","jetpack_seo_html_title":"","jetpack_seo_noindex":false,"jetpack_post_was_ever_published":false,"_jetpack_newsletter_access":"","_jetpack_dont_email_post_to_subs":false,"_jetpack_newsletter_tier_id":0,"_jetpack_memberships_contains_paywalled_content":false,"_jetpack_memberships_contains_paid_content":false,"footnotes":"","jetpack_publicize_message":"","jetpack_publicize_feature_enabled":true,"jetpack_social_post_already_shared":true,"jetpack_social_options":{"image_generator_settings":{"template":"highway","default_image_id":0,"font":"","enabled":false},"version":2}},"categories":[11],"tags":[],"class_list":["post-83115","post","type-post","status-publish","format-standard","has-post-thumbnail","hentry","category-noticias-de-ribeirao-preto-sp-e-regiao-ismael-colosi"],"jetpack_publicize_connections":[],"jetpack_featured_media_url":"https:\/\/i0.wp.com\/noticiasribeiraopreto.com.br\/wp-content\/uploads\/2026\/03\/EtanolRP-Alfredo-Risk-scaled.jpeg?fit=1170%2C780&ssl=1","jetpack-related-posts":[{"id":15012,"url":"https:\/\/noticiasribeiraopreto.com.br\/index.php\/2023\/12\/12\/etanol-volta-a-cair-nas-usinas-3\/","url_meta":{"origin":83115,"position":0},"title":"Etanol volta a cair nas usinas \u00a0","author":"noticiasribeiraopreto.com.br","date":"12 de December de 2023","format":false,"excerpt":"O pre\u00e7o do \u00e1lcool combust\u00edvel voltou a cair nas usinas paulistas. O valor do hidratado est\u00e1 abaixo de R$ 2,00, mas \u201cencostou\u201d nos R$ 3,90 no final de 2021. Na sexta-feira, 8 de dezembro, recuou 3,57%, de R$ 2,0536 para R$ 1,9803 por litro, valor mais baixo desde outubro de\u2026","rel":"","context":"In &quot;Not\u00edcias de Ribeir\u00e3o Preto-SP e Regi\u00e3o&quot;","block_context":{"text":"Not\u00edcias de Ribeir\u00e3o Preto-SP e Regi\u00e3o","link":"https:\/\/noticiasribeiraopreto.com.br\/index.php\/category\/noticias-de-ribeirao-preto-sp-e-regiao-ismael-colosi\/"},"img":{"alt_text":"","src":"https:\/\/i0.wp.com\/noticiasribeiraopreto.com.br\/wp-content\/uploads\/2023\/12\/etanol.png?fit=1000%2C563&ssl=1&resize=350%2C200","width":350,"height":200,"srcset":"https:\/\/i0.wp.com\/noticiasribeiraopreto.com.br\/wp-content\/uploads\/2023\/12\/etanol.png?fit=1000%2C563&ssl=1&resize=350%2C200 1x, https:\/\/i0.wp.com\/noticiasribeiraopreto.com.br\/wp-content\/uploads\/2023\/12\/etanol.png?fit=1000%2C563&ssl=1&resize=525%2C300 1.5x, https:\/\/i0.wp.com\/noticiasribeiraopreto.com.br\/wp-content\/uploads\/2023\/12\/etanol.png?fit=1000%2C563&ssl=1&resize=700%2C400 2x"},"classes":[]},{"id":13420,"url":"https:\/\/noticiasribeiraopreto.com.br\/index.php\/2023\/12\/10\/diesel-mais-barato-a-partir-desta-sexta-feira-nas-distribuidoras\/","url_meta":{"origin":83115,"position":1},"title":"Diesel mais barato a partir desta sexta-feira nas distribuidoras \u2013 Folha de Ribeir\u00e3o","author":"noticiasribeiraopreto.com.br","date":"10 de December de 2023","format":false,"excerpt":"O litro do diesel nas distribuidoras est\u00e1, em m\u00e9dia, R$ 0,27 menor, a partir desta sexta-feira (8). O valor\u00a0passa a ser de R$ 3,78. A medida foi anunciada nessa quinta-feira (7) pela Petrobras. No ano, a redu\u00e7\u00e3o acumulada soma R$ 0,71 por litro, o equivalente a 15,8%. De acordo com\u2026","rel":"","context":"In &quot;Not\u00edcias de Ribeir\u00e3o Preto-SP e Regi\u00e3o&quot;","block_context":{"text":"Not\u00edcias de Ribeir\u00e3o Preto-SP e Regi\u00e3o","link":"https:\/\/noticiasribeiraopreto.com.br\/index.php\/category\/noticias-de-ribeirao-preto-sp-e-regiao-ismael-colosi\/"},"img":{"alt_text":"","src":"","width":0,"height":0},"classes":[]},{"id":19699,"url":"https:\/\/noticiasribeiraopreto.com.br\/index.php\/2023\/12\/22\/preco-do-etanol-dispara-nas-distribuidoras\/","url_meta":{"origin":83115,"position":2},"title":"Pre\u00e7o do etanol dispara nas distribuidoras\u00a0","author":"noticiasribeiraopreto.com.br","date":"22 de December de 2023","format":false,"excerpt":"22 de dezembro de 2023 | 16:0022 de dezembro de 2023 | 15:24 0Segundo a Central de Monitoramento do N\u00facleo Postos Ribeir\u00e3o Preto, associa\u00e7\u00e3o independente que re\u00fane 85 revendedores de postos de combust\u00edveis da cidade e regi\u00e3o, nas \u00faltimas 24 horas (contando desde a tarde desta quinta-feira, dia 21), o\u2026","rel":"","context":"In &quot;Not\u00edcias de Ribeir\u00e3o Preto-SP e Regi\u00e3o&quot;","block_context":{"text":"Not\u00edcias de Ribeir\u00e3o Preto-SP e Regi\u00e3o","link":"https:\/\/noticiasribeiraopreto.com.br\/index.php\/category\/noticias-de-ribeirao-preto-sp-e-regiao-ismael-colosi\/"},"img":{"alt_text":"","src":"https:\/\/i0.wp.com\/noticiasribeiraopreto.com.br\/wp-content\/uploads\/2023\/12\/1-etanol-scaled.jpg?fit=967%2C645&ssl=1&resize=350%2C200","width":350,"height":200,"srcset":"https:\/\/i0.wp.com\/noticiasribeiraopreto.com.br\/wp-content\/uploads\/2023\/12\/1-etanol-scaled.jpg?fit=967%2C645&ssl=1&resize=350%2C200 1x, https:\/\/i0.wp.com\/noticiasribeiraopreto.com.br\/wp-content\/uploads\/2023\/12\/1-etanol-scaled.jpg?fit=967%2C645&ssl=1&resize=525%2C300 1.5x, https:\/\/i0.wp.com\/noticiasribeiraopreto.com.br\/wp-content\/uploads\/2023\/12\/1-etanol-scaled.jpg?fit=967%2C645&ssl=1&resize=700%2C400 2x"},"classes":[]},{"id":23687,"url":"https:\/\/noticiasribeiraopreto.com.br\/index.php\/2024\/01\/02\/precos-dos-combustiveis-recuam-pela-4a-semana-consecutiva\/","url_meta":{"origin":83115,"position":3},"title":"Pre\u00e7os dos combust\u00edveis RECUAM pela 4\u00aa semana consecutiva","author":"noticiasribeiraopreto.com.br","date":"2 de January de 2024","format":false,"excerpt":"A \u00faltima semana de 2023 foi bastante positiva para os motoristas do pa\u00eds. De acordo com o levantamento realizado pela Ag\u00eancia Nacional de Petr\u00f3leo, G\u00e1s Natural e Biocombust\u00edveis (ANP), a gasolina,\u00a0o etanol e o diesel ficaram mais baratos nos postos do pa\u00eds pela quarta semana consecutiva. Em resumo, a queda\u2026","rel":"","context":"In &quot;Vagas de Emprego em Ribeir\u00e3o Preto-SP&quot;","block_context":{"text":"Vagas de Emprego em Ribeir\u00e3o Preto-SP","link":"https:\/\/noticiasribeiraopreto.com.br\/index.php\/category\/empregos-classificados-vagas-trabalho\/vagas-de-empregos-em-ribeirao-preto-regiao-brasil\/"},"img":{"alt_text":"","src":"https:\/\/i0.wp.com\/noticiasribeiraopreto.com.br\/wp-content\/uploads\/2024\/01\/noticiasconcursos.com_.br-precos-dos-combustiveis-recuam-pela-4a-semana-consecutiva-no-pais-diesel-pixabay-750x430.jpg?fit=750%2C430&ssl=1&resize=350%2C200","width":350,"height":200,"srcset":"https:\/\/i0.wp.com\/noticiasribeiraopreto.com.br\/wp-content\/uploads\/2024\/01\/noticiasconcursos.com_.br-precos-dos-combustiveis-recuam-pela-4a-semana-consecutiva-no-pais-diesel-pixabay-750x430.jpg?fit=750%2C430&ssl=1&resize=350%2C200 1x, https:\/\/i0.wp.com\/noticiasribeiraopreto.com.br\/wp-content\/uploads\/2024\/01\/noticiasconcursos.com_.br-precos-dos-combustiveis-recuam-pela-4a-semana-consecutiva-no-pais-diesel-pixabay-750x430.jpg?fit=750%2C430&ssl=1&resize=525%2C300 1.5x, https:\/\/i0.wp.com\/noticiasribeiraopreto.com.br\/wp-content\/uploads\/2024\/01\/noticiasconcursos.com_.br-precos-dos-combustiveis-recuam-pela-4a-semana-consecutiva-no-pais-diesel-pixabay-750x430.jpg?fit=750%2C430&ssl=1&resize=700%2C400 2x"},"classes":[]},{"id":13123,"url":"https:\/\/noticiasribeiraopreto.com.br\/index.php\/2023\/12\/09\/veja-novos-valores-de-gasolina-etanol-e-diesel\/","url_meta":{"origin":83115,"position":4},"title":"Veja novos valores de Gasolina, Etanol e Diesel","author":"noticiasribeiraopreto.com.br","date":"9 de December de 2023","format":false,"excerpt":"O final de semana chegou com uma grande not\u00edcia para os motoristas do pa\u00eds. De acordo com o levantamento realizado pela Ag\u00eancia Nacional de Petr\u00f3leo, G\u00e1s Natural e Biocombust\u00edveis (ANP), a gasolina,\u00a0o etanol e o diesel ficaram mais baratos nos postos do pa\u00eds nesta semana, para alegria dos consumidores. Os\u2026","rel":"","context":"In &quot;Vagas de Emprego em Ribeir\u00e3o Preto-SP&quot;","block_context":{"text":"Vagas de Emprego em Ribeir\u00e3o Preto-SP","link":"https:\/\/noticiasribeiraopreto.com.br\/index.php\/category\/empregos-classificados-vagas-trabalho\/vagas-de-empregos-em-ribeirao-preto-regiao-brasil\/"},"img":{"alt_text":"","src":"https:\/\/i0.wp.com\/noticiasribeiraopreto.com.br\/wp-content\/uploads\/2023\/12\/noticiasconcursos.com_.br-precos-em-queda-veja-os-novos-valores-de-gasolina-etanol-e-diesel-no-pais-combustiveis-agencia-brasil-750x430.jpg?fit=750%2C430&ssl=1&resize=350%2C200","width":350,"height":200,"srcset":"https:\/\/i0.wp.com\/noticiasribeiraopreto.com.br\/wp-content\/uploads\/2023\/12\/noticiasconcursos.com_.br-precos-em-queda-veja-os-novos-valores-de-gasolina-etanol-e-diesel-no-pais-combustiveis-agencia-brasil-750x430.jpg?fit=750%2C430&ssl=1&resize=350%2C200 1x, https:\/\/i0.wp.com\/noticiasribeiraopreto.com.br\/wp-content\/uploads\/2023\/12\/noticiasconcursos.com_.br-precos-em-queda-veja-os-novos-valores-de-gasolina-etanol-e-diesel-no-pais-combustiveis-agencia-brasil-750x430.jpg?fit=750%2C430&ssl=1&resize=525%2C300 1.5x, https:\/\/i0.wp.com\/noticiasribeiraopreto.com.br\/wp-content\/uploads\/2023\/12\/noticiasconcursos.com_.br-precos-em-queda-veja-os-novos-valores-de-gasolina-etanol-e-diesel-no-pais-combustiveis-agencia-brasil-750x430.jpg?fit=750%2C430&ssl=1&resize=700%2C400 2x"},"classes":[]},{"id":20808,"url":"https:\/\/noticiasribeiraopreto.com.br\/index.php\/2023\/12\/26\/estatal-anuncia-reducao-de-r-030-no-preco-do-diesel\/","url_meta":{"origin":83115,"position":5},"title":"Petrobras anuncia redu\u00e7\u00e3o de R$ 0,30 no pre\u00e7o do diesel","author":"noticiasribeiraopreto.com.br","date":"26 de December de 2023","format":false,"excerpt":"O pre\u00e7o do litro do diesel vendido pela Petrobras \u00e0s distribuidoras de combust\u00edveis ser\u00e1 reduzido em R$ 0,30 a partir desta quarta-feira (27). O an\u00fancio foi feito nesta ter\u00e7a-feira (26) pela estatal, que passar\u00e1 a cobrar R$ 3,48 por litro. Os pre\u00e7os da gasolina e do g\u00e1s de cozinha ser\u00e3o\u2026","rel":"","context":"In &quot;Not\u00edcias de Ribeir\u00e3o Preto-SP e Regi\u00e3o&quot;","block_context":{"text":"Not\u00edcias de Ribeir\u00e3o Preto-SP e Regi\u00e3o","link":"https:\/\/noticiasribeiraopreto.com.br\/index.php\/category\/noticias-de-ribeirao-preto-sp-e-regiao-ismael-colosi\/"},"img":{"alt_text":"","src":"https:\/\/i0.wp.com\/noticiasribeiraopreto.com.br\/wp-content\/uploads\/2023\/12\/1703613960_diesel.jpg?fit=699%2C420&ssl=1&resize=350%2C200","width":350,"height":200,"srcset":"https:\/\/i0.wp.com\/noticiasribeiraopreto.com.br\/wp-content\/uploads\/2023\/12\/1703613960_diesel.jpg?fit=699%2C420&ssl=1&resize=350%2C200 1x, https:\/\/i0.wp.com\/noticiasribeiraopreto.com.br\/wp-content\/uploads\/2023\/12\/1703613960_diesel.jpg?fit=699%2C420&ssl=1&resize=525%2C300 1.5x"},"classes":[]}],"jetpack_sharing_enabled":true,"jetpack_shortlink":"https:\/\/wp.me\/peQAOb-lCz","_links":{"self":[{"href":"https:\/\/noticiasribeiraopreto.com.br\/index.php\/wp-json\/wp\/v2\/posts\/83115","targetHints":{"allow":["GET"]}}],"collection":[{"href":"https:\/\/noticiasribeiraopreto.com.br\/index.php\/wp-json\/wp\/v2\/posts"}],"about":[{"href":"https:\/\/noticiasribeiraopreto.com.br\/index.php\/wp-json\/wp\/v2\/types\/post"}],"author":[{"embeddable":true,"href":"https:\/\/noticiasribeiraopreto.com.br\/index.php\/wp-json\/wp\/v2\/users\/1"}],"replies":[{"embeddable":true,"href":"https:\/\/noticiasribeiraopreto.com.br\/index.php\/wp-json\/wp\/v2\/comments?post=83115"}],"version-history":[{"count":0,"href":"https:\/\/noticiasribeiraopreto.com.br\/index.php\/wp-json\/wp\/v2\/posts\/83115\/revisions"}],"wp:featuredmedia":[{"embeddable":true,"href":"https:\/\/noticiasribeiraopreto.com.br\/index.php\/wp-json\/wp\/v2\/media\/83116"}],"wp:attachment":[{"href":"https:\/\/noticiasribeiraopreto.com.br\/index.php\/wp-json\/wp\/v2\/media?parent=83115"}],"wp:term":[{"taxonomy":"category","embeddable":true,"href":"https:\/\/noticiasribeiraopreto.com.br\/index.php\/wp-json\/wp\/v2\/categories?post=83115"},{"taxonomy":"post_tag","embeddable":true,"href":"https:\/\/noticiasribeiraopreto.com.br\/index.php\/wp-json\/wp\/v2\/tags?post=83115"}],"curies":[{"name":"wp","href":"https:\/\/api.w.org\/{rel}","templated":true}]}}