{"id":83117,"date":"2026-03-10T08:41:39","date_gmt":"2026-03-10T11:41:39","guid":{"rendered":"https:\/\/noticiasribeiraopreto.com.br\/index.php\/2026\/03\/10\/em-12-meses-ribeirao-abriu-3-518-vagas-de-emprego\/"},"modified":"2026-03-10T08:41:39","modified_gmt":"2026-03-10T11:41:39","slug":"em-12-meses-ribeirao-abriu-3-518-vagas-de-emprego","status":"publish","type":"post","link":"https:\/\/noticiasribeiraopreto.com.br\/index.php\/2026\/03\/10\/em-12-meses-ribeirao-abriu-3-518-vagas-de-emprego\/","title":{"rendered":"Em 12 meses, Ribeir\u00e3o \u2028abriu 3.518 vagas de emprego"},"content":{"rendered":"<div class='code-block code-block-1' style='margin: 8px 0 8px auto; text-align: right; display: block; clear: both;'>\n<p><a href=\"https:\/\/wa.link\/vpicfd\"><img data-recalc-dims=\"1\" class=\"wp-image-4922\" style=\"aspect-ratio: 2.0253164556962027; width: 561px; height: auto;\" src=\"https:\/\/i0.wp.com\/ismaelcolosi.com.br\/wp-content\/uploads\/2023\/11\/grupo-de-empregos-whatsapp-e-facebook-ismael-colosi-vagas.jpg?ssl=1\" alt=\"\" \/><\/a><\/p>\n<!-- \/wp:image -->\n<\/div>\n<p> <br \/>\n<\/p>\n<div>\n<p class=\"p1\">Ribeir\u00e3o Preto criou, nos \u00faltimos doze meses \u2013 de fevereiro de 2025 at\u00e9 o final de janeiro deste abno \u2013, 3.518 novos postos de trabalho, segundo levantamento da Funda\u00e7\u00e3o Sistema Estafdual de An\u00e1lise de Dados (Seade), com base nas informa\u00e7\u00f5es do Novo Cadastro Geral de Empregados e Desempregados (Novo Caged) do Minist\u00e9rio do Trabalho e Emprego (MTE).<\/p>\n<p>Somente no m\u00eas de janeiro deste ano foram abertos 768 novos empregos formais. Na pesquisa entram dados apenas de trabalhadores com carteira assinada, portanto, com direitos da Consolida\u00e7\u00e3o das Leis do Trabalho (CLT). Esses dados s\u00e3o enviados pelas empresas contratantes ao governo federal. E a pesquisa mensal analisa os sal\u00e1rios de admiss\u00e3o, ou seja, o que \u00e9 pago no momento da contrata\u00e7\u00e3o.<\/p>\n<p>J\u00e1 o estado de S\u00e3o Paulo criou quase 300 mil vagas de emprego com carteira assinada em 12 meses e registrou o maior sal\u00e1rio de admiss\u00e3o em seis anos. De fevereiro de 2025 a janeiro de 2026, o saldo de vagas no estado ficou em 286.743, alta de 2% em rela\u00e7\u00e3o ao mesmo per\u00edodo do ano anterior. Assim, o Estado foi respons\u00e1vel por criar em 12 meses 24% do total de vagas no pa\u00eds (1.228.483). No m\u00eas de janeiro, o estado criou 16.451 vagas.<\/p>\n<p>Os setores que mais criaram vagas em janeiro no estado de S\u00e3o Paulo foram Ind\u00fastria (21.528), Constru\u00e7\u00e3o (15.934) e Servi\u00e7os (3.001).O estado de S\u00e3o Paulo teve ainda o maior sal\u00e1rio m\u00e9dio de admiss\u00e3o em janeiro desde 2020, quando o Novo Caged substituiu o antigo Caged, integrando dados do eSocial, Caged e Empregador Web para monitorar o emprego formal mensalmente. O valor m\u00e9dio salarial foi de R$ 2.702,76, alta de 2,75% em rela\u00e7\u00e3o a dezembro de 2025 e de 1,93% em rela\u00e7\u00e3o ao mesmo m\u00eas de 2025.<\/p>\n<p>Al\u00e9m disso, o sal\u00e1rio de admiss\u00e3o no estado de S\u00e3o Paulo foi o maior do Brasil em janeiro, seguido por Distrito Federal (R$ 2.575,45), Mato Grosso (R$ 2.421,85) e Rio de Janeiro (R$ 2.409,30). No Brasil, o sal\u00e1rio foi de R$ 2.389,50, e no Sudeste, de R$ 2.551,61.<\/p>\n<p>Na pesquisa entram dados apenas de trabalhadores com carteira assinada, portanto, com direitos da Consolida\u00e7\u00e3o das Leis do Trabalho (CLT). Esses dados s\u00e3o enviados pelas empresas contratantes ao governo federal. E a pesquisa mensal analisa os sal\u00e1rios de admiss\u00e3o, ou seja, o que \u00e9 pago no momento da contrata\u00e7\u00e3o.<\/p>\n<p><span class=\"s1\"><b>Cidades campe\u00e3s de\u00a0 emprego em janeiro<\/b><\/span><br \/>S\u00e3o Paulo: 3.597<br \/>Franca: 2.977<br \/>Guarulhos: 1.524<br \/>Sorocaba: 814<br \/>Sert\u00e3ozinho: 806<br \/>Ribeir\u00e3o Preto: 768<br \/>Rio Claro: 768<br \/>S\u00e3o Jos\u00e9 do Rio Preto: 760<br \/>Bauru: 674<br \/>Jundia\u00ed: 619<\/p>\n<p class=\"p1\"><b>Cidades campe\u00e3s de emprego em 12 meses<\/b><br \/>S\u00e3o Paulo: 97.391<br \/>Osasco: 24.587<br \/>Guarulhos: 13.129<br \/>Barueri: 10.850<br \/>Santos: 6.662<br \/>S\u00e3o Jos\u00e9 dos Campos: 6.219<br \/>Sorocaba: 4.739<br \/>Santo Andr\u00e9: 4.697<br \/>S\u00e3o Bernardo do Campo: 4.598<br \/>Mat\u00e3o: 3.834<br \/>Ribeir\u00e3o Preto: 3.518<\/p>\n<\/div>\n<p><br \/>\n<br \/><a href=\"https:\/\/www.tribunaribeirao.com.br\/em-12-meses-ribeirao-abriu-3-518-vagas-de-emprego\/\">Source link <\/a><\/p>\n<!-- CONTENT END 1 -->\n","protected":false},"excerpt":{"rendered":"<p>Ribeir\u00e3o Preto criou, nos \u00faltimos doze meses \u2013 de fevereiro de 2025 at\u00e9 o final de janeiro deste abno \u2013, 3.518 novos postos de trabalho,&#8230;<\/p>\n","protected":false},"author":1,"featured_media":83118,"comment_status":"open","ping_status":"open","sticky":false,"template":"","format":"standard","meta":{"advanced_seo_description":"","jetpack_seo_html_title":"","jetpack_seo_noindex":false,"jetpack_post_was_ever_published":false,"_jetpack_newsletter_access":"","_jetpack_dont_email_post_to_subs":false,"_jetpack_newsletter_tier_id":0,"_jetpack_memberships_contains_paywalled_content":false,"_jetpack_memberships_contains_paid_content":false,"footnotes":"","jetpack_publicize_message":"","jetpack_publicize_feature_enabled":true,"jetpack_social_post_already_shared":true,"jetpack_social_options":{"image_generator_settings":{"template":"highway","default_image_id":0,"font":"","enabled":false},"version":2}},"categories":[11],"tags":[],"class_list":["post-83117","post","type-post","status-publish","format-standard","has-post-thumbnail","hentry","category-noticias-de-ribeirao-preto-sp-e-regiao-ismael-colosi"],"jetpack_publicize_connections":[],"jetpack_featured_media_url":"https:\/\/i0.wp.com\/noticiasribeiraopreto.com.br\/wp-content\/uploads\/2026\/03\/CagedRP-Divulgacao-scaled.jpg?fit=1200%2C675&ssl=1","jetpack-related-posts":[{"id":42749,"url":"https:\/\/noticiasribeiraopreto.com.br\/index.php\/2024\/03\/16\/emprego-formal-avanca-em-janeiro\/","url_meta":{"origin":83117,"position":0},"title":"Emprego formal\u00a0avan\u00e7a em janeiro\u00a0 &#8211; Jornal Tribuna Ribeir\u00e3o","author":"noticiasribeiraopreto.com.br","date":"16 de March de 2024","format":false,"excerpt":"O Minist\u00e9rio do Trabalho e Emprego divulgou, nesta sexta-feira, 15 de mar\u00e7o, os n\u00fameros do Novo Cadastro Geral de Empregados e Desempregados (Novo Caged) de janeiro. A economia de Ribeir\u00e3o Preto fechou o primeiro m\u00eas do ano com super\u00e1vit de 904 empregos com carteira assinada, fruto de 12.547 admiss\u00f5es e\u2026","rel":"","context":"In &quot;Not\u00edcias de Ribeir\u00e3o Preto-SP e Regi\u00e3o&quot;","block_context":{"text":"Not\u00edcias de Ribeir\u00e3o Preto-SP e Regi\u00e3o","link":"https:\/\/noticiasribeiraopreto.com.br\/index.php\/category\/noticias-de-ribeirao-preto-sp-e-regiao-ismael-colosi\/"},"img":{"alt_text":"","src":"https:\/\/i0.wp.com\/noticiasribeiraopreto.com.br\/wp-content\/uploads\/2024\/03\/CagedRP-Car-Marcelo-Camargo-Ag.Br_-scaled.jpg?fit=1000%2C598&ssl=1&resize=350%2C200","width":350,"height":200,"srcset":"https:\/\/i0.wp.com\/noticiasribeiraopreto.com.br\/wp-content\/uploads\/2024\/03\/CagedRP-Car-Marcelo-Camargo-Ag.Br_-scaled.jpg?fit=1000%2C598&ssl=1&resize=350%2C200 1x, https:\/\/i0.wp.com\/noticiasribeiraopreto.com.br\/wp-content\/uploads\/2024\/03\/CagedRP-Car-Marcelo-Camargo-Ag.Br_-scaled.jpg?fit=1000%2C598&ssl=1&resize=525%2C300 1.5x, https:\/\/i0.wp.com\/noticiasribeiraopreto.com.br\/wp-content\/uploads\/2024\/03\/CagedRP-Car-Marcelo-Camargo-Ag.Br_-scaled.jpg?fit=1000%2C598&ssl=1&resize=700%2C400 2x"},"classes":[]},{"id":75174,"url":"https:\/\/noticiasribeiraopreto.com.br\/index.php\/2025\/08\/05\/emprego-formal-cai-no-semestre-tribuna-ribeirao\/","url_meta":{"origin":83117,"position":1},"title":"Emprego formal cai no semestre \u2013 Tribuna Ribeir\u00e3o","author":"noticiasribeiraopreto.com.br","date":"5 de August de 2025","format":false,"excerpt":"O Minist\u00e9rio do Trabalho e Emprego divulgou os n\u00fameros do Novo Cadastro Geral de Empregados e Desempregados (Novo Caged) de junho nesta segunda-feira, 4 de agosto. A economia de Ribeir\u00e3o Preto voltou a ter super\u00e1vit no sexto m\u00eas do ano, de 216 empregos com carteira assinada, fruto de 12.065 admiss\u00f5es\u2026","rel":"","context":"In &quot;Not\u00edcias de Ribeir\u00e3o Preto-SP e Regi\u00e3o&quot;","block_context":{"text":"Not\u00edcias de Ribeir\u00e3o Preto-SP e Regi\u00e3o","link":"https:\/\/noticiasribeiraopreto.com.br\/index.php\/category\/noticias-de-ribeirao-preto-sp-e-regiao-ismael-colosi\/"},"img":{"alt_text":"","src":"","width":0,"height":0},"classes":[]},{"id":8012,"url":"https:\/\/noticiasribeiraopreto.com.br\/index.php\/2023\/11\/29\/emprego-formal-sobe-em-outubro-em-rp\/","url_meta":{"origin":83117,"position":2},"title":"Emprego formal\u00a0sobe em outubro\u00a0em RP","author":"noticiasribeiraopreto.com.br","date":"29 de November de 2023","format":false,"excerpt":"29 de novembro de 2023 | 10:0029 de novembro de 2023 | 8:55 0O Minist\u00e9rio do Trabalho e Emprego divulgou nesta ter\u00e7a-feira, 28 de novembro, os n\u00fameros do Novo Cadastro Geral de Empregados e Desempregados (Novo Caged) de outubro. A economia de Ribeir\u00e3o Preto fechou o d\u00e9cimo m\u00eas de 2023\u2026","rel":"","context":"In &quot;Not\u00edcias de Ribeir\u00e3o Preto-SP e Regi\u00e3o&quot;","block_context":{"text":"Not\u00edcias de Ribeir\u00e3o Preto-SP e Regi\u00e3o","link":"https:\/\/noticiasribeiraopreto.com.br\/index.php\/category\/noticias-de-ribeirao-preto-sp-e-regiao-ismael-colosi\/"},"img":{"alt_text":"","src":"https:\/\/i0.wp.com\/noticiasribeiraopreto.com.br\/wp-content\/uploads\/2023\/11\/CagedRP-Marcelo-Camargo-Ag.Br_-scaled.jpg?fit=1000%2C598&ssl=1&resize=350%2C200","width":350,"height":200,"srcset":"https:\/\/i0.wp.com\/noticiasribeiraopreto.com.br\/wp-content\/uploads\/2023\/11\/CagedRP-Marcelo-Camargo-Ag.Br_-scaled.jpg?fit=1000%2C598&ssl=1&resize=350%2C200 1x, https:\/\/i0.wp.com\/noticiasribeiraopreto.com.br\/wp-content\/uploads\/2023\/11\/CagedRP-Marcelo-Camargo-Ag.Br_-scaled.jpg?fit=1000%2C598&ssl=1&resize=525%2C300 1.5x, https:\/\/i0.wp.com\/noticiasribeiraopreto.com.br\/wp-content\/uploads\/2023\/11\/CagedRP-Marcelo-Camargo-Ag.Br_-scaled.jpg?fit=1000%2C598&ssl=1&resize=700%2C400 2x"},"classes":[]},{"id":16673,"url":"https:\/\/noticiasribeiraopreto.com.br\/index.php\/2023\/12\/16\/sao-paulo-cria-mais-de-500-mil-vagas-de-empregos-com-carteira-assinada-veja-destaques-2\/","url_meta":{"origin":83117,"position":3},"title":"S\u00e3o Paulo cria mais de 500 mil vagas de empregos com carteira assinada; Veja destaques","author":"noticiasribeiraopreto.com.br","date":"16 de December de 2023","format":false,"excerpt":"O estado de S\u00e3o Paulo comemora a cria\u00e7\u00e3o de mais de meio milh\u00e3o de vagas de emprego com carteira assinada nos primeiros 10 meses do ano de 2023, de acordo com dados da pesquisa Emprego Formal realizada pela Funda\u00e7\u00e3o Seade, vinculada ao Governo do Estado de S\u00e3o Paulo. Segundo o\u2026","rel":"","context":"In &quot;Vagas de Emprego em Ribeir\u00e3o Preto-SP&quot;","block_context":{"text":"Vagas de Emprego em Ribeir\u00e3o Preto-SP","link":"https:\/\/noticiasribeiraopreto.com.br\/index.php\/category\/empregos-classificados-vagas-trabalho\/vagas-de-empregos-em-ribeirao-preto-regiao-brasil\/"},"img":{"alt_text":"","src":"https:\/\/i0.wp.com\/noticiasribeiraopreto.com.br\/wp-content\/uploads\/2023\/12\/vaga-emprego-sao-paulo.png?fit=1200%2C675&ssl=1&resize=350%2C200","width":350,"height":200,"srcset":"https:\/\/i0.wp.com\/noticiasribeiraopreto.com.br\/wp-content\/uploads\/2023\/12\/vaga-emprego-sao-paulo.png?fit=1200%2C675&ssl=1&resize=350%2C200 1x, https:\/\/i0.wp.com\/noticiasribeiraopreto.com.br\/wp-content\/uploads\/2023\/12\/vaga-emprego-sao-paulo.png?fit=1200%2C675&ssl=1&resize=525%2C300 1.5x, https:\/\/i0.wp.com\/noticiasribeiraopreto.com.br\/wp-content\/uploads\/2023\/12\/vaga-emprego-sao-paulo.png?fit=1200%2C675&ssl=1&resize=700%2C400 2x, https:\/\/i0.wp.com\/noticiasribeiraopreto.com.br\/wp-content\/uploads\/2023\/12\/vaga-emprego-sao-paulo.png?fit=1200%2C675&ssl=1&resize=1050%2C600 3x"},"classes":[]},{"id":22128,"url":"https:\/\/noticiasribeiraopreto.com.br\/index.php\/2023\/12\/29\/brasil-cria-130-mil-vagas-de-emprego-em-novembro\/","url_meta":{"origin":83117,"position":4},"title":"Brasil cria 130 MIL vagas de emprego em novembro","author":"noticiasribeiraopreto.com.br","date":"29 de December de 2023","format":false,"excerpt":"O Minist\u00e9rio do Trabalho e Previd\u00eancia informou nesta quinta-feira (28) que o Brasil criou 130,1 mil postos de trabalho formal em novembro de 2023. O resultado mostra que o pa\u00eds registrou uma quantidade bem maior de admiss\u00f5es do que de demiss\u00f5es no pen\u00faltimo m\u00eas do ano. Os dados foram bastante\u2026","rel":"","context":"In &quot;Vagas de Emprego em Ribeir\u00e3o Preto-SP&quot;","block_context":{"text":"Vagas de Emprego em Ribeir\u00e3o Preto-SP","link":"https:\/\/noticiasribeiraopreto.com.br\/index.php\/category\/empregos-classificados-vagas-trabalho\/vagas-de-empregos-em-ribeirao-preto-regiao-brasil\/"},"img":{"alt_text":"","src":"https:\/\/i0.wp.com\/noticiasribeiraopreto.com.br\/wp-content\/uploads\/2023\/12\/noticiasconcursos.com_.br-caged-brasil-cria-130-mil-vagas-de-emprego-em-novembro-carteira-de-trabalho-canva-1-750x430.jpg?fit=750%2C430&ssl=1&resize=350%2C200","width":350,"height":200,"srcset":"https:\/\/i0.wp.com\/noticiasribeiraopreto.com.br\/wp-content\/uploads\/2023\/12\/noticiasconcursos.com_.br-caged-brasil-cria-130-mil-vagas-de-emprego-em-novembro-carteira-de-trabalho-canva-1-750x430.jpg?fit=750%2C430&ssl=1&resize=350%2C200 1x, https:\/\/i0.wp.com\/noticiasribeiraopreto.com.br\/wp-content\/uploads\/2023\/12\/noticiasconcursos.com_.br-caged-brasil-cria-130-mil-vagas-de-emprego-em-novembro-carteira-de-trabalho-canva-1-750x430.jpg?fit=750%2C430&ssl=1&resize=525%2C300 1.5x, https:\/\/i0.wp.com\/noticiasribeiraopreto.com.br\/wp-content\/uploads\/2023\/12\/noticiasconcursos.com_.br-caged-brasil-cria-130-mil-vagas-de-emprego-em-novembro-carteira-de-trabalho-canva-1-750x430.jpg?fit=750%2C430&ssl=1&resize=700%2C400 2x"},"classes":[]},{"id":44518,"url":"https:\/\/noticiasribeiraopreto.com.br\/index.php\/2024\/03\/28\/emprego-formal-sobe-em-fevereiro\/","url_meta":{"origin":83117,"position":5},"title":"Emprego formal\u00a0sobe em fevereiro\u00a0 &#8211; Jornal Tribuna Ribeir\u00e3o","author":"noticiasribeiraopreto.com.br","date":"28 de March de 2024","format":false,"excerpt":"O Minist\u00e9rio do Trabalho e Emprego divulgou nesta quinta-feira, 27 de mar\u00e7o, os n\u00fameros do Novo Cadastro Geral de Empregados e Desempregados (Novo Caged) de fevereiro. A economia de Ribeir\u00e3o Preto fechou o segundo m\u00eas do ano com super\u00e1vit de 2.047 empregos com carteira assinada, fruto de 13.321 admiss\u00f5es e\u2026","rel":"","context":"In &quot;Not\u00edcias de Ribeir\u00e3o Preto-SP e Regi\u00e3o&quot;","block_context":{"text":"Not\u00edcias de Ribeir\u00e3o Preto-SP e Regi\u00e3o","link":"https:\/\/noticiasribeiraopreto.com.br\/index.php\/category\/noticias-de-ribeirao-preto-sp-e-regiao-ismael-colosi\/"},"img":{"alt_text":"","src":"https:\/\/i0.wp.com\/noticiasribeiraopreto.com.br\/wp-content\/uploads\/2024\/03\/CagedRP-Marcelo-Camargo-Ag.Br_.-1.jpg?fit=800%2C479&ssl=1&resize=350%2C200","width":350,"height":200,"srcset":"https:\/\/i0.wp.com\/noticiasribeiraopreto.com.br\/wp-content\/uploads\/2024\/03\/CagedRP-Marcelo-Camargo-Ag.Br_.-1.jpg?fit=800%2C479&ssl=1&resize=350%2C200 1x, https:\/\/i0.wp.com\/noticiasribeiraopreto.com.br\/wp-content\/uploads\/2024\/03\/CagedRP-Marcelo-Camargo-Ag.Br_.-1.jpg?fit=800%2C479&ssl=1&resize=525%2C300 1.5x, https:\/\/i0.wp.com\/noticiasribeiraopreto.com.br\/wp-content\/uploads\/2024\/03\/CagedRP-Marcelo-Camargo-Ag.Br_.-1.jpg?fit=800%2C479&ssl=1&resize=700%2C400 2x"},"classes":[]}],"jetpack_sharing_enabled":true,"jetpack_shortlink":"https:\/\/wp.me\/peQAOb-lCB","_links":{"self":[{"href":"https:\/\/noticiasribeiraopreto.com.br\/index.php\/wp-json\/wp\/v2\/posts\/83117","targetHints":{"allow":["GET"]}}],"collection":[{"href":"https:\/\/noticiasribeiraopreto.com.br\/index.php\/wp-json\/wp\/v2\/posts"}],"about":[{"href":"https:\/\/noticiasribeiraopreto.com.br\/index.php\/wp-json\/wp\/v2\/types\/post"}],"author":[{"embeddable":true,"href":"https:\/\/noticiasribeiraopreto.com.br\/index.php\/wp-json\/wp\/v2\/users\/1"}],"replies":[{"embeddable":true,"href":"https:\/\/noticiasribeiraopreto.com.br\/index.php\/wp-json\/wp\/v2\/comments?post=83117"}],"version-history":[{"count":0,"href":"https:\/\/noticiasribeiraopreto.com.br\/index.php\/wp-json\/wp\/v2\/posts\/83117\/revisions"}],"wp:featuredmedia":[{"embeddable":true,"href":"https:\/\/noticiasribeiraopreto.com.br\/index.php\/wp-json\/wp\/v2\/media\/83118"}],"wp:attachment":[{"href":"https:\/\/noticiasribeiraopreto.com.br\/index.php\/wp-json\/wp\/v2\/media?parent=83117"}],"wp:term":[{"taxonomy":"category","embeddable":true,"href":"https:\/\/noticiasribeiraopreto.com.br\/index.php\/wp-json\/wp\/v2\/categories?post=83117"},{"taxonomy":"post_tag","embeddable":true,"href":"https:\/\/noticiasribeiraopreto.com.br\/index.php\/wp-json\/wp\/v2\/tags?post=83117"}],"curies":[{"name":"wp","href":"https:\/\/api.w.org\/{rel}","templated":true}]}}