{"id":83119,"date":"2026-03-10T09:24:58","date_gmt":"2026-03-10T12:24:58","guid":{"rendered":"https:\/\/noticiasribeiraopreto.com.br\/index.php\/2026\/03\/10\/rp-mobi-abre-visitas-a-patio\/"},"modified":"2026-03-10T09:24:58","modified_gmt":"2026-03-10T12:24:58","slug":"rp-mobi-abre-visitas-a-patio","status":"publish","type":"post","link":"https:\/\/noticiasribeiraopreto.com.br\/index.php\/2026\/03\/10\/rp-mobi-abre-visitas-a-patio\/","title":{"rendered":"RP Mobi abre visitas a p\u00e1tio"},"content":{"rendered":"<div class='code-block code-block-1' style='margin: 8px 0 8px auto; text-align: right; display: block; clear: both;'>\n<p><a href=\"https:\/\/wa.link\/vpicfd\"><img data-recalc-dims=\"1\" class=\"wp-image-4922\" style=\"aspect-ratio: 2.0253164556962027; width: 561px; height: auto;\" src=\"https:\/\/i0.wp.com\/ismaelcolosi.com.br\/wp-content\/uploads\/2023\/11\/grupo-de-empregos-whatsapp-e-facebook-ismael-colosi-vagas.jpg?ssl=1\" alt=\"\" \/><\/a><\/p>\n<!-- \/wp:image -->\n<\/div>\n<p> <br \/>\n<\/p>\n<div id=\"\">&#13;<br \/>\n\t\t\t\t\t\t\t\t&#13;<\/p>\n<p>&#13;<br \/>\n\t\t\t\t\t\t\t\t\t<span class=\"entry-meta-item penci-posted-on\"><i class=\"fa fa-clock-o\"\/><time class=\"entry-date published\" datetime=\"2026-03-10T09:20:38-03:00\">10 de mar\u00e7o de 2026 09:20<\/time><time class=\"updated\" datetime=\"2026-03-10T08:45:48-03:00\">10 de mar\u00e7o de 2026 08:45<\/time><\/span><span class=\"entry-meta-item penci-post-countview\"\/>\t\t\t\t\t\t\t\t<\/p>\n<p><!-- .entry-meta -->&#13;<br \/>\n\t\t\t\t\t\t\t\t<span class=\"penci-social-buttons penci-social-share-footer\"><span class=\"penci-social-share-text\">Compartilhar<\/span><a href=\"#\" class=\"penci-post-like penci_post-meta_item  single-like-button penci-social-item like\" data-post_id=\"456919\" title=\"Like\" data-like=\"Like\" data-unlike=\"Unlike\"><i class=\"fa fa-thumbs-o-up\"\/><span class=\"penci-share-number\">0<\/span><\/a><i class=\"fa fa-facebook\"\/><a class=\"penci-social-item twitter\" target=\"_blank\" rel=\"noopener\" title=\"\" href=\"https:\/\/twitter.com\/intent\/tweet?text=RP%20Mobi%20abre%20visitas%20a%20p\u00e1tio%20-%20https:\/\/www.tribunaribeirao.com.br\/rp-mobi-abre-visitas-a-patio\/\"><i class=\"fa fa-twitter\"\/><\/a><i class=\"fa fa-linkedin\"\/><i class=\"fa fa-whatsapp\"\/><i class=\"fa fa-telegram\"\/><i class=\"fa fa-envelope\"\/><\/span>\t\t\t\t\t\t\t<\/div>\n<div>\n<p class=\"p1\"><i>Carros e motos conservados, al\u00e9m de sucatas est\u00e3o apreendidos no p\u00e1tio da empresa municipal, respons\u00e1vel pelo tr\u00e2nsito na cidade<\/i><\/p>\n<p>A RP Mobi \u2013 Empresa de Mobilidade Urbana de Ribeir\u00e3o Preto S.A, a antiga Transerp, respons\u00e1vel pelo tr\u00e2nsito e transporte \u2013 vai leiloar mais de 200 ve\u00edculos, entre carros e motocicletas, que foram apreendidos e est\u00e3o no p\u00e1tio municipal dispon\u00edveis para a venda ap\u00f3s passar por todos os tr\u00e2mites legais. Os lances antecipados tiveram in\u00edcio em 18 de fevereiro.<\/p>\n<p>Nesta segunda-feira, 9 de mar\u00e7o, come\u00e7ou a visita\u00e7\u00e3o ao p\u00e1tio da RP Mobi. Dezenas de pessoas compareceram para conhecer de perto os lotes dispon\u00edveis. O p\u00fablico pode observar as condi\u00e7\u00f5es dos ve\u00edculos e das sucatas que fazem parte do leil\u00e3o eletr\u00f4nico. A atividade segue nesta ter\u00e7a-feira (10), das nove \u00e0s onze horas e das 13h30 \u00e0s 16h30, na rua General C\u00e2mara n\u00ba 2.910, Vila Recreio, Zona Norte.<\/p>\n<p>Os lances iniciais s\u00e3o de R$ 600. O edital foi publicado no Di\u00e1rio Oficial do Munic\u00edpio (DOM) de 10 de fevereiro. Uma parte dos ve\u00edculos \u00e9 classificada como conservada (podem voltar a circular ap\u00f3s a regulariza\u00e7\u00e3o), enquanto outros lotes s\u00e3o destinados \u00e0 recupera\u00e7\u00e3o (sucatas aproveit\u00e1veis, destinadas \u00e0 retirada e comercializa\u00e7\u00e3o de pe\u00e7as) ou reciclagem (sucatas inserv\u00edveis).<\/p>\n<p>Os interessados podem registrar lances antecipados desde 18 de fevereiro, pelo site da leiloeira oficial: www.ricoleiloes.com.br. As sess\u00f5es p\u00fablicas do leil\u00e3o acontecem entre os dias 11 e 13 de mar\u00e7o. A recomenda\u00e7\u00e3o da RP Mobi \u00e9 que os participantes analisem cuidadosamente a descri\u00e7\u00e3o de cada lote antes de efetuar lances.<\/p>\n<p>Est\u00e3o dispon\u00edveis no leil\u00e3o ve\u00edculos de diferentes marcas, modelos e anos, como autom\u00f3veis Volkswagen, Chevrolet, Fiat, Ford, Renault, Citro\u00ebn, Peugeot, Nissan, Hyundai e Toyota, al\u00e9m de motos, principalmente das marcas Honda e Yamaha.<\/p>\n<p>Os valores de cada lote variam conforme o estado de conserva\u00e7\u00e3o e o ano dos ve\u00edculos. Autom\u00f3veis t\u00eam lances iniciais a partir de R$ 2 mil, enquanto motocicletas come\u00e7am em R$ 600, com grande quantidade de unidades na faixa entre R$ 1 mil e R$ 3 mil.<\/p>\n<p>Tamb\u00e9m h\u00e1 ve\u00edculos mais novos e de maior valor, como Jeep Renegade, Chevrolet Tracker, Toyota Etios, Nissan Versa e Hyundai HB20, com pre\u00e7os que chegam a R$ 22 mil. O leil\u00e3o \u00e9 aberto a pessoas f\u00edsicas e jur\u00eddicas, mediante cadastro pr\u00e9vio.<\/p>\n<p>Segue regras espec\u00edficas quanto a pagamento, taxas administrativas, transfer\u00eancia de propriedade e retirada dos ve\u00edculos. As datas dos lances de cada lote, hor\u00e1rios e demais condi\u00e7\u00f5es do leil\u00e3o est\u00e3o detalhadas no edital dispon\u00edvel no portal www.ribeiraopreto.sp.gov.br\/portal\/rpmobi\/licitacoes-leilao. Para mais informa\u00e7\u00f5es, a RP Mobi disponibiliza o canal de atendimento pelo telefone (16) 3934-9545<\/p>\n<\/div>\n<p><script async src=\"\/\/platform.twitter.com\/widgets.js\" charset=\"utf-8\"><\/script><br \/>\n<br \/><br \/>\n<br \/><a href=\"https:\/\/www.tribunaribeirao.com.br\/rp-mobi-abre-visitas-a-patio\/\">Source link <\/a><\/p>\n<!-- CONTENT END 1 -->\n","protected":false},"excerpt":{"rendered":"<p>&#13; &#13; &#13; 10 de mar\u00e7o de 2026 09:2010 de mar\u00e7o de 2026 08:45 &#13; Compartilhar0 Carros e motos conservados, al\u00e9m de sucatas est\u00e3o apreendidos&#8230;<\/p>\n","protected":false},"author":1,"featured_media":0,"comment_status":"open","ping_status":"open","sticky":false,"template":"","format":"standard","meta":{"advanced_seo_description":"","jetpack_seo_html_title":"","jetpack_seo_noindex":false,"jetpack_post_was_ever_published":false,"_jetpack_newsletter_access":"","_jetpack_dont_email_post_to_subs":false,"_jetpack_newsletter_tier_id":0,"_jetpack_memberships_contains_paywalled_content":false,"_jetpack_memberships_contains_paid_content":false,"footnotes":"","jetpack_publicize_message":"","jetpack_publicize_feature_enabled":true,"jetpack_social_post_already_shared":true,"jetpack_social_options":{"image_generator_settings":{"template":"highway","default_image_id":0,"font":"","enabled":false},"version":2}},"categories":[11],"tags":[],"class_list":["post-83119","post","type-post","status-publish","format-standard","hentry","category-noticias-de-ribeirao-preto-sp-e-regiao-ismael-colosi"],"jetpack_publicize_connections":[],"jetpack_featured_media_url":"","jetpack-related-posts":[{"id":83473,"url":"https:\/\/noticiasribeiraopreto.com.br\/index.php\/2026\/03\/19\/bolsa-familia-atende-19-999-familias-na-cidade\/","url_meta":{"origin":83119,"position":0},"title":"Bolsa Fam\u00edlia atende 19.999\u2028 fam\u00edlias na cidade","author":"noticiasribeiraopreto.com.br","date":"19 de March de 2026","format":false,"excerpt":"\r \r \r 19 de mar\u00e7o de 2026 06:2419 de mar\u00e7o de 2026 06:28 \r Compartilhar0 O pagamento do Bolsa Fam\u00edlia come\u00e7ou nesta quarta-feira, 18 de mar\u00e7o, e segue at\u00e9 o dia 31, conforme o \u00faltimo d\u00edgito do N\u00famero de Identifica\u00e7\u00e3o Social (NIS) de cada benefici\u00e1rio. Neste m\u00eas, o programa\u2026","rel":"","context":"In &quot;Not\u00edcias de Ribeir\u00e3o Preto-SP e Regi\u00e3o&quot;","block_context":{"text":"Not\u00edcias de Ribeir\u00e3o Preto-SP e Regi\u00e3o","link":"https:\/\/noticiasribeiraopreto.com.br\/index.php\/category\/noticias-de-ribeirao-preto-sp-e-regiao-ismael-colosi\/"},"img":{"alt_text":"","src":"https:\/\/i0.wp.com\/noticiasribeiraopreto.com.br\/wp-content\/uploads\/2026\/03\/Bolsa-Lyon-Santos-MDS.jpg?fit=768%2C512&ssl=1&resize=350%2C200","width":350,"height":200,"srcset":"https:\/\/i0.wp.com\/noticiasribeiraopreto.com.br\/wp-content\/uploads\/2026\/03\/Bolsa-Lyon-Santos-MDS.jpg?fit=768%2C512&ssl=1&resize=350%2C200 1x, https:\/\/i0.wp.com\/noticiasribeiraopreto.com.br\/wp-content\/uploads\/2026\/03\/Bolsa-Lyon-Santos-MDS.jpg?fit=768%2C512&ssl=1&resize=525%2C300 1.5x, https:\/\/i0.wp.com\/noticiasribeiraopreto.com.br\/wp-content\/uploads\/2026\/03\/Bolsa-Lyon-Santos-MDS.jpg?fit=768%2C512&ssl=1&resize=700%2C400 2x"},"classes":[]},{"id":80723,"url":"https:\/\/noticiasribeiraopreto.com.br\/index.php\/2025\/12\/12\/comercial-conhece-tabela-da-1a-fase-do-paulistao-a4-2026-confira\/","url_meta":{"origin":83119,"position":1},"title":"Comercial conhece tabela da 1\u00aa fase do Paulist\u00e3o A4 2026; Confira","author":"noticiasribeiraopreto.com.br","date":"12 de December de 2025","format":false,"excerpt":"A tabela b\u00e1sica de jogos do Paulist\u00e3o A4 2026 est\u00e1 definida. O Comercial estreia contra o Ecus, fora de casa \u2013 veja a tabela abaixo. A competi\u00e7\u00e3o tem in\u00edcio no primeiro final de semana de fevereiro e a decis\u00e3o est\u00e1 prevista para o dia 10 de maio. Regulamento Com a\u2026","rel":"","context":"In &quot;Not\u00edcias de Ribeir\u00e3o Preto-SP e Regi\u00e3o&quot;","block_context":{"text":"Not\u00edcias de Ribeir\u00e3o Preto-SP e Regi\u00e3o","link":"https:\/\/noticiasribeiraopreto.com.br\/index.php\/category\/noticias-de-ribeirao-preto-sp-e-regiao-ismael-colosi\/"},"img":{"alt_text":"","src":"https:\/\/i0.wp.com\/noticiasribeiraopreto.com.br\/wp-content\/uploads\/2025\/12\/roberval_2025-12-11_21-03-39.webp.webp?fit=1200%2C903&ssl=1&resize=350%2C200","width":350,"height":200,"srcset":"https:\/\/i0.wp.com\/noticiasribeiraopreto.com.br\/wp-content\/uploads\/2025\/12\/roberval_2025-12-11_21-03-39.webp.webp?fit=1200%2C903&ssl=1&resize=350%2C200 1x, https:\/\/i0.wp.com\/noticiasribeiraopreto.com.br\/wp-content\/uploads\/2025\/12\/roberval_2025-12-11_21-03-39.webp.webp?fit=1200%2C903&ssl=1&resize=525%2C300 1.5x, https:\/\/i0.wp.com\/noticiasribeiraopreto.com.br\/wp-content\/uploads\/2025\/12\/roberval_2025-12-11_21-03-39.webp.webp?fit=1200%2C903&ssl=1&resize=700%2C400 2x, https:\/\/i0.wp.com\/noticiasribeiraopreto.com.br\/wp-content\/uploads\/2025\/12\/roberval_2025-12-11_21-03-39.webp.webp?fit=1200%2C903&ssl=1&resize=1050%2C600 3x"},"classes":[]},{"id":85093,"url":"https:\/\/noticiasribeiraopreto.com.br\/index.php\/2026\/04\/21\/preco-medio-do-frete-sobe-336-em-marco\/","url_meta":{"origin":83119,"position":2},"title":"Pre\u00e7o m\u00e9dio do frete \u2028sobe 3,36% em mar\u00e7o","author":"noticiasribeiraopreto.com.br","date":"21 de April de 2026","format":false,"excerpt":"\r \r \r 21 de abril de 2026 14:2321 de abril de 2026 11:25 \r Compartilhar0 O pre\u00e7o m\u00e9dio do frete rodovi\u00e1rio por quil\u00f4metro rodado no Brasil fechou mar\u00e7o em R$ 7,99, alta de 3,36% em rela\u00e7\u00e3o a fevereiro (R$ 7,73), segundo a mais recente an\u00e1lise do \u00cdndice de Frete\u2026","rel":"","context":"In &quot;Not\u00edcias de Ribeir\u00e3o Preto-SP e Regi\u00e3o&quot;","block_context":{"text":"Not\u00edcias de Ribeir\u00e3o Preto-SP e Regi\u00e3o","link":"https:\/\/noticiasribeiraopreto.com.br\/index.php\/category\/noticias-de-ribeirao-preto-sp-e-regiao-ismael-colosi\/"},"img":{"alt_text":"","src":"https:\/\/i0.wp.com\/noticiasribeiraopreto.com.br\/wp-content\/uploads\/2026\/04\/Frete-Paulo-Whitaker-Reuters.jpg?fit=1170%2C700&ssl=1&resize=350%2C200","width":350,"height":200,"srcset":"https:\/\/i0.wp.com\/noticiasribeiraopreto.com.br\/wp-content\/uploads\/2026\/04\/Frete-Paulo-Whitaker-Reuters.jpg?fit=1170%2C700&ssl=1&resize=350%2C200 1x, https:\/\/i0.wp.com\/noticiasribeiraopreto.com.br\/wp-content\/uploads\/2026\/04\/Frete-Paulo-Whitaker-Reuters.jpg?fit=1170%2C700&ssl=1&resize=525%2C300 1.5x, https:\/\/i0.wp.com\/noticiasribeiraopreto.com.br\/wp-content\/uploads\/2026\/04\/Frete-Paulo-Whitaker-Reuters.jpg?fit=1170%2C700&ssl=1&resize=700%2C400 2x, https:\/\/i0.wp.com\/noticiasribeiraopreto.com.br\/wp-content\/uploads\/2026\/04\/Frete-Paulo-Whitaker-Reuters.jpg?fit=1170%2C700&ssl=1&resize=1050%2C600 3x"},"classes":[]},{"id":84600,"url":"https:\/\/noticiasribeiraopreto.com.br\/index.php\/2026\/04\/13\/financiamento-de-veiculos-cresce-128-no-trimestre\/","url_meta":{"origin":83119,"position":3},"title":"Financiamento de ve\u00edculos cresce 12,8% no trimestre","author":"noticiasribeiraopreto.com.br","date":"13 de April de 2026","format":false,"excerpt":"As vendas financiadas de ve\u00edculos cresceram 12,8% no primeiro trimestre de 2026 na compara\u00e7\u00e3o com o mesmo per\u00edodo do ano passado. Ao todo foram concedidos cr\u00e9ditos na compra de 1,89 milh\u00e3o de unidades. A soma inclui autom\u00f3veis leves, motos e ve\u00edculos pesados, considerando novos e usados. Segundo o balan\u00e7o feito\u2026","rel":"","context":"In &quot;Not\u00edcias de Ribeir\u00e3o Preto-SP e Regi\u00e3o&quot;","block_context":{"text":"Not\u00edcias de Ribeir\u00e3o Preto-SP e Regi\u00e3o","link":"https:\/\/noticiasribeiraopreto.com.br\/index.php\/category\/noticias-de-ribeirao-preto-sp-e-regiao-ismael-colosi\/"},"img":{"alt_text":"","src":"https:\/\/i0.wp.com\/noticiasribeiraopreto.com.br\/wp-content\/uploads\/2026\/04\/1500mc_0062.jpg?fit=1170%2C700&ssl=1&resize=350%2C200","width":350,"height":200,"srcset":"https:\/\/i0.wp.com\/noticiasribeiraopreto.com.br\/wp-content\/uploads\/2026\/04\/1500mc_0062.jpg?fit=1170%2C700&ssl=1&resize=350%2C200 1x, https:\/\/i0.wp.com\/noticiasribeiraopreto.com.br\/wp-content\/uploads\/2026\/04\/1500mc_0062.jpg?fit=1170%2C700&ssl=1&resize=525%2C300 1.5x, https:\/\/i0.wp.com\/noticiasribeiraopreto.com.br\/wp-content\/uploads\/2026\/04\/1500mc_0062.jpg?fit=1170%2C700&ssl=1&resize=700%2C400 2x, https:\/\/i0.wp.com\/noticiasribeiraopreto.com.br\/wp-content\/uploads\/2026\/04\/1500mc_0062.jpg?fit=1170%2C700&ssl=1&resize=1050%2C600 3x"},"classes":[]},{"id":83630,"url":"https:\/\/noticiasribeiraopreto.com.br\/index.php\/2026\/03\/22\/saiba-a-previsao-do-tempo-para-ribeirao-preto-nos-proximos-7-dias\/","url_meta":{"origin":83119,"position":4},"title":"Saiba a previs\u00e3o do tempo para Ribeir\u00e3o Preto nos pr\u00f3ximos 7 dias","author":"noticiasribeiraopreto.com.br","date":"22 de March de 2026","format":false,"excerpt":"A semana deve come\u00e7ar em Ribeir\u00e3o Preto com possibilidade de pancadas de chuva no final da tarde, segundo a Climatempo. Contudo, os meteorologistas apontam que, a partir do final da pr\u00f3xima semana, o tempo deve permanecer firme na cidade. Veja a previs\u00e3o do tempo Segunda-feira, 23 de mar\u00e7o M\u00e1xima: 30\u00b0\u2026","rel":"","context":"In &quot;Not\u00edcias de Ribeir\u00e3o Preto-SP e Regi\u00e3o&quot;","block_context":{"text":"Not\u00edcias de Ribeir\u00e3o Preto-SP e Regi\u00e3o","link":"https:\/\/noticiasribeiraopreto.com.br\/index.php\/category\/noticias-de-ribeirao-preto-sp-e-regiao-ismael-colosi\/"},"img":{"alt_text":"","src":"https:\/\/i0.wp.com\/noticiasribeiraopreto.com.br\/wp-content\/uploads\/2026\/03\/WhatsApp-Image-2026-01-21-at-05.57.30_2026-01-21_09-40-11-e1768988461559.webp.webp?fit=834%2C553&ssl=1&resize=350%2C200","width":350,"height":200,"srcset":"https:\/\/i0.wp.com\/noticiasribeiraopreto.com.br\/wp-content\/uploads\/2026\/03\/WhatsApp-Image-2026-01-21-at-05.57.30_2026-01-21_09-40-11-e1768988461559.webp.webp?fit=834%2C553&ssl=1&resize=350%2C200 1x, https:\/\/i0.wp.com\/noticiasribeiraopreto.com.br\/wp-content\/uploads\/2026\/03\/WhatsApp-Image-2026-01-21-at-05.57.30_2026-01-21_09-40-11-e1768988461559.webp.webp?fit=834%2C553&ssl=1&resize=525%2C300 1.5x, https:\/\/i0.wp.com\/noticiasribeiraopreto.com.br\/wp-content\/uploads\/2026\/03\/WhatsApp-Image-2026-01-21-at-05.57.30_2026-01-21_09-40-11-e1768988461559.webp.webp?fit=834%2C553&ssl=1&resize=700%2C400 2x"},"classes":[]},{"id":85220,"url":"https:\/\/noticiasribeiraopreto.com.br\/index.php\/2026\/04\/25\/inadimplencia-bate-recordes-em-rp\/","url_meta":{"origin":83119,"position":5},"title":"Inadimpl\u00eancia bate recordes em RP","author":"noticiasribeiraopreto.com.br","date":"25 de April de 2026","format":false,"excerpt":"Ribeir\u00e3o Preto fechou o ano passado com 318.910 inadimplentes em dezembro e abriu 2026 com 320.599 em janeiro, mas este n\u00famero saltou a 321.888 em fevereiro e disparou para 326.656 no m\u00eas de mar\u00e7o, 4.768 a mais, crescimento de 1,48% e novo recorde hist\u00f3rico da s\u00e9rie divulgada mensalmente pela Serasa\u2026","rel":"","context":"In &quot;Not\u00edcias de Ribeir\u00e3o Preto-SP e Regi\u00e3o&quot;","block_context":{"text":"Not\u00edcias de Ribeir\u00e3o Preto-SP e Regi\u00e3o","link":"https:\/\/noticiasribeiraopreto.com.br\/index.php\/category\/noticias-de-ribeirao-preto-sp-e-regiao-ismael-colosi\/"},"img":{"alt_text":"","src":"https:\/\/i0.wp.com\/noticiasribeiraopreto.com.br\/wp-content\/uploads\/2026\/04\/Calote-Divulgacao-Receita-Federal.jpg?fit=1170%2C700&ssl=1&resize=350%2C200","width":350,"height":200,"srcset":"https:\/\/i0.wp.com\/noticiasribeiraopreto.com.br\/wp-content\/uploads\/2026\/04\/Calote-Divulgacao-Receita-Federal.jpg?fit=1170%2C700&ssl=1&resize=350%2C200 1x, https:\/\/i0.wp.com\/noticiasribeiraopreto.com.br\/wp-content\/uploads\/2026\/04\/Calote-Divulgacao-Receita-Federal.jpg?fit=1170%2C700&ssl=1&resize=525%2C300 1.5x, https:\/\/i0.wp.com\/noticiasribeiraopreto.com.br\/wp-content\/uploads\/2026\/04\/Calote-Divulgacao-Receita-Federal.jpg?fit=1170%2C700&ssl=1&resize=700%2C400 2x, https:\/\/i0.wp.com\/noticiasribeiraopreto.com.br\/wp-content\/uploads\/2026\/04\/Calote-Divulgacao-Receita-Federal.jpg?fit=1170%2C700&ssl=1&resize=1050%2C600 3x"},"classes":[]}],"jetpack_sharing_enabled":true,"jetpack_shortlink":"https:\/\/wp.me\/peQAOb-lCD","_links":{"self":[{"href":"https:\/\/noticiasribeiraopreto.com.br\/index.php\/wp-json\/wp\/v2\/posts\/83119","targetHints":{"allow":["GET"]}}],"collection":[{"href":"https:\/\/noticiasribeiraopreto.com.br\/index.php\/wp-json\/wp\/v2\/posts"}],"about":[{"href":"https:\/\/noticiasribeiraopreto.com.br\/index.php\/wp-json\/wp\/v2\/types\/post"}],"author":[{"embeddable":true,"href":"https:\/\/noticiasribeiraopreto.com.br\/index.php\/wp-json\/wp\/v2\/users\/1"}],"replies":[{"embeddable":true,"href":"https:\/\/noticiasribeiraopreto.com.br\/index.php\/wp-json\/wp\/v2\/comments?post=83119"}],"version-history":[{"count":0,"href":"https:\/\/noticiasribeiraopreto.com.br\/index.php\/wp-json\/wp\/v2\/posts\/83119\/revisions"}],"wp:attachment":[{"href":"https:\/\/noticiasribeiraopreto.com.br\/index.php\/wp-json\/wp\/v2\/media?parent=83119"}],"wp:term":[{"taxonomy":"category","embeddable":true,"href":"https:\/\/noticiasribeiraopreto.com.br\/index.php\/wp-json\/wp\/v2\/categories?post=83119"},{"taxonomy":"post_tag","embeddable":true,"href":"https:\/\/noticiasribeiraopreto.com.br\/index.php\/wp-json\/wp\/v2\/tags?post=83119"}],"curies":[{"name":"wp","href":"https:\/\/api.w.org\/{rel}","templated":true}]}}