{"id":83128,"date":"2026-03-10T10:33:27","date_gmt":"2026-03-10T13:33:27","guid":{"rendered":"https:\/\/noticiasribeiraopreto.com.br\/index.php\/2026\/03\/10\/apontava-para-as-partes-intimas-e-pedia-para-eu-examinar-diz-medica-assediada-durante-jogo-da-a4\/"},"modified":"2026-03-10T10:33:27","modified_gmt":"2026-03-10T13:33:27","slug":"apontava-para-as-partes-intimas-e-pedia-para-eu-examinar-diz-medica-assediada-durante-jogo-da-a4","status":"publish","type":"post","link":"https:\/\/noticiasribeiraopreto.com.br\/index.php\/2026\/03\/10\/apontava-para-as-partes-intimas-e-pedia-para-eu-examinar-diz-medica-assediada-durante-jogo-da-a4\/","title":{"rendered":"&#8216;Apontava para as partes \u00edntimas e pedia para eu examinar&#8217;, diz m\u00e9dica assediada durante jogo da A4"},"content":{"rendered":"<div class='code-block code-block-1' style='margin: 8px 0 8px auto; text-align: right; display: block; clear: both;'>\n<p><a href=\"https:\/\/wa.link\/vpicfd\"><img data-recalc-dims=\"1\" class=\"wp-image-4922\" style=\"aspect-ratio: 2.0253164556962027; width: 561px; height: auto;\" src=\"https:\/\/i0.wp.com\/ismaelcolosi.com.br\/wp-content\/uploads\/2023\/11\/grupo-de-empregos-whatsapp-e-facebook-ismael-colosi-vagas.jpg?ssl=1\" alt=\"\" \/><\/a><\/p>\n<!-- \/wp:image -->\n<\/div>\n<p> <br \/>\n<\/p>\n<div>\n<p>A <strong>m\u00e9dica Bianca Francelino<\/strong>, que integra a equipe do Nacional-SP, d<strong>enunciou ass\u00e9dio de torcedores do Comercial durante a partida v\u00e1lida pela 9\u00aa rodada do Campeonato Paulista da S\u00e9rie A4<\/strong>. O jogo aconteceu no est\u00e1dio Palma Travassos, em Ribeir\u00e3o Preto, na tarde de s\u00e1bado (8), v\u00e9spera do Dia Internacional da Mulher.<\/p>\n<figure class=\"wp-block-image aligncenter size-full\"><img data-recalc-dims=\"1\" fetchpriority=\"high\" decoding=\"async\" width=\"984\" height=\"628\" src=\"https:\/\/i0.wp.com\/cdn.media-acidadeon.com.br\/ribeiraopreto\/wp-content\/uploads\/sites\/3\/2026\/03\/image_2026-03-09_22-55-36.webp?resize=984%2C628&#038;ssl=1\" alt=\"m\u00e9dica&#10;\" class=\"wp-image-148261\" title=\"'Apontava para as partes \u00edntimas e pedia para eu examinar', diz m\u00e9dica assediada durante jogo da A4 1\" srcset=\"https:\/\/cdn.media-acidadeon.com.br\/ribeiraopreto\/wp-content\/uploads\/sites\/3\/2026\/03\/image_2026-03-09_22-55-36.webp 984w, https:\/\/cdn.media-acidadeon.com.br\/ribeiraopreto\/wp-content\/uploads\/sites\/3\/2026\/03\/image_2026-03-09_22-55-36-300x191.webp 300w, https:\/\/cdn.media-acidadeon.com.br\/ribeiraopreto\/wp-content\/uploads\/sites\/3\/2026\/03\/image_2026-03-09_22-55-36-768x490.webp 768w, https:\/\/cdn.media-acidadeon.com.br\/ribeiraopreto\/wp-content\/uploads\/sites\/3\/2026\/03\/image_2026-03-09_22-55-36-696x444.webp 696w\" sizes=\"(max-width: 984px) 100vw, 984px\"\/><figcaption class=\"wp-element-caption\">M\u00e9dica do Nacional-SP conversa com \u00e1rbitra em jogo contra o Comercial \u2014 Foto: Reprodu\u00e7\u00e3o\/YouTube Paulist\u00e3o<\/figcaption><\/figure>\n<p>O epis\u00f3dio aconteceu no fim do primeiro tempo, quando Bianca entrou no gramado para atender um jogador do Nacional-SP. Enquanto realizava o atendimento \u00e0 beira do campo, torcedores do Comercial come\u00e7aram a fazer coment\u00e1rios de cunho sexual e provoca\u00e7\u00f5es direcionadas \u00e0 profissional.<\/p>\n<figure class=\"wp-block-pullquote\">\n<blockquote>\n<p>Ele apontava para as partes \u00edntimas e pedia para eu examinar<\/p>\n<p><cite>relatou a m\u00e9dica<\/cite><\/p><\/blockquote>\n<\/figure>\n<div class=\"wp-block-image\">\n<figure class=\"aligncenter size-large is-resized\"><img data-recalc-dims=\"1\" loading=\"lazy\" decoding=\"async\" width=\"1024\" height=\"521\" src=\"https:\/\/i0.wp.com\/cdn.media-acidadeon.com.br\/ribeiraopreto\/wp-content\/uploads\/sites\/3\/2026\/03\/WhatsApp-Image-2026-03-09-at-19.32.40-1_2026-03-09_22-47-11-1024x521.webp?resize=1024%2C521&#038;ssl=1\" alt=\"m\u00e9dica\" class=\"wp-image-148255\" style=\"width:816px;height:auto\" title=\"'Apontava para as partes \u00edntimas e pedia para eu examinar', diz m\u00e9dica assediada durante jogo da A4 2\" srcset=\"https:\/\/cdn.media-acidadeon.com.br\/ribeiraopreto\/wp-content\/uploads\/sites\/3\/2026\/03\/WhatsApp-Image-2026-03-09-at-19.32.40-1_2026-03-09_22-47-11-1024x521.webp 1024w, https:\/\/cdn.media-acidadeon.com.br\/ribeiraopreto\/wp-content\/uploads\/sites\/3\/2026\/03\/WhatsApp-Image-2026-03-09-at-19.32.40-1_2026-03-09_22-47-11-300x153.webp 300w, https:\/\/cdn.media-acidadeon.com.br\/ribeiraopreto\/wp-content\/uploads\/sites\/3\/2026\/03\/WhatsApp-Image-2026-03-09-at-19.32.40-1_2026-03-09_22-47-11-768x391.webp 768w, https:\/\/cdn.media-acidadeon.com.br\/ribeiraopreto\/wp-content\/uploads\/sites\/3\/2026\/03\/WhatsApp-Image-2026-03-09-at-19.32.40-1_2026-03-09_22-47-11-696x354.webp 696w, https:\/\/cdn.media-acidadeon.com.br\/ribeiraopreto\/wp-content\/uploads\/sites\/3\/2026\/03\/WhatsApp-Image-2026-03-09-at-19.32.40-1_2026-03-09_22-47-11-1068x544.webp 1068w, https:\/\/cdn.media-acidadeon.com.br\/ribeiraopreto\/wp-content\/uploads\/sites\/3\/2026\/03\/WhatsApp-Image-2026-03-09-at-19.32.40-1_2026-03-09_22-47-11.webp 1200w\" sizes=\"auto, (max-width: 1024px) 100vw, 1024px\"\/><figcaption class=\"wp-element-caption\">Bianca Francelino \u2013 Foto: Reprodu\u00e7\u00e3o\/ EPTV<\/figcaption><\/figure>\n<\/div>\n<p>Bianca contou que as provoca\u00e7\u00f5es come\u00e7aram logo que ela entrou em campo para trabalhar. Segundo a profissional, <strong>alguns torcedores trataram o ass\u00e9dio como se fosse uma brincadeira.<\/strong><\/p>\n<figure class=\"wp-block-pullquote\">\n<blockquote>\n<p>Desde o momento em que eu entrei em campo come\u00e7aram as brincadeiras. Era um ass\u00e9dio mascarado de brincadeira o tempo inteiro<\/p>\n<p><cite>afirmou<\/cite><\/p><\/blockquote>\n<\/figure>\n<p>De acordo com a m\u00e9dica, um torcedor espec\u00edfico passou a insistir nas falas e elevou o tom das provoca\u00e7\u00f5es. Ele repetia frases como <em>\u201cdoutora gostosa, vem aqui me examinar\u201d,<\/em> enquanto apontava para as partes \u00edntimas.<\/p>\n<p>Al\u00e9m disso, o homem pediu as redes sociais e o n\u00famero de telefone da profissional e disse que pagaria para que ela trabalhasse de forma particular para ele.<\/p>\n<div class=\"wp-block-image\">\n<figure class=\"aligncenter size-large is-resized\"><img data-recalc-dims=\"1\" loading=\"lazy\" decoding=\"async\" width=\"1024\" height=\"471\" src=\"https:\/\/i0.wp.com\/cdn.media-acidadeon.com.br\/ribeiraopreto\/wp-content\/uploads\/sites\/3\/2026\/03\/WhatsApp-Image-2026-03-09-at-19.32.34_2026-03-09_22-54-50-1024x471.webp?resize=1024%2C471&#038;ssl=1\" alt=\"WhatsApp Image 2026 03 09 at 19.32.34 2026 03 09 22 54 50\" class=\"wp-image-148259\" style=\"width:850px;height:auto\" title=\"'Apontava para as partes \u00edntimas e pedia para eu examinar', diz m\u00e9dica assediada durante jogo da A4 3\" srcset=\"https:\/\/cdn.media-acidadeon.com.br\/ribeiraopreto\/wp-content\/uploads\/sites\/3\/2026\/03\/WhatsApp-Image-2026-03-09-at-19.32.34_2026-03-09_22-54-50-1024x471.webp 1024w, https:\/\/cdn.media-acidadeon.com.br\/ribeiraopreto\/wp-content\/uploads\/sites\/3\/2026\/03\/WhatsApp-Image-2026-03-09-at-19.32.34_2026-03-09_22-54-50-300x138.webp 300w, https:\/\/cdn.media-acidadeon.com.br\/ribeiraopreto\/wp-content\/uploads\/sites\/3\/2026\/03\/WhatsApp-Image-2026-03-09-at-19.32.34_2026-03-09_22-54-50-768x353.webp 768w, https:\/\/cdn.media-acidadeon.com.br\/ribeiraopreto\/wp-content\/uploads\/sites\/3\/2026\/03\/WhatsApp-Image-2026-03-09-at-19.32.34_2026-03-09_22-54-50-696x320.webp 696w, https:\/\/cdn.media-acidadeon.com.br\/ribeiraopreto\/wp-content\/uploads\/sites\/3\/2026\/03\/WhatsApp-Image-2026-03-09-at-19.32.34_2026-03-09_22-54-50-1068x491.webp 1068w, https:\/\/cdn.media-acidadeon.com.br\/ribeiraopreto\/wp-content\/uploads\/sites\/3\/2026\/03\/WhatsApp-Image-2026-03-09-at-19.32.34_2026-03-09_22-54-50.webp 1200w\" sizes=\"auto, (max-width: 1024px) 100vw, 1024px\"\/><figcaption class=\"wp-element-caption\">Foto: Reprodu\u00e7\u00e3o\/ EPTV<\/figcaption><\/figure>\n<\/div>\n<h3 class=\"wp-block-heading\"><strong>Discuss\u00e3o ap\u00f3s ass\u00e9dio<\/strong><\/h3>\n<p>A insist\u00eancia do torcedor chamou a aten\u00e7\u00e3o de jogadores do Nacional-SP, que pediram respeito \u00e0 m\u00e9dica. A situa\u00e7\u00e3o gerou discuss\u00e3o com torcedores na arquibancada.<\/p>\n<p>O namorado de Bianca, que assistia ao jogo, desceu para pedir que o homem parasse com as provoca\u00e7\u00f5es. Outros torcedores cercaram o rapaz e a confus\u00e3o aumentou. Mesmo ap\u00f3s a paralisa\u00e7\u00e3o da partida, outros torcedores continuaram com as provoca\u00e7\u00f5es.<\/p>\n<p>Alguns gritavam \u2018doutora gostosa\u2019, \u2018doutora linda\u2019 e pediam meu WhatsApp e Instagram. Ela tamb\u00e9m ouviu coment\u00e1rios dizendo que futebol \u201cn\u00e3o \u00e9 lugar de mulher\u201d.<\/p>\n<div class=\"wp-block-image\">\n<figure class=\"aligncenter size-large is-resized\"><img data-recalc-dims=\"1\" loading=\"lazy\" decoding=\"async\" width=\"1024\" height=\"536\" src=\"https:\/\/i0.wp.com\/cdn.media-acidadeon.com.br\/ribeiraopreto\/wp-content\/uploads\/sites\/3\/2026\/03\/WhatsApp-Image-2026-03-09-at-19.32.33_2026-03-09_22-50-24-1024x536.webp?resize=1024%2C536&#038;ssl=1\" alt=\"M\u00c9DICA\" class=\"wp-image-148256\" style=\"width:890px;height:auto\" title=\"'Apontava para as partes \u00edntimas e pedia para eu examinar', diz m\u00e9dica assediada durante jogo da A4 4\" srcset=\"https:\/\/cdn.media-acidadeon.com.br\/ribeiraopreto\/wp-content\/uploads\/sites\/3\/2026\/03\/WhatsApp-Image-2026-03-09-at-19.32.33_2026-03-09_22-50-24-1024x536.webp 1024w, https:\/\/cdn.media-acidadeon.com.br\/ribeiraopreto\/wp-content\/uploads\/sites\/3\/2026\/03\/WhatsApp-Image-2026-03-09-at-19.32.33_2026-03-09_22-50-24-300x157.webp 300w, https:\/\/cdn.media-acidadeon.com.br\/ribeiraopreto\/wp-content\/uploads\/sites\/3\/2026\/03\/WhatsApp-Image-2026-03-09-at-19.32.33_2026-03-09_22-50-24-768x402.webp 768w, https:\/\/cdn.media-acidadeon.com.br\/ribeiraopreto\/wp-content\/uploads\/sites\/3\/2026\/03\/WhatsApp-Image-2026-03-09-at-19.32.33_2026-03-09_22-50-24-696x364.webp 696w, https:\/\/cdn.media-acidadeon.com.br\/ribeiraopreto\/wp-content\/uploads\/sites\/3\/2026\/03\/WhatsApp-Image-2026-03-09-at-19.32.33_2026-03-09_22-50-24-1068x559.webp 1068w, https:\/\/cdn.media-acidadeon.com.br\/ribeiraopreto\/wp-content\/uploads\/sites\/3\/2026\/03\/WhatsApp-Image-2026-03-09-at-19.32.33_2026-03-09_22-50-24.webp 1200w\" sizes=\"auto, (max-width: 1024px) 100vw, 1024px\"\/><figcaption class=\"wp-element-caption\">Foto: Reprodu\u00e7\u00e3o \/ EPTV<\/figcaption><\/figure>\n<\/div>\n<p>A Federa\u00e7\u00e3o Paulista de Futebol e o Comercial divulgaram notas de rep\u00fadio ao epis\u00f3dio. <strong>O clube informou que identificou o torcedor envolvido e a FPF adotar\u00e1 medidas cab\u00edveis.<\/strong><\/p>\n<p>Bianca espera que o caso resulte em puni\u00e7\u00e3o.<\/p>\n<figure class=\"wp-block-pullquote\">\n<blockquote>\n<p>Espero que ele seja punido. N\u00f3s, como mulheres, n\u00e3o devemos deixar esse tipo de situa\u00e7\u00e3o nos calar<\/p>\n<p><cite>finalizou<\/cite><\/p><\/blockquote>\n<\/figure>\n<p><em><sup>Com informa\u00e7\u00f5es da EPTV<\/sup><\/em><\/p>\n<hr class=\"wp-block-separator has-alpha-channel-opacity\"\/>\n<p>SAIBA MAIS<\/p>\n<p>Viatura da PM se envolve em acidente e interdita tr\u00e2nsito em Ribeir\u00e3o Preto<\/p>\n<h3 class=\"wp-block-heading\"><strong>FIQUE ON<\/strong><\/h3>\n<p>Fique ligado em tudo que acontece em Ribeir\u00e3o Preto e regi\u00e3o. Siga os perfis do<strong>\u00a0acidade on<\/strong>\u00a0no\u00a0<a href=\"https:\/\/www.instagram.com\/acidadeonribeirao\" target=\"_blank\" rel=\"noreferrer noopener\">Instagram\u00a0<\/a>e no\u00a0<a href=\"https:\/\/www.facebook.com\/acidadeonribeirao\/\" target=\"_blank\" rel=\"noreferrer noopener\">Facebook<\/a>.<\/p>\n<p>Fa\u00e7a uma den\u00fancia ou sugira uma reportagem sobre Ribeir\u00e3o Preto e regi\u00e3o pelo WhatsApp: 16 99117 7802.<\/p>\n<p>Receba not\u00edcias do\u00a0<strong>acidade on<\/strong>\u00a0no WhatsApp. Para entrar no grupo,\u00a0basta<a href=\"https:\/\/chat.whatsapp.com\/GFH9HUMUTHNFJdnyEd0xxq\" target=\"_blank\" rel=\"noreferrer noopener\">\u00a0clicar aqui<\/a>. Ou, acesse o nosso\u00a0Canal\u00a0<a href=\"https:\/\/whatsapp.com\/channel\/0029Vb6IQl1JENyAeS57fk2p\" target=\"_blank\" rel=\"noreferrer noopener\">clicando aqui<\/a>.<\/p>\n<p>VEJA TAMB\u00c9M<\/p>\n<p>Imposto de renda 2026: como usar a declara\u00e7\u00e3o a favor do seu planejamento financeiro<\/p>\n<p><!-- AI CONTENT END 1 -->\n<\/div>\n<p><script async src=\"\/\/www.instagram.com\/embed.js\"><\/script><br \/>\n<br \/><br \/>\n<br \/><a href=\"https:\/\/www.acidadeon.com\/ribeiraopreto\/esportes\/apontava-para-as-partes-intimas-e-pedia-para-eu-examinar-diz-medica-assediada-durante-jogo-da-a4\/\">Source link <\/a><\/p>\n<!-- CONTENT END 1 -->\n","protected":false},"excerpt":{"rendered":"<p>A m\u00e9dica Bianca Francelino, que integra a equipe do Nacional-SP, denunciou ass\u00e9dio de torcedores do Comercial durante a partida v\u00e1lida pela 9\u00aa rodada do Campeonato&#8230;<\/p>\n","protected":false},"author":1,"featured_media":83129,"comment_status":"open","ping_status":"open","sticky":false,"template":"","format":"standard","meta":{"advanced_seo_description":"","jetpack_seo_html_title":"","jetpack_seo_noindex":false,"jetpack_post_was_ever_published":false,"_jetpack_newsletter_access":"","_jetpack_dont_email_post_to_subs":false,"_jetpack_newsletter_tier_id":0,"_jetpack_memberships_contains_paywalled_content":false,"_jetpack_memberships_contains_paid_content":false,"footnotes":"","jetpack_publicize_message":"","jetpack_publicize_feature_enabled":true,"jetpack_social_post_already_shared":true,"jetpack_social_options":{"image_generator_settings":{"template":"highway","default_image_id":0,"font":"","enabled":false},"version":2}},"categories":[11],"tags":[],"class_list":["post-83128","post","type-post","status-publish","format-standard","has-post-thumbnail","hentry","category-noticias-de-ribeirao-preto-sp-e-regiao-ismael-colosi"],"jetpack_publicize_connections":[],"jetpack_featured_media_url":"https:\/\/i0.wp.com\/noticiasribeiraopreto.com.br\/wp-content\/uploads\/2026\/03\/WhatsApp-Image-2026-03-09-at-19.32.40_2026-03-09_22-51-30.webp.webp?fit=1200%2C611&ssl=1","jetpack-related-posts":[{"id":83065,"url":"https:\/\/noticiasribeiraopreto.com.br\/index.php\/2026\/03\/08\/em-partida-com-polemica-comercial-volta-a-vencer-pelo-paulista-da-serie-a4\/","url_meta":{"origin":83128,"position":0},"title":"Em partida com pol\u00eamica, Comercial volta a vencer pelo Paulista da S\u00e9rie A4","author":"noticiasribeiraopreto.com.br","date":"8 de March de 2026","format":false,"excerpt":"O Comercial derrotou o Nacional por 2 a 0 na tarde deste s\u00e1bado (7), no est\u00e1dio Palma Travassos, em Ribeir\u00e3o Preto. O confronto foi v\u00e1lido pela nona rodada do Campeonato Paulista da S\u00e9rie A4. A partida ficou marcada por uma den\u00fancia de suposto ass\u00e9dio feita pela m\u00e9dica que acompanhava o\u2026","rel":"","context":"In &quot;Not\u00edcias de Ribeir\u00e3o Preto-SP e Regi\u00e3o&quot;","block_context":{"text":"Not\u00edcias de Ribeir\u00e3o Preto-SP e Regi\u00e3o","link":"https:\/\/noticiasribeiraopreto.com.br\/index.php\/category\/noticias-de-ribeirao-preto-sp-e-regiao-ismael-colosi\/"},"img":{"alt_text":"","src":"https:\/\/i0.wp.com\/noticiasribeiraopreto.com.br\/wp-content\/uploads\/2026\/03\/comercial-gol_2026-03-07_19-59-44.webp.webp?fit=1200%2C801&ssl=1&resize=350%2C200","width":350,"height":200,"srcset":"https:\/\/i0.wp.com\/noticiasribeiraopreto.com.br\/wp-content\/uploads\/2026\/03\/comercial-gol_2026-03-07_19-59-44.webp.webp?fit=1200%2C801&ssl=1&resize=350%2C200 1x, https:\/\/i0.wp.com\/noticiasribeiraopreto.com.br\/wp-content\/uploads\/2026\/03\/comercial-gol_2026-03-07_19-59-44.webp.webp?fit=1200%2C801&ssl=1&resize=525%2C300 1.5x, https:\/\/i0.wp.com\/noticiasribeiraopreto.com.br\/wp-content\/uploads\/2026\/03\/comercial-gol_2026-03-07_19-59-44.webp.webp?fit=1200%2C801&ssl=1&resize=700%2C400 2x, https:\/\/i0.wp.com\/noticiasribeiraopreto.com.br\/wp-content\/uploads\/2026\/03\/comercial-gol_2026-03-07_19-59-44.webp.webp?fit=1200%2C801&ssl=1&resize=1050%2C600 3x"},"classes":[]},{"id":83725,"url":"https:\/\/noticiasribeiraopreto.com.br\/index.php\/2026\/03\/24\/torcedores-acusados-de-importunacao-sexual-sao-proibidos-de-ir-aos-estadios\/","url_meta":{"origin":83128,"position":1},"title":"Torcedores acusados de importuna\u00e7\u00e3o sexual s\u00e3o proibidos de ir aos est\u00e1dios","author":"noticiasribeiraopreto.com.br","date":"24 de March de 2026","format":false,"excerpt":"A Justi\u00e7a de Ribeir\u00e3o Preto proibiu que dois torcedores do Comercial, acusados de importuna\u00e7\u00e3o sexual contra a m\u00e9dica do Nacional em uma partida do Campeonato Paulista da S\u00e9rie A4, frequentem os est\u00e1dios em jogos do Campeonato Paulista, Copa do Brasil e Campeonato Brasileiro da S\u00e9rie B. Al\u00e9m disso, a decis\u00e3o\u2026","rel":"","context":"In &quot;Not\u00edcias de Ribeir\u00e3o Preto-SP e Regi\u00e3o&quot;","block_context":{"text":"Not\u00edcias de Ribeir\u00e3o Preto-SP e Regi\u00e3o","link":"https:\/\/noticiasribeiraopreto.com.br\/index.php\/category\/noticias-de-ribeirao-preto-sp-e-regiao-ismael-colosi\/"},"img":{"alt_text":"","src":"https:\/\/i0.wp.com\/noticiasribeiraopreto.com.br\/wp-content\/uploads\/2026\/03\/importunacao_2026-03-24_15-48-05.webp.webp?fit=1200%2C684&ssl=1&resize=350%2C200","width":350,"height":200,"srcset":"https:\/\/i0.wp.com\/noticiasribeiraopreto.com.br\/wp-content\/uploads\/2026\/03\/importunacao_2026-03-24_15-48-05.webp.webp?fit=1200%2C684&ssl=1&resize=350%2C200 1x, https:\/\/i0.wp.com\/noticiasribeiraopreto.com.br\/wp-content\/uploads\/2026\/03\/importunacao_2026-03-24_15-48-05.webp.webp?fit=1200%2C684&ssl=1&resize=525%2C300 1.5x, https:\/\/i0.wp.com\/noticiasribeiraopreto.com.br\/wp-content\/uploads\/2026\/03\/importunacao_2026-03-24_15-48-05.webp.webp?fit=1200%2C684&ssl=1&resize=700%2C400 2x, https:\/\/i0.wp.com\/noticiasribeiraopreto.com.br\/wp-content\/uploads\/2026\/03\/importunacao_2026-03-24_15-48-05.webp.webp?fit=1200%2C684&ssl=1&resize=1050%2C600 3x"},"classes":[]},{"id":80550,"url":"https:\/\/noticiasribeiraopreto.com.br\/index.php\/2025\/12\/05\/na-preparacao-para-a4-comercial-marca-jogo-treino-fora-de-casa\/","url_meta":{"origin":83128,"position":2},"title":"Na prepara\u00e7\u00e3o para A4, Comercial marca jogo-treino fora de casa","author":"noticiasribeiraopreto.com.br","date":"5 de December de 2025","format":false,"excerpt":"O Comercial enfrenta o XV de Ja\u00fa nesta sexta-feira (5), \u00e0s 10h30, fora de casa, em um jogo-treino que integra a prepara\u00e7\u00e3o para a S\u00e9rie A4 do Campeonato Paulista. O duelo marca o primeiro amistoso da pr\u00e9-temporada do Le\u00e3o do Norte. O Galo da Comarca se prepara para disputar a\u2026","rel":"","context":"In &quot;Not\u00edcias de Ribeir\u00e3o Preto-SP e Regi\u00e3o&quot;","block_context":{"text":"Not\u00edcias de Ribeir\u00e3o Preto-SP e Regi\u00e3o","link":"https:\/\/noticiasribeiraopreto.com.br\/index.php\/category\/noticias-de-ribeirao-preto-sp-e-regiao-ismael-colosi\/"},"img":{"alt_text":"","src":"https:\/\/i0.wp.com\/noticiasribeiraopreto.com.br\/wp-content\/uploads\/2025\/12\/Copia-de-Copia-de-Copia-de-TAMANHO-EXATO-PARA-FOTOS-NO-SISTEMA-NOVO-2025-12-04T160931.816_2025-12-04_19-10-07.webp.webp?fit=1200%2C675&ssl=1&resize=350%2C200","width":350,"height":200,"srcset":"https:\/\/i0.wp.com\/noticiasribeiraopreto.com.br\/wp-content\/uploads\/2025\/12\/Copia-de-Copia-de-Copia-de-TAMANHO-EXATO-PARA-FOTOS-NO-SISTEMA-NOVO-2025-12-04T160931.816_2025-12-04_19-10-07.webp.webp?fit=1200%2C675&ssl=1&resize=350%2C200 1x, https:\/\/i0.wp.com\/noticiasribeiraopreto.com.br\/wp-content\/uploads\/2025\/12\/Copia-de-Copia-de-Copia-de-TAMANHO-EXATO-PARA-FOTOS-NO-SISTEMA-NOVO-2025-12-04T160931.816_2025-12-04_19-10-07.webp.webp?fit=1200%2C675&ssl=1&resize=525%2C300 1.5x, https:\/\/i0.wp.com\/noticiasribeiraopreto.com.br\/wp-content\/uploads\/2025\/12\/Copia-de-Copia-de-Copia-de-TAMANHO-EXATO-PARA-FOTOS-NO-SISTEMA-NOVO-2025-12-04T160931.816_2025-12-04_19-10-07.webp.webp?fit=1200%2C675&ssl=1&resize=700%2C400 2x, https:\/\/i0.wp.com\/noticiasribeiraopreto.com.br\/wp-content\/uploads\/2025\/12\/Copia-de-Copia-de-Copia-de-TAMANHO-EXATO-PARA-FOTOS-NO-SISTEMA-NOVO-2025-12-04T160931.816_2025-12-04_19-10-07.webp.webp?fit=1200%2C675&ssl=1&resize=1050%2C600 3x"},"classes":[]},{"id":83183,"url":"https:\/\/noticiasribeiraopreto.com.br\/index.php\/2026\/03\/12\/mp-cobra-identificacao-de-misogenos\/","url_meta":{"origin":83128,"position":3},"title":"MP cobra identifica\u00e7\u00e3o \u2028de mis\u00f3genos","author":"noticiasribeiraopreto.com.br","date":"12 de March de 2026","format":false,"excerpt":"Puni\u00e7\u00e3o deve ter car\u00e1ter administrativo, com a proibi\u00e7\u00e3o de frequentar arenas esportivas por dois anos, bem como criminal, implicando na presta\u00e7\u00e3o de servi\u00e7os \u00e0 comunidade Ap\u00f3s receber not\u00edcia enviada pelo delegado C\u00e9sar Saad, titular da Delegacia de Pol\u00edcia de Repress\u00e3o aos Delitos de Intoler\u00e2ncia Esportiva, o Minist\u00e9rio P\u00fablico de S\u00e3o\u2026","rel":"","context":"In &quot;Not\u00edcias de Ribeir\u00e3o Preto-SP e Regi\u00e3o&quot;","block_context":{"text":"Not\u00edcias de Ribeir\u00e3o Preto-SP e Regi\u00e3o","link":"https:\/\/noticiasribeiraopreto.com.br\/index.php\/category\/noticias-de-ribeirao-preto-sp-e-regiao-ismael-colosi\/"},"img":{"alt_text":"","src":"https:\/\/i0.wp.com\/noticiasribeiraopreto.com.br\/wp-content\/uploads\/2026\/03\/Misoginia-Reproducao-YouTube-Paulistao.jpg?fit=984%2C628&ssl=1&resize=350%2C200","width":350,"height":200,"srcset":"https:\/\/i0.wp.com\/noticiasribeiraopreto.com.br\/wp-content\/uploads\/2026\/03\/Misoginia-Reproducao-YouTube-Paulistao.jpg?fit=984%2C628&ssl=1&resize=350%2C200 1x, https:\/\/i0.wp.com\/noticiasribeiraopreto.com.br\/wp-content\/uploads\/2026\/03\/Misoginia-Reproducao-YouTube-Paulistao.jpg?fit=984%2C628&ssl=1&resize=525%2C300 1.5x, https:\/\/i0.wp.com\/noticiasribeiraopreto.com.br\/wp-content\/uploads\/2026\/03\/Misoginia-Reproducao-YouTube-Paulistao.jpg?fit=984%2C628&ssl=1&resize=700%2C400 2x"},"classes":[]},{"id":83651,"url":"https:\/\/noticiasribeiraopreto.com.br\/index.php\/2026\/03\/23\/mp-pede-prisao-de-suspeitos-de-assedio-em-jogo-do-comercial\/","url_meta":{"origin":83128,"position":4},"title":"MP pede pris\u00e3o de suspeitos de ass\u00e9dio em jogo do Comercial","author":"noticiasribeiraopreto.com.br","date":"23 de March de 2026","format":false,"excerpt":"\r Um dos envolvidos tamb\u00e9m deve ser investigado por den\u00fancias de ass\u00e9dio feitas por outras mulheres\r \r 23 de mar\u00e7o de 2026 12:48 \r Compartilhar1 Por: Adalberto Luque \u2013 O Minist\u00e9rio P\u00fablico (MP) pediu, na tarde de sexta-feira (20), a pris\u00e3o preventiva de dois homens suspeitos de ass\u00e9dio. Eles s\u00e3o\u2026","rel":"","context":"In &quot;Not\u00edcias de Ribeir\u00e3o Preto-SP e Regi\u00e3o&quot;","block_context":{"text":"Not\u00edcias de Ribeir\u00e3o Preto-SP e Regi\u00e3o","link":"https:\/\/noticiasribeiraopreto.com.br\/index.php\/category\/noticias-de-ribeirao-preto-sp-e-regiao-ismael-colosi\/"},"img":{"alt_text":"","src":"https:\/\/i0.wp.com\/noticiasribeiraopreto.com.br\/wp-content\/uploads\/2026\/03\/23-mar-2026-assediocomercial1.jpg?fit=1134%2C635&ssl=1&resize=350%2C200","width":350,"height":200,"srcset":"https:\/\/i0.wp.com\/noticiasribeiraopreto.com.br\/wp-content\/uploads\/2026\/03\/23-mar-2026-assediocomercial1.jpg?fit=1134%2C635&ssl=1&resize=350%2C200 1x, https:\/\/i0.wp.com\/noticiasribeiraopreto.com.br\/wp-content\/uploads\/2026\/03\/23-mar-2026-assediocomercial1.jpg?fit=1134%2C635&ssl=1&resize=525%2C300 1.5x, https:\/\/i0.wp.com\/noticiasribeiraopreto.com.br\/wp-content\/uploads\/2026\/03\/23-mar-2026-assediocomercial1.jpg?fit=1134%2C635&ssl=1&resize=700%2C400 2x, https:\/\/i0.wp.com\/noticiasribeiraopreto.com.br\/wp-content\/uploads\/2026\/03\/23-mar-2026-assediocomercial1.jpg?fit=1134%2C635&ssl=1&resize=1050%2C600 3x"},"classes":[]},{"id":83175,"url":"https:\/\/noticiasribeiraopreto.com.br\/index.php\/2026\/03\/11\/comercial-perde-jogador-devido-miocardite-causada-pela-covid\/","url_meta":{"origin":83128,"position":5},"title":"Comercial perde jogador devido miocardite causada pela Covid","author":"noticiasribeiraopreto.com.br","date":"11 de March de 2026","format":false,"excerpt":"\r \r \r \r \r 11 de mar\u00e7o de 2026 13:5911 de mar\u00e7o de 2026 12:21 \r Compartilhar0 \r Lateral-direito n\u00e3o atuar\u00e1 mais pelo clube na S\u00e9rie A4 devido complica\u00e7\u00f5es m\u00e9dicas O Comercial perdeu um jogador do seu elenco at\u00e9 o final da S\u00e9rie A4 em decorr\u00eancia de complica\u00e7\u00f5es\u00a0 m\u00e9dicas.\u2026","rel":"","context":"In &quot;Not\u00edcias de Ribeir\u00e3o Preto-SP e Regi\u00e3o&quot;","block_context":{"text":"Not\u00edcias de Ribeir\u00e3o Preto-SP e Regi\u00e3o","link":"https:\/\/noticiasribeiraopreto.com.br\/index.php\/category\/noticias-de-ribeirao-preto-sp-e-regiao-ismael-colosi\/"},"img":{"alt_text":"","src":"https:\/\/i0.wp.com\/noticiasribeiraopreto.com.br\/wp-content\/uploads\/2026\/03\/WhatsApp-Image-2026-03-11-at-11.56.01-scaled.jpeg?fit=1169%2C780&ssl=1&resize=350%2C200","width":350,"height":200,"srcset":"https:\/\/i0.wp.com\/noticiasribeiraopreto.com.br\/wp-content\/uploads\/2026\/03\/WhatsApp-Image-2026-03-11-at-11.56.01-scaled.jpeg?fit=1169%2C780&ssl=1&resize=350%2C200 1x, https:\/\/i0.wp.com\/noticiasribeiraopreto.com.br\/wp-content\/uploads\/2026\/03\/WhatsApp-Image-2026-03-11-at-11.56.01-scaled.jpeg?fit=1169%2C780&ssl=1&resize=525%2C300 1.5x, https:\/\/i0.wp.com\/noticiasribeiraopreto.com.br\/wp-content\/uploads\/2026\/03\/WhatsApp-Image-2026-03-11-at-11.56.01-scaled.jpeg?fit=1169%2C780&ssl=1&resize=700%2C400 2x, https:\/\/i0.wp.com\/noticiasribeiraopreto.com.br\/wp-content\/uploads\/2026\/03\/WhatsApp-Image-2026-03-11-at-11.56.01-scaled.jpeg?fit=1169%2C780&ssl=1&resize=1050%2C600 3x"},"classes":[]}],"jetpack_sharing_enabled":true,"jetpack_shortlink":"https:\/\/wp.me\/peQAOb-lCM","_links":{"self":[{"href":"https:\/\/noticiasribeiraopreto.com.br\/index.php\/wp-json\/wp\/v2\/posts\/83128","targetHints":{"allow":["GET"]}}],"collection":[{"href":"https:\/\/noticiasribeiraopreto.com.br\/index.php\/wp-json\/wp\/v2\/posts"}],"about":[{"href":"https:\/\/noticiasribeiraopreto.com.br\/index.php\/wp-json\/wp\/v2\/types\/post"}],"author":[{"embeddable":true,"href":"https:\/\/noticiasribeiraopreto.com.br\/index.php\/wp-json\/wp\/v2\/users\/1"}],"replies":[{"embeddable":true,"href":"https:\/\/noticiasribeiraopreto.com.br\/index.php\/wp-json\/wp\/v2\/comments?post=83128"}],"version-history":[{"count":0,"href":"https:\/\/noticiasribeiraopreto.com.br\/index.php\/wp-json\/wp\/v2\/posts\/83128\/revisions"}],"wp:featuredmedia":[{"embeddable":true,"href":"https:\/\/noticiasribeiraopreto.com.br\/index.php\/wp-json\/wp\/v2\/media\/83129"}],"wp:attachment":[{"href":"https:\/\/noticiasribeiraopreto.com.br\/index.php\/wp-json\/wp\/v2\/media?parent=83128"}],"wp:term":[{"taxonomy":"category","embeddable":true,"href":"https:\/\/noticiasribeiraopreto.com.br\/index.php\/wp-json\/wp\/v2\/categories?post=83128"},{"taxonomy":"post_tag","embeddable":true,"href":"https:\/\/noticiasribeiraopreto.com.br\/index.php\/wp-json\/wp\/v2\/tags?post=83128"}],"curies":[{"name":"wp","href":"https:\/\/api.w.org\/{rel}","templated":true}]}}