{"id":83130,"date":"2026-03-10T10:42:55","date_gmt":"2026-03-10T13:42:55","guid":{"rendered":"https:\/\/noticiasribeiraopreto.com.br\/index.php\/2026\/03\/10\/frente-fria-fora-do-normal-traz-chuva-forte-para-o-estado-de-sp-veja-previsao\/"},"modified":"2026-03-10T10:42:55","modified_gmt":"2026-03-10T13:42:55","slug":"frente-fria-fora-do-normal-traz-chuva-forte-para-o-estado-de-sp-veja-previsao","status":"publish","type":"post","link":"https:\/\/noticiasribeiraopreto.com.br\/index.php\/2026\/03\/10\/frente-fria-fora-do-normal-traz-chuva-forte-para-o-estado-de-sp-veja-previsao\/","title":{"rendered":"Frente fria &#8216;fora do normal&#8217; traz chuva forte para o estado de SP; Veja previs\u00e3o"},"content":{"rendered":"<div class='code-block code-block-1' style='margin: 8px 0 8px auto; text-align: right; display: block; clear: both;'>\n<p><a href=\"https:\/\/wa.link\/vpicfd\"><img data-recalc-dims=\"1\" class=\"wp-image-4922\" style=\"aspect-ratio: 2.0253164556962027; width: 561px; height: auto;\" src=\"https:\/\/i0.wp.com\/ismaelcolosi.com.br\/wp-content\/uploads\/2023\/11\/grupo-de-empregos-whatsapp-e-facebook-ismael-colosi-vagas.jpg?ssl=1\" alt=\"\" \/><\/a><\/p>\n<!-- \/wp:image -->\n<\/div>\n<p> <br \/>\n<\/p>\n<div data-td-block-uid=\"tdi_95\">\n<div class=\"tdb-block-inner td-fix-index\">\n<p>A atua\u00e7\u00e3o de uma <strong>massa de ar polar<\/strong> come\u00e7a a influenciar o tempo em parte das regi\u00f5es Sul e <strong>Sudeste <\/strong>do Brasil nesta segunda semana de mar\u00e7o, segundo a previs\u00e3o da <strong><a href=\"https:\/\/www.climatempo.com.br\/noticia\/frio\/massa-de-ar-polar-provoca-queda-nas-temperaturas-no-sul-e-no-sudeste\" target=\"_blank\" data-type=\"link\" data-id=\"https:\/\/www.climatempo.com.br\/noticia\/frio\/massa-de-ar-polar-provoca-queda-nas-temperaturas-no-sul-e-no-sudeste\" rel=\"noreferrer noopener\">Climatempo<\/a><\/strong>.<\/p>\n<p>Esse sistema provoca a <strong>entrada de ar mais frio e \u00famido<\/strong>, e favorece <strong>temperaturas mais amenas<\/strong> e a maior presen\u00e7a de nebulosidade em algumas \u00e1reas, inclusive no <strong>estado de S\u00e3o Paulo<\/strong>.<\/p>\n<p>Nesta segunda-feira, por exemplo, o tempo j\u00e1 ficou mais fechado em pontos do leste da Regi\u00e3o Sul e tamb\u00e9m em \u00e1reas da <strong>faixa leste do estado de S\u00e3o Paulo, incluindo o litoral.<\/strong><\/p>\n<div class=\"wp-block-image\">\n<figure class=\"aligncenter size-large is-resized\"><img data-recalc-dims=\"1\" fetchpriority=\"high\" decoding=\"async\" width=\"1024\" height=\"768\" src=\"https:\/\/i0.wp.com\/cdn.media-acidadeon.com.br\/ribeiraopreto\/wp-content\/uploads\/sites\/3\/2025\/01\/WhatsApp-Image-2025-01-28-at-07.06.17_2025-01-28_10-21-07_jpeg_2025-01-28_10-21-07-1024x768.webp?resize=1024%2C768&#038;ssl=1\" alt=\"Ribeir\u00e3o Preto amanheceu nublada - Foto: V\u00edtor Neves.\" class=\"wp-image-106635\" style=\"width:654px\" title=\"Frente fria 'fora do normal' traz chuva forte para o estado de SP; Veja previs\u00e3o 1\" srcset=\"https:\/\/cdn.media-acidadeon.com.br\/ribeiraopreto\/wp-content\/uploads\/sites\/3\/2025\/01\/WhatsApp-Image-2025-01-28-at-07.06.17_2025-01-28_10-21-07_jpeg_2025-01-28_10-21-07-1024x768.webp 1024w, https:\/\/cdn.media-acidadeon.com.br\/ribeiraopreto\/wp-content\/uploads\/sites\/3\/2025\/01\/WhatsApp-Image-2025-01-28-at-07.06.17_2025-01-28_10-21-07_jpeg_2025-01-28_10-21-07-300x225.webp 300w, https:\/\/cdn.media-acidadeon.com.br\/ribeiraopreto\/wp-content\/uploads\/sites\/3\/2025\/01\/WhatsApp-Image-2025-01-28-at-07.06.17_2025-01-28_10-21-07_jpeg_2025-01-28_10-21-07-768x576.webp 768w, https:\/\/cdn.media-acidadeon.com.br\/ribeiraopreto\/wp-content\/uploads\/sites\/3\/2025\/01\/WhatsApp-Image-2025-01-28-at-07.06.17_2025-01-28_10-21-07_jpeg_2025-01-28_10-21-07-1536x1152.webp 1536w, https:\/\/cdn.media-acidadeon.com.br\/ribeiraopreto\/wp-content\/uploads\/sites\/3\/2025\/01\/WhatsApp-Image-2025-01-28-at-07.06.17_2025-01-28_10-21-07_jpeg_2025-01-28_10-21-07-696x522.webp 696w, https:\/\/cdn.media-acidadeon.com.br\/ribeiraopreto\/wp-content\/uploads\/sites\/3\/2025\/01\/WhatsApp-Image-2025-01-28-at-07.06.17_2025-01-28_10-21-07_jpeg_2025-01-28_10-21-07-1068x801.webp 1068w, https:\/\/cdn.media-acidadeon.com.br\/ribeiraopreto\/wp-content\/uploads\/sites\/3\/2025\/01\/WhatsApp-Image-2025-01-28-at-07.06.17_2025-01-28_10-21-07_jpeg_2025-01-28_10-21-07.webp 1600w\" sizes=\"(max-width: 1024px) 100vw, 1024px\"\/><figcaption class=\"wp-element-caption\">Ribeir\u00e3o Preto amanheceu nublada nesta segunda-feira \u2013 Foto: V\u00edtor Neves.<\/figcaption><\/figure>\n<\/div>\n<h2 class=\"wp-block-heading\"><strong>Frente fria \u2018anormal\u2019 traz chuva forte<\/strong><\/h2>\n<p>Conforme explica\u00e7\u00e3o da meteorologista <strong>Jos\u00e9lia Pegorim<\/strong>, <strong><mark style=\"background-color:#fcb900\" class=\"has-inline-color\">a passagem de uma frente fria, com intensidade acima do normal para esta \u00e9poca do ano, mudou as condi\u00e7\u00f5es do tempo no Sudeste Brasileiro.<\/mark><\/strong><\/p>\n<p>Esse sistema foi refor\u00e7ado pela atua\u00e7\u00e3o de uma forte \u00e1rea de alta press\u00e3o atmosf\u00e9rica sobre o oceano, de origem polar, <strong>que favorece a entrada de ar mar\u00edtimo sobre o estado.<\/strong><\/p>\n<p>Com isso, ventos frios de origem polar avan\u00e7am sobre a regi\u00e3o, enquanto o ar quente e \u00famido ainda predomina no interior paulista, combina\u00e7\u00e3o que aumenta a instabilidade e favorece a forma\u00e7\u00e3o de nuvens carregadas.<\/p>\n<figure class=\"wp-block-image aligncenter size-full is-resized\"><img data-recalc-dims=\"1\" loading=\"lazy\" decoding=\"async\" width=\"761\" height=\"849\" src=\"https:\/\/i0.wp.com\/cdn.media-acidadeon.com.br\/ribeiraopreto\/wp-content\/uploads\/sites\/3\/2026\/03\/Chuva-no-Brasil-entre-9-e-13-de-marco-de-2026.webp?resize=761%2C849&#038;ssl=1\" alt=\"Estimativa do volume de chuva sobre o Brasil entre 9 e 13 de mar\u00e7o de 2026 - Foto: Climatempo.&#10;\" class=\"wp-image-148252\" style=\"width:654px\" title=\"Frente fria 'fora do normal' traz chuva forte para o estado de SP; Veja previs\u00e3o 2\" srcset=\"https:\/\/cdn.media-acidadeon.com.br\/ribeiraopreto\/wp-content\/uploads\/sites\/3\/2026\/03\/Chuva-no-Brasil-entre-9-e-13-de-marco-de-2026.webp 761w, https:\/\/cdn.media-acidadeon.com.br\/ribeiraopreto\/wp-content\/uploads\/sites\/3\/2026\/03\/Chuva-no-Brasil-entre-9-e-13-de-marco-de-2026-269x300.webp 269w, https:\/\/cdn.media-acidadeon.com.br\/ribeiraopreto\/wp-content\/uploads\/sites\/3\/2026\/03\/Chuva-no-Brasil-entre-9-e-13-de-marco-de-2026-696x776.webp 696w\" sizes=\"auto, (max-width: 761px) 100vw, 761px\"\/><figcaption class=\"wp-element-caption\">Estimativa do volume de chuva sobre o Brasil entre 9 e 13 de mar\u00e7o de 2026 \u2013 Foto: Climatempo.<br \/>\n<\/figcaption><\/figure>\n<h3 class=\"wp-block-heading\"><strong>Previs\u00e3o para Ribeir\u00e3o preto<\/strong><\/h3>\n<h4 class=\"wp-block-heading\"><strong>Ter\u00e7a-feira (11)<\/strong><\/h4>\n<ul class=\"wp-block-list\">\n<li>M\u00ednima: 21\u00b0C | M\u00e1xima: 27\u00b0C<\/li>\n<li>Sol aparece entre muitas nuvens ao longo do dia. H\u00e1 previs\u00e3o de pancadas de chuva \u00e0 tarde e possibilidade de temporal durante a noite.<\/li>\n<li>Chuva prevista: 9,9 mm | 95% de chances<\/li>\n<\/ul>\n<h4 class=\"wp-block-heading\"><strong>Quarta-feira (12)<\/strong><\/h4>\n<ul class=\"wp-block-list\">\n<li>M\u00ednima: 21\u00b0C | M\u00e1xima: 23\u00b0C<\/li>\n<li>O dia come\u00e7a nublado com chuva pela manh\u00e3. \u00c0 tarde, h\u00e1 chance de temporal e a noite segue com tempo chuvoso.<\/li>\n<li>Chuva prevista: 13,2 mm | 93% de chances<\/li>\n<\/ul>\n<h4 class=\"wp-block-heading\"><strong>Quinta-feira (13)<\/strong><\/h4>\n<ul class=\"wp-block-list\">\n<li>M\u00ednima: 20\u00b0C | M\u00e1xima: 24\u00b0C<\/li>\n<li>O tempo permanece fechado, com chuva forte durante boa parte do dia. \u00c0 noite, a chuva perde intensidade, mas continua.<\/li>\n<li>Chuva prevista: 20,6 mm | 89% de chances<\/li>\n<\/ul>\n<h4 class=\"wp-block-heading\"><strong>Sexta-feira (14)<\/strong><\/h4>\n<ul class=\"wp-block-list\">\n<li>M\u00ednima: 20\u00b0C | M\u00e1xima: 26\u00b0C<\/li>\n<li>A manh\u00e3 deve ter muitas nuvens e chuva. \u00c0 tarde, h\u00e1 risco de temporal, com a noite ainda chuvosa.<\/li>\n<li>Chuva prevista: 19,1 mm |89% de chances<\/li>\n<\/ul>\n<hr class=\"wp-block-separator has-alpha-channel-opacity\"\/>\n<p>SAIBA MAIS<\/p>\n<p>Viatura da PM se envolve em acidente e interdita tr\u00e2nsito em Ribeir\u00e3o Preto<\/p>\n<h3 class=\"wp-block-heading\"><strong>FIQUE ON<\/strong><\/h3>\n<p>Fique ligado em tudo que acontece em Ribeir\u00e3o Preto e regi\u00e3o. Siga os perfis do<strong>\u00a0acidade on<\/strong>\u00a0no\u00a0<a href=\"https:\/\/www.instagram.com\/acidadeonribeirao\" target=\"_blank\" rel=\"noreferrer noopener\">Instagram\u00a0<\/a>e no\u00a0<a href=\"https:\/\/www.facebook.com\/acidadeonribeirao\/\" target=\"_blank\" rel=\"noreferrer noopener\">Facebook<\/a>.<\/p>\n<p>Fa\u00e7a uma den\u00fancia ou sugira uma reportagem sobre Ribeir\u00e3o Preto e regi\u00e3o pelo WhatsApp: 16 99117 7802.<\/p>\n<p>Receba not\u00edcias do\u00a0<strong>acidade on<\/strong>\u00a0no WhatsApp. Para entrar no grupo,\u00a0basta<a href=\"https:\/\/chat.whatsapp.com\/GFH9HUMUTHNFJdnyEd0xxq\" target=\"_blank\" rel=\"noreferrer noopener\">\u00a0clicar aqui<\/a>. Ou, acesse o nosso\u00a0Canal\u00a0<a href=\"https:\/\/whatsapp.com\/channel\/0029Vb6IQl1JENyAeS57fk2p\" target=\"_blank\" rel=\"noreferrer noopener\">clicando aqui<\/a>.<\/p>\n<p>VEJA TAMB\u00c9M<\/p>\n<p>Imposto de renda 2026: como usar a declara\u00e7\u00e3o a favor do seu planejamento financeiro<\/p>\n<p><!-- AI CONTENT END 1 -->\n<\/div>\n<\/div>\n<p><script async src=\"\/\/www.instagram.com\/embed.js\"><\/script><br \/>\n<br \/><br \/>\n<br \/><a href=\"https:\/\/www.acidadeon.com\/ribeiraopreto\/cotidiano\/frente-fria-fora-do-normal-traz-chuva-forte-para-o-estado-de-sp-veja-previsao\/\">Source link <\/a><\/p>\n<!-- CONTENT END 1 -->\n","protected":false},"excerpt":{"rendered":"<p>A atua\u00e7\u00e3o de uma massa de ar polar come\u00e7a a influenciar o tempo em parte das regi\u00f5es Sul e Sudeste do Brasil nesta segunda semana&#8230;<\/p>\n","protected":false},"author":1,"featured_media":80021,"comment_status":"open","ping_status":"open","sticky":false,"template":"","format":"standard","meta":{"advanced_seo_description":"","jetpack_seo_html_title":"","jetpack_seo_noindex":false,"jetpack_post_was_ever_published":false,"_jetpack_newsletter_access":"","_jetpack_dont_email_post_to_subs":false,"_jetpack_newsletter_tier_id":0,"_jetpack_memberships_contains_paywalled_content":false,"_jetpack_memberships_contains_paid_content":false,"footnotes":"","jetpack_publicize_message":"","jetpack_publicize_feature_enabled":true,"jetpack_social_post_already_shared":true,"jetpack_social_options":{"image_generator_settings":{"template":"highway","default_image_id":0,"font":"","enabled":false},"version":2}},"categories":[11],"tags":[],"class_list":["post-83130","post","type-post","status-publish","format-standard","has-post-thumbnail","hentry","category-noticias-de-ribeirao-preto-sp-e-regiao-ismael-colosi"],"jetpack_publicize_connections":[],"jetpack_featured_media_url":"https:\/\/i0.wp.com\/noticiasribeiraopreto.com.br\/wp-content\/uploads\/2025\/11\/chuva_sexta_06_2024-11-29_16-33-16.webp.webp?fit=1024%2C768&ssl=1","jetpack-related-posts":[{"id":57727,"url":"https:\/\/noticiasribeiraopreto.com.br\/index.php\/2024\/09\/09\/chuva-pode-atingir-o-estado-de-sp-nesta-semana-veja-regioes\/","url_meta":{"origin":83130,"position":0},"title":"Chuva pode atingir o estado de SP nesta semana; Veja regi\u00f5es","author":"noticiasribeiraopreto.com.br","date":"9 de September de 2024","format":false,"excerpt":"A semana segue com tempo seco e a segunda-feira (9) tem previs\u00e3o de sol, calor e baixa umidade do ar. No entando, h\u00e1 expectativa de chuva em parte do estado de S\u00e3o Paulo no decorrer da semana. Segundo a Climatempo, a alta press\u00e3o ainda atua no interior do Brasil e\u2026","rel":"","context":"In &quot;Not\u00edcias de Ribeir\u00e3o Preto-SP e Regi\u00e3o&quot;","block_context":{"text":"Not\u00edcias de Ribeir\u00e3o Preto-SP e Regi\u00e3o","link":"https:\/\/noticiasribeiraopreto.com.br\/index.php\/category\/noticias-de-ribeirao-preto-sp-e-regiao-ismael-colosi\/"},"img":{"alt_text":"","src":"https:\/\/i0.wp.com\/noticiasribeiraopreto.com.br\/wp-content\/uploads\/2024\/08\/WhatsApp-Image-2024-07-13-at-19.42.17_2024-07-13_22-42-51_jpeg_2024-07-13_22-42-51.webp.webp?fit=1200%2C553&ssl=1&resize=350%2C200","width":350,"height":200,"srcset":"https:\/\/i0.wp.com\/noticiasribeiraopreto.com.br\/wp-content\/uploads\/2024\/08\/WhatsApp-Image-2024-07-13-at-19.42.17_2024-07-13_22-42-51_jpeg_2024-07-13_22-42-51.webp.webp?fit=1200%2C553&ssl=1&resize=350%2C200 1x, https:\/\/i0.wp.com\/noticiasribeiraopreto.com.br\/wp-content\/uploads\/2024\/08\/WhatsApp-Image-2024-07-13-at-19.42.17_2024-07-13_22-42-51_jpeg_2024-07-13_22-42-51.webp.webp?fit=1200%2C553&ssl=1&resize=525%2C300 1.5x, https:\/\/i0.wp.com\/noticiasribeiraopreto.com.br\/wp-content\/uploads\/2024\/08\/WhatsApp-Image-2024-07-13-at-19.42.17_2024-07-13_22-42-51_jpeg_2024-07-13_22-42-51.webp.webp?fit=1200%2C553&ssl=1&resize=700%2C400 2x, https:\/\/i0.wp.com\/noticiasribeiraopreto.com.br\/wp-content\/uploads\/2024\/08\/WhatsApp-Image-2024-07-13-at-19.42.17_2024-07-13_22-42-51_jpeg_2024-07-13_22-42-51.webp.webp?fit=1200%2C553&ssl=1&resize=1050%2C600 3x"},"classes":[]},{"id":80104,"url":"https:\/\/noticiasribeiraopreto.com.br\/index.php\/2025\/11\/14\/chuva-forte-e-rajadas-intensas-de-vento-frente-fria-deve-mudar-o-tempo-em-todo-o-estado-de-sp\/","url_meta":{"origin":83130,"position":1},"title":"Chuva forte e rajadas intensas de vento: frente fria deve mudar o tempo em todo o estado de SP","author":"noticiasribeiraopreto.com.br","date":"14 de November de 2025","format":false,"excerpt":"Uma nova frente fria deve avan\u00e7ar pelo Brasil neste fim de semana e mudar o tempo em v\u00e1rias regi\u00f5es. O encontro da massa de ar frio com o ar quente e inst\u00e1vel aumenta o risco de tempestades severas, chuva intensa e rajadas de vento. De acordo com a Climatempo, no\u2026","rel":"","context":"In &quot;Not\u00edcias de Ribeir\u00e3o Preto-SP e Regi\u00e3o&quot;","block_context":{"text":"Not\u00edcias de Ribeir\u00e3o Preto-SP e Regi\u00e3o","link":"https:\/\/noticiasribeiraopreto.com.br\/index.php\/category\/noticias-de-ribeirao-preto-sp-e-regiao-ismael-colosi\/"},"img":{"alt_text":"","src":"https:\/\/i0.wp.com\/noticiasribeiraopreto.com.br\/wp-content\/uploads\/2025\/11\/anhangabau_chuva_03_0.webp.webp?fit=1170%2C700&ssl=1&resize=350%2C200","width":350,"height":200,"srcset":"https:\/\/i0.wp.com\/noticiasribeiraopreto.com.br\/wp-content\/uploads\/2025\/11\/anhangabau_chuva_03_0.webp.webp?fit=1170%2C700&ssl=1&resize=350%2C200 1x, https:\/\/i0.wp.com\/noticiasribeiraopreto.com.br\/wp-content\/uploads\/2025\/11\/anhangabau_chuva_03_0.webp.webp?fit=1170%2C700&ssl=1&resize=525%2C300 1.5x, https:\/\/i0.wp.com\/noticiasribeiraopreto.com.br\/wp-content\/uploads\/2025\/11\/anhangabau_chuva_03_0.webp.webp?fit=1170%2C700&ssl=1&resize=700%2C400 2x, https:\/\/i0.wp.com\/noticiasribeiraopreto.com.br\/wp-content\/uploads\/2025\/11\/anhangabau_chuva_03_0.webp.webp?fit=1170%2C700&ssl=1&resize=1050%2C600 3x"},"classes":[]},{"id":73327,"url":"https:\/\/noticiasribeiraopreto.com.br\/index.php\/2025\/06\/30\/frente-fria-muda-o-tempo-no-estado-de-sp-veja-regioes-atingidas\/","url_meta":{"origin":83130,"position":2},"title":"Frente fria muda o tempo no estado de SP; Veja regi\u00f5es atingidas","author":"noticiasribeiraopreto.com.br","date":"30 de June de 2025","format":false,"excerpt":"O deslocamento de uma nova frente fria deve provocar mudan\u00e7as no tempo nesta segunda-feira (30), no estado de S\u00e3o Paulo. De acordo com a Climatempo, esse sistema traz o aumento de umidade em \u00e1reas do extremo sul e leste paulista. H\u00e1 risco de chuva forte e temporais no Vale do\u2026","rel":"","context":"In &quot;Not\u00edcias de Ribeir\u00e3o Preto-SP e Regi\u00e3o&quot;","block_context":{"text":"Not\u00edcias de Ribeir\u00e3o Preto-SP e Regi\u00e3o","link":"https:\/\/noticiasribeiraopreto.com.br\/index.php\/category\/noticias-de-ribeirao-preto-sp-e-regiao-ismael-colosi\/"},"img":{"alt_text":"","src":"https:\/\/i0.wp.com\/noticiasribeiraopreto.com.br\/wp-content\/uploads\/2025\/06\/nuvens_2025-01-01_18-54-37_jpeg_2025-01-01_18-54-38.webp.webp?fit=1200%2C900&ssl=1&resize=350%2C200","width":350,"height":200,"srcset":"https:\/\/i0.wp.com\/noticiasribeiraopreto.com.br\/wp-content\/uploads\/2025\/06\/nuvens_2025-01-01_18-54-37_jpeg_2025-01-01_18-54-38.webp.webp?fit=1200%2C900&ssl=1&resize=350%2C200 1x, https:\/\/i0.wp.com\/noticiasribeiraopreto.com.br\/wp-content\/uploads\/2025\/06\/nuvens_2025-01-01_18-54-37_jpeg_2025-01-01_18-54-38.webp.webp?fit=1200%2C900&ssl=1&resize=525%2C300 1.5x, https:\/\/i0.wp.com\/noticiasribeiraopreto.com.br\/wp-content\/uploads\/2025\/06\/nuvens_2025-01-01_18-54-37_jpeg_2025-01-01_18-54-38.webp.webp?fit=1200%2C900&ssl=1&resize=700%2C400 2x, https:\/\/i0.wp.com\/noticiasribeiraopreto.com.br\/wp-content\/uploads\/2025\/06\/nuvens_2025-01-01_18-54-37_jpeg_2025-01-01_18-54-38.webp.webp?fit=1200%2C900&ssl=1&resize=1050%2C600 3x"},"classes":[]},{"id":80611,"url":"https:\/\/noticiasribeiraopreto.com.br\/index.php\/2025\/12\/08\/ciclone-provoca-ventos-proximos-de-100-km-h-no-estado-de-sao-paulo-veja-previsao\/","url_meta":{"origin":83130,"position":3},"title":"Ciclone provoca ventos pr\u00f3ximos de 100 km\/h no estado de S\u00e3o Paulo; Veja previs\u00e3o","author":"noticiasribeiraopreto.com.br","date":"8 de December de 2025","format":false,"excerpt":"Uma regi\u00e3o de baixa press\u00e3o se forma sobre o Sul do Brasil nesta segunda-feira (8) e deve dar origem a um ciclone extratropical que vai atingir o Sudeste do pa\u00eds. De acordo com o meteorologista Matheus Manente, da Meteored, esse sistema pode provocar chuva intensa e rajadas de vento que\u2026","rel":"","context":"In &quot;Not\u00edcias de Ribeir\u00e3o Preto-SP e Regi\u00e3o&quot;","block_context":{"text":"Not\u00edcias de Ribeir\u00e3o Preto-SP e Regi\u00e3o","link":"https:\/\/noticiasribeiraopreto.com.br\/index.php\/category\/noticias-de-ribeirao-preto-sp-e-regiao-ismael-colosi\/"},"img":{"alt_text":"","src":"https:\/\/i0.wp.com\/noticiasribeiraopreto.com.br\/wp-content\/uploads\/2025\/10\/chuva_temporal_1024x576_07012021130023_2024-10-24_18-15-47_jpg_2024-10-24_18-15-47.webp.webp?fit=1024%2C575&ssl=1&resize=350%2C200","width":350,"height":200,"srcset":"https:\/\/i0.wp.com\/noticiasribeiraopreto.com.br\/wp-content\/uploads\/2025\/10\/chuva_temporal_1024x576_07012021130023_2024-10-24_18-15-47_jpg_2024-10-24_18-15-47.webp.webp?fit=1024%2C575&ssl=1&resize=350%2C200 1x, https:\/\/i0.wp.com\/noticiasribeiraopreto.com.br\/wp-content\/uploads\/2025\/10\/chuva_temporal_1024x576_07012021130023_2024-10-24_18-15-47_jpg_2024-10-24_18-15-47.webp.webp?fit=1024%2C575&ssl=1&resize=525%2C300 1.5x, https:\/\/i0.wp.com\/noticiasribeiraopreto.com.br\/wp-content\/uploads\/2025\/10\/chuva_temporal_1024x576_07012021130023_2024-10-24_18-15-47_jpg_2024-10-24_18-15-47.webp.webp?fit=1024%2C575&ssl=1&resize=700%2C400 2x"},"classes":[]},{"id":80219,"url":"https:\/\/noticiasribeiraopreto.com.br\/index.php\/2025\/11\/18\/estado-de-sp-tem-risco-de-temporais-nesta-terca-veja-regioes\/","url_meta":{"origin":83130,"position":4},"title":"Estado de SP tem risco de temporais nesta ter\u00e7a; Veja regi\u00f5es","author":"noticiasribeiraopreto.com.br","date":"18 de November de 2025","format":false,"excerpt":"O estado de S\u00e3o Paulo tem risco de temporais nesta ter\u00e7a-feira (18), com possibilidade de transtornos em regi\u00f5es como o centro, sul e leste. Segundo a Climatempo, na regi\u00e3o de Ribeir\u00e3o Preto est\u00e3o previstas pancadas de chuva, com moderada a forte intensidade, al\u00e9m de ventos a qualquer hora. A partir\u2026","rel":"","context":"In &quot;Not\u00edcias de Ribeir\u00e3o Preto-SP e Regi\u00e3o&quot;","block_context":{"text":"Not\u00edcias de Ribeir\u00e3o Preto-SP e Regi\u00e3o","link":"https:\/\/noticiasribeiraopreto.com.br\/index.php\/category\/noticias-de-ribeirao-preto-sp-e-regiao-ismael-colosi\/"},"img":{"alt_text":"","src":"https:\/\/i0.wp.com\/noticiasribeiraopreto.com.br\/wp-content\/uploads\/2025\/07\/WhatsApp-Image-2024-10-15-at-08.25.28_2024-10-15_11-26-55_jpeg_2024-10-15_11-26-55.webp.webp?fit=1200%2C540&ssl=1&resize=350%2C200","width":350,"height":200,"srcset":"https:\/\/i0.wp.com\/noticiasribeiraopreto.com.br\/wp-content\/uploads\/2025\/07\/WhatsApp-Image-2024-10-15-at-08.25.28_2024-10-15_11-26-55_jpeg_2024-10-15_11-26-55.webp.webp?fit=1200%2C540&ssl=1&resize=350%2C200 1x, https:\/\/i0.wp.com\/noticiasribeiraopreto.com.br\/wp-content\/uploads\/2025\/07\/WhatsApp-Image-2024-10-15-at-08.25.28_2024-10-15_11-26-55_jpeg_2024-10-15_11-26-55.webp.webp?fit=1200%2C540&ssl=1&resize=525%2C300 1.5x, https:\/\/i0.wp.com\/noticiasribeiraopreto.com.br\/wp-content\/uploads\/2025\/07\/WhatsApp-Image-2024-10-15-at-08.25.28_2024-10-15_11-26-55_jpeg_2024-10-15_11-26-55.webp.webp?fit=1200%2C540&ssl=1&resize=700%2C400 2x, https:\/\/i0.wp.com\/noticiasribeiraopreto.com.br\/wp-content\/uploads\/2025\/07\/WhatsApp-Image-2024-10-15-at-08.25.28_2024-10-15_11-26-55_jpeg_2024-10-15_11-26-55.webp.webp?fit=1200%2C540&ssl=1&resize=1050%2C600 3x"},"classes":[]},{"id":66164,"url":"https:\/\/noticiasribeiraopreto.com.br\/index.php\/2025\/03\/28\/quatro-massas-de-ar-frio-chegam-no-mes-de-abril-veja-previsao-no-estado-de-sp\/","url_meta":{"origin":83130,"position":5},"title":"Quatro massas de ar frio chegam no m\u00eas de abril; Veja previs\u00e3o no estado de SP","author":"noticiasribeiraopreto.com.br","date":"28 de March de 2025","format":false,"excerpt":"O m\u00eas de abril, que come\u00e7a na pr\u00f3xima ter\u00e7a-feira, tem previs\u00e3o de quatro massas de ar frio e ao menos tr\u00eas delas podem chegar ao estado de S\u00e3o Paulo. Segundo a Climatempo, na primeira quinzena est\u00e3o previstas tr\u00eas massas de ar de origem polar. A meteorologista Jos\u00e9lia Pegorim diz que\u2026","rel":"","context":"In &quot;Not\u00edcias de Ribeir\u00e3o Preto-SP e Regi\u00e3o&quot;","block_context":{"text":"Not\u00edcias de Ribeir\u00e3o Preto-SP e Regi\u00e3o","link":"https:\/\/noticiasribeiraopreto.com.br\/index.php\/category\/noticias-de-ribeirao-preto-sp-e-regiao-ismael-colosi\/"},"img":{"alt_text":"","src":"https:\/\/i0.wp.com\/noticiasribeiraopreto.com.br\/wp-content\/uploads\/2025\/03\/1743181393_frio_luva_1200x675_16042022092951.jpg?fit=1200%2C675&ssl=1&resize=350%2C200","width":350,"height":200,"srcset":"https:\/\/i0.wp.com\/noticiasribeiraopreto.com.br\/wp-content\/uploads\/2025\/03\/1743181393_frio_luva_1200x675_16042022092951.jpg?fit=1200%2C675&ssl=1&resize=350%2C200 1x, https:\/\/i0.wp.com\/noticiasribeiraopreto.com.br\/wp-content\/uploads\/2025\/03\/1743181393_frio_luva_1200x675_16042022092951.jpg?fit=1200%2C675&ssl=1&resize=525%2C300 1.5x, https:\/\/i0.wp.com\/noticiasribeiraopreto.com.br\/wp-content\/uploads\/2025\/03\/1743181393_frio_luva_1200x675_16042022092951.jpg?fit=1200%2C675&ssl=1&resize=700%2C400 2x, https:\/\/i0.wp.com\/noticiasribeiraopreto.com.br\/wp-content\/uploads\/2025\/03\/1743181393_frio_luva_1200x675_16042022092951.jpg?fit=1200%2C675&ssl=1&resize=1050%2C600 3x"},"classes":[]}],"jetpack_sharing_enabled":true,"jetpack_shortlink":"https:\/\/wp.me\/peQAOb-lCO","_links":{"self":[{"href":"https:\/\/noticiasribeiraopreto.com.br\/index.php\/wp-json\/wp\/v2\/posts\/83130","targetHints":{"allow":["GET"]}}],"collection":[{"href":"https:\/\/noticiasribeiraopreto.com.br\/index.php\/wp-json\/wp\/v2\/posts"}],"about":[{"href":"https:\/\/noticiasribeiraopreto.com.br\/index.php\/wp-json\/wp\/v2\/types\/post"}],"author":[{"embeddable":true,"href":"https:\/\/noticiasribeiraopreto.com.br\/index.php\/wp-json\/wp\/v2\/users\/1"}],"replies":[{"embeddable":true,"href":"https:\/\/noticiasribeiraopreto.com.br\/index.php\/wp-json\/wp\/v2\/comments?post=83130"}],"version-history":[{"count":0,"href":"https:\/\/noticiasribeiraopreto.com.br\/index.php\/wp-json\/wp\/v2\/posts\/83130\/revisions"}],"wp:featuredmedia":[{"embeddable":true,"href":"https:\/\/noticiasribeiraopreto.com.br\/index.php\/wp-json\/wp\/v2\/media\/80021"}],"wp:attachment":[{"href":"https:\/\/noticiasribeiraopreto.com.br\/index.php\/wp-json\/wp\/v2\/media?parent=83130"}],"wp:term":[{"taxonomy":"category","embeddable":true,"href":"https:\/\/noticiasribeiraopreto.com.br\/index.php\/wp-json\/wp\/v2\/categories?post=83130"},{"taxonomy":"post_tag","embeddable":true,"href":"https:\/\/noticiasribeiraopreto.com.br\/index.php\/wp-json\/wp\/v2\/tags?post=83130"}],"curies":[{"name":"wp","href":"https:\/\/api.w.org\/{rel}","templated":true}]}}