{"id":83131,"date":"2026-03-10T10:52:02","date_gmt":"2026-03-10T13:52:02","guid":{"rendered":"https:\/\/noticiasribeiraopreto.com.br\/index.php\/2026\/03\/10\/viatura-da-pm-se-envolve-em-acidente-e-interdita-transito-em-ribeirao-preto\/"},"modified":"2026-03-10T10:52:02","modified_gmt":"2026-03-10T13:52:02","slug":"viatura-da-pm-se-envolve-em-acidente-e-interdita-transito-em-ribeirao-preto","status":"publish","type":"post","link":"https:\/\/noticiasribeiraopreto.com.br\/index.php\/2026\/03\/10\/viatura-da-pm-se-envolve-em-acidente-e-interdita-transito-em-ribeirao-preto\/","title":{"rendered":"Viatura da PM se envolve em acidente e interdita tr\u00e2nsito em Ribeir\u00e3o Preto"},"content":{"rendered":"<div class='code-block code-block-1' style='margin: 8px 0 8px auto; text-align: right; display: block; clear: both;'>\n<p><a href=\"https:\/\/wa.link\/vpicfd\"><img data-recalc-dims=\"1\" class=\"wp-image-4922\" style=\"aspect-ratio: 2.0253164556962027; width: 561px; height: auto;\" src=\"https:\/\/i0.wp.com\/ismaelcolosi.com.br\/wp-content\/uploads\/2023\/11\/grupo-de-empregos-whatsapp-e-facebook-ismael-colosi-vagas.jpg?ssl=1\" alt=\"\" \/><\/a><\/p>\n<!-- \/wp:image -->\n<\/div>\n<p> <br \/>\n<\/p>\n<div data-td-block-uid=\"tdi_95\">\n<div class=\"tdb-block-inner td-fix-index\">\n<p>Uma viatura da Pol\u00edcia Militar capotou na tarde desta segunda-feira (9) ap\u00f3s se envolver em um acidente de tr\u00e2nsito no cruzamento da rua Javari com a rua Francisco Bounvicini, na zona Norte de Ribeir\u00e3o Preto.<\/p>\n<p>De acordo com as informa\u00e7\u00f5es iniciais, a colis\u00e3o envolveu a viatura da PM e um ve\u00edculo da Companhia Paulista de For\u00e7a e Luz (CPFL). Com o impacto, a viatura acabou capotando no meio da via.<\/p>\n<blockquote class=\"instagram-media\" data-instgrm-permalink=\"https:\/\/www.instagram.com\/reel\/DVrUI1RjvPY\/?utm_source=ig_embed&amp;utm_campaign=loading\" data-instgrm-version=\"14\" style=\" background:#FFF; border:0; border-radius:3px; box-shadow:0 0 1px 0 rgba(0,0,0,0.5),0 1px 10px 0 rgba(0,0,0,0.15); margin: 1px; max-width:540px; min-width:326px; padding:0; width:99.375%; width:-webkit-calc(100% - 2px); width:calc(100% - 2px);\"\/>\n<p>Por conta do acidente, o tr\u00e2nsito foi <strong>interditado no trecho da rua Javari entre as ruas Paulo Marzola e Sebasti\u00e3o Leite<\/strong>. Equipes foram acionadas para atender a ocorr\u00eancia e organizar o fluxo de ve\u00edculos na regi\u00e3o.<\/p>\n<hr class=\"wp-block-separator has-alpha-channel-opacity\"\/>\n<p>SAIBA MAIS<\/p>\n<p>Bairros de Ribeir\u00e3o Preto podem ficar sem \u00e1gua nesta segunda-feira (9); veja quais<\/p>\n<h3 class=\"wp-block-heading\"><strong>FIQUE ON<\/strong><\/h3>\n<p>Fique ligado em tudo que acontece em Ribeir\u00e3o Preto e regi\u00e3o. Siga os perfis do<strong>\u00a0acidade on<\/strong>\u00a0no\u00a0<a href=\"https:\/\/www.instagram.com\/acidadeonribeirao\" target=\"_blank\" rel=\"noreferrer noopener\">Instagram\u00a0<\/a>e no\u00a0<a href=\"https:\/\/www.facebook.com\/acidadeonribeirao\/\" target=\"_blank\" rel=\"noreferrer noopener\">Facebook<\/a>.<\/p>\n<p>Receba not\u00edcias do\u00a0<strong>acidade on<\/strong>\u00a0no WhatsApp. Para entrar no grupo,\u00a0basta<a href=\"https:\/\/chat.whatsapp.com\/GFH9HUMUTHNFJdnyEd0xxq\" target=\"_blank\" rel=\"noreferrer noopener\">\u00a0clicar aqui<\/a>. Ou, acesse o nosso\u00a0Canal\u00a0<a href=\"https:\/\/whatsapp.com\/channel\/0029Vb6IQl1JENyAeS57fk2p\" target=\"_blank\" rel=\"noreferrer noopener\">clicando aqui<\/a>.<\/p>\n<p>Fa\u00e7a uma den\u00fancia ou sugira uma reportagem sobre Ribeir\u00e3o Preto e regi\u00e3o pelo WhatsApp: 16 99117 7802.<\/p>\n<p>VEJA TAMB\u00c9M<\/p>\n<p>Imposto de renda 2026: como usar a declara\u00e7\u00e3o a favor do seu planejamento financeiro<a href=\"https:\/\/www.acidadeon.com\/ribeiraopreto\/cotidiano\/bairros-de-ribeirao-preto-podem-ficar-sem-agua-nesta-segunda-feira-9-veja-quais\/\" data-type=\"link\" data-id=\"https:\/\/www.acidadeon.com\/ribeiraopreto\/cotidiano\/bairros-de-ribeirao-preto-podem-ficar-sem-agua-nesta-segunda-feira-9-veja-quais\/\" target=\"_blank\" rel=\"noreferrer noopener\"><\/p>\n<p><!-- AI CONTENT END 1 -->\n<\/div>\n<\/div>\n<p><script async src=\"\/\/www.instagram.com\/embed.js\"><\/script><br \/>\n<br \/><br \/>\n<br \/><a href=\"https:\/\/www.acidadeon.com\/ribeiraopreto\/cotidiano\/viatura-da-pm-se-envolve-em-acidente-e-interdita-transito-em-ribeirao-preto\/\">Source link <\/a><\/p>\n<!-- CONTENT END 1 -->\n","protected":false},"excerpt":{"rendered":"<p>Uma viatura da Pol\u00edcia Militar capotou na tarde desta segunda-feira (9) ap\u00f3s se envolver em um acidente de tr\u00e2nsito no cruzamento da rua Javari com&#8230;<\/p>\n","protected":false},"author":1,"featured_media":83132,"comment_status":"open","ping_status":"open","sticky":false,"template":"","format":"standard","meta":{"advanced_seo_description":"","jetpack_seo_html_title":"","jetpack_seo_noindex":false,"jetpack_post_was_ever_published":false,"_jetpack_newsletter_access":"","_jetpack_dont_email_post_to_subs":false,"_jetpack_newsletter_tier_id":0,"_jetpack_memberships_contains_paywalled_content":false,"_jetpack_memberships_contains_paid_content":false,"footnotes":"","jetpack_publicize_message":"","jetpack_publicize_feature_enabled":true,"jetpack_social_post_already_shared":true,"jetpack_social_options":{"image_generator_settings":{"template":"highway","default_image_id":0,"font":"","enabled":false},"version":2}},"categories":[11],"tags":[],"class_list":["post-83131","post","type-post","status-publish","format-standard","has-post-thumbnail","hentry","category-noticias-de-ribeirao-preto-sp-e-regiao-ismael-colosi"],"jetpack_publicize_connections":[],"jetpack_featured_media_url":"https:\/\/i0.wp.com\/noticiasribeiraopreto.com.br\/wp-content\/uploads\/2026\/03\/domingo-22_2026-03-09_20-32-02.webp.webp?fit=1200%2C675&ssl=1","jetpack-related-posts":[{"id":62141,"url":"https:\/\/noticiasribeiraopreto.com.br\/index.php\/2025\/01\/05\/viatura-da-guarda-civil-se-envolve-em-acidente-em-ribeirao-preto\/","url_meta":{"origin":83131,"position":0},"title":"Viatura da Guarda Civil se envolve em acidente em Ribeir\u00e3o Preto","author":"noticiasribeiraopreto.com.br","date":"5 de January de 2025","format":false,"excerpt":"Uma viatura da GCM (Guarda Civil Metropolitana) de Ribeir\u00e3o Preto se envolveu em um acidente de tr\u00e2nsito deste domingo (5), no cruzamento da avenida Caramuru com a rua Cair\u00fa. Segundo apura\u00e7\u00e3o da EPTV, a equipe da GCM estava a caminho de uma ocorr\u00eancia, quando um carro bateu na viatura. Em\u2026","rel":"","context":"In &quot;Not\u00edcias de Ribeir\u00e3o Preto-SP e Regi\u00e3o&quot;","block_context":{"text":"Not\u00edcias de Ribeir\u00e3o Preto-SP e Regi\u00e3o","link":"https:\/\/noticiasribeiraopreto.com.br\/index.php\/category\/noticias-de-ribeirao-preto-sp-e-regiao-ismael-colosi\/"},"img":{"alt_text":"","src":"https:\/\/i0.wp.com\/noticiasribeiraopreto.com.br\/wp-content\/uploads\/2025\/01\/viatura-gcm_2025-01-05_13-10-39_jpg_2025-01-05_13-10-39.webp.webp?fit=910%2C679&ssl=1&resize=350%2C200","width":350,"height":200,"srcset":"https:\/\/i0.wp.com\/noticiasribeiraopreto.com.br\/wp-content\/uploads\/2025\/01\/viatura-gcm_2025-01-05_13-10-39_jpg_2025-01-05_13-10-39.webp.webp?fit=910%2C679&ssl=1&resize=350%2C200 1x, https:\/\/i0.wp.com\/noticiasribeiraopreto.com.br\/wp-content\/uploads\/2025\/01\/viatura-gcm_2025-01-05_13-10-39_jpg_2025-01-05_13-10-39.webp.webp?fit=910%2C679&ssl=1&resize=525%2C300 1.5x, https:\/\/i0.wp.com\/noticiasribeiraopreto.com.br\/wp-content\/uploads\/2025\/01\/viatura-gcm_2025-01-05_13-10-39_jpg_2025-01-05_13-10-39.webp.webp?fit=910%2C679&ssl=1&resize=700%2C400 2x"},"classes":[]},{"id":43527,"url":"https:\/\/noticiasribeiraopreto.com.br\/index.php\/2024\/03\/21\/mulher-fica-ferida-apos-colidir-com-viatura-da-pm-em-ribeirao-preto\/","url_meta":{"origin":83131,"position":1},"title":"Mulher fica ferida ap\u00f3s colidir com viatura da PM em Ribeir\u00e3o Preto","author":"noticiasribeiraopreto.com.br","date":"21 de March de 2024","format":false,"excerpt":"Uma mulher ficou ferida ap\u00f3s se envolver em um acidente de tr\u00e2nsito com uma viatura da Pol\u00edcia Militar (PM), no cruzamento das ruas Nilo Pe\u00e7anha com a Henrique Dumont, em Ribeir\u00e3o Preto, na tarde desta quinta-feira (21). De acordo com a apura\u00e7\u00e3o da EPTV, uma mulher que conduzia um Fiat\u2026","rel":"","context":"In &quot;Not\u00edcias de Ribeir\u00e3o Preto-SP e Regi\u00e3o&quot;","block_context":{"text":"Not\u00edcias de Ribeir\u00e3o Preto-SP e Regi\u00e3o","link":"https:\/\/noticiasribeiraopreto.com.br\/index.php\/category\/noticias-de-ribeirao-preto-sp-e-regiao-ismael-colosi\/"},"img":{"alt_text":"","src":"https:\/\/i0.wp.com\/noticiasribeiraopreto.com.br\/wp-content\/uploads\/2024\/03\/AnyConv.com__WhatsApp-Image-2024-03-21-at-16.42.51.webp.webp?fit=1200%2C900&ssl=1&resize=350%2C200","width":350,"height":200,"srcset":"https:\/\/i0.wp.com\/noticiasribeiraopreto.com.br\/wp-content\/uploads\/2024\/03\/AnyConv.com__WhatsApp-Image-2024-03-21-at-16.42.51.webp.webp?fit=1200%2C900&ssl=1&resize=350%2C200 1x, https:\/\/i0.wp.com\/noticiasribeiraopreto.com.br\/wp-content\/uploads\/2024\/03\/AnyConv.com__WhatsApp-Image-2024-03-21-at-16.42.51.webp.webp?fit=1200%2C900&ssl=1&resize=525%2C300 1.5x, https:\/\/i0.wp.com\/noticiasribeiraopreto.com.br\/wp-content\/uploads\/2024\/03\/AnyConv.com__WhatsApp-Image-2024-03-21-at-16.42.51.webp.webp?fit=1200%2C900&ssl=1&resize=700%2C400 2x, https:\/\/i0.wp.com\/noticiasribeiraopreto.com.br\/wp-content\/uploads\/2024\/03\/AnyConv.com__WhatsApp-Image-2024-03-21-at-16.42.51.webp.webp?fit=1200%2C900&ssl=1&resize=1050%2C600 3x"},"classes":[]},{"id":62595,"url":"https:\/\/noticiasribeiraopreto.com.br\/index.php\/2025\/01\/18\/carro-de-luxo-se-envolve-em-acidente-no-centro-de-ribeirao-preto\/","url_meta":{"origin":83131,"position":2},"title":"Carro de luxo se envolve em acidente no Centro de Ribeir\u00e3o Preto","author":"noticiasribeiraopreto.com.br","date":"18 de January de 2025","format":false,"excerpt":"Um carro de luxo se envolveu em um acidente com outros ve\u00edculos, que estavam estacionados, ao lado da Catedral Metropolitana de Ribeir\u00e3o Preto, no in\u00edcio da tarde deste s\u00e1bado (18). Ningu\u00e9m ficou ferido. O acidente aconteceu na rua Tibiri\u00e7\u00e1, por volta das 14h. Segundo testemunhas, o Audi atingiu dois ve\u00edculos\u2026","rel":"","context":"In &quot;Not\u00edcias de Ribeir\u00e3o Preto-SP e Regi\u00e3o&quot;","block_context":{"text":"Not\u00edcias de Ribeir\u00e3o Preto-SP e Regi\u00e3o","link":"https:\/\/noticiasribeiraopreto.com.br\/index.php\/category\/noticias-de-ribeirao-preto-sp-e-regiao-ismael-colosi\/"},"img":{"alt_text":"","src":"https:\/\/i0.wp.com\/noticiasribeiraopreto.com.br\/wp-content\/uploads\/2025\/01\/audi-catedral_2025-01-18_18-37-45_jpg_2025-01-18_18-37-45.webp.webp?fit=1101%2C716&ssl=1&resize=350%2C200","width":350,"height":200,"srcset":"https:\/\/i0.wp.com\/noticiasribeiraopreto.com.br\/wp-content\/uploads\/2025\/01\/audi-catedral_2025-01-18_18-37-45_jpg_2025-01-18_18-37-45.webp.webp?fit=1101%2C716&ssl=1&resize=350%2C200 1x, https:\/\/i0.wp.com\/noticiasribeiraopreto.com.br\/wp-content\/uploads\/2025\/01\/audi-catedral_2025-01-18_18-37-45_jpg_2025-01-18_18-37-45.webp.webp?fit=1101%2C716&ssl=1&resize=525%2C300 1.5x, https:\/\/i0.wp.com\/noticiasribeiraopreto.com.br\/wp-content\/uploads\/2025\/01\/audi-catedral_2025-01-18_18-37-45_jpg_2025-01-18_18-37-45.webp.webp?fit=1101%2C716&ssl=1&resize=700%2C400 2x, https:\/\/i0.wp.com\/noticiasribeiraopreto.com.br\/wp-content\/uploads\/2025\/01\/audi-catedral_2025-01-18_18-37-45_jpg_2025-01-18_18-37-45.webp.webp?fit=1101%2C716&ssl=1&resize=1050%2C600 3x"},"classes":[]},{"id":64114,"url":"https:\/\/noticiasribeiraopreto.com.br\/index.php\/2025\/03\/02\/carro-da-rp-mobi-se-envolve-em-acidente-em-avenida-de-ribeirao-preto\/","url_meta":{"origin":83131,"position":3},"title":"Carro da RP Mobi se envolve em acidente em avenida de Ribeir\u00e3o Preto","author":"noticiasribeiraopreto.com.br","date":"2 de March de 2025","format":false,"excerpt":"Um carro da RP Mobi, empresa respons\u00e1vel pelo gerenciamento do tr\u00e2nsito em Ribeir\u00e3o Preto, se envolveu em um acidente no in\u00edcio da tarde deste domingo (2), no cruzamento da avenida Independ\u00eancia com a rua Campos Sales. N\u00e3o h\u00e1 informa\u00e7\u00f5es sobre feridos. Em nota, a RP Mobi informou que o outro\u2026","rel":"","context":"In &quot;Not\u00edcias de Ribeir\u00e3o Preto-SP e Regi\u00e3o&quot;","block_context":{"text":"Not\u00edcias de Ribeir\u00e3o Preto-SP e Regi\u00e3o","link":"https:\/\/noticiasribeiraopreto.com.br\/index.php\/category\/noticias-de-ribeirao-preto-sp-e-regiao-ismael-colosi\/"},"img":{"alt_text":"","src":"https:\/\/i0.wp.com\/noticiasribeiraopreto.com.br\/wp-content\/uploads\/2025\/03\/acidente-rp-mobi_2025-03-02_18-41-03_jpg_2025-03-02_18-41-03.webp.webp?fit=1200%2C720&ssl=1&resize=350%2C200","width":350,"height":200,"srcset":"https:\/\/i0.wp.com\/noticiasribeiraopreto.com.br\/wp-content\/uploads\/2025\/03\/acidente-rp-mobi_2025-03-02_18-41-03_jpg_2025-03-02_18-41-03.webp.webp?fit=1200%2C720&ssl=1&resize=350%2C200 1x, https:\/\/i0.wp.com\/noticiasribeiraopreto.com.br\/wp-content\/uploads\/2025\/03\/acidente-rp-mobi_2025-03-02_18-41-03_jpg_2025-03-02_18-41-03.webp.webp?fit=1200%2C720&ssl=1&resize=525%2C300 1.5x, https:\/\/i0.wp.com\/noticiasribeiraopreto.com.br\/wp-content\/uploads\/2025\/03\/acidente-rp-mobi_2025-03-02_18-41-03_jpg_2025-03-02_18-41-03.webp.webp?fit=1200%2C720&ssl=1&resize=700%2C400 2x, https:\/\/i0.wp.com\/noticiasribeiraopreto.com.br\/wp-content\/uploads\/2025\/03\/acidente-rp-mobi_2025-03-02_18-41-03_jpg_2025-03-02_18-41-03.webp.webp?fit=1200%2C720&ssl=1&resize=1050%2C600 3x"},"classes":[]},{"id":82262,"url":"https:\/\/noticiasribeiraopreto.com.br\/index.php\/2026\/02\/09\/acidente-de-transito-e-registrado-em-avenida-da-zona-norte-de-ribeirao-preto\/","url_meta":{"origin":83131,"position":4},"title":"Acidente de tr\u00e2nsito \u00e9 registrado em avenida da zona Norte de Ribeir\u00e3o Preto","author":"noticiasribeiraopreto.com.br","date":"9 de February de 2026","format":false,"excerpt":"Um acidente de tr\u00e2nsito foi registrado na avenida Cavalheiro Paschoal Innecchi, no Jardim Independ\u00eancia, zona Norte de Ribeir\u00e3o Preto, na manh\u00e3 desta segunda-feira (9). De acordo com as primeiras informa\u00e7\u00f5es, um ve\u00edculo Uno teria batido na grade de prote\u00e7\u00e3o da ciclovia da avenida. Com o impacto, a parte da frente\u2026","rel":"","context":"In &quot;Not\u00edcias de Ribeir\u00e3o Preto-SP e Regi\u00e3o&quot;","block_context":{"text":"Not\u00edcias de Ribeir\u00e3o Preto-SP e Regi\u00e3o","link":"https:\/\/noticiasribeiraopreto.com.br\/index.php\/category\/noticias-de-ribeirao-preto-sp-e-regiao-ismael-colosi\/"},"img":{"alt_text":"","src":"https:\/\/i0.wp.com\/noticiasribeiraopreto.com.br\/wp-content\/uploads\/2026\/02\/palace-4_2026-02-09_11-42-30.webp.webp?fit=1200%2C675&ssl=1&resize=350%2C200","width":350,"height":200,"srcset":"https:\/\/i0.wp.com\/noticiasribeiraopreto.com.br\/wp-content\/uploads\/2026\/02\/palace-4_2026-02-09_11-42-30.webp.webp?fit=1200%2C675&ssl=1&resize=350%2C200 1x, https:\/\/i0.wp.com\/noticiasribeiraopreto.com.br\/wp-content\/uploads\/2026\/02\/palace-4_2026-02-09_11-42-30.webp.webp?fit=1200%2C675&ssl=1&resize=525%2C300 1.5x, https:\/\/i0.wp.com\/noticiasribeiraopreto.com.br\/wp-content\/uploads\/2026\/02\/palace-4_2026-02-09_11-42-30.webp.webp?fit=1200%2C675&ssl=1&resize=700%2C400 2x, https:\/\/i0.wp.com\/noticiasribeiraopreto.com.br\/wp-content\/uploads\/2026\/02\/palace-4_2026-02-09_11-42-30.webp.webp?fit=1200%2C675&ssl=1&resize=1050%2C600 3x"},"classes":[]},{"id":58348,"url":"https:\/\/noticiasribeiraopreto.com.br\/index.php\/2024\/09\/25\/homem-e-preso-apos-colidir-com-viatura-da-policia-militar-em-ribeirao-preto\/","url_meta":{"origin":83131,"position":5},"title":"Homem \u00e9 preso ap\u00f3s colidir com viatura da Pol\u00edcia Militar em Ribeir\u00e3o Preto","author":"noticiasribeiraopreto.com.br","date":"25 de September de 2024","format":false,"excerpt":"Um homem foi preso na noite desta quarta-feira (13) em Ribeir\u00e3o Preto ap\u00f3s colidir o carro que dirigia com uma viatura da Pol\u00edcia Militar. O acidente ocorreu em um cruzamento na zona norte da cidade, e, segundo informa\u00e7\u00f5es da PM, o motorista apresentava sinais de embriaguez e tentou fugir do\u2026","rel":"","context":"In &quot;Not\u00edcias de Ribeir\u00e3o Preto-SP e Regi\u00e3o&quot;","block_context":{"text":"Not\u00edcias de Ribeir\u00e3o Preto-SP e Regi\u00e3o","link":"https:\/\/noticiasribeiraopreto.com.br\/index.php\/category\/noticias-de-ribeirao-preto-sp-e-regiao-ismael-colosi\/"},"img":{"alt_text":"","src":"https:\/\/i0.wp.com\/noticiasribeiraopreto.com.br\/wp-content\/uploads\/2024\/09\/Policia-Militar-e1717532645165.webp.webp?fit=800%2C450&ssl=1&resize=350%2C200","width":350,"height":200,"srcset":"https:\/\/i0.wp.com\/noticiasribeiraopreto.com.br\/wp-content\/uploads\/2024\/09\/Policia-Militar-e1717532645165.webp.webp?fit=800%2C450&ssl=1&resize=350%2C200 1x, https:\/\/i0.wp.com\/noticiasribeiraopreto.com.br\/wp-content\/uploads\/2024\/09\/Policia-Militar-e1717532645165.webp.webp?fit=800%2C450&ssl=1&resize=525%2C300 1.5x, https:\/\/i0.wp.com\/noticiasribeiraopreto.com.br\/wp-content\/uploads\/2024\/09\/Policia-Militar-e1717532645165.webp.webp?fit=800%2C450&ssl=1&resize=700%2C400 2x"},"classes":[]}],"jetpack_sharing_enabled":true,"jetpack_shortlink":"https:\/\/wp.me\/peQAOb-lCP","_links":{"self":[{"href":"https:\/\/noticiasribeiraopreto.com.br\/index.php\/wp-json\/wp\/v2\/posts\/83131","targetHints":{"allow":["GET"]}}],"collection":[{"href":"https:\/\/noticiasribeiraopreto.com.br\/index.php\/wp-json\/wp\/v2\/posts"}],"about":[{"href":"https:\/\/noticiasribeiraopreto.com.br\/index.php\/wp-json\/wp\/v2\/types\/post"}],"author":[{"embeddable":true,"href":"https:\/\/noticiasribeiraopreto.com.br\/index.php\/wp-json\/wp\/v2\/users\/1"}],"replies":[{"embeddable":true,"href":"https:\/\/noticiasribeiraopreto.com.br\/index.php\/wp-json\/wp\/v2\/comments?post=83131"}],"version-history":[{"count":0,"href":"https:\/\/noticiasribeiraopreto.com.br\/index.php\/wp-json\/wp\/v2\/posts\/83131\/revisions"}],"wp:featuredmedia":[{"embeddable":true,"href":"https:\/\/noticiasribeiraopreto.com.br\/index.php\/wp-json\/wp\/v2\/media\/83132"}],"wp:attachment":[{"href":"https:\/\/noticiasribeiraopreto.com.br\/index.php\/wp-json\/wp\/v2\/media?parent=83131"}],"wp:term":[{"taxonomy":"category","embeddable":true,"href":"https:\/\/noticiasribeiraopreto.com.br\/index.php\/wp-json\/wp\/v2\/categories?post=83131"},{"taxonomy":"post_tag","embeddable":true,"href":"https:\/\/noticiasribeiraopreto.com.br\/index.php\/wp-json\/wp\/v2\/tags?post=83131"}],"curies":[{"name":"wp","href":"https:\/\/api.w.org\/{rel}","templated":true}]}}