{"id":83133,"date":"2026-03-10T10:59:51","date_gmt":"2026-03-10T13:59:51","guid":{"rendered":"https:\/\/noticiasribeiraopreto.com.br\/index.php\/2026\/03\/10\/hemocentro-de-ribeirao-preto-abre-processo-seletivo-com-salario-de-r-25-mil\/"},"modified":"2026-03-10T10:59:51","modified_gmt":"2026-03-10T13:59:51","slug":"hemocentro-de-ribeirao-preto-abre-processo-seletivo-com-salario-de-r-25-mil","status":"publish","type":"post","link":"https:\/\/noticiasribeiraopreto.com.br\/index.php\/2026\/03\/10\/hemocentro-de-ribeirao-preto-abre-processo-seletivo-com-salario-de-r-25-mil\/","title":{"rendered":"Hemocentro de Ribeir\u00e3o Preto abre processo seletivo com sal\u00e1rio de R$ 2,5 mil"},"content":{"rendered":"<div class='code-block code-block-1' style='margin: 8px 0 8px auto; text-align: right; display: block; clear: both;'>\n<p><a href=\"https:\/\/wa.link\/vpicfd\"><img data-recalc-dims=\"1\" class=\"wp-image-4922\" style=\"aspect-ratio: 2.0253164556962027; width: 561px; height: auto;\" src=\"https:\/\/i0.wp.com\/ismaelcolosi.com.br\/wp-content\/uploads\/2023\/11\/grupo-de-empregos-whatsapp-e-facebook-ismael-colosi-vagas.jpg?ssl=1\" alt=\"\" \/><\/a><\/p>\n<!-- \/wp:image -->\n<\/div>\n<p> <br \/>\n<\/p>\n<div data-td-block-uid=\"tdi_95\">\n<div class=\"tdb-block-inner td-fix-index\">\n<p>O <strong>Hemocentro de Ribeir\u00e3o Preto<\/strong> publicou um novo edital de <strong>processo seletivo<\/strong> para a contrata\u00e7\u00e3o de um <strong>T\u00e9cnico em Manuten\u00e7\u00e3o de Equipamentos<\/strong>.<\/p>\n<p><mark style=\"background-color:#fcb900\" class=\"has-inline-color\">O sal\u00e1rio para a fun\u00e7\u00e3o \u00e9 de <strong>R$ 2.551 <\/strong>por m\u00eas, para uma jornada de 40 horas semanais, al\u00e9m de <strong>vale-alimenta\u00e7\u00e3o no valor de R$ 1 mil<\/strong>. A contrata\u00e7\u00e3o ser\u00e1 feita pelo regime CLT.<\/mark><\/p>\n<p>Os interessados devem se inscrever de <strong>forma online (<a href=\"https:\/\/www.hemocentro.fmrp.usp.br\/\" target=\"_blank\" data-type=\"link\" data-id=\"https:\/\/www.hemocentro.fmrp.usp.br\/\" rel=\"noreferrer noopener\">clique aqui<\/a>)<\/strong> at\u00e9 quinta-feira (12). A taxa de inscri\u00e7\u00e3o custa R$ 40.<\/p>\n<p>A convoca\u00e7\u00e3o dos candidatos para prova escrita ser\u00e1 divulgada na internet no dia 20 de mar\u00e7o de 2026, a partir das 16h, com a lista de inscritos e as informa\u00e7\u00f5es sobre data, hor\u00e1rio e local da prova.<\/p>\n<h2 class=\"wp-block-heading\"><strong>Quem pode se inscrever?<\/strong><\/h2>\n<p>Podem participar do<strong> processo seletivo <\/strong>candidatos com ensino m\u00e9dio completo e <strong>forma\u00e7\u00e3o t\u00e9cnica nas \u00e1reas de Eletr\u00f4nica, Eletrot\u00e9cnica, Mecatr\u00f4nica, Eletroeletr\u00f4nica ou Automa\u00e7\u00e3o Industrial<\/strong>, mediante apresenta\u00e7\u00e3o de certificado ou declara\u00e7\u00e3o de conclus\u00e3o do curso.<\/p>\n<p>Tamb\u00e9m \u00e9 exigido <strong>certificado do curso de Seguran\u00e7a em Instala\u00e7\u00f5es e Servi\u00e7os com Eletricidade (NR-10)<\/strong>, com carga hor\u00e1ria m\u00ednima de 40 horas, al\u00e9m de conhecimentos em inform\u00e1tica.<\/p>\n<p>Os candidatos devem ser brasileiros natos ou naturalizados e ter idade m\u00ednima de 18 anos na data da admiss\u00e3o. No caso de pessoas com defici\u00eancia (PcD), \u00e9 necess\u00e1rio apresentar laudo m\u00e9dico que comprove a condi\u00e7\u00e3o. <a href=\"https:\/\/www.hemocentro.fmrp.usp.br\/\" target=\"_blank\" data-type=\"link\" data-id=\"https:\/\/www.hemocentro.fmrp.usp.br\/\" rel=\"noreferrer noopener\">O edital completo do processo seletivo pode ser conferido clicando aqui.<\/a><\/p>\n<hr class=\"wp-block-separator has-alpha-channel-opacity\"\/>\n<p>SAIBA MAIS<\/p>\n<p>Cohab Ribeir\u00e3o Preto abre processo seletivo; Veja como participar<\/p>\n<h3 class=\"wp-block-heading\"><strong>FIQUE ON<\/strong><\/h3>\n<p>Fique ligado em tudo que acontece em Ribeir\u00e3o Preto e regi\u00e3o. Siga os perfis do<strong>\u00a0acidade on<\/strong>\u00a0no\u00a0<a href=\"https:\/\/www.instagram.com\/acidadeonribeirao\" target=\"_blank\" rel=\"noreferrer noopener\">Instagram\u00a0<\/a>e no\u00a0<a href=\"https:\/\/www.facebook.com\/acidadeonribeirao\/\" target=\"_blank\" rel=\"noreferrer noopener\">Facebook<\/a>.<\/p>\n<p>Receba not\u00edcias do\u00a0<strong>acidade on<\/strong>\u00a0no WhatsApp. Para entrar no grupo,\u00a0basta<a href=\"https:\/\/chat.whatsapp.com\/GFH9HUMUTHNFJdnyEd0xxq\" target=\"_blank\" rel=\"noreferrer noopener\">\u00a0clicar aqui<\/a>. Ou, acesse o nosso\u00a0Canal\u00a0<a href=\"https:\/\/whatsapp.com\/channel\/0029Vb6IQl1JENyAeS57fk2p\" target=\"_blank\" rel=\"noreferrer noopener\">clicando aqui<\/a>.<\/p>\n<p>Fa\u00e7a uma den\u00fancia ou sugira uma reportagem sobre Ribeir\u00e3o Preto e regi\u00e3o pelo WhatsApp: 16 99117 7802.<\/p>\n<p>VEJA TAMB\u00c9M<br \/>Imposto de renda 2026: como usar a declara\u00e7\u00e3o a favor do seu planejamento financeiro<\/p>\n<p><!-- AI CONTENT END 1 -->\n<\/div>\n<\/div>\n<p><script async src=\"\/\/www.instagram.com\/embed.js\"><\/script><br \/>\n<br \/><br \/>\n<br \/><a href=\"https:\/\/www.acidadeon.com\/ribeiraopreto\/economia\/hemocentro-de-ribeirao-preto-abre-processo-seletivo-com-salario-de-r-25-mil\/\">Source link <\/a><\/p>\n<!-- CONTENT END 1 -->\n","protected":false},"excerpt":{"rendered":"<p>O Hemocentro de Ribeir\u00e3o Preto publicou um novo edital de processo seletivo para a contrata\u00e7\u00e3o de um T\u00e9cnico em Manuten\u00e7\u00e3o de Equipamentos. O sal\u00e1rio para&#8230;<\/p>\n","protected":false},"author":1,"featured_media":83134,"comment_status":"open","ping_status":"open","sticky":false,"template":"","format":"standard","meta":{"advanced_seo_description":"","jetpack_seo_html_title":"","jetpack_seo_noindex":false,"jetpack_post_was_ever_published":false,"_jetpack_newsletter_access":"","_jetpack_dont_email_post_to_subs":false,"_jetpack_newsletter_tier_id":0,"_jetpack_memberships_contains_paywalled_content":false,"_jetpack_memberships_contains_paid_content":false,"footnotes":"","jetpack_publicize_message":"","jetpack_publicize_feature_enabled":true,"jetpack_social_post_already_shared":true,"jetpack_social_options":{"image_generator_settings":{"template":"highway","default_image_id":0,"font":"","enabled":false},"version":2}},"categories":[11],"tags":[],"class_list":["post-83133","post","type-post","status-publish","format-standard","has-post-thumbnail","hentry","category-noticias-de-ribeirao-preto-sp-e-regiao-ismael-colosi"],"jetpack_publicize_connections":[],"jetpack_featured_media_url":"https:\/\/i0.wp.com\/noticiasribeiraopreto.com.br\/wp-content\/uploads\/2026\/03\/hemocentro.png?fit=800%2C420&ssl=1","jetpack-related-posts":[{"id":33451,"url":"https:\/\/noticiasribeiraopreto.com.br\/index.php\/2024\/01\/29\/hemocentro-de-ribeirao-abre-processo-seletivo-com-salarios-de-quase-r-3-mil\/","url_meta":{"origin":83133,"position":0},"title":"Hemocentro de Ribeir\u00e3o abre processo seletivo com sal\u00e1rios de quase R$ 3 mil","author":"noticiasribeiraopreto.com.br","date":"29 de January de 2024","format":false,"excerpt":"O Hemocentro de Ribeir\u00e3o Preto abriu processo seletivo para o cargo de assistente de laborat\u00f3rio J\u00fanior. Os sal\u00e1rios para fun\u00e7\u00e3o s\u00e3o de R$ 2.972, al\u00e9m dos benef\u00edcios, como o vale-alimenta\u00e7\u00e3o de R$ 1 mil mensais. As inscri\u00e7\u00f5es podem ser realizadas at\u00e9 as 23h59 do dia 1\u00ba de fevereiro de 2024\u2026","rel":"","context":"In &quot;Not\u00edcias de Ribeir\u00e3o Preto-SP e Regi\u00e3o&quot;","block_context":{"text":"Not\u00edcias de Ribeir\u00e3o Preto-SP e Regi\u00e3o","link":"https:\/\/noticiasribeiraopreto.com.br\/index.php\/category\/noticias-de-ribeirao-preto-sp-e-regiao-ismael-colosi\/"},"img":{"alt_text":"","src":"https:\/\/i0.wp.com\/noticiasribeiraopreto.com.br\/wp-content\/uploads\/2024\/01\/1706558168_hemocentro.png?fit=800%2C420&ssl=1&resize=350%2C200","width":350,"height":200,"srcset":"https:\/\/i0.wp.com\/noticiasribeiraopreto.com.br\/wp-content\/uploads\/2024\/01\/1706558168_hemocentro.png?fit=800%2C420&ssl=1&resize=350%2C200 1x, https:\/\/i0.wp.com\/noticiasribeiraopreto.com.br\/wp-content\/uploads\/2024\/01\/1706558168_hemocentro.png?fit=800%2C420&ssl=1&resize=525%2C300 1.5x, https:\/\/i0.wp.com\/noticiasribeiraopreto.com.br\/wp-content\/uploads\/2024\/01\/1706558168_hemocentro.png?fit=800%2C420&ssl=1&resize=700%2C400 2x"},"classes":[]},{"id":49497,"url":"https:\/\/noticiasribeiraopreto.com.br\/index.php\/2024\/05\/10\/hemocentro-de-ribeirao-preto-abre-processo-seletivo-com-salario-de-r-45-mil\/","url_meta":{"origin":83133,"position":1},"title":"Hemocentro de Ribeir\u00e3o Preto abre processo seletivo com sal\u00e1rio de R$ 4,5 mil","author":"noticiasribeiraopreto.com.br","date":"10 de May de 2024","format":false,"excerpt":"O Hemocentro de Ribeir\u00e3o Preto abriu processo seletivo para o cargo de T\u00e9cnico de Produ\u00e7\u00e3o. O sal\u00e1rio para fun\u00e7\u00e3o \u00e9 de R$ 4.560, al\u00e9m dos benef\u00edcios, como o vale-alimenta\u00e7\u00e3o de R$ 1 mil mensais. As inscri\u00e7\u00f5es ser\u00e3o abertas na segunda-feira (13) a partir das 10h e seguem at\u00e9 \u00e0s 23h\u2026","rel":"","context":"In &quot;Not\u00edcias de Ribeir\u00e3o Preto-SP e Regi\u00e3o&quot;","block_context":{"text":"Not\u00edcias de Ribeir\u00e3o Preto-SP e Regi\u00e3o","link":"https:\/\/noticiasribeiraopreto.com.br\/index.php\/category\/noticias-de-ribeirao-preto-sp-e-regiao-ismael-colosi\/"},"img":{"alt_text":"","src":"https:\/\/i0.wp.com\/noticiasribeiraopreto.com.br\/wp-content\/uploads\/2024\/05\/hemocentro.png?fit=800%2C420&ssl=1&resize=350%2C200","width":350,"height":200,"srcset":"https:\/\/i0.wp.com\/noticiasribeiraopreto.com.br\/wp-content\/uploads\/2024\/05\/hemocentro.png?fit=800%2C420&ssl=1&resize=350%2C200 1x, https:\/\/i0.wp.com\/noticiasribeiraopreto.com.br\/wp-content\/uploads\/2024\/05\/hemocentro.png?fit=800%2C420&ssl=1&resize=525%2C300 1.5x, https:\/\/i0.wp.com\/noticiasribeiraopreto.com.br\/wp-content\/uploads\/2024\/05\/hemocentro.png?fit=800%2C420&ssl=1&resize=700%2C400 2x"},"classes":[]},{"id":78324,"url":"https:\/\/noticiasribeiraopreto.com.br\/index.php\/2025\/10\/08\/hemocentro-de-ribeirao-abre-novo-processo-seletivo-veja-como-participar\/","url_meta":{"origin":83133,"position":2},"title":"Hemocentro de Ribeir\u00e3o abre novo processo seletivo; Veja como participar","author":"noticiasribeiraopreto.com.br","date":"8 de October de 2025","format":false,"excerpt":"O Hemocentro de Ribeir\u00e3o Preto abriu processo seletivo para a contrata\u00e7\u00e3o de um Engenheiro de Seguran\u00e7a do Trabalho. O sal\u00e1rio para fun\u00e7\u00e3o \u00e9 de R$ 4.544 mensais, al\u00e9m dos benef\u00edcios, como o vale-alimenta\u00e7\u00e3o de R$ 1 mil. As inscri\u00e7\u00f5es j\u00e1 est\u00e3o abertas e podem ser realizadas at\u00e9 quinta-feira (09), no\u2026","rel":"","context":"In &quot;Not\u00edcias de Ribeir\u00e3o Preto-SP e Regi\u00e3o&quot;","block_context":{"text":"Not\u00edcias de Ribeir\u00e3o Preto-SP e Regi\u00e3o","link":"https:\/\/noticiasribeiraopreto.com.br\/index.php\/category\/noticias-de-ribeirao-preto-sp-e-regiao-ismael-colosi\/"},"img":{"alt_text":"","src":"https:\/\/i0.wp.com\/noticiasribeiraopreto.com.br\/wp-content\/uploads\/2025\/10\/hemocentro.png?fit=800%2C420&ssl=1&resize=350%2C200","width":350,"height":200,"srcset":"https:\/\/i0.wp.com\/noticiasribeiraopreto.com.br\/wp-content\/uploads\/2025\/10\/hemocentro.png?fit=800%2C420&ssl=1&resize=350%2C200 1x, https:\/\/i0.wp.com\/noticiasribeiraopreto.com.br\/wp-content\/uploads\/2025\/10\/hemocentro.png?fit=800%2C420&ssl=1&resize=525%2C300 1.5x, https:\/\/i0.wp.com\/noticiasribeiraopreto.com.br\/wp-content\/uploads\/2025\/10\/hemocentro.png?fit=800%2C420&ssl=1&resize=700%2C400 2x"},"classes":[]},{"id":31817,"url":"https:\/\/noticiasribeiraopreto.com.br\/index.php\/2024\/01\/23\/hemocentro-de-ribeirao-tem-processo-seletivo-com-salarios-de-r-29-mil\/","url_meta":{"origin":83133,"position":3},"title":"Hemocentro de Ribeir\u00e3o tem processo seletivo com sal\u00e1rios de R$ 2,9 mil","author":"noticiasribeiraopreto.com.br","date":"23 de January de 2024","format":false,"excerpt":"A Funda\u00e7\u00e3o Hemocentro de Ribeir\u00e3o Preto est\u00e1 com tr\u00eas processos seletivos abertos com sal\u00e1rios entre R$ 1,7 mil e R$ 2,9 mil. As vagas s\u00e3o para profissionais de n\u00edvel m\u00e9dio, t\u00e9cnico e superior. As inscri\u00e7\u00f5es devem ser realizadas pela internet, no site do Hemocentro, at\u00e9 as 23h59 do dia 25\u2026","rel":"","context":"In &quot;Not\u00edcias de Ribeir\u00e3o Preto-SP e Regi\u00e3o&quot;","block_context":{"text":"Not\u00edcias de Ribeir\u00e3o Preto-SP e Regi\u00e3o","link":"https:\/\/noticiasribeiraopreto.com.br\/index.php\/category\/noticias-de-ribeirao-preto-sp-e-regiao-ismael-colosi\/"},"img":{"alt_text":"","src":"https:\/\/i0.wp.com\/noticiasribeiraopreto.com.br\/wp-content\/uploads\/2024\/01\/hemocentro.png?fit=800%2C420&ssl=1&resize=350%2C200","width":350,"height":200,"srcset":"https:\/\/i0.wp.com\/noticiasribeiraopreto.com.br\/wp-content\/uploads\/2024\/01\/hemocentro.png?fit=800%2C420&ssl=1&resize=350%2C200 1x, https:\/\/i0.wp.com\/noticiasribeiraopreto.com.br\/wp-content\/uploads\/2024\/01\/hemocentro.png?fit=800%2C420&ssl=1&resize=525%2C300 1.5x, https:\/\/i0.wp.com\/noticiasribeiraopreto.com.br\/wp-content\/uploads\/2024\/01\/hemocentro.png?fit=800%2C420&ssl=1&resize=700%2C400 2x"},"classes":[]},{"id":54285,"url":"https:\/\/noticiasribeiraopreto.com.br\/index.php\/2024\/07\/07\/hemocentro-de-ribeirao-preto-abre-novo-processo-seletivo-veja-vagas-disponiveis\/","url_meta":{"origin":83133,"position":4},"title":"Hemocentro de Ribeir\u00e3o Preto abre novo processo seletivo; Veja vagas dispon\u00edveis","author":"noticiasribeiraopreto.com.br","date":"7 de July de 2024","format":false,"excerpt":"O Hemocentro de Ribeir\u00e3o Preto abriu processo seletivo para zelador e cadastro reserva para motorista. Os sal\u00e1rios para os cargos variam entre R$ 1,6 mil e R$ 2,2 mil, al\u00e9m de benef\u00edcios, como o vale-alimenta\u00e7\u00e3o de R$ 1 mil mensais. As inscri\u00e7\u00f5es ser\u00e3o abertas na segunda-feira (8) a partir das\u2026","rel":"","context":"In &quot;Not\u00edcias de Ribeir\u00e3o Preto-SP e Regi\u00e3o&quot;","block_context":{"text":"Not\u00edcias de Ribeir\u00e3o Preto-SP e Regi\u00e3o","link":"https:\/\/noticiasribeiraopreto.com.br\/index.php\/category\/noticias-de-ribeirao-preto-sp-e-regiao-ismael-colosi\/"},"img":{"alt_text":"","src":"https:\/\/i0.wp.com\/noticiasribeiraopreto.com.br\/wp-content\/uploads\/2024\/07\/hemocentro.png?fit=800%2C420&ssl=1&resize=350%2C200","width":350,"height":200,"srcset":"https:\/\/i0.wp.com\/noticiasribeiraopreto.com.br\/wp-content\/uploads\/2024\/07\/hemocentro.png?fit=800%2C420&ssl=1&resize=350%2C200 1x, https:\/\/i0.wp.com\/noticiasribeiraopreto.com.br\/wp-content\/uploads\/2024\/07\/hemocentro.png?fit=800%2C420&ssl=1&resize=525%2C300 1.5x, https:\/\/i0.wp.com\/noticiasribeiraopreto.com.br\/wp-content\/uploads\/2024\/07\/hemocentro.png?fit=800%2C420&ssl=1&resize=700%2C400 2x"},"classes":[]},{"id":84714,"url":"https:\/\/noticiasribeiraopreto.com.br\/index.php\/2026\/04\/14\/hemocentro-de-ribeirao-prorroga-inscricoes-de-processo-seletivo-veja-como-participar\/","url_meta":{"origin":83133,"position":5},"title":"Hemocentro de Ribeir\u00e3o prorroga inscri\u00e7\u00f5es de processo seletivo; Veja como participar","author":"noticiasribeiraopreto.com.br","date":"14 de April de 2026","format":false,"excerpt":"Ler o resumo da not\u00edcia Hemocentro de Ribeir\u00e3o Preto prorrogou prazo de inscri\u00e7\u00f5es para vagas de Assistente de Qualidade Jr. Sal\u00e1rio \u00e9 de R$ 3.243,00 mensais, com jornada de 40 horas semanais e vale-alimenta\u00e7\u00e3o de R$ 1 mil. Prova escrita est\u00e1 marcada para 22 de abril de 2026, com convoca\u00e7\u00e3o\u2026","rel":"","context":"In &quot;Not\u00edcias de Ribeir\u00e3o Preto-SP e Regi\u00e3o&quot;","block_context":{"text":"Not\u00edcias de Ribeir\u00e3o Preto-SP e Regi\u00e3o","link":"https:\/\/noticiasribeiraopreto.com.br\/index.php\/category\/noticias-de-ribeirao-preto-sp-e-regiao-ismael-colosi\/"},"img":{"alt_text":"","src":"https:\/\/i0.wp.com\/noticiasribeiraopreto.com.br\/wp-content\/uploads\/2026\/03\/50622_2025-12-26_19-18-19.webp.webp?fit=680%2C453&ssl=1&resize=350%2C200","width":350,"height":200,"srcset":"https:\/\/i0.wp.com\/noticiasribeiraopreto.com.br\/wp-content\/uploads\/2026\/03\/50622_2025-12-26_19-18-19.webp.webp?fit=680%2C453&ssl=1&resize=350%2C200 1x, https:\/\/i0.wp.com\/noticiasribeiraopreto.com.br\/wp-content\/uploads\/2026\/03\/50622_2025-12-26_19-18-19.webp.webp?fit=680%2C453&ssl=1&resize=525%2C300 1.5x"},"classes":[]}],"jetpack_sharing_enabled":true,"jetpack_shortlink":"https:\/\/wp.me\/peQAOb-lCR","_links":{"self":[{"href":"https:\/\/noticiasribeiraopreto.com.br\/index.php\/wp-json\/wp\/v2\/posts\/83133","targetHints":{"allow":["GET"]}}],"collection":[{"href":"https:\/\/noticiasribeiraopreto.com.br\/index.php\/wp-json\/wp\/v2\/posts"}],"about":[{"href":"https:\/\/noticiasribeiraopreto.com.br\/index.php\/wp-json\/wp\/v2\/types\/post"}],"author":[{"embeddable":true,"href":"https:\/\/noticiasribeiraopreto.com.br\/index.php\/wp-json\/wp\/v2\/users\/1"}],"replies":[{"embeddable":true,"href":"https:\/\/noticiasribeiraopreto.com.br\/index.php\/wp-json\/wp\/v2\/comments?post=83133"}],"version-history":[{"count":0,"href":"https:\/\/noticiasribeiraopreto.com.br\/index.php\/wp-json\/wp\/v2\/posts\/83133\/revisions"}],"wp:featuredmedia":[{"embeddable":true,"href":"https:\/\/noticiasribeiraopreto.com.br\/index.php\/wp-json\/wp\/v2\/media\/83134"}],"wp:attachment":[{"href":"https:\/\/noticiasribeiraopreto.com.br\/index.php\/wp-json\/wp\/v2\/media?parent=83133"}],"wp:term":[{"taxonomy":"category","embeddable":true,"href":"https:\/\/noticiasribeiraopreto.com.br\/index.php\/wp-json\/wp\/v2\/categories?post=83133"},{"taxonomy":"post_tag","embeddable":true,"href":"https:\/\/noticiasribeiraopreto.com.br\/index.php\/wp-json\/wp\/v2\/tags?post=83133"}],"curies":[{"name":"wp","href":"https:\/\/api.w.org\/{rel}","templated":true}]}}