{"id":83135,"date":"2026-03-10T11:08:25","date_gmt":"2026-03-10T14:08:25","guid":{"rendered":"https:\/\/noticiasribeiraopreto.com.br\/index.php\/2026\/03\/10\/cohab-ribeirao-preto-abre-processo-seletivo-veja-como-participar\/"},"modified":"2026-03-10T11:08:25","modified_gmt":"2026-03-10T14:08:25","slug":"cohab-ribeirao-preto-abre-processo-seletivo-veja-como-participar","status":"publish","type":"post","link":"https:\/\/noticiasribeiraopreto.com.br\/index.php\/2026\/03\/10\/cohab-ribeirao-preto-abre-processo-seletivo-veja-como-participar\/","title":{"rendered":"Cohab Ribeir\u00e3o Preto abre processo seletivo; Veja como participar"},"content":{"rendered":"<div class='code-block code-block-1' style='margin: 8px 0 8px auto; text-align: right; display: block; clear: both;'>\n<p><a href=\"https:\/\/wa.link\/vpicfd\"><img data-recalc-dims=\"1\" class=\"wp-image-4922\" style=\"aspect-ratio: 2.0253164556962027; width: 561px; height: auto;\" src=\"https:\/\/i0.wp.com\/ismaelcolosi.com.br\/wp-content\/uploads\/2023\/11\/grupo-de-empregos-whatsapp-e-facebook-ismael-colosi-vagas.jpg?ssl=1\" alt=\"\" \/><\/a><\/p>\n<!-- \/wp:image -->\n<\/div>\n<p> <br \/>\n<\/p>\n<p>A<strong> Cohab-RP (Companhia Habitacional Regional de Ribeir\u00e3o Preto)\u00a0<\/strong>abriu processo seletivo para vagas de est\u00e1gio de n\u00edvel t\u00e9cnico e superior. A contrata\u00e7\u00e3o acontece por meio do <strong><a href=\"https:\/\/pp.ciee.org.br\/vitrine\/13963\/detalhe\" data-type=\"link\" data-id=\"https:\/\/pp.ciee.org.br\/vitrine\/13963\/detalhe\" target=\"_blank\" rel=\"noopener\">CIEE (Centro de Integra\u00e7\u00e3o Empresa-Escola)<\/a><\/strong>.<\/p>\n<p>As inscri\u00e7\u00f5es devem ser realizadas pela internet (<a href=\"https:\/\/pp.ciee.org.br\/vitrine\/13963\/detalhe\" data-type=\"link\" data-id=\"https:\/\/pp.ciee.org.br\/vitrine\/13963\/detalhe\" target=\"_blank\" rel=\"noopener\">clique aqui<\/a>) no per\u00edodo entre 12 e 27 de mar\u00e7o de 2026.<\/p>\n<h2 class=\"wp-block-heading\"><strong>Cursos<\/strong><\/h2>\n<p>Podem participar estudantes matriculados nos cursos abaixo:<\/p>\n<p><strong>N\u00edvel superior<\/strong> \u2013 administra\u00e7\u00e3o, ci\u00eancias cont\u00e1beis e direito<\/p>\n<p><strong>N\u00edvel t\u00e9cnico<\/strong> \u2013 administra\u00e7\u00e3o e t\u00e9cnico em ci\u00eancias cont\u00e1beis<\/p>\n<h2 class=\"wp-block-heading\"><strong>Benef\u00edcios:<\/strong><\/h2>\n<h3 class=\"wp-block-heading\"><strong>Bolsa-Aux\u00edlio<\/strong><\/h3>\n<p>&nbsp;R$ 11,25 (onze reais e vinte e cinco centavos) por hora.<\/p>\n<h3 class=\"wp-block-heading\"><strong>Aux\u00edlio-Transporte<\/strong><\/h3>\n<p>&nbsp;R$ 10 (dez reais) por dia.<\/p>\n<h3 class=\"wp-block-heading\"><strong>Carga Hor\u00e1ria:<\/strong><\/h3>\n<p>6 horas di\u00e1rias e 30 horas semanais.<\/p>\n<p>SAIBA MAIS<br \/>Vai esfriar em Ribeir\u00e3o Preto? Veja como ficam as temperaturas nos pr\u00f3ximos dias<\/p>\n<h2 class=\"wp-block-heading\"><strong>FIQUE ON<\/strong><\/h2>\n<p>Fique ligado em tudo que acontece em Ribeir\u00e3o Preto e regi\u00e3o. Siga os perfis do<strong>&nbsp;acidade on<\/strong>&nbsp;no&nbsp;<a href=\"https:\/\/www.instagram.com\/acidadeonribeirao\" target=\"_blank\" rel=\"noreferrer noopener\">Instagram&nbsp;<\/a>e no&nbsp;<a href=\"https:\/\/www.facebook.com\/acidadeonribeirao\/\" target=\"_blank\" rel=\"noreferrer noopener\">Facebook<\/a>.<\/p>\n<p>Receba not\u00edcias do\u00a0<strong>acidade on<\/strong>\u00a0no WhatsApp. Para entrar no grupo,\u00a0basta<a href=\"https:\/\/chat.whatsapp.com\/GFH9HUMUTHNFJdnyEd0xxq\" target=\"_blank\" rel=\"noreferrer noopener\">\u00a0clicar aqui<\/a>. Ou, acesse o nosso\u00a0Canal\u00a0<a href=\"https:\/\/whatsapp.com\/channel\/0029Vb6IQl1JENyAeS57fk2p\" target=\"_blank\" rel=\"noreferrer noopener\">clicando aqui<\/a>.<\/p>\n<p>Fa\u00e7a uma den\u00fancia ou sugira uma reportagem sobre Ribeir\u00e3o Preto e regi\u00e3o pelo WhatsApp: 16 99117 7802.<\/p>\n<p>VEJA TAMB\u00c9M<br \/>Imposto de renda 2026: como usar a declara\u00e7\u00e3o a favor do seu planejamento financeiro<\/p>\n<p>O post Cohab Ribeir\u00e3o Preto abre processo seletivo; Veja como participar apareceu primeiro em ACidade ON Ribeir\u00e3o Preto.<\/p>\n<p><script async src=\"\/\/www.instagram.com\/embed.js\"><\/script><br \/>\n<br \/><br \/>\n<br \/><a href=\"https:\/\/www.acidadeon.com\/ribeiraopreto\/economia\/cohab-ribeirao-preto-abre-processo-seletivo-veja-como-participar\/\">Source link <\/a><\/p>\n<!-- CONTENT END 1 -->\n","protected":false},"excerpt":{"rendered":"<p>A Cohab-RP (Companhia Habitacional Regional de Ribeir\u00e3o Preto)\u00a0abriu processo seletivo para vagas de est\u00e1gio de n\u00edvel t\u00e9cnico e superior. A contrata\u00e7\u00e3o acontece por meio do&#8230;<\/p>\n","protected":false},"author":1,"featured_media":83136,"comment_status":"open","ping_status":"open","sticky":false,"template":"","format":"standard","meta":{"advanced_seo_description":"","jetpack_seo_html_title":"","jetpack_seo_noindex":false,"jetpack_post_was_ever_published":false,"_jetpack_newsletter_access":"","_jetpack_dont_email_post_to_subs":false,"_jetpack_newsletter_tier_id":0,"_jetpack_memberships_contains_paywalled_content":false,"_jetpack_memberships_contains_paid_content":false,"footnotes":"","jetpack_publicize_message":"","jetpack_publicize_feature_enabled":true,"jetpack_social_post_already_shared":true,"jetpack_social_options":{"image_generator_settings":{"template":"highway","default_image_id":0,"font":"","enabled":false},"version":2}},"categories":[11],"tags":[],"class_list":["post-83135","post","type-post","status-publish","format-standard","has-post-thumbnail","hentry","category-noticias-de-ribeirao-preto-sp-e-regiao-ismael-colosi"],"jetpack_publicize_connections":[],"jetpack_featured_media_url":"https:\/\/i0.wp.com\/noticiasribeiraopreto.com.br\/wp-content\/uploads\/2026\/03\/WhatsApp-Image-2024-01-27-at-09.31.03.jpeg?fit=1280%2C960&ssl=1","jetpack-related-posts":[{"id":55693,"url":"https:\/\/noticiasribeiraopreto.com.br\/index.php\/2024\/08\/05\/sassom-de-ribeirao-preto-abre-processo-seletivo-veja-como-participar\/","url_meta":{"origin":83135,"position":0},"title":"Sassom de Ribeir\u00e3o Preto abre processo seletivo; veja como participar","author":"noticiasribeiraopreto.com.br","date":"5 de August de 2024","format":false,"excerpt":"O Sassom (Servi\u00e7o de Assist\u00eancia \u00e0 Sa\u00fade dos Municipi\u00e1rios) de Ribeir\u00e3o Preto abriu processo seletivo para estagi\u00e1rios. As vagas s\u00e3o para estudantes de n\u00edvel m\u00e9dio, t\u00e9cnico e superior e a bolsa-aux\u00edlio varia entre R$ 800 e R$ 1 mil. Al\u00e9m da bolsa-aux\u00edlio, ser\u00e1 pago o aux\u00edlio transporte de R$ 193,60\u2026","rel":"","context":"In &quot;Not\u00edcias de Ribeir\u00e3o Preto-SP e Regi\u00e3o&quot;","block_context":{"text":"Not\u00edcias de Ribeir\u00e3o Preto-SP e Regi\u00e3o","link":"https:\/\/noticiasribeiraopreto.com.br\/index.php\/category\/noticias-de-ribeirao-preto-sp-e-regiao-ismael-colosi\/"},"img":{"alt_text":"","src":"https:\/\/i0.wp.com\/noticiasribeiraopreto.com.br\/wp-content\/uploads\/2024\/08\/Capturar-1.jpg?fit=950%2C628&ssl=1&resize=350%2C200","width":350,"height":200,"srcset":"https:\/\/i0.wp.com\/noticiasribeiraopreto.com.br\/wp-content\/uploads\/2024\/08\/Capturar-1.jpg?fit=950%2C628&ssl=1&resize=350%2C200 1x, https:\/\/i0.wp.com\/noticiasribeiraopreto.com.br\/wp-content\/uploads\/2024\/08\/Capturar-1.jpg?fit=950%2C628&ssl=1&resize=525%2C300 1.5x, https:\/\/i0.wp.com\/noticiasribeiraopreto.com.br\/wp-content\/uploads\/2024\/08\/Capturar-1.jpg?fit=950%2C628&ssl=1&resize=700%2C400 2x"},"classes":[]},{"id":38520,"url":"https:\/\/noticiasribeiraopreto.com.br\/index.php\/2024\/02\/20\/sassom-de-ribeirao-preto-tem-processo-seletivo-para-diversas-areas-confira\/","url_meta":{"origin":83135,"position":1},"title":"Sassom de Ribeir\u00e3o Preto tem processo seletivo para diversas \u00e1reas; Confira","author":"noticiasribeiraopreto.com.br","date":"20 de February de 2024","format":false,"excerpt":"O Sassom (Servi\u00e7o de Assist\u00eancia \u00e0 Sa\u00fade dos Municipi\u00e1rios de Ribeir\u00e3o Preto) abriu processo seletivo para contrata\u00e7\u00e3o de estagi\u00e1rios em diversas \u00e1reas. As oportunidades s\u00e3o para estudantes de n\u00edvel m\u00e9dio, t\u00e9cnico e superior. As inscri\u00e7\u00f5es devem ser realizadas no portal do Ciee (clique aqui) no per\u00edodo entre 26 de fevereiro\u2026","rel":"","context":"In &quot;Not\u00edcias de Ribeir\u00e3o Preto-SP e Regi\u00e3o&quot;","block_context":{"text":"Not\u00edcias de Ribeir\u00e3o Preto-SP e Regi\u00e3o","link":"https:\/\/noticiasribeiraopreto.com.br\/index.php\/category\/noticias-de-ribeirao-preto-sp-e-regiao-ismael-colosi\/"},"img":{"alt_text":"","src":"https:\/\/i0.wp.com\/noticiasribeiraopreto.com.br\/wp-content\/uploads\/2024\/02\/1708446430_entrevista-de-emprego.jpg?fit=1200%2C800&ssl=1&resize=350%2C200","width":350,"height":200,"srcset":"https:\/\/i0.wp.com\/noticiasribeiraopreto.com.br\/wp-content\/uploads\/2024\/02\/1708446430_entrevista-de-emprego.jpg?fit=1200%2C800&ssl=1&resize=350%2C200 1x, https:\/\/i0.wp.com\/noticiasribeiraopreto.com.br\/wp-content\/uploads\/2024\/02\/1708446430_entrevista-de-emprego.jpg?fit=1200%2C800&ssl=1&resize=525%2C300 1.5x, https:\/\/i0.wp.com\/noticiasribeiraopreto.com.br\/wp-content\/uploads\/2024\/02\/1708446430_entrevista-de-emprego.jpg?fit=1200%2C800&ssl=1&resize=700%2C400 2x, https:\/\/i0.wp.com\/noticiasribeiraopreto.com.br\/wp-content\/uploads\/2024\/02\/1708446430_entrevista-de-emprego.jpg?fit=1200%2C800&ssl=1&resize=1050%2C600 3x"},"classes":[]},{"id":16222,"url":"https:\/\/noticiasribeiraopreto.com.br\/index.php\/2023\/12\/15\/ultimas-horas-para-participar-do-processo-seletivo-mitsubishi-veja-com-se-inscrever-2\/","url_meta":{"origin":83135,"position":2},"title":"\u00daltimas horas para participar do processo seletivo Mitsubishi; veja com se inscrever","author":"noticiasribeiraopreto.com.br","date":"15 de December de 2023","format":false,"excerpt":"\u00daltima oportunidade para participar do processo seletivo da Mitsubishi Electric, multinacional japonesa. Destinado a estudantes do ensino m\u00e9dio e superior no estado de S\u00e3o Paulo, as inscri\u00e7\u00f5es podem ser feitas at\u00e9 o esta sexta-feira, dia 15 de dezembro. A companhia est\u00e1 em busca de estudantes tanto do ensino m\u00e9dio quanto\u2026","rel":"","context":"In &quot;Vagas de Emprego em Ribeir\u00e3o Preto-SP&quot;","block_context":{"text":"Vagas de Emprego em Ribeir\u00e3o Preto-SP","link":"https:\/\/noticiasribeiraopreto.com.br\/index.php\/category\/empregos-classificados-vagas-trabalho\/vagas-de-empregos-em-ribeirao-preto-regiao-brasil\/"},"img":{"alt_text":"","src":"https:\/\/i0.wp.com\/noticiasribeiraopreto.com.br\/wp-content\/uploads\/2023\/12\/mitsubishi-divulgacao.jpg?fit=1200%2C675&ssl=1&resize=350%2C200","width":350,"height":200,"srcset":"https:\/\/i0.wp.com\/noticiasribeiraopreto.com.br\/wp-content\/uploads\/2023\/12\/mitsubishi-divulgacao.jpg?fit=1200%2C675&ssl=1&resize=350%2C200 1x, https:\/\/i0.wp.com\/noticiasribeiraopreto.com.br\/wp-content\/uploads\/2023\/12\/mitsubishi-divulgacao.jpg?fit=1200%2C675&ssl=1&resize=525%2C300 1.5x, https:\/\/i0.wp.com\/noticiasribeiraopreto.com.br\/wp-content\/uploads\/2023\/12\/mitsubishi-divulgacao.jpg?fit=1200%2C675&ssl=1&resize=700%2C400 2x, https:\/\/i0.wp.com\/noticiasribeiraopreto.com.br\/wp-content\/uploads\/2023\/12\/mitsubishi-divulgacao.jpg?fit=1200%2C675&ssl=1&resize=1050%2C600 3x"},"classes":[]},{"id":39374,"url":"https:\/\/noticiasribeiraopreto.com.br\/index.php\/2024\/02\/25\/fundet-lanca-processo-seletivo-para-estagiarios\/","url_meta":{"origin":83135,"position":3},"title":"Fundet lan\u00e7a processo seletivo para estagi\u00e1rios","author":"noticiasribeiraopreto.com.br","date":"25 de February de 2024","format":false,"excerpt":"Estudantes do ensino superior que queiram atuar na administra\u00e7\u00e3o p\u00fablica t\u00eam, a partir desta segunda-feira, 26 de fevereiro, a oportunidade de participar do processo seletivo da Funda\u00e7\u00e3o de Educa\u00e7\u00e3o para o Trabalho (Fundet), ligada \u00e0 prefeitura de Ribeir\u00e3o Preto. Podem participar jovens que estejam regularmente matriculados em institui\u00e7\u00f5es p\u00fablicas ou\u2026","rel":"","context":"In &quot;Not\u00edcias de Ribeir\u00e3o Preto-SP e Regi\u00e3o&quot;","block_context":{"text":"Not\u00edcias de Ribeir\u00e3o Preto-SP e Regi\u00e3o","link":"https:\/\/noticiasribeiraopreto.com.br\/index.php\/category\/noticias-de-ribeirao-preto-sp-e-regiao-ismael-colosi\/"},"img":{"alt_text":"","src":"https:\/\/i0.wp.com\/noticiasribeiraopreto.com.br\/wp-content\/uploads\/2024\/02\/Estagio-Alexandre-de-Azevedo-scaled.jpg?fit=968%2C645&ssl=1&resize=350%2C200","width":350,"height":200,"srcset":"https:\/\/i0.wp.com\/noticiasribeiraopreto.com.br\/wp-content\/uploads\/2024\/02\/Estagio-Alexandre-de-Azevedo-scaled.jpg?fit=968%2C645&ssl=1&resize=350%2C200 1x, https:\/\/i0.wp.com\/noticiasribeiraopreto.com.br\/wp-content\/uploads\/2024\/02\/Estagio-Alexandre-de-Azevedo-scaled.jpg?fit=968%2C645&ssl=1&resize=525%2C300 1.5x, https:\/\/i0.wp.com\/noticiasribeiraopreto.com.br\/wp-content\/uploads\/2024\/02\/Estagio-Alexandre-de-Azevedo-scaled.jpg?fit=968%2C645&ssl=1&resize=700%2C400 2x"},"classes":[]},{"id":61090,"url":"https:\/\/noticiasribeiraopreto.com.br\/index.php\/2024\/12\/03\/caixa-abre-processo-seletivo-para-estagio-em-ribeirao-preto\/","url_meta":{"origin":83135,"position":4},"title":"Caixa abre processo seletivo para est\u00e1gio em Ribeir\u00e3o Preto","author":"noticiasribeiraopreto.com.br","date":"3 de December de 2024","format":false,"excerpt":"A Caixa abriu um processo seletivo para estagi\u00e1rios com vagas em v\u00e1rias regi\u00f5es do pa\u00eds, inclusive em Ribeir\u00e3o Preto. As inscri\u00e7\u00f5es s\u00e3o gratuitas e devem ser realizadas on-line, at\u00e9 o dia 13 de dezembro. As vagas s\u00e3o destinadas aos estudantes dos cursos de arquitetura, engenharia, direito, tecnologia da informa\u00e7\u00e3o (TI),\u2026","rel":"","context":"In &quot;Not\u00edcias de Ribeir\u00e3o Preto-SP e Regi\u00e3o&quot;","block_context":{"text":"Not\u00edcias de Ribeir\u00e3o Preto-SP e Regi\u00e3o","link":"https:\/\/noticiasribeiraopreto.com.br\/index.php\/category\/noticias-de-ribeirao-preto-sp-e-regiao-ismael-colosi\/"},"img":{"alt_text":"","src":"https:\/\/i0.wp.com\/noticiasribeiraopreto.com.br\/wp-content\/uploads\/2024\/12\/Capturar-1.jpg?fit=950%2C628&ssl=1&resize=350%2C200","width":350,"height":200,"srcset":"https:\/\/i0.wp.com\/noticiasribeiraopreto.com.br\/wp-content\/uploads\/2024\/12\/Capturar-1.jpg?fit=950%2C628&ssl=1&resize=350%2C200 1x, https:\/\/i0.wp.com\/noticiasribeiraopreto.com.br\/wp-content\/uploads\/2024\/12\/Capturar-1.jpg?fit=950%2C628&ssl=1&resize=525%2C300 1.5x, https:\/\/i0.wp.com\/noticiasribeiraopreto.com.br\/wp-content\/uploads\/2024\/12\/Capturar-1.jpg?fit=950%2C628&ssl=1&resize=700%2C400 2x"},"classes":[]},{"id":61099,"url":"https:\/\/noticiasribeiraopreto.com.br\/index.php\/2024\/12\/03\/caixa-abre-processo-seletivo-para-estagio-em-ribeirao-preto-2\/","url_meta":{"origin":83135,"position":5},"title":"Caixa abre processo seletivo para est\u00e1gio em Ribeir\u00e3o Preto","author":"noticiasribeiraopreto.com.br","date":"3 de December de 2024","format":false,"excerpt":"A Caixa abriu um processo seletivo para estagi\u00e1rios com vagas em v\u00e1rias regi\u00f5es do pa\u00eds, inclusive em Ribeir\u00e3o Preto. As inscri\u00e7\u00f5es s\u00e3o gratuitas e devem ser realizadas on-line, at\u00e9 o dia 13 de dezembro. As vagas s\u00e3o destinadas aos estudantes dos cursos de arquitetura, engenharia, direito, tecnologia da informa\u00e7\u00e3o (TI),\u2026","rel":"","context":"In &quot;Not\u00edcias de Ribeir\u00e3o Preto-SP e Regi\u00e3o&quot;","block_context":{"text":"Not\u00edcias de Ribeir\u00e3o Preto-SP e Regi\u00e3o","link":"https:\/\/noticiasribeiraopreto.com.br\/index.php\/category\/noticias-de-ribeirao-preto-sp-e-regiao-ismael-colosi\/"},"img":{"alt_text":"","src":"https:\/\/i0.wp.com\/noticiasribeiraopreto.com.br\/wp-content\/uploads\/2024\/12\/1733250500_Capturar-1.jpg?fit=950%2C628&ssl=1&resize=350%2C200","width":350,"height":200,"srcset":"https:\/\/i0.wp.com\/noticiasribeiraopreto.com.br\/wp-content\/uploads\/2024\/12\/1733250500_Capturar-1.jpg?fit=950%2C628&ssl=1&resize=350%2C200 1x, https:\/\/i0.wp.com\/noticiasribeiraopreto.com.br\/wp-content\/uploads\/2024\/12\/1733250500_Capturar-1.jpg?fit=950%2C628&ssl=1&resize=525%2C300 1.5x, https:\/\/i0.wp.com\/noticiasribeiraopreto.com.br\/wp-content\/uploads\/2024\/12\/1733250500_Capturar-1.jpg?fit=950%2C628&ssl=1&resize=700%2C400 2x"},"classes":[]}],"jetpack_sharing_enabled":true,"jetpack_shortlink":"https:\/\/wp.me\/peQAOb-lCT","_links":{"self":[{"href":"https:\/\/noticiasribeiraopreto.com.br\/index.php\/wp-json\/wp\/v2\/posts\/83135","targetHints":{"allow":["GET"]}}],"collection":[{"href":"https:\/\/noticiasribeiraopreto.com.br\/index.php\/wp-json\/wp\/v2\/posts"}],"about":[{"href":"https:\/\/noticiasribeiraopreto.com.br\/index.php\/wp-json\/wp\/v2\/types\/post"}],"author":[{"embeddable":true,"href":"https:\/\/noticiasribeiraopreto.com.br\/index.php\/wp-json\/wp\/v2\/users\/1"}],"replies":[{"embeddable":true,"href":"https:\/\/noticiasribeiraopreto.com.br\/index.php\/wp-json\/wp\/v2\/comments?post=83135"}],"version-history":[{"count":0,"href":"https:\/\/noticiasribeiraopreto.com.br\/index.php\/wp-json\/wp\/v2\/posts\/83135\/revisions"}],"wp:featuredmedia":[{"embeddable":true,"href":"https:\/\/noticiasribeiraopreto.com.br\/index.php\/wp-json\/wp\/v2\/media\/83136"}],"wp:attachment":[{"href":"https:\/\/noticiasribeiraopreto.com.br\/index.php\/wp-json\/wp\/v2\/media?parent=83135"}],"wp:term":[{"taxonomy":"category","embeddable":true,"href":"https:\/\/noticiasribeiraopreto.com.br\/index.php\/wp-json\/wp\/v2\/categories?post=83135"},{"taxonomy":"post_tag","embeddable":true,"href":"https:\/\/noticiasribeiraopreto.com.br\/index.php\/wp-json\/wp\/v2\/tags?post=83135"}],"curies":[{"name":"wp","href":"https:\/\/api.w.org\/{rel}","templated":true}]}}