{"id":83137,"date":"2026-03-10T11:15:12","date_gmt":"2026-03-10T14:15:12","guid":{"rendered":"https:\/\/noticiasribeiraopreto.com.br\/index.php\/2026\/03\/10\/mdb-cancela-filiacao-de-dado-dolabella-cinco-dias-apos-anuncio-de-pre-candidatura\/"},"modified":"2026-03-10T11:15:12","modified_gmt":"2026-03-10T14:15:12","slug":"mdb-cancela-filiacao-de-dado-dolabella-cinco-dias-apos-anuncio-de-pre-candidatura","status":"publish","type":"post","link":"https:\/\/noticiasribeiraopreto.com.br\/index.php\/2026\/03\/10\/mdb-cancela-filiacao-de-dado-dolabella-cinco-dias-apos-anuncio-de-pre-candidatura\/","title":{"rendered":"MDB cancela filia\u00e7\u00e3o de Dado Dolabella cinco dias ap\u00f3s an\u00fancio de pr\u00e9-candidatura"},"content":{"rendered":"<div class='code-block code-block-1' style='margin: 8px 0 8px auto; text-align: right; display: block; clear: both;'>\n<p><a href=\"https:\/\/wa.link\/vpicfd\"><img data-recalc-dims=\"1\" class=\"wp-image-4922\" style=\"aspect-ratio: 2.0253164556962027; width: 561px; height: auto;\" src=\"https:\/\/i0.wp.com\/ismaelcolosi.com.br\/wp-content\/uploads\/2023\/11\/grupo-de-empregos-whatsapp-e-facebook-ismael-colosi-vagas.jpg?ssl=1\" alt=\"\" \/><\/a><\/p>\n<!-- \/wp:image -->\n<\/div>\n<p> <br \/>\n<\/p>\n<div>\n<p>O <strong>Movimento Democr\u00e1tico Brasileiro (MDB)<\/strong> cancelou nesta segunda-feira (9) a filia\u00e7\u00e3o do ator e cantor <strong>Dado Dolabella<\/strong> ao diret\u00f3rio do partido no Rio de Janeiro.<\/p>\n<p>A decis\u00e3o foi divulgada cinco dias ap\u00f3s o <mark style=\"background-color:#fcb900\" class=\"has-inline-color\">artista anunciar que pretendia disputar uma vaga como pr\u00e9-candidato a deputado federal<\/mark>.<\/p>\n<p>O comunicado foi publicado nas redes sociais em nota assinada pelo presidente nacional da sigla,<strong> Baleia Rossi<\/strong>, e pelo presidente do MDB no estado, <strong>Washington Reis<\/strong> \u2013 veja abaixo.<\/p>\n<p>No documento, os dirigentes afirmam que o <strong>cancelamento da filia\u00e7\u00e3o de Dado <\/strong>representa uma vit\u00f3ria para integrantes do partido, <strong>especialmente para mulheres<\/strong>, que haviam se manifestado contra a entrada do ator na sigla.<\/p>\n<figure class=\"wp-block-pullquote\">\n<blockquote>\n<p>A medida est\u00e1 alinhada ao hist\u00f3rico do MDB de dar voz \u00e0s mulheres e de ampliar a participa\u00e7\u00e3o feminina no partido, o \u00fanico a prever em estatuto a presen\u00e7a delas em todos os diret\u00f3rios<\/p>\n<p><cite>diz trecho da nota<\/cite><\/p><\/blockquote>\n<\/figure>\n<blockquote class=\"instagram-media\" data-instgrm-permalink=\"https:\/\/www.instagram.com\/p\/DVrDLcrk8Fe\/?utm_source=ig_embed&amp;utm_campaign=loading\" data-instgrm-version=\"14\" style=\" background:#FFF; border:0; border-radius:3px; box-shadow:0 0 1px 0 rgba(0,0,0,0.5),0 1px 10px 0 rgba(0,0,0,0.15); margin: 1px; max-width:540px; min-width:326px; padding:0; width:99.375%; width:-webkit-calc(100% - 2px); width:calc(100% - 2px);\"\/>\n<h2 class=\"wp-block-heading\"><strong>Cr\u00edticas ao partido<\/strong><\/h2>\n<p>Ap\u00f3s o an\u00fancio da filia\u00e7\u00e3o na semana passada, a<strong> presidente do MDB Mulher, K\u00e1tia L\u00f4bo<\/strong>, criticou a entrada do ator no partido. Nas redes sociais, ela afirmou ter recebido a not\u00edcia com \u201cestarrecimento, surpresa e rep\u00fadio\u201d, e classificou o momento como delicado e grave.<\/p>\n<figure class=\"wp-block-pullquote\">\n<blockquote>\n<p>Dep\u00f5e contra tudo que milito e militei por tantos anos ao longo da minha vida, sendo uma mulher preta, m\u00e3e, av\u00f3: a n\u00e3o viol\u00eancia contra a mulher seja ela qual for [\u2026] Em pleno m\u00eas de mar\u00e7o, conhecido por ser o \u201cm\u00eas da mulher\u201d, receber esse tipo de not\u00edcia \u00e9 algo que revolta e contraria tudo o que o MDB Mulher quer passar \u00e0s mulheres. Nenhuma mulher merece ser representada por quem trata a viol\u00eancia como espet\u00e1culo<\/p>\n<p><cite>diz trecho da nota<\/cite><\/p><\/blockquote>\n<\/figure>\n<p>Em 2008 o cantor foi denunciado pela atriz <strong>Luana Piovani<\/strong> por agress\u00e3o. Em 2025, foi acusado de agress\u00e3o pela ex-namorada, <strong>Marcela Tomaszewski<\/strong> \u2013 ele nega a acusa\u00e7\u00e3o.<\/p>\n<p>Tamb\u00e9m no ano passado, <strong>Dado <\/strong>foi acusado de agredir o cantor <strong>Luan Pereira<\/strong>, durante uma confraterniza\u00e7\u00e3o da Dan\u00e7as dos Famosos.<\/p>\n<blockquote class=\"instagram-media\" data-instgrm-permalink=\"https:\/\/www.instagram.com\/p\/DVhA8aek8Eb\/?utm_source=ig_embed&amp;utm_campaign=loading\" data-instgrm-version=\"14\" style=\" background:#FFF; border:0; border-radius:3px; box-shadow:0 0 1px 0 rgba(0,0,0,0.5),0 1px 10px 0 rgba(0,0,0,0.15); margin: 1px; max-width:540px; min-width:326px; padding:0; width:99.375%; width:-webkit-calc(100% - 2px); width:calc(100% - 2px);\"\/>\n<hr class=\"wp-block-separator has-alpha-channel-opacity\"\/>\n<p>SAIBA MAIS<\/p>\n<p>Ribeir\u00e3o Preto recebe espet\u00e1culo de dan\u00e7a gratuito inspirado nos ciclos da vida<\/p>\n<h3 class=\"wp-block-heading\"><strong>FIQUE ON<\/strong><\/h3>\n<p>Fique ligado em tudo que acontece em Ribeir\u00e3o Preto e regi\u00e3o. Siga os perfis do<strong>\u00a0acidade on<\/strong>\u00a0no\u00a0<a href=\"https:\/\/www.instagram.com\/acidadeonribeirao\" target=\"_blank\" rel=\"noreferrer noopener\">Instagram\u00a0<\/a>e no\u00a0<a href=\"https:\/\/www.facebook.com\/acidadeonribeirao\/\" target=\"_blank\" rel=\"noreferrer noopener\">Facebook<\/a>.<\/p>\n<p>Receba not\u00edcias do\u00a0<strong>acidade on<\/strong>\u00a0no WhatsApp. Para entrar no grupo,\u00a0basta<a href=\"https:\/\/chat.whatsapp.com\/GFH9HUMUTHNFJdnyEd0xxq\" target=\"_blank\" rel=\"noreferrer noopener\">\u00a0clicar aqui<\/a>. Ou, acesse o nosso\u00a0Canal\u00a0<a href=\"https:\/\/whatsapp.com\/channel\/0029Vb6IQl1JENyAeS57fk2p\" target=\"_blank\" rel=\"noreferrer noopener\">clicando aqui<\/a>.<\/p>\n<p>Fa\u00e7a uma den\u00fancia ou sugira uma reportagem sobre Ribeir\u00e3o Preto e regi\u00e3o pelo WhatsApp: 16 99117 7802.<\/p>\n<p>VEJA TAMB\u00c9M<\/p>\n<p>Imposto de renda 2026: como usar a declara\u00e7\u00e3o a favor do seu planejamento financeiro<a href=\"https:\/\/www.acidadeon.com\/ribeiraopreto\/cotidiano\/bairros-de-ribeirao-preto-podem-ficar-sem-agua-nesta-segunda-feira-9-veja-quais\/\" target=\"_blank\" rel=\"noreferrer noopener\"\/><a href=\"https:\/\/www.acidadeon.com\/ribeiraopreto\/lazer-e-cultura\/ribeirao-preto-recebe-espetaculo-de-danca-gratuito-inspirado-nos-ciclos-da-vida\/\" data-type=\"link\" data-id=\"https:\/\/www.acidadeon.com\/ribeiraopreto\/lazer-e-cultura\/ribeirao-preto-recebe-espetaculo-de-danca-gratuito-inspirado-nos-ciclos-da-vida\/\" target=\"_blank\" rel=\"noreferrer noopener\"><\/p>\n<p><!-- AI CONTENT END 1 -->\n<\/div>\n<p><script async src=\"\/\/www.instagram.com\/embed.js\"><\/script><br \/>\n<br \/><br \/>\n<br \/><a href=\"https:\/\/www.acidadeon.com\/ribeiraopreto\/politica\/mdb-cancela-filiacao-de-dado-dolabella-cinco-dias-apos-anuncio-de-pre-candidatura\/\">Source link <\/a><\/p>\n<!-- CONTENT END 1 -->\n","protected":false},"excerpt":{"rendered":"<p>O Movimento Democr\u00e1tico Brasileiro (MDB) cancelou nesta segunda-feira (9) a filia\u00e7\u00e3o do ator e cantor Dado Dolabella ao diret\u00f3rio do partido no Rio de Janeiro&#8230;.<\/p>\n","protected":false},"author":1,"featured_media":83138,"comment_status":"open","ping_status":"open","sticky":false,"template":"","format":"standard","meta":{"advanced_seo_description":"","jetpack_seo_html_title":"","jetpack_seo_noindex":false,"jetpack_post_was_ever_published":false,"_jetpack_newsletter_access":"","_jetpack_dont_email_post_to_subs":false,"_jetpack_newsletter_tier_id":0,"_jetpack_memberships_contains_paywalled_content":false,"_jetpack_memberships_contains_paid_content":false,"footnotes":"","jetpack_publicize_message":"","jetpack_publicize_feature_enabled":true,"jetpack_social_post_already_shared":true,"jetpack_social_options":{"image_generator_settings":{"template":"highway","default_image_id":0,"font":"","enabled":false},"version":2}},"categories":[11],"tags":[],"class_list":["post-83137","post","type-post","status-publish","format-standard","has-post-thumbnail","hentry","category-noticias-de-ribeirao-preto-sp-e-regiao-ismael-colosi"],"jetpack_publicize_connections":[],"jetpack_featured_media_url":"https:\/\/i0.wp.com\/noticiasribeiraopreto.com.br\/wp-content\/uploads\/2026\/03\/palace-35_2026-03-09_19-51-58.webp.webp?fit=1200%2C675&ssl=1","jetpack-related-posts":[{"id":83912,"url":"https:\/\/noticiasribeiraopreto.com.br\/index.php\/2026\/03\/28\/felicio-ramuth-oficializa-filiacao-ao-mdb-apos-convites-de-liderancas\/","url_meta":{"origin":83137,"position":0},"title":"Fel\u00edcio Ramuth oficializa filia\u00e7\u00e3o ao MDB ap\u00f3s convites de lideran\u00e7as","author":"noticiasribeiraopreto.com.br","date":"28 de March de 2026","format":false,"excerpt":"O vice-governador de S\u00e3o Paulo, Fel\u00edcio Ramuth, oficializou sua filia\u00e7\u00e3o ao MDB (Movimento Democr\u00e1tico Brasileiro). Segundo fontes do acidade on, o encontro entre o vice-governador e o presidente nacional da sigla, o deputado federal Baleia Rossi, teria ocorrido em Ribeir\u00e3o Preto. A ades\u00e3o de Ramuth ao MDB ocorreu ap\u00f3s convites\u2026","rel":"","context":"In &quot;Not\u00edcias de Ribeir\u00e3o Preto-SP e Regi\u00e3o&quot;","block_context":{"text":"Not\u00edcias de Ribeir\u00e3o Preto-SP e Regi\u00e3o","link":"https:\/\/noticiasribeiraopreto.com.br\/index.php\/category\/noticias-de-ribeirao-preto-sp-e-regiao-ismael-colosi\/"},"img":{"alt_text":"","src":"https:\/\/i0.wp.com\/noticiasribeiraopreto.com.br\/wp-content\/uploads\/2026\/03\/palace-8_2026-03-28_14-18-10.webp.webp?fit=1200%2C675&ssl=1&resize=350%2C200","width":350,"height":200,"srcset":"https:\/\/i0.wp.com\/noticiasribeiraopreto.com.br\/wp-content\/uploads\/2026\/03\/palace-8_2026-03-28_14-18-10.webp.webp?fit=1200%2C675&ssl=1&resize=350%2C200 1x, https:\/\/i0.wp.com\/noticiasribeiraopreto.com.br\/wp-content\/uploads\/2026\/03\/palace-8_2026-03-28_14-18-10.webp.webp?fit=1200%2C675&ssl=1&resize=525%2C300 1.5x, https:\/\/i0.wp.com\/noticiasribeiraopreto.com.br\/wp-content\/uploads\/2026\/03\/palace-8_2026-03-28_14-18-10.webp.webp?fit=1200%2C675&ssl=1&resize=700%2C400 2x, https:\/\/i0.wp.com\/noticiasribeiraopreto.com.br\/wp-content\/uploads\/2026\/03\/palace-8_2026-03-28_14-18-10.webp.webp?fit=1200%2C675&ssl=1&resize=1050%2C600 3x"},"classes":[]},{"id":44285,"url":"https:\/\/noticiasribeiraopreto.com.br\/index.php\/2024\/03\/26\/prefeito-e-cinco-vereadores-de-cravinhos-filiam-se-ao-mdb\/","url_meta":{"origin":83137,"position":1},"title":"Prefeito e cinco vereadores de Cravinhos filiam-se ao MDB","author":"noticiasribeiraopreto.com.br","date":"26 de March de 2024","format":false,"excerpt":"26 de mar\u00e7o de 2024 | 17:42 0 O MDB oficializou a filia\u00e7\u00e3o de nove importantes lideran\u00e7as de Cravinhos, incluindo o prefeito Itamar Bueno e o ex-prefeito Boi, na manh\u00e3 desta segunda-feira, 26, na C\u00e2mara Municipal. A cerim\u00f4nia contou com a presen\u00e7a do presidente nacional do partido, deputado federal Baleia\u2026","rel":"","context":"In &quot;Not\u00edcias de Ribeir\u00e3o Preto-SP e Regi\u00e3o&quot;","block_context":{"text":"Not\u00edcias de Ribeir\u00e3o Preto-SP e Regi\u00e3o","link":"https:\/\/noticiasribeiraopreto.com.br\/index.php\/category\/noticias-de-ribeirao-preto-sp-e-regiao-ismael-colosi\/"},"img":{"alt_text":"","src":"https:\/\/i0.wp.com\/noticiasribeiraopreto.com.br\/wp-content\/uploads\/2024\/03\/photo_2024-03-25_12-34-51-scaled.jpg?fit=1000%2C563&ssl=1&resize=350%2C200","width":350,"height":200,"srcset":"https:\/\/i0.wp.com\/noticiasribeiraopreto.com.br\/wp-content\/uploads\/2024\/03\/photo_2024-03-25_12-34-51-scaled.jpg?fit=1000%2C563&ssl=1&resize=350%2C200 1x, https:\/\/i0.wp.com\/noticiasribeiraopreto.com.br\/wp-content\/uploads\/2024\/03\/photo_2024-03-25_12-34-51-scaled.jpg?fit=1000%2C563&ssl=1&resize=525%2C300 1.5x, https:\/\/i0.wp.com\/noticiasribeiraopreto.com.br\/wp-content\/uploads\/2024\/03\/photo_2024-03-25_12-34-51-scaled.jpg?fit=1000%2C563&ssl=1&resize=700%2C400 2x"},"classes":[]},{"id":43917,"url":"https:\/\/noticiasribeiraopreto.com.br\/index.php\/2024\/03\/24\/mdb-lanca-coletivo-so-com-mulheres\/","url_meta":{"origin":83137,"position":2},"title":"MDB lan\u00e7a coletivo s\u00f3 com mulheres","author":"noticiasribeiraopreto.com.br","date":"24 de March de 2024","format":false,"excerpt":"24 de mar\u00e7o de 2024 | 10:0023 de mar\u00e7o de 2024 | 12:14 0 O Movimento Democr\u00e1tico Brasileiro (MDB) de Ribeir\u00e3o Preto realizou nesta semana a filia\u00e7\u00e3o ao partido de cinco mulheres e lan\u00e7ou a pr\u00e9-candidatura do \u201cColetivo Denisia \u2013 Mulheres em Movimento\u201d a uma vaga na C\u00e2mara de Vereadores,\u2026","rel":"","context":"In &quot;Not\u00edcias de Ribeir\u00e3o Preto-SP e Regi\u00e3o&quot;","block_context":{"text":"Not\u00edcias de Ribeir\u00e3o Preto-SP e Regi\u00e3o","link":"https:\/\/noticiasribeiraopreto.com.br\/index.php\/category\/noticias-de-ribeirao-preto-sp-e-regiao-ismael-colosi\/"},"img":{"alt_text":"","src":"https:\/\/i0.wp.com\/noticiasribeiraopreto.com.br\/wp-content\/uploads\/2024\/03\/MulherMDB-Divulgacao-scaled.jpg?fit=1200%2C675&ssl=1&resize=350%2C200","width":350,"height":200,"srcset":"https:\/\/i0.wp.com\/noticiasribeiraopreto.com.br\/wp-content\/uploads\/2024\/03\/MulherMDB-Divulgacao-scaled.jpg?fit=1200%2C675&ssl=1&resize=350%2C200 1x, https:\/\/i0.wp.com\/noticiasribeiraopreto.com.br\/wp-content\/uploads\/2024\/03\/MulherMDB-Divulgacao-scaled.jpg?fit=1200%2C675&ssl=1&resize=525%2C300 1.5x, https:\/\/i0.wp.com\/noticiasribeiraopreto.com.br\/wp-content\/uploads\/2024\/03\/MulherMDB-Divulgacao-scaled.jpg?fit=1200%2C675&ssl=1&resize=700%2C400 2x, https:\/\/i0.wp.com\/noticiasribeiraopreto.com.br\/wp-content\/uploads\/2024\/03\/MulherMDB-Divulgacao-scaled.jpg?fit=1200%2C675&ssl=1&resize=1050%2C600 3x"},"classes":[]},{"id":27115,"url":"https:\/\/noticiasribeiraopreto.com.br\/index.php\/2024\/01\/11\/lula-e-bolsonaro-no-mesmo-partido-policia-federal-investiga-adulteracao-de-dados-do-cadastro-do-presidente-na-justica-eleitoral\/","url_meta":{"origin":83137,"position":3},"title":"Lula e Bolsonaro no mesmo partido? Pol\u00edcia Federal investiga adultera\u00e7\u00e3o de dados do cadastro do presidente na justi\u00e7a eleitoral\u00a0","author":"noticiasribeiraopreto.com.br","date":"11 de January de 2024","format":false,"excerpt":"Rivais e\u2026 integrantes do mesmo partido? \u00c9 o que aconteceu com o presidente Luiz In\u00e1cio Lula da Silva e seu antecessor, Jair Bolsonaro. O Tribunal Superior Eleitoral (TSE) identificou \u201cclaros ind\u00edcios de falsidade ideol\u00f3gica\u201d em uma filia\u00e7\u00e3o feita em nome do petista ao PL, partido de Bolsonaro. Lula estava formalmente\u2026","rel":"","context":"In &quot;Dinheiro e Investimento&quot;","block_context":{"text":"Dinheiro e Investimento","link":"https:\/\/noticiasribeiraopreto.com.br\/index.php\/category\/dinheiro-e-investimento-como-fazer-como-ganhar\/"},"img":{"alt_text":"","src":"https:\/\/i0.wp.com\/noticiasribeiraopreto.com.br\/wp-content\/uploads\/2024\/01\/Lula-X-Bolsonaro-v3-creditos-Ricardo-Stuckert-Flickr-Lula-Oficial-Alan-Santos-PR-montagem-Brenda-Silva-628x353.jpg?fit=628%2C353&ssl=1&resize=350%2C200","width":350,"height":200,"srcset":"https:\/\/i0.wp.com\/noticiasribeiraopreto.com.br\/wp-content\/uploads\/2024\/01\/Lula-X-Bolsonaro-v3-creditos-Ricardo-Stuckert-Flickr-Lula-Oficial-Alan-Santos-PR-montagem-Brenda-Silva-628x353.jpg?fit=628%2C353&ssl=1&resize=350%2C200 1x, https:\/\/i0.wp.com\/noticiasribeiraopreto.com.br\/wp-content\/uploads\/2024\/01\/Lula-X-Bolsonaro-v3-creditos-Ricardo-Stuckert-Flickr-Lula-Oficial-Alan-Santos-PR-montagem-Brenda-Silva-628x353.jpg?fit=628%2C353&ssl=1&resize=525%2C300 1.5x"},"classes":[]},{"id":34811,"url":"https:\/\/noticiasribeiraopreto.com.br\/index.php\/2024\/02\/03\/chegada-de-marta-suplicy-ao-pt-divide-partido-e-membros-se-opoe-a-filiacao-da-politica-ao-partido\/","url_meta":{"origin":83137,"position":4},"title":"Chegada de Marta Suplicy ao PT divide partido e membros se op\u00f5e \u00e0 filia\u00e7\u00e3o da pol\u00edtica ao partido","author":"noticiasribeiraopreto.com.br","date":"3 de February de 2024","format":false,"excerpt":"Valter Pomar, dirigente nacional do Partido dos Trabalhadores (PT), publicou na manh\u00e3 deste s\u00e1bado (3), um manifesto em que pede a impugna\u00e7\u00e3o da filia\u00e7\u00e3o de Marta Suplicy ao partido, confirmada em cerim\u00f4nia na \u00faltima sexta-feira (2). Pomar \u00e9 l\u00edder da tend\u00eancia Articula\u00e7\u00e3o de Esquerda (AE), conhecida por posi\u00e7\u00f5es contr\u00e1rias \u00e0s\u2026","rel":"","context":"In &quot;Dinheiro e Investimento&quot;","block_context":{"text":"Dinheiro e Investimento","link":"https:\/\/noticiasribeiraopreto.com.br\/index.php\/category\/dinheiro-e-investimento-como-fazer-como-ganhar\/"},"img":{"alt_text":"","src":"https:\/\/i0.wp.com\/noticiasribeiraopreto.com.br\/wp-content\/uploads\/2024\/02\/Artes-SD-Mille-715x402.png?fit=715%2C402&ssl=1&resize=350%2C200","width":350,"height":200,"srcset":"https:\/\/i0.wp.com\/noticiasribeiraopreto.com.br\/wp-content\/uploads\/2024\/02\/Artes-SD-Mille-715x402.png?fit=715%2C402&ssl=1&resize=350%2C200 1x, https:\/\/i0.wp.com\/noticiasribeiraopreto.com.br\/wp-content\/uploads\/2024\/02\/Artes-SD-Mille-715x402.png?fit=715%2C402&ssl=1&resize=525%2C300 1.5x, https:\/\/i0.wp.com\/noticiasribeiraopreto.com.br\/wp-content\/uploads\/2024\/02\/Artes-SD-Mille-715x402.png?fit=715%2C402&ssl=1&resize=700%2C400 2x"},"classes":[]},{"id":82991,"url":"https:\/\/noticiasribeiraopreto.com.br\/index.php\/2026\/03\/05\/baleia-rossi-diz-que-mdb-deve-liberar-diretorios-para-definir-aliancas-nas-eleicoes-de-2026\/","url_meta":{"origin":83137,"position":5},"title":"Baleia Rossi diz que MDB deve liberar diret\u00f3rios para definir alian\u00e7as nas elei\u00e7\u00f5es de 2026","author":"noticiasribeiraopreto.com.br","date":"5 de March de 2026","format":false,"excerpt":"O presidente nacional do MDB, deputado federal Baleia Rossi, que mant\u00e9m base pol\u00edtica em Ribeir\u00e3o Preto, sinalizou que, embora o posicionamento oficial s\u00f3 deva ocorrer ap\u00f3s a conven\u00e7\u00e3o partid\u00e1ria, a sigla tende a liberar os diret\u00f3rios estaduais para escolher quais candidatos apoiar nas elei\u00e7\u00f5es de outubro. A declara\u00e7\u00e3o ocorreu nesta\u2026","rel":"","context":"In &quot;Not\u00edcias de Ribeir\u00e3o Preto-SP e Regi\u00e3o&quot;","block_context":{"text":"Not\u00edcias de Ribeir\u00e3o Preto-SP e Regi\u00e3o","link":"https:\/\/noticiasribeiraopreto.com.br\/index.php\/category\/noticias-de-ribeirao-preto-sp-e-regiao-ismael-colosi\/"},"img":{"alt_text":"","src":"https:\/\/i0.wp.com\/noticiasribeiraopreto.com.br\/wp-content\/uploads\/2025\/07\/baleia-rossi_2025-07-17_19-09-55.webp.webp?fit=1200%2C739&ssl=1&resize=350%2C200","width":350,"height":200,"srcset":"https:\/\/i0.wp.com\/noticiasribeiraopreto.com.br\/wp-content\/uploads\/2025\/07\/baleia-rossi_2025-07-17_19-09-55.webp.webp?fit=1200%2C739&ssl=1&resize=350%2C200 1x, https:\/\/i0.wp.com\/noticiasribeiraopreto.com.br\/wp-content\/uploads\/2025\/07\/baleia-rossi_2025-07-17_19-09-55.webp.webp?fit=1200%2C739&ssl=1&resize=525%2C300 1.5x, https:\/\/i0.wp.com\/noticiasribeiraopreto.com.br\/wp-content\/uploads\/2025\/07\/baleia-rossi_2025-07-17_19-09-55.webp.webp?fit=1200%2C739&ssl=1&resize=700%2C400 2x, https:\/\/i0.wp.com\/noticiasribeiraopreto.com.br\/wp-content\/uploads\/2025\/07\/baleia-rossi_2025-07-17_19-09-55.webp.webp?fit=1200%2C739&ssl=1&resize=1050%2C600 3x"},"classes":[]}],"jetpack_sharing_enabled":true,"jetpack_shortlink":"https:\/\/wp.me\/peQAOb-lCV","_links":{"self":[{"href":"https:\/\/noticiasribeiraopreto.com.br\/index.php\/wp-json\/wp\/v2\/posts\/83137","targetHints":{"allow":["GET"]}}],"collection":[{"href":"https:\/\/noticiasribeiraopreto.com.br\/index.php\/wp-json\/wp\/v2\/posts"}],"about":[{"href":"https:\/\/noticiasribeiraopreto.com.br\/index.php\/wp-json\/wp\/v2\/types\/post"}],"author":[{"embeddable":true,"href":"https:\/\/noticiasribeiraopreto.com.br\/index.php\/wp-json\/wp\/v2\/users\/1"}],"replies":[{"embeddable":true,"href":"https:\/\/noticiasribeiraopreto.com.br\/index.php\/wp-json\/wp\/v2\/comments?post=83137"}],"version-history":[{"count":0,"href":"https:\/\/noticiasribeiraopreto.com.br\/index.php\/wp-json\/wp\/v2\/posts\/83137\/revisions"}],"wp:featuredmedia":[{"embeddable":true,"href":"https:\/\/noticiasribeiraopreto.com.br\/index.php\/wp-json\/wp\/v2\/media\/83138"}],"wp:attachment":[{"href":"https:\/\/noticiasribeiraopreto.com.br\/index.php\/wp-json\/wp\/v2\/media?parent=83137"}],"wp:term":[{"taxonomy":"category","embeddable":true,"href":"https:\/\/noticiasribeiraopreto.com.br\/index.php\/wp-json\/wp\/v2\/categories?post=83137"},{"taxonomy":"post_tag","embeddable":true,"href":"https:\/\/noticiasribeiraopreto.com.br\/index.php\/wp-json\/wp\/v2\/tags?post=83137"}],"curies":[{"name":"wp","href":"https:\/\/api.w.org\/{rel}","templated":true}]}}