{"id":83139,"date":"2026-03-10T11:51:27","date_gmt":"2026-03-10T14:51:27","guid":{"rendered":"https:\/\/noticiasribeiraopreto.com.br\/index.php\/2026\/03\/10\/joao-rock-anuncia-primeiras-atracoes-de-2026\/"},"modified":"2026-03-10T11:51:27","modified_gmt":"2026-03-10T14:51:27","slug":"joao-rock-anuncia-primeiras-atracoes-de-2026","status":"publish","type":"post","link":"https:\/\/noticiasribeiraopreto.com.br\/index.php\/2026\/03\/10\/joao-rock-anuncia-primeiras-atracoes-de-2026\/","title":{"rendered":"Jo\u00e3o Rock anuncia primeiras atra\u00e7\u00f5es de 2026"},"content":{"rendered":"<div class='code-block code-block-1' style='margin: 8px 0 8px auto; text-align: right; display: block; clear: both;'>\n<p><a href=\"https:\/\/wa.link\/vpicfd\"><img data-recalc-dims=\"1\" class=\"wp-image-4922\" style=\"aspect-ratio: 2.0253164556962027; width: 561px; height: auto;\" src=\"https:\/\/i0.wp.com\/ismaelcolosi.com.br\/wp-content\/uploads\/2023\/11\/grupo-de-empregos-whatsapp-e-facebook-ismael-colosi-vagas.jpg?ssl=1\" alt=\"\" \/><\/a><\/p>\n<!-- \/wp:image -->\n<\/div>\n<p> <br \/>\n<\/p>\n<div>\n<p><em>CPM 22, Detonautas, Os Paralamas do Sucesso, Armandinho, Criolo, Z\u00e9 Ramalho e Marina Sena est\u00e3o entre os primeiros nomes do line-up; pr\u00e9 venda de ingressos come\u00e7a dia 17 de mar\u00e7o<\/em><\/p>\n<p><img data-recalc-dims=\"1\" loading=\"lazy\" decoding=\"async\" class=\"alignnone size-full wp-image-456944 lazyload\" src=\"https:\/\/i0.wp.com\/www.tribunaribeirao.com.br\/wp-content\/uploads\/2026\/03\/joao-rock-2-scaled.jpeg?resize=1173%2C780&#038;ssl=1\" alt=\"\" width=\"1173\" height=\"780\" srcset=\"https:\/\/www.tribunaribeirao.com.br\/wp-content\/uploads\/2026\/03\/joao-rock-2-scaled.jpeg 1173w, https:\/\/www.tribunaribeirao.com.br\/wp-content\/uploads\/2026\/03\/joao-rock-2-300x200.jpeg 300w, https:\/\/www.tribunaribeirao.com.br\/wp-content\/uploads\/2026\/03\/joao-rock-2-1024x681.jpeg 1024w, https:\/\/www.tribunaribeirao.com.br\/wp-content\/uploads\/2026\/03\/joao-rock-2-768x511.jpeg 768w, https:\/\/www.tribunaribeirao.com.br\/wp-content\/uploads\/2026\/03\/joao-rock-2-1536x1021.jpeg 1536w, https:\/\/www.tribunaribeirao.com.br\/wp-content\/uploads\/2026\/03\/joao-rock-2-480x320.jpeg 480w, https:\/\/www.tribunaribeirao.com.br\/wp-content\/uploads\/2026\/03\/joao-rock-2-280x186.jpeg 280w, https:\/\/www.tribunaribeirao.com.br\/wp-content\/uploads\/2026\/03\/joao-rock-2-960x638.jpeg 960w, https:\/\/www.tribunaribeirao.com.br\/wp-content\/uploads\/2026\/03\/joao-rock-2-602x400.jpeg 602w, https:\/\/www.tribunaribeirao.com.br\/wp-content\/uploads\/2026\/03\/joao-rock-2-585x389.jpeg 585w\" data-sizes=\"(max-width: 1173px) 100vw, 1173px\" style=\"--smush-placeholder-width: 1173px; --smush-placeholder-aspect-ratio: 1173\/780;\"\/><\/p>\n<p>Maior festival de m\u00fasica brasileira, o Jo\u00e3o Rock confirmou as primeiras atra\u00e7\u00f5es da edi\u00e7\u00e3o de 2026, marcada para o dia 1\u00ba de agosto, em Ribeir\u00e3o Preto-SP.\u00a0CPM 22, Detonautas, Os Paralamas do Sucesso, Armandinho, Criolo, Z\u00e9 Ramalho e Marina Sena comp\u00f5em parte da programa\u00e7\u00e3o, que reunir\u00e1 mais de 27 atra\u00e7\u00f5es distribu\u00eddas em cinco palcos, somando mais de 14 horas ininterruptas de m\u00fasica em um \u00fanico dia de festival.<\/p>\n<p>A pr\u00e9-venda de ingressos, em lote com valor especial e limitado, acontecer\u00e1 entre os dias 17 e 23 de mar\u00e7o, com op\u00e7\u00f5es para todos os setores: Pista, Pista Premium, Camarote Jo\u00e3o Rock e Camarote Eisen.<\/p>\n<p>A comercializa\u00e7\u00e3o ser\u00e1 feita exclusivamente pelo site oficial joaorock.com.br, com parcelamento em at\u00e9 seis vezes. Cada CPF poder\u00e1 adquirir at\u00e9 quatro ingressos, independente do setor.<\/p>\n<p><strong>Atra\u00e7\u00f5es conectadas com o festival<\/strong><\/p>\n<p>Pela primeira vez, o festival divulga os artistas de forma parcial antes da abertura das vendas, movimento que antecipa ao p\u00fablico um recorte do line-up. A programa\u00e7\u00e3o j\u00e1 anunciada conta com nomes que j\u00e1 fizeram hist\u00f3ria no evento, como CPM 22, banda que mais vezes se apresentou em palcos do Jo\u00e3o Rock, somando 13 participa\u00e7\u00f5es.<\/p>\n<p>\u201cTocar no Jo\u00e3o Rock \u00e9 sempre uma expectativa muito grande. Estamos definindo o setlist para compor um show nost\u00e1lgico e diferente do que fizemos nos \u00faltimos anos. O Jo\u00e3o Rock j\u00e1 \u00e9 uma realidade entre os maiores festivais do Brasil, estamos ansiosos\u201d, afirma Badau\u00ed, vocalista da banda.<\/p>\n<p>Representante do rock dos anos 2000, Detonautas tamb\u00e9m retorna ao festival com um repert\u00f3rio marcado por hits e uma trajet\u00f3ria consistente. Somando a esse cen\u00e1rio, a banda Paralamas do Sucesso representa a for\u00e7a dos cl\u00e1ssicos no festival, com hits que unem gera\u00e7\u00f5es.<\/p>\n<p>O rapper Criolo, leva ao Jo\u00e3o Rock a for\u00e7a de uma carreira que transita entre o rap, o samba e a M\u00fasica Popular Brasileira. Esta ser\u00e1 a 6\u00aa apresenta\u00e7\u00e3o do artista no evento, entre shows e participa\u00e7\u00f5es especiais. Um dos principais nomes do Reggae Music nacional, o cantor Armandinho tamb\u00e9m est\u00e1 confirmado na edi\u00e7\u00e3o de 2026 do festival.<\/p>\n<p>\u00cdcone da m\u00fasica nacional, Z\u00e9 Ramalho soma \u00e0 programa\u00e7\u00e3o a tradi\u00e7\u00e3o nordestina, a influ\u00eancia do folk e do rock e um repert\u00f3rio que atravessa gera\u00e7\u00f5es. Marina Sena participa pela terceira vez do Jo\u00e3o Rock como um dos principais nomes da nova cena brasileira, com uma sonoridade que mistura refer\u00eancias da m\u00fasica latina, da MPB e da cultura pop.<\/p>\n<p><strong>Palco Brasil<\/strong><\/p>\n<p>O evento j\u00e1 anunciou tamb\u00e9m que o Palco Brasil, um dos destaques da programa\u00e7\u00e3o, que anualmente homenageia a m\u00fasica nacional, ter\u00e1 como tema \u201cDe Norte a Sul\u201d, refor\u00e7ando a conex\u00e3o com a diversidade musical do Pa\u00eds.<\/p>\n<p><strong>Sobre o Jo\u00e3o Rock<\/strong><\/p>\n<p>O Jo\u00e3o Rock \u00e9 um dos mais importantes festivais de m\u00fasica do Brasil, realizado anualmente desde 2002 em Ribeir\u00e3o Preto. Com foco na m\u00fasica brasileira, o evento nasceu com a proposta de valorizar artistas nacionais e celebrar a diversidade do pa\u00eds, reunindo g\u00eaneros que v\u00e3o do rock ao rap, reggae, MPB e outros ritmos conectados.<\/p>\n<p>Em mais de 20 anos de hist\u00f3ria, o evento j\u00e1 apresentou cerca de 300 shows em seus palcos, promovendo encontros hist\u00f3ricos e in\u00e9ditos.<\/p>\n<\/div>\n<p><br \/>\n<br \/><a href=\"https:\/\/www.tribunaribeirao.com.br\/joao-rock-anuncia-primeiras-atracoes-de-2026\/\">Source link <\/a><\/p>\n<!-- CONTENT END 1 -->\n","protected":false},"excerpt":{"rendered":"<p>CPM 22, Detonautas, Os Paralamas do Sucesso, Armandinho, Criolo, Z\u00e9 Ramalho e Marina Sena est\u00e3o entre os primeiros nomes do line-up; pr\u00e9 venda de ingressos&#8230;<\/p>\n","protected":false},"author":1,"featured_media":83140,"comment_status":"open","ping_status":"open","sticky":false,"template":"","format":"standard","meta":{"advanced_seo_description":"","jetpack_seo_html_title":"","jetpack_seo_noindex":false,"jetpack_post_was_ever_published":false,"_jetpack_newsletter_access":"","_jetpack_dont_email_post_to_subs":false,"_jetpack_newsletter_tier_id":0,"_jetpack_memberships_contains_paywalled_content":false,"_jetpack_memberships_contains_paid_content":false,"footnotes":"","jetpack_publicize_message":"","jetpack_publicize_feature_enabled":true,"jetpack_social_post_already_shared":true,"jetpack_social_options":{"image_generator_settings":{"template":"highway","default_image_id":0,"font":"","enabled":false},"version":2}},"categories":[11],"tags":[],"class_list":["post-83139","post","type-post","status-publish","format-standard","has-post-thumbnail","hentry","category-noticias-de-ribeirao-preto-sp-e-regiao-ismael-colosi"],"jetpack_publicize_connections":[],"jetpack_featured_media_url":"https:\/\/i0.wp.com\/noticiasribeiraopreto.com.br\/wp-content\/uploads\/2026\/03\/ramalho-scaled.jpeg?fit=1170%2C780&ssl=1","jetpack-related-posts":[{"id":20478,"url":"https:\/\/noticiasribeiraopreto.com.br\/index.php\/2023\/12\/25\/confira-os-horarios-de-funcionamento-dos-bancos-neste-fim-de-ano\/","url_meta":{"origin":83139,"position":0},"title":"Confira os Hor\u00e1rios de Funcionamento dos Bancos neste Fim de Ano","author":"noticiasribeiraopreto.com.br","date":"25 de December de 2023","format":false,"excerpt":"O fim do ano est\u00e1 chegando e, com ele, \u00e9 importante ficar atento aos hor\u00e1rios de funcionamento dos bancos. A Federa\u00e7\u00e3o Brasileira dos Bancos (Febraban) divulgou as informa\u00e7\u00f5es sobre o expediente banc\u00e1rio durante os pr\u00f3ximos dias, garantindo que os clientes estejam cientes dos dias em que as ag\u00eancias estar\u00e3o abertas\u2026","rel":"","context":"In &quot;Vagas de Emprego em Ribeir\u00e3o Preto-SP&quot;","block_context":{"text":"Vagas de Emprego em Ribeir\u00e3o Preto-SP","link":"https:\/\/noticiasribeiraopreto.com.br\/index.php\/category\/empregos-classificados-vagas-trabalho\/vagas-de-empregos-em-ribeirao-preto-regiao-brasil\/"},"img":{"alt_text":"","src":"","width":0,"height":0},"classes":[]},{"id":75001,"url":"https:\/\/noticiasribeiraopreto.com.br\/index.php\/2025\/08\/01\/roubos-avancam-em-junho-ante-maio\/","url_meta":{"origin":83139,"position":1},"title":"Roubos avan\u00e7am em junho ante maio","author":"noticiasribeiraopreto.com.br","date":"1 de August de 2025","format":false,"excerpt":"A Secretaria de Seguran\u00e7a P\u00fablica do Estado de S\u00e3o Paulo (SSP\/SP) divulgou os resultados das \u201cEstat\u00edsticas da Criminalidade\u201d. Em Ribeir\u00e3o Preto, todos os crimes contra o patrim\u00f4nio registraram queda \u2013 furtos e roubos em geral e furtos e roubos de ve\u00edculos \u2013 no primeiro semestre deste ano em rela\u00e7\u00e3o ao\u2026","rel":"","context":"In &quot;Not\u00edcias de Ribeir\u00e3o Preto-SP e Regi\u00e3o&quot;","block_context":{"text":"Not\u00edcias de Ribeir\u00e3o Preto-SP e Regi\u00e3o","link":"https:\/\/noticiasribeiraopreto.com.br\/index.php\/category\/noticias-de-ribeirao-preto-sp-e-regiao-ismael-colosi\/"},"img":{"alt_text":"","src":"https:\/\/i0.wp.com\/noticiasribeiraopreto.com.br\/wp-content\/uploads\/2025\/08\/CrimeRP-Pixabay-scaled.jpg?fit=1170%2C780&ssl=1&resize=350%2C200","width":350,"height":200,"srcset":"https:\/\/i0.wp.com\/noticiasribeiraopreto.com.br\/wp-content\/uploads\/2025\/08\/CrimeRP-Pixabay-scaled.jpg?fit=1170%2C780&ssl=1&resize=350%2C200 1x, https:\/\/i0.wp.com\/noticiasribeiraopreto.com.br\/wp-content\/uploads\/2025\/08\/CrimeRP-Pixabay-scaled.jpg?fit=1170%2C780&ssl=1&resize=525%2C300 1.5x, https:\/\/i0.wp.com\/noticiasribeiraopreto.com.br\/wp-content\/uploads\/2025\/08\/CrimeRP-Pixabay-scaled.jpg?fit=1170%2C780&ssl=1&resize=700%2C400 2x, https:\/\/i0.wp.com\/noticiasribeiraopreto.com.br\/wp-content\/uploads\/2025\/08\/CrimeRP-Pixabay-scaled.jpg?fit=1170%2C780&ssl=1&resize=1050%2C600 3x"},"classes":[]},{"id":69093,"url":"https:\/\/noticiasribeiraopreto.com.br\/index.php\/2025\/05\/02\/furtos-e-roubos-de-veiculos-crescem-em-rp\/","url_meta":{"origin":83139,"position":2},"title":"Furtos e roubos de ve\u00edculos crescem em RP","author":"noticiasribeiraopreto.com.br","date":"2 de May de 2025","format":false,"excerpt":"A Secretaria de Seguran\u00e7a P\u00fablica do Estado de S\u00e3o Paulo (SSP\/SP) divulgou os resultados das \u201cEstat\u00edsticas da Criminalidade\u201d. Em Ribeir\u00e3o Preto, furtos em geral e roubo de ve\u00edculos cresceram no primeiro trimestre em rela\u00e7\u00e3o ao mesmo per\u00edodo do ano passado. Roubos em geral e furtos de carros, motos e afins\u2026","rel":"","context":"In &quot;Not\u00edcias de Ribeir\u00e3o Preto-SP e Regi\u00e3o&quot;","block_context":{"text":"Not\u00edcias de Ribeir\u00e3o Preto-SP e Regi\u00e3o","link":"https:\/\/noticiasribeiraopreto.com.br\/index.php\/category\/noticias-de-ribeirao-preto-sp-e-regiao-ismael-colosi\/"},"img":{"alt_text":"","src":"https:\/\/i0.wp.com\/noticiasribeiraopreto.com.br\/wp-content\/uploads\/2025\/05\/CrimeRP-Pixabay-2-scaled.jpg?fit=750%2C500&ssl=1&resize=350%2C200","width":350,"height":200,"srcset":"https:\/\/i0.wp.com\/noticiasribeiraopreto.com.br\/wp-content\/uploads\/2025\/05\/CrimeRP-Pixabay-2-scaled.jpg?fit=750%2C500&ssl=1&resize=350%2C200 1x, https:\/\/i0.wp.com\/noticiasribeiraopreto.com.br\/wp-content\/uploads\/2025\/05\/CrimeRP-Pixabay-2-scaled.jpg?fit=750%2C500&ssl=1&resize=525%2C300 1.5x, https:\/\/i0.wp.com\/noticiasribeiraopreto.com.br\/wp-content\/uploads\/2025\/05\/CrimeRP-Pixabay-2-scaled.jpg?fit=750%2C500&ssl=1&resize=700%2C400 2x"},"classes":[]},{"id":18712,"url":"https:\/\/noticiasribeiraopreto.com.br\/index.php\/2023\/12\/20\/estudo-revela-os-tracos-de-personalidade-ligados-ao-risco-de-demencia\/","url_meta":{"origin":83139,"position":3},"title":"Estudo revela os tra\u00e7os de personalidade ligados ao risco de dem\u00eancia","author":"noticiasribeiraopreto.com.br","date":"20 de December de 2023","format":false,"excerpt":"Um estudo recente publicado na revista Alzheimer\u2019s and Dementia, da Alzheimer\u2019s Association, encontrou uma liga\u00e7\u00e3o entre certos tra\u00e7os de personalidade e o risco de dem\u00eancia. As an\u00e1lise partiram de dados de oito estudos menores, totalizando 44.531 pessoas com idades entre 49 e 81 anos. Do grupo, 1.703 pessoas desenvolveram dem\u00eancia.\u2026","rel":"","context":"In &quot;Variedades&quot;","block_context":{"text":"Variedades","link":"https:\/\/noticiasribeiraopreto.com.br\/index.php\/category\/variedades\/"},"img":{"alt_text":"","src":"https:\/\/i0.wp.com\/noticiasribeiraopreto.com.br\/wp-content\/uploads\/2023\/12\/istock-1702091264.jpg?fit=1200%2C638&ssl=1&resize=350%2C200","width":350,"height":200,"srcset":"https:\/\/i0.wp.com\/noticiasribeiraopreto.com.br\/wp-content\/uploads\/2023\/12\/istock-1702091264.jpg?fit=1200%2C638&ssl=1&resize=350%2C200 1x, https:\/\/i0.wp.com\/noticiasribeiraopreto.com.br\/wp-content\/uploads\/2023\/12\/istock-1702091264.jpg?fit=1200%2C638&ssl=1&resize=525%2C300 1.5x, https:\/\/i0.wp.com\/noticiasribeiraopreto.com.br\/wp-content\/uploads\/2023\/12\/istock-1702091264.jpg?fit=1200%2C638&ssl=1&resize=700%2C400 2x, https:\/\/i0.wp.com\/noticiasribeiraopreto.com.br\/wp-content\/uploads\/2023\/12\/istock-1702091264.jpg?fit=1200%2C638&ssl=1&resize=1050%2C600 3x"},"classes":[]},{"id":24374,"url":"https:\/\/noticiasribeiraopreto.com.br\/index.php\/2024\/01\/04\/22-faculdades-que-ainda-valem-a-pena-comecar-em-2024-meu-valor-digital\/","url_meta":{"origin":83139,"position":4},"title":"22 faculdades que ainda valem a pena come\u00e7ar em 2024 &#8211; Meu Valor Digital","author":"noticiasribeiraopreto.com.br","date":"4 de January de 2024","format":false,"excerpt":"Quando estamos no in\u00edcio do ano, um tema acaba preocupando muitos estudantes, que \u00e9 a escolha de um curso de n\u00edvel superior para come\u00e7ar. Para aqueles que est\u00e3o prestes a ingressar em uma faculdade, mas n\u00e3o sabem qual curso escolher, precisam estar atentos aos mais diversos pontos, como: valoriza\u00e7\u00e3o no\u2026","rel":"","context":"In &quot;Vagas de Emprego em Ribeir\u00e3o Preto-SP&quot;","block_context":{"text":"Vagas de Emprego em Ribeir\u00e3o Preto-SP","link":"https:\/\/noticiasribeiraopreto.com.br\/index.php\/category\/empregos-classificados-vagas-trabalho\/vagas-de-empregos-em-ribeirao-preto-regiao-brasil\/"},"img":{"alt_text":"","src":"https:\/\/i0.wp.com\/noticiasribeiraopreto.com.br\/wp-content\/uploads\/2024\/01\/estudante-universitario.jpg?fit=1200%2C800&ssl=1&resize=350%2C200","width":350,"height":200,"srcset":"https:\/\/i0.wp.com\/noticiasribeiraopreto.com.br\/wp-content\/uploads\/2024\/01\/estudante-universitario.jpg?fit=1200%2C800&ssl=1&resize=350%2C200 1x, https:\/\/i0.wp.com\/noticiasribeiraopreto.com.br\/wp-content\/uploads\/2024\/01\/estudante-universitario.jpg?fit=1200%2C800&ssl=1&resize=525%2C300 1.5x, https:\/\/i0.wp.com\/noticiasribeiraopreto.com.br\/wp-content\/uploads\/2024\/01\/estudante-universitario.jpg?fit=1200%2C800&ssl=1&resize=700%2C400 2x, https:\/\/i0.wp.com\/noticiasribeiraopreto.com.br\/wp-content\/uploads\/2024\/01\/estudante-universitario.jpg?fit=1200%2C800&ssl=1&resize=1050%2C600 3x"},"classes":[]},{"id":61273,"url":"https:\/\/noticiasribeiraopreto.com.br\/index.php\/2024\/12\/08\/desburocratizacao-nos-condominios-acidade-on-ribeirao-preto\/","url_meta":{"origin":83139,"position":5},"title":"Desburocratiza\u00e7\u00e3o nos condom\u00ednios &#8211; ACidade ON Ribeir\u00e3o Preto","author":"noticiasribeiraopreto.com.br","date":"8 de December de 2024","format":false,"excerpt":"A administra\u00e7\u00e3o condominial no Brasil, frequentemente marcada por processos burocr\u00e1ticos e custos elevados, acaba de viver uma mudan\u00e7a importante com a publica\u00e7\u00e3o do Provimento 183\/24 pela Corregedoria Nacional de Justi\u00e7a. Esta nova norma promete transformar a maneira como as assembleias e documentos condominiais s\u00e3o tratados, simplificando e desburocratizando procedimentos essenciais\u2026","rel":"","context":"In &quot;Not\u00edcias de Ribeir\u00e3o Preto-SP e Regi\u00e3o&quot;","block_context":{"text":"Not\u00edcias de Ribeir\u00e3o Preto-SP e Regi\u00e3o","link":"https:\/\/noticiasribeiraopreto.com.br\/index.php\/category\/noticias-de-ribeirao-preto-sp-e-regiao-ismael-colosi\/"},"img":{"alt_text":"","src":"https:\/\/i0.wp.com\/noticiasribeiraopreto.com.br\/wp-content\/uploads\/2024\/03\/AnyConv.com__WhatsApp-Image-2024-02-29-at-15.18.26.webp.webp?fit=640%2C405&ssl=1&resize=350%2C200","width":350,"height":200,"srcset":"https:\/\/i0.wp.com\/noticiasribeiraopreto.com.br\/wp-content\/uploads\/2024\/03\/AnyConv.com__WhatsApp-Image-2024-02-29-at-15.18.26.webp.webp?fit=640%2C405&ssl=1&resize=350%2C200 1x, https:\/\/i0.wp.com\/noticiasribeiraopreto.com.br\/wp-content\/uploads\/2024\/03\/AnyConv.com__WhatsApp-Image-2024-02-29-at-15.18.26.webp.webp?fit=640%2C405&ssl=1&resize=525%2C300 1.5x"},"classes":[]}],"jetpack_sharing_enabled":true,"jetpack_shortlink":"https:\/\/wp.me\/peQAOb-lCX","_links":{"self":[{"href":"https:\/\/noticiasribeiraopreto.com.br\/index.php\/wp-json\/wp\/v2\/posts\/83139","targetHints":{"allow":["GET"]}}],"collection":[{"href":"https:\/\/noticiasribeiraopreto.com.br\/index.php\/wp-json\/wp\/v2\/posts"}],"about":[{"href":"https:\/\/noticiasribeiraopreto.com.br\/index.php\/wp-json\/wp\/v2\/types\/post"}],"author":[{"embeddable":true,"href":"https:\/\/noticiasribeiraopreto.com.br\/index.php\/wp-json\/wp\/v2\/users\/1"}],"replies":[{"embeddable":true,"href":"https:\/\/noticiasribeiraopreto.com.br\/index.php\/wp-json\/wp\/v2\/comments?post=83139"}],"version-history":[{"count":0,"href":"https:\/\/noticiasribeiraopreto.com.br\/index.php\/wp-json\/wp\/v2\/posts\/83139\/revisions"}],"wp:featuredmedia":[{"embeddable":true,"href":"https:\/\/noticiasribeiraopreto.com.br\/index.php\/wp-json\/wp\/v2\/media\/83140"}],"wp:attachment":[{"href":"https:\/\/noticiasribeiraopreto.com.br\/index.php\/wp-json\/wp\/v2\/media?parent=83139"}],"wp:term":[{"taxonomy":"category","embeddable":true,"href":"https:\/\/noticiasribeiraopreto.com.br\/index.php\/wp-json\/wp\/v2\/categories?post=83139"},{"taxonomy":"post_tag","embeddable":true,"href":"https:\/\/noticiasribeiraopreto.com.br\/index.php\/wp-json\/wp\/v2\/tags?post=83139"}],"curies":[{"name":"wp","href":"https:\/\/api.w.org\/{rel}","templated":true}]}}