{"id":83144,"date":"2026-03-10T13:08:32","date_gmt":"2026-03-10T16:08:32","guid":{"rendered":"https:\/\/noticiasribeiraopreto.com.br\/index.php\/2026\/03\/10\/video-perseguicao-acaba-com-tres-presos-em-rp\/"},"modified":"2026-03-10T13:08:32","modified_gmt":"2026-03-10T16:08:32","slug":"video-perseguicao-acaba-com-tres-presos-em-rp","status":"publish","type":"post","link":"https:\/\/noticiasribeiraopreto.com.br\/index.php\/2026\/03\/10\/video-perseguicao-acaba-com-tres-presos-em-rp\/","title":{"rendered":"V\u00cdDEO &#8211; Persegui\u00e7\u00e3o acaba com tr\u00eas presos em RP"},"content":{"rendered":"<div class='code-block code-block-1' style='margin: 8px 0 8px auto; text-align: right; display: block; clear: both;'>\n<p><a href=\"https:\/\/wa.link\/vpicfd\"><img data-recalc-dims=\"1\" class=\"wp-image-4922\" style=\"aspect-ratio: 2.0253164556962027; width: 561px; height: auto;\" src=\"https:\/\/i0.wp.com\/ismaelcolosi.com.br\/wp-content\/uploads\/2023\/11\/grupo-de-empregos-whatsapp-e-facebook-ismael-colosi-vagas.jpg?ssl=1\" alt=\"\" \/><\/a><\/p>\n<!-- \/wp:image -->\n<\/div>\n<p> <br \/>\n<\/p>\n<div id=\"\">&#13;<\/p>\n<h2 class=\"penci-post-subtitle\">V\u00e1rias viaturas da Pol\u00edcia Militar e Baep participaram da captura dos suspeitos de furtos; \u00c1guia deu apoio a\u00e9reo<\/h2>\n<p>&#13;<\/p>\n<p>&#13;<br \/>\n\t\t\t\t\t\t\t\t\t<span class=\"entry-meta-item penci-posted-on\"><i class=\"fa fa-clock-o\"\/><time class=\"entry-date published\" datetime=\"2026-03-10T13:00:24-03:00\">10 de mar\u00e7o de 2026 13:00<\/time><time class=\"updated\" datetime=\"2026-03-10T13:00:53-03:00\">10 de mar\u00e7o de 2026 13:00<\/time><\/span><span class=\"entry-meta-item penci-post-countview\"\/>\t\t\t\t\t\t\t\t<\/p>\n<p><!-- .entry-meta -->&#13;<br \/>\n\t\t\t\t\t\t\t\t<span class=\"penci-social-buttons penci-social-share-footer\"><span class=\"penci-social-share-text\">Compartilhar<\/span><a href=\"#\" class=\"penci-post-like penci_post-meta_item  single-like-button penci-social-item like\" data-post_id=\"456957\" title=\"Like\" data-like=\"Like\" data-unlike=\"Unlike\"><i class=\"fa fa-thumbs-o-up\"\/><span class=\"penci-share-number\">2<\/span><\/a><i class=\"fa fa-facebook\"\/><a class=\"penci-social-item twitter\" target=\"_blank\" rel=\"noopener\" title=\"\" href=\"https:\/\/twitter.com\/intent\/tweet?text=V\u00cdDEO%20-%20Persegui\u00e7\u00e3o%20acaba%20com%20tr\u00eas%20presos%20em%20RP%20-%20https:\/\/www.tribunaribeirao.com.br\/video-perseguicao-acaba-com-tres-presos-em-rp\/\"><i class=\"fa fa-twitter\"\/><\/a><i class=\"fa fa-linkedin\"\/><i class=\"fa fa-whatsapp\"\/><i class=\"fa fa-telegram\"\/><i class=\"fa fa-envelope\"\/><\/span>\t\t\t\t\t\t\t<\/div>\n<div>\n<p>Por: Adalberto Luque<\/p>\n<p>Uma persegui\u00e7\u00e3o a um ve\u00edculo suspeito que fugiu em alta velocidade mobilizou a Pol\u00edcia Militar, na manh\u00e3 desta ter\u00e7a-feira (10). Tudo come\u00e7ou em uma tentativa de abordagem no Jardim Juliana, bairro da zona Leste de Ribeir\u00e3o Preto.<\/p>\n<p>Uma viatura da Pol\u00edcia Militar suspeitou do ve\u00edculo que trafegava pelas ruas do bairro. As caracter\u00edsticas eram as mesmas de um carro usado em furtos e roubos na regi\u00e3o de Ribeir\u00e3o Preto.<\/p>\n<p>Os policiais deram ordem de parada, mas o condutor acelerou e iniciou uma fuga, que percorreu v\u00e1rios bairros da zona Leste e Norte. Logo no in\u00edcio, o condutor entrou no Jardim Porto Seguro, ainda na zona Leste.<\/p>\n<figure id=\"attachment_456958\" aria-describedby=\"caption-attachment-456958\" style=\"width: 1059px\" class=\"wp-caption alignnone\"><img data-recalc-dims=\"1\" loading=\"lazy\" decoding=\"async\" class=\"size-full wp-image-456958 lazyload\" src=\"https:\/\/i0.wp.com\/www.tribunaribeirao.com.br\/wp-content\/uploads\/2026\/03\/10-mar-2026-perseguicaocarro2-scaled.jpg?resize=1059%2C780&#038;ssl=1\" alt=\"\" width=\"1059\" height=\"780\" srcset=\"https:\/\/www.tribunaribeirao.com.br\/wp-content\/uploads\/2026\/03\/10-mar-2026-perseguicaocarro2-scaled.jpg 1059w, https:\/\/www.tribunaribeirao.com.br\/wp-content\/uploads\/2026\/03\/10-mar-2026-perseguicaocarro2-300x221.jpg 300w, https:\/\/www.tribunaribeirao.com.br\/wp-content\/uploads\/2026\/03\/10-mar-2026-perseguicaocarro2-1024x754.jpg 1024w, https:\/\/www.tribunaribeirao.com.br\/wp-content\/uploads\/2026\/03\/10-mar-2026-perseguicaocarro2-768x565.jpg 768w, https:\/\/www.tribunaribeirao.com.br\/wp-content\/uploads\/2026\/03\/10-mar-2026-perseguicaocarro2-1536x1131.jpg 1536w, https:\/\/www.tribunaribeirao.com.br\/wp-content\/uploads\/2026\/03\/10-mar-2026-perseguicaocarro2-960x707.jpg 960w, https:\/\/www.tribunaribeirao.com.br\/wp-content\/uploads\/2026\/03\/10-mar-2026-perseguicaocarro2-543x400.jpg 543w, https:\/\/www.tribunaribeirao.com.br\/wp-content\/uploads\/2026\/03\/10-mar-2026-perseguicaocarro2-585x431.jpg 585w\" data-sizes=\"(max-width: 1059px) 100vw, 1059px\" style=\"--smush-placeholder-width: 1059px; --smush-placeholder-aspect-ratio: 1059\/780;\"\/><figcaption id=\"caption-attachment-456958\" class=\"wp-caption-text\">Fuga ocorreu at\u00e9 em rua sem sa\u00edda de bairro na zona Leste e ladr\u00f5es conseguiram manobrar e fugir do local (Foto: Reprodu\u00e7\u00e3o)<\/figcaption><\/figure>\n<p>Durante a fuga, o condutor do carro entrou em uma rua sem sa\u00edda, seguida por uma viatura da PM. O motorista fugitivo, todavia, conseguiu manobrar rapidamente e retornar pela rua, fugindo da viatura. Um dos ocupantes do ve\u00edculo pulou do carro e foi capturado por outra viatura que fazia o acompanhamento.<\/p>\n<p>A essa altura, v\u00e1rias viaturas da For\u00e7a T\u00e1tica da PM, Batalh\u00e3o de A\u00e7\u00f5es Especiais de Pol\u00edcia (Baep) e at\u00e9 o Helic\u00f3ptero \u00c1guia, faziam o acompanhamento. O homem que pulou do carro em movimento foi levado para a Unidade de Pronto Atendimento (UPA) Norte e depois para a Central de Pol\u00edcia Judici\u00e1ria.<\/p>\n<figure id=\"attachment_456959\" aria-describedby=\"caption-attachment-456959\" style=\"width: 1040px\" class=\"wp-caption alignnone\"><img data-recalc-dims=\"1\" loading=\"lazy\" decoding=\"async\" class=\"size-full wp-image-456959 lazyload\" src=\"https:\/\/i0.wp.com\/www.tribunaribeirao.com.br\/wp-content\/uploads\/2026\/03\/10-mar-2026-perseguicaocarro3-scaled.jpg?resize=1040%2C780&#038;ssl=1\" alt=\"\" width=\"1040\" height=\"780\" srcset=\"https:\/\/www.tribunaribeirao.com.br\/wp-content\/uploads\/2026\/03\/10-mar-2026-perseguicaocarro3-scaled.jpg 1040w, https:\/\/www.tribunaribeirao.com.br\/wp-content\/uploads\/2026\/03\/10-mar-2026-perseguicaocarro3-300x225.jpg 300w, https:\/\/www.tribunaribeirao.com.br\/wp-content\/uploads\/2026\/03\/10-mar-2026-perseguicaocarro3-1024x768.jpg 1024w, https:\/\/www.tribunaribeirao.com.br\/wp-content\/uploads\/2026\/03\/10-mar-2026-perseguicaocarro3-768x576.jpg 768w, https:\/\/www.tribunaribeirao.com.br\/wp-content\/uploads\/2026\/03\/10-mar-2026-perseguicaocarro3-1536x1152.jpg 1536w, https:\/\/www.tribunaribeirao.com.br\/wp-content\/uploads\/2026\/03\/10-mar-2026-perseguicaocarro3-760x570.jpg 760w, https:\/\/www.tribunaribeirao.com.br\/wp-content\/uploads\/2026\/03\/10-mar-2026-perseguicaocarro3-960x720.jpg 960w, https:\/\/www.tribunaribeirao.com.br\/wp-content\/uploads\/2026\/03\/10-mar-2026-perseguicaocarro3-533x400.jpg 533w, https:\/\/www.tribunaribeirao.com.br\/wp-content\/uploads\/2026\/03\/10-mar-2026-perseguicaocarro3-585x439.jpg 585w\" data-sizes=\"(max-width: 1040px) 100vw, 1040px\" style=\"--smush-placeholder-width: 1040px; --smush-placeholder-aspect-ratio: 1040\/780;\"\/><figcaption id=\"caption-attachment-456959\" class=\"wp-caption-text\">Persegui\u00e7\u00e3o s\u00f3 terminou em posto de combust\u00edveis na Vila Carvalho, zona Norte (Foto: Reprodu\u00e7\u00e3o)<\/figcaption><\/figure>\n<p>A persegui\u00e7\u00e3o, que durou cerca de 20 minutos, s\u00f3 parou em um posto de combust\u00edveis na avenida Marechal Costa e Silva, na Vila Carvalho, quando o carro foi cercado por v\u00e1rias viaturas.<\/p>\n<p>Os dois homens foram detidos. Os policiais constataram que o ve\u00edculo era de um dos suspeitos, mas tinha tr\u00eas placas clonadas para dificultar sua identifica\u00e7\u00e3o. Tamb\u00e9m encontraram um simulacro de arma de fogo, celulares e at\u00e9 um p\u00e9-de-cabra. O ve\u00edculo \u00e9 suspeito de praticar furtos em cidades da regi\u00e3o, como Cravinhos e Morro Agudo.<\/p>\n<p>Os outros dois e o material apreendido foram levados para a Central de Pol\u00edcia Judici\u00e1ria (CPJ). Os suspeitos foram presos em flagrante e ficaram \u00e0 disposi\u00e7\u00e3o da Justi\u00e7a. Tamb\u00e9m ser\u00e3o investigados pelos furtos na regi\u00e3o.<\/p>\n<\/div>\n<p><script async src=\"\/\/platform.twitter.com\/widgets.js\" charset=\"utf-8\"><\/script><br \/>\n<br \/><br \/>\n<br \/><a href=\"https:\/\/www.tribunaribeirao.com.br\/video-perseguicao-acaba-com-tres-presos-em-rp\/\">Source link <\/a><\/p>\n<!-- CONTENT END 1 -->\n","protected":false},"excerpt":{"rendered":"<p>&#13; V\u00e1rias viaturas da Pol\u00edcia Militar e Baep participaram da captura dos suspeitos de furtos; \u00c1guia deu apoio a\u00e9reo &#13; &#13; 10 de mar\u00e7o de&#8230;<\/p>\n","protected":false},"author":1,"featured_media":83145,"comment_status":"open","ping_status":"open","sticky":false,"template":"","format":"standard","meta":{"advanced_seo_description":"","jetpack_seo_html_title":"","jetpack_seo_noindex":false,"jetpack_post_was_ever_published":false,"_jetpack_newsletter_access":"","_jetpack_dont_email_post_to_subs":false,"_jetpack_newsletter_tier_id":0,"_jetpack_memberships_contains_paywalled_content":false,"_jetpack_memberships_contains_paid_content":false,"footnotes":"","jetpack_publicize_message":"","jetpack_publicize_feature_enabled":true,"jetpack_social_post_already_shared":true,"jetpack_social_options":{"image_generator_settings":{"template":"highway","default_image_id":0,"font":"","enabled":false},"version":2}},"categories":[11],"tags":[],"class_list":["post-83144","post","type-post","status-publish","format-standard","has-post-thumbnail","hentry","category-noticias-de-ribeirao-preto-sp-e-regiao-ismael-colosi"],"jetpack_publicize_connections":[],"jetpack_featured_media_url":"https:\/\/i0.wp.com\/noticiasribeiraopreto.com.br\/wp-content\/uploads\/2026\/03\/10-mar-2026-perseguicaocarro1-scaled.jpg?fit=980%2C780&ssl=1","jetpack-related-posts":[{"id":83021,"url":"https:\/\/noticiasribeiraopreto.com.br\/index.php\/2026\/03\/06\/ministro-gilmar-mendes-diverge-do-voto-do-relator-da-sevandija\/","url_meta":{"origin":83144,"position":0},"title":"Ministro Gilmar Mendes diverge do voto do relator da Sevandija","author":"noticiasribeiraopreto.com.br","date":"6 de March de 2026","format":false,"excerpt":"\r \r \r \r \r 6 de mar\u00e7o de 2026 11:306 de mar\u00e7o de 2026 11:34 \r Compartilhar0 \r O ministro Gilmar Mendes do Supremo Tribunal Federal (STF) divergiu do voto do relator Kassio Nunes Marques, que foi favor\u00e1vel a validade das escutas telef\u00f4nicas da Opera\u00e7\u00e3o Sevandija. O voto do\u2026","rel":"","context":"In &quot;Not\u00edcias de Ribeir\u00e3o Preto-SP e Regi\u00e3o&quot;","block_context":{"text":"Not\u00edcias de Ribeir\u00e3o Preto-SP e Regi\u00e3o","link":"https:\/\/noticiasribeiraopreto.com.br\/index.php\/category\/noticias-de-ribeirao-preto-sp-e-regiao-ismael-colosi\/"},"img":{"alt_text":"","src":"https:\/\/i0.wp.com\/noticiasribeiraopreto.com.br\/wp-content\/uploads\/2026\/03\/gilmar-mendes.jpg?fit=678%2C452&ssl=1&resize=350%2C200","width":350,"height":200,"srcset":"https:\/\/i0.wp.com\/noticiasribeiraopreto.com.br\/wp-content\/uploads\/2026\/03\/gilmar-mendes.jpg?fit=678%2C452&ssl=1&resize=350%2C200 1x, https:\/\/i0.wp.com\/noticiasribeiraopreto.com.br\/wp-content\/uploads\/2026\/03\/gilmar-mendes.jpg?fit=678%2C452&ssl=1&resize=525%2C300 1.5x"},"classes":[]},{"id":83327,"url":"https:\/\/noticiasribeiraopreto.com.br\/index.php\/2026\/03\/16\/prefeitura-lanca-chamamento-para-construcao-de-seis-novos-empreendimentos-habitacionais-populares\/","url_meta":{"origin":83144,"position":1},"title":"Prefeitura lan\u00e7a chamamento para constru\u00e7\u00e3o de seis novos empreendimentos habitacionais populares","author":"noticiasribeiraopreto.com.br","date":"16 de March de 2026","format":false,"excerpt":"\r \r \r 16 de mar\u00e7o de 2026 13:4916 de mar\u00e7o de 2026 17:29 \r Compartilhar0 A Prefeitura de Ribeir\u00e3o Preto, por meio da Secretaria de Planejamento, Desenvolvimento Urbano e Habita\u00e7\u00e3o, lan\u00e7ou um chamamento p\u00fablico para selecionar empresas da constru\u00e7\u00e3o civil interessadas na implanta\u00e7\u00e3o de seis novos empreendimentos habitacionais populares\u2026","rel":"","context":"In &quot;Not\u00edcias de Ribeir\u00e3o Preto-SP e Regi\u00e3o&quot;","block_context":{"text":"Not\u00edcias de Ribeir\u00e3o Preto-SP e Regi\u00e3o","link":"https:\/\/noticiasribeiraopreto.com.br\/index.php\/category\/noticias-de-ribeirao-preto-sp-e-regiao-ismael-colosi\/"},"img":{"alt_text":"","src":"https:\/\/i0.wp.com\/noticiasribeiraopreto.com.br\/wp-content\/uploads\/2026\/03\/chamamento_empreendimento_-_foto_gemini13-scaled.png?fit=1163%2C780&ssl=1&resize=350%2C200","width":350,"height":200,"srcset":"https:\/\/i0.wp.com\/noticiasribeiraopreto.com.br\/wp-content\/uploads\/2026\/03\/chamamento_empreendimento_-_foto_gemini13-scaled.png?fit=1163%2C780&ssl=1&resize=350%2C200 1x, https:\/\/i0.wp.com\/noticiasribeiraopreto.com.br\/wp-content\/uploads\/2026\/03\/chamamento_empreendimento_-_foto_gemini13-scaled.png?fit=1163%2C780&ssl=1&resize=525%2C300 1.5x, https:\/\/i0.wp.com\/noticiasribeiraopreto.com.br\/wp-content\/uploads\/2026\/03\/chamamento_empreendimento_-_foto_gemini13-scaled.png?fit=1163%2C780&ssl=1&resize=700%2C400 2x, https:\/\/i0.wp.com\/noticiasribeiraopreto.com.br\/wp-content\/uploads\/2026\/03\/chamamento_empreendimento_-_foto_gemini13-scaled.png?fit=1163%2C780&ssl=1&resize=1050%2C600 3x"},"classes":[]},{"id":83329,"url":"https:\/\/noticiasribeiraopreto.com.br\/index.php\/2026\/03\/16\/onibus-e-moto-batem-no-centro\/","url_meta":{"origin":83144,"position":2},"title":"\u00d4nibus e moto batem no Centro","author":"noticiasribeiraopreto.com.br","date":"16 de March de 2026","format":false,"excerpt":"\r \r \r Motociclista e garupa ficaram feridos e precisaram ser levados a hospitais\r \r 16 de mar\u00e7o de 2026 10:1316 de mar\u00e7o de 2026 11:52 \r Compartilhar3 \r Por: Adalberto Luque \u2013 Duas pessoas ficaram feridas, no final da madrugada desta segunda-feira (16), na colis\u00e3o de uma motocicleta contra\u2026","rel":"","context":"In &quot;Not\u00edcias de Ribeir\u00e3o Preto-SP e Regi\u00e3o&quot;","block_context":{"text":"Not\u00edcias de Ribeir\u00e3o Preto-SP e Regi\u00e3o","link":"https:\/\/noticiasribeiraopreto.com.br\/index.php\/category\/noticias-de-ribeirao-preto-sp-e-regiao-ismael-colosi\/"},"img":{"alt_text":"","src":"https:\/\/i0.wp.com\/noticiasribeiraopreto.com.br\/wp-content\/uploads\/2026\/03\/16-mar-2026-acidentemoto1a-scaled.jpg?fit=1170%2C780&ssl=1&resize=350%2C200","width":350,"height":200,"srcset":"https:\/\/i0.wp.com\/noticiasribeiraopreto.com.br\/wp-content\/uploads\/2026\/03\/16-mar-2026-acidentemoto1a-scaled.jpg?fit=1170%2C780&ssl=1&resize=350%2C200 1x, https:\/\/i0.wp.com\/noticiasribeiraopreto.com.br\/wp-content\/uploads\/2026\/03\/16-mar-2026-acidentemoto1a-scaled.jpg?fit=1170%2C780&ssl=1&resize=525%2C300 1.5x, https:\/\/i0.wp.com\/noticiasribeiraopreto.com.br\/wp-content\/uploads\/2026\/03\/16-mar-2026-acidentemoto1a-scaled.jpg?fit=1170%2C780&ssl=1&resize=700%2C400 2x, https:\/\/i0.wp.com\/noticiasribeiraopreto.com.br\/wp-content\/uploads\/2026\/03\/16-mar-2026-acidentemoto1a-scaled.jpg?fit=1170%2C780&ssl=1&resize=1050%2C600 3x"},"classes":[]},{"id":84600,"url":"https:\/\/noticiasribeiraopreto.com.br\/index.php\/2026\/04\/13\/financiamento-de-veiculos-cresce-128-no-trimestre\/","url_meta":{"origin":83144,"position":3},"title":"Financiamento de ve\u00edculos cresce 12,8% no trimestre","author":"noticiasribeiraopreto.com.br","date":"13 de April de 2026","format":false,"excerpt":"As vendas financiadas de ve\u00edculos cresceram 12,8% no primeiro trimestre de 2026 na compara\u00e7\u00e3o com o mesmo per\u00edodo do ano passado. Ao todo foram concedidos cr\u00e9ditos na compra de 1,89 milh\u00e3o de unidades. A soma inclui autom\u00f3veis leves, motos e ve\u00edculos pesados, considerando novos e usados. Segundo o balan\u00e7o feito\u2026","rel":"","context":"In &quot;Not\u00edcias de Ribeir\u00e3o Preto-SP e Regi\u00e3o&quot;","block_context":{"text":"Not\u00edcias de Ribeir\u00e3o Preto-SP e Regi\u00e3o","link":"https:\/\/noticiasribeiraopreto.com.br\/index.php\/category\/noticias-de-ribeirao-preto-sp-e-regiao-ismael-colosi\/"},"img":{"alt_text":"","src":"https:\/\/i0.wp.com\/noticiasribeiraopreto.com.br\/wp-content\/uploads\/2026\/04\/1500mc_0062.jpg?fit=1170%2C700&ssl=1&resize=350%2C200","width":350,"height":200,"srcset":"https:\/\/i0.wp.com\/noticiasribeiraopreto.com.br\/wp-content\/uploads\/2026\/04\/1500mc_0062.jpg?fit=1170%2C700&ssl=1&resize=350%2C200 1x, https:\/\/i0.wp.com\/noticiasribeiraopreto.com.br\/wp-content\/uploads\/2026\/04\/1500mc_0062.jpg?fit=1170%2C700&ssl=1&resize=525%2C300 1.5x, https:\/\/i0.wp.com\/noticiasribeiraopreto.com.br\/wp-content\/uploads\/2026\/04\/1500mc_0062.jpg?fit=1170%2C700&ssl=1&resize=700%2C400 2x, https:\/\/i0.wp.com\/noticiasribeiraopreto.com.br\/wp-content\/uploads\/2026\/04\/1500mc_0062.jpg?fit=1170%2C700&ssl=1&resize=1050%2C600 3x"},"classes":[]},{"id":83250,"url":"https:\/\/noticiasribeiraopreto.com.br\/index.php\/2026\/03\/13\/familia-procura-mulher-e-filha-desaparecidas-em-sorocaba\/","url_meta":{"origin":83144,"position":4},"title":"Fam\u00edlia procura mulher e filha desaparecidas em Sorocaba","author":"noticiasribeiraopreto.com.br","date":"13 de March de 2026","format":false,"excerpt":"\r Segundo a m\u00e3e, sua filha veio com a neta a convite de um homem que conheceu pelas redes sociais e seria residente na regi\u00e3o de RP\r \r 13 de mar\u00e7o de 2026 13:04 \r Compartilhar2 A fam\u00edlia de Maria Vit\u00f3ria Fontes Sousa, de 22 anos, est\u00e1 \u00e0 sua procura.\u2026","rel":"","context":"In &quot;Not\u00edcias de Ribeir\u00e3o Preto-SP e Regi\u00e3o&quot;","block_context":{"text":"Not\u00edcias de Ribeir\u00e3o Preto-SP e Regi\u00e3o","link":"https:\/\/noticiasribeiraopreto.com.br\/index.php\/category\/noticias-de-ribeirao-preto-sp-e-regiao-ismael-colosi\/"},"img":{"alt_text":"","src":"https:\/\/i0.wp.com\/noticiasribeiraopreto.com.br\/wp-content\/uploads\/2026\/03\/13-mar-2026-desaparecidasorocaba.jpg?fit=585%2C780&ssl=1&resize=350%2C200","width":350,"height":200,"srcset":"https:\/\/i0.wp.com\/noticiasribeiraopreto.com.br\/wp-content\/uploads\/2026\/03\/13-mar-2026-desaparecidasorocaba.jpg?fit=585%2C780&ssl=1&resize=350%2C200 1x, https:\/\/i0.wp.com\/noticiasribeiraopreto.com.br\/wp-content\/uploads\/2026\/03\/13-mar-2026-desaparecidasorocaba.jpg?fit=585%2C780&ssl=1&resize=525%2C300 1.5x"},"classes":[]},{"id":85093,"url":"https:\/\/noticiasribeiraopreto.com.br\/index.php\/2026\/04\/21\/preco-medio-do-frete-sobe-336-em-marco\/","url_meta":{"origin":83144,"position":5},"title":"Pre\u00e7o m\u00e9dio do frete \u2028sobe 3,36% em mar\u00e7o","author":"noticiasribeiraopreto.com.br","date":"21 de April de 2026","format":false,"excerpt":"\r \r \r 21 de abril de 2026 14:2321 de abril de 2026 11:25 \r Compartilhar0 O pre\u00e7o m\u00e9dio do frete rodovi\u00e1rio por quil\u00f4metro rodado no Brasil fechou mar\u00e7o em R$ 7,99, alta de 3,36% em rela\u00e7\u00e3o a fevereiro (R$ 7,73), segundo a mais recente an\u00e1lise do \u00cdndice de Frete\u2026","rel":"","context":"In &quot;Not\u00edcias de Ribeir\u00e3o Preto-SP e Regi\u00e3o&quot;","block_context":{"text":"Not\u00edcias de Ribeir\u00e3o Preto-SP e Regi\u00e3o","link":"https:\/\/noticiasribeiraopreto.com.br\/index.php\/category\/noticias-de-ribeirao-preto-sp-e-regiao-ismael-colosi\/"},"img":{"alt_text":"","src":"https:\/\/i0.wp.com\/noticiasribeiraopreto.com.br\/wp-content\/uploads\/2026\/04\/Frete-Paulo-Whitaker-Reuters.jpg?fit=1170%2C700&ssl=1&resize=350%2C200","width":350,"height":200,"srcset":"https:\/\/i0.wp.com\/noticiasribeiraopreto.com.br\/wp-content\/uploads\/2026\/04\/Frete-Paulo-Whitaker-Reuters.jpg?fit=1170%2C700&ssl=1&resize=350%2C200 1x, https:\/\/i0.wp.com\/noticiasribeiraopreto.com.br\/wp-content\/uploads\/2026\/04\/Frete-Paulo-Whitaker-Reuters.jpg?fit=1170%2C700&ssl=1&resize=525%2C300 1.5x, https:\/\/i0.wp.com\/noticiasribeiraopreto.com.br\/wp-content\/uploads\/2026\/04\/Frete-Paulo-Whitaker-Reuters.jpg?fit=1170%2C700&ssl=1&resize=700%2C400 2x, https:\/\/i0.wp.com\/noticiasribeiraopreto.com.br\/wp-content\/uploads\/2026\/04\/Frete-Paulo-Whitaker-Reuters.jpg?fit=1170%2C700&ssl=1&resize=1050%2C600 3x"},"classes":[]}],"jetpack_sharing_enabled":true,"jetpack_shortlink":"https:\/\/wp.me\/peQAOb-lD2","_links":{"self":[{"href":"https:\/\/noticiasribeiraopreto.com.br\/index.php\/wp-json\/wp\/v2\/posts\/83144","targetHints":{"allow":["GET"]}}],"collection":[{"href":"https:\/\/noticiasribeiraopreto.com.br\/index.php\/wp-json\/wp\/v2\/posts"}],"about":[{"href":"https:\/\/noticiasribeiraopreto.com.br\/index.php\/wp-json\/wp\/v2\/types\/post"}],"author":[{"embeddable":true,"href":"https:\/\/noticiasribeiraopreto.com.br\/index.php\/wp-json\/wp\/v2\/users\/1"}],"replies":[{"embeddable":true,"href":"https:\/\/noticiasribeiraopreto.com.br\/index.php\/wp-json\/wp\/v2\/comments?post=83144"}],"version-history":[{"count":0,"href":"https:\/\/noticiasribeiraopreto.com.br\/index.php\/wp-json\/wp\/v2\/posts\/83144\/revisions"}],"wp:featuredmedia":[{"embeddable":true,"href":"https:\/\/noticiasribeiraopreto.com.br\/index.php\/wp-json\/wp\/v2\/media\/83145"}],"wp:attachment":[{"href":"https:\/\/noticiasribeiraopreto.com.br\/index.php\/wp-json\/wp\/v2\/media?parent=83144"}],"wp:term":[{"taxonomy":"category","embeddable":true,"href":"https:\/\/noticiasribeiraopreto.com.br\/index.php\/wp-json\/wp\/v2\/categories?post=83144"},{"taxonomy":"post_tag","embeddable":true,"href":"https:\/\/noticiasribeiraopreto.com.br\/index.php\/wp-json\/wp\/v2\/tags?post=83144"}],"curies":[{"name":"wp","href":"https:\/\/api.w.org\/{rel}","templated":true}]}}