{"id":83146,"date":"2026-03-10T18:26:29","date_gmt":"2026-03-10T21:26:29","guid":{"rendered":"https:\/\/noticiasribeiraopreto.com.br\/index.php\/2026\/03\/10\/colina-vice-de-colina-diz-que-agiu-em-legitima-defesa\/"},"modified":"2026-03-10T18:26:29","modified_gmt":"2026-03-10T21:26:29","slug":"colina-vice-de-colina-diz-que-agiu-em-legitima-defesa","status":"publish","type":"post","link":"https:\/\/noticiasribeiraopreto.com.br\/index.php\/2026\/03\/10\/colina-vice-de-colina-diz-que-agiu-em-legitima-defesa\/","title":{"rendered":"Colina &#8211; Vice de Colina diz que agiu em leg\u00edtima defesa"},"content":{"rendered":"<div class='code-block code-block-1' style='margin: 8px 0 8px auto; text-align: right; display: block; clear: both;'>\n<p><a href=\"https:\/\/wa.link\/vpicfd\"><img data-recalc-dims=\"1\" class=\"wp-image-4922\" style=\"aspect-ratio: 2.0253164556962027; width: 561px; height: auto;\" src=\"https:\/\/i0.wp.com\/ismaelcolosi.com.br\/wp-content\/uploads\/2023\/11\/grupo-de-empregos-whatsapp-e-facebook-ismael-colosi-vagas.jpg?ssl=1\" alt=\"\" \/><\/a><\/p>\n<!-- \/wp:image -->\n<\/div>\n<p> <br \/>\n<\/p>\n<div id=\"\">&#13;<br \/>\n\t\t\t\t\t\t\t\t&#13;<\/p>\n<p>&#13;<br \/>\n\t\t\t\t\t\t\t\t\t<span class=\"entry-meta-item penci-posted-on\"><i class=\"fa fa-clock-o\"\/><time class=\"entry-date published updated\" datetime=\"2026-03-10T18:19:59-03:00\">10 de mar\u00e7o de 2026 18:19<\/time><\/span><span class=\"entry-meta-item penci-post-countview\"\/>\t\t\t\t\t\t\t\t<\/p>\n<p><!-- .entry-meta -->&#13;<br \/>\n\t\t\t\t\t\t\t\t<span class=\"penci-social-buttons penci-social-share-footer\"><span class=\"penci-social-share-text\">Compartilhar<\/span><a href=\"#\" class=\"penci-post-like penci_post-meta_item  single-like-button penci-social-item like\" data-post_id=\"456982\" title=\"Like\" data-like=\"Like\" data-unlike=\"Unlike\"><i class=\"fa fa-thumbs-o-up\"\/><span class=\"penci-share-number\">0<\/span><\/a><i class=\"fa fa-facebook\"\/><a class=\"penci-social-item twitter\" target=\"_blank\" rel=\"noopener\" title=\"\" href=\"https:\/\/twitter.com\/intent\/tweet?text=Colina%20-%20Vice%20de%20Colina%20diz%20que%20agiu%20em%20leg\u00edtima%20defesa%20-%20https:\/\/www.tribunaribeirao.com.br\/colina-vice-de-colina-diz-que-agiu-em-legitima-defesa\/\"><i class=\"fa fa-twitter\"\/><\/a><i class=\"fa fa-linkedin\"\/><i class=\"fa fa-whatsapp\"\/><i class=\"fa fa-telegram\"\/><i class=\"fa fa-envelope\"\/><\/span>\t\t\t\t\t\t\t<\/div>\n<div>\n<p>Rafael Corr\u00eaa Rodrigues (PP), vice-prefeito da cidade de Colina, na macrorregi\u00e3o de Ribeir\u00e3o Preto, suspeito de atirar no advogado Marcos Aur\u00e9lio Abe na noite de domingo (8), no Jardim Universal, se apresentou na Delegacia de Pol\u00edcia Civil de Barretos na tarde desta ter\u00e7a-feira, 10 de mar\u00e7o.<\/p>\n<p>Rafael Maring\u00e1, como \u00e9 conhecido, alega leg\u00edtima defesa. Ele dep\u00f4s nesta ter\u00e7a-feira. A v\u00edtima, de 45 anos, foi socorrida e est\u00e1 internada em estado grave na Santa Casa de Barretos. A defesa do vice-prefeito emitiu nota sobre o ocorrido.<\/p>\n<p>\u201cA v\u00edtima teria feito um gesto na cintura e colocado a m\u00e3o no port\u00e3o, tentando invadir o local. Diante da situa\u00e7\u00e3o, o vice-prefeito Rafael Maring\u00e1 efetuou um disparo de arma de fogo, inicialmente com a inten\u00e7\u00e3o de advert\u00eancia\u201d, diz a defesa na nota.<\/p>\n<p>\u201cNo entanto, infelizmente, o proj\u00e9til acabou atingindo a v\u00edtima na regi\u00e3o abaixo do bra\u00e7o, na axila, no momento em que ela estava com uma das m\u00e3os no port\u00e3o e a outra na cintura\u201d, informa a defesa do vice-prefeito.<\/p>\n<p>Os policiais militares que atenderam a ocorr\u00eancia encontraram manchas de sangue no banco do motorista do carro branco onde Abe estava. Entretanto, o vice-prefeito n\u00e3o estava mais no local quando os policiais chegaram. O disparo atingiu a regi\u00e3o da axila direita do advogado, que foi casado com uma cunhada de Rafael Maring\u00e1.<\/p>\n<p>A v\u00edtima tamb\u00e9m pratica artes marciais e \u00e9 professor de jiu-jitsu. At\u00e9 a tarde de ontem ainda n\u00e3o havia sido submetida \u00e0 cirurgia devido \u00e1 gravidade do ferimento. Nesta ter\u00e7a-feira, cinco testemunhas foram ouvidas, entre elas a namorada de Marco Aur\u00e9lio Abe.<\/p>\n<p>A prefeitura de Colina emitiu uma nota em que afirma que a situa\u00e7\u00e3o envolve uma quest\u00e3o de natureza pessoal, sem rela\u00e7\u00e3o com a gest\u00e3o administrativa ou atividades do poder p\u00fablico. O vice-prefeito estava sendo procurado pela Pol\u00edcia Civil e era considerado foragido.<\/p>\n<\/div>\n<p><script async src=\"\/\/platform.twitter.com\/widgets.js\" charset=\"utf-8\"><\/script><br \/>\n<br \/><br \/>\n<br \/><a href=\"https:\/\/www.tribunaribeirao.com.br\/colina-vice-de-colina-diz-que-agiu-em-legitima-defesa\/\">Source link <\/a><\/p>\n<!-- CONTENT END 1 -->\n","protected":false},"excerpt":{"rendered":"<p>&#13; &#13; &#13; 10 de mar\u00e7o de 2026 18:19 &#13; Compartilhar0 Rafael Corr\u00eaa Rodrigues (PP), vice-prefeito da cidade de Colina, na macrorregi\u00e3o de Ribeir\u00e3o Preto,&#8230;<\/p>\n","protected":false},"author":1,"featured_media":83147,"comment_status":"open","ping_status":"open","sticky":false,"template":"","format":"standard","meta":{"advanced_seo_description":"","jetpack_seo_html_title":"","jetpack_seo_noindex":false,"jetpack_post_was_ever_published":false,"_jetpack_newsletter_access":"","_jetpack_dont_email_post_to_subs":false,"_jetpack_newsletter_tier_id":0,"_jetpack_memberships_contains_paywalled_content":false,"_jetpack_memberships_contains_paid_content":false,"footnotes":"","jetpack_publicize_message":"","jetpack_publicize_feature_enabled":true,"jetpack_social_post_already_shared":true,"jetpack_social_options":{"image_generator_settings":{"template":"highway","default_image_id":0,"font":"","enabled":false},"version":2}},"categories":[11],"tags":[],"class_list":["post-83146","post","type-post","status-publish","format-standard","has-post-thumbnail","hentry","category-noticias-de-ribeirao-preto-sp-e-regiao-ismael-colosi"],"jetpack_publicize_connections":[],"jetpack_featured_media_url":"https:\/\/i0.wp.com\/noticiasribeiraopreto.com.br\/wp-content\/uploads\/2026\/03\/colina.jpeg?fit=600%2C376&ssl=1","jetpack-related-posts":[{"id":15695,"url":"https:\/\/noticiasribeiraopreto.com.br\/index.php\/2023\/12\/14\/novo-concurso-publico-em-colinas-to-oportunidades-e-inscricoes\/","url_meta":{"origin":83146,"position":0},"title":"Novo concurso p\u00fablico em Colinas (TO): Oportunidades e inscri\u00e7\u00f5es","author":"noticiasribeiraopreto.com.br","date":"14 de December de 2023","format":false,"excerpt":"Cr\u00e9ditos: IStockNovo Concurso P\u00fablico em Colinas A C\u00e2mara Municipal de Colinas, localizada no estado do Tocantins, acaba de divulgar o edital 001\/2023 para seu pr\u00f3ximo concurso p\u00fablico, oferecendo um total de 39 vagas entre oportunidades imediatas e para cadastro reserva. As vagas s\u00e3o direcionadas a profissionais com diferentes n\u00edveis de\u2026","rel":"","context":"In &quot;Variedades&quot;","block_context":{"text":"Variedades","link":"https:\/\/noticiasribeiraopreto.com.br\/index.php\/category\/variedades\/"},"img":{"alt_text":"","src":"https:\/\/i0.wp.com\/noticiasribeiraopreto.com.br\/wp-content\/uploads\/2023\/12\/istock-470803841.jpg?fit=1200%2C638&ssl=1&resize=350%2C200","width":350,"height":200,"srcset":"https:\/\/i0.wp.com\/noticiasribeiraopreto.com.br\/wp-content\/uploads\/2023\/12\/istock-470803841.jpg?fit=1200%2C638&ssl=1&resize=350%2C200 1x, https:\/\/i0.wp.com\/noticiasribeiraopreto.com.br\/wp-content\/uploads\/2023\/12\/istock-470803841.jpg?fit=1200%2C638&ssl=1&resize=525%2C300 1.5x, https:\/\/i0.wp.com\/noticiasribeiraopreto.com.br\/wp-content\/uploads\/2023\/12\/istock-470803841.jpg?fit=1200%2C638&ssl=1&resize=700%2C400 2x, https:\/\/i0.wp.com\/noticiasribeiraopreto.com.br\/wp-content\/uploads\/2023\/12\/istock-470803841.jpg?fit=1200%2C638&ssl=1&resize=1050%2C600 3x"},"classes":[]},{"id":72336,"url":"https:\/\/noticiasribeiraopreto.com.br\/index.php\/2025\/06\/16\/motorista-de-carro-morre-apos-batida-com-onibus-de-trabalhadores-rurais\/","url_meta":{"origin":83146,"position":1},"title":"Motorista de carro morre ap\u00f3s batida com \u00f4nibus de trabalhadores rurais","author":"noticiasribeiraopreto.com.br","date":"16 de June de 2025","format":false,"excerpt":"O motorista de um carro morreu na manh\u00e3 desta segunda-feira (16), depois de se envolver em uma batida com um com \u00f4nibus de transporte de trabalhadores rurais, na estrada vicinal Ren\u00ea Vaz de Almeida, em Colina, a 100 quil\u00f4metros de Ribeir\u00e3o Preto. Segundo informa\u00e7\u00f5es, com o impacto da colis\u00e3o frontal,\u2026","rel":"","context":"In &quot;Not\u00edcias de Ribeir\u00e3o Preto-SP e Regi\u00e3o&quot;","block_context":{"text":"Not\u00edcias de Ribeir\u00e3o Preto-SP e Regi\u00e3o","link":"https:\/\/noticiasribeiraopreto.com.br\/index.php\/category\/noticias-de-ribeirao-preto-sp-e-regiao-ismael-colosi\/"},"img":{"alt_text":"","src":"https:\/\/i0.wp.com\/noticiasribeiraopreto.com.br\/wp-content\/uploads\/2025\/06\/ACIDENTE_2025-06-16_13-19-47.webp.webp?fit=1200%2C686&ssl=1&resize=350%2C200","width":350,"height":200,"srcset":"https:\/\/i0.wp.com\/noticiasribeiraopreto.com.br\/wp-content\/uploads\/2025\/06\/ACIDENTE_2025-06-16_13-19-47.webp.webp?fit=1200%2C686&ssl=1&resize=350%2C200 1x, https:\/\/i0.wp.com\/noticiasribeiraopreto.com.br\/wp-content\/uploads\/2025\/06\/ACIDENTE_2025-06-16_13-19-47.webp.webp?fit=1200%2C686&ssl=1&resize=525%2C300 1.5x, https:\/\/i0.wp.com\/noticiasribeiraopreto.com.br\/wp-content\/uploads\/2025\/06\/ACIDENTE_2025-06-16_13-19-47.webp.webp?fit=1200%2C686&ssl=1&resize=700%2C400 2x, https:\/\/i0.wp.com\/noticiasribeiraopreto.com.br\/wp-content\/uploads\/2025\/06\/ACIDENTE_2025-06-16_13-19-47.webp.webp?fit=1200%2C686&ssl=1&resize=1050%2C600 3x"},"classes":[]},{"id":15540,"url":"https:\/\/noticiasribeiraopreto.com.br\/index.php\/2023\/12\/13\/concurso-publico-da-camara-de-colinas-oferece-remuneracao-de-ate-r-45-mil\/","url_meta":{"origin":83146,"position":2},"title":"Concurso p\u00fablico da C\u00e2mara de Colinas oferece remunera\u00e7\u00e3o de at\u00e9 R$ 4,5 mil","author":"noticiasribeiraopreto.com.br","date":"13 de December de 2023","format":false,"excerpt":"Cr\u00e9ditos: IStockConcurso P\u00fablico da C\u00e2mara de A C\u00e2mara de Colinas, no estado do\u00a0Tocantins, anuncia edital de 001\/2023 para concurso p\u00fablico, com a finalidade de abrir 39 vagas, dentre imediatas e cadastro reserva destinadas a profissionais com grau de escolaridade superior, fundamental e m\u00e9dio. A remunera\u00e7\u00e3o oferecida em concurso p\u00fablico aos\u2026","rel":"","context":"In &quot;Variedades&quot;","block_context":{"text":"Variedades","link":"https:\/\/noticiasribeiraopreto.com.br\/index.php\/category\/variedades\/"},"img":{"alt_text":"","src":"https:\/\/i0.wp.com\/noticiasribeiraopreto.com.br\/wp-content\/uploads\/2023\/12\/istock-466007306.jpg?fit=1200%2C638&ssl=1&resize=350%2C200","width":350,"height":200,"srcset":"https:\/\/i0.wp.com\/noticiasribeiraopreto.com.br\/wp-content\/uploads\/2023\/12\/istock-466007306.jpg?fit=1200%2C638&ssl=1&resize=350%2C200 1x, https:\/\/i0.wp.com\/noticiasribeiraopreto.com.br\/wp-content\/uploads\/2023\/12\/istock-466007306.jpg?fit=1200%2C638&ssl=1&resize=525%2C300 1.5x, https:\/\/i0.wp.com\/noticiasribeiraopreto.com.br\/wp-content\/uploads\/2023\/12\/istock-466007306.jpg?fit=1200%2C638&ssl=1&resize=700%2C400 2x, https:\/\/i0.wp.com\/noticiasribeiraopreto.com.br\/wp-content\/uploads\/2023\/12\/istock-466007306.jpg?fit=1200%2C638&ssl=1&resize=1050%2C600 3x"},"classes":[]},{"id":60586,"url":"https:\/\/noticiasribeiraopreto.com.br\/index.php\/2024\/11\/19\/policia-civil-prende-em-ribeirao-suspeito-de-roubo-de-fios-que-deixou-cidade-sem-agua-na-regiao\/","url_meta":{"origin":83146,"position":3},"title":"Pol\u00edcia Civil prende em Ribeir\u00e3o suspeito de roubo de fios que deixou cidade sem \u00e1gua na regi\u00e3o","author":"noticiasribeiraopreto.com.br","date":"19 de November de 2024","format":false,"excerpt":"A Pol\u00edcia Civil prendeu nesta ter\u00e7a-feira (19), em Ribeir\u00e3o Preto, um homem de 23 anos suspeito de roubo de fios do principal reservat\u00f3rio de \u00e1gua no munic\u00edpio de Colina, na regi\u00e3o. O crime ocorreu na madrugada de 4 de setembro deste ano, na Vila Ol\u00edmpica, e prejudicou por dois dias\u2026","rel":"","context":"In &quot;Not\u00edcias de Ribeir\u00e3o Preto-SP e Regi\u00e3o&quot;","block_context":{"text":"Not\u00edcias de Ribeir\u00e3o Preto-SP e Regi\u00e3o","link":"https:\/\/noticiasribeiraopreto.com.br\/index.php\/category\/noticias-de-ribeirao-preto-sp-e-regiao-ismael-colosi\/"},"img":{"alt_text":"","src":"https:\/\/i0.wp.com\/noticiasribeiraopreto.com.br\/wp-content\/uploads\/2024\/11\/1732015651_cpj_policia_1200x675_30012022162443.jpg?fit=1200%2C675&ssl=1&resize=350%2C200","width":350,"height":200,"srcset":"https:\/\/i0.wp.com\/noticiasribeiraopreto.com.br\/wp-content\/uploads\/2024\/11\/1732015651_cpj_policia_1200x675_30012022162443.jpg?fit=1200%2C675&ssl=1&resize=350%2C200 1x, https:\/\/i0.wp.com\/noticiasribeiraopreto.com.br\/wp-content\/uploads\/2024\/11\/1732015651_cpj_policia_1200x675_30012022162443.jpg?fit=1200%2C675&ssl=1&resize=525%2C300 1.5x, https:\/\/i0.wp.com\/noticiasribeiraopreto.com.br\/wp-content\/uploads\/2024\/11\/1732015651_cpj_policia_1200x675_30012022162443.jpg?fit=1200%2C675&ssl=1&resize=700%2C400 2x, https:\/\/i0.wp.com\/noticiasribeiraopreto.com.br\/wp-content\/uploads\/2024\/11\/1732015651_cpj_policia_1200x675_30012022162443.jpg?fit=1200%2C675&ssl=1&resize=1050%2C600 3x"},"classes":[]},{"id":82440,"url":"https:\/\/noticiasribeiraopreto.com.br\/index.php\/2026\/02\/14\/novo-hospital-regional-de-franca-abre-13-mil-vagas-de-emprego-confira\/","url_meta":{"origin":83146,"position":4},"title":"Novo Hospital Regional de Franca abre 1,3 mil vagas de emprego; Confira","author":"noticiasribeiraopreto.com.br","date":"14 de February de 2026","format":false,"excerpt":"O Hospital Regional Tr\u00eas Colinas, em Franca, inicia nesta sexta-feira (13) o processo seletivo para contrata\u00e7\u00e3o de 1,3 mil profissionais. A nova unidade ser\u00e1 gerenciada pela Faepa (Funda\u00e7\u00e3o de Apoio ao Ensino, Pesquisa e Assist\u00eancia do Hospital das Cl\u00ednicas da Faculdade de Medicina de Ribeir\u00e3o Preto). As vagas s\u00e3o para\u2026","rel":"","context":"In &quot;Not\u00edcias de Ribeir\u00e3o Preto-SP e Regi\u00e3o&quot;","block_context":{"text":"Not\u00edcias de Ribeir\u00e3o Preto-SP e Regi\u00e3o","link":"https:\/\/noticiasribeiraopreto.com.br\/index.php\/category\/noticias-de-ribeirao-preto-sp-e-regiao-ismael-colosi\/"},"img":{"alt_text":"","src":"https:\/\/i0.wp.com\/noticiasribeiraopreto.com.br\/wp-content\/uploads\/2026\/02\/hospital-tres-colinas-franca_2026-02-13_17-41-41.webp.webp?fit=1200%2C800&ssl=1&resize=350%2C200","width":350,"height":200,"srcset":"https:\/\/i0.wp.com\/noticiasribeiraopreto.com.br\/wp-content\/uploads\/2026\/02\/hospital-tres-colinas-franca_2026-02-13_17-41-41.webp.webp?fit=1200%2C800&ssl=1&resize=350%2C200 1x, https:\/\/i0.wp.com\/noticiasribeiraopreto.com.br\/wp-content\/uploads\/2026\/02\/hospital-tres-colinas-franca_2026-02-13_17-41-41.webp.webp?fit=1200%2C800&ssl=1&resize=525%2C300 1.5x, https:\/\/i0.wp.com\/noticiasribeiraopreto.com.br\/wp-content\/uploads\/2026\/02\/hospital-tres-colinas-franca_2026-02-13_17-41-41.webp.webp?fit=1200%2C800&ssl=1&resize=700%2C400 2x, https:\/\/i0.wp.com\/noticiasribeiraopreto.com.br\/wp-content\/uploads\/2026\/02\/hospital-tres-colinas-franca_2026-02-13_17-41-41.webp.webp?fit=1200%2C800&ssl=1&resize=1050%2C600 3x"},"classes":[]},{"id":83296,"url":"https:\/\/noticiasribeiraopreto.com.br\/index.php\/2026\/03\/15\/morre-advogado-baleado-na-regiao-de-ribeirao-preto-vice-prefeito-e-suspeito\/","url_meta":{"origin":83146,"position":5},"title":"Morre advogado baleado na regi\u00e3o de Ribeir\u00e3o Preto; Vice-prefeito \u00e9 suspeito","author":"noticiasribeiraopreto.com.br","date":"15 de March de 2026","format":false,"excerpt":"O advogado e professor de jiu-jitsu\u00a0Marcos Aur\u00e9lio Abe, de 46 anos, morreu na madrugada deste s\u00e1bado (14), depois de ter sido baleado na noite do \u00faltimo domingo (8), em Colina, a 100 quil\u00f4metros de Ribeir\u00e3o Preto. Ele estava internado em estado grave na Santa Casa de Barretos. O\u00a0vice-prefeito de Colina,\u00a0Rafael\u2026","rel":"","context":"In &quot;Not\u00edcias de Ribeir\u00e3o Preto-SP e Regi\u00e3o&quot;","block_context":{"text":"Not\u00edcias de Ribeir\u00e3o Preto-SP e Regi\u00e3o","link":"https:\/\/noticiasribeiraopreto.com.br\/index.php\/category\/noticias-de-ribeirao-preto-sp-e-regiao-ismael-colosi\/"},"img":{"alt_text":"","src":"https:\/\/i0.wp.com\/noticiasribeiraopreto.com.br\/wp-content\/uploads\/2026\/03\/WhatsApp-Image-2026-03-14-at-11.37.25_2026-03-14_14-38-01.webp.webp?fit=1200%2C741&ssl=1&resize=350%2C200","width":350,"height":200,"srcset":"https:\/\/i0.wp.com\/noticiasribeiraopreto.com.br\/wp-content\/uploads\/2026\/03\/WhatsApp-Image-2026-03-14-at-11.37.25_2026-03-14_14-38-01.webp.webp?fit=1200%2C741&ssl=1&resize=350%2C200 1x, https:\/\/i0.wp.com\/noticiasribeiraopreto.com.br\/wp-content\/uploads\/2026\/03\/WhatsApp-Image-2026-03-14-at-11.37.25_2026-03-14_14-38-01.webp.webp?fit=1200%2C741&ssl=1&resize=525%2C300 1.5x, https:\/\/i0.wp.com\/noticiasribeiraopreto.com.br\/wp-content\/uploads\/2026\/03\/WhatsApp-Image-2026-03-14-at-11.37.25_2026-03-14_14-38-01.webp.webp?fit=1200%2C741&ssl=1&resize=700%2C400 2x, https:\/\/i0.wp.com\/noticiasribeiraopreto.com.br\/wp-content\/uploads\/2026\/03\/WhatsApp-Image-2026-03-14-at-11.37.25_2026-03-14_14-38-01.webp.webp?fit=1200%2C741&ssl=1&resize=1050%2C600 3x"},"classes":[]}],"jetpack_sharing_enabled":true,"jetpack_shortlink":"https:\/\/wp.me\/peQAOb-lD4","_links":{"self":[{"href":"https:\/\/noticiasribeiraopreto.com.br\/index.php\/wp-json\/wp\/v2\/posts\/83146","targetHints":{"allow":["GET"]}}],"collection":[{"href":"https:\/\/noticiasribeiraopreto.com.br\/index.php\/wp-json\/wp\/v2\/posts"}],"about":[{"href":"https:\/\/noticiasribeiraopreto.com.br\/index.php\/wp-json\/wp\/v2\/types\/post"}],"author":[{"embeddable":true,"href":"https:\/\/noticiasribeiraopreto.com.br\/index.php\/wp-json\/wp\/v2\/users\/1"}],"replies":[{"embeddable":true,"href":"https:\/\/noticiasribeiraopreto.com.br\/index.php\/wp-json\/wp\/v2\/comments?post=83146"}],"version-history":[{"count":0,"href":"https:\/\/noticiasribeiraopreto.com.br\/index.php\/wp-json\/wp\/v2\/posts\/83146\/revisions"}],"wp:featuredmedia":[{"embeddable":true,"href":"https:\/\/noticiasribeiraopreto.com.br\/index.php\/wp-json\/wp\/v2\/media\/83147"}],"wp:attachment":[{"href":"https:\/\/noticiasribeiraopreto.com.br\/index.php\/wp-json\/wp\/v2\/media?parent=83146"}],"wp:term":[{"taxonomy":"category","embeddable":true,"href":"https:\/\/noticiasribeiraopreto.com.br\/index.php\/wp-json\/wp\/v2\/categories?post=83146"},{"taxonomy":"post_tag","embeddable":true,"href":"https:\/\/noticiasribeiraopreto.com.br\/index.php\/wp-json\/wp\/v2\/tags?post=83146"}],"curies":[{"name":"wp","href":"https:\/\/api.w.org\/{rel}","templated":true}]}}